{"id":1423337,"date":"2021-09-03T00:13:40","date_gmt":"2021-09-02T23:13:40","guid":{"rendered":"https:\/\/www.pressenza.com\/?p=1423337"},"modified":"2021-09-03T00:13:40","modified_gmt":"2021-09-02T23:13:40","slug":"governo-colombiano-rejeita-as-recomendacoes-da-cidh","status":"publish","type":"post","link":"https:\/\/www.pressenza.com\/pt-pt\/2021\/09\/governo-colombiano-rejeita-as-recomendacoes-da-cidh\/","title":{"rendered":"Governo colombiano rejeita as recomenda\u00e7\u00f5es da CIDH"},"content":{"rendered":"<p><i><span style=\"font-weight: 400;\">A CIDH emitiu 48 recomenda\u00e7\u00f5es ao governo colombiano para garantir os direitos dos manifestantes durante a Greve Nacional, e prop\u00f4s a cria\u00e7\u00e3o de um mecanismo especial de acompanhamento para apoiar as v\u00edtimas da viol\u00eancia estatal e as organiza\u00e7\u00f5es sociais que defendem os direitos humanos.<\/span><\/i><\/p>\n<p><span style=\"font-weight: 400;\">Antonia Urrejola Noguera, delegada da Comiss\u00e3o Interamericana de Direitos Humanos (CIDH), anunciou, durante a coletiva de imprensa na segunda-feira, 7 de julho, as recomenda\u00e7\u00f5es que fez ao Estado colombiano, ap\u00f3s ter conversado com diferentes setores sobre os acontecimentos ocorridos na Greve Nacional, que come\u00e7ou em 28 de abril e ainda mobiliza o pa\u00eds.<\/span><\/p>\n<p><span style=\"font-weight: 400;\">O organismo internacional, encarregado de zelar pelo cumprimento dos Direitos Humanos, esteve em territ\u00f3rio colombiano entre os dias 8 e 10 de junho, ap\u00f3s diversas organiza\u00e7\u00f5es e cidad\u00e3os solicitarem sua presen\u00e7a atrav\u00e9s das redes sociais, devido aos m\u00faltiplos casos de viola\u00e7\u00f5es dos direitos humanos por parte da For\u00e7a P\u00fablica (Pol\u00edcia Nacional e Esquadr\u00e3o M\u00f3vel Antimotim) contra os manifestantes.<\/span><\/p>\n<p><span style=\"font-weight: 400;\">Segundo o instituto Indepaz e a ONG Temblores, houve 73 assassinatos no \u00e2mbito das manifesta\u00e7\u00f5es da Greve Nacional; desse total, 44 est\u00e3o, supostamente, relacionados \u00e0 atua\u00e7\u00e3o da for\u00e7a p\u00fablica e 29 ainda seguem em processo de verifica\u00e7\u00e3o.<\/span><\/p>\n<p><span style=\"font-weight: 400;\">Acesse tamb\u00e9m: <\/span><a href=\"https:\/\/twitter.com\/TembloresOng\/status\/1409683926742822947\"><span style=\"font-weight: 400;\">Temblores.ong<\/span><\/a><\/p>\n<p><span style=\"font-weight: 400;\">A CIDH publicou uma declara\u00e7\u00e3o com mais de 185 pontos na qual reconhece que h\u00e1 um uso excessivo da For\u00e7a P\u00fablica nas manifesta\u00e7\u00f5es, e que h\u00e1 evid\u00eancias claras de agress\u00f5es f\u00edsicas, psicol\u00f3gicas e sexuais contra v\u00e1rios manifestantes, incluindo menores de idade, mulheres, comunidades ind\u00edgenas e afrodescendentes, jornalistas e miss\u00f5es m\u00e9dicas.<\/span><\/p>\n<p><span style=\"font-weight: 400;\">Acesse tamb\u00e9m:<\/span><a href=\"https:\/\/twitter.com\/FLIP_org\/status\/1410721834102759424\"> <span style=\"font-weight: 400;\">Funda\u00e7\u00e3o para a liberdade de imprensa<\/span><\/a><\/p>\n<p><span style=\"font-weight: 400;\">Al\u00e9m disso, a CIDH questiona e rejeita o assassinato de manifestantes e lideran\u00e7as sociais, o desaparecimento de jovens durante os protestos, a deten\u00e7\u00e3o ilegal, a elabora\u00e7\u00e3o de perfil \u00e9tnico-racial e de g\u00eanero. Esclarece tamb\u00e9m que, apesar das demandas dos manifestantes, que est\u00e3o vinculadas \u00e0s demandas estruturais e hist\u00f3ricas da sociedade colombiana, que por sua vez est\u00e3o consignadas na Constitui\u00e7\u00e3o Pol\u00edtica de 1991 e nos Acordos de Paz de 2016, o Estado colombiano ainda n\u00e3o encontrou uma solu\u00e7\u00e3o que aborde quest\u00f5es como o direito \u00e0 educa\u00e7\u00e3o, a cobertura de sa\u00fade, a alimenta\u00e7\u00e3o e o acesso ao trabalho.<\/span><\/p>\n<p><span style=\"font-weight: 400;\">Leia tamb\u00e9m:<\/span><a href=\"https:\/\/www.oas.org\/es\/cidh\/informes\/pdfs\/ObservacionesVisita_CIDH_Colombia_SPA.pdf\"> <span style=\"font-weight: 400;\">Relat\u00f3rio da CIDH para a Col\u00f4mbia<\/span><\/a><\/p>\n<p><span style=\"font-weight: 400;\">A esses eventos, a CIDH acrescenta, ainda, a espolia\u00e7\u00e3o dos camponeses de suas terras, a desigualdade na distribui\u00e7\u00e3o da riqueza, a mis\u00e9ria, a pobreza extrema, os altos n\u00edveis de viol\u00eancia e impunidade e ressalta que, em 2020, a linha de pobreza atingiu 42,54%, enquanto a linha de pobreza extrema chegou a 15%.<\/span><\/p>\n<p><span style=\"font-weight: 400;\">Por outro lado, a Comiss\u00e3o repudiou a viol\u00eancia cometida pelos manifestantes contra as for\u00e7as de seguran\u00e7a e contra o patrim\u00f4nio p\u00fablico, e indicou que existe a possibilidade de que organiza\u00e7\u00f5es ilegais e traficantes de drogas utilizem a situa\u00e7\u00e3o que se vive na Col\u00f4mbia para expandir suas redes ilegais.<\/span><\/p>\n<p><span style=\"font-weight: 400;\">A organiza\u00e7\u00e3o internacional emitiu 48 recomenda\u00e7\u00f5es, que resumimos a seguir.<\/span><\/p>\n<p><b>Recomenda\u00e7\u00f5es Gerais<\/b><\/p>\n<ol>\n<li style=\"font-weight: 400;\" aria-level=\"1\"><span style=\"font-weight: 400;\">Fortalecer a garantia e prote\u00e7\u00e3o de manifestantes, comunidades ind\u00edgenas, afrodescendente e LGBTIQ+, em especial os direitos \u00e0 sa\u00fade, alimenta\u00e7\u00e3o, educa\u00e7\u00e3o, trabalho e seguridade social, com foco na igualdade e na n\u00e3o discrimina\u00e7\u00e3o, participa\u00e7\u00e3o cidad\u00e3 e responsabiliza\u00e7\u00e3o, que favore\u00e7am a inclus\u00e3o social e a cria\u00e7\u00e3o de oportunidades.<\/span><\/li>\n<li style=\"font-weight: 400;\" aria-level=\"1\"><span style=\"font-weight: 400;\">Adotar as normas necess\u00e1rias para garantir a vida, a integridade pessoal e a seguran\u00e7a de cada uma das pessoas que participaram dos di\u00e1logos e foram testemunhas.<\/span><\/li>\n<li style=\"font-weight: 400;\" aria-level=\"1\"><span style=\"font-weight: 400;\">Estabelecer um di\u00e1logo que permita conciliar e definir as medidas com todos os participantes da Greve Nacional.<\/span><\/li>\n<\/ol>\n<p><b>Protesto social:<\/b><\/p>\n<ol>\n<li style=\"font-weight: 400;\" aria-level=\"1\"><span style=\"font-weight: 400;\">O Estado deve respeitar e garantir o pleno gozo do direito a protestar, \u00e0 liberdade de express\u00e3o, \u00e0 reuni\u00e3o pac\u00edfica e \u00e0 participa\u00e7\u00e3o pol\u00edtica de toda a popula\u00e7\u00e3o.<\/span><\/li>\n<li style=\"font-weight: 400;\" aria-level=\"1\"><span style=\"font-weight: 400;\">Os funcion\u00e1rios p\u00fablicos devem se abster de fazer declara\u00e7\u00f5es que estigmatizem ou incitem a viol\u00eancia contra as pessoas que participam das manifesta\u00e7\u00f5es e protestos, especialmente jovens, povos ind\u00edgenas, afrodescendentes, mulheres, membros da comunidade LGBTIQ+ e defensores dos direitos humanos.<\/span><\/li>\n<\/ol>\n<p><b>O uso excessivo e desproporcional da for\u00e7a durante protestos:<\/b><\/p>\n<ol>\n<li style=\"font-weight: 400;\" aria-level=\"1\"><span style=\"font-weight: 400;\">Refor\u00e7ar e reestruturar os processos de educa\u00e7\u00e3o, forma\u00e7\u00e3o e qualifica\u00e7\u00e3o dos membros das for\u00e7as de seguran\u00e7a do Estado, incluindo uma abordagem tanto \u00e9tnico-racial e de g\u00eanero quanto dos direitos das pessoas com orienta\u00e7\u00e3o sexual e identidades de g\u00eanero n\u00e3o normativas.<\/span><\/li>\n<li style=\"font-weight: 400;\" aria-level=\"1\"><span style=\"font-weight: 400;\">Separar a Pol\u00edcia Nacional e o Esquadr\u00e3o M\u00f3vel Antimotim (ESMAD) do Minist\u00e9rio da Defesa, a fim de garantir uma estrutura que consolide e preserve a seguran\u00e7a, com o enfoque na cidadania e nos direitos humanos e evitando qualquer possibilidade de solu\u00e7\u00e3o pela via militar.<\/span><\/li>\n<li style=\"font-weight: 400;\" aria-level=\"1\"><span style=\"font-weight: 400;\">Assegurar que as for\u00e7as de seguran\u00e7a, que interv\u00eam para proteger e controlar o desenvolvimento das manifesta\u00e7\u00f5es e protestos, tenham como prioridade a defesa da vida e integridade das pessoas, abstendo-se de deter arbitrariamente manifestantes ou de violar seus direitos de qualquer outra forma, de acordo com os protocolos atuais.<\/span><\/li>\n<li style=\"font-weight: 400;\" aria-level=\"1\"><span style=\"font-weight: 400;\">Implantar de imediato mecanismos para proibir efetivamente o uso de for\u00e7a letal como recurso em manifesta\u00e7\u00f5es p\u00fablicas.<\/span><\/li>\n<\/ol>\n<p><b>Viol\u00eancia de g\u00eanero durante protestos:<\/b><\/p>\n<ol>\n<li style=\"font-weight: 400;\" aria-level=\"1\"><span style=\"font-weight: 400;\">Adotar as medidas necess\u00e1rias para fortalecer os mecanismos de acesso \u00e0 justi\u00e7a para mulheres, meninas e pessoas LGBTIQ+ que foram v\u00edtimas de viol\u00eancia de g\u00eanero no contexto dos protestos sociais, incluindo mecanismos de den\u00fancia, aten\u00e7\u00e3o, investiga\u00e7\u00e3o e repara\u00e7\u00e3o com uma perspectiva diferenciada, de proximidade e de aten\u00e7\u00e3o por pessoal especializado.<\/span><\/li>\n<\/ol>\n<p><b>Viol\u00eancia baseada na discrimina\u00e7\u00e3o \u00e9tnico-racial (povos ind\u00edgenas, afrodescendentes e comunidades tribais):<\/b><\/p>\n<ol>\n<li style=\"font-weight: 400;\" aria-level=\"1\"><span style=\"font-weight: 400;\">Adotar todas as medidas razo\u00e1veis e positivas necess\u00e1rias para prevenir, eliminar e reverter, ou alterar situa\u00e7\u00f5es discriminat\u00f3rias que perpetuem a estigmatiza\u00e7\u00e3o, o preconceito, as pr\u00e1ticas intolerantes e a criminaliza\u00e7\u00e3o contra as pessoas devido \u00e0 sua origem \u00e9tnico-racial, identidade de g\u00eanero, status de imigra\u00e7\u00e3o, origem nacional ou qualquer outra situa\u00e7\u00e3o que atua na deteriora\u00e7\u00e3o de sua dignidade humana.<\/span><\/li>\n<\/ol>\n<p><b>O uso da figura policial de translado para prote\u00e7\u00e3o e desaparecimento de pessoas:<\/b><\/p>\n<ol>\n<li style=\"font-weight: 400;\" aria-level=\"1\"><span style=\"font-weight: 400;\">Tomar as medidas necess\u00e1rias para restringir o uso da figura policial que translada pessoas ao Centro de Translado para Prote\u00e7\u00e3o (CTP), para proteg\u00ea-las em situa\u00e7\u00f5es de fragilidade ou vulnerabilidade, sejam circunstanciais ou permanentes, de acordo com o C\u00f3digo Nacional de Pol\u00edcia e Conviv\u00eancia Cidad\u00e3. Da mesma forma, abster-se de usar essa figura policial de forma generalizada no \u00e2mbito de protestos e manifesta\u00e7\u00f5es.<\/span><\/li>\n<li style=\"font-weight: 400;\" aria-level=\"1\"><span style=\"font-weight: 400;\">Garantir o direito ao devido processo para as pessoas detidas no contexto das manifesta\u00e7\u00f5es.<\/span><\/li>\n<li style=\"font-weight: 400;\" aria-level=\"1\"><span style=\"font-weight: 400;\">Garantir que os familiares das pessoas detidas e, se for o caso, seus representantes legais, tenham acesso a todas as informa\u00e7\u00f5es sobre o processo de deten\u00e7\u00e3o.<\/span><\/li>\n<li style=\"font-weight: 400;\" aria-level=\"1\"><span style=\"font-weight: 400;\">Liberar imediatamente aqueles que foram arbitraria ou injustificadamente detidos e ainda est\u00e3o privados de liberdade.<\/span><\/li>\n<li style=\"font-weight: 400;\" aria-level=\"1\"><span style=\"font-weight: 400;\">Criar uma comiss\u00e3o especial para descobrir o paradeiro das pessoas.<\/span><\/li>\n<\/ol>\n<p><b>Assist\u00eancia militar e aplica\u00e7\u00e3o da jurisdi\u00e7\u00e3o penal militar:<\/b><\/p>\n<ol>\n<li style=\"font-weight: 400;\" aria-level=\"1\"><span style=\"font-weight: 400;\">Assegurar que a jurisdi\u00e7\u00e3o militar s\u00f3 seja utilizada para julgar militares em atividade pela pr\u00e1tica de crimes ou contraven\u00e7\u00f5es que, pela sua pr\u00f3pria natureza, violem os direitos legais pr\u00f3prios da ordem militar e n\u00e3o em casos que afetem ou violem os direitos dos cidad\u00e3os.<\/span><\/li>\n<\/ol>\n<p><b>Prote\u00e7\u00e3o de jornalistas, liberdade de express\u00e3o e acesso \u00e0 internet:<\/b><\/p>\n<ol>\n<li style=\"font-weight: 400;\" aria-level=\"1\"><span style=\"font-weight: 400;\">O Estado deve garantir o exerc\u00edcio do direito \u00e0 liberdade de express\u00e3o de acordo com as normas interamericanas, em particular, atrav\u00e9s da prote\u00e7\u00e3o dos jornalistas, comunicadores e trabalhadores da m\u00eddia contra persegui\u00e7\u00e3o, intimida\u00e7\u00e3o, ass\u00e9dio, ataques de qualquer natureza e atrav\u00e9s da cessa\u00e7\u00e3o de a\u00e7\u00f5es estatais que interfiram no livre funcionamento dos meios de comunica\u00e7\u00e3o.<\/span><\/li>\n<li style=\"font-weight: 400;\" aria-level=\"1\"><span style=\"font-weight: 400;\">Garantir o respeito pela independ\u00eancia dos meios de comunica\u00e7\u00e3o e abster-se de aplicar formas diretas ou indiretas de censura.<\/span><\/li>\n<li style=\"font-weight: 400;\" aria-level=\"1\"><span style=\"font-weight: 400;\">Garantir que tanto os meios de comunica\u00e7\u00e3o como os cidad\u00e3os tenham acesso \u00e0 informa\u00e7\u00e3o e \u00e0 internet para poderem divulgar o que ocorre durante as manifesta\u00e7\u00f5es.<\/span><\/li>\n<\/ol>\n<p><iframe loading=\"lazy\" title=\"CIDH Visita Colombia - 2021\" width=\"500\" height=\"281\" src=\"https:\/\/www.youtube.com\/embed\/_3TZrJYFNxA?feature=oembed\" frameborder=\"0\" allow=\"accelerometer; autoplay; clipboard-write; encrypted-media; gyroscope; picture-in-picture; web-share\" referrerpolicy=\"strict-origin-when-cross-origin\" allowfullscreen><\/iframe><\/p>\n<p><b>O que o Governo respondeu \u00e0s recomenda\u00e7\u00f5es da CIDH?<\/b><\/p>\n<p><span style=\"font-weight: 400;\">O Presidente Iv\u00e1n Duque, junto com a Vice-Presidente e Chanceler Martha Luc\u00eda Ram\u00edrez, agradeceu \u00e0 Comiss\u00e3o Interamericana de Direitos Humanos, destacou a institucionalidade e a separa\u00e7\u00e3o dos poderes. No entanto, rejeitou alguns pontos do documento, como a cria\u00e7\u00e3o de um di\u00e1logo entre todas as partes e o reconhecimento de que as demandas dos colombianos sejam antigas.<\/span><\/p>\n<p><span style=\"font-weight: 400;\">Diante dessa sugest\u00e3o, o presidente indicou que &#8220;ningu\u00e9m pode recomendar que um pa\u00eds seja tolerante com atos de criminalidade&#8221; e, acrescentou, que o Estado colombiano &#8220;tem respeitado o protesto pac\u00edfico como express\u00e3o de cidadania, mas atos de vandalismo, terrorismo urbano de baixa intensidade, bloqueios que amea\u00e7am os direitos dos cidad\u00e3os est\u00e3o sendo combatidos com a Constitui\u00e7\u00e3o e a lei\u201d, e insistiu que \u201cos bloqueios violaram direitos coletivos\u201d.<\/span><\/p>\n<p><iframe loading=\"lazy\" title=\"\u201cNadie puede recomendarle a un pa\u00eds tolerar la criminalidad\u201d: Duque sobre  CIDH - El Espectador\" width=\"500\" height=\"281\" src=\"https:\/\/www.youtube.com\/embed\/zX2SVvxipwQ?feature=oembed\" frameborder=\"0\" allow=\"accelerometer; autoplay; clipboard-write; encrypted-media; gyroscope; picture-in-picture; web-share\" referrerpolicy=\"strict-origin-when-cross-origin\" allowfullscreen><\/iframe><\/p>\n<p><span style=\"font-weight: 400;\">Outro ponto que o presidente Duque n\u00e3o considerou vi\u00e1vel \u00e9 a separa\u00e7\u00e3o da Pol\u00edcia Nacional e da ESMAD do Minist\u00e9rio da Defesa. Al\u00e9m disso, \u201c[a Pol\u00edcia] est\u00e1 no Minist\u00e9rio da Defesa para ter uma coordena\u00e7\u00e3o harmoniosa com todas as for\u00e7as e para realizar tarefas humanit\u00e1rias e de prote\u00e7\u00e3o\u201d, afirmou o presidente.<\/span><\/p>\n<p><span style=\"font-weight: 400;\">Ele tamb\u00e9m acrescentou que \u201ca Pol\u00edcia Nacional n\u00e3o usa armas de fogo letais no \u00e2mbito das manifesta\u00e7\u00f5es e que ela s\u00f3 pode estar munida de capacetes, escudos e cassetetes\u201d, em resposta \u00e0s considera\u00e7\u00f5es da CIDH. Al\u00e9m disso, segundo o comunicado da Chancelaria, a interven\u00e7\u00e3o da Pol\u00edcia e da ESMAD tem sido em poucas ocasi\u00f5es e \u00e9 realizada ap\u00f3s uma an\u00e1lise dos \u201cprinc\u00edpios da legalidade, necessidade absoluta, proporcionalidade e razoabilidade\u201d.<\/span><\/p>\n<p><span style=\"font-weight: 400;\">Acesse tamb\u00e9m:<\/span><a href=\"https:\/\/www.cancilleria.gov.co\/newsroom\/publiques\/comunicado-prensa-59?s=08\"><span style=\"font-weight: 400;\">\u00a0 <\/span><span style=\"font-weight: 400;\">Declara\u00e7\u00e3<\/span><\/a><span style=\"font-weight: 400;\">o da Chancelaria<\/span><\/p>\n<p><span style=\"font-weight: 400;\">Em rela\u00e7\u00e3o ao uso da for\u00e7a institucional no \u00e2mbito da Greve Nacional (esse foi um dos pontos que mais preocupou as organiza\u00e7\u00f5es de defesa dos direitos humanos), a Chancelaria informou que a interven\u00e7\u00e3o da Pol\u00edcia e da ESMAD no \u00e2mbito social do protesto tem sido &#8220;excepcional&#8221; e sujeita \u00e0 &#8220;an\u00e1lise pr\u00e9via dos princ\u00edpios da legalidade, necessidade absoluta, proporcionalidade e razoabilidade&#8221;.<\/span><\/p>\n<p><span style=\"font-weight: 400;\">Sobre a viol\u00eancia institucional exercida por parte da Pol\u00edcia e da ESMAD contra as mulheres e a popula\u00e7\u00e3o LGBTIQ+ durante a Greve Nacional, outro dos pontos questionados pela CIDH, o presidente, por meio da Chancelaria, enviou uma carta \u00e0 entidade, na qual indica que o pa\u00eds possui pol\u00edticas p\u00fablicas que protegem os direitos das etnias e da popula\u00e7\u00e3o LGBTIQ+ e, acrescentou, que \u201cn\u00e3o pode haver e n\u00e3o houve qualquer tipo de toler\u00e2ncia diante da viol\u00eancia contra essas popula\u00e7\u00f5es. Esses poss\u00edveis casos de discrimina\u00e7\u00e3o est\u00e3o sujeitos \u00e0 supervis\u00e3o e investiga\u00e7\u00e3o por parte das autoridades\u201d.\u00a0<\/span><\/p>\n<p><span style=\"font-weight: 400;\">Por fim, o governo nacional rejeitou a proposta de cria\u00e7\u00e3o de um mecanismo especial de monitoramento dos direitos humanos na Col\u00f4mbia, com o qual se esperava apoiar as v\u00edtimas e organiza\u00e7\u00f5es da sociedade civil que denunciam a\u00e7\u00f5es contra os direitos humanos, pois alegou que, na Col\u00f4mbia, j\u00e1 existem 20 \u00f3rg\u00e3os de fiscaliza\u00e7\u00e3o dos direitos humanos.<\/span><\/p>\n<p>&nbsp;<\/p>\n<hr \/>\n<p><span style=\"font-weight: 400;\">Traduzido do espanhol por Aline Arana\/ Revisado por Gra\u00e7a Pinheiro<\/span><\/p>\n","protected":false},"excerpt":{"rendered":"<p>A CIDH emitiu 48 recomenda\u00e7\u00f5es ao governo colombiano para garantir os direitos dos manifestantes durante a Greve Nacional, e prop\u00f4s a cria\u00e7\u00e3o de um mecanismo especial de acompanhamento para apoiar as v\u00edtimas da viol\u00eancia estatal e as organiza\u00e7\u00f5es sociais que&hellip;<\/p>\n","protected":false},"author":2031,"featured_media":1395671,"comment_status":"closed","ping_status":"closed","sticky":false,"template":"","format":"standard","meta":{"footnotes":""},"categories":[104,11390,116],"tags":[54595,5861,5204,51937],"class_list":["post-1423337","post","type-post","status-publish","format-standard","has-post-thumbnail","hentry","category-america-do-sul","category-conteudo-original","category-direitos-humanos","tag-cidh-pt-pt","tag-colombia-pt-pt","tag-direitos-humanos","tag-greve-nacional"],"yoast_head":"<!-- This site is optimized with the Yoast SEO plugin v27.1.1 - https:\/\/yoast.com\/product\/yoast-seo-wordpress\/ -->\n<title>Governo colombiano rejeita as recomenda\u00e7\u00f5es da CIDH<\/title>\n<meta name=\"description\" content=\"A CIDH emitiu 48 recomenda\u00e7\u00f5es ao governo colombiano para garantir os direitos dos manifestantes durante a Greve Nacional, e prop\u00f4s a cria\u00e7\u00e3o de um\" \/>\n<meta name=\"robots\" content=\"index, follow, max-snippet:-1, max-image-preview:large, max-video-preview:-1\" \/>\n<link rel=\"canonical\" href=\"https:\/\/www.pressenza.com\/pt-pt\/2021\/09\/governo-colombiano-rejeita-as-recomendacoes-da-cidh\/\" \/>\n<meta property=\"og:locale\" content=\"pt_PT\" \/>\n<meta property=\"og:type\" content=\"article\" \/>\n<meta property=\"og:title\" content=\"Governo colombiano rejeita as recomenda\u00e7\u00f5es da CIDH\" \/>\n<meta property=\"og:description\" content=\"A CIDH emitiu 48 recomenda\u00e7\u00f5es ao governo colombiano para garantir os direitos dos manifestantes durante a Greve Nacional, e prop\u00f4s a cria\u00e7\u00e3o de um\" \/>\n<meta property=\"og:url\" content=\"https:\/\/www.pressenza.com\/pt-pt\/2021\/09\/governo-colombiano-rejeita-as-recomendacoes-da-cidh\/\" \/>\n<meta property=\"og:site_name\" content=\"Pressenza\" \/>\n<meta property=\"article:publisher\" content=\"https:\/\/www.facebook.com\/PressenzaItalia\" \/>\n<meta property=\"article:published_time\" content=\"2021-09-02T23:13:40+00:00\" \/>\n<meta property=\"og:image\" content=\"https:\/\/www.pressenza.com\/wp-content\/uploads\/2021\/07\/WhatsApp-Image-2021-07-07-at-8.24.18-PM.jpeg\" \/>\n\t<meta property=\"og:image:width\" content=\"1280\" \/>\n\t<meta property=\"og:image:height\" content=\"960\" \/>\n\t<meta property=\"og:image:type\" content=\"image\/jpeg\" \/>\n<meta name=\"author\" content=\"Stephan\u00eda Aldana Cabas\" \/>\n<meta name=\"twitter:card\" content=\"summary_large_image\" \/>\n<meta name=\"twitter:creator\" content=\"@PressenzaIPA\" \/>\n<meta name=\"twitter:site\" content=\"@PressenzaIPA\" \/>\n<meta name=\"twitter:label1\" content=\"Escrito por\" \/>\n\t<meta name=\"twitter:data1\" content=\"Stephan\u00eda Aldana Cabas\" \/>\n\t<meta name=\"twitter:label2\" content=\"Tempo estimado de leitura\" \/>\n\t<meta name=\"twitter:data2\" content=\"10 minutos\" \/>\n<script type=\"application\/ld+json\" class=\"yoast-schema-graph\">{\"@context\":\"https:\/\/schema.org\",\"@graph\":[{\"@type\":\"Article\",\"@id\":\"https:\/\/www.pressenza.com\/pt-pt\/2021\/09\/governo-colombiano-rejeita-as-recomendacoes-da-cidh\/#article\",\"isPartOf\":{\"@id\":\"https:\/\/www.pressenza.com\/pt-pt\/2021\/09\/governo-colombiano-rejeita-as-recomendacoes-da-cidh\/\"},\"author\":{\"name\":\"Stephan\u00eda Aldana Cabas\",\"@id\":\"https:\/\/www.pressenza.com\/pt-pt\/#\/schema\/person\/eb159549e8a5f721cd229d7e20d51235\"},\"headline\":\"Governo colombiano rejeita as recomenda\u00e7\u00f5es da CIDH\",\"datePublished\":\"2021-09-02T23:13:40+00:00\",\"mainEntityOfPage\":{\"@id\":\"https:\/\/www.pressenza.com\/pt-pt\/2021\/09\/governo-colombiano-rejeita-as-recomendacoes-da-cidh\/\"},\"wordCount\":1953,\"publisher\":{\"@id\":\"https:\/\/www.pressenza.com\/pt-pt\/#organization\"},\"image\":{\"@id\":\"https:\/\/www.pressenza.com\/pt-pt\/2021\/09\/governo-colombiano-rejeita-as-recomendacoes-da-cidh\/#primaryimage\"},\"thumbnailUrl\":\"https:\/\/www.pressenza.com\/wp-content\/uploads\/2021\/07\/WhatsApp-Image-2021-07-07-at-8.24.18-PM.jpeg\",\"keywords\":[\"CIDH\",\"Colombia\",\"direitos humanos\",\"greve nacional\"],\"articleSection\":[\"\u00c1m\u00e9rica do Sul\",\"Conte\u00fado Original\",\"Direitos Humanos\"],\"inLanguage\":\"pt-PT\"},{\"@type\":\"WebPage\",\"@id\":\"https:\/\/www.pressenza.com\/pt-pt\/2021\/09\/governo-colombiano-rejeita-as-recomendacoes-da-cidh\/\",\"url\":\"https:\/\/www.pressenza.com\/pt-pt\/2021\/09\/governo-colombiano-rejeita-as-recomendacoes-da-cidh\/\",\"name\":\"Governo colombiano rejeita as recomenda\u00e7\u00f5es da CIDH\",\"isPartOf\":{\"@id\":\"https:\/\/www.pressenza.com\/pt-pt\/#website\"},\"primaryImageOfPage\":{\"@id\":\"https:\/\/www.pressenza.com\/pt-pt\/2021\/09\/governo-colombiano-rejeita-as-recomendacoes-da-cidh\/#primaryimage\"},\"image\":{\"@id\":\"https:\/\/www.pressenza.com\/pt-pt\/2021\/09\/governo-colombiano-rejeita-as-recomendacoes-da-cidh\/#primaryimage\"},\"thumbnailUrl\":\"https:\/\/www.pressenza.com\/wp-content\/uploads\/2021\/07\/WhatsApp-Image-2021-07-07-at-8.24.18-PM.jpeg\",\"datePublished\":\"2021-09-02T23:13:40+00:00\",\"description\":\"A CIDH emitiu 48 recomenda\u00e7\u00f5es ao governo colombiano para garantir os direitos dos manifestantes durante a Greve Nacional, e prop\u00f4s a cria\u00e7\u00e3o de um\",\"breadcrumb\":{\"@id\":\"https:\/\/www.pressenza.com\/pt-pt\/2021\/09\/governo-colombiano-rejeita-as-recomendacoes-da-cidh\/#breadcrumb\"},\"inLanguage\":\"pt-PT\",\"potentialAction\":[{\"@type\":\"ReadAction\",\"target\":[\"https:\/\/www.pressenza.com\/pt-pt\/2021\/09\/governo-colombiano-rejeita-as-recomendacoes-da-cidh\/\"]}]},{\"@type\":\"ImageObject\",\"inLanguage\":\"pt-PT\",\"@id\":\"https:\/\/www.pressenza.com\/pt-pt\/2021\/09\/governo-colombiano-rejeita-as-recomendacoes-da-cidh\/#primaryimage\",\"url\":\"https:\/\/www.pressenza.com\/wp-content\/uploads\/2021\/07\/WhatsApp-Image-2021-07-07-at-8.24.18-PM.jpeg\",\"contentUrl\":\"https:\/\/www.pressenza.com\/wp-content\/uploads\/2021\/07\/WhatsApp-Image-2021-07-07-at-8.24.18-PM.jpeg\",\"width\":1280,\"height\":960,\"caption\":\"Foto de Paula Mendoza\"},{\"@type\":\"BreadcrumbList\",\"@id\":\"https:\/\/www.pressenza.com\/pt-pt\/2021\/09\/governo-colombiano-rejeita-as-recomendacoes-da-cidh\/#breadcrumb\",\"itemListElement\":[{\"@type\":\"ListItem\",\"position\":1,\"name\":\"Accueil\",\"item\":\"https:\/\/www.pressenza.com\/pt-pt\/\"},{\"@type\":\"ListItem\",\"position\":2,\"name\":\"Governo colombiano rejeita as recomenda\u00e7\u00f5es da CIDH\"}]},{\"@type\":\"WebSite\",\"@id\":\"https:\/\/www.pressenza.com\/pt-pt\/#website\",\"url\":\"https:\/\/www.pressenza.com\/pt-pt\/\",\"name\":\"Pressenza\",\"description\":\"International Press Agency\",\"publisher\":{\"@id\":\"https:\/\/www.pressenza.com\/pt-pt\/#organization\"},\"potentialAction\":[{\"@type\":\"SearchAction\",\"target\":{\"@type\":\"EntryPoint\",\"urlTemplate\":\"https:\/\/www.pressenza.com\/pt-pt\/?s={search_term_string}\"},\"query-input\":{\"@type\":\"PropertyValueSpecification\",\"valueRequired\":true,\"valueName\":\"search_term_string\"}}],\"inLanguage\":\"pt-PT\"},{\"@type\":\"Organization\",\"@id\":\"https:\/\/www.pressenza.com\/pt-pt\/#organization\",\"name\":\"Pressenza\",\"url\":\"https:\/\/www.pressenza.com\/pt-pt\/\",\"logo\":{\"@type\":\"ImageObject\",\"inLanguage\":\"pt-PT\",\"@id\":\"https:\/\/www.pressenza.com\/pt-pt\/#\/schema\/logo\/image\/\",\"url\":\"https:\/\/www.pressenza.com\/wp-content\/uploads\/2022\/10\/pressenza_logo_200x200.jpg\",\"contentUrl\":\"https:\/\/www.pressenza.com\/wp-content\/uploads\/2022\/10\/pressenza_logo_200x200.jpg\",\"width\":200,\"height\":200,\"caption\":\"Pressenza\"},\"image\":{\"@id\":\"https:\/\/www.pressenza.com\/pt-pt\/#\/schema\/logo\/image\/\"},\"sameAs\":[\"https:\/\/www.facebook.com\/PressenzaItalia\",\"https:\/\/x.com\/PressenzaIPA\"]},{\"@type\":\"Person\",\"@id\":\"https:\/\/www.pressenza.com\/pt-pt\/#\/schema\/person\/eb159549e8a5f721cd229d7e20d51235\",\"name\":\"Stephan\u00eda Aldana Cabas\",\"description\":\"Periodista colombiana con \u00e9nfasis en investigaci\u00f3n medioambiental, derechos humanos, pol\u00edtica y econom\u00eda. Considero al igual que Alfredo Molano que el periodismo debe estar al servicio de la comunidad.\",\"url\":\"https:\/\/www.pressenza.com\/pt-pt\/author\/stephania-cabas\/\"}]}<\/script>\n<!-- \/ Yoast SEO plugin. -->","yoast_head_json":{"title":"Governo colombiano rejeita as recomenda\u00e7\u00f5es da CIDH","description":"A CIDH emitiu 48 recomenda\u00e7\u00f5es ao governo colombiano para garantir os direitos dos manifestantes durante a Greve Nacional, e prop\u00f4s a cria\u00e7\u00e3o de um","robots":{"index":"index","follow":"follow","max-snippet":"max-snippet:-1","max-image-preview":"max-image-preview:large","max-video-preview":"max-video-preview:-1"},"canonical":"https:\/\/www.pressenza.com\/pt-pt\/2021\/09\/governo-colombiano-rejeita-as-recomendacoes-da-cidh\/","og_locale":"pt_PT","og_type":"article","og_title":"Governo colombiano rejeita as recomenda\u00e7\u00f5es da CIDH","og_description":"A CIDH emitiu 48 recomenda\u00e7\u00f5es ao governo colombiano para garantir os direitos dos manifestantes durante a Greve Nacional, e prop\u00f4s a cria\u00e7\u00e3o de um","og_url":"https:\/\/www.pressenza.com\/pt-pt\/2021\/09\/governo-colombiano-rejeita-as-recomendacoes-da-cidh\/","og_site_name":"Pressenza","article_publisher":"https:\/\/www.facebook.com\/PressenzaItalia","article_published_time":"2021-09-02T23:13:40+00:00","og_image":[{"width":1280,"height":960,"url":"https:\/\/www.pressenza.com\/wp-content\/uploads\/2021\/07\/WhatsApp-Image-2021-07-07-at-8.24.18-PM.jpeg","type":"image\/jpeg"}],"author":"Stephan\u00eda Aldana Cabas","twitter_card":"summary_large_image","twitter_creator":"@PressenzaIPA","twitter_site":"@PressenzaIPA","twitter_misc":{"Escrito por":"Stephan\u00eda Aldana Cabas","Tempo estimado de leitura":"10 minutos"},"schema":{"@context":"https:\/\/schema.org","@graph":[{"@type":"Article","@id":"https:\/\/www.pressenza.com\/pt-pt\/2021\/09\/governo-colombiano-rejeita-as-recomendacoes-da-cidh\/#article","isPartOf":{"@id":"https:\/\/www.pressenza.com\/pt-pt\/2021\/09\/governo-colombiano-rejeita-as-recomendacoes-da-cidh\/"},"author":{"name":"Stephan\u00eda Aldana Cabas","@id":"https:\/\/www.pressenza.com\/pt-pt\/#\/schema\/person\/eb159549e8a5f721cd229d7e20d51235"},"headline":"Governo colombiano rejeita as recomenda\u00e7\u00f5es da CIDH","datePublished":"2021-09-02T23:13:40+00:00","mainEntityOfPage":{"@id":"https:\/\/www.pressenza.com\/pt-pt\/2021\/09\/governo-colombiano-rejeita-as-recomendacoes-da-cidh\/"},"wordCount":1953,"publisher":{"@id":"https:\/\/www.pressenza.com\/pt-pt\/#organization"},"image":{"@id":"https:\/\/www.pressenza.com\/pt-pt\/2021\/09\/governo-colombiano-rejeita-as-recomendacoes-da-cidh\/#primaryimage"},"thumbnailUrl":"https:\/\/www.pressenza.com\/wp-content\/uploads\/2021\/07\/WhatsApp-Image-2021-07-07-at-8.24.18-PM.jpeg","keywords":["CIDH","Colombia","direitos humanos","greve nacional"],"articleSection":["\u00c1m\u00e9rica do Sul","Conte\u00fado Original","Direitos Humanos"],"inLanguage":"pt-PT"},{"@type":"WebPage","@id":"https:\/\/www.pressenza.com\/pt-pt\/2021\/09\/governo-colombiano-rejeita-as-recomendacoes-da-cidh\/","url":"https:\/\/www.pressenza.com\/pt-pt\/2021\/09\/governo-colombiano-rejeita-as-recomendacoes-da-cidh\/","name":"Governo colombiano rejeita as recomenda\u00e7\u00f5es da CIDH","isPartOf":{"@id":"https:\/\/www.pressenza.com\/pt-pt\/#website"},"primaryImageOfPage":{"@id":"https:\/\/www.pressenza.com\/pt-pt\/2021\/09\/governo-colombiano-rejeita-as-recomendacoes-da-cidh\/#primaryimage"},"image":{"@id":"https:\/\/www.pressenza.com\/pt-pt\/2021\/09\/governo-colombiano-rejeita-as-recomendacoes-da-cidh\/#primaryimage"},"thumbnailUrl":"https:\/\/www.pressenza.com\/wp-content\/uploads\/2021\/07\/WhatsApp-Image-2021-07-07-at-8.24.18-PM.jpeg","datePublished":"2021-09-02T23:13:40+00:00","description":"A CIDH emitiu 48 recomenda\u00e7\u00f5es ao governo colombiano para garantir os direitos dos manifestantes durante a Greve Nacional, e prop\u00f4s a cria\u00e7\u00e3o de um","breadcrumb":{"@id":"https:\/\/www.pressenza.com\/pt-pt\/2021\/09\/governo-colombiano-rejeita-as-recomendacoes-da-cidh\/#breadcrumb"},"inLanguage":"pt-PT","potentialAction":[{"@type":"ReadAction","target":["https:\/\/www.pressenza.com\/pt-pt\/2021\/09\/governo-colombiano-rejeita-as-recomendacoes-da-cidh\/"]}]},{"@type":"ImageObject","inLanguage":"pt-PT","@id":"https:\/\/www.pressenza.com\/pt-pt\/2021\/09\/governo-colombiano-rejeita-as-recomendacoes-da-cidh\/#primaryimage","url":"https:\/\/www.pressenza.com\/wp-content\/uploads\/2021\/07\/WhatsApp-Image-2021-07-07-at-8.24.18-PM.jpeg","contentUrl":"https:\/\/www.pressenza.com\/wp-content\/uploads\/2021\/07\/WhatsApp-Image-2021-07-07-at-8.24.18-PM.jpeg","width":1280,"height":960,"caption":"Foto de Paula Mendoza"},{"@type":"BreadcrumbList","@id":"https:\/\/www.pressenza.com\/pt-pt\/2021\/09\/governo-colombiano-rejeita-as-recomendacoes-da-cidh\/#breadcrumb","itemListElement":[{"@type":"ListItem","position":1,"name":"Accueil","item":"https:\/\/www.pressenza.com\/pt-pt\/"},{"@type":"ListItem","position":2,"name":"Governo colombiano rejeita as recomenda\u00e7\u00f5es da CIDH"}]},{"@type":"WebSite","@id":"https:\/\/www.pressenza.com\/pt-pt\/#website","url":"https:\/\/www.pressenza.com\/pt-pt\/","name":"Pressenza","description":"International Press Agency","publisher":{"@id":"https:\/\/www.pressenza.com\/pt-pt\/#organization"},"potentialAction":[{"@type":"SearchAction","target":{"@type":"EntryPoint","urlTemplate":"https:\/\/www.pressenza.com\/pt-pt\/?s={search_term_string}"},"query-input":{"@type":"PropertyValueSpecification","valueRequired":true,"valueName":"search_term_string"}}],"inLanguage":"pt-PT"},{"@type":"Organization","@id":"https:\/\/www.pressenza.com\/pt-pt\/#organization","name":"Pressenza","url":"https:\/\/www.pressenza.com\/pt-pt\/","logo":{"@type":"ImageObject","inLanguage":"pt-PT","@id":"https:\/\/www.pressenza.com\/pt-pt\/#\/schema\/logo\/image\/","url":"https:\/\/www.pressenza.com\/wp-content\/uploads\/2022\/10\/pressenza_logo_200x200.jpg","contentUrl":"https:\/\/www.pressenza.com\/wp-content\/uploads\/2022\/10\/pressenza_logo_200x200.jpg","width":200,"height":200,"caption":"Pressenza"},"image":{"@id":"https:\/\/www.pressenza.com\/pt-pt\/#\/schema\/logo\/image\/"},"sameAs":["https:\/\/www.facebook.com\/PressenzaItalia","https:\/\/x.com\/PressenzaIPA"]},{"@type":"Person","@id":"https:\/\/www.pressenza.com\/pt-pt\/#\/schema\/person\/eb159549e8a5f721cd229d7e20d51235","name":"Stephan\u00eda Aldana Cabas","description":"Periodista colombiana con \u00e9nfasis en investigaci\u00f3n medioambiental, derechos humanos, pol\u00edtica y econom\u00eda. Considero al igual que Alfredo Molano que el periodismo debe estar al servicio de la comunidad.","url":"https:\/\/www.pressenza.com\/pt-pt\/author\/stephania-cabas\/"}]}},"place":"Bogot\u00e1, Col\u00f4mbia","original_article_url":"https:\/\/www.pressenza.com\/es\/2021\/07\/gobierno-colombiano-rechazo-recomendaciones-de-la-cidh\/","_links":{"self":[{"href":"https:\/\/www.pressenza.com\/pt-pt\/wp-json\/wp\/v2\/posts\/1423337","targetHints":{"allow":["GET"]}}],"collection":[{"href":"https:\/\/www.pressenza.com\/pt-pt\/wp-json\/wp\/v2\/posts"}],"about":[{"href":"https:\/\/www.pressenza.com\/pt-pt\/wp-json\/wp\/v2\/types\/post"}],"author":[{"embeddable":true,"href":"https:\/\/www.pressenza.com\/pt-pt\/wp-json\/wp\/v2\/users\/2031"}],"replies":[{"embeddable":true,"href":"https:\/\/www.pressenza.com\/pt-pt\/wp-json\/wp\/v2\/comments?post=1423337"}],"version-history":[{"count":0,"href":"https:\/\/www.pressenza.com\/pt-pt\/wp-json\/wp\/v2\/posts\/1423337\/revisions"}],"wp:featuredmedia":[{"embeddable":true,"href":"https:\/\/www.pressenza.com\/pt-pt\/wp-json\/wp\/v2\/media\/1395671"}],"wp:attachment":[{"href":"https:\/\/www.pressenza.com\/pt-pt\/wp-json\/wp\/v2\/media?parent=1423337"}],"wp:term":[{"taxonomy":"category","embeddable":true,"href":"https:\/\/www.pressenza.com\/pt-pt\/wp-json\/wp\/v2\/categories?post=1423337"},{"taxonomy":"post_tag","embeddable":true,"href":"https:\/\/www.pressenza.com\/pt-pt\/wp-json\/wp\/v2\/tags?post=1423337"}],"curies":[{"name":"wp","href":"https:\/\/api.w.org\/{rel}","templated":true}]}}