{"id":1416360,"date":"2021-08-24T06:00:45","date_gmt":"2021-08-24T05:00:45","guid":{"rendered":"https:\/\/www.pressenza.com\/?p=1416360"},"modified":"2021-08-20T23:00:24","modified_gmt":"2021-08-20T22:00:24","slug":"o-tempo-o-governo-a-epidemia","status":"publish","type":"post","link":"https:\/\/www.pressenza.com\/pt-pt\/2021\/08\/o-tempo-o-governo-a-epidemia\/","title":{"rendered":"O TEMPO, O GOVERNO, A EPIDEMIA"},"content":{"rendered":"<p><strong>Ginette Baudelet<\/strong><\/p>\n<p><span style=\"font-weight: 400;\">O per\u00edodo confuso que atravessamos nos leva a rela\u00e7\u00f5es curiosas, das quais conv\u00e9m sorrir, nem que seja para manter a moral em alta.<\/span><\/p>\n<p><span style=\"font-weight: 400;\">Qual \u00e9 a rela\u00e7\u00e3o entre essas tr\u00eas perspectivas com prazos e consequ\u00eancias opostas?<\/span><\/p>\n<p><span style=\"font-weight: 400;\">\u00c9 evidente que a epidemia \u00e9 resultado de uma gest\u00e3o \u201cmeteorol\u00f3gica\u201d, realizada por um governo rico em contradi\u00e7\u00f5es. Simplificando, assim como os dist\u00farbios meteorol\u00f3gicos persistem nesta temporada de ver\u00e3o, as medidas dos \u00f3rg\u00e3os dirigentes em rela\u00e7\u00e3o \u00e0 epidemia flutuam alegremente, soprando ora quente, ora frio, sem parar.<\/span><\/p>\n<p><img decoding=\"async\" src=\"https:\/\/cdn77.pressenza.com\/wp-content\/uploads\/2021\/07\/Ou-sont-nos-liberte%CC%81s-300x227.jpg\" \/><\/p>\n<p><span style=\"font-weight: 400;\">A \u00faltima decis\u00e3o vai na dire\u00e7\u00e3o de mais liberdade, t\u00e3o almejada pela popula\u00e7\u00e3o cansada de andar por a\u00ed com uma focinheira no nariz. Com a chegada do bom tempo, essa generosidade do governo provavelmente o deixar\u00e1 sem f\u00f4lego; podemos, portanto, agora considerar que n\u00e3o somos mais contagiosos, uma vez fora de casa. Nada disso! Assim que entramos em um espa\u00e7o fechado (transporte p\u00fablico, pr\u00e9dio, elevador, loja, etc.) nos contagiamos novamente. Ent\u00e3o, trata-se de n\u00e3o sair dos trilhos; em caso de esquecimento, somos alertados por cartazes, alto-falantes, motoristas de \u00f4nibus, ou seguran\u00e7as das lojas, de que a m\u00e1scara \u00e9 obrigat\u00f3ria. E, \u00e0s vezes, em um tom de &#8220;fiscaliza\u00e7\u00e3o&#8221; de algu\u00e9m que ainda ontem n\u00e3o tinha autoridade.<\/span><\/p>\n<p><span style=\"font-weight: 400;\">A palavra m\u00e1scara \u00e9 sin\u00f4nimo, dentre outras, de com\u00e9dia, uma pe\u00e7a de fantasia. De fato, representamos constante e coletivamente uma com\u00e9dia. Queiramos ou n\u00e3o, nos tornamos assim, atores da nossa pr\u00f3pria vida.<\/span><\/p>\n<p><span style=\"font-weight: 400;\">Outro deboche, esta obriga\u00e7\u00e3o em forma de tro\u00e7a, que deve ter feito o mundo inteiro rir. Ela autoriza a sa\u00edda, desde que seja usada dentro de hora espec\u00edfica, informando os motivos e sem se esquecer da assinatura. Sob pena de receber uma multa de classe 4, no valor de 135 euros. Vamos continuar sorrindo e fa\u00e7amos as contas:<\/span><\/p>\n<ul>\n<li style=\"font-weight: 400;\" aria-level=\"1\"><span style=\"font-weight: 400;\">Levando em conta o n\u00famero de obstinados e o tempo em que se recusaram a participar dessa com\u00e9dia, quanto o Estado arrecadou, por cabe\u00e7a-dura sem m\u00e1scara, ao pre\u00e7o de 135 euros? Pois bem, por mais inebriante que seja o resultado, o que importa \u00e9 que tenhamos o frasco (de \u00e1lcool gel), que cada lojista precisa fornecer para que possamos desinfetar nossas algemas (contaminadas ou n\u00e3o) assim que entramos.\u00a0<\/span><\/li>\n<\/ul>\n<p><span style=\"font-weight: 400;\">N\u00e3o apertamos mais as m\u00e3os, batemos cotovelos; tamb\u00e9m n\u00e3o nos beijamos, mas ainda podemos dizer ol\u00e1, desde que a dist\u00e2ncia seja mantida, pois nunca sabemos se o \u201coutro\u201d est\u00e1 contaminado; chega de abra\u00e7os, adeus aos carinhos, ficamos desconfiados; Ana\u00efs Nin j\u00e1 nos dava uma defini\u00e7\u00e3o carregada de sabedoria, h\u00e1 mais de quarenta anos:<\/span><\/p>\n<p><i><span style=\"font-weight: 400;\">\u201cAprendi que a desconfian\u00e7a est\u00e1 na origem das barreiras que separam os homens.\u201d*<\/span><\/i><\/p>\n<p><span style=\"font-weight: 400;\">Hoje, os gestos de barreira &#8211; um nome criteriosamente escolhido &#8211; barram nossos gestos em dire\u00e7\u00e3o a mais solidariedade, ajuda m\u00fatua, uni\u00e3o, todos valores agregadores que animam alguns&#8230; coletes amarelos.<\/span><\/p>\n<p><i><span style=\"font-weight: 400;\">* Ana\u00efs Nin (O que eu queria dizer a voc\u00eas Ed Stock 1980)<\/span><\/i><\/p>\n<hr \/>\n<p><em><span style=\"font-weight: 400;\">Traduzido do franc\u00eas por Aline Arana\/Revisado por Samila Matos<\/span><\/em><\/p>\n","protected":false},"excerpt":{"rendered":"<p>Ginette Baudelet O per\u00edodo confuso que atravessamos nos leva a rela\u00e7\u00f5es curiosas, das quais conv\u00e9m sorrir, nem que seja para manter a moral em alta. Qual \u00e9 a rela\u00e7\u00e3o entre essas tr\u00eas perspectivas com prazos e consequ\u00eancias opostas? \u00c9 evidente&hellip;<\/p>\n","protected":false},"author":926,"featured_media":1403302,"comment_status":"closed","ping_status":"closed","sticky":false,"template":"","format":"standard","meta":{"footnotes":""},"categories":[11390,115,103,165,1253],"tags":[94098,85378,10459,5106],"class_list":["post-1416360","post","type-post","status-publish","format-standard","has-post-thumbnail","hentry","category-conteudo-original","category-ecologia-e-meio-ambiente","category-europa-pt-pt","category-opiniao","category-saude","tag-controle-sanitario","tag-covid-pt-pt","tag-franca","tag-saude-2"],"yoast_head":"<!-- This site is optimized with the Yoast SEO plugin v27.1.1 - https:\/\/yoast.com\/product\/yoast-seo-wordpress\/ -->\n<title>O TEMPO, O GOVERNO, A EPIDEMIA<\/title>\n<meta name=\"description\" content=\"Ginette Baudelet O per\u00edodo confuso que atravessamos nos leva a rela\u00e7\u00f5es curiosas, das quais conv\u00e9m sorrir, nem que seja para manter a moral em alta. Qual\" \/>\n<meta name=\"robots\" content=\"index, follow, max-snippet:-1, max-image-preview:large, max-video-preview:-1\" \/>\n<link rel=\"canonical\" href=\"https:\/\/www.pressenza.com\/pt-pt\/2021\/08\/o-tempo-o-governo-a-epidemia\/\" \/>\n<meta property=\"og:locale\" content=\"pt_PT\" \/>\n<meta property=\"og:type\" content=\"article\" \/>\n<meta property=\"og:title\" content=\"O TEMPO, O GOVERNO, A EPIDEMIA\" \/>\n<meta property=\"og:description\" content=\"Ginette Baudelet O per\u00edodo confuso que atravessamos nos leva a rela\u00e7\u00f5es curiosas, das quais conv\u00e9m sorrir, nem que seja para manter a moral em alta. Qual\" \/>\n<meta property=\"og:url\" content=\"https:\/\/www.pressenza.com\/pt-pt\/2021\/08\/o-tempo-o-governo-a-epidemia\/\" \/>\n<meta property=\"og:site_name\" content=\"Pressenza\" \/>\n<meta property=\"article:publisher\" content=\"https:\/\/www.facebook.com\/PressenzaItalia\" \/>\n<meta property=\"article:published_time\" content=\"2021-08-24T05:00:45+00:00\" \/>\n<meta property=\"og:image\" content=\"https:\/\/www.pressenza.com\/wp-content\/uploads\/2021\/07\/Linerte\u0301.jpg\" \/>\n\t<meta property=\"og:image:width\" content=\"250\" \/>\n\t<meta property=\"og:image:height\" content=\"305\" \/>\n\t<meta property=\"og:image:type\" content=\"image\/jpeg\" \/>\n<meta name=\"author\" content=\"R\u00e9daction France\" \/>\n<meta name=\"twitter:card\" content=\"summary_large_image\" \/>\n<meta name=\"twitter:creator\" content=\"@PressenzaIPA\" \/>\n<meta name=\"twitter:site\" content=\"@PressenzaIPA\" \/>\n<meta name=\"twitter:label1\" content=\"Escrito por\" \/>\n\t<meta name=\"twitter:data1\" content=\"R\u00e9daction France\" \/>\n\t<meta name=\"twitter:label2\" content=\"Tempo estimado de leitura\" \/>\n\t<meta name=\"twitter:data2\" content=\"3 minutos\" \/>\n<script type=\"application\/ld+json\" class=\"yoast-schema-graph\">{\"@context\":\"https:\/\/schema.org\",\"@graph\":[{\"@type\":\"Article\",\"@id\":\"https:\/\/www.pressenza.com\/pt-pt\/2021\/08\/o-tempo-o-governo-a-epidemia\/#article\",\"isPartOf\":{\"@id\":\"https:\/\/www.pressenza.com\/pt-pt\/2021\/08\/o-tempo-o-governo-a-epidemia\/\"},\"author\":{\"name\":\"R\u00e9daction France\",\"@id\":\"https:\/\/www.pressenza.com\/pt-pt\/#\/schema\/person\/3c9fe6670cc2cffbd37562f87b98e869\"},\"headline\":\"O TEMPO, O GOVERNO, A EPIDEMIA\",\"datePublished\":\"2021-08-24T05:00:45+00:00\",\"mainEntityOfPage\":{\"@id\":\"https:\/\/www.pressenza.com\/pt-pt\/2021\/08\/o-tempo-o-governo-a-epidemia\/\"},\"wordCount\":535,\"publisher\":{\"@id\":\"https:\/\/www.pressenza.com\/pt-pt\/#organization\"},\"image\":{\"@id\":\"https:\/\/www.pressenza.com\/pt-pt\/2021\/08\/o-tempo-o-governo-a-epidemia\/#primaryimage\"},\"thumbnailUrl\":\"https:\/\/www.pressenza.com\/wp-content\/uploads\/2021\/07\/Linerte\u0301.jpg\",\"keywords\":[\"controle sanit\u00e1rio\",\"covid\",\"Fran\u00e7a\",\"saude\"],\"articleSection\":[\"Conte\u00fado Original\",\"Ecologia e Meio Ambiente\",\"Europa\",\"Opini\u00e3o\",\"Sa\u00fade\"],\"inLanguage\":\"pt-PT\"},{\"@type\":\"WebPage\",\"@id\":\"https:\/\/www.pressenza.com\/pt-pt\/2021\/08\/o-tempo-o-governo-a-epidemia\/\",\"url\":\"https:\/\/www.pressenza.com\/pt-pt\/2021\/08\/o-tempo-o-governo-a-epidemia\/\",\"name\":\"O TEMPO, O GOVERNO, A EPIDEMIA\",\"isPartOf\":{\"@id\":\"https:\/\/www.pressenza.com\/pt-pt\/#website\"},\"primaryImageOfPage\":{\"@id\":\"https:\/\/www.pressenza.com\/pt-pt\/2021\/08\/o-tempo-o-governo-a-epidemia\/#primaryimage\"},\"image\":{\"@id\":\"https:\/\/www.pressenza.com\/pt-pt\/2021\/08\/o-tempo-o-governo-a-epidemia\/#primaryimage\"},\"thumbnailUrl\":\"https:\/\/www.pressenza.com\/wp-content\/uploads\/2021\/07\/Linerte\u0301.jpg\",\"datePublished\":\"2021-08-24T05:00:45+00:00\",\"description\":\"Ginette Baudelet O per\u00edodo confuso que atravessamos nos leva a rela\u00e7\u00f5es curiosas, das quais conv\u00e9m sorrir, nem que seja para manter a moral em alta. Qual\",\"breadcrumb\":{\"@id\":\"https:\/\/www.pressenza.com\/pt-pt\/2021\/08\/o-tempo-o-governo-a-epidemia\/#breadcrumb\"},\"inLanguage\":\"pt-PT\",\"potentialAction\":[{\"@type\":\"ReadAction\",\"target\":[\"https:\/\/www.pressenza.com\/pt-pt\/2021\/08\/o-tempo-o-governo-a-epidemia\/\"]}]},{\"@type\":\"ImageObject\",\"inLanguage\":\"pt-PT\",\"@id\":\"https:\/\/www.pressenza.com\/pt-pt\/2021\/08\/o-tempo-o-governo-a-epidemia\/#primaryimage\",\"url\":\"https:\/\/www.pressenza.com\/wp-content\/uploads\/2021\/07\/Linerte\u0301.jpg\",\"contentUrl\":\"https:\/\/www.pressenza.com\/wp-content\/uploads\/2021\/07\/Linerte\u0301.jpg\",\"width\":250,\"height\":305,\"caption\":\"La libert\u00e9 guidant le monde\"},{\"@type\":\"BreadcrumbList\",\"@id\":\"https:\/\/www.pressenza.com\/pt-pt\/2021\/08\/o-tempo-o-governo-a-epidemia\/#breadcrumb\",\"itemListElement\":[{\"@type\":\"ListItem\",\"position\":1,\"name\":\"Accueil\",\"item\":\"https:\/\/www.pressenza.com\/pt-pt\/\"},{\"@type\":\"ListItem\",\"position\":2,\"name\":\"O TEMPO, O GOVERNO, A EPIDEMIA\"}]},{\"@type\":\"WebSite\",\"@id\":\"https:\/\/www.pressenza.com\/pt-pt\/#website\",\"url\":\"https:\/\/www.pressenza.com\/pt-pt\/\",\"name\":\"Pressenza\",\"description\":\"International Press Agency\",\"publisher\":{\"@id\":\"https:\/\/www.pressenza.com\/pt-pt\/#organization\"},\"potentialAction\":[{\"@type\":\"SearchAction\",\"target\":{\"@type\":\"EntryPoint\",\"urlTemplate\":\"https:\/\/www.pressenza.com\/pt-pt\/?s={search_term_string}\"},\"query-input\":{\"@type\":\"PropertyValueSpecification\",\"valueRequired\":true,\"valueName\":\"search_term_string\"}}],\"inLanguage\":\"pt-PT\"},{\"@type\":\"Organization\",\"@id\":\"https:\/\/www.pressenza.com\/pt-pt\/#organization\",\"name\":\"Pressenza\",\"url\":\"https:\/\/www.pressenza.com\/pt-pt\/\",\"logo\":{\"@type\":\"ImageObject\",\"inLanguage\":\"pt-PT\",\"@id\":\"https:\/\/www.pressenza.com\/pt-pt\/#\/schema\/logo\/image\/\",\"url\":\"https:\/\/www.pressenza.com\/wp-content\/uploads\/2022\/10\/pressenza_logo_200x200.jpg\",\"contentUrl\":\"https:\/\/www.pressenza.com\/wp-content\/uploads\/2022\/10\/pressenza_logo_200x200.jpg\",\"width\":200,\"height\":200,\"caption\":\"Pressenza\"},\"image\":{\"@id\":\"https:\/\/www.pressenza.com\/pt-pt\/#\/schema\/logo\/image\/\"},\"sameAs\":[\"https:\/\/www.facebook.com\/PressenzaItalia\",\"https:\/\/x.com\/PressenzaIPA\"]},{\"@type\":\"Person\",\"@id\":\"https:\/\/www.pressenza.com\/pt-pt\/#\/schema\/person\/3c9fe6670cc2cffbd37562f87b98e869\",\"name\":\"R\u00e9daction France\",\"description\":\"News published by the Pressenza bureau in France\",\"sameAs\":[\"http:\/\/www.pressenza.com\/fr\"],\"url\":\"https:\/\/www.pressenza.com\/pt-pt\/author\/redactionfrance\/\"}]}<\/script>\n<!-- \/ Yoast SEO plugin. -->","yoast_head_json":{"title":"O TEMPO, O GOVERNO, A EPIDEMIA","description":"Ginette Baudelet O per\u00edodo confuso que atravessamos nos leva a rela\u00e7\u00f5es curiosas, das quais conv\u00e9m sorrir, nem que seja para manter a moral em alta. Qual","robots":{"index":"index","follow":"follow","max-snippet":"max-snippet:-1","max-image-preview":"max-image-preview:large","max-video-preview":"max-video-preview:-1"},"canonical":"https:\/\/www.pressenza.com\/pt-pt\/2021\/08\/o-tempo-o-governo-a-epidemia\/","og_locale":"pt_PT","og_type":"article","og_title":"O TEMPO, O GOVERNO, A EPIDEMIA","og_description":"Ginette Baudelet O per\u00edodo confuso que atravessamos nos leva a rela\u00e7\u00f5es curiosas, das quais conv\u00e9m sorrir, nem que seja para manter a moral em alta. Qual","og_url":"https:\/\/www.pressenza.com\/pt-pt\/2021\/08\/o-tempo-o-governo-a-epidemia\/","og_site_name":"Pressenza","article_publisher":"https:\/\/www.facebook.com\/PressenzaItalia","article_published_time":"2021-08-24T05:00:45+00:00","og_image":[{"width":250,"height":305,"url":"https:\/\/www.pressenza.com\/wp-content\/uploads\/2021\/07\/Linerte\u0301.jpg","type":"image\/jpeg"}],"author":"R\u00e9daction France","twitter_card":"summary_large_image","twitter_creator":"@PressenzaIPA","twitter_site":"@PressenzaIPA","twitter_misc":{"Escrito por":"R\u00e9daction France","Tempo estimado de leitura":"3 minutos"},"schema":{"@context":"https:\/\/schema.org","@graph":[{"@type":"Article","@id":"https:\/\/www.pressenza.com\/pt-pt\/2021\/08\/o-tempo-o-governo-a-epidemia\/#article","isPartOf":{"@id":"https:\/\/www.pressenza.com\/pt-pt\/2021\/08\/o-tempo-o-governo-a-epidemia\/"},"author":{"name":"R\u00e9daction France","@id":"https:\/\/www.pressenza.com\/pt-pt\/#\/schema\/person\/3c9fe6670cc2cffbd37562f87b98e869"},"headline":"O TEMPO, O GOVERNO, A EPIDEMIA","datePublished":"2021-08-24T05:00:45+00:00","mainEntityOfPage":{"@id":"https:\/\/www.pressenza.com\/pt-pt\/2021\/08\/o-tempo-o-governo-a-epidemia\/"},"wordCount":535,"publisher":{"@id":"https:\/\/www.pressenza.com\/pt-pt\/#organization"},"image":{"@id":"https:\/\/www.pressenza.com\/pt-pt\/2021\/08\/o-tempo-o-governo-a-epidemia\/#primaryimage"},"thumbnailUrl":"https:\/\/www.pressenza.com\/wp-content\/uploads\/2021\/07\/Linerte\u0301.jpg","keywords":["controle sanit\u00e1rio","covid","Fran\u00e7a","saude"],"articleSection":["Conte\u00fado Original","Ecologia e Meio Ambiente","Europa","Opini\u00e3o","Sa\u00fade"],"inLanguage":"pt-PT"},{"@type":"WebPage","@id":"https:\/\/www.pressenza.com\/pt-pt\/2021\/08\/o-tempo-o-governo-a-epidemia\/","url":"https:\/\/www.pressenza.com\/pt-pt\/2021\/08\/o-tempo-o-governo-a-epidemia\/","name":"O TEMPO, O GOVERNO, A EPIDEMIA","isPartOf":{"@id":"https:\/\/www.pressenza.com\/pt-pt\/#website"},"primaryImageOfPage":{"@id":"https:\/\/www.pressenza.com\/pt-pt\/2021\/08\/o-tempo-o-governo-a-epidemia\/#primaryimage"},"image":{"@id":"https:\/\/www.pressenza.com\/pt-pt\/2021\/08\/o-tempo-o-governo-a-epidemia\/#primaryimage"},"thumbnailUrl":"https:\/\/www.pressenza.com\/wp-content\/uploads\/2021\/07\/Linerte\u0301.jpg","datePublished":"2021-08-24T05:00:45+00:00","description":"Ginette Baudelet O per\u00edodo confuso que atravessamos nos leva a rela\u00e7\u00f5es curiosas, das quais conv\u00e9m sorrir, nem que seja para manter a moral em alta. Qual","breadcrumb":{"@id":"https:\/\/www.pressenza.com\/pt-pt\/2021\/08\/o-tempo-o-governo-a-epidemia\/#breadcrumb"},"inLanguage":"pt-PT","potentialAction":[{"@type":"ReadAction","target":["https:\/\/www.pressenza.com\/pt-pt\/2021\/08\/o-tempo-o-governo-a-epidemia\/"]}]},{"@type":"ImageObject","inLanguage":"pt-PT","@id":"https:\/\/www.pressenza.com\/pt-pt\/2021\/08\/o-tempo-o-governo-a-epidemia\/#primaryimage","url":"https:\/\/www.pressenza.com\/wp-content\/uploads\/2021\/07\/Linerte\u0301.jpg","contentUrl":"https:\/\/www.pressenza.com\/wp-content\/uploads\/2021\/07\/Linerte\u0301.jpg","width":250,"height":305,"caption":"La libert\u00e9 guidant le monde"},{"@type":"BreadcrumbList","@id":"https:\/\/www.pressenza.com\/pt-pt\/2021\/08\/o-tempo-o-governo-a-epidemia\/#breadcrumb","itemListElement":[{"@type":"ListItem","position":1,"name":"Accueil","item":"https:\/\/www.pressenza.com\/pt-pt\/"},{"@type":"ListItem","position":2,"name":"O TEMPO, O GOVERNO, A EPIDEMIA"}]},{"@type":"WebSite","@id":"https:\/\/www.pressenza.com\/pt-pt\/#website","url":"https:\/\/www.pressenza.com\/pt-pt\/","name":"Pressenza","description":"International Press Agency","publisher":{"@id":"https:\/\/www.pressenza.com\/pt-pt\/#organization"},"potentialAction":[{"@type":"SearchAction","target":{"@type":"EntryPoint","urlTemplate":"https:\/\/www.pressenza.com\/pt-pt\/?s={search_term_string}"},"query-input":{"@type":"PropertyValueSpecification","valueRequired":true,"valueName":"search_term_string"}}],"inLanguage":"pt-PT"},{"@type":"Organization","@id":"https:\/\/www.pressenza.com\/pt-pt\/#organization","name":"Pressenza","url":"https:\/\/www.pressenza.com\/pt-pt\/","logo":{"@type":"ImageObject","inLanguage":"pt-PT","@id":"https:\/\/www.pressenza.com\/pt-pt\/#\/schema\/logo\/image\/","url":"https:\/\/www.pressenza.com\/wp-content\/uploads\/2022\/10\/pressenza_logo_200x200.jpg","contentUrl":"https:\/\/www.pressenza.com\/wp-content\/uploads\/2022\/10\/pressenza_logo_200x200.jpg","width":200,"height":200,"caption":"Pressenza"},"image":{"@id":"https:\/\/www.pressenza.com\/pt-pt\/#\/schema\/logo\/image\/"},"sameAs":["https:\/\/www.facebook.com\/PressenzaItalia","https:\/\/x.com\/PressenzaIPA"]},{"@type":"Person","@id":"https:\/\/www.pressenza.com\/pt-pt\/#\/schema\/person\/3c9fe6670cc2cffbd37562f87b98e869","name":"R\u00e9daction France","description":"News published by the Pressenza bureau in France","sameAs":["http:\/\/www.pressenza.com\/fr"],"url":"https:\/\/www.pressenza.com\/pt-pt\/author\/redactionfrance\/"}]}},"place":"Paris - Fran\u00e7a","original_article_url":"","_links":{"self":[{"href":"https:\/\/www.pressenza.com\/pt-pt\/wp-json\/wp\/v2\/posts\/1416360","targetHints":{"allow":["GET"]}}],"collection":[{"href":"https:\/\/www.pressenza.com\/pt-pt\/wp-json\/wp\/v2\/posts"}],"about":[{"href":"https:\/\/www.pressenza.com\/pt-pt\/wp-json\/wp\/v2\/types\/post"}],"author":[{"embeddable":true,"href":"https:\/\/www.pressenza.com\/pt-pt\/wp-json\/wp\/v2\/users\/926"}],"replies":[{"embeddable":true,"href":"https:\/\/www.pressenza.com\/pt-pt\/wp-json\/wp\/v2\/comments?post=1416360"}],"version-history":[{"count":0,"href":"https:\/\/www.pressenza.com\/pt-pt\/wp-json\/wp\/v2\/posts\/1416360\/revisions"}],"wp:featuredmedia":[{"embeddable":true,"href":"https:\/\/www.pressenza.com\/pt-pt\/wp-json\/wp\/v2\/media\/1403302"}],"wp:attachment":[{"href":"https:\/\/www.pressenza.com\/pt-pt\/wp-json\/wp\/v2\/media?parent=1416360"}],"wp:term":[{"taxonomy":"category","embeddable":true,"href":"https:\/\/www.pressenza.com\/pt-pt\/wp-json\/wp\/v2\/categories?post=1416360"},{"taxonomy":"post_tag","embeddable":true,"href":"https:\/\/www.pressenza.com\/pt-pt\/wp-json\/wp\/v2\/tags?post=1416360"}],"curies":[{"name":"wp","href":"https:\/\/api.w.org\/{rel}","templated":true}]}}