{"id":1412498,"date":"2021-08-11T20:58:12","date_gmt":"2021-08-11T19:58:12","guid":{"rendered":"https:\/\/www.pressenza.com\/?p=1412498"},"modified":"2021-08-11T20:58:12","modified_gmt":"2021-08-11T19:58:12","slug":"eua-deixam-o-afeganistao-com-o-rabo-entre-as-pernas","status":"publish","type":"post","link":"https:\/\/www.pressenza.com\/pt-pt\/2021\/08\/eua-deixam-o-afeganistao-com-o-rabo-entre-as-pernas\/","title":{"rendered":"EUA deixam o Afeganist\u00e3o com o rabo entre as pernas"},"content":{"rendered":"<blockquote><p><span style=\"font-weight: 400;\">&#8220;Acuso o homem branco de ser o maior assassino da face da Terra. Acuso o homem branco de ser o maior criminoso que h\u00e1 neste Planeta. N\u00e3o h\u00e1 lugar neste mundo em que o homem branco possa ir e que possamos dizer que criou paz e harmonia. Onde quer que o homem branco v\u00e1, ele cria o caos. Onde quer que o homem branco v\u00e1, ele causa destrui\u00e7\u00e3o\u201d, disse Malcolm X, fazendo um resumo eloquente \u2013 e preciso \u2013 dos \u00faltimos 300 anos do imperialismo ocidental.<\/span><\/p><\/blockquote>\n<p><span style=\"font-weight: 400;\">Por Maitreya Bhakal<\/span><\/p>\n<p><span style=\"font-weight: 400;\">Recentemente, poucos s\u00e3o os exemplos dessa barb\u00e1rie Ocidental que melhor se enquadram nessa fala do que a invas\u00e3o dos EUA ao Afeganist\u00e3o. Embora n\u00e3o nas mesmas propor\u00e7\u00f5es da invas\u00e3o que promoveu ao Sudeste Asi\u00e1tico, ainda assim, foi altamente devastadora. Os EUA n\u00e3o implantaram armas qu\u00edmicas no Afeganist\u00e3o (at\u00e9 onde sabemos) como fizeram no Laos e no Vietn\u00e3. Enquanto os bombardeios estadunidenses no Afeganist\u00e3o foram brutalmente destrutivos, j\u00e1 os bombardeios no sudeste da \u00c1sia continental foram absolutamente genocidas (ressalve-se que ele perdeu essa guerra tamb\u00e9m).<\/span><\/p>\n<p><span style=\"font-weight: 400;\">Hoje, ao serem finalmente for\u00e7ados a deixar o pa\u00eds em que passaram 20 anos destruindo, os Estados Unidos conseguiram que o pa\u00eds ficasse no pior estado poss\u00edvel. Foi o chute pelas costas dos EUA em uma na\u00e7\u00e3o e no povo que n\u00e3o conseguiu subjugar \u2013 esse \u00faltimo ato de crueldade custou caro a milh\u00f5es de civis afeg\u00e3os inocentes.<\/span><\/p>\n<p><span style=\"font-weight: 400;\">Aos olhos da opini\u00e3o p\u00fablica, a invas\u00e3o ao Afeganist\u00e3o foi empreendida como forma de vingan\u00e7a pelos ataques de 11 de setembro, sobre o qual os EUA alegam terem sido realizados pela Al-Qaeda e por seu l\u00edder, Osama Bin Laden, que se acreditava estar sob a prote\u00e7\u00e3o do Talib\u00e3, o regime que governava o Afeganist\u00e3o na \u00e9poca. Outro fator que tamb\u00e9m ajudou foi a localiza\u00e7\u00e3o geopol\u00edtica estrat\u00e9gica daquele pa\u00eds.<\/span><\/p>\n<p><b>As guerras do povo\u00a0<\/b><\/p>\n<p><span style=\"font-weight: 400;\">De acordo com os dados oficiais dos EUA, 2.996 pessoas morreram devido aos ataques de 11 de setembro, dos quais 2.605 eram cidad\u00e3os estadunidenses. O governo dos EUA imediatamente enxergou nesse ato como uma oportunidade. Explorou os ataques e as mortes \u2013 e a simpatia global que geraram \u2013 como desculpa para aumentar sua influ\u00eancia geopol\u00edtica e a presen\u00e7a f\u00edsica no Oriente M\u00e9dio.<\/span><\/p>\n<p><span style=\"font-weight: 400;\">Mesmo antes da contagem de mortos, o governo entrou em cena e canalizou, com sucesso, o choque e a raiva da opini\u00e3o p\u00fablica em apoio \u00e0s a\u00e7\u00f5es militares. O consentimento foi dado quase imediatamente. Uma pesquisa realizada apenas um m\u00eas ap\u00f3s os ataques revelou que 88% da popula\u00e7\u00e3o apoiavam uma invas\u00e3o do Afeganist\u00e3o.<\/span><\/p>\n<p><span style=\"font-weight: 400;\">O que n\u00e3o chega a ser uma surpresa. A guerra tem sido frequentemente popular nos EUA \u2013 desde que poucos estadunidenses sejam mortos, ao contr\u00e1rio do que aconteceu no Vietn\u00e3. A grande maioria da popula\u00e7\u00e3o dos EUA tamb\u00e9m apoiou a invas\u00e3o do Iraque, em 2003. Recentemente, um em cada tr\u00eas estadunidenses afirma que apoiaria uma invas\u00e3o \u00e0 Coreia do Norte, at\u00e9 um ataque nuclear, mesmo sabendo que isso mataria um milh\u00e3o de pessoas.<\/span><\/p>\n<p><b>Malfeitores e mal perdedores<\/b><\/p>\n<p><span style=\"font-weight: 400;\">O n\u00edvel de maldade dos EUA \u00e9 compat\u00edvel com a sua incompet\u00eancia. Apesar de serem viciados em guerra, os EUA venceram poucas delas. Desde a Segunda Guerra Mundial, as for\u00e7as armadas estadunidenses, sempre com o dedo no gatilho, t\u00eam experimentado uma sucess\u00e3o de derrotas e objetivos fracassados, seja na Coreia, no Vietn\u00e3, no Iraque, no Afeganist\u00e3o, na S\u00edria ou em quaisquer outros lugares no mundo.<\/span><\/p>\n<p><span style=\"font-weight: 400;\">No Afeganist\u00e3o, uma das metas que estabeleceram era p\u00f4r as m\u00e3os em Osama Bin Laden. E eles conseguiram \u2013 s\u00f3 que no Paquist\u00e3o. No entanto, a Al Qaeda ainda est\u00e1 viva (embora enfraquecida) \u2013 apenas sob nomes diferentes. Os EUA tamb\u00e9m afirmaram que queriam transformar o Afeganist\u00e3o e do Iraque em &#8220;democracias&#8221;. O que se alcan\u00e7ou, em grande parte, foi o oposto a esse objetivo; ambos os pa\u00edses dificilmente se enquadrariam como belos exemplos de democracia, hoje em dia.<\/span><\/p>\n<p><span style=\"font-weight: 400;\">A &#8220;Guerra ao Terror&#8221; lan\u00e7ada pelos EUA \u2013 da qual a guerra no Afeganist\u00e3o foi um pilar fundamental \u2013 s\u00f3 fez aumentar o terrorismo. Al\u00e9m disso, dizimou um milh\u00e3o de pessoas e deslocou outros 37 milh\u00f5es. Mais ainda, serviu para criar o ISIL (Estado Isl\u00e2mico do Iraque e do Levante). A guerra fracassou por n\u00e3o acabar com a Al Qaeda e possivelmente criou mais grupos terroristas do que os que conseguiu destruir. Toda a regi\u00e3o foi devastada, e milh\u00f5es de vidas foram arruinadas.<\/span><\/p>\n<p><span style=\"font-weight: 400;\">Era quase como se os EUA tivessem um toque de Midas \u00e0s avessas: tudo o que eles tocam se transforma em p\u00f3.<\/span><\/p>\n<p><b>C\u00e9rebro, m\u00fasculos e or\u00e7amento<\/b><\/p>\n<p><span style=\"font-weight: 400;\">A retirada do Imp\u00e9rio dos Estados Unidos do Cemit\u00e9rio de Imp\u00e9rios representa uma admiss\u00e3o colossal de derrota. \u00c9 profundamente humilhante para a superpot\u00eancia n\u00e3o alcan\u00e7ar a vit\u00f3ria mesmo ap\u00f3s 20 anos de guerra e ocupa\u00e7\u00e3o, um pa\u00eds que det\u00e9m as for\u00e7as armadas mais poderosas e ricas do mundo. O governo provavelmente pensa que, uma vez que a guerra j\u00e1 deixou o foco da opini\u00e3o p\u00fablica no pa\u00eds, sua utilidade como distra\u00e7\u00e3o para os problemas dom\u00e9sticos passou a ser limitada. Matar aqueles mu\u00e7ulmanos malvados no Afeganist\u00e3o j\u00e1 n\u00e3o tem mais a serventia de antes.<\/span><\/p>\n<p><span style=\"font-weight: 400;\">O regime Talib\u00e3 que o governo dos EUA prometeu destruir, est\u00e1 mais forte do que nunca. Os EUA e a OTAN gastaram milh\u00f5es de d\u00f3lares treinando e equipando as for\u00e7as de seguran\u00e7a afeg\u00e3s. Em vez disso, o que eles conseguiram foi torn\u00e1-los t\u00e3o incompetentes quanto seus instrutores.<\/span><\/p>\n<p><span style=\"font-weight: 400;\">Atualmente, o Talib\u00e3 agora controla cerca de um ter\u00e7o das prov\u00edncias e centros administrativos distritos e centros distritais do Afeganist\u00e3o. Muitos deles foram conquistados sem luta; o Ex\u00e9rcito afeg\u00e3o simplesmente se rendeu e fugiu.<\/span><\/p>\n<p><span style=\"font-weight: 400;\">A ocupa\u00e7\u00e3o dos EUA pode ter acabado, mas para o povo afeg\u00e3o, h\u00e1 pouco al\u00edvio. Os EUA deixam o Afeganist\u00e3o em um estado pior do que encontraram ao ocupar o pa\u00eds. A na\u00e7\u00e3o afeg\u00e3 ser\u00e1 novamente governada pelo pr\u00f3prio regime que os EUA prometeram derrubar. Depois de 20 anos e 200 mil mortes, o Afeganist\u00e3o est\u00e1 de volta \u00e0 estaca zero.<\/span><\/p>\n<hr \/>\n<p><b><i>Nota do Editor: <\/i><\/b><i><span style=\"font-weight: 400;\">Maitreya Bhakal \u00e9 um comentarista indiano que escreve sobre a China, a \u00cdndia, os EUA e sobre quest\u00f5es globais. O artigo reflete as opini\u00f5es do autor e n\u00e3o necessariamente as opini\u00f5es da CGTN.<\/span><\/i><\/p>\n<p><a href=\"https:\/\/news.cgtn.com\/news\/2021-07-12\/U-S-leaves-Afghanistan-with-its-tail-between-its-legs-11PHUPh6pLW\/index.html\" target=\"_blank\" rel=\"noopener\"><span style=\"font-weight: 400;\">O artigo original pode ser encontrado aqui<\/span><\/a><\/p>\n<hr \/>\n<p><em><span style=\"font-weight: 400;\">Traduzido do ingl\u00eas por Doralice Silva \/ Revisado por Jos\u00e9 Luiz Corr\u00eaa<\/span><\/em><\/p>\n","protected":false},"excerpt":{"rendered":"<p>&#8220;Acuso o homem branco de ser o maior assassino da face da Terra. Acuso o homem branco de ser o maior criminoso que h\u00e1 neste Planeta. N\u00e3o h\u00e1 lugar neste mundo em que o homem branco possa ir e que&hellip;<\/p>\n","protected":false},"author":1785,"featured_media":1397552,"comment_status":"closed","ping_status":"closed","sticky":false,"template":"","format":"standard","meta":{"footnotes":""},"categories":[102,108,1257],"tags":[10297,27669,93811],"class_list":["post-1412498","post","type-post","status-publish","format-standard","has-post-thumbnail","hentry","category-asia-pt-pt","category-oriente-medio","category-paz-desarmamento","tag-afeganistao","tag-guerra-ao-terror","tag-retirada-dos-estados-unidos"],"yoast_head":"<!-- This site is optimized with the Yoast SEO plugin v27.1.1 - https:\/\/yoast.com\/product\/yoast-seo-wordpress\/ -->\n<title>EUA deixam o Afeganist\u00e3o com o rabo entre as pernas<\/title>\n<meta name=\"description\" content=\"&quot;Acuso o homem branco de ser o maior assassino da face da Terra. Acuso o homem branco de ser o maior criminoso que h\u00e1 neste Planeta. N\u00e3o h\u00e1 lugar neste\" \/>\n<meta name=\"robots\" content=\"index, follow, max-snippet:-1, max-image-preview:large, max-video-preview:-1\" \/>\n<link rel=\"canonical\" href=\"https:\/\/www.pressenza.com\/pt-pt\/2021\/08\/eua-deixam-o-afeganistao-com-o-rabo-entre-as-pernas\/\" \/>\n<meta property=\"og:locale\" content=\"pt_PT\" \/>\n<meta property=\"og:type\" content=\"article\" \/>\n<meta property=\"og:title\" content=\"EUA deixam o Afeganist\u00e3o com o rabo entre as pernas\" \/>\n<meta property=\"og:description\" content=\"&quot;Acuso o homem branco de ser o maior assassino da face da Terra. Acuso o homem branco de ser o maior criminoso que h\u00e1 neste Planeta. N\u00e3o h\u00e1 lugar neste\" \/>\n<meta property=\"og:url\" content=\"https:\/\/www.pressenza.com\/pt-pt\/2021\/08\/eua-deixam-o-afeganistao-com-o-rabo-entre-as-pernas\/\" \/>\n<meta property=\"og:site_name\" content=\"Pressenza\" \/>\n<meta property=\"article:publisher\" content=\"https:\/\/www.facebook.com\/PressenzaItalia\" \/>\n<meta property=\"article:published_time\" content=\"2021-08-11T19:58:12+00:00\" \/>\n<meta property=\"og:image\" content=\"https:\/\/www.pressenza.com\/wp-content\/uploads\/2021\/07\/America_Withdraw_from_Afghanistan.jpeg\" \/>\n\t<meta property=\"og:image:width\" content=\"1024\" \/>\n\t<meta property=\"og:image:height\" content=\"684\" \/>\n\t<meta property=\"og:image:type\" content=\"image\/jpeg\" \/>\n<meta name=\"author\" content=\"CGTN China Global Television Network\" \/>\n<meta name=\"twitter:card\" content=\"summary_large_image\" \/>\n<meta name=\"twitter:creator\" content=\"@PressenzaIPA\" \/>\n<meta name=\"twitter:site\" content=\"@PressenzaIPA\" \/>\n<meta name=\"twitter:label1\" content=\"Escrito por\" \/>\n\t<meta name=\"twitter:data1\" content=\"CGTN China Global Television Network\" \/>\n\t<meta name=\"twitter:label2\" content=\"Tempo estimado de leitura\" \/>\n\t<meta name=\"twitter:data2\" content=\"6 minutos\" \/>\n<script type=\"application\/ld+json\" class=\"yoast-schema-graph\">{\"@context\":\"https:\/\/schema.org\",\"@graph\":[{\"@type\":\"Article\",\"@id\":\"https:\/\/www.pressenza.com\/pt-pt\/2021\/08\/eua-deixam-o-afeganistao-com-o-rabo-entre-as-pernas\/#article\",\"isPartOf\":{\"@id\":\"https:\/\/www.pressenza.com\/pt-pt\/2021\/08\/eua-deixam-o-afeganistao-com-o-rabo-entre-as-pernas\/\"},\"author\":{\"name\":\"CGTN China Global Television Network\",\"@id\":\"https:\/\/www.pressenza.com\/pt-pt\/#\/schema\/person\/732fd28015c665a5d52b219e15541225\"},\"headline\":\"EUA deixam o Afeganist\u00e3o com o rabo entre as pernas\",\"datePublished\":\"2021-08-11T19:58:12+00:00\",\"mainEntityOfPage\":{\"@id\":\"https:\/\/www.pressenza.com\/pt-pt\/2021\/08\/eua-deixam-o-afeganistao-com-o-rabo-entre-as-pernas\/\"},\"wordCount\":1155,\"publisher\":{\"@id\":\"https:\/\/www.pressenza.com\/pt-pt\/#organization\"},\"image\":{\"@id\":\"https:\/\/www.pressenza.com\/pt-pt\/2021\/08\/eua-deixam-o-afeganistao-com-o-rabo-entre-as-pernas\/#primaryimage\"},\"thumbnailUrl\":\"https:\/\/www.pressenza.com\/wp-content\/uploads\/2021\/07\/America_Withdraw_from_Afghanistan.jpeg\",\"keywords\":[\"afeganistao\",\"guerra ao terror\",\"Retirada dos Estados Unidos\"],\"articleSection\":[\"Asia\",\"Oriente M\u00e9dio\",\"Paz e Desarmamento\"],\"inLanguage\":\"pt-PT\"},{\"@type\":\"WebPage\",\"@id\":\"https:\/\/www.pressenza.com\/pt-pt\/2021\/08\/eua-deixam-o-afeganistao-com-o-rabo-entre-as-pernas\/\",\"url\":\"https:\/\/www.pressenza.com\/pt-pt\/2021\/08\/eua-deixam-o-afeganistao-com-o-rabo-entre-as-pernas\/\",\"name\":\"EUA deixam o Afeganist\u00e3o com o rabo entre as pernas\",\"isPartOf\":{\"@id\":\"https:\/\/www.pressenza.com\/pt-pt\/#website\"},\"primaryImageOfPage\":{\"@id\":\"https:\/\/www.pressenza.com\/pt-pt\/2021\/08\/eua-deixam-o-afeganistao-com-o-rabo-entre-as-pernas\/#primaryimage\"},\"image\":{\"@id\":\"https:\/\/www.pressenza.com\/pt-pt\/2021\/08\/eua-deixam-o-afeganistao-com-o-rabo-entre-as-pernas\/#primaryimage\"},\"thumbnailUrl\":\"https:\/\/www.pressenza.com\/wp-content\/uploads\/2021\/07\/America_Withdraw_from_Afghanistan.jpeg\",\"datePublished\":\"2021-08-11T19:58:12+00:00\",\"description\":\"\\\"Acuso o homem branco de ser o maior assassino da face da Terra. Acuso o homem branco de ser o maior criminoso que h\u00e1 neste Planeta. N\u00e3o h\u00e1 lugar neste\",\"breadcrumb\":{\"@id\":\"https:\/\/www.pressenza.com\/pt-pt\/2021\/08\/eua-deixam-o-afeganistao-com-o-rabo-entre-as-pernas\/#breadcrumb\"},\"inLanguage\":\"pt-PT\",\"potentialAction\":[{\"@type\":\"ReadAction\",\"target\":[\"https:\/\/www.pressenza.com\/pt-pt\/2021\/08\/eua-deixam-o-afeganistao-com-o-rabo-entre-as-pernas\/\"]}]},{\"@type\":\"ImageObject\",\"inLanguage\":\"pt-PT\",\"@id\":\"https:\/\/www.pressenza.com\/pt-pt\/2021\/08\/eua-deixam-o-afeganistao-com-o-rabo-entre-as-pernas\/#primaryimage\",\"url\":\"https:\/\/www.pressenza.com\/wp-content\/uploads\/2021\/07\/America_Withdraw_from_Afghanistan.jpeg\",\"contentUrl\":\"https:\/\/www.pressenza.com\/wp-content\/uploads\/2021\/07\/America_Withdraw_from_Afghanistan.jpeg\",\"width\":1024,\"height\":684,\"caption\":\"American Troops leaving Afghanistan\"},{\"@type\":\"BreadcrumbList\",\"@id\":\"https:\/\/www.pressenza.com\/pt-pt\/2021\/08\/eua-deixam-o-afeganistao-com-o-rabo-entre-as-pernas\/#breadcrumb\",\"itemListElement\":[{\"@type\":\"ListItem\",\"position\":1,\"name\":\"Accueil\",\"item\":\"https:\/\/www.pressenza.com\/pt-pt\/\"},{\"@type\":\"ListItem\",\"position\":2,\"name\":\"EUA deixam o Afeganist\u00e3o com o rabo entre as pernas\"}]},{\"@type\":\"WebSite\",\"@id\":\"https:\/\/www.pressenza.com\/pt-pt\/#website\",\"url\":\"https:\/\/www.pressenza.com\/pt-pt\/\",\"name\":\"Pressenza\",\"description\":\"International Press Agency\",\"publisher\":{\"@id\":\"https:\/\/www.pressenza.com\/pt-pt\/#organization\"},\"potentialAction\":[{\"@type\":\"SearchAction\",\"target\":{\"@type\":\"EntryPoint\",\"urlTemplate\":\"https:\/\/www.pressenza.com\/pt-pt\/?s={search_term_string}\"},\"query-input\":{\"@type\":\"PropertyValueSpecification\",\"valueRequired\":true,\"valueName\":\"search_term_string\"}}],\"inLanguage\":\"pt-PT\"},{\"@type\":\"Organization\",\"@id\":\"https:\/\/www.pressenza.com\/pt-pt\/#organization\",\"name\":\"Pressenza\",\"url\":\"https:\/\/www.pressenza.com\/pt-pt\/\",\"logo\":{\"@type\":\"ImageObject\",\"inLanguage\":\"pt-PT\",\"@id\":\"https:\/\/www.pressenza.com\/pt-pt\/#\/schema\/logo\/image\/\",\"url\":\"https:\/\/www.pressenza.com\/wp-content\/uploads\/2022\/10\/pressenza_logo_200x200.jpg\",\"contentUrl\":\"https:\/\/www.pressenza.com\/wp-content\/uploads\/2022\/10\/pressenza_logo_200x200.jpg\",\"width\":200,\"height\":200,\"caption\":\"Pressenza\"},\"image\":{\"@id\":\"https:\/\/www.pressenza.com\/pt-pt\/#\/schema\/logo\/image\/\"},\"sameAs\":[\"https:\/\/www.facebook.com\/PressenzaItalia\",\"https:\/\/x.com\/PressenzaIPA\"]},{\"@type\":\"Person\",\"@id\":\"https:\/\/www.pressenza.com\/pt-pt\/#\/schema\/person\/732fd28015c665a5d52b219e15541225\",\"name\":\"CGTN China Global Television Network\",\"description\":\"China Global Television Network, or CGTN, is an international media organization launched by CCTV on December 31, 2016. It is now part of China's predominant radio and television broadcaster, China Media Group, which has incorporated CCTV, CNR and CRI since March 2018.\",\"sameAs\":[\"https:\/\/www.cgtn.com\/\"],\"url\":\"https:\/\/www.pressenza.com\/pt-pt\/author\/cgtn\/\"}]}<\/script>\n<!-- \/ Yoast SEO plugin. -->","yoast_head_json":{"title":"EUA deixam o Afeganist\u00e3o com o rabo entre as pernas","description":"\"Acuso o homem branco de ser o maior assassino da face da Terra. Acuso o homem branco de ser o maior criminoso que h\u00e1 neste Planeta. N\u00e3o h\u00e1 lugar neste","robots":{"index":"index","follow":"follow","max-snippet":"max-snippet:-1","max-image-preview":"max-image-preview:large","max-video-preview":"max-video-preview:-1"},"canonical":"https:\/\/www.pressenza.com\/pt-pt\/2021\/08\/eua-deixam-o-afeganistao-com-o-rabo-entre-as-pernas\/","og_locale":"pt_PT","og_type":"article","og_title":"EUA deixam o Afeganist\u00e3o com o rabo entre as pernas","og_description":"\"Acuso o homem branco de ser o maior assassino da face da Terra. Acuso o homem branco de ser o maior criminoso que h\u00e1 neste Planeta. N\u00e3o h\u00e1 lugar neste","og_url":"https:\/\/www.pressenza.com\/pt-pt\/2021\/08\/eua-deixam-o-afeganistao-com-o-rabo-entre-as-pernas\/","og_site_name":"Pressenza","article_publisher":"https:\/\/www.facebook.com\/PressenzaItalia","article_published_time":"2021-08-11T19:58:12+00:00","og_image":[{"width":1024,"height":684,"url":"https:\/\/www.pressenza.com\/wp-content\/uploads\/2021\/07\/America_Withdraw_from_Afghanistan.jpeg","type":"image\/jpeg"}],"author":"CGTN China Global Television Network","twitter_card":"summary_large_image","twitter_creator":"@PressenzaIPA","twitter_site":"@PressenzaIPA","twitter_misc":{"Escrito por":"CGTN China Global Television Network","Tempo estimado de leitura":"6 minutos"},"schema":{"@context":"https:\/\/schema.org","@graph":[{"@type":"Article","@id":"https:\/\/www.pressenza.com\/pt-pt\/2021\/08\/eua-deixam-o-afeganistao-com-o-rabo-entre-as-pernas\/#article","isPartOf":{"@id":"https:\/\/www.pressenza.com\/pt-pt\/2021\/08\/eua-deixam-o-afeganistao-com-o-rabo-entre-as-pernas\/"},"author":{"name":"CGTN China Global Television Network","@id":"https:\/\/www.pressenza.com\/pt-pt\/#\/schema\/person\/732fd28015c665a5d52b219e15541225"},"headline":"EUA deixam o Afeganist\u00e3o com o rabo entre as pernas","datePublished":"2021-08-11T19:58:12+00:00","mainEntityOfPage":{"@id":"https:\/\/www.pressenza.com\/pt-pt\/2021\/08\/eua-deixam-o-afeganistao-com-o-rabo-entre-as-pernas\/"},"wordCount":1155,"publisher":{"@id":"https:\/\/www.pressenza.com\/pt-pt\/#organization"},"image":{"@id":"https:\/\/www.pressenza.com\/pt-pt\/2021\/08\/eua-deixam-o-afeganistao-com-o-rabo-entre-as-pernas\/#primaryimage"},"thumbnailUrl":"https:\/\/www.pressenza.com\/wp-content\/uploads\/2021\/07\/America_Withdraw_from_Afghanistan.jpeg","keywords":["afeganistao","guerra ao terror","Retirada dos Estados Unidos"],"articleSection":["Asia","Oriente M\u00e9dio","Paz e Desarmamento"],"inLanguage":"pt-PT"},{"@type":"WebPage","@id":"https:\/\/www.pressenza.com\/pt-pt\/2021\/08\/eua-deixam-o-afeganistao-com-o-rabo-entre-as-pernas\/","url":"https:\/\/www.pressenza.com\/pt-pt\/2021\/08\/eua-deixam-o-afeganistao-com-o-rabo-entre-as-pernas\/","name":"EUA deixam o Afeganist\u00e3o com o rabo entre as pernas","isPartOf":{"@id":"https:\/\/www.pressenza.com\/pt-pt\/#website"},"primaryImageOfPage":{"@id":"https:\/\/www.pressenza.com\/pt-pt\/2021\/08\/eua-deixam-o-afeganistao-com-o-rabo-entre-as-pernas\/#primaryimage"},"image":{"@id":"https:\/\/www.pressenza.com\/pt-pt\/2021\/08\/eua-deixam-o-afeganistao-com-o-rabo-entre-as-pernas\/#primaryimage"},"thumbnailUrl":"https:\/\/www.pressenza.com\/wp-content\/uploads\/2021\/07\/America_Withdraw_from_Afghanistan.jpeg","datePublished":"2021-08-11T19:58:12+00:00","description":"\"Acuso o homem branco de ser o maior assassino da face da Terra. Acuso o homem branco de ser o maior criminoso que h\u00e1 neste Planeta. N\u00e3o h\u00e1 lugar neste","breadcrumb":{"@id":"https:\/\/www.pressenza.com\/pt-pt\/2021\/08\/eua-deixam-o-afeganistao-com-o-rabo-entre-as-pernas\/#breadcrumb"},"inLanguage":"pt-PT","potentialAction":[{"@type":"ReadAction","target":["https:\/\/www.pressenza.com\/pt-pt\/2021\/08\/eua-deixam-o-afeganistao-com-o-rabo-entre-as-pernas\/"]}]},{"@type":"ImageObject","inLanguage":"pt-PT","@id":"https:\/\/www.pressenza.com\/pt-pt\/2021\/08\/eua-deixam-o-afeganistao-com-o-rabo-entre-as-pernas\/#primaryimage","url":"https:\/\/www.pressenza.com\/wp-content\/uploads\/2021\/07\/America_Withdraw_from_Afghanistan.jpeg","contentUrl":"https:\/\/www.pressenza.com\/wp-content\/uploads\/2021\/07\/America_Withdraw_from_Afghanistan.jpeg","width":1024,"height":684,"caption":"American Troops leaving Afghanistan"},{"@type":"BreadcrumbList","@id":"https:\/\/www.pressenza.com\/pt-pt\/2021\/08\/eua-deixam-o-afeganistao-com-o-rabo-entre-as-pernas\/#breadcrumb","itemListElement":[{"@type":"ListItem","position":1,"name":"Accueil","item":"https:\/\/www.pressenza.com\/pt-pt\/"},{"@type":"ListItem","position":2,"name":"EUA deixam o Afeganist\u00e3o com o rabo entre as pernas"}]},{"@type":"WebSite","@id":"https:\/\/www.pressenza.com\/pt-pt\/#website","url":"https:\/\/www.pressenza.com\/pt-pt\/","name":"Pressenza","description":"International Press Agency","publisher":{"@id":"https:\/\/www.pressenza.com\/pt-pt\/#organization"},"potentialAction":[{"@type":"SearchAction","target":{"@type":"EntryPoint","urlTemplate":"https:\/\/www.pressenza.com\/pt-pt\/?s={search_term_string}"},"query-input":{"@type":"PropertyValueSpecification","valueRequired":true,"valueName":"search_term_string"}}],"inLanguage":"pt-PT"},{"@type":"Organization","@id":"https:\/\/www.pressenza.com\/pt-pt\/#organization","name":"Pressenza","url":"https:\/\/www.pressenza.com\/pt-pt\/","logo":{"@type":"ImageObject","inLanguage":"pt-PT","@id":"https:\/\/www.pressenza.com\/pt-pt\/#\/schema\/logo\/image\/","url":"https:\/\/www.pressenza.com\/wp-content\/uploads\/2022\/10\/pressenza_logo_200x200.jpg","contentUrl":"https:\/\/www.pressenza.com\/wp-content\/uploads\/2022\/10\/pressenza_logo_200x200.jpg","width":200,"height":200,"caption":"Pressenza"},"image":{"@id":"https:\/\/www.pressenza.com\/pt-pt\/#\/schema\/logo\/image\/"},"sameAs":["https:\/\/www.facebook.com\/PressenzaItalia","https:\/\/x.com\/PressenzaIPA"]},{"@type":"Person","@id":"https:\/\/www.pressenza.com\/pt-pt\/#\/schema\/person\/732fd28015c665a5d52b219e15541225","name":"CGTN China Global Television Network","description":"China Global Television Network, or CGTN, is an international media organization launched by CCTV on December 31, 2016. It is now part of China's predominant radio and television broadcaster, China Media Group, which has incorporated CCTV, CNR and CRI since March 2018.","sameAs":["https:\/\/www.cgtn.com\/"],"url":"https:\/\/www.pressenza.com\/pt-pt\/author\/cgtn\/"}]}},"place":"","original_article_url":"","_links":{"self":[{"href":"https:\/\/www.pressenza.com\/pt-pt\/wp-json\/wp\/v2\/posts\/1412498","targetHints":{"allow":["GET"]}}],"collection":[{"href":"https:\/\/www.pressenza.com\/pt-pt\/wp-json\/wp\/v2\/posts"}],"about":[{"href":"https:\/\/www.pressenza.com\/pt-pt\/wp-json\/wp\/v2\/types\/post"}],"author":[{"embeddable":true,"href":"https:\/\/www.pressenza.com\/pt-pt\/wp-json\/wp\/v2\/users\/1785"}],"replies":[{"embeddable":true,"href":"https:\/\/www.pressenza.com\/pt-pt\/wp-json\/wp\/v2\/comments?post=1412498"}],"version-history":[{"count":0,"href":"https:\/\/www.pressenza.com\/pt-pt\/wp-json\/wp\/v2\/posts\/1412498\/revisions"}],"wp:featuredmedia":[{"embeddable":true,"href":"https:\/\/www.pressenza.com\/pt-pt\/wp-json\/wp\/v2\/media\/1397552"}],"wp:attachment":[{"href":"https:\/\/www.pressenza.com\/pt-pt\/wp-json\/wp\/v2\/media?parent=1412498"}],"wp:term":[{"taxonomy":"category","embeddable":true,"href":"https:\/\/www.pressenza.com\/pt-pt\/wp-json\/wp\/v2\/categories?post=1412498"},{"taxonomy":"post_tag","embeddable":true,"href":"https:\/\/www.pressenza.com\/pt-pt\/wp-json\/wp\/v2\/tags?post=1412498"}],"curies":[{"name":"wp","href":"https:\/\/api.w.org\/{rel}","templated":true}]}}