{"id":1407861,"date":"2021-08-08T06:00:49","date_gmt":"2021-08-08T05:00:49","guid":{"rendered":"https:\/\/www.pressenza.com\/?p=1407861"},"modified":"2021-07-30T22:40:44","modified_gmt":"2021-07-30T21:40:44","slug":"eu-gosto-de-lugares-que-se-transformam","status":"publish","type":"post","link":"https:\/\/www.pressenza.com\/pt-pt\/2021\/08\/eu-gosto-de-lugares-que-se-transformam\/","title":{"rendered":"Eu gosto de lugares que se transformam"},"content":{"rendered":"<p><b>CAUSAS<\/b><\/p>\n<p><span style=\"font-weight: 400;\">\u00a0<\/span><span style=\"font-weight: 400;\">Eu gosto de lugares que se transformam. Sim, eu gosto.<\/span><\/p>\n<p><span style=\"font-weight: 400;\">Gosto de espa\u00e7os que v\u00e3o mudando ao ritmo do trabalho das pessoas que os exploraram e os feriram ontem, ou que hoje os caminham e desfrutam&#8230; porque falam do processo hist\u00f3rico.<\/span><\/p>\n<p><span style=\"font-weight: 400;\">Gosto de passar por eles, apesar de saber que um dia tornaram propriedade de uns poucos, a quem pagamos para passar a um homem poderoso, que recebeu uma retribui\u00e7\u00e3o por finalmente devolv\u00ea-los a todos, de quem nunca deveriam ter sa\u00eddo.<\/span><\/p>\n<p><span style=\"font-weight: 400;\">Eu gosto, sim. Gosto de trilhar as pegadas das estradas que j\u00e1 foram frentes de batalha, que cujas feridas ficaram com vest\u00edgios vis\u00edveis e grandes t\u00faneis nos quais o sil\u00eancio tenta silenciar os ecos da crueldade.<\/span><\/p>\n<p><span style=\"font-weight: 400;\">Eu gosto, me eleva o cora\u00e7\u00e3o ver como se transformaram em espa\u00e7os em que o tempo se esquece e onde cada pessoa procura ser feliz. Gosto de observar pessoas que se exercitam para se sentirem bem, enquanto outras participam de cerim\u00f4nias religiosas e grupos de crian\u00e7as correm ou jovens realizam um jogo de RPG e muitos mais conversam calmamente.<\/span><\/p>\n<p><span style=\"font-weight: 400;\">Eu gosto deles sim, eu gosto deles. Mesmo sabendo dos altos e baixos a que ainda est\u00e3o expostos, em decorr\u00eancia da gan\u00e2ncia de alguns que atuam contra tudo e todos.<\/span><\/p>\n<p><span style=\"font-weight: 400;\">Gosto deles, embora me d\u00f3i v\u00ea-los amea\u00e7ados por uma nevasca que os atingiu porque n\u00e3o foram cuidados. Sim, e estou indignado por pagarmos mais uma vez, e por pagarmos mais \u00e0queles que deveriam t\u00ea-los protegido antes.<\/span><\/p>\n<p><span style=\"font-weight: 400;\">\u00c9 dif\u00edcil para mim manter o meu olhar e ver como uma grande parte das \u00e1rvores que povoavam florestas ou parques naturais como a Casa de Campo em Madri desapareceram, e observar com os meus olhos tantas colinas e prados que antes eu apenas sentia se eu n\u00e3o me atrevesse a caminhar com eles. Me causa indigna\u00e7\u00e3o, sim, enormemente, mas eu gosto deles.<\/span><\/p>\n<p><span style=\"font-weight: 400;\">Quem vegeta tortuoso pela gan\u00e2ncia n\u00e3o sabe que as \u00e1rvores que sobraram brotar\u00e3o mil vezes e que seus bra\u00e7os mutilados crescer\u00e3o para a luz, aproveitando o vazio que os rodeia.<\/span><\/p>\n<p><span style=\"font-weight: 400;\">Sim, eu gosto, gosto destes espa\u00e7os que se transformam ao sabor do que um dia os nossos herdeiros estudar\u00e3o como pr\u00e9-hist\u00f3ria humana, esta fase em que a viol\u00eancia ainda domina e se recusa a desaparecer, mas se diluir\u00e1 perante o impulso irrefre\u00e1vel da natureza e da vida.<\/span><\/p>\n<p><span style=\"font-weight: 400;\">Gosto de apostar num outro futuro e saborear como, com grandes desvios, a Hist\u00f3ria &#8211; enfim e aos poucos &#8211; volta o olhar para o comum e as linhas tortas se reescrevem, com a linguagem que nos empurra para a liberta\u00e7\u00e3o e que nasce do interior do ser humano, onde se ouve o batimento card\u00edaco que move o Universo e a Vida&#8230; aqui, onde mora a esperan\u00e7a.<\/span><\/p>\n<div class=\"post-gallery\">\n\t\t\t<figure class=\"post-gallery-item\">\n\t\t\t\t<img decoding=\"async\" src=\"https:\/\/www.pressenza.com\/wp-content\/uploads\/2021\/04\/20210311_100619-720x405.jpg\" loading=\"lazy\">\n\t\t\t\t<figcaption>\n\t\t\t\t\tRestos Guerra Civil. Madrid, Espa\u00f1a\n\t\t\t\t<\/figcaption>\n\t\t\t<\/figure>\n\t\t\t<figure class=\"post-gallery-item\">\n\t\t\t\t<img decoding=\"async\" src=\"https:\/\/www.pressenza.com\/wp-content\/uploads\/2021\/04\/20210311_100543-720x405.jpg\" loading=\"lazy\">\n\t\t\t\t<figcaption>\n\t\t\t\t\tRestos Guerra Civil. Madrid, Espa\u00f1a\n\t\t\t\t<\/figcaption>\n\t\t\t<\/figure>\n\t\t\t<figure class=\"post-gallery-item\">\n\t\t\t\t<img decoding=\"async\" src=\"https:\/\/www.pressenza.com\/wp-content\/uploads\/2021\/04\/20210311_101114-720x405.jpg\" loading=\"lazy\">\n\t\t\t\t<figcaption>\n\t\t\t\t\tEfectos Nevada Madrid\n\t\t\t\t<\/figcaption>\n\t\t\t<\/figure>\n\t\t\t<figure class=\"post-gallery-item\">\n\t\t\t\t<img decoding=\"async\" src=\"https:\/\/www.pressenza.com\/wp-content\/uploads\/2021\/04\/20210311_101214-720x405.jpg\" loading=\"lazy\">\n\t\t\t\t<figcaption>\n\t\t\t\t\tEfectos Nevada Madrid\n\t\t\t\t<\/figcaption>\n\t\t\t<\/figure>\n\t\t\t<figure class=\"post-gallery-item\">\n\t\t\t\t<img decoding=\"async\" src=\"https:\/\/www.pressenza.com\/wp-content\/uploads\/2021\/04\/20210328_195501-720x405.jpg\" loading=\"lazy\">\n\t\t\t\t<figcaption>\n\t\t\t\t\tEfectos Nevada Madrid\n\t\t\t\t<\/figcaption>\n\t\t\t<\/figure>\n\t\t\t<figure class=\"post-gallery-item\">\n\t\t\t\t<img decoding=\"async\" src=\"https:\/\/www.pressenza.com\/wp-content\/uploads\/2021\/04\/20210328_195740-720x405.jpg\" loading=\"lazy\">\n\t\t\t\t<figcaption>\n\t\t\t\t\tCasa de Campo Madrid\n\t\t\t\t<\/figcaption>\n\t\t\t<\/figure>\n\t\t\t<figure class=\"post-gallery-item\">\n\t\t\t\t<img decoding=\"async\" src=\"https:\/\/www.pressenza.com\/wp-content\/uploads\/2021\/04\/20210311_101017-720x405.jpg\" loading=\"lazy\">\n\t\t\t\t<figcaption>\n\t\t\t\t\tCasa de Campo Madrid\n\t\t\t\t<\/figcaption>\n\t\t\t<\/figure>\n\t\t\t<figure class=\"post-gallery-item\">\n\t\t\t\t<img decoding=\"async\" src=\"https:\/\/www.pressenza.com\/wp-content\/uploads\/2021\/04\/20210331_142823-576x1024.jpg\" loading=\"lazy\">\n\t\t\t\t<figcaption>\n\t\t\t\t\tCasa de Campo Madrid\n\t\t\t\t<\/figcaption>\n\t\t\t<\/figure><\/div>\n<hr \/>\n<p><em>Traduzido do espanhol por Mercia Santos \/ Revisado por Tatiana Elizabeth\u00a0<\/em><\/p>\n","protected":false},"excerpt":{"rendered":"<p>CAUSAS \u00a0Eu gosto de lugares que se transformam. Sim, eu gosto. Gosto de espa\u00e7os que v\u00e3o mudando ao ritmo do trabalho das pessoas que os exploraram e os feriram ontem, ou que hoje os caminham e desfrutam&#8230; porque falam do&hellip;<\/p>\n","protected":false},"author":1561,"featured_media":1334227,"comment_status":"closed","ping_status":"closed","sticky":false,"template":"","format":"standard","meta":{"footnotes":""},"categories":[11390,112,115,1254],"tags":[75238,93524,93527],"class_list":["post-1407861","post","type-post","status-publish","format-standard","has-post-thumbnail","hentry","category-conteudo-original","category-cultura-pt-pt","category-ecologia-e-meio-ambiente","category-humanismo-espiritualidade","tag-caderno-de-cultura","tag-onde-vive-a-esperanca","tag-privatizacao-de-servicos-publicos"],"yoast_head":"<!-- This site is optimized with the Yoast SEO plugin v27.1.1 - https:\/\/yoast.com\/product\/yoast-seo-wordpress\/ -->\n<title>Eu gosto de lugares que se transformam<\/title>\n<meta name=\"description\" content=\"CAUSAS \u00a0Eu gosto de lugares que se transformam. Sim, eu gosto. Gosto de espa\u00e7os que v\u00e3o mudando ao ritmo do trabalho das pessoas que os exploraram e os\" \/>\n<meta name=\"robots\" content=\"index, follow, max-snippet:-1, max-image-preview:large, max-video-preview:-1\" \/>\n<link rel=\"canonical\" href=\"https:\/\/www.pressenza.com\/pt-pt\/2021\/08\/eu-gosto-de-lugares-que-se-transformam\/\" \/>\n<meta property=\"og:locale\" content=\"pt_PT\" \/>\n<meta property=\"og:type\" content=\"article\" \/>\n<meta property=\"og:title\" content=\"Eu gosto de lugares que se transformam\" \/>\n<meta property=\"og:description\" content=\"CAUSAS \u00a0Eu gosto de lugares que se transformam. Sim, eu gosto. Gosto de espa\u00e7os que v\u00e3o mudando ao ritmo do trabalho das pessoas que os exploraram e os\" \/>\n<meta property=\"og:url\" content=\"https:\/\/www.pressenza.com\/pt-pt\/2021\/08\/eu-gosto-de-lugares-que-se-transformam\/\" \/>\n<meta property=\"og:site_name\" content=\"Pressenza\" \/>\n<meta property=\"article:publisher\" content=\"https:\/\/www.facebook.com\/PressenzaItalia\" \/>\n<meta property=\"article:published_time\" content=\"2021-08-08T05:00:49+00:00\" \/>\n<meta property=\"og:image\" content=\"https:\/\/www.pressenza.com\/wp-content\/uploads\/2021\/04\/20210311_101114.jpg\" \/>\n\t<meta property=\"og:image:width\" content=\"1920\" \/>\n\t<meta property=\"og:image:height\" content=\"1080\" \/>\n\t<meta property=\"og:image:type\" content=\"image\/jpeg\" \/>\n<meta name=\"author\" content=\"Juana P\u00e9rez Montero\" \/>\n<meta name=\"twitter:card\" content=\"summary_large_image\" \/>\n<meta name=\"twitter:creator\" content=\"@PressenzaIPA\" \/>\n<meta name=\"twitter:site\" content=\"@PressenzaIPA\" \/>\n<meta name=\"twitter:label1\" content=\"Escrito por\" \/>\n\t<meta name=\"twitter:data1\" content=\"Juana P\u00e9rez Montero\" \/>\n\t<meta name=\"twitter:label2\" content=\"Tempo estimado de leitura\" \/>\n\t<meta name=\"twitter:data2\" content=\"3 minutos\" \/>\n<script type=\"application\/ld+json\" class=\"yoast-schema-graph\">{\"@context\":\"https:\/\/schema.org\",\"@graph\":[{\"@type\":\"Article\",\"@id\":\"https:\/\/www.pressenza.com\/pt-pt\/2021\/08\/eu-gosto-de-lugares-que-se-transformam\/#article\",\"isPartOf\":{\"@id\":\"https:\/\/www.pressenza.com\/pt-pt\/2021\/08\/eu-gosto-de-lugares-que-se-transformam\/\"},\"author\":{\"name\":\"Juana P\u00e9rez Montero\",\"@id\":\"https:\/\/www.pressenza.com\/pt-pt\/#\/schema\/person\/606cbea0307458f18c06dd6b1ec227ec\"},\"headline\":\"Eu gosto de lugares que se transformam\",\"datePublished\":\"2021-08-08T05:00:49+00:00\",\"mainEntityOfPage\":{\"@id\":\"https:\/\/www.pressenza.com\/pt-pt\/2021\/08\/eu-gosto-de-lugares-que-se-transformam\/\"},\"wordCount\":508,\"publisher\":{\"@id\":\"https:\/\/www.pressenza.com\/pt-pt\/#organization\"},\"image\":{\"@id\":\"https:\/\/www.pressenza.com\/pt-pt\/2021\/08\/eu-gosto-de-lugares-que-se-transformam\/#primaryimage\"},\"thumbnailUrl\":\"https:\/\/www.pressenza.com\/wp-content\/uploads\/2021\/04\/20210311_101114.jpg\",\"keywords\":[\"caderno de cultura\",\"onde vive a esperan\u00e7a\",\"Privatiza\u00e7\u00e3o de servi\u00e7os p\u00fablicos\"],\"articleSection\":[\"Conte\u00fado Original\",\"Cultura e M\u00eddia\",\"Ecologia e Meio Ambiente\",\"Humanismo e Espiritualidade\"],\"inLanguage\":\"pt-PT\"},{\"@type\":\"WebPage\",\"@id\":\"https:\/\/www.pressenza.com\/pt-pt\/2021\/08\/eu-gosto-de-lugares-que-se-transformam\/\",\"url\":\"https:\/\/www.pressenza.com\/pt-pt\/2021\/08\/eu-gosto-de-lugares-que-se-transformam\/\",\"name\":\"Eu gosto de lugares que se transformam\",\"isPartOf\":{\"@id\":\"https:\/\/www.pressenza.com\/pt-pt\/#website\"},\"primaryImageOfPage\":{\"@id\":\"https:\/\/www.pressenza.com\/pt-pt\/2021\/08\/eu-gosto-de-lugares-que-se-transformam\/#primaryimage\"},\"image\":{\"@id\":\"https:\/\/www.pressenza.com\/pt-pt\/2021\/08\/eu-gosto-de-lugares-que-se-transformam\/#primaryimage\"},\"thumbnailUrl\":\"https:\/\/www.pressenza.com\/wp-content\/uploads\/2021\/04\/20210311_101114.jpg\",\"datePublished\":\"2021-08-08T05:00:49+00:00\",\"description\":\"CAUSAS \u00a0Eu gosto de lugares que se transformam. Sim, eu gosto. Gosto de espa\u00e7os que v\u00e3o mudando ao ritmo do trabalho das pessoas que os exploraram e os\",\"breadcrumb\":{\"@id\":\"https:\/\/www.pressenza.com\/pt-pt\/2021\/08\/eu-gosto-de-lugares-que-se-transformam\/#breadcrumb\"},\"inLanguage\":\"pt-PT\",\"potentialAction\":[{\"@type\":\"ReadAction\",\"target\":[\"https:\/\/www.pressenza.com\/pt-pt\/2021\/08\/eu-gosto-de-lugares-que-se-transformam\/\"]}]},{\"@type\":\"ImageObject\",\"inLanguage\":\"pt-PT\",\"@id\":\"https:\/\/www.pressenza.com\/pt-pt\/2021\/08\/eu-gosto-de-lugares-que-se-transformam\/#primaryimage\",\"url\":\"https:\/\/www.pressenza.com\/wp-content\/uploads\/2021\/04\/20210311_101114.jpg\",\"contentUrl\":\"https:\/\/www.pressenza.com\/wp-content\/uploads\/2021\/04\/20210311_101114.jpg\",\"width\":1920,\"height\":1080,\"caption\":\"Efectos Nevada Madrid\"},{\"@type\":\"BreadcrumbList\",\"@id\":\"https:\/\/www.pressenza.com\/pt-pt\/2021\/08\/eu-gosto-de-lugares-que-se-transformam\/#breadcrumb\",\"itemListElement\":[{\"@type\":\"ListItem\",\"position\":1,\"name\":\"Accueil\",\"item\":\"https:\/\/www.pressenza.com\/pt-pt\/\"},{\"@type\":\"ListItem\",\"position\":2,\"name\":\"Eu gosto de lugares que se transformam\"}]},{\"@type\":\"WebSite\",\"@id\":\"https:\/\/www.pressenza.com\/pt-pt\/#website\",\"url\":\"https:\/\/www.pressenza.com\/pt-pt\/\",\"name\":\"Pressenza\",\"description\":\"International Press Agency\",\"publisher\":{\"@id\":\"https:\/\/www.pressenza.com\/pt-pt\/#organization\"},\"potentialAction\":[{\"@type\":\"SearchAction\",\"target\":{\"@type\":\"EntryPoint\",\"urlTemplate\":\"https:\/\/www.pressenza.com\/pt-pt\/?s={search_term_string}\"},\"query-input\":{\"@type\":\"PropertyValueSpecification\",\"valueRequired\":true,\"valueName\":\"search_term_string\"}}],\"inLanguage\":\"pt-PT\"},{\"@type\":\"Organization\",\"@id\":\"https:\/\/www.pressenza.com\/pt-pt\/#organization\",\"name\":\"Pressenza\",\"url\":\"https:\/\/www.pressenza.com\/pt-pt\/\",\"logo\":{\"@type\":\"ImageObject\",\"inLanguage\":\"pt-PT\",\"@id\":\"https:\/\/www.pressenza.com\/pt-pt\/#\/schema\/logo\/image\/\",\"url\":\"https:\/\/www.pressenza.com\/wp-content\/uploads\/2022\/10\/pressenza_logo_200x200.jpg\",\"contentUrl\":\"https:\/\/www.pressenza.com\/wp-content\/uploads\/2022\/10\/pressenza_logo_200x200.jpg\",\"width\":200,\"height\":200,\"caption\":\"Pressenza\"},\"image\":{\"@id\":\"https:\/\/www.pressenza.com\/pt-pt\/#\/schema\/logo\/image\/\"},\"sameAs\":[\"https:\/\/www.facebook.com\/PressenzaItalia\",\"https:\/\/x.com\/PressenzaIPA\"]},{\"@type\":\"Person\",\"@id\":\"https:\/\/www.pressenza.com\/pt-pt\/#\/schema\/person\/606cbea0307458f18c06dd6b1ec227ec\",\"name\":\"Juana P\u00e9rez Montero\",\"description\":\"Juana P\u00e9rez Montero es periodista y activista humanista.\",\"url\":\"https:\/\/www.pressenza.com\/pt-pt\/author\/juana-perez-montero\/\"}]}<\/script>\n<!-- \/ Yoast SEO plugin. -->","yoast_head_json":{"title":"Eu gosto de lugares que se transformam","description":"CAUSAS \u00a0Eu gosto de lugares que se transformam. Sim, eu gosto. Gosto de espa\u00e7os que v\u00e3o mudando ao ritmo do trabalho das pessoas que os exploraram e os","robots":{"index":"index","follow":"follow","max-snippet":"max-snippet:-1","max-image-preview":"max-image-preview:large","max-video-preview":"max-video-preview:-1"},"canonical":"https:\/\/www.pressenza.com\/pt-pt\/2021\/08\/eu-gosto-de-lugares-que-se-transformam\/","og_locale":"pt_PT","og_type":"article","og_title":"Eu gosto de lugares que se transformam","og_description":"CAUSAS \u00a0Eu gosto de lugares que se transformam. Sim, eu gosto. Gosto de espa\u00e7os que v\u00e3o mudando ao ritmo do trabalho das pessoas que os exploraram e os","og_url":"https:\/\/www.pressenza.com\/pt-pt\/2021\/08\/eu-gosto-de-lugares-que-se-transformam\/","og_site_name":"Pressenza","article_publisher":"https:\/\/www.facebook.com\/PressenzaItalia","article_published_time":"2021-08-08T05:00:49+00:00","og_image":[{"width":1920,"height":1080,"url":"https:\/\/www.pressenza.com\/wp-content\/uploads\/2021\/04\/20210311_101114.jpg","type":"image\/jpeg"}],"author":"Juana P\u00e9rez Montero","twitter_card":"summary_large_image","twitter_creator":"@PressenzaIPA","twitter_site":"@PressenzaIPA","twitter_misc":{"Escrito por":"Juana P\u00e9rez Montero","Tempo estimado de leitura":"3 minutos"},"schema":{"@context":"https:\/\/schema.org","@graph":[{"@type":"Article","@id":"https:\/\/www.pressenza.com\/pt-pt\/2021\/08\/eu-gosto-de-lugares-que-se-transformam\/#article","isPartOf":{"@id":"https:\/\/www.pressenza.com\/pt-pt\/2021\/08\/eu-gosto-de-lugares-que-se-transformam\/"},"author":{"name":"Juana P\u00e9rez Montero","@id":"https:\/\/www.pressenza.com\/pt-pt\/#\/schema\/person\/606cbea0307458f18c06dd6b1ec227ec"},"headline":"Eu gosto de lugares que se transformam","datePublished":"2021-08-08T05:00:49+00:00","mainEntityOfPage":{"@id":"https:\/\/www.pressenza.com\/pt-pt\/2021\/08\/eu-gosto-de-lugares-que-se-transformam\/"},"wordCount":508,"publisher":{"@id":"https:\/\/www.pressenza.com\/pt-pt\/#organization"},"image":{"@id":"https:\/\/www.pressenza.com\/pt-pt\/2021\/08\/eu-gosto-de-lugares-que-se-transformam\/#primaryimage"},"thumbnailUrl":"https:\/\/www.pressenza.com\/wp-content\/uploads\/2021\/04\/20210311_101114.jpg","keywords":["caderno de cultura","onde vive a esperan\u00e7a","Privatiza\u00e7\u00e3o de servi\u00e7os p\u00fablicos"],"articleSection":["Conte\u00fado Original","Cultura e M\u00eddia","Ecologia e Meio Ambiente","Humanismo e Espiritualidade"],"inLanguage":"pt-PT"},{"@type":"WebPage","@id":"https:\/\/www.pressenza.com\/pt-pt\/2021\/08\/eu-gosto-de-lugares-que-se-transformam\/","url":"https:\/\/www.pressenza.com\/pt-pt\/2021\/08\/eu-gosto-de-lugares-que-se-transformam\/","name":"Eu gosto de lugares que se transformam","isPartOf":{"@id":"https:\/\/www.pressenza.com\/pt-pt\/#website"},"primaryImageOfPage":{"@id":"https:\/\/www.pressenza.com\/pt-pt\/2021\/08\/eu-gosto-de-lugares-que-se-transformam\/#primaryimage"},"image":{"@id":"https:\/\/www.pressenza.com\/pt-pt\/2021\/08\/eu-gosto-de-lugares-que-se-transformam\/#primaryimage"},"thumbnailUrl":"https:\/\/www.pressenza.com\/wp-content\/uploads\/2021\/04\/20210311_101114.jpg","datePublished":"2021-08-08T05:00:49+00:00","description":"CAUSAS \u00a0Eu gosto de lugares que se transformam. Sim, eu gosto. Gosto de espa\u00e7os que v\u00e3o mudando ao ritmo do trabalho das pessoas que os exploraram e os","breadcrumb":{"@id":"https:\/\/www.pressenza.com\/pt-pt\/2021\/08\/eu-gosto-de-lugares-que-se-transformam\/#breadcrumb"},"inLanguage":"pt-PT","potentialAction":[{"@type":"ReadAction","target":["https:\/\/www.pressenza.com\/pt-pt\/2021\/08\/eu-gosto-de-lugares-que-se-transformam\/"]}]},{"@type":"ImageObject","inLanguage":"pt-PT","@id":"https:\/\/www.pressenza.com\/pt-pt\/2021\/08\/eu-gosto-de-lugares-que-se-transformam\/#primaryimage","url":"https:\/\/www.pressenza.com\/wp-content\/uploads\/2021\/04\/20210311_101114.jpg","contentUrl":"https:\/\/www.pressenza.com\/wp-content\/uploads\/2021\/04\/20210311_101114.jpg","width":1920,"height":1080,"caption":"Efectos Nevada Madrid"},{"@type":"BreadcrumbList","@id":"https:\/\/www.pressenza.com\/pt-pt\/2021\/08\/eu-gosto-de-lugares-que-se-transformam\/#breadcrumb","itemListElement":[{"@type":"ListItem","position":1,"name":"Accueil","item":"https:\/\/www.pressenza.com\/pt-pt\/"},{"@type":"ListItem","position":2,"name":"Eu gosto de lugares que se transformam"}]},{"@type":"WebSite","@id":"https:\/\/www.pressenza.com\/pt-pt\/#website","url":"https:\/\/www.pressenza.com\/pt-pt\/","name":"Pressenza","description":"International Press Agency","publisher":{"@id":"https:\/\/www.pressenza.com\/pt-pt\/#organization"},"potentialAction":[{"@type":"SearchAction","target":{"@type":"EntryPoint","urlTemplate":"https:\/\/www.pressenza.com\/pt-pt\/?s={search_term_string}"},"query-input":{"@type":"PropertyValueSpecification","valueRequired":true,"valueName":"search_term_string"}}],"inLanguage":"pt-PT"},{"@type":"Organization","@id":"https:\/\/www.pressenza.com\/pt-pt\/#organization","name":"Pressenza","url":"https:\/\/www.pressenza.com\/pt-pt\/","logo":{"@type":"ImageObject","inLanguage":"pt-PT","@id":"https:\/\/www.pressenza.com\/pt-pt\/#\/schema\/logo\/image\/","url":"https:\/\/www.pressenza.com\/wp-content\/uploads\/2022\/10\/pressenza_logo_200x200.jpg","contentUrl":"https:\/\/www.pressenza.com\/wp-content\/uploads\/2022\/10\/pressenza_logo_200x200.jpg","width":200,"height":200,"caption":"Pressenza"},"image":{"@id":"https:\/\/www.pressenza.com\/pt-pt\/#\/schema\/logo\/image\/"},"sameAs":["https:\/\/www.facebook.com\/PressenzaItalia","https:\/\/x.com\/PressenzaIPA"]},{"@type":"Person","@id":"https:\/\/www.pressenza.com\/pt-pt\/#\/schema\/person\/606cbea0307458f18c06dd6b1ec227ec","name":"Juana P\u00e9rez Montero","description":"Juana P\u00e9rez Montero es periodista y activista humanista.","url":"https:\/\/www.pressenza.com\/pt-pt\/author\/juana-perez-montero\/"}]}},"place":"Madri, Espanha","original_article_url":"","_links":{"self":[{"href":"https:\/\/www.pressenza.com\/pt-pt\/wp-json\/wp\/v2\/posts\/1407861","targetHints":{"allow":["GET"]}}],"collection":[{"href":"https:\/\/www.pressenza.com\/pt-pt\/wp-json\/wp\/v2\/posts"}],"about":[{"href":"https:\/\/www.pressenza.com\/pt-pt\/wp-json\/wp\/v2\/types\/post"}],"author":[{"embeddable":true,"href":"https:\/\/www.pressenza.com\/pt-pt\/wp-json\/wp\/v2\/users\/1561"}],"replies":[{"embeddable":true,"href":"https:\/\/www.pressenza.com\/pt-pt\/wp-json\/wp\/v2\/comments?post=1407861"}],"version-history":[{"count":0,"href":"https:\/\/www.pressenza.com\/pt-pt\/wp-json\/wp\/v2\/posts\/1407861\/revisions"}],"wp:featuredmedia":[{"embeddable":true,"href":"https:\/\/www.pressenza.com\/pt-pt\/wp-json\/wp\/v2\/media\/1334227"}],"wp:attachment":[{"href":"https:\/\/www.pressenza.com\/pt-pt\/wp-json\/wp\/v2\/media?parent=1407861"}],"wp:term":[{"taxonomy":"category","embeddable":true,"href":"https:\/\/www.pressenza.com\/pt-pt\/wp-json\/wp\/v2\/categories?post=1407861"},{"taxonomy":"post_tag","embeddable":true,"href":"https:\/\/www.pressenza.com\/pt-pt\/wp-json\/wp\/v2\/tags?post=1407861"}],"curies":[{"name":"wp","href":"https:\/\/api.w.org\/{rel}","templated":true}]}}