{"id":1407855,"date":"2021-08-29T08:00:55","date_gmt":"2021-08-29T07:00:55","guid":{"rendered":"https:\/\/www.pressenza.com\/?p=1407855"},"modified":"2021-08-26T11:12:19","modified_gmt":"2021-08-26T10:12:19","slug":"meu-ceu","status":"publish","type":"post","link":"https:\/\/www.pressenza.com\/pt-pt\/2021\/08\/meu-ceu\/","title":{"rendered":"Meu c\u00e9u"},"content":{"rendered":"<h5><strong>POEMA<\/strong><\/h5>\n<p>&nbsp;<\/p>\n<p>&nbsp;<\/p>\n<p><span style=\"font-weight: 400;\">Meu c\u00e9u tem mensagens<\/span><\/p>\n<p><span style=\"font-weight: 400;\">Olhe atentamente<\/span><\/p>\n<p><span style=\"font-weight: 400;\">decifr\u00e1 com desejo<\/span><\/p>\n<p><span style=\"font-weight: 400;\">\u00a0<\/span><\/p>\n<p><span style=\"font-weight: 400;\">Veja como dan\u00e7am suas nuvens<\/span><\/p>\n<p><span style=\"font-weight: 400;\">Flutuando entre as tristezas<\/span><\/p>\n<p><span style=\"font-weight: 400;\">Te inundam com l\u00e1grimas<\/span><\/p>\n<p><span style=\"font-weight: 400;\">Isso \u00e9 assustador<\/span><\/p>\n<p><span style=\"font-weight: 400;\">\u00a0<\/span><\/p>\n<p><span style=\"font-weight: 400;\">Hoje as nuvens parecem arroz<\/span><\/p>\n<p><span style=\"font-weight: 400;\">\u00a0<\/span><\/p>\n<p><span style=\"font-weight: 400;\">Que se juntam aos montes<\/span><\/p>\n<p><span style=\"font-weight: 400;\">Hoje te avisam que a terra se move<\/span><\/p>\n<p><span style=\"font-weight: 400;\">Que boas novas trar\u00e1? Me pergunto<\/span><\/p>\n<p><span style=\"font-weight: 400;\">O que me espera?<\/span><\/p>\n<p><span style=\"font-weight: 400;\">Quando as nuvens voltam a sua flor<\/span><\/p>\n<p><span style=\"font-weight: 400;\">\u00a0<\/span><\/p>\n<p><span style=\"font-weight: 400;\">O c\u00e9u parece escuro<\/span><\/p>\n<p><span style=\"font-weight: 400;\">Cheio de estrelas cintilantes<\/span><\/p>\n<p><span style=\"font-weight: 400;\">Uma a uma sorriem para mim<\/span><\/p>\n<p><span style=\"font-weight: 400;\">Mandam-me mensagens de amor<\/span><\/p>\n<p><span style=\"font-weight: 400;\">\u00a0<\/span><\/p>\n<p><span style=\"font-weight: 400;\">abra\u00e7a-os! Antes que fujam<\/span><\/p>\n<p><span style=\"font-weight: 400;\">\u00a0<\/span><\/p>\n<p><span style=\"font-weight: 400;\">C\u00e9u azul Tempestuoso<\/span><\/p>\n<p><span style=\"font-weight: 400;\">Com suas saias entre laranja e rosa<\/span><\/p>\n<p><span style=\"font-weight: 400;\">Anuncia que o outono se foi<\/span><\/p>\n<p><span style=\"font-weight: 400;\">Que logo chegar\u00e1 o frio<\/span><\/p>\n<p><span style=\"font-weight: 400;\">\u00a0<\/span><\/p>\n<p><span style=\"font-weight: 400;\">O c\u00e9u que reflete minha dimens\u00e3o<\/span><\/p>\n<p><span style=\"font-weight: 400;\">Que na \u00e1gua encontro meu argumento<\/span><\/p>\n<p><span style=\"font-weight: 400;\">\u00a0<\/span><\/p>\n<p><span style=\"font-weight: 400;\">Para olhar a felicidade<\/span><\/p>\n<p><span style=\"font-weight: 400;\">Como surge nosso encontro<\/span><\/p>\n<p><span style=\"font-weight: 400;\">Para brotar arroz, canela e serenidade<\/span><\/p>\n<hr \/>\n<p><em>Traduzido por Carolina Barreto\/Revisado por Tatiana Elizabeth<\/em><\/p>\n","protected":false},"excerpt":{"rendered":"<p>POEMA &nbsp; &nbsp; Meu c\u00e9u tem mensagens Olhe atentamente decifr\u00e1 com desejo \u00a0 Veja como dan\u00e7am suas nuvens Flutuando entre as tristezas Te inundam com l\u00e1grimas Isso \u00e9 assustador \u00a0 Hoje as nuvens parecem arroz \u00a0 Que se juntam aos&hellip;<\/p>\n","protected":false},"author":1932,"featured_media":1309920,"comment_status":"closed","ping_status":"closed","sticky":false,"template":"","format":"standard","meta":{"footnotes":""},"categories":[11390,112],"tags":[75238,94198],"class_list":["post-1407855","post","type-post","status-publish","format-standard","has-post-thumbnail","hentry","category-conteudo-original","category-cultura-pt-pt","tag-caderno-de-cultura","tag-lirismo-pt-pt"],"yoast_head":"<!-- This site is optimized with the Yoast SEO plugin v27.1.1 - https:\/\/yoast.com\/product\/yoast-seo-wordpress\/ -->\n<title>Meu c\u00e9u<\/title>\n<meta name=\"description\" content=\"POEMA &nbsp; &nbsp; Meu c\u00e9u tem mensagens Olhe atentamente decifr\u00e1 com desejo \u00a0 Veja como dan\u00e7am suas nuvens Flutuando entre as tristezas Te inundam com\" \/>\n<meta name=\"robots\" content=\"index, follow, max-snippet:-1, max-image-preview:large, max-video-preview:-1\" \/>\n<link rel=\"canonical\" href=\"https:\/\/www.pressenza.com\/pt-pt\/2021\/08\/meu-ceu\/\" \/>\n<meta property=\"og:locale\" content=\"pt_PT\" \/>\n<meta property=\"og:type\" content=\"article\" \/>\n<meta property=\"og:title\" content=\"Meu c\u00e9u\" \/>\n<meta property=\"og:description\" content=\"POEMA &nbsp; &nbsp; Meu c\u00e9u tem mensagens Olhe atentamente decifr\u00e1 com desejo \u00a0 Veja como dan\u00e7am suas nuvens Flutuando entre as tristezas Te inundam com\" \/>\n<meta property=\"og:url\" content=\"https:\/\/www.pressenza.com\/pt-pt\/2021\/08\/meu-ceu\/\" \/>\n<meta property=\"og:site_name\" content=\"Pressenza\" \/>\n<meta property=\"article:publisher\" content=\"https:\/\/www.facebook.com\/PressenzaItalia\" \/>\n<meta property=\"article:published_time\" content=\"2021-08-29T07:00:55+00:00\" \/>\n<meta property=\"og:image\" content=\"https:\/\/www.pressenza.com\/wp-content\/uploads\/2021\/03\/WhatsApp-Image-2021-03-04-at-10.54.05-PM-2.jpeg\" \/>\n\t<meta property=\"og:image:width\" content=\"631\" \/>\n\t<meta property=\"og:image:height\" content=\"450\" \/>\n\t<meta property=\"og:image:type\" content=\"image\/jpeg\" \/>\n<meta name=\"author\" content=\"Karla Ivonne Mijangos Fuentes\" \/>\n<meta name=\"twitter:card\" content=\"summary_large_image\" \/>\n<meta name=\"twitter:creator\" content=\"@PressenzaIPA\" \/>\n<meta name=\"twitter:site\" content=\"@PressenzaIPA\" \/>\n<meta name=\"twitter:label1\" content=\"Escrito por\" \/>\n\t<meta name=\"twitter:data1\" content=\"Karla Ivonne Mijangos Fuentes\" \/>\n\t<meta name=\"twitter:label2\" content=\"Tempo estimado de leitura\" \/>\n\t<meta name=\"twitter:data2\" content=\"1 minuto\" \/>\n<script type=\"application\/ld+json\" class=\"yoast-schema-graph\">{\"@context\":\"https:\/\/schema.org\",\"@graph\":[{\"@type\":\"Article\",\"@id\":\"https:\/\/www.pressenza.com\/pt-pt\/2021\/08\/meu-ceu\/#article\",\"isPartOf\":{\"@id\":\"https:\/\/www.pressenza.com\/pt-pt\/2021\/08\/meu-ceu\/\"},\"author\":{\"name\":\"Karla Ivonne Mijangos Fuentes\",\"@id\":\"https:\/\/www.pressenza.com\/pt-pt\/#\/schema\/person\/efe1346ef90f1e56b5011e9d74696c12\"},\"headline\":\"Meu c\u00e9u\",\"datePublished\":\"2021-08-29T07:00:55+00:00\",\"mainEntityOfPage\":{\"@id\":\"https:\/\/www.pressenza.com\/pt-pt\/2021\/08\/meu-ceu\/\"},\"wordCount\":150,\"publisher\":{\"@id\":\"https:\/\/www.pressenza.com\/pt-pt\/#organization\"},\"image\":{\"@id\":\"https:\/\/www.pressenza.com\/pt-pt\/2021\/08\/meu-ceu\/#primaryimage\"},\"thumbnailUrl\":\"https:\/\/www.pressenza.com\/wp-content\/uploads\/2021\/03\/WhatsApp-Image-2021-03-04-at-10.54.05-PM-2.jpeg\",\"keywords\":[\"caderno de cultura\",\"Lirismo\"],\"articleSection\":[\"Conte\u00fado Original\",\"Cultura e M\u00eddia\"],\"inLanguage\":\"pt-PT\"},{\"@type\":\"WebPage\",\"@id\":\"https:\/\/www.pressenza.com\/pt-pt\/2021\/08\/meu-ceu\/\",\"url\":\"https:\/\/www.pressenza.com\/pt-pt\/2021\/08\/meu-ceu\/\",\"name\":\"Meu c\u00e9u\",\"isPartOf\":{\"@id\":\"https:\/\/www.pressenza.com\/pt-pt\/#website\"},\"primaryImageOfPage\":{\"@id\":\"https:\/\/www.pressenza.com\/pt-pt\/2021\/08\/meu-ceu\/#primaryimage\"},\"image\":{\"@id\":\"https:\/\/www.pressenza.com\/pt-pt\/2021\/08\/meu-ceu\/#primaryimage\"},\"thumbnailUrl\":\"https:\/\/www.pressenza.com\/wp-content\/uploads\/2021\/03\/WhatsApp-Image-2021-03-04-at-10.54.05-PM-2.jpeg\",\"datePublished\":\"2021-08-29T07:00:55+00:00\",\"description\":\"POEMA &nbsp; &nbsp; Meu c\u00e9u tem mensagens Olhe atentamente decifr\u00e1 com desejo \u00a0 Veja como dan\u00e7am suas nuvens Flutuando entre as tristezas Te inundam com\",\"breadcrumb\":{\"@id\":\"https:\/\/www.pressenza.com\/pt-pt\/2021\/08\/meu-ceu\/#breadcrumb\"},\"inLanguage\":\"pt-PT\",\"potentialAction\":[{\"@type\":\"ReadAction\",\"target\":[\"https:\/\/www.pressenza.com\/pt-pt\/2021\/08\/meu-ceu\/\"]}]},{\"@type\":\"ImageObject\",\"inLanguage\":\"pt-PT\",\"@id\":\"https:\/\/www.pressenza.com\/pt-pt\/2021\/08\/meu-ceu\/#primaryimage\",\"url\":\"https:\/\/www.pressenza.com\/wp-content\/uploads\/2021\/03\/WhatsApp-Image-2021-03-04-at-10.54.05-PM-2.jpeg\",\"contentUrl\":\"https:\/\/www.pressenza.com\/wp-content\/uploads\/2021\/03\/WhatsApp-Image-2021-03-04-at-10.54.05-PM-2.jpeg\",\"width\":631,\"height\":450,\"caption\":\"Imagem por Hugo Marr\u00f3n Torres\"},{\"@type\":\"BreadcrumbList\",\"@id\":\"https:\/\/www.pressenza.com\/pt-pt\/2021\/08\/meu-ceu\/#breadcrumb\",\"itemListElement\":[{\"@type\":\"ListItem\",\"position\":1,\"name\":\"Accueil\",\"item\":\"https:\/\/www.pressenza.com\/pt-pt\/\"},{\"@type\":\"ListItem\",\"position\":2,\"name\":\"Meu c\u00e9u\"}]},{\"@type\":\"WebSite\",\"@id\":\"https:\/\/www.pressenza.com\/pt-pt\/#website\",\"url\":\"https:\/\/www.pressenza.com\/pt-pt\/\",\"name\":\"Pressenza\",\"description\":\"International Press Agency\",\"publisher\":{\"@id\":\"https:\/\/www.pressenza.com\/pt-pt\/#organization\"},\"potentialAction\":[{\"@type\":\"SearchAction\",\"target\":{\"@type\":\"EntryPoint\",\"urlTemplate\":\"https:\/\/www.pressenza.com\/pt-pt\/?s={search_term_string}\"},\"query-input\":{\"@type\":\"PropertyValueSpecification\",\"valueRequired\":true,\"valueName\":\"search_term_string\"}}],\"inLanguage\":\"pt-PT\"},{\"@type\":\"Organization\",\"@id\":\"https:\/\/www.pressenza.com\/pt-pt\/#organization\",\"name\":\"Pressenza\",\"url\":\"https:\/\/www.pressenza.com\/pt-pt\/\",\"logo\":{\"@type\":\"ImageObject\",\"inLanguage\":\"pt-PT\",\"@id\":\"https:\/\/www.pressenza.com\/pt-pt\/#\/schema\/logo\/image\/\",\"url\":\"https:\/\/www.pressenza.com\/wp-content\/uploads\/2022\/10\/pressenza_logo_200x200.jpg\",\"contentUrl\":\"https:\/\/www.pressenza.com\/wp-content\/uploads\/2022\/10\/pressenza_logo_200x200.jpg\",\"width\":200,\"height\":200,\"caption\":\"Pressenza\"},\"image\":{\"@id\":\"https:\/\/www.pressenza.com\/pt-pt\/#\/schema\/logo\/image\/\"},\"sameAs\":[\"https:\/\/www.facebook.com\/PressenzaItalia\",\"https:\/\/x.com\/PressenzaIPA\"]},{\"@type\":\"Person\",\"@id\":\"https:\/\/www.pressenza.com\/pt-pt\/#\/schema\/person\/efe1346ef90f1e56b5011e9d74696c12\",\"name\":\"Karla Ivonne Mijangos Fuentes\",\"description\":\"M\u00e1ster en Investigaci\u00f3n y Rol Avanzado en Enfermer\u00eda (Universidad de Navarra). Especialista en Enfermer\u00eda pedi\u00e1trica. Estudiante de Doctorado en Ciencias Sociales en la Universidad Aut\u00f3noma del Estado de M\u00e9xico (UAEMex)\",\"url\":\"https:\/\/www.pressenza.com\/pt-pt\/author\/karla-ivonne-mijangos-fuentes\/\"}]}<\/script>\n<!-- \/ Yoast SEO plugin. -->","yoast_head_json":{"title":"Meu c\u00e9u","description":"POEMA &nbsp; &nbsp; Meu c\u00e9u tem mensagens Olhe atentamente decifr\u00e1 com desejo \u00a0 Veja como dan\u00e7am suas nuvens Flutuando entre as tristezas Te inundam com","robots":{"index":"index","follow":"follow","max-snippet":"max-snippet:-1","max-image-preview":"max-image-preview:large","max-video-preview":"max-video-preview:-1"},"canonical":"https:\/\/www.pressenza.com\/pt-pt\/2021\/08\/meu-ceu\/","og_locale":"pt_PT","og_type":"article","og_title":"Meu c\u00e9u","og_description":"POEMA &nbsp; &nbsp; Meu c\u00e9u tem mensagens Olhe atentamente decifr\u00e1 com desejo \u00a0 Veja como dan\u00e7am suas nuvens Flutuando entre as tristezas Te inundam com","og_url":"https:\/\/www.pressenza.com\/pt-pt\/2021\/08\/meu-ceu\/","og_site_name":"Pressenza","article_publisher":"https:\/\/www.facebook.com\/PressenzaItalia","article_published_time":"2021-08-29T07:00:55+00:00","og_image":[{"width":631,"height":450,"url":"https:\/\/www.pressenza.com\/wp-content\/uploads\/2021\/03\/WhatsApp-Image-2021-03-04-at-10.54.05-PM-2.jpeg","type":"image\/jpeg"}],"author":"Karla Ivonne Mijangos Fuentes","twitter_card":"summary_large_image","twitter_creator":"@PressenzaIPA","twitter_site":"@PressenzaIPA","twitter_misc":{"Escrito por":"Karla Ivonne Mijangos Fuentes","Tempo estimado de leitura":"1 minuto"},"schema":{"@context":"https:\/\/schema.org","@graph":[{"@type":"Article","@id":"https:\/\/www.pressenza.com\/pt-pt\/2021\/08\/meu-ceu\/#article","isPartOf":{"@id":"https:\/\/www.pressenza.com\/pt-pt\/2021\/08\/meu-ceu\/"},"author":{"name":"Karla Ivonne Mijangos Fuentes","@id":"https:\/\/www.pressenza.com\/pt-pt\/#\/schema\/person\/efe1346ef90f1e56b5011e9d74696c12"},"headline":"Meu c\u00e9u","datePublished":"2021-08-29T07:00:55+00:00","mainEntityOfPage":{"@id":"https:\/\/www.pressenza.com\/pt-pt\/2021\/08\/meu-ceu\/"},"wordCount":150,"publisher":{"@id":"https:\/\/www.pressenza.com\/pt-pt\/#organization"},"image":{"@id":"https:\/\/www.pressenza.com\/pt-pt\/2021\/08\/meu-ceu\/#primaryimage"},"thumbnailUrl":"https:\/\/www.pressenza.com\/wp-content\/uploads\/2021\/03\/WhatsApp-Image-2021-03-04-at-10.54.05-PM-2.jpeg","keywords":["caderno de cultura","Lirismo"],"articleSection":["Conte\u00fado Original","Cultura e M\u00eddia"],"inLanguage":"pt-PT"},{"@type":"WebPage","@id":"https:\/\/www.pressenza.com\/pt-pt\/2021\/08\/meu-ceu\/","url":"https:\/\/www.pressenza.com\/pt-pt\/2021\/08\/meu-ceu\/","name":"Meu c\u00e9u","isPartOf":{"@id":"https:\/\/www.pressenza.com\/pt-pt\/#website"},"primaryImageOfPage":{"@id":"https:\/\/www.pressenza.com\/pt-pt\/2021\/08\/meu-ceu\/#primaryimage"},"image":{"@id":"https:\/\/www.pressenza.com\/pt-pt\/2021\/08\/meu-ceu\/#primaryimage"},"thumbnailUrl":"https:\/\/www.pressenza.com\/wp-content\/uploads\/2021\/03\/WhatsApp-Image-2021-03-04-at-10.54.05-PM-2.jpeg","datePublished":"2021-08-29T07:00:55+00:00","description":"POEMA &nbsp; &nbsp; Meu c\u00e9u tem mensagens Olhe atentamente decifr\u00e1 com desejo \u00a0 Veja como dan\u00e7am suas nuvens Flutuando entre as tristezas Te inundam com","breadcrumb":{"@id":"https:\/\/www.pressenza.com\/pt-pt\/2021\/08\/meu-ceu\/#breadcrumb"},"inLanguage":"pt-PT","potentialAction":[{"@type":"ReadAction","target":["https:\/\/www.pressenza.com\/pt-pt\/2021\/08\/meu-ceu\/"]}]},{"@type":"ImageObject","inLanguage":"pt-PT","@id":"https:\/\/www.pressenza.com\/pt-pt\/2021\/08\/meu-ceu\/#primaryimage","url":"https:\/\/www.pressenza.com\/wp-content\/uploads\/2021\/03\/WhatsApp-Image-2021-03-04-at-10.54.05-PM-2.jpeg","contentUrl":"https:\/\/www.pressenza.com\/wp-content\/uploads\/2021\/03\/WhatsApp-Image-2021-03-04-at-10.54.05-PM-2.jpeg","width":631,"height":450,"caption":"Imagem por Hugo Marr\u00f3n Torres"},{"@type":"BreadcrumbList","@id":"https:\/\/www.pressenza.com\/pt-pt\/2021\/08\/meu-ceu\/#breadcrumb","itemListElement":[{"@type":"ListItem","position":1,"name":"Accueil","item":"https:\/\/www.pressenza.com\/pt-pt\/"},{"@type":"ListItem","position":2,"name":"Meu c\u00e9u"}]},{"@type":"WebSite","@id":"https:\/\/www.pressenza.com\/pt-pt\/#website","url":"https:\/\/www.pressenza.com\/pt-pt\/","name":"Pressenza","description":"International Press Agency","publisher":{"@id":"https:\/\/www.pressenza.com\/pt-pt\/#organization"},"potentialAction":[{"@type":"SearchAction","target":{"@type":"EntryPoint","urlTemplate":"https:\/\/www.pressenza.com\/pt-pt\/?s={search_term_string}"},"query-input":{"@type":"PropertyValueSpecification","valueRequired":true,"valueName":"search_term_string"}}],"inLanguage":"pt-PT"},{"@type":"Organization","@id":"https:\/\/www.pressenza.com\/pt-pt\/#organization","name":"Pressenza","url":"https:\/\/www.pressenza.com\/pt-pt\/","logo":{"@type":"ImageObject","inLanguage":"pt-PT","@id":"https:\/\/www.pressenza.com\/pt-pt\/#\/schema\/logo\/image\/","url":"https:\/\/www.pressenza.com\/wp-content\/uploads\/2022\/10\/pressenza_logo_200x200.jpg","contentUrl":"https:\/\/www.pressenza.com\/wp-content\/uploads\/2022\/10\/pressenza_logo_200x200.jpg","width":200,"height":200,"caption":"Pressenza"},"image":{"@id":"https:\/\/www.pressenza.com\/pt-pt\/#\/schema\/logo\/image\/"},"sameAs":["https:\/\/www.facebook.com\/PressenzaItalia","https:\/\/x.com\/PressenzaIPA"]},{"@type":"Person","@id":"https:\/\/www.pressenza.com\/pt-pt\/#\/schema\/person\/efe1346ef90f1e56b5011e9d74696c12","name":"Karla Ivonne Mijangos Fuentes","description":"M\u00e1ster en Investigaci\u00f3n y Rol Avanzado en Enfermer\u00eda (Universidad de Navarra). Especialista en Enfermer\u00eda pedi\u00e1trica. Estudiante de Doctorado en Ciencias Sociales en la Universidad Aut\u00f3noma del Estado de M\u00e9xico (UAEMex)","url":"https:\/\/www.pressenza.com\/pt-pt\/author\/karla-ivonne-mijangos-fuentes\/"}]}},"place":"Cidade do M\u00e9xico","original_article_url":"https:\/\/www.pressenza.com\/es\/2021\/03\/mi-cielo\/","_links":{"self":[{"href":"https:\/\/www.pressenza.com\/pt-pt\/wp-json\/wp\/v2\/posts\/1407855","targetHints":{"allow":["GET"]}}],"collection":[{"href":"https:\/\/www.pressenza.com\/pt-pt\/wp-json\/wp\/v2\/posts"}],"about":[{"href":"https:\/\/www.pressenza.com\/pt-pt\/wp-json\/wp\/v2\/types\/post"}],"author":[{"embeddable":true,"href":"https:\/\/www.pressenza.com\/pt-pt\/wp-json\/wp\/v2\/users\/1932"}],"replies":[{"embeddable":true,"href":"https:\/\/www.pressenza.com\/pt-pt\/wp-json\/wp\/v2\/comments?post=1407855"}],"version-history":[{"count":0,"href":"https:\/\/www.pressenza.com\/pt-pt\/wp-json\/wp\/v2\/posts\/1407855\/revisions"}],"wp:featuredmedia":[{"embeddable":true,"href":"https:\/\/www.pressenza.com\/pt-pt\/wp-json\/wp\/v2\/media\/1309920"}],"wp:attachment":[{"href":"https:\/\/www.pressenza.com\/pt-pt\/wp-json\/wp\/v2\/media?parent=1407855"}],"wp:term":[{"taxonomy":"category","embeddable":true,"href":"https:\/\/www.pressenza.com\/pt-pt\/wp-json\/wp\/v2\/categories?post=1407855"},{"taxonomy":"post_tag","embeddable":true,"href":"https:\/\/www.pressenza.com\/pt-pt\/wp-json\/wp\/v2\/tags?post=1407855"}],"curies":[{"name":"wp","href":"https:\/\/api.w.org\/{rel}","templated":true}]}}