{"id":1403489,"date":"2021-07-21T21:17:31","date_gmt":"2021-07-21T20:17:31","guid":{"rendered":"https:\/\/www.pressenza.com\/?p=1403489"},"modified":"2021-07-21T21:17:31","modified_gmt":"2021-07-21T20:17:31","slug":"escuta-atencao-e-comunicacao-nao-violenta","status":"publish","type":"post","link":"https:\/\/www.pressenza.com\/pt-pt\/2021\/07\/escuta-atencao-e-comunicacao-nao-violenta\/","title":{"rendered":"Escuta, aten\u00e7\u00e3o e comunica\u00e7\u00e3o n\u00e3o violenta"},"content":{"rendered":"<p><em>Por<strong> Siddhartha\/Rede Global Di\u00e1logos em Humanidade<\/strong><\/em><\/p>\n<p>&nbsp;<\/p>\n<p style=\"padding-left: 40px;\"><em>Sou Siddhartha, da \u00cdndia, membro da rede global Di\u00e1logos em humanidade. Junto com outros homens e mulheres representantes de redes que atuam em n\u00edvel global, fa\u00e7o parte do experimento de um Conselho de Sabedoria dos Povos da Terra. Este \u00e9 um experimento iniciado no dia 29 de maio de 2021, proposto pela Multiconverg\u00eancia de Redes Globais, que organiza um Parlamento da Cidadania Planet\u00e1ria no interior das Redes, com duas c\u00e2maras, o Conselho e a Assembleia da Cidadania Planet\u00e1ria. A pr\u00f3xima reuni\u00e3o ser\u00e1 no dia 31 de julho. Voc\u00ea pode encontrar a <a href=\"https:\/\/www.pressenza.com\/pt-pt\/tag\/redes-globais\/\" target=\"_blank\" rel=\"noopener\">hist\u00f3ria do processo e ideias deste experimento aqui<\/a>.<\/em><\/p>\n<p>Vivemos em um momento muito dif\u00edcil.<\/p>\n<p>H\u00e1 tanto esperan\u00e7a quanto desespero no horizonte.<\/p>\n<p>Nunca antes a humanidade passou por v\u00e1rios problemas cruciais simult\u00e2neos de tamanha magnitude. Dois dos mais significativos s\u00e3o a Justi\u00e7a Social e a Mudan\u00e7a Clim\u00e1tica.<\/p>\n<p>Na frente da justi\u00e7a encontramos, em todo o mundo, que os direitos das pessoas (mulheres, camponeses, povos ind\u00edgenas, religiosos e outras minorias, ativistas de direitos humanos, intelectuais, e outros) est\u00e3o sendo violados ou reprimidos regularmente. Infelizmente, alguns dos que sofrem injusti\u00e7a s\u00e3o cooptados pelos pr\u00f3prios l\u00edderes que eles seguem cegamente. Al\u00e9m disso, acrescentando \u00e0 lista dos governos autorit\u00e1rios, testemunhamos tamb\u00e9m a impiedade dos regimes que se dizem socialistas.<\/p>\n<p>Sobre a crise clim\u00e1tica, h\u00e1 um espectro de pessoas que varia entre os defensores das mudan\u00e7as incrementais e outros que enfatizam a Sexta Extin\u00e7\u00e3o. Seja como for, parece certo que as coisas s\u00f3 v\u00e3o piorar, se n\u00e3o forem controladas (recentemente, as temperaturas no oeste dos Estados Unidos e no oeste do Canad\u00e1 oscilaram entre 45% C e 50% C. O Vale da Morte chegou a sofrer 54% C. Aqueles que acreditavam que o Canad\u00e1 permaneceria em grande parte intocado por causa de sua proximidade com a articula\u00e7\u00e3o, agora ter\u00e3o que repensar. A mudan\u00e7a clim\u00e1tica afetar\u00e1 todos os cidad\u00e3os do planeta, onde quer que ela esteja).<\/p>\n<p>Para alguns de n\u00f3s havia a ardente convic\u00e7\u00e3o de que mudan\u00e7as estruturais seriam necess\u00e1rias para iniciar uma era de paz e justi\u00e7a. Essa convic\u00e7\u00e3o \u00e9 ainda mais v\u00e1lida hoje em dia.<\/p>\n<p>Entretanto, alguns n\u00e3o prestaram aten\u00e7\u00e3o suficiente aos valores e atitudes, e \u00e0s mudan\u00e7as comportamentais que os acompanharam, que eram necess\u00e1rias para provocar as mudan\u00e7as estruturais t\u00e3o necess\u00e1rias. \u00c9 sup\u00e9rfluo acrescentar que muitos de n\u00f3s h\u00e1 muito tempo criticamos a tend\u00eancia que implicava &#8220;mudan\u00e7as estruturais primeiro; mudan\u00e7as nos valores e comportamentos depois&#8221;.<\/p>\n<p>Outro ponto importante a destacar: em minha experi\u00eancia, os ativistas sociais raramente falavam sobre a dimens\u00e3o pessoal: como eles se sentem (tanto esperan\u00e7a quanto desespero, confus\u00e3o sobre estrat\u00e9gias futuras, crise de fadiga laboral extrema, etc.) e as tens\u00f5es de ser &#8216;humanos&#8217; dentro da l\u00f3gica muitas vezes contradit\u00f3ria de institui\u00e7\u00f5es e movimentos, etc. Pensou-se at\u00e9 mesmo que seria embara\u00e7oso trazer estas quest\u00f5es pessoais para discuss\u00e3o, temendo que elas pudessem ser mal interpretadas como comportamento &#8220;incorreto&#8221; que poderia enfraquecer os objetivos que desejamos alcan\u00e7ar.<\/p>\n<p>O tempo provavelmente est\u00e1 se esgotando. Eu costumo usar a analogia de um navio que est\u00e1 prestes a naufragar. Todos os envolvidos devem fazer o melhor poss\u00edvel para evitar que o navio se afunde, bombeando a \u00e1gua, reparando os danos, colocando a eletricidade em funcionamento, etc. Este n\u00e3o \u00e9 o momento de descobrir se h\u00e1 falhas no projeto do navio, se um projeto melhor poderia ter evitado uma trag\u00e9dia iminente. Para um observador objetivo, \u00e9 claro que os passageiros devem ser salvos primeiro. Construir um navio com um projeto melhor \u00e9 importante, mas pode ser considerado mais tarde.<\/p>\n<p>Deve ser assim, igualmente, com os objetivos que nos s\u00e3o caros. Precisamos contemplar tanto o curto quanto o longo prazo. (Alguns podem at\u00e9 acrescentar o m\u00e9dio prazo). Enquanto devemos continuar a trabalhar em nossos objetivos e vis\u00e3o a partir da perspectiva de longo prazo de abrir alternativas, t\u00e3o queridas por n\u00f3s, podemos tamb\u00e9m considerar objetivos de curto prazo para evitar um naufr\u00e1gio. Uma dessas estrat\u00e9gias \u00e9 tamb\u00e9m buscar espa\u00e7os e aberturas fora de nossos horizontes habituais, onde quer que existam, o que pode nos permitir construir conex\u00f5es com pessoas n\u00e3o semelhantes a n\u00f3s, para provocar mudan\u00e7as. N\u00e3o precisamos concordar em tudo, mas ainda podemos avan\u00e7ar para alcan\u00e7ar resultados espec\u00edficos. Embora nem sempre seja f\u00e1cil, seria poss\u00edvel para n\u00f3s dialogar com alguns poucos do outro lado sobre quest\u00f5es como a crise da \u00e1gua, ou os perigos dos pesticidas para a sa\u00fade, ou a necessidade de aumentar rapidamente o uso de energias renov\u00e1veis, etc.<\/p>\n<p>Para mencionar uma \u00e1rea: uma fra\u00e7\u00e3o de pessoas de todas as principais religi\u00f5es emitiu declara\u00e7\u00f5es sobre o combate \u00e0s mudan\u00e7as clim\u00e1ticas. Seria poss\u00edvel interagir tamb\u00e9m com mais l\u00edderes, que podem n\u00e3o compartilhar completamente nossos valores e cren\u00e7as, para nos encontrar no meio do caminho para lidar com a crise clim\u00e1tica&#8230; ou para promover a resolu\u00e7\u00e3o e transforma\u00e7\u00e3o de conflitos inter-religiosos?<\/p>\n<p>Para continuar este ponto, al\u00e9m do objetivo de longo prazo de promover um parlamento de cidad\u00e3os, podemos tamb\u00e9m contemplar uma s\u00e9rie de objetivos de curto prazo que levem ao di\u00e1logo e \u00e0 transforma\u00e7\u00e3o, que nos ajudem a cruzar fronteiras sem perder convic\u00e7\u00f5es. Quando se encontra algu\u00e9m sobre uma ponte, com opini\u00f5es diferentes, pode-se ouvir, conversar e, se as coisas sa\u00edrem bem, chegar a um entendimento provis\u00f3rio. Nenhum dos dois tem que atravessar para o outro lado, mas ambos podem se encontrar no meio.<\/p>\n<p>Ent\u00e3o, seria poss\u00edvel considerar um n\u00famero (4), que leva \u00e0 realiza\u00e7\u00e3o de metas de curto prazo atrav\u00e9s do di\u00e1logo, negocia\u00e7\u00e3o e defesa, al\u00e9m de se agarrar ao objetivo de longo prazo do parlamento cidad\u00e3o? Muitos de n\u00f3s, neste grupo, n\u00e3o viveremos para ver 1945. Mas podemos trabalhar para isso, ao mesmo tempo em que salvamos o navio do naufr\u00e1gio a curto prazo. Naturalmente, estes objetivos de curto prazo ter\u00e3o que ser trabalhados em estreita colabora\u00e7\u00e3o com nossos movimentos espec\u00edficos que lidam com assuntos como \u00e1gua, seguran\u00e7a alimentar, rela\u00e7\u00f5es de g\u00eanero, lideran\u00e7a juvenil, resolu\u00e7\u00e3o de conflitos inter-religiosos, direitos dos povos ind\u00edgenas, etc.<\/p>\n<p>Estamos claramente comprometidos com a comunica\u00e7\u00e3o e a\u00e7\u00e3o n\u00e3o-violenta. Como diz meu amigo Ivan Maltcheff com freq\u00fc\u00eancia, devemos tamb\u00e9m aprender a ouvir verdadeiramente o outro lado. Este \u00e9 um pr\u00e9-requisito. Eu, por exemplo, muitas vezes me sinto levado por minha pr\u00f3pria voz, e n\u00e3o ou\u00e7o com freq\u00fc\u00eancia. Descubro que n\u00e3o tenho o sil\u00eancio interior para chegar \u00e0 clareza em minhas a\u00e7\u00f5es e em minhas rela\u00e7\u00f5es interpessoais. \u00c0s vezes me sinto melhor, e ajo melhor, quando fa\u00e7o algum pranayama (medita\u00e7\u00e3o respirat\u00f3ria) alguns minutos cada manh\u00e3. Outras vezes eu canto, e isso parece ajudar. N\u00e3o sou religioso, mas vejo qualquer tipo de pr\u00e1tica espiritual secular como valiosa para proporcionar uma medida de calma interior. Tenho amigos que s\u00e3o inspirados e motivados pelas convic\u00e7\u00f5es religiosas &#8220;libert\u00e1rias&#8221; que eles t\u00eam. Tamb\u00e9m percebo que para alguns ativistas e pensadores seculares isto pode n\u00e3o ser necess\u00e1rio, que eles j\u00e1 t\u00eam o dom da autoconsci\u00eancia e da compaix\u00e3o naturais (digo isto genuinamente).<\/p>\n<p>Ao &#8220;agir&#8221;, n\u00f3s permanecemos no aqui e agora da Esperan\u00e7a. Estamos fazendo o melhor que podemos. Como diz a no\u00e7\u00e3o hindu de <em>Nishkama Karma<\/em>, devemos agir agora, sem nos apegarmos aos frutos de nossa a\u00e7\u00e3o. \u00c9 imperativo e \u00e9tico agir agora, mesmo que n\u00e3o vivamos para ver os resultados de nossas a\u00e7\u00f5es.<\/p>\n<p>Estes s\u00e3o alguns pensamentos que eu gostaria de compartilhar com todos voc\u00eas. Podemos discutir isto, se o tempo permitir, no final de julho.<\/p>\n","protected":false},"excerpt":{"rendered":"<p>Por Siddhartha\/Rede Global Di\u00e1logos em Humanidade &nbsp; Sou Siddhartha, da \u00cdndia, membro da rede global Di\u00e1logos em humanidade. Junto com outros homens e mulheres representantes de redes que atuam em n\u00edvel global, fa\u00e7o parte do experimento de um Conselho de&hellip;<\/p>\n","protected":false},"author":2020,"featured_media":1403491,"comment_status":"closed","ping_status":"closed","sticky":false,"template":"","format":"standard","meta":{"footnotes":""},"categories":[102,11390,1254,42,111],"tags":[78892,80328,84162,79668],"class_list":["post-1403489","post","type-post","status-publish","format-standard","has-post-thumbnail","hentry","category-asia-pt-pt","category-conteudo-original","category-humanismo-espiritualidade","category-internacional-2","category-politica-pt-pt","tag-convergencia-pt-pt","tag-multiconvergencia","tag-redes-ciudadanas-pt-pt","tag-redes-globais"],"yoast_head":"<!-- This site is optimized with the Yoast SEO plugin v27.1.1 - https:\/\/yoast.com\/product\/yoast-seo-wordpress\/ -->\n<title>Escuta, aten\u00e7\u00e3o e comunica\u00e7\u00e3o n\u00e3o violenta<\/title>\n<meta name=\"description\" content=\"Por Siddhartha\/Rede Global Di\u00e1logos em Humanidade &nbsp; Sou Siddhartha, da \u00cdndia, membro da rede global Di\u00e1logos em humanidade. Junto com outros homens e\" \/>\n<meta name=\"robots\" content=\"index, follow, max-snippet:-1, max-image-preview:large, max-video-preview:-1\" \/>\n<link rel=\"canonical\" href=\"https:\/\/www.pressenza.com\/pt-pt\/2021\/07\/escuta-atencao-e-comunicacao-nao-violenta\/\" \/>\n<meta property=\"og:locale\" content=\"pt_PT\" \/>\n<meta property=\"og:type\" content=\"article\" \/>\n<meta property=\"og:title\" content=\"Escuta, aten\u00e7\u00e3o e comunica\u00e7\u00e3o n\u00e3o violenta\" \/>\n<meta property=\"og:description\" content=\"Por Siddhartha\/Rede Global Di\u00e1logos em Humanidade &nbsp; Sou Siddhartha, da \u00cdndia, membro da rede global Di\u00e1logos em humanidade. Junto com outros homens e\" \/>\n<meta property=\"og:url\" content=\"https:\/\/www.pressenza.com\/pt-pt\/2021\/07\/escuta-atencao-e-comunicacao-nao-violenta\/\" \/>\n<meta property=\"og:site_name\" content=\"Pressenza\" \/>\n<meta property=\"article:publisher\" content=\"https:\/\/www.facebook.com\/PressenzaItalia\" \/>\n<meta property=\"article:published_time\" content=\"2021-07-21T20:17:31+00:00\" \/>\n<meta property=\"og:image\" content=\"https:\/\/www.pressenza.com\/wp-content\/uploads\/2021\/07\/Dia\u0301logo-Geralt-Pixabay.jpg\" \/>\n\t<meta property=\"og:image:width\" content=\"800\" \/>\n\t<meta property=\"og:image:height\" content=\"450\" \/>\n\t<meta property=\"og:image:type\" content=\"image\/jpeg\" \/>\n<meta name=\"author\" content=\"MRG - Multiconverg\u00eancia de Redes Globais\" \/>\n<meta name=\"twitter:card\" content=\"summary_large_image\" \/>\n<meta name=\"twitter:creator\" content=\"@PressenzaIPA\" \/>\n<meta name=\"twitter:site\" content=\"@PressenzaIPA\" \/>\n<meta name=\"twitter:label1\" content=\"Escrito por\" \/>\n\t<meta name=\"twitter:data1\" content=\"MRG - Multiconverg\u00eancia de Redes Globais\" \/>\n\t<meta name=\"twitter:label2\" content=\"Tempo estimado de leitura\" \/>\n\t<meta name=\"twitter:data2\" content=\"7 minutos\" \/>\n<script type=\"application\/ld+json\" class=\"yoast-schema-graph\">{\"@context\":\"https:\/\/schema.org\",\"@graph\":[{\"@type\":\"Article\",\"@id\":\"https:\/\/www.pressenza.com\/pt-pt\/2021\/07\/escuta-atencao-e-comunicacao-nao-violenta\/#article\",\"isPartOf\":{\"@id\":\"https:\/\/www.pressenza.com\/pt-pt\/2021\/07\/escuta-atencao-e-comunicacao-nao-violenta\/\"},\"author\":{\"name\":\"MRG - Multiconverg\u00eancia de Redes Globais\",\"@id\":\"https:\/\/www.pressenza.com\/pt-pt\/#\/schema\/person\/48e9089d5bdfa2491347725728ae56b3\"},\"headline\":\"Escuta, aten\u00e7\u00e3o e comunica\u00e7\u00e3o n\u00e3o violenta\",\"datePublished\":\"2021-07-21T20:17:31+00:00\",\"mainEntityOfPage\":{\"@id\":\"https:\/\/www.pressenza.com\/pt-pt\/2021\/07\/escuta-atencao-e-comunicacao-nao-violenta\/\"},\"wordCount\":1374,\"publisher\":{\"@id\":\"https:\/\/www.pressenza.com\/pt-pt\/#organization\"},\"image\":{\"@id\":\"https:\/\/www.pressenza.com\/pt-pt\/2021\/07\/escuta-atencao-e-comunicacao-nao-violenta\/#primaryimage\"},\"thumbnailUrl\":\"https:\/\/www.pressenza.com\/wp-content\/uploads\/2021\/07\/Dia\u0301logo-Geralt-Pixabay.jpg\",\"keywords\":[\"convergencia\",\"multiconverg\u00eancia\",\"redes ciudadanas\",\"redes globais\"],\"articleSection\":[\"Asia\",\"Conte\u00fado Original\",\"Humanismo e Espiritualidade\",\"Internacional\",\"Pol\u00edtica\"],\"inLanguage\":\"pt-PT\"},{\"@type\":\"WebPage\",\"@id\":\"https:\/\/www.pressenza.com\/pt-pt\/2021\/07\/escuta-atencao-e-comunicacao-nao-violenta\/\",\"url\":\"https:\/\/www.pressenza.com\/pt-pt\/2021\/07\/escuta-atencao-e-comunicacao-nao-violenta\/\",\"name\":\"Escuta, aten\u00e7\u00e3o e comunica\u00e7\u00e3o n\u00e3o violenta\",\"isPartOf\":{\"@id\":\"https:\/\/www.pressenza.com\/pt-pt\/#website\"},\"primaryImageOfPage\":{\"@id\":\"https:\/\/www.pressenza.com\/pt-pt\/2021\/07\/escuta-atencao-e-comunicacao-nao-violenta\/#primaryimage\"},\"image\":{\"@id\":\"https:\/\/www.pressenza.com\/pt-pt\/2021\/07\/escuta-atencao-e-comunicacao-nao-violenta\/#primaryimage\"},\"thumbnailUrl\":\"https:\/\/www.pressenza.com\/wp-content\/uploads\/2021\/07\/Dia\u0301logo-Geralt-Pixabay.jpg\",\"datePublished\":\"2021-07-21T20:17:31+00:00\",\"description\":\"Por Siddhartha\/Rede Global Di\u00e1logos em Humanidade &nbsp; Sou Siddhartha, da \u00cdndia, membro da rede global Di\u00e1logos em humanidade. Junto com outros homens e\",\"breadcrumb\":{\"@id\":\"https:\/\/www.pressenza.com\/pt-pt\/2021\/07\/escuta-atencao-e-comunicacao-nao-violenta\/#breadcrumb\"},\"inLanguage\":\"pt-PT\",\"potentialAction\":[{\"@type\":\"ReadAction\",\"target\":[\"https:\/\/www.pressenza.com\/pt-pt\/2021\/07\/escuta-atencao-e-comunicacao-nao-violenta\/\"]}]},{\"@type\":\"ImageObject\",\"inLanguage\":\"pt-PT\",\"@id\":\"https:\/\/www.pressenza.com\/pt-pt\/2021\/07\/escuta-atencao-e-comunicacao-nao-violenta\/#primaryimage\",\"url\":\"https:\/\/www.pressenza.com\/wp-content\/uploads\/2021\/07\/Dia\u0301logo-Geralt-Pixabay.jpg\",\"contentUrl\":\"https:\/\/www.pressenza.com\/wp-content\/uploads\/2021\/07\/Dia\u0301logo-Geralt-Pixabay.jpg\",\"width\":800,\"height\":450},{\"@type\":\"BreadcrumbList\",\"@id\":\"https:\/\/www.pressenza.com\/pt-pt\/2021\/07\/escuta-atencao-e-comunicacao-nao-violenta\/#breadcrumb\",\"itemListElement\":[{\"@type\":\"ListItem\",\"position\":1,\"name\":\"Accueil\",\"item\":\"https:\/\/www.pressenza.com\/pt-pt\/\"},{\"@type\":\"ListItem\",\"position\":2,\"name\":\"Escuta, aten\u00e7\u00e3o e comunica\u00e7\u00e3o n\u00e3o violenta\"}]},{\"@type\":\"WebSite\",\"@id\":\"https:\/\/www.pressenza.com\/pt-pt\/#website\",\"url\":\"https:\/\/www.pressenza.com\/pt-pt\/\",\"name\":\"Pressenza\",\"description\":\"International Press Agency\",\"publisher\":{\"@id\":\"https:\/\/www.pressenza.com\/pt-pt\/#organization\"},\"potentialAction\":[{\"@type\":\"SearchAction\",\"target\":{\"@type\":\"EntryPoint\",\"urlTemplate\":\"https:\/\/www.pressenza.com\/pt-pt\/?s={search_term_string}\"},\"query-input\":{\"@type\":\"PropertyValueSpecification\",\"valueRequired\":true,\"valueName\":\"search_term_string\"}}],\"inLanguage\":\"pt-PT\"},{\"@type\":\"Organization\",\"@id\":\"https:\/\/www.pressenza.com\/pt-pt\/#organization\",\"name\":\"Pressenza\",\"url\":\"https:\/\/www.pressenza.com\/pt-pt\/\",\"logo\":{\"@type\":\"ImageObject\",\"inLanguage\":\"pt-PT\",\"@id\":\"https:\/\/www.pressenza.com\/pt-pt\/#\/schema\/logo\/image\/\",\"url\":\"https:\/\/www.pressenza.com\/wp-content\/uploads\/2022\/10\/pressenza_logo_200x200.jpg\",\"contentUrl\":\"https:\/\/www.pressenza.com\/wp-content\/uploads\/2022\/10\/pressenza_logo_200x200.jpg\",\"width\":200,\"height\":200,\"caption\":\"Pressenza\"},\"image\":{\"@id\":\"https:\/\/www.pressenza.com\/pt-pt\/#\/schema\/logo\/image\/\"},\"sameAs\":[\"https:\/\/www.facebook.com\/PressenzaItalia\",\"https:\/\/x.com\/PressenzaIPA\"]},{\"@type\":\"Person\",\"@id\":\"https:\/\/www.pressenza.com\/pt-pt\/#\/schema\/person\/48e9089d5bdfa2491347725728ae56b3\",\"name\":\"MRG - Multiconverg\u00eancia de Redes Globais\",\"description\":\"Articulation of transnational citizens' networks\",\"url\":\"https:\/\/www.pressenza.com\/pt-pt\/author\/mrg-multiconvergencia-de-redes-globais\/\"}]}<\/script>\n<!-- \/ Yoast SEO plugin. -->","yoast_head_json":{"title":"Escuta, aten\u00e7\u00e3o e comunica\u00e7\u00e3o n\u00e3o violenta","description":"Por Siddhartha\/Rede Global Di\u00e1logos em Humanidade &nbsp; Sou Siddhartha, da \u00cdndia, membro da rede global Di\u00e1logos em humanidade. Junto com outros homens e","robots":{"index":"index","follow":"follow","max-snippet":"max-snippet:-1","max-image-preview":"max-image-preview:large","max-video-preview":"max-video-preview:-1"},"canonical":"https:\/\/www.pressenza.com\/pt-pt\/2021\/07\/escuta-atencao-e-comunicacao-nao-violenta\/","og_locale":"pt_PT","og_type":"article","og_title":"Escuta, aten\u00e7\u00e3o e comunica\u00e7\u00e3o n\u00e3o violenta","og_description":"Por Siddhartha\/Rede Global Di\u00e1logos em Humanidade &nbsp; Sou Siddhartha, da \u00cdndia, membro da rede global Di\u00e1logos em humanidade. Junto com outros homens e","og_url":"https:\/\/www.pressenza.com\/pt-pt\/2021\/07\/escuta-atencao-e-comunicacao-nao-violenta\/","og_site_name":"Pressenza","article_publisher":"https:\/\/www.facebook.com\/PressenzaItalia","article_published_time":"2021-07-21T20:17:31+00:00","og_image":[{"width":800,"height":450,"url":"https:\/\/www.pressenza.com\/wp-content\/uploads\/2021\/07\/Dia\u0301logo-Geralt-Pixabay.jpg","type":"image\/jpeg"}],"author":"MRG - Multiconverg\u00eancia de Redes Globais","twitter_card":"summary_large_image","twitter_creator":"@PressenzaIPA","twitter_site":"@PressenzaIPA","twitter_misc":{"Escrito por":"MRG - Multiconverg\u00eancia de Redes Globais","Tempo estimado de leitura":"7 minutos"},"schema":{"@context":"https:\/\/schema.org","@graph":[{"@type":"Article","@id":"https:\/\/www.pressenza.com\/pt-pt\/2021\/07\/escuta-atencao-e-comunicacao-nao-violenta\/#article","isPartOf":{"@id":"https:\/\/www.pressenza.com\/pt-pt\/2021\/07\/escuta-atencao-e-comunicacao-nao-violenta\/"},"author":{"name":"MRG - Multiconverg\u00eancia de Redes Globais","@id":"https:\/\/www.pressenza.com\/pt-pt\/#\/schema\/person\/48e9089d5bdfa2491347725728ae56b3"},"headline":"Escuta, aten\u00e7\u00e3o e comunica\u00e7\u00e3o n\u00e3o violenta","datePublished":"2021-07-21T20:17:31+00:00","mainEntityOfPage":{"@id":"https:\/\/www.pressenza.com\/pt-pt\/2021\/07\/escuta-atencao-e-comunicacao-nao-violenta\/"},"wordCount":1374,"publisher":{"@id":"https:\/\/www.pressenza.com\/pt-pt\/#organization"},"image":{"@id":"https:\/\/www.pressenza.com\/pt-pt\/2021\/07\/escuta-atencao-e-comunicacao-nao-violenta\/#primaryimage"},"thumbnailUrl":"https:\/\/www.pressenza.com\/wp-content\/uploads\/2021\/07\/Dia\u0301logo-Geralt-Pixabay.jpg","keywords":["convergencia","multiconverg\u00eancia","redes ciudadanas","redes globais"],"articleSection":["Asia","Conte\u00fado Original","Humanismo e Espiritualidade","Internacional","Pol\u00edtica"],"inLanguage":"pt-PT"},{"@type":"WebPage","@id":"https:\/\/www.pressenza.com\/pt-pt\/2021\/07\/escuta-atencao-e-comunicacao-nao-violenta\/","url":"https:\/\/www.pressenza.com\/pt-pt\/2021\/07\/escuta-atencao-e-comunicacao-nao-violenta\/","name":"Escuta, aten\u00e7\u00e3o e comunica\u00e7\u00e3o n\u00e3o violenta","isPartOf":{"@id":"https:\/\/www.pressenza.com\/pt-pt\/#website"},"primaryImageOfPage":{"@id":"https:\/\/www.pressenza.com\/pt-pt\/2021\/07\/escuta-atencao-e-comunicacao-nao-violenta\/#primaryimage"},"image":{"@id":"https:\/\/www.pressenza.com\/pt-pt\/2021\/07\/escuta-atencao-e-comunicacao-nao-violenta\/#primaryimage"},"thumbnailUrl":"https:\/\/www.pressenza.com\/wp-content\/uploads\/2021\/07\/Dia\u0301logo-Geralt-Pixabay.jpg","datePublished":"2021-07-21T20:17:31+00:00","description":"Por Siddhartha\/Rede Global Di\u00e1logos em Humanidade &nbsp; Sou Siddhartha, da \u00cdndia, membro da rede global Di\u00e1logos em humanidade. Junto com outros homens e","breadcrumb":{"@id":"https:\/\/www.pressenza.com\/pt-pt\/2021\/07\/escuta-atencao-e-comunicacao-nao-violenta\/#breadcrumb"},"inLanguage":"pt-PT","potentialAction":[{"@type":"ReadAction","target":["https:\/\/www.pressenza.com\/pt-pt\/2021\/07\/escuta-atencao-e-comunicacao-nao-violenta\/"]}]},{"@type":"ImageObject","inLanguage":"pt-PT","@id":"https:\/\/www.pressenza.com\/pt-pt\/2021\/07\/escuta-atencao-e-comunicacao-nao-violenta\/#primaryimage","url":"https:\/\/www.pressenza.com\/wp-content\/uploads\/2021\/07\/Dia\u0301logo-Geralt-Pixabay.jpg","contentUrl":"https:\/\/www.pressenza.com\/wp-content\/uploads\/2021\/07\/Dia\u0301logo-Geralt-Pixabay.jpg","width":800,"height":450},{"@type":"BreadcrumbList","@id":"https:\/\/www.pressenza.com\/pt-pt\/2021\/07\/escuta-atencao-e-comunicacao-nao-violenta\/#breadcrumb","itemListElement":[{"@type":"ListItem","position":1,"name":"Accueil","item":"https:\/\/www.pressenza.com\/pt-pt\/"},{"@type":"ListItem","position":2,"name":"Escuta, aten\u00e7\u00e3o e comunica\u00e7\u00e3o n\u00e3o violenta"}]},{"@type":"WebSite","@id":"https:\/\/www.pressenza.com\/pt-pt\/#website","url":"https:\/\/www.pressenza.com\/pt-pt\/","name":"Pressenza","description":"International Press Agency","publisher":{"@id":"https:\/\/www.pressenza.com\/pt-pt\/#organization"},"potentialAction":[{"@type":"SearchAction","target":{"@type":"EntryPoint","urlTemplate":"https:\/\/www.pressenza.com\/pt-pt\/?s={search_term_string}"},"query-input":{"@type":"PropertyValueSpecification","valueRequired":true,"valueName":"search_term_string"}}],"inLanguage":"pt-PT"},{"@type":"Organization","@id":"https:\/\/www.pressenza.com\/pt-pt\/#organization","name":"Pressenza","url":"https:\/\/www.pressenza.com\/pt-pt\/","logo":{"@type":"ImageObject","inLanguage":"pt-PT","@id":"https:\/\/www.pressenza.com\/pt-pt\/#\/schema\/logo\/image\/","url":"https:\/\/www.pressenza.com\/wp-content\/uploads\/2022\/10\/pressenza_logo_200x200.jpg","contentUrl":"https:\/\/www.pressenza.com\/wp-content\/uploads\/2022\/10\/pressenza_logo_200x200.jpg","width":200,"height":200,"caption":"Pressenza"},"image":{"@id":"https:\/\/www.pressenza.com\/pt-pt\/#\/schema\/logo\/image\/"},"sameAs":["https:\/\/www.facebook.com\/PressenzaItalia","https:\/\/x.com\/PressenzaIPA"]},{"@type":"Person","@id":"https:\/\/www.pressenza.com\/pt-pt\/#\/schema\/person\/48e9089d5bdfa2491347725728ae56b3","name":"MRG - Multiconverg\u00eancia de Redes Globais","description":"Articulation of transnational citizens' networks","url":"https:\/\/www.pressenza.com\/pt-pt\/author\/mrg-multiconvergencia-de-redes-globais\/"}]}},"place":"India","original_article_url":"","_links":{"self":[{"href":"https:\/\/www.pressenza.com\/pt-pt\/wp-json\/wp\/v2\/posts\/1403489","targetHints":{"allow":["GET"]}}],"collection":[{"href":"https:\/\/www.pressenza.com\/pt-pt\/wp-json\/wp\/v2\/posts"}],"about":[{"href":"https:\/\/www.pressenza.com\/pt-pt\/wp-json\/wp\/v2\/types\/post"}],"author":[{"embeddable":true,"href":"https:\/\/www.pressenza.com\/pt-pt\/wp-json\/wp\/v2\/users\/2020"}],"replies":[{"embeddable":true,"href":"https:\/\/www.pressenza.com\/pt-pt\/wp-json\/wp\/v2\/comments?post=1403489"}],"version-history":[{"count":0,"href":"https:\/\/www.pressenza.com\/pt-pt\/wp-json\/wp\/v2\/posts\/1403489\/revisions"}],"wp:featuredmedia":[{"embeddable":true,"href":"https:\/\/www.pressenza.com\/pt-pt\/wp-json\/wp\/v2\/media\/1403491"}],"wp:attachment":[{"href":"https:\/\/www.pressenza.com\/pt-pt\/wp-json\/wp\/v2\/media?parent=1403489"}],"wp:term":[{"taxonomy":"category","embeddable":true,"href":"https:\/\/www.pressenza.com\/pt-pt\/wp-json\/wp\/v2\/categories?post=1403489"},{"taxonomy":"post_tag","embeddable":true,"href":"https:\/\/www.pressenza.com\/pt-pt\/wp-json\/wp\/v2\/tags?post=1403489"}],"curies":[{"name":"wp","href":"https:\/\/api.w.org\/{rel}","templated":true}]}}