{"id":1392147,"date":"2021-07-04T04:10:34","date_gmt":"2021-07-04T03:10:34","guid":{"rendered":"https:\/\/www.pressenza.com\/?p=1392147"},"modified":"2021-07-04T04:12:50","modified_gmt":"2021-07-04T03:12:50","slug":"brasil-lgbtqia-em-campo-e-fora","status":"publish","type":"post","link":"https:\/\/www.pressenza.com\/pt-pt\/2021\/07\/brasil-lgbtqia-em-campo-e-fora\/","title":{"rendered":"Brasil: LGBTQIA+ em campo e fora"},"content":{"rendered":"<h5><span style=\"color: #999999;\">OPINI\u00c3O<\/span><\/h5>\n<p>&nbsp;<\/p>\n<p>&nbsp;<\/p>\n<p><em><strong>Por Paolo D&#8217;Aprile<\/strong><\/em><\/p>\n<p>&nbsp;<\/p>\n<p>&nbsp;<\/p>\n<p>Zico abriu as portas da lenda ao seu Flamengo, o time mais popular do Rio de Janeiro. S\u00f3crates colocou seu Corinthians na vanguarda da luta pela democracia ap\u00f3s vinte anos de ditadura. Pel\u00e9 esculpiu a ferro e fogo o nome do Santos na eternidade. Claro, estou falando de alguns dos melhores jogadores de todos os tempos, times e \u00e9pocas que v\u00e3o al\u00e9m do esporte e fazem do futebol um dos mais importantes fen\u00f3menos sociais de massa do nosso tempo. Definir o futebol como o \u00f3pio do povo, ou, pior ainda, como uma v\u00e1lvula de escape para o mal-estar existencial, significa ignorar um s\u00e9culo de hist\u00f3ria no qual o esporte mais popular do mundo participou ativamente, por vezes como verdadeiro protagonista. A corrup\u00e7\u00e3o dos dirigentes, as fraudes de todos os tipos, as negociatas para constru\u00e7\u00e3o de est\u00e1dios e toda a infraestrutura, a coniv\u00eancia com governos ditatoriais, nada disso tem a ver com o jogo em si, com a paix\u00e3o que ele desperta. Dizem que h\u00e1 mais drama nos noventa minutos de uma pelada de periferia entre solteiros e casados do que em todas as trag\u00e9dias de Shakespeare; e se voc\u00ea duvidar, tente jogar uma.<\/p>\n<p>Os brasileiros for\u00e7ados ao ex\u00edlio pela ditadura dos anos de 1960\/70 contam que a Checoslov\u00e1quia assumiu a lideran\u00e7a, abrindo o placar no jogo de abertura da Copa do M\u00e9xico. Dizem que, com as fei\u00e7\u00f5es sem gra\u00e7a de quem comeu e n\u00e3o gostou, congratularam-se mutuamente: um pequeno pa\u00eds comunista colocava de joelhos a colossal sele\u00e7\u00e3o brasileira, o orgulho da junta militar, coisa que podia ser interpretada como um s\u00edmbolo de vit\u00f3ria contra o capitalismo internacional, avante companheiros! Pouco depois, quando Roberto Rivellino marcou um gola\u00e7o de falta, os brasileiros no ex\u00edlio sorriram, como quem n\u00e3o quer nada, um mero reflexo corporal involunt\u00e1rio que, instintivamente deixa voar uns tapinhas benevolentes nas costas. Um gola\u00e7o \u00e9 muito mais do que um gol qualquer, um gola\u00e7o \u00e9 um super-gol, \u00e9 um gol autoral, uma obra prima, tanto pela a\u00e7\u00e3o em si como pela situa\u00e7\u00e3o que o propiciou. Estava na cara que o do Rivellino era um verdadeiro gola\u00e7o, o tapinha nas costas era realmente apropriado, e mesmo algumas palavras de admira\u00e7\u00e3o expl\u00edcita cabiam direitinho. Quando Pel\u00e9 colocou o Brasil \u00e0 frente, os exilados viram que o maior jogador de todos os tempos podia realmente fazer o tempo parar, viram que uma for\u00e7a estranha o levava a jogar como se cantasse, viram que Pel\u00e9 arrastaria o time para a conquista definitiva da Ta\u00e7a Jules Rimet, viram que a sele\u00e7\u00e3o brasileira n\u00e3o pertencia aos execr\u00e1veis militares que esmagavam o pa\u00eds: a sele\u00e7\u00e3o brasileira era, e \u00e9, patrim\u00f4nio coletivo, s\u00edmbolo de pertencimento, verdadeira paix\u00e3o popular. E assim os exilados choraram e abra\u00e7aram-se, abra\u00e7aram os seus sonhos de crian\u00e7a e sua realidade de adultos, abra\u00e7aram seu povo miseravelmente rico, abandonado na orgia coletiva de del\u00edrio ef\u00e9mero, felicidade eterna, t\u00e3o in\u00fatil como um gol, t\u00e3o necess\u00e1ria como o Sim definitivo. Por isso o futebol vai al\u00e9m do esporte, do jogo, da FIFA, dos governos. No futebol podemos reconhecer-nos como membros de uma comunidade de iguais. No futebol vemo-nos como crian\u00e7as; no futebol projetamo-nos como os adultos que poder\u00edamos ter sido e confrontamo-nos com o que realmente somos. Zico e o Flamengo, S\u00f3crates e o Corinthians, Pel\u00e9 e o Santos. Nomes que v\u00e3o al\u00e9m, pessoas que significam algo, mesmo para aqueles que nunca viram um jogo na vida.<\/p>\n<p>A pandemia esvaziou os est\u00e1dios. Mas o futebol permaneceu. Os seus gols, suas derrotas, as vit\u00f3rias, seus gestos, continuam a encher de sentido a sem\u00e2ntica dos povos.<\/p>\n<p>Clube de Regata Vasco da Gama, ou simplesmente, Vasco. \u00c9 uma das grandes equipes do futebol brasileiro. Fundada por um grupo de remadores de origem portuguesa que decidiram prestar homenagem ao grande navegador. Desde o in\u00edcio o clube caracterizou-se por abrigar em suas fileiras o povo simples, os filhos dos trabalhadores\u00a0 bra\u00e7ais, oper\u00e1rios e moradores dos bairros pobres do Rio. O futebol era ainda um esporte praticado exclusivamente pela elite: vindo da Inglaterra, como as palavras utilizadas em campo atestam: corner, penalty, cross, drible, offside, e o voc\u00e1bulo mais importante de todos: goal &#8230; brazilianizado em GOL. Tal como aconteceu com a palavra que define o jogo: Football, imediatamente transformado em Futebol.<\/p>\n<p>E o Vasco n\u00e3o \u00e9 apenas uma equipe de Futebol. Na linha de frente durante cem anos da luta pelos direitos civis, a 7 de Abril de 1924, assinou e divulgou um documento conhecido at\u00e9 hoje como a &#8220;Resposta Hist\u00f3rica&#8221;. Informou a federa\u00e7\u00e3o e todo o pa\u00eds que o time n\u00e3o iria participar do campeonato sem os seus jogadores de origem afro-brasileira. De fato, de acordo com as exig\u00eancias da federa\u00e7\u00e3o, de acordo com as regras ditadas pela tradi\u00e7\u00e3o brit\u00e2nica, as equipes teriam de ser formadas exclusivamente por jogadores brancos, com caracter\u00edsticas som\u00e1ticas marcadamente europeias. O Vasco, nascido em bairros da classe trabalhadora, nunca se prestou \u00e0 com\u00e9dia de camuflar os seus jogadores negros com p\u00f3 de arroz para branquear a pele, como fora feito por todas as outras equipes, a fim de enganar o regulamento: nunca! O Vasco recusou, escreveu e divulgou a \u201cResposta Hist\u00f3rica\u201d. O Vasco imp\u00f4s a presen\u00e7a dos afro-brasileiros em campo como parte integrante do time. E assim foi.<\/p>\n<p>Rio de Janeiro, 28 de Junho de 2021. Germ\u00e1n Cano, jogador nascido na Argentina, escreveu o seu nome na hist\u00f3ria do Vasco, do Futebol Brasileiro e do futebol mundial. Apanhou um passe do seu companheiro e, de primeira, colocou uma bola impar\u00e1vel no fundo da rede. Sem esperar pelo abra\u00e7o, Germ\u00e1n Cano correu em dire\u00e7\u00e3o \u00e0 bandeira do escanteio.<\/p>\n<p>O Vasco joga com um uniforme diferente do habitual, hoje a camisa \u00e9 branca. E a faixa diagonal, tradicionalmente preta, ostenta enfaticamente as cores do arco-\u00edris, as cores do Dia Mundial do Orgulho LGBTQIA+. Mesmo as bandeiras dos quatro cantos de onde \u00e9 cobrado o escanteio lembram-nos que hoje \u00e9 um dia especial. E Germ\u00e1n Cano corre em dire\u00e7\u00e3o do canto do campo, tira o mastro da bandeira do ch\u00e3o, levanta o bra\u00e7o segurando-o orgulhosamente, agita a bandeira e chama os seus que se unem \u00e0 festa. O est\u00e1dio est\u00e1 vazio, mas o Brasil inteiro aplaude de p\u00e9. O acenar da bandeira do arco-\u00edris como gesto de respeito para uma comunidade historicamente marginalizada e, hoje, mais do que nunca, alvo da viol\u00eancia institucional do governo Bolsonaro, tem um significado que vai para al\u00e9m da exulta\u00e7\u00e3o por um gol. N\u00e3o importa que o Vasco agora jogue na segunda divis\u00e3o, n\u00e3o importa que n\u00e3o ven\u00e7a um titulo h\u00e1 anos, n\u00e3o importa que seus jogadores n\u00e3o sejam convocados na sele\u00e7\u00e3o, n\u00e3o importa. Ao transformar uma simples comemora\u00e7\u00e3o em uma atitude, uma declara\u00e7\u00e3o de inten\u00e7\u00f5es, uma afirma\u00e7\u00e3o de respeito, autonomia, identidade, em um gesto simb\u00f3lico para milhares de pessoas que muitas vezes n\u00e3o t\u00eam nem a possibilidade, nem a for\u00e7a para revelar sua identidade, hoje, um jogador do Vasco, permite que o Futebol volte a incidir na realidade, como cem anos atr\u00e1s, para lembrar a todos que a luta pelos direitos civis n\u00e3o pode parar. Vasco, orgulho do Futebol Brasileiro.\u00a0Germ\u00e1n Cano, atleta, jogador de futebol, homem livre!<\/p>\n<p>&nbsp;<\/p>\n","protected":false},"excerpt":{"rendered":"<p>OPINI\u00c3O &nbsp; &nbsp; Por Paolo D&#8217;Aprile &nbsp; &nbsp; Zico abriu as portas da lenda ao seu Flamengo, o time mais popular do Rio de Janeiro. S\u00f3crates colocou seu Corinthians na vanguarda da luta pela democracia ap\u00f3s vinte anos de ditadura.&hellip;<\/p>\n","protected":false},"author":1567,"featured_media":1392159,"comment_status":"closed","ping_status":"closed","sticky":false,"template":"","format":"standard","meta":{"footnotes":""},"categories":[104,11390,116,1255,165,111],"tags":[18845,77611],"class_list":["post-1392147","post","type-post","status-publish","format-standard","has-post-thumbnail","hentry","category-america-do-sul","category-conteudo-original","category-direitos-humanos","category-diversidade","category-opiniao","category-politica-pt-pt","tag-diversidade","tag-lgbtqia-pt-pt"],"yoast_head":"<!-- This site is optimized with the Yoast SEO plugin v27.1.1 - https:\/\/yoast.com\/product\/yoast-seo-wordpress\/ -->\n<title>Brasil: LGBTQIA+ em campo e fora<\/title>\n<meta name=\"description\" content=\"OPINI\u00c3O &nbsp; &nbsp; Por Paolo D&#039;Aprile &nbsp; &nbsp; Zico abriu as portas da lenda ao seu Flamengo, o time mais popular do Rio de Janeiro. S\u00f3crates\" \/>\n<meta name=\"robots\" content=\"index, follow, max-snippet:-1, max-image-preview:large, max-video-preview:-1\" \/>\n<link rel=\"canonical\" href=\"https:\/\/www.pressenza.com\/pt-pt\/2021\/07\/brasil-lgbtqia-em-campo-e-fora\/\" \/>\n<meta property=\"og:locale\" content=\"pt_PT\" \/>\n<meta property=\"og:type\" content=\"article\" \/>\n<meta property=\"og:title\" content=\"Brasil: LGBTQIA+ em campo e fora\" \/>\n<meta property=\"og:description\" content=\"OPINI\u00c3O &nbsp; &nbsp; Por Paolo D&#039;Aprile &nbsp; &nbsp; Zico abriu as portas da lenda ao seu Flamengo, o time mais popular do Rio de Janeiro. S\u00f3crates\" \/>\n<meta property=\"og:url\" content=\"https:\/\/www.pressenza.com\/pt-pt\/2021\/07\/brasil-lgbtqia-em-campo-e-fora\/\" \/>\n<meta property=\"og:site_name\" content=\"Pressenza\" \/>\n<meta property=\"article:publisher\" content=\"https:\/\/www.facebook.com\/PressenzaItalia\" \/>\n<meta property=\"article:published_time\" content=\"2021-07-04T03:10:34+00:00\" \/>\n<meta property=\"article:modified_time\" content=\"2021-07-04T03:12:50+00:00\" \/>\n<meta property=\"og:image\" content=\"https:\/\/www.pressenza.com\/wp-content\/uploads\/2021\/07\/paolo-1.jpg\" \/>\n\t<meta property=\"og:image:width\" content=\"720\" \/>\n\t<meta property=\"og:image:height\" content=\"420\" \/>\n\t<meta property=\"og:image:type\" content=\"image\/jpeg\" \/>\n<meta name=\"author\" content=\"Paolo D&#039;Aprile\" \/>\n<meta name=\"twitter:card\" content=\"summary_large_image\" \/>\n<meta name=\"twitter:creator\" content=\"@PressenzaIPA\" \/>\n<meta name=\"twitter:site\" content=\"@PressenzaIPA\" \/>\n<meta name=\"twitter:label1\" content=\"Escrito por\" \/>\n\t<meta name=\"twitter:data1\" content=\"Paolo D&#039;Aprile\" \/>\n\t<meta name=\"twitter:label2\" content=\"Tempo estimado de leitura\" \/>\n\t<meta name=\"twitter:data2\" content=\"6 minutos\" \/>\n<script type=\"application\/ld+json\" class=\"yoast-schema-graph\">{\"@context\":\"https:\/\/schema.org\",\"@graph\":[{\"@type\":\"Article\",\"@id\":\"https:\/\/www.pressenza.com\/pt-pt\/2021\/07\/brasil-lgbtqia-em-campo-e-fora\/#article\",\"isPartOf\":{\"@id\":\"https:\/\/www.pressenza.com\/pt-pt\/2021\/07\/brasil-lgbtqia-em-campo-e-fora\/\"},\"author\":{\"name\":\"Paolo D'Aprile\",\"@id\":\"https:\/\/www.pressenza.com\/pt-pt\/#\/schema\/person\/b7683f6cc5b4992d9641abb1dd2b2c7a\"},\"headline\":\"Brasil: LGBTQIA+ em campo e fora\",\"datePublished\":\"2021-07-04T03:10:34+00:00\",\"dateModified\":\"2021-07-04T03:12:50+00:00\",\"mainEntityOfPage\":{\"@id\":\"https:\/\/www.pressenza.com\/pt-pt\/2021\/07\/brasil-lgbtqia-em-campo-e-fora\/\"},\"wordCount\":1295,\"publisher\":{\"@id\":\"https:\/\/www.pressenza.com\/pt-pt\/#organization\"},\"image\":{\"@id\":\"https:\/\/www.pressenza.com\/pt-pt\/2021\/07\/brasil-lgbtqia-em-campo-e-fora\/#primaryimage\"},\"thumbnailUrl\":\"https:\/\/www.pressenza.com\/wp-content\/uploads\/2021\/07\/paolo-1.jpg\",\"keywords\":[\"diversidade\",\"LGBTQIA+\"],\"articleSection\":[\"\u00c1m\u00e9rica do Sul\",\"Conte\u00fado Original\",\"Direitos Humanos\",\"Diversidade\",\"Opini\u00e3o\",\"Pol\u00edtica\"],\"inLanguage\":\"pt-PT\"},{\"@type\":\"WebPage\",\"@id\":\"https:\/\/www.pressenza.com\/pt-pt\/2021\/07\/brasil-lgbtqia-em-campo-e-fora\/\",\"url\":\"https:\/\/www.pressenza.com\/pt-pt\/2021\/07\/brasil-lgbtqia-em-campo-e-fora\/\",\"name\":\"Brasil: LGBTQIA+ em campo e fora\",\"isPartOf\":{\"@id\":\"https:\/\/www.pressenza.com\/pt-pt\/#website\"},\"primaryImageOfPage\":{\"@id\":\"https:\/\/www.pressenza.com\/pt-pt\/2021\/07\/brasil-lgbtqia-em-campo-e-fora\/#primaryimage\"},\"image\":{\"@id\":\"https:\/\/www.pressenza.com\/pt-pt\/2021\/07\/brasil-lgbtqia-em-campo-e-fora\/#primaryimage\"},\"thumbnailUrl\":\"https:\/\/www.pressenza.com\/wp-content\/uploads\/2021\/07\/paolo-1.jpg\",\"datePublished\":\"2021-07-04T03:10:34+00:00\",\"dateModified\":\"2021-07-04T03:12:50+00:00\",\"description\":\"OPINI\u00c3O &nbsp; &nbsp; Por Paolo D'Aprile &nbsp; &nbsp; Zico abriu as portas da lenda ao seu Flamengo, o time mais popular do Rio de Janeiro. S\u00f3crates\",\"breadcrumb\":{\"@id\":\"https:\/\/www.pressenza.com\/pt-pt\/2021\/07\/brasil-lgbtqia-em-campo-e-fora\/#breadcrumb\"},\"inLanguage\":\"pt-PT\",\"potentialAction\":[{\"@type\":\"ReadAction\",\"target\":[\"https:\/\/www.pressenza.com\/pt-pt\/2021\/07\/brasil-lgbtqia-em-campo-e-fora\/\"]}]},{\"@type\":\"ImageObject\",\"inLanguage\":\"pt-PT\",\"@id\":\"https:\/\/www.pressenza.com\/pt-pt\/2021\/07\/brasil-lgbtqia-em-campo-e-fora\/#primaryimage\",\"url\":\"https:\/\/www.pressenza.com\/wp-content\/uploads\/2021\/07\/paolo-1.jpg\",\"contentUrl\":\"https:\/\/www.pressenza.com\/wp-content\/uploads\/2021\/07\/paolo-1.jpg\",\"width\":720,\"height\":420},{\"@type\":\"BreadcrumbList\",\"@id\":\"https:\/\/www.pressenza.com\/pt-pt\/2021\/07\/brasil-lgbtqia-em-campo-e-fora\/#breadcrumb\",\"itemListElement\":[{\"@type\":\"ListItem\",\"position\":1,\"name\":\"Accueil\",\"item\":\"https:\/\/www.pressenza.com\/pt-pt\/\"},{\"@type\":\"ListItem\",\"position\":2,\"name\":\"Brasil: LGBTQIA+ em campo e fora\"}]},{\"@type\":\"WebSite\",\"@id\":\"https:\/\/www.pressenza.com\/pt-pt\/#website\",\"url\":\"https:\/\/www.pressenza.com\/pt-pt\/\",\"name\":\"Pressenza\",\"description\":\"International Press Agency\",\"publisher\":{\"@id\":\"https:\/\/www.pressenza.com\/pt-pt\/#organization\"},\"potentialAction\":[{\"@type\":\"SearchAction\",\"target\":{\"@type\":\"EntryPoint\",\"urlTemplate\":\"https:\/\/www.pressenza.com\/pt-pt\/?s={search_term_string}\"},\"query-input\":{\"@type\":\"PropertyValueSpecification\",\"valueRequired\":true,\"valueName\":\"search_term_string\"}}],\"inLanguage\":\"pt-PT\"},{\"@type\":\"Organization\",\"@id\":\"https:\/\/www.pressenza.com\/pt-pt\/#organization\",\"name\":\"Pressenza\",\"url\":\"https:\/\/www.pressenza.com\/pt-pt\/\",\"logo\":{\"@type\":\"ImageObject\",\"inLanguage\":\"pt-PT\",\"@id\":\"https:\/\/www.pressenza.com\/pt-pt\/#\/schema\/logo\/image\/\",\"url\":\"https:\/\/www.pressenza.com\/wp-content\/uploads\/2022\/10\/pressenza_logo_200x200.jpg\",\"contentUrl\":\"https:\/\/www.pressenza.com\/wp-content\/uploads\/2022\/10\/pressenza_logo_200x200.jpg\",\"width\":200,\"height\":200,\"caption\":\"Pressenza\"},\"image\":{\"@id\":\"https:\/\/www.pressenza.com\/pt-pt\/#\/schema\/logo\/image\/\"},\"sameAs\":[\"https:\/\/www.facebook.com\/PressenzaItalia\",\"https:\/\/x.com\/PressenzaIPA\"]},{\"@type\":\"Person\",\"@id\":\"https:\/\/www.pressenza.com\/pt-pt\/#\/schema\/person\/b7683f6cc5b4992d9641abb1dd2b2c7a\",\"name\":\"Paolo D'Aprile\",\"description\":\"Nasco nel 1963... sono un uomo di mezza et\u00e0! Vivo a S\u00e3o Paulo dal 1989 e il mio lavoro di fisioterapista mi ha portato in contatto con le situazioni estreme della citt\u00e0, dalle favelas ai \\\"meninos de rua\\\". Ho partecipato a vari progetti di inclusione attraverso l'esercizio dei diritti civili. Da grande voglio fare il calciatore, l'astronauta e il pompiere.\",\"url\":\"https:\/\/www.pressenza.com\/pt-pt\/author\/paolo-daprile\/\"}]}<\/script>\n<!-- \/ Yoast SEO plugin. -->","yoast_head_json":{"title":"Brasil: LGBTQIA+ em campo e fora","description":"OPINI\u00c3O &nbsp; &nbsp; Por Paolo D'Aprile &nbsp; &nbsp; Zico abriu as portas da lenda ao seu Flamengo, o time mais popular do Rio de Janeiro. S\u00f3crates","robots":{"index":"index","follow":"follow","max-snippet":"max-snippet:-1","max-image-preview":"max-image-preview:large","max-video-preview":"max-video-preview:-1"},"canonical":"https:\/\/www.pressenza.com\/pt-pt\/2021\/07\/brasil-lgbtqia-em-campo-e-fora\/","og_locale":"pt_PT","og_type":"article","og_title":"Brasil: LGBTQIA+ em campo e fora","og_description":"OPINI\u00c3O &nbsp; &nbsp; Por Paolo D'Aprile &nbsp; &nbsp; Zico abriu as portas da lenda ao seu Flamengo, o time mais popular do Rio de Janeiro. S\u00f3crates","og_url":"https:\/\/www.pressenza.com\/pt-pt\/2021\/07\/brasil-lgbtqia-em-campo-e-fora\/","og_site_name":"Pressenza","article_publisher":"https:\/\/www.facebook.com\/PressenzaItalia","article_published_time":"2021-07-04T03:10:34+00:00","article_modified_time":"2021-07-04T03:12:50+00:00","og_image":[{"width":720,"height":420,"url":"https:\/\/www.pressenza.com\/wp-content\/uploads\/2021\/07\/paolo-1.jpg","type":"image\/jpeg"}],"author":"Paolo D'Aprile","twitter_card":"summary_large_image","twitter_creator":"@PressenzaIPA","twitter_site":"@PressenzaIPA","twitter_misc":{"Escrito por":"Paolo D'Aprile","Tempo estimado de leitura":"6 minutos"},"schema":{"@context":"https:\/\/schema.org","@graph":[{"@type":"Article","@id":"https:\/\/www.pressenza.com\/pt-pt\/2021\/07\/brasil-lgbtqia-em-campo-e-fora\/#article","isPartOf":{"@id":"https:\/\/www.pressenza.com\/pt-pt\/2021\/07\/brasil-lgbtqia-em-campo-e-fora\/"},"author":{"name":"Paolo D'Aprile","@id":"https:\/\/www.pressenza.com\/pt-pt\/#\/schema\/person\/b7683f6cc5b4992d9641abb1dd2b2c7a"},"headline":"Brasil: LGBTQIA+ em campo e fora","datePublished":"2021-07-04T03:10:34+00:00","dateModified":"2021-07-04T03:12:50+00:00","mainEntityOfPage":{"@id":"https:\/\/www.pressenza.com\/pt-pt\/2021\/07\/brasil-lgbtqia-em-campo-e-fora\/"},"wordCount":1295,"publisher":{"@id":"https:\/\/www.pressenza.com\/pt-pt\/#organization"},"image":{"@id":"https:\/\/www.pressenza.com\/pt-pt\/2021\/07\/brasil-lgbtqia-em-campo-e-fora\/#primaryimage"},"thumbnailUrl":"https:\/\/www.pressenza.com\/wp-content\/uploads\/2021\/07\/paolo-1.jpg","keywords":["diversidade","LGBTQIA+"],"articleSection":["\u00c1m\u00e9rica do Sul","Conte\u00fado Original","Direitos Humanos","Diversidade","Opini\u00e3o","Pol\u00edtica"],"inLanguage":"pt-PT"},{"@type":"WebPage","@id":"https:\/\/www.pressenza.com\/pt-pt\/2021\/07\/brasil-lgbtqia-em-campo-e-fora\/","url":"https:\/\/www.pressenza.com\/pt-pt\/2021\/07\/brasil-lgbtqia-em-campo-e-fora\/","name":"Brasil: LGBTQIA+ em campo e fora","isPartOf":{"@id":"https:\/\/www.pressenza.com\/pt-pt\/#website"},"primaryImageOfPage":{"@id":"https:\/\/www.pressenza.com\/pt-pt\/2021\/07\/brasil-lgbtqia-em-campo-e-fora\/#primaryimage"},"image":{"@id":"https:\/\/www.pressenza.com\/pt-pt\/2021\/07\/brasil-lgbtqia-em-campo-e-fora\/#primaryimage"},"thumbnailUrl":"https:\/\/www.pressenza.com\/wp-content\/uploads\/2021\/07\/paolo-1.jpg","datePublished":"2021-07-04T03:10:34+00:00","dateModified":"2021-07-04T03:12:50+00:00","description":"OPINI\u00c3O &nbsp; &nbsp; Por Paolo D'Aprile &nbsp; &nbsp; Zico abriu as portas da lenda ao seu Flamengo, o time mais popular do Rio de Janeiro. S\u00f3crates","breadcrumb":{"@id":"https:\/\/www.pressenza.com\/pt-pt\/2021\/07\/brasil-lgbtqia-em-campo-e-fora\/#breadcrumb"},"inLanguage":"pt-PT","potentialAction":[{"@type":"ReadAction","target":["https:\/\/www.pressenza.com\/pt-pt\/2021\/07\/brasil-lgbtqia-em-campo-e-fora\/"]}]},{"@type":"ImageObject","inLanguage":"pt-PT","@id":"https:\/\/www.pressenza.com\/pt-pt\/2021\/07\/brasil-lgbtqia-em-campo-e-fora\/#primaryimage","url":"https:\/\/www.pressenza.com\/wp-content\/uploads\/2021\/07\/paolo-1.jpg","contentUrl":"https:\/\/www.pressenza.com\/wp-content\/uploads\/2021\/07\/paolo-1.jpg","width":720,"height":420},{"@type":"BreadcrumbList","@id":"https:\/\/www.pressenza.com\/pt-pt\/2021\/07\/brasil-lgbtqia-em-campo-e-fora\/#breadcrumb","itemListElement":[{"@type":"ListItem","position":1,"name":"Accueil","item":"https:\/\/www.pressenza.com\/pt-pt\/"},{"@type":"ListItem","position":2,"name":"Brasil: LGBTQIA+ em campo e fora"}]},{"@type":"WebSite","@id":"https:\/\/www.pressenza.com\/pt-pt\/#website","url":"https:\/\/www.pressenza.com\/pt-pt\/","name":"Pressenza","description":"International Press Agency","publisher":{"@id":"https:\/\/www.pressenza.com\/pt-pt\/#organization"},"potentialAction":[{"@type":"SearchAction","target":{"@type":"EntryPoint","urlTemplate":"https:\/\/www.pressenza.com\/pt-pt\/?s={search_term_string}"},"query-input":{"@type":"PropertyValueSpecification","valueRequired":true,"valueName":"search_term_string"}}],"inLanguage":"pt-PT"},{"@type":"Organization","@id":"https:\/\/www.pressenza.com\/pt-pt\/#organization","name":"Pressenza","url":"https:\/\/www.pressenza.com\/pt-pt\/","logo":{"@type":"ImageObject","inLanguage":"pt-PT","@id":"https:\/\/www.pressenza.com\/pt-pt\/#\/schema\/logo\/image\/","url":"https:\/\/www.pressenza.com\/wp-content\/uploads\/2022\/10\/pressenza_logo_200x200.jpg","contentUrl":"https:\/\/www.pressenza.com\/wp-content\/uploads\/2022\/10\/pressenza_logo_200x200.jpg","width":200,"height":200,"caption":"Pressenza"},"image":{"@id":"https:\/\/www.pressenza.com\/pt-pt\/#\/schema\/logo\/image\/"},"sameAs":["https:\/\/www.facebook.com\/PressenzaItalia","https:\/\/x.com\/PressenzaIPA"]},{"@type":"Person","@id":"https:\/\/www.pressenza.com\/pt-pt\/#\/schema\/person\/b7683f6cc5b4992d9641abb1dd2b2c7a","name":"Paolo D'Aprile","description":"Nasco nel 1963... sono un uomo di mezza et\u00e0! Vivo a S\u00e3o Paulo dal 1989 e il mio lavoro di fisioterapista mi ha portato in contatto con le situazioni estreme della citt\u00e0, dalle favelas ai \"meninos de rua\". Ho partecipato a vari progetti di inclusione attraverso l'esercizio dei diritti civili. Da grande voglio fare il calciatore, l'astronauta e il pompiere.","url":"https:\/\/www.pressenza.com\/pt-pt\/author\/paolo-daprile\/"}]}},"place":"S\u00e3o Paulo, SP","original_article_url":"","_links":{"self":[{"href":"https:\/\/www.pressenza.com\/pt-pt\/wp-json\/wp\/v2\/posts\/1392147","targetHints":{"allow":["GET"]}}],"collection":[{"href":"https:\/\/www.pressenza.com\/pt-pt\/wp-json\/wp\/v2\/posts"}],"about":[{"href":"https:\/\/www.pressenza.com\/pt-pt\/wp-json\/wp\/v2\/types\/post"}],"author":[{"embeddable":true,"href":"https:\/\/www.pressenza.com\/pt-pt\/wp-json\/wp\/v2\/users\/1567"}],"replies":[{"embeddable":true,"href":"https:\/\/www.pressenza.com\/pt-pt\/wp-json\/wp\/v2\/comments?post=1392147"}],"version-history":[{"count":0,"href":"https:\/\/www.pressenza.com\/pt-pt\/wp-json\/wp\/v2\/posts\/1392147\/revisions"}],"wp:featuredmedia":[{"embeddable":true,"href":"https:\/\/www.pressenza.com\/pt-pt\/wp-json\/wp\/v2\/media\/1392159"}],"wp:attachment":[{"href":"https:\/\/www.pressenza.com\/pt-pt\/wp-json\/wp\/v2\/media?parent=1392147"}],"wp:term":[{"taxonomy":"category","embeddable":true,"href":"https:\/\/www.pressenza.com\/pt-pt\/wp-json\/wp\/v2\/categories?post=1392147"},{"taxonomy":"post_tag","embeddable":true,"href":"https:\/\/www.pressenza.com\/pt-pt\/wp-json\/wp\/v2\/tags?post=1392147"}],"curies":[{"name":"wp","href":"https:\/\/api.w.org\/{rel}","templated":true}]}}