{"id":1387303,"date":"2021-06-27T04:58:13","date_gmt":"2021-06-27T03:58:13","guid":{"rendered":"https:\/\/www.pressenza.com\/?p=1387303"},"modified":"2021-06-27T04:58:13","modified_gmt":"2021-06-27T03:58:13","slug":"quinhentos-anos-de-guerra-justa","status":"publish","type":"post","link":"https:\/\/www.pressenza.com\/pt-pt\/2021\/06\/quinhentos-anos-de-guerra-justa\/","title":{"rendered":"Quinhentos anos de Guerra Justa"},"content":{"rendered":"<h5><span style=\"color: #999999;\">OPINI\u00c3O<\/span><\/h5>\n<p>&nbsp;<\/p>\n<p>&nbsp;<\/p>\n<p><em><strong>Por Paolo D&#8217;Aprile<\/strong><\/em><\/p>\n<p>&nbsp;<\/p>\n<p>&nbsp;<\/p>\n<p><span style=\"font-weight: 400;\">Guerra Justa: assim foi chamada a guerra de conquista contra as popula\u00e7\u00f5es ind\u00edgenas no in\u00edcio dos anos de 1600, guerra justa. A coloniza\u00e7\u00e3o portuguesa, come\u00e7ada um s\u00e9culo antes ao longo da faixa costeira, iniciou a se mover em dire\u00e7\u00e3o ao interior inexplorado do pa\u00eds. Em busca de novos territ\u00f3rios f\u00e9rteis e, sobretudo, da m\u00e3o-de-obra para cultiv\u00e1-los, os colonos e, com eles, os mission\u00e1rios jesu\u00edtas, viram-se obrigados a lutar contra a resist\u00eancia dos \u00edndios relutantes em trabalhar como escravos nas planta\u00e7\u00f5es de cana de a\u00e7\u00facar, a monocultura respons\u00e1vel pelo in\u00edcio dos ciclos econ\u00f4micos baseados na explora\u00e7\u00e3o dos recursos naturais, as mat\u00e9rias-primas: madeira, cana de a\u00e7\u00facar, borracha, ouro, ferro, caf\u00e9, cacau, soja.<\/span><\/p>\n<p><span style=\"font-weight: 400;\">Os \u00edndios resistiram. Eles resistiram culturalmente, recusando-se a se curvar \u00e0 nova religi\u00e3o, resistiram fisicamente, opondo-se atrav\u00e9s de sabotagem e resist\u00eancia passiva ao regime de servid\u00e3o ao qual foram for\u00e7ados. Resist\u00eancia passiva significa deixar-se morrer de tristeza, ou cometer suic\u00eddio pelo m\u00e9todo tradicional: engolir alguns punhados de terra e areia at\u00e9 sucumbir. Eles resistiram militarmente, atrav\u00e9s de uma verdadeira guerra de guerrilha, emboscadas e arrast\u00f5es. Apesar dos decretos papais definirem os \u00edndios como seres humanos possuidores de alma e, portanto, merecendo fazer parte do povo de Deus por direito; apesar da lei imperial proibir sua redu\u00e7\u00e3o \u00e0 escravid\u00e3o, na pr\u00e1tica a situa\u00e7\u00e3o era bem diferente.<\/span><\/p>\n<p><span style=\"font-weight: 400;\">O custo alto da importa\u00e7\u00e3o de m\u00e3o-de-obra africana atrav\u00e9s da incipiente rota do com\u00e9rcio de escravos tornava muito mais pr\u00e1tico a tentativa de convencer as popula\u00e7\u00f5es nativas a trabalhar nas grandes fazendas: elas foram retiradas da vida n\u00f4made, dos costumes b\u00e1rbaros, foi-lhes oferecida a convers\u00e3o do corpo atrav\u00e9s da disciplina dos sentidos, e a salva\u00e7\u00e3o da alma atrav\u00e9s da verdadeira religi\u00e3o. Nada mais poderia ser feito. Mas eles continuaram a recusar, e por sua resist\u00eancia se tornaram um perigo constante para as fazendas e para a produ\u00e7\u00e3o agr\u00edcola. E assim a guerra, al\u00e9m de ser necess\u00e1ria, tornou-se justa: s\u00f3 neste caso, se <\/span><i><span style=\"font-weight: 400;\">justa<\/span><\/i><span style=\"font-weight: 400;\"> realmente fosse, seria admiss\u00edvel. Dizem que come\u00e7ou com a execu\u00e7\u00e3o de dois l\u00edderes rebeldes na pra\u00e7a de S\u00e3o Salvador da Bahia de Todos os Santos. Amarrados \u00e0 boca de um canh\u00e3o, foi-lhes pedido que beijassem o crucifixo, recusaram.<\/span><\/p>\n<p><span style=\"font-weight: 400;\">Bras\u00edlia, junho de 2021. Em frente ao parlamento, as tropas especiais demonstram mais uma vez toda a sua prepara\u00e7\u00e3o militar contra os tumultos. Os pal\u00e1cios do poder s\u00e3o inviol\u00e1veis e devem ser protegidos. Sem qualquer aviso, o ataque come\u00e7a. S\u00e3o atiradas bombas de g\u00e1s lacrimog\u00eaneo e de efeito moral, bast\u00f5es, escudos, armaduras, fuzis e pistolas. Os feridos s\u00e3o levados em seguran\u00e7a carregados no muque em meio aos gritos das mulheres e ao rugir de vingan\u00e7a dos homens. De rostos e corpos pintados, levantam simbolicamente seus arcos e flechas. Eles v\u00eam de todo o Brasil, da periferia das grandes metr\u00f3poles, dos territ\u00f3rios protegidos de Mato Grosso, Par\u00e1, Amaz\u00f4nia. Sob o ataque das tropas especiais fazem como sempre fizeram durante quinhentos anos: resistem, com seus corpos, suas can\u00e7\u00f5es, sua hist\u00f3ria, sua dignidade, eles resistem. A nova lei que est\u00e1 sendo votada no parlamento \u00e9 crucial. O Presidente Bolsonaro, al\u00e9m de manter sua promessa de n\u00e3o demarcar terras ind\u00edgenas, faz muito mais: ap\u00f3s ter desmantelado os \u00f3rg\u00e3os federais de prote\u00e7\u00e3o e fiscaliza\u00e7\u00e3o, apresenta o projeto de lei que permite a busca e o uso de recursos naturais &#8220;\u00fateis para o desenvolvimento da na\u00e7\u00e3o&#8221;, mesmo que localizados em territ\u00f3rios ind\u00edgenas j\u00e1 demarcados. Na pr\u00e1tica, a busca de minerais e madeira preciosa, &#8220;necess\u00e1rios para o progresso nacional&#8221;, a invas\u00e3o e destrui\u00e7\u00e3o ambiental dos territ\u00f3rios protegidos habitados pelas popula\u00e7\u00f5es originais s\u00e3o legalizadas. Os guardi\u00f5es da floresta continuam a ser considerados como inimigos a serem eliminados. Em frente ao Parlamento, g\u00e1s lacrimog\u00eaneo, balas de borracha e bast\u00f5es, a Guerra Justa continua a ceifar suas v\u00edtimas.<\/span><\/p>\n","protected":false},"excerpt":{"rendered":"<p>OPINI\u00c3O &nbsp; &nbsp; Por Paolo D&#8217;Aprile &nbsp; &nbsp; Guerra Justa: assim foi chamada a guerra de conquista contra as popula\u00e7\u00f5es ind\u00edgenas no in\u00edcio dos anos de 1600, guerra justa. A coloniza\u00e7\u00e3o portuguesa, come\u00e7ada um s\u00e9culo antes ao longo da faixa&hellip;<\/p>\n","protected":false},"author":1567,"featured_media":1387304,"comment_status":"closed","ping_status":"closed","sticky":false,"template":"","format":"standard","meta":{"footnotes":""},"categories":[104,117,11390,116,115,165,111],"tags":[18768,28381,64451],"class_list":["post-1387303","post","type-post","status-publish","format-standard","has-post-thumbnail","hentry","category-america-do-sul","category-povos-originarios","category-conteudo-original","category-direitos-humanos","category-ecologia-e-meio-ambiente","category-opiniao","category-politica-pt-pt","tag-politica","tag-povos-indigenas","tag-povos-indigenas-do-brasil"],"yoast_head":"<!-- This site is optimized with the Yoast SEO plugin v27.1.1 - https:\/\/yoast.com\/product\/yoast-seo-wordpress\/ -->\n<title>Quinhentos anos de Guerra Justa<\/title>\n<meta name=\"description\" content=\"OPINI\u00c3O &nbsp; &nbsp; Por Paolo D&#039;Aprile &nbsp; &nbsp; Guerra Justa: assim foi chamada a guerra de conquista contra as popula\u00e7\u00f5es ind\u00edgenas no in\u00edcio dos\" \/>\n<meta name=\"robots\" content=\"index, follow, max-snippet:-1, max-image-preview:large, max-video-preview:-1\" \/>\n<link rel=\"canonical\" href=\"https:\/\/www.pressenza.com\/pt-pt\/2021\/06\/quinhentos-anos-de-guerra-justa\/\" \/>\n<meta property=\"og:locale\" content=\"pt_PT\" \/>\n<meta property=\"og:type\" content=\"article\" \/>\n<meta property=\"og:title\" content=\"Quinhentos anos de Guerra Justa\" \/>\n<meta property=\"og:description\" content=\"OPINI\u00c3O &nbsp; &nbsp; Por Paolo D&#039;Aprile &nbsp; &nbsp; Guerra Justa: assim foi chamada a guerra de conquista contra as popula\u00e7\u00f5es ind\u00edgenas no in\u00edcio dos\" \/>\n<meta property=\"og:url\" content=\"https:\/\/www.pressenza.com\/pt-pt\/2021\/06\/quinhentos-anos-de-guerra-justa\/\" \/>\n<meta property=\"og:site_name\" content=\"Pressenza\" \/>\n<meta property=\"article:publisher\" content=\"https:\/\/www.facebook.com\/PressenzaItalia\" \/>\n<meta property=\"article:published_time\" content=\"2021-06-27T03:58:13+00:00\" \/>\n<meta property=\"og:image\" content=\"https:\/\/www.pressenza.com\/wp-content\/uploads\/2021\/06\/paolo.jpg\" \/>\n\t<meta property=\"og:image:width\" content=\"487\" \/>\n\t<meta property=\"og:image:height\" content=\"274\" \/>\n\t<meta property=\"og:image:type\" content=\"image\/jpeg\" \/>\n<meta name=\"author\" content=\"Paolo D&#039;Aprile\" \/>\n<meta name=\"twitter:card\" content=\"summary_large_image\" \/>\n<meta name=\"twitter:creator\" content=\"@PressenzaIPA\" \/>\n<meta name=\"twitter:site\" content=\"@PressenzaIPA\" \/>\n<meta name=\"twitter:label1\" content=\"Escrito por\" \/>\n\t<meta name=\"twitter:data1\" content=\"Paolo D&#039;Aprile\" \/>\n\t<meta name=\"twitter:label2\" content=\"Tempo estimado de leitura\" \/>\n\t<meta name=\"twitter:data2\" content=\"4 minutos\" \/>\n<script type=\"application\/ld+json\" class=\"yoast-schema-graph\">{\"@context\":\"https:\/\/schema.org\",\"@graph\":[{\"@type\":\"Article\",\"@id\":\"https:\/\/www.pressenza.com\/pt-pt\/2021\/06\/quinhentos-anos-de-guerra-justa\/#article\",\"isPartOf\":{\"@id\":\"https:\/\/www.pressenza.com\/pt-pt\/2021\/06\/quinhentos-anos-de-guerra-justa\/\"},\"author\":{\"name\":\"Paolo D'Aprile\",\"@id\":\"https:\/\/www.pressenza.com\/pt-pt\/#\/schema\/person\/b7683f6cc5b4992d9641abb1dd2b2c7a\"},\"headline\":\"Quinhentos anos de Guerra Justa\",\"datePublished\":\"2021-06-27T03:58:13+00:00\",\"mainEntityOfPage\":{\"@id\":\"https:\/\/www.pressenza.com\/pt-pt\/2021\/06\/quinhentos-anos-de-guerra-justa\/\"},\"wordCount\":726,\"publisher\":{\"@id\":\"https:\/\/www.pressenza.com\/pt-pt\/#organization\"},\"image\":{\"@id\":\"https:\/\/www.pressenza.com\/pt-pt\/2021\/06\/quinhentos-anos-de-guerra-justa\/#primaryimage\"},\"thumbnailUrl\":\"https:\/\/www.pressenza.com\/wp-content\/uploads\/2021\/06\/paolo.jpg\",\"keywords\":[\"politica\",\"povos ind\u00edgenas\",\"povos ind\u00edgenas do Brasil\"],\"articleSection\":[\"\u00c1m\u00e9rica do Sul\",\"Assuntos ind\u00edgenas\",\"Conte\u00fado Original\",\"Direitos Humanos\",\"Ecologia e Meio Ambiente\",\"Opini\u00e3o\",\"Pol\u00edtica\"],\"inLanguage\":\"pt-PT\"},{\"@type\":\"WebPage\",\"@id\":\"https:\/\/www.pressenza.com\/pt-pt\/2021\/06\/quinhentos-anos-de-guerra-justa\/\",\"url\":\"https:\/\/www.pressenza.com\/pt-pt\/2021\/06\/quinhentos-anos-de-guerra-justa\/\",\"name\":\"Quinhentos anos de Guerra Justa\",\"isPartOf\":{\"@id\":\"https:\/\/www.pressenza.com\/pt-pt\/#website\"},\"primaryImageOfPage\":{\"@id\":\"https:\/\/www.pressenza.com\/pt-pt\/2021\/06\/quinhentos-anos-de-guerra-justa\/#primaryimage\"},\"image\":{\"@id\":\"https:\/\/www.pressenza.com\/pt-pt\/2021\/06\/quinhentos-anos-de-guerra-justa\/#primaryimage\"},\"thumbnailUrl\":\"https:\/\/www.pressenza.com\/wp-content\/uploads\/2021\/06\/paolo.jpg\",\"datePublished\":\"2021-06-27T03:58:13+00:00\",\"description\":\"OPINI\u00c3O &nbsp; &nbsp; Por Paolo D'Aprile &nbsp; &nbsp; Guerra Justa: assim foi chamada a guerra de conquista contra as popula\u00e7\u00f5es ind\u00edgenas no in\u00edcio dos\",\"breadcrumb\":{\"@id\":\"https:\/\/www.pressenza.com\/pt-pt\/2021\/06\/quinhentos-anos-de-guerra-justa\/#breadcrumb\"},\"inLanguage\":\"pt-PT\",\"potentialAction\":[{\"@type\":\"ReadAction\",\"target\":[\"https:\/\/www.pressenza.com\/pt-pt\/2021\/06\/quinhentos-anos-de-guerra-justa\/\"]}]},{\"@type\":\"ImageObject\",\"inLanguage\":\"pt-PT\",\"@id\":\"https:\/\/www.pressenza.com\/pt-pt\/2021\/06\/quinhentos-anos-de-guerra-justa\/#primaryimage\",\"url\":\"https:\/\/www.pressenza.com\/wp-content\/uploads\/2021\/06\/paolo.jpg\",\"contentUrl\":\"https:\/\/www.pressenza.com\/wp-content\/uploads\/2021\/06\/paolo.jpg\",\"width\":487,\"height\":274},{\"@type\":\"BreadcrumbList\",\"@id\":\"https:\/\/www.pressenza.com\/pt-pt\/2021\/06\/quinhentos-anos-de-guerra-justa\/#breadcrumb\",\"itemListElement\":[{\"@type\":\"ListItem\",\"position\":1,\"name\":\"Accueil\",\"item\":\"https:\/\/www.pressenza.com\/pt-pt\/\"},{\"@type\":\"ListItem\",\"position\":2,\"name\":\"Quinhentos anos de Guerra Justa\"}]},{\"@type\":\"WebSite\",\"@id\":\"https:\/\/www.pressenza.com\/pt-pt\/#website\",\"url\":\"https:\/\/www.pressenza.com\/pt-pt\/\",\"name\":\"Pressenza\",\"description\":\"International Press Agency\",\"publisher\":{\"@id\":\"https:\/\/www.pressenza.com\/pt-pt\/#organization\"},\"potentialAction\":[{\"@type\":\"SearchAction\",\"target\":{\"@type\":\"EntryPoint\",\"urlTemplate\":\"https:\/\/www.pressenza.com\/pt-pt\/?s={search_term_string}\"},\"query-input\":{\"@type\":\"PropertyValueSpecification\",\"valueRequired\":true,\"valueName\":\"search_term_string\"}}],\"inLanguage\":\"pt-PT\"},{\"@type\":\"Organization\",\"@id\":\"https:\/\/www.pressenza.com\/pt-pt\/#organization\",\"name\":\"Pressenza\",\"url\":\"https:\/\/www.pressenza.com\/pt-pt\/\",\"logo\":{\"@type\":\"ImageObject\",\"inLanguage\":\"pt-PT\",\"@id\":\"https:\/\/www.pressenza.com\/pt-pt\/#\/schema\/logo\/image\/\",\"url\":\"https:\/\/www.pressenza.com\/wp-content\/uploads\/2022\/10\/pressenza_logo_200x200.jpg\",\"contentUrl\":\"https:\/\/www.pressenza.com\/wp-content\/uploads\/2022\/10\/pressenza_logo_200x200.jpg\",\"width\":200,\"height\":200,\"caption\":\"Pressenza\"},\"image\":{\"@id\":\"https:\/\/www.pressenza.com\/pt-pt\/#\/schema\/logo\/image\/\"},\"sameAs\":[\"https:\/\/www.facebook.com\/PressenzaItalia\",\"https:\/\/x.com\/PressenzaIPA\"]},{\"@type\":\"Person\",\"@id\":\"https:\/\/www.pressenza.com\/pt-pt\/#\/schema\/person\/b7683f6cc5b4992d9641abb1dd2b2c7a\",\"name\":\"Paolo D'Aprile\",\"description\":\"Nasco nel 1963... sono un uomo di mezza et\u00e0! Vivo a S\u00e3o Paulo dal 1989 e il mio lavoro di fisioterapista mi ha portato in contatto con le situazioni estreme della citt\u00e0, dalle favelas ai \\\"meninos de rua\\\". Ho partecipato a vari progetti di inclusione attraverso l'esercizio dei diritti civili. Da grande voglio fare il calciatore, l'astronauta e il pompiere.\",\"url\":\"https:\/\/www.pressenza.com\/pt-pt\/author\/paolo-daprile\/\"}]}<\/script>\n<!-- \/ Yoast SEO plugin. -->","yoast_head_json":{"title":"Quinhentos anos de Guerra Justa","description":"OPINI\u00c3O &nbsp; &nbsp; Por Paolo D'Aprile &nbsp; &nbsp; Guerra Justa: assim foi chamada a guerra de conquista contra as popula\u00e7\u00f5es ind\u00edgenas no in\u00edcio dos","robots":{"index":"index","follow":"follow","max-snippet":"max-snippet:-1","max-image-preview":"max-image-preview:large","max-video-preview":"max-video-preview:-1"},"canonical":"https:\/\/www.pressenza.com\/pt-pt\/2021\/06\/quinhentos-anos-de-guerra-justa\/","og_locale":"pt_PT","og_type":"article","og_title":"Quinhentos anos de Guerra Justa","og_description":"OPINI\u00c3O &nbsp; &nbsp; Por Paolo D'Aprile &nbsp; &nbsp; Guerra Justa: assim foi chamada a guerra de conquista contra as popula\u00e7\u00f5es ind\u00edgenas no in\u00edcio dos","og_url":"https:\/\/www.pressenza.com\/pt-pt\/2021\/06\/quinhentos-anos-de-guerra-justa\/","og_site_name":"Pressenza","article_publisher":"https:\/\/www.facebook.com\/PressenzaItalia","article_published_time":"2021-06-27T03:58:13+00:00","og_image":[{"width":487,"height":274,"url":"https:\/\/www.pressenza.com\/wp-content\/uploads\/2021\/06\/paolo.jpg","type":"image\/jpeg"}],"author":"Paolo D'Aprile","twitter_card":"summary_large_image","twitter_creator":"@PressenzaIPA","twitter_site":"@PressenzaIPA","twitter_misc":{"Escrito por":"Paolo D'Aprile","Tempo estimado de leitura":"4 minutos"},"schema":{"@context":"https:\/\/schema.org","@graph":[{"@type":"Article","@id":"https:\/\/www.pressenza.com\/pt-pt\/2021\/06\/quinhentos-anos-de-guerra-justa\/#article","isPartOf":{"@id":"https:\/\/www.pressenza.com\/pt-pt\/2021\/06\/quinhentos-anos-de-guerra-justa\/"},"author":{"name":"Paolo D'Aprile","@id":"https:\/\/www.pressenza.com\/pt-pt\/#\/schema\/person\/b7683f6cc5b4992d9641abb1dd2b2c7a"},"headline":"Quinhentos anos de Guerra Justa","datePublished":"2021-06-27T03:58:13+00:00","mainEntityOfPage":{"@id":"https:\/\/www.pressenza.com\/pt-pt\/2021\/06\/quinhentos-anos-de-guerra-justa\/"},"wordCount":726,"publisher":{"@id":"https:\/\/www.pressenza.com\/pt-pt\/#organization"},"image":{"@id":"https:\/\/www.pressenza.com\/pt-pt\/2021\/06\/quinhentos-anos-de-guerra-justa\/#primaryimage"},"thumbnailUrl":"https:\/\/www.pressenza.com\/wp-content\/uploads\/2021\/06\/paolo.jpg","keywords":["politica","povos ind\u00edgenas","povos ind\u00edgenas do Brasil"],"articleSection":["\u00c1m\u00e9rica do Sul","Assuntos ind\u00edgenas","Conte\u00fado Original","Direitos Humanos","Ecologia e Meio Ambiente","Opini\u00e3o","Pol\u00edtica"],"inLanguage":"pt-PT"},{"@type":"WebPage","@id":"https:\/\/www.pressenza.com\/pt-pt\/2021\/06\/quinhentos-anos-de-guerra-justa\/","url":"https:\/\/www.pressenza.com\/pt-pt\/2021\/06\/quinhentos-anos-de-guerra-justa\/","name":"Quinhentos anos de Guerra Justa","isPartOf":{"@id":"https:\/\/www.pressenza.com\/pt-pt\/#website"},"primaryImageOfPage":{"@id":"https:\/\/www.pressenza.com\/pt-pt\/2021\/06\/quinhentos-anos-de-guerra-justa\/#primaryimage"},"image":{"@id":"https:\/\/www.pressenza.com\/pt-pt\/2021\/06\/quinhentos-anos-de-guerra-justa\/#primaryimage"},"thumbnailUrl":"https:\/\/www.pressenza.com\/wp-content\/uploads\/2021\/06\/paolo.jpg","datePublished":"2021-06-27T03:58:13+00:00","description":"OPINI\u00c3O &nbsp; &nbsp; Por Paolo D'Aprile &nbsp; &nbsp; Guerra Justa: assim foi chamada a guerra de conquista contra as popula\u00e7\u00f5es ind\u00edgenas no in\u00edcio dos","breadcrumb":{"@id":"https:\/\/www.pressenza.com\/pt-pt\/2021\/06\/quinhentos-anos-de-guerra-justa\/#breadcrumb"},"inLanguage":"pt-PT","potentialAction":[{"@type":"ReadAction","target":["https:\/\/www.pressenza.com\/pt-pt\/2021\/06\/quinhentos-anos-de-guerra-justa\/"]}]},{"@type":"ImageObject","inLanguage":"pt-PT","@id":"https:\/\/www.pressenza.com\/pt-pt\/2021\/06\/quinhentos-anos-de-guerra-justa\/#primaryimage","url":"https:\/\/www.pressenza.com\/wp-content\/uploads\/2021\/06\/paolo.jpg","contentUrl":"https:\/\/www.pressenza.com\/wp-content\/uploads\/2021\/06\/paolo.jpg","width":487,"height":274},{"@type":"BreadcrumbList","@id":"https:\/\/www.pressenza.com\/pt-pt\/2021\/06\/quinhentos-anos-de-guerra-justa\/#breadcrumb","itemListElement":[{"@type":"ListItem","position":1,"name":"Accueil","item":"https:\/\/www.pressenza.com\/pt-pt\/"},{"@type":"ListItem","position":2,"name":"Quinhentos anos de Guerra Justa"}]},{"@type":"WebSite","@id":"https:\/\/www.pressenza.com\/pt-pt\/#website","url":"https:\/\/www.pressenza.com\/pt-pt\/","name":"Pressenza","description":"International Press Agency","publisher":{"@id":"https:\/\/www.pressenza.com\/pt-pt\/#organization"},"potentialAction":[{"@type":"SearchAction","target":{"@type":"EntryPoint","urlTemplate":"https:\/\/www.pressenza.com\/pt-pt\/?s={search_term_string}"},"query-input":{"@type":"PropertyValueSpecification","valueRequired":true,"valueName":"search_term_string"}}],"inLanguage":"pt-PT"},{"@type":"Organization","@id":"https:\/\/www.pressenza.com\/pt-pt\/#organization","name":"Pressenza","url":"https:\/\/www.pressenza.com\/pt-pt\/","logo":{"@type":"ImageObject","inLanguage":"pt-PT","@id":"https:\/\/www.pressenza.com\/pt-pt\/#\/schema\/logo\/image\/","url":"https:\/\/www.pressenza.com\/wp-content\/uploads\/2022\/10\/pressenza_logo_200x200.jpg","contentUrl":"https:\/\/www.pressenza.com\/wp-content\/uploads\/2022\/10\/pressenza_logo_200x200.jpg","width":200,"height":200,"caption":"Pressenza"},"image":{"@id":"https:\/\/www.pressenza.com\/pt-pt\/#\/schema\/logo\/image\/"},"sameAs":["https:\/\/www.facebook.com\/PressenzaItalia","https:\/\/x.com\/PressenzaIPA"]},{"@type":"Person","@id":"https:\/\/www.pressenza.com\/pt-pt\/#\/schema\/person\/b7683f6cc5b4992d9641abb1dd2b2c7a","name":"Paolo D'Aprile","description":"Nasco nel 1963... sono un uomo di mezza et\u00e0! Vivo a S\u00e3o Paulo dal 1989 e il mio lavoro di fisioterapista mi ha portato in contatto con le situazioni estreme della citt\u00e0, dalle favelas ai \"meninos de rua\". Ho partecipato a vari progetti di inclusione attraverso l'esercizio dei diritti civili. Da grande voglio fare il calciatore, l'astronauta e il pompiere.","url":"https:\/\/www.pressenza.com\/pt-pt\/author\/paolo-daprile\/"}]}},"place":"S\u00e3o Paulo, SP","original_article_url":"","_links":{"self":[{"href":"https:\/\/www.pressenza.com\/pt-pt\/wp-json\/wp\/v2\/posts\/1387303","targetHints":{"allow":["GET"]}}],"collection":[{"href":"https:\/\/www.pressenza.com\/pt-pt\/wp-json\/wp\/v2\/posts"}],"about":[{"href":"https:\/\/www.pressenza.com\/pt-pt\/wp-json\/wp\/v2\/types\/post"}],"author":[{"embeddable":true,"href":"https:\/\/www.pressenza.com\/pt-pt\/wp-json\/wp\/v2\/users\/1567"}],"replies":[{"embeddable":true,"href":"https:\/\/www.pressenza.com\/pt-pt\/wp-json\/wp\/v2\/comments?post=1387303"}],"version-history":[{"count":0,"href":"https:\/\/www.pressenza.com\/pt-pt\/wp-json\/wp\/v2\/posts\/1387303\/revisions"}],"wp:featuredmedia":[{"embeddable":true,"href":"https:\/\/www.pressenza.com\/pt-pt\/wp-json\/wp\/v2\/media\/1387304"}],"wp:attachment":[{"href":"https:\/\/www.pressenza.com\/pt-pt\/wp-json\/wp\/v2\/media?parent=1387303"}],"wp:term":[{"taxonomy":"category","embeddable":true,"href":"https:\/\/www.pressenza.com\/pt-pt\/wp-json\/wp\/v2\/categories?post=1387303"},{"taxonomy":"post_tag","embeddable":true,"href":"https:\/\/www.pressenza.com\/pt-pt\/wp-json\/wp\/v2\/tags?post=1387303"}],"curies":[{"name":"wp","href":"https:\/\/api.w.org\/{rel}","templated":true}]}}