{"id":138341,"date":"2014-10-09T01:46:16","date_gmt":"2014-10-09T00:46:16","guid":{"rendered":"http:\/\/www.pressenza.com\/?p=138341"},"modified":"2014-10-09T01:46:16","modified_gmt":"2014-10-09T00:46:16","slug":"publicam-artigo-de-fidel-castro-intitulado-o-porvir-incerto","status":"publish","type":"post","link":"https:\/\/www.pressenza.com\/pt-pt\/2014\/10\/publicam-artigo-de-fidel-castro-intitulado-o-porvir-incerto\/","title":{"rendered":"Publicam artigo de Fidel Castro intitulado &#8220;O porvir incerto&#8221;"},"content":{"rendered":"<p>Havana, 8 out (Prensa Latina) O l\u00edder hist\u00f3rico da Revolu\u00e7\u00e3o Cubana, Fidel Castro Ruz, publica hoje um artigo intitulado &#8220;O porvir incerto&#8221;, cujo texto na \u00edntegra transmitimos a seguir:<\/p>\n<p>O porvir incerto<\/p>\n<p>Em sua evolu\u00e7\u00e3o, o Homo Sapiens, como ser pensante \u00fanico entre milh\u00f5es de esp\u00e9cies vivas, jamais teve ideia da natureza e da raz\u00e3o de sua exist\u00eancia. Dotado da capacidade de pensar, estava regido por severos instintos. Nada sabia do resto de seu maravilhoso planeta. N\u00e3o se conhece sequer desde quando possui essa capacidade; em raros casos afirma-se que h\u00e1 um milh\u00e3o de anos ou um pouco mais, mas em geral se considera que n\u00e3o mais de 200 mil anos.<\/p>\n<p>Hoje sabe-se que o n\u00famero de planetas com apar\u00eancias similares ao nosso se eleva a milhares de milh\u00f5es na mesma gal\u00e1xia onde se localiza o nosso, dentro do que se denomina Universo. Espero n\u00e3o ofender a ningu\u00e9m por abordar o tema do que somos ou achamos que somos.<\/p>\n<p>H\u00e1 dois dias, em 5 de outubro, a p\u00e1gina na internet do canal de televis\u00e3o Russia Today, um meio de divulga\u00e7\u00e3o s\u00e9rio, publicou que Laura Mersini-Houghton, prestigiosa professora da Universidade de Carolina do Norte, demonstrou que os supermassivos buracos negros n\u00e3o existem e que a teoria do Big Bang \u00e9 infundada. Isto, penso, implica um trauma para muitas pessoas que converteram tal teoria em um ato de f\u00e9.<\/p>\n<p>A maior autoridade neste tema seria o cientista brit\u00e2nico Stephen Hawking, um homem de excepcionais m\u00e9ritos por sua consagra\u00e7\u00e3o \u00e0 ci\u00eancia, apesar de uma doen\u00e7a cruel que o obrigou a grandes esfor\u00e7os para comunicar-se com os demais, quando era ainda muito jovem.<\/p>\n<p>Os cientistas mais cientes destes temas comunicam-se e inclusive publicam seus resultados em termos t\u00e9cnicos dif\u00edceis de serem compreendidos por aqueles que n\u00e3o tivemos a mordomia de qualquer familiaridade com essa ci\u00eancia.<\/p>\n<p>Stephen Hawking converteu-se, com a publica\u00e7\u00e3o de &#8220;Uma Breve Hist\u00f3ria do Tempo&#8221;, no autor de um livro sobre o importante tema, cujas vendas chegaram a mais de 10 milh\u00f5es de exemplares.<\/p>\n<p>Seguramente que, aparte de seu interesse intr\u00ednseco, os principais compradores foram os membros da comunidade de cientistas dedicados ao estudo destes temas transcendentes que j\u00e1 somam v\u00e1rios milh\u00f5es de eminentes pesquisadores.<\/p>\n<p>Farei o poss\u00edvel para ler e compreender essa obra, quando minha atual tarefa relacionada com a produ\u00e7\u00e3o de alimentos em quantidade e qualidade suficientes \u00e9 priorit\u00e1ria, e na qual o esfor\u00e7o pode ainda ser traduzido em um importante benef\u00edcio.<\/p>\n<p>\u00c9 muito o que ignoramos e muito pouco o que sabemos de nossa pr\u00f3pria ignor\u00e2ncia.<\/p>\n<p>O segundo livro de Hawking, &#8220;O universo numa casca de noz&#8221;, escrito segundo ele em uma linguagem mais intelig\u00edvel para os profanos no assunto, o li e sublinhei muitas das ideias que mais me interessaram.<\/p>\n<p>Jamais em sua evolu\u00e7\u00e3o o g\u00eanero humano teve nem podia ter uma ideia clara de sua pr\u00f3pria exist\u00eancia, porque esta singelamente n\u00e3o existia, simplesmente evolu\u00eda com o mesmo ritmo de tudo que existe. \u00c9 uma realidade que n\u00e3o surge contra ningu\u00e9m nem deve ofender a ningu\u00e9m.<\/p>\n<p>A cada dia podemos aprender algo novo. Ajudar aos demais e ajudar-nos no poss\u00edvel a n\u00f3s mesmos.<\/p>\n<p>Ontem escutava as declara\u00e7\u00f5es do novo Secret\u00e1rio Geral da OTAN, antigo Premi\u00ea da Noruega, que, desde o \u00faltimo primeiro de outubro, h\u00e1 s\u00f3 seis dias, assumiu o cargo.<\/p>\n<p>Quanto \u00f3dio no rosto! Que incr\u00edvel empenho em promover uma guerra de exterm\u00ednio contra a Federa\u00e7\u00e3o Russa! Quem s\u00e3o os mais extremistas que os pr\u00f3prios fan\u00e1ticos do Estado Isl\u00e2mico? Que religi\u00e3o praticam? Depois disso, pode ser desfrutada a vida eterna \u00e0 direita do Senhor?<\/p>\n<p>Fidel Castro Ruz<\/p>\n<p>Outubro 7 de 2014<\/p>\n","protected":false},"excerpt":{"rendered":"<p>Havana, 8 out (Prensa Latina) O l\u00edder hist\u00f3rico da Revolu\u00e7\u00e3o Cubana, Fidel Castro Ruz, publica hoje um artigo intitulado &#8220;O porvir incerto&#8221;, cujo texto na \u00edntegra transmitimos a seguir: O porvir incerto Em sua evolu\u00e7\u00e3o, o Homo Sapiens, como ser&hellip;<\/p>\n","protected":false},"author":90,"featured_media":138342,"comment_status":"closed","ping_status":"open","sticky":false,"template":"","format":"standard","meta":{"footnotes":""},"categories":[106,499,112,42,165],"tags":[6765,12674],"class_list":["post-138341","post","type-post","status-publish","format-standard","has-post-thumbnail","hentry","category-america-central-pt-pt","category-ciencia-tecnologia-pt","category-cultura-pt-pt","category-internacional-2","category-opiniao","tag-cuba-pt-pt","tag-fidel-castro-pt-pt"],"yoast_head":"<!-- This site is optimized with the Yoast SEO plugin v27.1.1 - https:\/\/yoast.com\/product\/yoast-seo-wordpress\/ -->\n<title>Publicam artigo de Fidel Castro intitulado &quot;O porvir incerto&quot;<\/title>\n<meta name=\"description\" content=\"Havana, 8 out (Prensa Latina) O l\u00edder hist\u00f3rico da Revolu\u00e7\u00e3o Cubana, Fidel Castro Ruz, publica hoje um artigo intitulado &quot;O porvir incerto&quot;, cujo texto na\" \/>\n<meta name=\"robots\" content=\"index, follow, max-snippet:-1, max-image-preview:large, max-video-preview:-1\" \/>\n<link rel=\"canonical\" href=\"https:\/\/www.pressenza.com\/pt-pt\/2014\/10\/publicam-artigo-de-fidel-castro-intitulado-o-porvir-incerto\/\" \/>\n<meta property=\"og:locale\" content=\"pt_PT\" \/>\n<meta property=\"og:type\" content=\"article\" \/>\n<meta property=\"og:title\" content=\"Publicam artigo de Fidel Castro intitulado &quot;O porvir incerto&quot;\" \/>\n<meta property=\"og:description\" content=\"Havana, 8 out (Prensa Latina) O l\u00edder hist\u00f3rico da Revolu\u00e7\u00e3o Cubana, Fidel Castro Ruz, publica hoje um artigo intitulado &quot;O porvir incerto&quot;, cujo texto na\" \/>\n<meta property=\"og:url\" content=\"https:\/\/www.pressenza.com\/pt-pt\/2014\/10\/publicam-artigo-de-fidel-castro-intitulado-o-porvir-incerto\/\" \/>\n<meta property=\"og:site_name\" content=\"Pressenza\" \/>\n<meta property=\"article:publisher\" content=\"https:\/\/www.facebook.com\/PressenzaItalia\" \/>\n<meta property=\"article:author\" content=\"https:\/\/www.facebook.com\/AgenciaPrensaLatina\" \/>\n<meta property=\"article:published_time\" content=\"2014-10-09T00:46:16+00:00\" \/>\n<meta property=\"og:image\" content=\"https:\/\/www.pressenza.com\/wp-content\/uploads\/2014\/10\/fidel_reflex1.jpg\" \/>\n\t<meta property=\"og:image:width\" content=\"245\" \/>\n\t<meta property=\"og:image:height\" content=\"185\" \/>\n\t<meta property=\"og:image:type\" content=\"image\/jpeg\" \/>\n<meta name=\"author\" content=\"Prensa Latina\" \/>\n<meta name=\"twitter:card\" content=\"summary_large_image\" \/>\n<meta name=\"twitter:creator\" content=\"@prensalatina_cu\" \/>\n<meta name=\"twitter:site\" content=\"@PressenzaIPA\" \/>\n<meta name=\"twitter:label1\" content=\"Escrito por\" \/>\n\t<meta name=\"twitter:data1\" content=\"Prensa Latina\" \/>\n\t<meta name=\"twitter:label2\" content=\"Tempo estimado de leitura\" \/>\n\t<meta name=\"twitter:data2\" content=\"3 minutos\" \/>\n<script type=\"application\/ld+json\" class=\"yoast-schema-graph\">{\"@context\":\"https:\/\/schema.org\",\"@graph\":[{\"@type\":\"Article\",\"@id\":\"https:\/\/www.pressenza.com\/pt-pt\/2014\/10\/publicam-artigo-de-fidel-castro-intitulado-o-porvir-incerto\/#article\",\"isPartOf\":{\"@id\":\"https:\/\/www.pressenza.com\/pt-pt\/2014\/10\/publicam-artigo-de-fidel-castro-intitulado-o-porvir-incerto\/\"},\"author\":{\"name\":\"Prensa Latina\",\"@id\":\"https:\/\/www.pressenza.com\/pt-pt\/#\/schema\/person\/e35c78ffa242d98f4f49ccb18c8631de\"},\"headline\":\"Publicam artigo de Fidel Castro intitulado &#8220;O porvir incerto&#8221;\",\"datePublished\":\"2014-10-09T00:46:16+00:00\",\"mainEntityOfPage\":{\"@id\":\"https:\/\/www.pressenza.com\/pt-pt\/2014\/10\/publicam-artigo-de-fidel-castro-intitulado-o-porvir-incerto\/\"},\"wordCount\":658,\"publisher\":{\"@id\":\"https:\/\/www.pressenza.com\/pt-pt\/#organization\"},\"image\":{\"@id\":\"https:\/\/www.pressenza.com\/pt-pt\/2014\/10\/publicam-artigo-de-fidel-castro-intitulado-o-porvir-incerto\/#primaryimage\"},\"thumbnailUrl\":\"https:\/\/www.pressenza.com\/wp-content\/uploads\/2014\/10\/fidel_reflex1.jpg\",\"keywords\":[\"Cuba\",\"fidel castro\"],\"articleSection\":[\"Am\u00e9rica Central\",\"Ci\u00eancia e Tecnologia\",\"Cultura e M\u00eddia\",\"Internacional\",\"Opini\u00e3o\"],\"inLanguage\":\"pt-PT\"},{\"@type\":\"WebPage\",\"@id\":\"https:\/\/www.pressenza.com\/pt-pt\/2014\/10\/publicam-artigo-de-fidel-castro-intitulado-o-porvir-incerto\/\",\"url\":\"https:\/\/www.pressenza.com\/pt-pt\/2014\/10\/publicam-artigo-de-fidel-castro-intitulado-o-porvir-incerto\/\",\"name\":\"Publicam artigo de Fidel Castro intitulado \\\"O porvir incerto\\\"\",\"isPartOf\":{\"@id\":\"https:\/\/www.pressenza.com\/pt-pt\/#website\"},\"primaryImageOfPage\":{\"@id\":\"https:\/\/www.pressenza.com\/pt-pt\/2014\/10\/publicam-artigo-de-fidel-castro-intitulado-o-porvir-incerto\/#primaryimage\"},\"image\":{\"@id\":\"https:\/\/www.pressenza.com\/pt-pt\/2014\/10\/publicam-artigo-de-fidel-castro-intitulado-o-porvir-incerto\/#primaryimage\"},\"thumbnailUrl\":\"https:\/\/www.pressenza.com\/wp-content\/uploads\/2014\/10\/fidel_reflex1.jpg\",\"datePublished\":\"2014-10-09T00:46:16+00:00\",\"description\":\"Havana, 8 out (Prensa Latina) O l\u00edder hist\u00f3rico da Revolu\u00e7\u00e3o Cubana, Fidel Castro Ruz, publica hoje um artigo intitulado \\\"O porvir incerto\\\", cujo texto na\",\"breadcrumb\":{\"@id\":\"https:\/\/www.pressenza.com\/pt-pt\/2014\/10\/publicam-artigo-de-fidel-castro-intitulado-o-porvir-incerto\/#breadcrumb\"},\"inLanguage\":\"pt-PT\",\"potentialAction\":[{\"@type\":\"ReadAction\",\"target\":[\"https:\/\/www.pressenza.com\/pt-pt\/2014\/10\/publicam-artigo-de-fidel-castro-intitulado-o-porvir-incerto\/\"]}]},{\"@type\":\"ImageObject\",\"inLanguage\":\"pt-PT\",\"@id\":\"https:\/\/www.pressenza.com\/pt-pt\/2014\/10\/publicam-artigo-de-fidel-castro-intitulado-o-porvir-incerto\/#primaryimage\",\"url\":\"https:\/\/www.pressenza.com\/wp-content\/uploads\/2014\/10\/fidel_reflex1.jpg\",\"contentUrl\":\"https:\/\/www.pressenza.com\/wp-content\/uploads\/2014\/10\/fidel_reflex1.jpg\",\"width\":245,\"height\":185},{\"@type\":\"BreadcrumbList\",\"@id\":\"https:\/\/www.pressenza.com\/pt-pt\/2014\/10\/publicam-artigo-de-fidel-castro-intitulado-o-porvir-incerto\/#breadcrumb\",\"itemListElement\":[{\"@type\":\"ListItem\",\"position\":1,\"name\":\"Accueil\",\"item\":\"https:\/\/www.pressenza.com\/pt-pt\/\"},{\"@type\":\"ListItem\",\"position\":2,\"name\":\"Publicam artigo de Fidel Castro intitulado &#8220;O porvir incerto&#8221;\"}]},{\"@type\":\"WebSite\",\"@id\":\"https:\/\/www.pressenza.com\/pt-pt\/#website\",\"url\":\"https:\/\/www.pressenza.com\/pt-pt\/\",\"name\":\"Pressenza\",\"description\":\"International Press Agency\",\"publisher\":{\"@id\":\"https:\/\/www.pressenza.com\/pt-pt\/#organization\"},\"potentialAction\":[{\"@type\":\"SearchAction\",\"target\":{\"@type\":\"EntryPoint\",\"urlTemplate\":\"https:\/\/www.pressenza.com\/pt-pt\/?s={search_term_string}\"},\"query-input\":{\"@type\":\"PropertyValueSpecification\",\"valueRequired\":true,\"valueName\":\"search_term_string\"}}],\"inLanguage\":\"pt-PT\"},{\"@type\":\"Organization\",\"@id\":\"https:\/\/www.pressenza.com\/pt-pt\/#organization\",\"name\":\"Pressenza\",\"url\":\"https:\/\/www.pressenza.com\/pt-pt\/\",\"logo\":{\"@type\":\"ImageObject\",\"inLanguage\":\"pt-PT\",\"@id\":\"https:\/\/www.pressenza.com\/pt-pt\/#\/schema\/logo\/image\/\",\"url\":\"https:\/\/www.pressenza.com\/wp-content\/uploads\/2022\/10\/pressenza_logo_200x200.jpg\",\"contentUrl\":\"https:\/\/www.pressenza.com\/wp-content\/uploads\/2022\/10\/pressenza_logo_200x200.jpg\",\"width\":200,\"height\":200,\"caption\":\"Pressenza\"},\"image\":{\"@id\":\"https:\/\/www.pressenza.com\/pt-pt\/#\/schema\/logo\/image\/\"},\"sameAs\":[\"https:\/\/www.facebook.com\/PressenzaItalia\",\"https:\/\/x.com\/PressenzaIPA\"]},{\"@type\":\"Person\",\"@id\":\"https:\/\/www.pressenza.com\/pt-pt\/#\/schema\/person\/e35c78ffa242d98f4f49ccb18c8631de\",\"name\":\"Prensa Latina\",\"description\":\"www.prensa-latina.cu\",\"sameAs\":[\"https:\/\/www.facebook.com\/AgenciaPrensaLatina\",\"https:\/\/x.com\/prensalatina_cu\"],\"url\":\"https:\/\/www.pressenza.com\/pt-pt\/author\/prensa-latina\/\"}]}<\/script>\n<!-- \/ Yoast SEO plugin. -->","yoast_head_json":{"title":"Publicam artigo de Fidel Castro intitulado \"O porvir incerto\"","description":"Havana, 8 out (Prensa Latina) O l\u00edder hist\u00f3rico da Revolu\u00e7\u00e3o Cubana, Fidel Castro Ruz, publica hoje um artigo intitulado \"O porvir incerto\", cujo texto na","robots":{"index":"index","follow":"follow","max-snippet":"max-snippet:-1","max-image-preview":"max-image-preview:large","max-video-preview":"max-video-preview:-1"},"canonical":"https:\/\/www.pressenza.com\/pt-pt\/2014\/10\/publicam-artigo-de-fidel-castro-intitulado-o-porvir-incerto\/","og_locale":"pt_PT","og_type":"article","og_title":"Publicam artigo de Fidel Castro intitulado \"O porvir incerto\"","og_description":"Havana, 8 out (Prensa Latina) O l\u00edder hist\u00f3rico da Revolu\u00e7\u00e3o Cubana, Fidel Castro Ruz, publica hoje um artigo intitulado \"O porvir incerto\", cujo texto na","og_url":"https:\/\/www.pressenza.com\/pt-pt\/2014\/10\/publicam-artigo-de-fidel-castro-intitulado-o-porvir-incerto\/","og_site_name":"Pressenza","article_publisher":"https:\/\/www.facebook.com\/PressenzaItalia","article_author":"https:\/\/www.facebook.com\/AgenciaPrensaLatina","article_published_time":"2014-10-09T00:46:16+00:00","og_image":[{"width":245,"height":185,"url":"https:\/\/www.pressenza.com\/wp-content\/uploads\/2014\/10\/fidel_reflex1.jpg","type":"image\/jpeg"}],"author":"Prensa Latina","twitter_card":"summary_large_image","twitter_creator":"@prensalatina_cu","twitter_site":"@PressenzaIPA","twitter_misc":{"Escrito por":"Prensa Latina","Tempo estimado de leitura":"3 minutos"},"schema":{"@context":"https:\/\/schema.org","@graph":[{"@type":"Article","@id":"https:\/\/www.pressenza.com\/pt-pt\/2014\/10\/publicam-artigo-de-fidel-castro-intitulado-o-porvir-incerto\/#article","isPartOf":{"@id":"https:\/\/www.pressenza.com\/pt-pt\/2014\/10\/publicam-artigo-de-fidel-castro-intitulado-o-porvir-incerto\/"},"author":{"name":"Prensa Latina","@id":"https:\/\/www.pressenza.com\/pt-pt\/#\/schema\/person\/e35c78ffa242d98f4f49ccb18c8631de"},"headline":"Publicam artigo de Fidel Castro intitulado &#8220;O porvir incerto&#8221;","datePublished":"2014-10-09T00:46:16+00:00","mainEntityOfPage":{"@id":"https:\/\/www.pressenza.com\/pt-pt\/2014\/10\/publicam-artigo-de-fidel-castro-intitulado-o-porvir-incerto\/"},"wordCount":658,"publisher":{"@id":"https:\/\/www.pressenza.com\/pt-pt\/#organization"},"image":{"@id":"https:\/\/www.pressenza.com\/pt-pt\/2014\/10\/publicam-artigo-de-fidel-castro-intitulado-o-porvir-incerto\/#primaryimage"},"thumbnailUrl":"https:\/\/www.pressenza.com\/wp-content\/uploads\/2014\/10\/fidel_reflex1.jpg","keywords":["Cuba","fidel castro"],"articleSection":["Am\u00e9rica Central","Ci\u00eancia e Tecnologia","Cultura e M\u00eddia","Internacional","Opini\u00e3o"],"inLanguage":"pt-PT"},{"@type":"WebPage","@id":"https:\/\/www.pressenza.com\/pt-pt\/2014\/10\/publicam-artigo-de-fidel-castro-intitulado-o-porvir-incerto\/","url":"https:\/\/www.pressenza.com\/pt-pt\/2014\/10\/publicam-artigo-de-fidel-castro-intitulado-o-porvir-incerto\/","name":"Publicam artigo de Fidel Castro intitulado \"O porvir incerto\"","isPartOf":{"@id":"https:\/\/www.pressenza.com\/pt-pt\/#website"},"primaryImageOfPage":{"@id":"https:\/\/www.pressenza.com\/pt-pt\/2014\/10\/publicam-artigo-de-fidel-castro-intitulado-o-porvir-incerto\/#primaryimage"},"image":{"@id":"https:\/\/www.pressenza.com\/pt-pt\/2014\/10\/publicam-artigo-de-fidel-castro-intitulado-o-porvir-incerto\/#primaryimage"},"thumbnailUrl":"https:\/\/www.pressenza.com\/wp-content\/uploads\/2014\/10\/fidel_reflex1.jpg","datePublished":"2014-10-09T00:46:16+00:00","description":"Havana, 8 out (Prensa Latina) O l\u00edder hist\u00f3rico da Revolu\u00e7\u00e3o Cubana, Fidel Castro Ruz, publica hoje um artigo intitulado \"O porvir incerto\", cujo texto na","breadcrumb":{"@id":"https:\/\/www.pressenza.com\/pt-pt\/2014\/10\/publicam-artigo-de-fidel-castro-intitulado-o-porvir-incerto\/#breadcrumb"},"inLanguage":"pt-PT","potentialAction":[{"@type":"ReadAction","target":["https:\/\/www.pressenza.com\/pt-pt\/2014\/10\/publicam-artigo-de-fidel-castro-intitulado-o-porvir-incerto\/"]}]},{"@type":"ImageObject","inLanguage":"pt-PT","@id":"https:\/\/www.pressenza.com\/pt-pt\/2014\/10\/publicam-artigo-de-fidel-castro-intitulado-o-porvir-incerto\/#primaryimage","url":"https:\/\/www.pressenza.com\/wp-content\/uploads\/2014\/10\/fidel_reflex1.jpg","contentUrl":"https:\/\/www.pressenza.com\/wp-content\/uploads\/2014\/10\/fidel_reflex1.jpg","width":245,"height":185},{"@type":"BreadcrumbList","@id":"https:\/\/www.pressenza.com\/pt-pt\/2014\/10\/publicam-artigo-de-fidel-castro-intitulado-o-porvir-incerto\/#breadcrumb","itemListElement":[{"@type":"ListItem","position":1,"name":"Accueil","item":"https:\/\/www.pressenza.com\/pt-pt\/"},{"@type":"ListItem","position":2,"name":"Publicam artigo de Fidel Castro intitulado &#8220;O porvir incerto&#8221;"}]},{"@type":"WebSite","@id":"https:\/\/www.pressenza.com\/pt-pt\/#website","url":"https:\/\/www.pressenza.com\/pt-pt\/","name":"Pressenza","description":"International Press Agency","publisher":{"@id":"https:\/\/www.pressenza.com\/pt-pt\/#organization"},"potentialAction":[{"@type":"SearchAction","target":{"@type":"EntryPoint","urlTemplate":"https:\/\/www.pressenza.com\/pt-pt\/?s={search_term_string}"},"query-input":{"@type":"PropertyValueSpecification","valueRequired":true,"valueName":"search_term_string"}}],"inLanguage":"pt-PT"},{"@type":"Organization","@id":"https:\/\/www.pressenza.com\/pt-pt\/#organization","name":"Pressenza","url":"https:\/\/www.pressenza.com\/pt-pt\/","logo":{"@type":"ImageObject","inLanguage":"pt-PT","@id":"https:\/\/www.pressenza.com\/pt-pt\/#\/schema\/logo\/image\/","url":"https:\/\/www.pressenza.com\/wp-content\/uploads\/2022\/10\/pressenza_logo_200x200.jpg","contentUrl":"https:\/\/www.pressenza.com\/wp-content\/uploads\/2022\/10\/pressenza_logo_200x200.jpg","width":200,"height":200,"caption":"Pressenza"},"image":{"@id":"https:\/\/www.pressenza.com\/pt-pt\/#\/schema\/logo\/image\/"},"sameAs":["https:\/\/www.facebook.com\/PressenzaItalia","https:\/\/x.com\/PressenzaIPA"]},{"@type":"Person","@id":"https:\/\/www.pressenza.com\/pt-pt\/#\/schema\/person\/e35c78ffa242d98f4f49ccb18c8631de","name":"Prensa Latina","description":"www.prensa-latina.cu","sameAs":["https:\/\/www.facebook.com\/AgenciaPrensaLatina","https:\/\/x.com\/prensalatina_cu"],"url":"https:\/\/www.pressenza.com\/pt-pt\/author\/prensa-latina\/"}]}},"place":"","original_article_url":"","_links":{"self":[{"href":"https:\/\/www.pressenza.com\/pt-pt\/wp-json\/wp\/v2\/posts\/138341","targetHints":{"allow":["GET"]}}],"collection":[{"href":"https:\/\/www.pressenza.com\/pt-pt\/wp-json\/wp\/v2\/posts"}],"about":[{"href":"https:\/\/www.pressenza.com\/pt-pt\/wp-json\/wp\/v2\/types\/post"}],"author":[{"embeddable":true,"href":"https:\/\/www.pressenza.com\/pt-pt\/wp-json\/wp\/v2\/users\/90"}],"replies":[{"embeddable":true,"href":"https:\/\/www.pressenza.com\/pt-pt\/wp-json\/wp\/v2\/comments?post=138341"}],"version-history":[{"count":0,"href":"https:\/\/www.pressenza.com\/pt-pt\/wp-json\/wp\/v2\/posts\/138341\/revisions"}],"wp:featuredmedia":[{"embeddable":true,"href":"https:\/\/www.pressenza.com\/pt-pt\/wp-json\/wp\/v2\/media\/138342"}],"wp:attachment":[{"href":"https:\/\/www.pressenza.com\/pt-pt\/wp-json\/wp\/v2\/media?parent=138341"}],"wp:term":[{"taxonomy":"category","embeddable":true,"href":"https:\/\/www.pressenza.com\/pt-pt\/wp-json\/wp\/v2\/categories?post=138341"},{"taxonomy":"post_tag","embeddable":true,"href":"https:\/\/www.pressenza.com\/pt-pt\/wp-json\/wp\/v2\/tags?post=138341"}],"curies":[{"name":"wp","href":"https:\/\/api.w.org\/{rel}","templated":true}]}}