{"id":1378989,"date":"2021-06-13T04:05:15","date_gmt":"2021-06-13T03:05:15","guid":{"rendered":"https:\/\/www.pressenza.com\/?p=1378989"},"modified":"2021-06-13T02:17:40","modified_gmt":"2021-06-13T01:17:40","slug":"perfume-e-polvora-aquela-tarde-com-dali","status":"publish","type":"post","link":"https:\/\/www.pressenza.com\/pt-pt\/2021\/06\/perfume-e-polvora-aquela-tarde-com-dali\/","title":{"rendered":"Perfume e p\u00f3lvora &#8211; Aquela tarde com Dali"},"content":{"rendered":"<h5><span style=\"color: #999999;\">CR\u00d4NICA<\/span><\/h5>\n<p>&nbsp;<\/p>\n<p>&nbsp;<\/p>\n<p><em><strong>Por Marco Dacosta<\/strong><\/em><\/p>\n<p>&nbsp;<\/p>\n<p>&nbsp;<\/p>\n<p>&nbsp;<\/p>\n<p>O ar carrega pequenos fragmentos, que levitam e s\u00e3o vis\u00edveis sob a luz que invade o quarto. Salvador Dali ficava horas olhando os detalhes ao seu redor. Sua musa, Gala, as vezes desfilava para ele, como se imitasse os fragmentos. Os olhos de Dali eram como lentes que viam o mundo de forma diferente da maioria. Quando crian\u00e7a seus pais o fizeram acreditar que ele era reencarna\u00e7\u00e3o de seu irm\u00e3o que havia morrido. Talvez por isso nunca fosse uma s\u00f3 pessoa, era uma multid\u00e3o por dentro, for\u00e7as em conflito, que as vezes precisavam sair. E suas m\u00e3os eram por onde toda aquela energia e vida encontravam o mundo.<\/p>\n<p>Era uma tarde de ventania em algum m\u00eas perdido em 1969, quando ele, deitado no charmoso hotel &#8220;Le Meurice&#8221;, olhando para o teto de estrelas, as cortinas carmim, pensou que poderia novamente fazer um desenho. Tinha necessidade de agoniado, expressar seus sentimentos em tinta, sangue, peda\u00e7os de pano e telas rabiscadas. Mas precisava de musas, de outro olhar o julgando, uma outra for\u00e7a vindo em sua dire\u00e7\u00e3o. Paris era uma passarela de musas. Sua Gaia foi inspira\u00e7\u00e3o para dezenas de obras. Muitas de suas cria\u00e7\u00f5es chegaram a ser assinadas por ambos os nomes. A obra n\u00e3o existiria sem ela. Dali n\u00e3o seria seu salvador.<\/p>\n<p>Paris em 1969 cheirava a perfume e p\u00f3lvora. Havia agita\u00e7\u00e3o de passeatas ainda como extens\u00e3o do ano anterior, marcado por revolu\u00e7\u00f5es. Exilados brasileiros se reuniam nos bares e hot\u00e9is\u00a0para falar sobre como fariam para denunciar os crimes da ditadura. Por l\u00e1 desfilavam nas vidas de pintores e artistas as mais belas mulheres do mundo: vinham de Saigon, de Roma, de todos os lugares, como mariposas em busca da luz. Kiki de Montparnasse, Nusch, Alice Apfel, entre outras, inspiraram poesia, livros, telas e filmes. Surrealistas sensuais ciganas, m\u00edsticas, peles escuras como eg\u00edpcias, todas exalavam perfumes fortes e doces.<\/p>\n<p>Maria Garrido tinha apenas vinte e dois anos, nome e olhar das musas da Espanha. Estava em Paris porque havia vencido um concurso de poesias. Seus caminhos cruzaram Pierre Cardin e havia se tornado a \u00fanica brasileira modelo de sua &#8220;Maison&#8221;. Por tr\u00e1s do glamour das passarelas era ainda uma menina da Urca, filha de mineira com um portugu\u00eas, que n\u00e3o sabia bem ainda quem era aquele homem enlouquecido que descia as escadas no hotel.<\/p>\n<p>Seus olhares se cruzaram e a multid\u00e3o que vivia dentro de Dali olhou para Maria e a reconheceu de outras vidas ou quem sabe das vielas de Figueres, onde nasceu e passou sua inf\u00e2ncia, na Espanha.<\/p>\n<p>Qual \u00e9 seu nome minha bela? Dali havia sa\u00eddo em busca de algo que nem ele sabia, como sempre. E a resposta veio t\u00edmida, mas com voz imponente. N\u00e3o era uma menina carioca perdida em Paris. Tinha uma postura de rainha, andava como tal. E respondia com uma for\u00e7a e energia que fez Salvador possivelmente lembrar de sua pr\u00f3pria m\u00e3e. Ele se encantava com mulheres fortes, sentia-se dominado e dominador. Sua vida foi cercada de mist\u00e9rios e d\u00favidas quanto a suas rela\u00e7\u00f5es amorosas.<\/p>\n<p>Salvador convidou a modelo de Pierre Cardin para uma de suas sess\u00f5es criativas. Despejou sob seu rosto tintas de diferentes cores, fez trapos como se fosse um cachecol. Colocou-a contra a luz da janela, de onde saiam os raios de luz. E viu Maria Garrido tamb\u00e9m flutuando entre os fragmentos.<\/p>\n<p>Gaia Dali acompanhava sem surpresa. A musa sabia que outras passariam por l\u00e1. Ela entendia o amor e entendia que Salvador precisava liberar essa energia criativa em outros corpos e belezas. N\u00e3o era somente isso &#8211; Paris estava cheia de meninas lindas. Salvador Dali buscava uma estranha combina\u00e7\u00e3o de beleza e agressividade. De perfume e p\u00f3lvora.<\/p>\n<p>Naquela tarde, em 1969, o Brasil se exilava em Paris e uma de suas filhas fazia parte de uma obra de Salvador Dali. Maria Garrido de Espanha! &#8211; gritava o artista, tentando refletir o que ele via, talvez aquela mistura de belo e agressivo. Dali se confundiu nos del\u00edrios abstratos. Maria \u00e9 e sempre ser\u00e1 do Brasil, mesmo com o passar dos anos, mesmo depois de ter se casado com um senhor su\u00ed\u00e7o\u00a0que lhe deu um novo sobrenome que a faria nas d\u00e9cadas seguintes se tornar uma das mais intensas\u00a0personalidades no pa\u00eds, enfrentando desigualdade social, viol\u00eancia policial. Como se fosse em uma passarela, sua vida passou pelos ares frios de Genebra, Berna, Zurique. Ele, grande amor de sua vida entendeu que os ares su\u00ed\u00e7os eram lindos mas n\u00e3o conseguiriam comportar tanto amor e agonia que ela carregava em rela\u00e7\u00e3o ao seu Rio de Janeiro. Queria estar em sua cidade natal, fant\u00e1stica e quente, cheia de contradi\u00e7\u00f5es.<\/p>\n<p>Mas vida seguiu em Paris naquele 1969, com passeatas, bombas de g\u00e1s lacrimog\u00eaneo, estudantes cabeludos nos bares e fuma\u00e7a de cigarro emba\u00e7ando os olhares nos restaurantes. Maria olhou o desenho de Dali naquela noite, deitada na sua cama, e entendeu tudo. Era uma proje\u00e7\u00e3o de seu futuro, com tra\u00e7os fortes, idas e vindas, perdas e ganhos. Uma vida fragmentada, mas cheia de amor. Dali era um bruxo, um vision\u00e1rio.<\/p>\n<p>Madame Bourgeois poderia estar em qualquer lugar do mundo desfrutando das mem\u00f3rias, mas nas d\u00e9cadas seguintes dedicou sua vida a salvar vidas em favelas no Rio de Janeiro.<\/p>\n<p>As passarelas de Cardin de sua exist\u00eancia foram substitu\u00eddas por cozinhas industriais onde jovens ganhariam uma profiss\u00e3o e futuro. Centenas e centenas de m\u00e3os negras, pardas e fr\u00e1geis ganhariam for\u00e7a e vitalidade por conta de suas brigas por justi\u00e7a social. E briga mesmo, sem atenuar o grito na garganta. Uma vida que transforma outras vidas, gra\u00e7as &#8211; n\u00e3o ao perfume &#8211; mas \u00e0 p\u00f3lvora que ainda existe dentro dela.<\/p>\n<p>Cr\u00f4nica trecho in\u00e9dito da Biografia &#8220;Perfume e P\u00f3lvora&#8221; &#8211; a vida de Maria Bourgeois (em publica\u00e7\u00e3o).<\/p>\n<div id=\"attachment_1379000\" class=\"wp-caption alignnone\"><img loading=\"lazy\" decoding=\"async\" aria-describedby=\"caption-attachment-1379000\" class=\"wp-image-1379000 size-full\" src=\"https:\/\/www.pressenza.com\/wp-content\/uploads\/2021\/06\/WhatsApp-Image-2021-06-11-at-11.47.14.jpeg\" alt=\"\" width=\"1316\" height=\"802\" srcset=\"https:\/\/www.pressenza.com\/wp-content\/uploads\/2021\/06\/WhatsApp-Image-2021-06-11-at-11.47.14.jpeg 1316w, https:\/\/www.pressenza.com\/wp-content\/uploads\/2021\/06\/WhatsApp-Image-2021-06-11-at-11.47.14-300x183.jpeg 300w, https:\/\/www.pressenza.com\/wp-content\/uploads\/2021\/06\/WhatsApp-Image-2021-06-11-at-11.47.14-720x439.jpeg 720w, https:\/\/www.pressenza.com\/wp-content\/uploads\/2021\/06\/WhatsApp-Image-2021-06-11-at-11.47.14-768x468.jpeg 768w\" sizes=\"auto, (max-width: 1316px) 100vw, 1316px\" \/><p id=\"caption-attachment-1379000\" class=\"wp-caption-text\">Maria Bourgeois e Pierre Cardin &#8211; acervo pessoal de Maria Bourgeois<\/p><\/div>\n<div class=\"mceTemp\"><\/div>\n","protected":false},"excerpt":{"rendered":"<p>CR\u00d4NICA &nbsp; &nbsp; Por Marco Dacosta &nbsp; &nbsp; &nbsp; O ar carrega pequenos fragmentos, que levitam e s\u00e3o vis\u00edveis sob a luz que invade o quarto. Salvador Dali ficava horas olhando os detalhes ao seu redor. Sua musa, Gala, as&hellip;<\/p>\n","protected":false},"author":1826,"featured_media":1378990,"comment_status":"closed","ping_status":"closed","sticky":false,"template":"","format":"standard","meta":{"footnotes":""},"categories":[104,11390,112,165],"tags":[76045,75238,75338,597,91903],"class_list":["post-1378989","post","type-post","status-publish","format-standard","has-post-thumbnail","hentry","category-america-do-sul","category-conteudo-original","category-cultura-pt-pt","category-opiniao","tag-arte-pt-pt","tag-caderno-de-cultura","tag-cronica","tag-cultura-pt-pt-2","tag-salvador-dali"],"yoast_head":"<!-- This site is optimized with the Yoast SEO plugin v27.1.1 - https:\/\/yoast.com\/product\/yoast-seo-wordpress\/ -->\n<title>Perfume e p\u00f3lvora - Aquela tarde com Dali<\/title>\n<meta name=\"description\" content=\"CR\u00d4NICA &nbsp; &nbsp; Por Marco Dacosta &nbsp; &nbsp; &nbsp; O ar carrega pequenos fragmentos, que levitam e s\u00e3o vis\u00edveis sob a luz que invade o quarto.\" \/>\n<meta name=\"robots\" content=\"index, follow, max-snippet:-1, max-image-preview:large, max-video-preview:-1\" \/>\n<link rel=\"canonical\" href=\"https:\/\/www.pressenza.com\/pt-pt\/2021\/06\/perfume-e-polvora-aquela-tarde-com-dali\/\" \/>\n<meta property=\"og:locale\" content=\"pt_PT\" \/>\n<meta property=\"og:type\" content=\"article\" \/>\n<meta property=\"og:title\" content=\"Perfume e p\u00f3lvora - Aquela tarde com Dali\" \/>\n<meta property=\"og:description\" content=\"CR\u00d4NICA &nbsp; &nbsp; Por Marco Dacosta &nbsp; &nbsp; &nbsp; O ar carrega pequenos fragmentos, que levitam e s\u00e3o vis\u00edveis sob a luz que invade o quarto.\" \/>\n<meta property=\"og:url\" content=\"https:\/\/www.pressenza.com\/pt-pt\/2021\/06\/perfume-e-polvora-aquela-tarde-com-dali\/\" \/>\n<meta property=\"og:site_name\" content=\"Pressenza\" \/>\n<meta property=\"article:publisher\" content=\"https:\/\/www.facebook.com\/PressenzaItalia\" \/>\n<meta property=\"article:published_time\" content=\"2021-06-13T03:05:15+00:00\" \/>\n<meta property=\"og:image\" content=\"https:\/\/www.pressenza.com\/wp-content\/uploads\/2021\/06\/WhatsApp-Image-2021-06-11-at-13.22.26.jpeg\" \/>\n\t<meta property=\"og:image:width\" content=\"1024\" \/>\n\t<meta property=\"og:image:height\" content=\"771\" \/>\n\t<meta property=\"og:image:type\" content=\"image\/jpeg\" \/>\n<meta name=\"author\" content=\"Marco Da Costa\" \/>\n<meta name=\"twitter:card\" content=\"summary_large_image\" \/>\n<meta name=\"twitter:creator\" content=\"@PressenzaIPA\" \/>\n<meta name=\"twitter:site\" content=\"@PressenzaIPA\" \/>\n<meta name=\"twitter:label1\" content=\"Escrito por\" \/>\n\t<meta name=\"twitter:data1\" content=\"Marco Da Costa\" \/>\n\t<meta name=\"twitter:label2\" content=\"Tempo estimado de leitura\" \/>\n\t<meta name=\"twitter:data2\" content=\"5 minutos\" \/>\n<script type=\"application\/ld+json\" class=\"yoast-schema-graph\">{\"@context\":\"https:\/\/schema.org\",\"@graph\":[{\"@type\":\"Article\",\"@id\":\"https:\/\/www.pressenza.com\/pt-pt\/2021\/06\/perfume-e-polvora-aquela-tarde-com-dali\/#article\",\"isPartOf\":{\"@id\":\"https:\/\/www.pressenza.com\/pt-pt\/2021\/06\/perfume-e-polvora-aquela-tarde-com-dali\/\"},\"author\":{\"name\":\"Marco Da Costa\",\"@id\":\"https:\/\/www.pressenza.com\/pt-pt\/#\/schema\/person\/23cf5828ff22cc74ccb391d78d94cfef\"},\"headline\":\"Perfume e p\u00f3lvora &#8211; Aquela tarde com Dali\",\"datePublished\":\"2021-06-13T03:05:15+00:00\",\"mainEntityOfPage\":{\"@id\":\"https:\/\/www.pressenza.com\/pt-pt\/2021\/06\/perfume-e-polvora-aquela-tarde-com-dali\/\"},\"wordCount\":1055,\"publisher\":{\"@id\":\"https:\/\/www.pressenza.com\/pt-pt\/#organization\"},\"image\":{\"@id\":\"https:\/\/www.pressenza.com\/pt-pt\/2021\/06\/perfume-e-polvora-aquela-tarde-com-dali\/#primaryimage\"},\"thumbnailUrl\":\"https:\/\/www.pressenza.com\/wp-content\/uploads\/2021\/06\/WhatsApp-Image-2021-06-11-at-13.22.26.jpeg\",\"keywords\":[\"arte\",\"caderno de cultura\",\"cr\u00f4nica\",\"cultura\",\"Salvador Dali\"],\"articleSection\":[\"\u00c1m\u00e9rica do Sul\",\"Conte\u00fado Original\",\"Cultura e M\u00eddia\",\"Opini\u00e3o\"],\"inLanguage\":\"pt-PT\"},{\"@type\":\"WebPage\",\"@id\":\"https:\/\/www.pressenza.com\/pt-pt\/2021\/06\/perfume-e-polvora-aquela-tarde-com-dali\/\",\"url\":\"https:\/\/www.pressenza.com\/pt-pt\/2021\/06\/perfume-e-polvora-aquela-tarde-com-dali\/\",\"name\":\"Perfume e p\u00f3lvora - Aquela tarde com Dali\",\"isPartOf\":{\"@id\":\"https:\/\/www.pressenza.com\/pt-pt\/#website\"},\"primaryImageOfPage\":{\"@id\":\"https:\/\/www.pressenza.com\/pt-pt\/2021\/06\/perfume-e-polvora-aquela-tarde-com-dali\/#primaryimage\"},\"image\":{\"@id\":\"https:\/\/www.pressenza.com\/pt-pt\/2021\/06\/perfume-e-polvora-aquela-tarde-com-dali\/#primaryimage\"},\"thumbnailUrl\":\"https:\/\/www.pressenza.com\/wp-content\/uploads\/2021\/06\/WhatsApp-Image-2021-06-11-at-13.22.26.jpeg\",\"datePublished\":\"2021-06-13T03:05:15+00:00\",\"description\":\"CR\u00d4NICA &nbsp; &nbsp; Por Marco Dacosta &nbsp; &nbsp; &nbsp; O ar carrega pequenos fragmentos, que levitam e s\u00e3o vis\u00edveis sob a luz que invade o quarto.\",\"breadcrumb\":{\"@id\":\"https:\/\/www.pressenza.com\/pt-pt\/2021\/06\/perfume-e-polvora-aquela-tarde-com-dali\/#breadcrumb\"},\"inLanguage\":\"pt-PT\",\"potentialAction\":[{\"@type\":\"ReadAction\",\"target\":[\"https:\/\/www.pressenza.com\/pt-pt\/2021\/06\/perfume-e-polvora-aquela-tarde-com-dali\/\"]}]},{\"@type\":\"ImageObject\",\"inLanguage\":\"pt-PT\",\"@id\":\"https:\/\/www.pressenza.com\/pt-pt\/2021\/06\/perfume-e-polvora-aquela-tarde-com-dali\/#primaryimage\",\"url\":\"https:\/\/www.pressenza.com\/wp-content\/uploads\/2021\/06\/WhatsApp-Image-2021-06-11-at-13.22.26.jpeg\",\"contentUrl\":\"https:\/\/www.pressenza.com\/wp-content\/uploads\/2021\/06\/WhatsApp-Image-2021-06-11-at-13.22.26.jpeg\",\"width\":1024,\"height\":771},{\"@type\":\"BreadcrumbList\",\"@id\":\"https:\/\/www.pressenza.com\/pt-pt\/2021\/06\/perfume-e-polvora-aquela-tarde-com-dali\/#breadcrumb\",\"itemListElement\":[{\"@type\":\"ListItem\",\"position\":1,\"name\":\"Accueil\",\"item\":\"https:\/\/www.pressenza.com\/pt-pt\/\"},{\"@type\":\"ListItem\",\"position\":2,\"name\":\"Perfume e p\u00f3lvora &#8211; Aquela tarde com Dali\"}]},{\"@type\":\"WebSite\",\"@id\":\"https:\/\/www.pressenza.com\/pt-pt\/#website\",\"url\":\"https:\/\/www.pressenza.com\/pt-pt\/\",\"name\":\"Pressenza\",\"description\":\"International Press Agency\",\"publisher\":{\"@id\":\"https:\/\/www.pressenza.com\/pt-pt\/#organization\"},\"potentialAction\":[{\"@type\":\"SearchAction\",\"target\":{\"@type\":\"EntryPoint\",\"urlTemplate\":\"https:\/\/www.pressenza.com\/pt-pt\/?s={search_term_string}\"},\"query-input\":{\"@type\":\"PropertyValueSpecification\",\"valueRequired\":true,\"valueName\":\"search_term_string\"}}],\"inLanguage\":\"pt-PT\"},{\"@type\":\"Organization\",\"@id\":\"https:\/\/www.pressenza.com\/pt-pt\/#organization\",\"name\":\"Pressenza\",\"url\":\"https:\/\/www.pressenza.com\/pt-pt\/\",\"logo\":{\"@type\":\"ImageObject\",\"inLanguage\":\"pt-PT\",\"@id\":\"https:\/\/www.pressenza.com\/pt-pt\/#\/schema\/logo\/image\/\",\"url\":\"https:\/\/www.pressenza.com\/wp-content\/uploads\/2022\/10\/pressenza_logo_200x200.jpg\",\"contentUrl\":\"https:\/\/www.pressenza.com\/wp-content\/uploads\/2022\/10\/pressenza_logo_200x200.jpg\",\"width\":200,\"height\":200,\"caption\":\"Pressenza\"},\"image\":{\"@id\":\"https:\/\/www.pressenza.com\/pt-pt\/#\/schema\/logo\/image\/\"},\"sameAs\":[\"https:\/\/www.facebook.com\/PressenzaItalia\",\"https:\/\/x.com\/PressenzaIPA\"]},{\"@type\":\"Person\",\"@id\":\"https:\/\/www.pressenza.com\/pt-pt\/#\/schema\/person\/23cf5828ff22cc74ccb391d78d94cfef\",\"name\":\"Marco Da Costa\",\"description\":\"Jornalista e escritor, criador de conte\u00fado para redes sociais, podcasts e textos profissionais.\",\"url\":\"https:\/\/www.pressenza.com\/pt-pt\/author\/marco-da-costa\/\"}]}<\/script>\n<!-- \/ Yoast SEO plugin. -->","yoast_head_json":{"title":"Perfume e p\u00f3lvora - Aquela tarde com Dali","description":"CR\u00d4NICA &nbsp; &nbsp; Por Marco Dacosta &nbsp; &nbsp; &nbsp; O ar carrega pequenos fragmentos, que levitam e s\u00e3o vis\u00edveis sob a luz que invade o quarto.","robots":{"index":"index","follow":"follow","max-snippet":"max-snippet:-1","max-image-preview":"max-image-preview:large","max-video-preview":"max-video-preview:-1"},"canonical":"https:\/\/www.pressenza.com\/pt-pt\/2021\/06\/perfume-e-polvora-aquela-tarde-com-dali\/","og_locale":"pt_PT","og_type":"article","og_title":"Perfume e p\u00f3lvora - Aquela tarde com Dali","og_description":"CR\u00d4NICA &nbsp; &nbsp; Por Marco Dacosta &nbsp; &nbsp; &nbsp; O ar carrega pequenos fragmentos, que levitam e s\u00e3o vis\u00edveis sob a luz que invade o quarto.","og_url":"https:\/\/www.pressenza.com\/pt-pt\/2021\/06\/perfume-e-polvora-aquela-tarde-com-dali\/","og_site_name":"Pressenza","article_publisher":"https:\/\/www.facebook.com\/PressenzaItalia","article_published_time":"2021-06-13T03:05:15+00:00","og_image":[{"width":1024,"height":771,"url":"https:\/\/www.pressenza.com\/wp-content\/uploads\/2021\/06\/WhatsApp-Image-2021-06-11-at-13.22.26.jpeg","type":"image\/jpeg"}],"author":"Marco Da Costa","twitter_card":"summary_large_image","twitter_creator":"@PressenzaIPA","twitter_site":"@PressenzaIPA","twitter_misc":{"Escrito por":"Marco Da Costa","Tempo estimado de leitura":"5 minutos"},"schema":{"@context":"https:\/\/schema.org","@graph":[{"@type":"Article","@id":"https:\/\/www.pressenza.com\/pt-pt\/2021\/06\/perfume-e-polvora-aquela-tarde-com-dali\/#article","isPartOf":{"@id":"https:\/\/www.pressenza.com\/pt-pt\/2021\/06\/perfume-e-polvora-aquela-tarde-com-dali\/"},"author":{"name":"Marco Da Costa","@id":"https:\/\/www.pressenza.com\/pt-pt\/#\/schema\/person\/23cf5828ff22cc74ccb391d78d94cfef"},"headline":"Perfume e p\u00f3lvora &#8211; Aquela tarde com Dali","datePublished":"2021-06-13T03:05:15+00:00","mainEntityOfPage":{"@id":"https:\/\/www.pressenza.com\/pt-pt\/2021\/06\/perfume-e-polvora-aquela-tarde-com-dali\/"},"wordCount":1055,"publisher":{"@id":"https:\/\/www.pressenza.com\/pt-pt\/#organization"},"image":{"@id":"https:\/\/www.pressenza.com\/pt-pt\/2021\/06\/perfume-e-polvora-aquela-tarde-com-dali\/#primaryimage"},"thumbnailUrl":"https:\/\/www.pressenza.com\/wp-content\/uploads\/2021\/06\/WhatsApp-Image-2021-06-11-at-13.22.26.jpeg","keywords":["arte","caderno de cultura","cr\u00f4nica","cultura","Salvador Dali"],"articleSection":["\u00c1m\u00e9rica do Sul","Conte\u00fado Original","Cultura e M\u00eddia","Opini\u00e3o"],"inLanguage":"pt-PT"},{"@type":"WebPage","@id":"https:\/\/www.pressenza.com\/pt-pt\/2021\/06\/perfume-e-polvora-aquela-tarde-com-dali\/","url":"https:\/\/www.pressenza.com\/pt-pt\/2021\/06\/perfume-e-polvora-aquela-tarde-com-dali\/","name":"Perfume e p\u00f3lvora - Aquela tarde com Dali","isPartOf":{"@id":"https:\/\/www.pressenza.com\/pt-pt\/#website"},"primaryImageOfPage":{"@id":"https:\/\/www.pressenza.com\/pt-pt\/2021\/06\/perfume-e-polvora-aquela-tarde-com-dali\/#primaryimage"},"image":{"@id":"https:\/\/www.pressenza.com\/pt-pt\/2021\/06\/perfume-e-polvora-aquela-tarde-com-dali\/#primaryimage"},"thumbnailUrl":"https:\/\/www.pressenza.com\/wp-content\/uploads\/2021\/06\/WhatsApp-Image-2021-06-11-at-13.22.26.jpeg","datePublished":"2021-06-13T03:05:15+00:00","description":"CR\u00d4NICA &nbsp; &nbsp; Por Marco Dacosta &nbsp; &nbsp; &nbsp; O ar carrega pequenos fragmentos, que levitam e s\u00e3o vis\u00edveis sob a luz que invade o quarto.","breadcrumb":{"@id":"https:\/\/www.pressenza.com\/pt-pt\/2021\/06\/perfume-e-polvora-aquela-tarde-com-dali\/#breadcrumb"},"inLanguage":"pt-PT","potentialAction":[{"@type":"ReadAction","target":["https:\/\/www.pressenza.com\/pt-pt\/2021\/06\/perfume-e-polvora-aquela-tarde-com-dali\/"]}]},{"@type":"ImageObject","inLanguage":"pt-PT","@id":"https:\/\/www.pressenza.com\/pt-pt\/2021\/06\/perfume-e-polvora-aquela-tarde-com-dali\/#primaryimage","url":"https:\/\/www.pressenza.com\/wp-content\/uploads\/2021\/06\/WhatsApp-Image-2021-06-11-at-13.22.26.jpeg","contentUrl":"https:\/\/www.pressenza.com\/wp-content\/uploads\/2021\/06\/WhatsApp-Image-2021-06-11-at-13.22.26.jpeg","width":1024,"height":771},{"@type":"BreadcrumbList","@id":"https:\/\/www.pressenza.com\/pt-pt\/2021\/06\/perfume-e-polvora-aquela-tarde-com-dali\/#breadcrumb","itemListElement":[{"@type":"ListItem","position":1,"name":"Accueil","item":"https:\/\/www.pressenza.com\/pt-pt\/"},{"@type":"ListItem","position":2,"name":"Perfume e p\u00f3lvora &#8211; Aquela tarde com Dali"}]},{"@type":"WebSite","@id":"https:\/\/www.pressenza.com\/pt-pt\/#website","url":"https:\/\/www.pressenza.com\/pt-pt\/","name":"Pressenza","description":"International Press Agency","publisher":{"@id":"https:\/\/www.pressenza.com\/pt-pt\/#organization"},"potentialAction":[{"@type":"SearchAction","target":{"@type":"EntryPoint","urlTemplate":"https:\/\/www.pressenza.com\/pt-pt\/?s={search_term_string}"},"query-input":{"@type":"PropertyValueSpecification","valueRequired":true,"valueName":"search_term_string"}}],"inLanguage":"pt-PT"},{"@type":"Organization","@id":"https:\/\/www.pressenza.com\/pt-pt\/#organization","name":"Pressenza","url":"https:\/\/www.pressenza.com\/pt-pt\/","logo":{"@type":"ImageObject","inLanguage":"pt-PT","@id":"https:\/\/www.pressenza.com\/pt-pt\/#\/schema\/logo\/image\/","url":"https:\/\/www.pressenza.com\/wp-content\/uploads\/2022\/10\/pressenza_logo_200x200.jpg","contentUrl":"https:\/\/www.pressenza.com\/wp-content\/uploads\/2022\/10\/pressenza_logo_200x200.jpg","width":200,"height":200,"caption":"Pressenza"},"image":{"@id":"https:\/\/www.pressenza.com\/pt-pt\/#\/schema\/logo\/image\/"},"sameAs":["https:\/\/www.facebook.com\/PressenzaItalia","https:\/\/x.com\/PressenzaIPA"]},{"@type":"Person","@id":"https:\/\/www.pressenza.com\/pt-pt\/#\/schema\/person\/23cf5828ff22cc74ccb391d78d94cfef","name":"Marco Da Costa","description":"Jornalista e escritor, criador de conte\u00fado para redes sociais, podcasts e textos profissionais.","url":"https:\/\/www.pressenza.com\/pt-pt\/author\/marco-da-costa\/"}]}},"place":"New York, EUA","original_article_url":"","_links":{"self":[{"href":"https:\/\/www.pressenza.com\/pt-pt\/wp-json\/wp\/v2\/posts\/1378989","targetHints":{"allow":["GET"]}}],"collection":[{"href":"https:\/\/www.pressenza.com\/pt-pt\/wp-json\/wp\/v2\/posts"}],"about":[{"href":"https:\/\/www.pressenza.com\/pt-pt\/wp-json\/wp\/v2\/types\/post"}],"author":[{"embeddable":true,"href":"https:\/\/www.pressenza.com\/pt-pt\/wp-json\/wp\/v2\/users\/1826"}],"replies":[{"embeddable":true,"href":"https:\/\/www.pressenza.com\/pt-pt\/wp-json\/wp\/v2\/comments?post=1378989"}],"version-history":[{"count":0,"href":"https:\/\/www.pressenza.com\/pt-pt\/wp-json\/wp\/v2\/posts\/1378989\/revisions"}],"wp:featuredmedia":[{"embeddable":true,"href":"https:\/\/www.pressenza.com\/pt-pt\/wp-json\/wp\/v2\/media\/1378990"}],"wp:attachment":[{"href":"https:\/\/www.pressenza.com\/pt-pt\/wp-json\/wp\/v2\/media?parent=1378989"}],"wp:term":[{"taxonomy":"category","embeddable":true,"href":"https:\/\/www.pressenza.com\/pt-pt\/wp-json\/wp\/v2\/categories?post=1378989"},{"taxonomy":"post_tag","embeddable":true,"href":"https:\/\/www.pressenza.com\/pt-pt\/wp-json\/wp\/v2\/tags?post=1378989"}],"curies":[{"name":"wp","href":"https:\/\/api.w.org\/{rel}","templated":true}]}}