{"id":1375108,"date":"2021-06-06T04:28:37","date_gmt":"2021-06-06T03:28:37","guid":{"rendered":"https:\/\/www.pressenza.com\/?p=1375108"},"modified":"2021-06-06T01:49:06","modified_gmt":"2021-06-06T00:49:06","slug":"que-fazer-parte-2","status":"publish","type":"post","link":"https:\/\/www.pressenza.com\/pt-pt\/2021\/06\/que-fazer-parte-2\/","title":{"rendered":"Que fazer? (parte 2)"},"content":{"rendered":"<p>Eu j\u00e1 sabia, eu disse, era \u00f3bvio, eu estava certo. Retomo o conceito j\u00e1 expresso em meu artigo intitulado com a pergunta leninista &#8220;Que fazer?&#8221;: na Am\u00e9rica Latina, as manifesta\u00e7\u00f5es populares s\u00f3 t\u00eam \u00eaxito se, al\u00e9m de ter maci\u00e7a ades\u00e3o, duram dias ou semanas inteiras e, principalmente, se forem violentas: dezenas de mortos e centenas de feridos. O caso recente do Chile nos ensina como \u00e9 alto o pre\u00e7o para chegar \u00e0 consulta popular e formar uma assembleia constituinte. Se realmente conseguir\u00e1 mudar o sistema pol\u00edtico e econ\u00f4mico que, das profundezas dos ferozes anos setenta, tornou-se a vanguarda da ortodoxia &#8220;thatcherista&#8221;, com os economistas criminosos da Escola de Chicago babando senten\u00e7as neoliberais nas costas do povo, \u00e9 muito dif\u00edcil de prever.<\/p>\n<p>O sistema hegem\u00f4nico e sua gal\u00e1xia de domina\u00e7\u00e3o, em que a repress\u00e3o j\u00e1 n\u00e3o requer mais a interven\u00e7\u00e3o armada, mas faz uso das t\u00e9cnicas de manipula\u00e7\u00e3o da din\u00e2mica do consenso, permite que as decis\u00f5es tomadas, tanto localmente como na esfera macropol\u00edtica, apare\u00e7am como naturais, de senso comum, de modo a serem aceitas como inelut\u00e1veis e definitivas pelos setores produtivos, pelo mundo empresarial (c\u00famplice e ator principal), pela imprensa, pelas institui\u00e7\u00f5es p\u00fablicas, pelos indiv\u00edduos, por cada um de n\u00f3s. A dimens\u00e3o hegem\u00f4nica na qual a classe dominante chafurda \u00e9 composta unicamente por sua capacidade de generalizar seus interesses e sua vis\u00e3o de mundo, transformando-os em necessidades coletivas, em desejos comuns naturais, em normalidade cotidiana, em valores compartilhados. \u00c9 por isso que eles sempre ganham, mesmo perdendo, eles continuam ganhando.<\/p>\n<p>O sistema democr\u00e1tico representativo, longe de ser um instrumento de participa\u00e7\u00e3o incisiva, \u00e9 parte integrante do processo ampliado de domina\u00e7\u00e3o que tamb\u00e9m prev\u00ea a exist\u00eancia em seu bojo de bolhas de dissenso &#8220;pac\u00edficas&#8221; e &#8220;n\u00e3o violentas&#8221;, como uma esp\u00e9cie de folclore colorido e festivo, entretanto absolutamente incapaz de desestabilizar seus fundamentos.<\/p>\n<p>\u00c9 isso a\u00ed, gente, n\u00f3s tamb\u00e9m fazemos parte daquele sistema, que muitos estudiosos chamam de &#8220;estilo de vida imperial&#8221;. Com nossas bandeiras, com nossa necessidade fisiol\u00f3gica de descer \u00e0s ruas para gritar a raiva contra um governo genocida, n\u00e3o conseguimos nada; ao contr\u00e1rio, nos expusemos ao cont\u00e1gio do v\u00edrus sempre \u00e0 espreita de um vacilo e, com nossa inconsist\u00eancia, demos ao bolsonarismo todas as raz\u00f5es para nos atacar tamb\u00e9m nessa frente: por uma \u00fanica manifesta\u00e7\u00e3o em um belo dia de sol, destru\u00edmos a sacrossanta exig\u00eancia de reivindicar a necessidade de distanciamento social e do lockdown, que na aus\u00eancia de um plano de vacina\u00e7\u00e3o em massa, s\u00e3o as \u00fanicas medidas capazes de deter o massacre que em algumas semanas vai contabilizar meio milh\u00e3o de mortos.<\/p>\n<p>Um general do ex\u00e9rcito se esbaldando no palanque ao lado do presidente da rep\u00fablica seria por si s\u00f3 uma vis\u00e3o obscena. Se este general, sob o disfarce de Ministro da Sa\u00fade comandou o genoc\u00eddio atrav\u00e9s do boicote efetivo de todas as medidas preventivas, e em obedi\u00eancia \u00e0 ordem direta do presidente, cancelou a compra de 150 milh\u00f5es de doses de vacina, sua apari\u00e7\u00e3o no palanque da manifesta\u00e7\u00e3o proto-fascista n\u00e3o s\u00f3 \u00e9 obscenamente podre, mas tamb\u00e9m ofensiva, delet\u00e9ria. Se ent\u00e3o, como declarado por seus pr\u00f3prios coleguinhas do Estado Maior, for um ato contr\u00e1rio \u00e0s regras da disciplina militar &#8211; &#8220;a participa\u00e7\u00e3o em qualquer ato pol\u00edtico \u00e9 estritamente proibida&#8221; &#8211; sua presen\u00e7a ao lado do presidente \u00e9 tamb\u00e9m uma infra\u00e7\u00e3o pass\u00edvel de puni\u00e7\u00e3o. Mas o alto comando, em defer\u00eancia aos desejos de Bolsonaro, perdoa o general, n\u00e3o encontrando em seu gesto nenhuma falta digna de repreens\u00e3o.<\/p>\n<p>No dia seguinte \u00e0s enormes manifesta\u00e7\u00f5es (pa-c\u00ed-fi-cas-de-mo-cr\u00e1-ti-cas-n\u00e3o-vio-len-tas&#8230;) que ocorreram em todo o pa\u00eds, o ex\u00e9rcito perdoou um ato de insubordina\u00e7\u00e3o de um general que participou a uma manifesta\u00e7\u00e3o pol\u00edtica, na qual, pela en\u00e9sima vez, invocava-se o advento do golpe de estado. Alguns dias depois, o pr\u00f3prio presidente nomeou aquele general como diretor da Secretaria Especial de Estudos Estrat\u00e9gicos, cargo esse subordinado diretamente a ele, o presidente da rep\u00fablica. E, como se n\u00e3o bastasse, o grande Fidaputa tamb\u00e9m disse que nas manifesta\u00e7\u00f5es pac\u00edficas-democr\u00e1ticas-n\u00e3o-violentas havia pouca gente porque n\u00e3o tinha droga para todo mundo.<\/p>\n<p>O esc\u00e1rnio, as amea\u00e7as, continuam. Como sempre.<\/p>\n<p>E agora, o que fazemos? Vamos continuar assistindo ao avan\u00e7o do autoritarismo, \u00e0s dez mil mortes semanais sacrificadas no altar da vontade assassina dessas pessoas? Vamos organizar uma nova manifesta\u00e7\u00e3o com cartazes coloridos e simp\u00e1ticos dizeres? Vamos continuar a escrever nossos artigos indignados? Por que desistimos da luta t\u00e3o facilmente? Por que n\u00e3o fomos capazes de organizar a resist\u00eancia nos locais de trabalho? Por que n\u00e3o pensamos em protestos populares atrav\u00e9s de boicotes e sabotagem da produ\u00e7\u00e3o? Por que, com nossa apatia, continuamos a colaborar com o mundo corporativo que nos mata com seu expediente massacrante, que nos obriga a aglomerar como animais em \u00f4nibus e metr\u00f4s? Por que aceitamos o modo de vida e morte que nos \u00e9 imposto? Algu\u00e9m a\u00ed \u00a0pode me responder?<\/p>\n<p>&nbsp;<\/p>\n<p>&nbsp;<\/p>\n<p>&nbsp;<\/p>\n<p>&nbsp;<\/p>\n","protected":false},"excerpt":{"rendered":"<p>Eu j\u00e1 sabia, eu disse, era \u00f3bvio, eu estava certo. Retomo o conceito j\u00e1 expresso em meu artigo intitulado com a pergunta leninista &#8220;Que fazer?&#8221;: na Am\u00e9rica Latina, as manifesta\u00e7\u00f5es populares s\u00f3 t\u00eam \u00eaxito se, al\u00e9m de ter maci\u00e7a ades\u00e3o,&hellip;<\/p>\n","protected":false},"author":1567,"featured_media":1375109,"comment_status":"closed","ping_status":"closed","sticky":false,"template":"","format":"standard","meta":{"footnotes":""},"categories":[11390,165,111],"tags":[86694],"class_list":["post-1375108","post","type-post","status-publish","format-standard","has-post-thumbnail","hentry","category-conteudo-original","category-opiniao","category-politica-pt-pt","tag-fora-bolsonaro"],"yoast_head":"<!-- This site is optimized with the Yoast SEO plugin v27.1.1 - https:\/\/yoast.com\/product\/yoast-seo-wordpress\/ -->\n<title>Que fazer? (parte 2)<\/title>\n<meta name=\"description\" content=\"Eu j\u00e1 sabia, eu disse, era \u00f3bvio, eu estava certo. Retomo o conceito j\u00e1 expresso em meu artigo intitulado com a pergunta leninista &quot;Que fazer?&quot;: na\" \/>\n<meta name=\"robots\" content=\"index, follow, max-snippet:-1, max-image-preview:large, max-video-preview:-1\" \/>\n<link rel=\"canonical\" href=\"https:\/\/www.pressenza.com\/pt-pt\/2021\/06\/que-fazer-parte-2\/\" \/>\n<meta property=\"og:locale\" content=\"pt_PT\" \/>\n<meta property=\"og:type\" content=\"article\" \/>\n<meta property=\"og:title\" content=\"Que fazer? (parte 2)\" \/>\n<meta property=\"og:description\" content=\"Eu j\u00e1 sabia, eu disse, era \u00f3bvio, eu estava certo. Retomo o conceito j\u00e1 expresso em meu artigo intitulado com a pergunta leninista &quot;Que fazer?&quot;: na\" \/>\n<meta property=\"og:url\" content=\"https:\/\/www.pressenza.com\/pt-pt\/2021\/06\/que-fazer-parte-2\/\" \/>\n<meta property=\"og:site_name\" content=\"Pressenza\" \/>\n<meta property=\"article:publisher\" content=\"https:\/\/www.facebook.com\/PressenzaItalia\" \/>\n<meta property=\"article:published_time\" content=\"2021-06-06T03:28:37+00:00\" \/>\n<meta property=\"og:image\" content=\"https:\/\/www.pressenza.com\/wp-content\/uploads\/2021\/06\/9607efb8-1fd5-4c95-88f9-1e896319357d.jpg\" \/>\n\t<meta property=\"og:image:width\" content=\"1024\" \/>\n\t<meta property=\"og:image:height\" content=\"768\" \/>\n\t<meta property=\"og:image:type\" content=\"image\/jpeg\" \/>\n<meta name=\"author\" content=\"Paolo D&#039;Aprile\" \/>\n<meta name=\"twitter:card\" content=\"summary_large_image\" \/>\n<meta name=\"twitter:creator\" content=\"@PressenzaIPA\" \/>\n<meta name=\"twitter:site\" content=\"@PressenzaIPA\" \/>\n<meta name=\"twitter:label1\" content=\"Escrito por\" \/>\n\t<meta name=\"twitter:data1\" content=\"Paolo D&#039;Aprile\" \/>\n\t<meta name=\"twitter:label2\" content=\"Tempo estimado de leitura\" \/>\n\t<meta name=\"twitter:data2\" content=\"4 minutos\" \/>\n<script type=\"application\/ld+json\" class=\"yoast-schema-graph\">{\"@context\":\"https:\/\/schema.org\",\"@graph\":[{\"@type\":\"Article\",\"@id\":\"https:\/\/www.pressenza.com\/pt-pt\/2021\/06\/que-fazer-parte-2\/#article\",\"isPartOf\":{\"@id\":\"https:\/\/www.pressenza.com\/pt-pt\/2021\/06\/que-fazer-parte-2\/\"},\"author\":{\"name\":\"Paolo D'Aprile\",\"@id\":\"https:\/\/www.pressenza.com\/pt-pt\/#\/schema\/person\/b7683f6cc5b4992d9641abb1dd2b2c7a\"},\"headline\":\"Que fazer? (parte 2)\",\"datePublished\":\"2021-06-06T03:28:37+00:00\",\"mainEntityOfPage\":{\"@id\":\"https:\/\/www.pressenza.com\/pt-pt\/2021\/06\/que-fazer-parte-2\/\"},\"wordCount\":901,\"publisher\":{\"@id\":\"https:\/\/www.pressenza.com\/pt-pt\/#organization\"},\"image\":{\"@id\":\"https:\/\/www.pressenza.com\/pt-pt\/2021\/06\/que-fazer-parte-2\/#primaryimage\"},\"thumbnailUrl\":\"https:\/\/www.pressenza.com\/wp-content\/uploads\/2021\/06\/9607efb8-1fd5-4c95-88f9-1e896319357d.jpg\",\"keywords\":[\"Fora Bolsonaro\"],\"articleSection\":[\"Conte\u00fado Original\",\"Opini\u00e3o\",\"Pol\u00edtica\"],\"inLanguage\":\"pt-PT\"},{\"@type\":\"WebPage\",\"@id\":\"https:\/\/www.pressenza.com\/pt-pt\/2021\/06\/que-fazer-parte-2\/\",\"url\":\"https:\/\/www.pressenza.com\/pt-pt\/2021\/06\/que-fazer-parte-2\/\",\"name\":\"Que fazer? (parte 2)\",\"isPartOf\":{\"@id\":\"https:\/\/www.pressenza.com\/pt-pt\/#website\"},\"primaryImageOfPage\":{\"@id\":\"https:\/\/www.pressenza.com\/pt-pt\/2021\/06\/que-fazer-parte-2\/#primaryimage\"},\"image\":{\"@id\":\"https:\/\/www.pressenza.com\/pt-pt\/2021\/06\/que-fazer-parte-2\/#primaryimage\"},\"thumbnailUrl\":\"https:\/\/www.pressenza.com\/wp-content\/uploads\/2021\/06\/9607efb8-1fd5-4c95-88f9-1e896319357d.jpg\",\"datePublished\":\"2021-06-06T03:28:37+00:00\",\"description\":\"Eu j\u00e1 sabia, eu disse, era \u00f3bvio, eu estava certo. Retomo o conceito j\u00e1 expresso em meu artigo intitulado com a pergunta leninista \\\"Que fazer?\\\": na\",\"breadcrumb\":{\"@id\":\"https:\/\/www.pressenza.com\/pt-pt\/2021\/06\/que-fazer-parte-2\/#breadcrumb\"},\"inLanguage\":\"pt-PT\",\"potentialAction\":[{\"@type\":\"ReadAction\",\"target\":[\"https:\/\/www.pressenza.com\/pt-pt\/2021\/06\/que-fazer-parte-2\/\"]}]},{\"@type\":\"ImageObject\",\"inLanguage\":\"pt-PT\",\"@id\":\"https:\/\/www.pressenza.com\/pt-pt\/2021\/06\/que-fazer-parte-2\/#primaryimage\",\"url\":\"https:\/\/www.pressenza.com\/wp-content\/uploads\/2021\/06\/9607efb8-1fd5-4c95-88f9-1e896319357d.jpg\",\"contentUrl\":\"https:\/\/www.pressenza.com\/wp-content\/uploads\/2021\/06\/9607efb8-1fd5-4c95-88f9-1e896319357d.jpg\",\"width\":1024,\"height\":768},{\"@type\":\"BreadcrumbList\",\"@id\":\"https:\/\/www.pressenza.com\/pt-pt\/2021\/06\/que-fazer-parte-2\/#breadcrumb\",\"itemListElement\":[{\"@type\":\"ListItem\",\"position\":1,\"name\":\"Accueil\",\"item\":\"https:\/\/www.pressenza.com\/pt-pt\/\"},{\"@type\":\"ListItem\",\"position\":2,\"name\":\"Que fazer? (parte 2)\"}]},{\"@type\":\"WebSite\",\"@id\":\"https:\/\/www.pressenza.com\/pt-pt\/#website\",\"url\":\"https:\/\/www.pressenza.com\/pt-pt\/\",\"name\":\"Pressenza\",\"description\":\"International Press Agency\",\"publisher\":{\"@id\":\"https:\/\/www.pressenza.com\/pt-pt\/#organization\"},\"potentialAction\":[{\"@type\":\"SearchAction\",\"target\":{\"@type\":\"EntryPoint\",\"urlTemplate\":\"https:\/\/www.pressenza.com\/pt-pt\/?s={search_term_string}\"},\"query-input\":{\"@type\":\"PropertyValueSpecification\",\"valueRequired\":true,\"valueName\":\"search_term_string\"}}],\"inLanguage\":\"pt-PT\"},{\"@type\":\"Organization\",\"@id\":\"https:\/\/www.pressenza.com\/pt-pt\/#organization\",\"name\":\"Pressenza\",\"url\":\"https:\/\/www.pressenza.com\/pt-pt\/\",\"logo\":{\"@type\":\"ImageObject\",\"inLanguage\":\"pt-PT\",\"@id\":\"https:\/\/www.pressenza.com\/pt-pt\/#\/schema\/logo\/image\/\",\"url\":\"https:\/\/www.pressenza.com\/wp-content\/uploads\/2022\/10\/pressenza_logo_200x200.jpg\",\"contentUrl\":\"https:\/\/www.pressenza.com\/wp-content\/uploads\/2022\/10\/pressenza_logo_200x200.jpg\",\"width\":200,\"height\":200,\"caption\":\"Pressenza\"},\"image\":{\"@id\":\"https:\/\/www.pressenza.com\/pt-pt\/#\/schema\/logo\/image\/\"},\"sameAs\":[\"https:\/\/www.facebook.com\/PressenzaItalia\",\"https:\/\/x.com\/PressenzaIPA\"]},{\"@type\":\"Person\",\"@id\":\"https:\/\/www.pressenza.com\/pt-pt\/#\/schema\/person\/b7683f6cc5b4992d9641abb1dd2b2c7a\",\"name\":\"Paolo D'Aprile\",\"description\":\"Nasco nel 1963... sono un uomo di mezza et\u00e0! Vivo a S\u00e3o Paulo dal 1989 e il mio lavoro di fisioterapista mi ha portato in contatto con le situazioni estreme della citt\u00e0, dalle favelas ai \\\"meninos de rua\\\". Ho partecipato a vari progetti di inclusione attraverso l'esercizio dei diritti civili. Da grande voglio fare il calciatore, l'astronauta e il pompiere.\",\"url\":\"https:\/\/www.pressenza.com\/pt-pt\/author\/paolo-daprile\/\"}]}<\/script>\n<!-- \/ Yoast SEO plugin. -->","yoast_head_json":{"title":"Que fazer? (parte 2)","description":"Eu j\u00e1 sabia, eu disse, era \u00f3bvio, eu estava certo. Retomo o conceito j\u00e1 expresso em meu artigo intitulado com a pergunta leninista \"Que fazer?\": na","robots":{"index":"index","follow":"follow","max-snippet":"max-snippet:-1","max-image-preview":"max-image-preview:large","max-video-preview":"max-video-preview:-1"},"canonical":"https:\/\/www.pressenza.com\/pt-pt\/2021\/06\/que-fazer-parte-2\/","og_locale":"pt_PT","og_type":"article","og_title":"Que fazer? (parte 2)","og_description":"Eu j\u00e1 sabia, eu disse, era \u00f3bvio, eu estava certo. Retomo o conceito j\u00e1 expresso em meu artigo intitulado com a pergunta leninista \"Que fazer?\": na","og_url":"https:\/\/www.pressenza.com\/pt-pt\/2021\/06\/que-fazer-parte-2\/","og_site_name":"Pressenza","article_publisher":"https:\/\/www.facebook.com\/PressenzaItalia","article_published_time":"2021-06-06T03:28:37+00:00","og_image":[{"width":1024,"height":768,"url":"https:\/\/www.pressenza.com\/wp-content\/uploads\/2021\/06\/9607efb8-1fd5-4c95-88f9-1e896319357d.jpg","type":"image\/jpeg"}],"author":"Paolo D'Aprile","twitter_card":"summary_large_image","twitter_creator":"@PressenzaIPA","twitter_site":"@PressenzaIPA","twitter_misc":{"Escrito por":"Paolo D'Aprile","Tempo estimado de leitura":"4 minutos"},"schema":{"@context":"https:\/\/schema.org","@graph":[{"@type":"Article","@id":"https:\/\/www.pressenza.com\/pt-pt\/2021\/06\/que-fazer-parte-2\/#article","isPartOf":{"@id":"https:\/\/www.pressenza.com\/pt-pt\/2021\/06\/que-fazer-parte-2\/"},"author":{"name":"Paolo D'Aprile","@id":"https:\/\/www.pressenza.com\/pt-pt\/#\/schema\/person\/b7683f6cc5b4992d9641abb1dd2b2c7a"},"headline":"Que fazer? (parte 2)","datePublished":"2021-06-06T03:28:37+00:00","mainEntityOfPage":{"@id":"https:\/\/www.pressenza.com\/pt-pt\/2021\/06\/que-fazer-parte-2\/"},"wordCount":901,"publisher":{"@id":"https:\/\/www.pressenza.com\/pt-pt\/#organization"},"image":{"@id":"https:\/\/www.pressenza.com\/pt-pt\/2021\/06\/que-fazer-parte-2\/#primaryimage"},"thumbnailUrl":"https:\/\/www.pressenza.com\/wp-content\/uploads\/2021\/06\/9607efb8-1fd5-4c95-88f9-1e896319357d.jpg","keywords":["Fora Bolsonaro"],"articleSection":["Conte\u00fado Original","Opini\u00e3o","Pol\u00edtica"],"inLanguage":"pt-PT"},{"@type":"WebPage","@id":"https:\/\/www.pressenza.com\/pt-pt\/2021\/06\/que-fazer-parte-2\/","url":"https:\/\/www.pressenza.com\/pt-pt\/2021\/06\/que-fazer-parte-2\/","name":"Que fazer? (parte 2)","isPartOf":{"@id":"https:\/\/www.pressenza.com\/pt-pt\/#website"},"primaryImageOfPage":{"@id":"https:\/\/www.pressenza.com\/pt-pt\/2021\/06\/que-fazer-parte-2\/#primaryimage"},"image":{"@id":"https:\/\/www.pressenza.com\/pt-pt\/2021\/06\/que-fazer-parte-2\/#primaryimage"},"thumbnailUrl":"https:\/\/www.pressenza.com\/wp-content\/uploads\/2021\/06\/9607efb8-1fd5-4c95-88f9-1e896319357d.jpg","datePublished":"2021-06-06T03:28:37+00:00","description":"Eu j\u00e1 sabia, eu disse, era \u00f3bvio, eu estava certo. Retomo o conceito j\u00e1 expresso em meu artigo intitulado com a pergunta leninista \"Que fazer?\": na","breadcrumb":{"@id":"https:\/\/www.pressenza.com\/pt-pt\/2021\/06\/que-fazer-parte-2\/#breadcrumb"},"inLanguage":"pt-PT","potentialAction":[{"@type":"ReadAction","target":["https:\/\/www.pressenza.com\/pt-pt\/2021\/06\/que-fazer-parte-2\/"]}]},{"@type":"ImageObject","inLanguage":"pt-PT","@id":"https:\/\/www.pressenza.com\/pt-pt\/2021\/06\/que-fazer-parte-2\/#primaryimage","url":"https:\/\/www.pressenza.com\/wp-content\/uploads\/2021\/06\/9607efb8-1fd5-4c95-88f9-1e896319357d.jpg","contentUrl":"https:\/\/www.pressenza.com\/wp-content\/uploads\/2021\/06\/9607efb8-1fd5-4c95-88f9-1e896319357d.jpg","width":1024,"height":768},{"@type":"BreadcrumbList","@id":"https:\/\/www.pressenza.com\/pt-pt\/2021\/06\/que-fazer-parte-2\/#breadcrumb","itemListElement":[{"@type":"ListItem","position":1,"name":"Accueil","item":"https:\/\/www.pressenza.com\/pt-pt\/"},{"@type":"ListItem","position":2,"name":"Que fazer? (parte 2)"}]},{"@type":"WebSite","@id":"https:\/\/www.pressenza.com\/pt-pt\/#website","url":"https:\/\/www.pressenza.com\/pt-pt\/","name":"Pressenza","description":"International Press Agency","publisher":{"@id":"https:\/\/www.pressenza.com\/pt-pt\/#organization"},"potentialAction":[{"@type":"SearchAction","target":{"@type":"EntryPoint","urlTemplate":"https:\/\/www.pressenza.com\/pt-pt\/?s={search_term_string}"},"query-input":{"@type":"PropertyValueSpecification","valueRequired":true,"valueName":"search_term_string"}}],"inLanguage":"pt-PT"},{"@type":"Organization","@id":"https:\/\/www.pressenza.com\/pt-pt\/#organization","name":"Pressenza","url":"https:\/\/www.pressenza.com\/pt-pt\/","logo":{"@type":"ImageObject","inLanguage":"pt-PT","@id":"https:\/\/www.pressenza.com\/pt-pt\/#\/schema\/logo\/image\/","url":"https:\/\/www.pressenza.com\/wp-content\/uploads\/2022\/10\/pressenza_logo_200x200.jpg","contentUrl":"https:\/\/www.pressenza.com\/wp-content\/uploads\/2022\/10\/pressenza_logo_200x200.jpg","width":200,"height":200,"caption":"Pressenza"},"image":{"@id":"https:\/\/www.pressenza.com\/pt-pt\/#\/schema\/logo\/image\/"},"sameAs":["https:\/\/www.facebook.com\/PressenzaItalia","https:\/\/x.com\/PressenzaIPA"]},{"@type":"Person","@id":"https:\/\/www.pressenza.com\/pt-pt\/#\/schema\/person\/b7683f6cc5b4992d9641abb1dd2b2c7a","name":"Paolo D'Aprile","description":"Nasco nel 1963... sono un uomo di mezza et\u00e0! Vivo a S\u00e3o Paulo dal 1989 e il mio lavoro di fisioterapista mi ha portato in contatto con le situazioni estreme della citt\u00e0, dalle favelas ai \"meninos de rua\". Ho partecipato a vari progetti di inclusione attraverso l'esercizio dei diritti civili. Da grande voglio fare il calciatore, l'astronauta e il pompiere.","url":"https:\/\/www.pressenza.com\/pt-pt\/author\/paolo-daprile\/"}]}},"place":"S\u00e3o Paulo (SP)","original_article_url":"","_links":{"self":[{"href":"https:\/\/www.pressenza.com\/pt-pt\/wp-json\/wp\/v2\/posts\/1375108","targetHints":{"allow":["GET"]}}],"collection":[{"href":"https:\/\/www.pressenza.com\/pt-pt\/wp-json\/wp\/v2\/posts"}],"about":[{"href":"https:\/\/www.pressenza.com\/pt-pt\/wp-json\/wp\/v2\/types\/post"}],"author":[{"embeddable":true,"href":"https:\/\/www.pressenza.com\/pt-pt\/wp-json\/wp\/v2\/users\/1567"}],"replies":[{"embeddable":true,"href":"https:\/\/www.pressenza.com\/pt-pt\/wp-json\/wp\/v2\/comments?post=1375108"}],"version-history":[{"count":0,"href":"https:\/\/www.pressenza.com\/pt-pt\/wp-json\/wp\/v2\/posts\/1375108\/revisions"}],"wp:featuredmedia":[{"embeddable":true,"href":"https:\/\/www.pressenza.com\/pt-pt\/wp-json\/wp\/v2\/media\/1375109"}],"wp:attachment":[{"href":"https:\/\/www.pressenza.com\/pt-pt\/wp-json\/wp\/v2\/media?parent=1375108"}],"wp:term":[{"taxonomy":"category","embeddable":true,"href":"https:\/\/www.pressenza.com\/pt-pt\/wp-json\/wp\/v2\/categories?post=1375108"},{"taxonomy":"post_tag","embeddable":true,"href":"https:\/\/www.pressenza.com\/pt-pt\/wp-json\/wp\/v2\/tags?post=1375108"}],"curies":[{"name":"wp","href":"https:\/\/api.w.org\/{rel}","templated":true}]}}