{"id":1370330,"date":"2021-05-28T15:28:25","date_gmt":"2021-05-28T14:28:25","guid":{"rendered":"https:\/\/www.pressenza.com\/?p=1370330"},"modified":"2021-05-28T15:28:25","modified_gmt":"2021-05-28T14:28:25","slug":"humberto-maturana-foi-pouco-escutado-e-compreendido-pelas-elites","status":"publish","type":"post","link":"https:\/\/www.pressenza.com\/pt-pt\/2021\/05\/humberto-maturana-foi-pouco-escutado-e-compreendido-pelas-elites\/","title":{"rendered":"Humberto Maturana foi pouco escutado e compreendido pelas elites."},"content":{"rendered":"<p><span style=\"font-weight: 400;\">Na semana passada Humberto Maturana faleceu aos 92 anos. Ele fez contribui\u00e7\u00f5es significativas para o estudo, conhecimento e entendimento dos seres vivos. Teve uma cria\u00e7\u00e3o cient\u00edfica abundante e entendeu, como poucos, aos seres humanos. Fez grandes contribui\u00e7\u00f5es para biologia, filosofia, sociologia, teoria de sistemas e educa\u00e7\u00e3o. Apesar de suas grandes contribui\u00e7\u00f5es, foi pouco ouvido e compreendido pelas elites.<\/span><\/p>\n<p><span style=\"font-weight: 400;\">Humberto Maturana foi um cientista de excel\u00eancia capaz de se comunicar com as pessoas porque foi um apaixonado pela linguagem e prop\u00f4s que os seres humanos vivessem juntos na linguagem.<\/span><\/p>\n<p><span style=\"font-weight: 400;\">\u201cComo a coexist\u00eancia humana se d\u00e1 com a linguagem, quando aprendemos a ser humanos aprendemos ao mesmo tempo a linguagem, em um cont\u00ednuo emaranhamento e emo\u00e7\u00f5es enquanto vivemos. Eu chamo isto de conversa, este emaranhamento de linguagem e emo\u00e7\u00f5es. Por isso o conviver humano se d\u00e1 de fato na conversa\u201d.<\/span><\/p>\n<p><span style=\"font-weight: 400;\">Como seria importante se nossas elites entendessem que a conviv\u00eancia humana se d\u00e1 na conversa e n\u00e3o na repeti\u00e7\u00e3o de slogans e frases sem fundamento que s\u00e3o ditas desde o p\u00f3dio que s\u00f3 tem acesso quem acredita ser dono da verdade.<\/span><\/p>\n<p><span style=\"font-weight: 400;\">Maturana, como cientista, teve a humildade de reconhecer que a objetividade n\u00e3o existe e \u00e9 utilizada para subjugar os outros. A conviv\u00eancia acordos \u00e9 dada em comum acordo e, para isso, a linguagem e a pr\u00e1tica s\u00e3o fundamentais. Esse \u00e9 o processo de socializa\u00e7\u00e3o que se v\u00ea amea\u00e7ado pelo enquadramento da elite em grupos endog\u00e2micos que n\u00e3o conversam e nem dialogam uns com os outros.<\/span><\/p>\n<p><span style=\"font-weight: 400;\">N\u00e3o \u00e9 por acaso que os cidad\u00e3os t\u00eam pouca confian\u00e7a nas institui\u00e7\u00f5es. A \u00faltima pesquisa do CEP informa que as institui\u00e7\u00f5es com n\u00edvel de confian\u00e7a abaixo de 20% s\u00e3o as igrejas evang\u00e9licas e cat\u00f3licas (17%), empresas privadas (14%), tribunais de justi\u00e7a (12%), televis\u00e3o e minist\u00e9rio p\u00fablico, (11%) governo (9%), congresso (8%) e partidos pol\u00edticos (2%).<\/span><\/p>\n<p><span style=\"font-weight: 400;\">Infelizmente no Chile e, em geral, na Am\u00e9rica Latina, as elites n\u00e3o dialogam com a ci\u00eancia. Os cientistas n\u00e3o s\u00e3o ouvidos quando se trata de pol\u00edticas p\u00fablicas nem para renovar o modelo atual de desenvolvimento rentista e extrativista. A ci\u00eancia \u00e9 notada como um luxo que o pa\u00eds n\u00e3o pode pagar sob pretexto das necessidades da popula\u00e7\u00e3o.<\/span><\/p>\n<p><span style=\"font-weight: 400;\">Na Fundaci\u00f3n Semilla valorizamos e nos enriquecemos com a diversidade. Somos estudiosos e reconhecemos Humberto Maturana como um grande intelectual de senso comum. Por isso, nossa pequena homenagem a sua vida e trabalho tem sido a divulga\u00e7\u00e3o desta cita\u00e7\u00e3o que nos interpreta plenamente:<\/span><\/p>\n<p><span style=\"font-weight: 400;\">\u201cHoje em dia o problema da educa\u00e7\u00e3o n\u00e3o \u00e9 de intelig\u00eancia, mas de emo\u00e7\u00e3o. Se eu n\u00e3o me identifico com os outros e n\u00e3o os valorizo como iguais, com suas pr\u00f3prias emo\u00e7\u00f5es e sentimentos, n\u00e3o podemos educar. A educa\u00e7\u00e3o n\u00e3o se trata de conhecimento, mas de encontros. Se eu guio meu olhar, ent\u00e3o amplio minha compreens\u00e3o e posso educar.\u201d<\/span><\/p>\n<hr \/>\n<p><em><span style=\"font-weight: 400;\">Traduzido do espanhol por <\/span><span style=\"font-weight: 400;\">Ivy Miravalles \/<\/span><span style=\"font-weight: 400;\">\u00a0Revisado por Tatiana Elizabeth<\/span><\/em><\/p>\n","protected":false},"excerpt":{"rendered":"<p>Na semana passada Humberto Maturana faleceu aos 92 anos. Ele fez contribui\u00e7\u00f5es significativas para o estudo, conhecimento e entendimento dos seres vivos. Teve uma cria\u00e7\u00e3o cient\u00edfica abundante e entendeu, como poucos, aos seres humanos. Fez grandes contribui\u00e7\u00f5es para biologia, filosofia,&hellip;<\/p>\n","protected":false},"author":1907,"featured_media":1359346,"comment_status":"closed","ping_status":"closed","sticky":false,"template":"","format":"standard","meta":{"footnotes":""},"categories":[104,11390,112,165],"tags":[91254,91456],"class_list":["post-1370330","post","type-post","status-publish","format-standard","has-post-thumbnail","hentry","category-america-do-sul","category-conteudo-original","category-cultura-pt-pt","category-opiniao","tag-fundacao-semente","tag-humberto-maturana-pt-pt"],"yoast_head":"<!-- This site is optimized with the Yoast SEO plugin v27.1.1 - https:\/\/yoast.com\/product\/yoast-seo-wordpress\/ -->\n<title>Humberto Maturana foi pouco escutado e compreendido pelas elites.<\/title>\n<meta name=\"description\" content=\"Na semana passada Humberto Maturana faleceu aos 92 anos. Ele fez contribui\u00e7\u00f5es significativas para o estudo, conhecimento e entendimento dos seres vivos.\" \/>\n<meta name=\"robots\" content=\"index, follow, max-snippet:-1, max-image-preview:large, max-video-preview:-1\" \/>\n<link rel=\"canonical\" href=\"https:\/\/www.pressenza.com\/pt-pt\/2021\/05\/humberto-maturana-foi-pouco-escutado-e-compreendido-pelas-elites\/\" \/>\n<meta property=\"og:locale\" content=\"pt_PT\" \/>\n<meta property=\"og:type\" content=\"article\" \/>\n<meta property=\"og:title\" content=\"Humberto Maturana foi pouco escutado e compreendido pelas elites.\" \/>\n<meta property=\"og:description\" content=\"Na semana passada Humberto Maturana faleceu aos 92 anos. Ele fez contribui\u00e7\u00f5es significativas para o estudo, conhecimento e entendimento dos seres vivos.\" \/>\n<meta property=\"og:url\" content=\"https:\/\/www.pressenza.com\/pt-pt\/2021\/05\/humberto-maturana-foi-pouco-escutado-e-compreendido-pelas-elites\/\" \/>\n<meta property=\"og:site_name\" content=\"Pressenza\" \/>\n<meta property=\"article:publisher\" content=\"https:\/\/www.facebook.com\/PressenzaItalia\" \/>\n<meta property=\"article:published_time\" content=\"2021-05-28T14:28:25+00:00\" \/>\n<meta property=\"og:image\" content=\"https:\/\/www.pressenza.com\/wp-content\/uploads\/2021\/05\/humberto-maturana.jpg\" \/>\n\t<meta property=\"og:image:width\" content=\"745\" \/>\n\t<meta property=\"og:image:height\" content=\"494\" \/>\n\t<meta property=\"og:image:type\" content=\"image\/jpeg\" \/>\n<meta name=\"author\" content=\"Marcelo Trivelli\" \/>\n<meta name=\"twitter:card\" content=\"summary_large_image\" \/>\n<meta name=\"twitter:creator\" content=\"@PressenzaIPA\" \/>\n<meta name=\"twitter:site\" content=\"@PressenzaIPA\" \/>\n<meta name=\"twitter:label1\" content=\"Escrito por\" \/>\n\t<meta name=\"twitter:data1\" content=\"Marcelo Trivelli\" \/>\n\t<meta name=\"twitter:label2\" content=\"Tempo estimado de leitura\" \/>\n\t<meta name=\"twitter:data2\" content=\"3 minutos\" \/>\n<script type=\"application\/ld+json\" class=\"yoast-schema-graph\">{\"@context\":\"https:\/\/schema.org\",\"@graph\":[{\"@type\":\"Article\",\"@id\":\"https:\/\/www.pressenza.com\/pt-pt\/2021\/05\/humberto-maturana-foi-pouco-escutado-e-compreendido-pelas-elites\/#article\",\"isPartOf\":{\"@id\":\"https:\/\/www.pressenza.com\/pt-pt\/2021\/05\/humberto-maturana-foi-pouco-escutado-e-compreendido-pelas-elites\/\"},\"author\":{\"name\":\"Marcelo Trivelli\",\"@id\":\"https:\/\/www.pressenza.com\/pt-pt\/#\/schema\/person\/62f77772bfcdd01e2cf156a471ba4ec5\"},\"headline\":\"Humberto Maturana foi pouco escutado e compreendido pelas elites.\",\"datePublished\":\"2021-05-28T14:28:25+00:00\",\"mainEntityOfPage\":{\"@id\":\"https:\/\/www.pressenza.com\/pt-pt\/2021\/05\/humberto-maturana-foi-pouco-escutado-e-compreendido-pelas-elites\/\"},\"wordCount\":530,\"publisher\":{\"@id\":\"https:\/\/www.pressenza.com\/pt-pt\/#organization\"},\"image\":{\"@id\":\"https:\/\/www.pressenza.com\/pt-pt\/2021\/05\/humberto-maturana-foi-pouco-escutado-e-compreendido-pelas-elites\/#primaryimage\"},\"thumbnailUrl\":\"https:\/\/www.pressenza.com\/wp-content\/uploads\/2021\/05\/humberto-maturana.jpg\",\"keywords\":[\"Funda\u00e7\u00e3o Semente\",\"Humberto Maturana\"],\"articleSection\":[\"\u00c1m\u00e9rica do Sul\",\"Conte\u00fado Original\",\"Cultura e M\u00eddia\",\"Opini\u00e3o\"],\"inLanguage\":\"pt-PT\"},{\"@type\":\"WebPage\",\"@id\":\"https:\/\/www.pressenza.com\/pt-pt\/2021\/05\/humberto-maturana-foi-pouco-escutado-e-compreendido-pelas-elites\/\",\"url\":\"https:\/\/www.pressenza.com\/pt-pt\/2021\/05\/humberto-maturana-foi-pouco-escutado-e-compreendido-pelas-elites\/\",\"name\":\"Humberto Maturana foi pouco escutado e compreendido pelas elites.\",\"isPartOf\":{\"@id\":\"https:\/\/www.pressenza.com\/pt-pt\/#website\"},\"primaryImageOfPage\":{\"@id\":\"https:\/\/www.pressenza.com\/pt-pt\/2021\/05\/humberto-maturana-foi-pouco-escutado-e-compreendido-pelas-elites\/#primaryimage\"},\"image\":{\"@id\":\"https:\/\/www.pressenza.com\/pt-pt\/2021\/05\/humberto-maturana-foi-pouco-escutado-e-compreendido-pelas-elites\/#primaryimage\"},\"thumbnailUrl\":\"https:\/\/www.pressenza.com\/wp-content\/uploads\/2021\/05\/humberto-maturana.jpg\",\"datePublished\":\"2021-05-28T14:28:25+00:00\",\"description\":\"Na semana passada Humberto Maturana faleceu aos 92 anos. Ele fez contribui\u00e7\u00f5es significativas para o estudo, conhecimento e entendimento dos seres vivos.\",\"breadcrumb\":{\"@id\":\"https:\/\/www.pressenza.com\/pt-pt\/2021\/05\/humberto-maturana-foi-pouco-escutado-e-compreendido-pelas-elites\/#breadcrumb\"},\"inLanguage\":\"pt-PT\",\"potentialAction\":[{\"@type\":\"ReadAction\",\"target\":[\"https:\/\/www.pressenza.com\/pt-pt\/2021\/05\/humberto-maturana-foi-pouco-escutado-e-compreendido-pelas-elites\/\"]}]},{\"@type\":\"ImageObject\",\"inLanguage\":\"pt-PT\",\"@id\":\"https:\/\/www.pressenza.com\/pt-pt\/2021\/05\/humberto-maturana-foi-pouco-escutado-e-compreendido-pelas-elites\/#primaryimage\",\"url\":\"https:\/\/www.pressenza.com\/wp-content\/uploads\/2021\/05\/humberto-maturana.jpg\",\"contentUrl\":\"https:\/\/www.pressenza.com\/wp-content\/uploads\/2021\/05\/humberto-maturana.jpg\",\"width\":745,\"height\":494,\"caption\":\"radio.uchile.cl\"},{\"@type\":\"BreadcrumbList\",\"@id\":\"https:\/\/www.pressenza.com\/pt-pt\/2021\/05\/humberto-maturana-foi-pouco-escutado-e-compreendido-pelas-elites\/#breadcrumb\",\"itemListElement\":[{\"@type\":\"ListItem\",\"position\":1,\"name\":\"Accueil\",\"item\":\"https:\/\/www.pressenza.com\/pt-pt\/\"},{\"@type\":\"ListItem\",\"position\":2,\"name\":\"Humberto Maturana foi pouco escutado e compreendido pelas elites.\"}]},{\"@type\":\"WebSite\",\"@id\":\"https:\/\/www.pressenza.com\/pt-pt\/#website\",\"url\":\"https:\/\/www.pressenza.com\/pt-pt\/\",\"name\":\"Pressenza\",\"description\":\"International Press Agency\",\"publisher\":{\"@id\":\"https:\/\/www.pressenza.com\/pt-pt\/#organization\"},\"potentialAction\":[{\"@type\":\"SearchAction\",\"target\":{\"@type\":\"EntryPoint\",\"urlTemplate\":\"https:\/\/www.pressenza.com\/pt-pt\/?s={search_term_string}\"},\"query-input\":{\"@type\":\"PropertyValueSpecification\",\"valueRequired\":true,\"valueName\":\"search_term_string\"}}],\"inLanguage\":\"pt-PT\"},{\"@type\":\"Organization\",\"@id\":\"https:\/\/www.pressenza.com\/pt-pt\/#organization\",\"name\":\"Pressenza\",\"url\":\"https:\/\/www.pressenza.com\/pt-pt\/\",\"logo\":{\"@type\":\"ImageObject\",\"inLanguage\":\"pt-PT\",\"@id\":\"https:\/\/www.pressenza.com\/pt-pt\/#\/schema\/logo\/image\/\",\"url\":\"https:\/\/www.pressenza.com\/wp-content\/uploads\/2022\/10\/pressenza_logo_200x200.jpg\",\"contentUrl\":\"https:\/\/www.pressenza.com\/wp-content\/uploads\/2022\/10\/pressenza_logo_200x200.jpg\",\"width\":200,\"height\":200,\"caption\":\"Pressenza\"},\"image\":{\"@id\":\"https:\/\/www.pressenza.com\/pt-pt\/#\/schema\/logo\/image\/\"},\"sameAs\":[\"https:\/\/www.facebook.com\/PressenzaItalia\",\"https:\/\/x.com\/PressenzaIPA\"]},{\"@type\":\"Person\",\"@id\":\"https:\/\/www.pressenza.com\/pt-pt\/#\/schema\/person\/62f77772bfcdd01e2cf156a471ba4ec5\",\"name\":\"Marcelo Trivelli\",\"description\":\"Engineer, consultant and columnist on current affairs, always providing a critical and reflective view that adds to the debate. Main topics: education, politics and society. He has held various positions, among others, in the public sector (former mayor of Santiago), in the third sector (founder and president of Fundaci\u00f3n Semilla) and also in the private sector as a director of companies.\",\"url\":\"https:\/\/www.pressenza.com\/pt-pt\/author\/marcelo-trivelli\/\"}]}<\/script>\n<!-- \/ Yoast SEO plugin. -->","yoast_head_json":{"title":"Humberto Maturana foi pouco escutado e compreendido pelas elites.","description":"Na semana passada Humberto Maturana faleceu aos 92 anos. Ele fez contribui\u00e7\u00f5es significativas para o estudo, conhecimento e entendimento dos seres vivos.","robots":{"index":"index","follow":"follow","max-snippet":"max-snippet:-1","max-image-preview":"max-image-preview:large","max-video-preview":"max-video-preview:-1"},"canonical":"https:\/\/www.pressenza.com\/pt-pt\/2021\/05\/humberto-maturana-foi-pouco-escutado-e-compreendido-pelas-elites\/","og_locale":"pt_PT","og_type":"article","og_title":"Humberto Maturana foi pouco escutado e compreendido pelas elites.","og_description":"Na semana passada Humberto Maturana faleceu aos 92 anos. Ele fez contribui\u00e7\u00f5es significativas para o estudo, conhecimento e entendimento dos seres vivos.","og_url":"https:\/\/www.pressenza.com\/pt-pt\/2021\/05\/humberto-maturana-foi-pouco-escutado-e-compreendido-pelas-elites\/","og_site_name":"Pressenza","article_publisher":"https:\/\/www.facebook.com\/PressenzaItalia","article_published_time":"2021-05-28T14:28:25+00:00","og_image":[{"width":745,"height":494,"url":"https:\/\/www.pressenza.com\/wp-content\/uploads\/2021\/05\/humberto-maturana.jpg","type":"image\/jpeg"}],"author":"Marcelo Trivelli","twitter_card":"summary_large_image","twitter_creator":"@PressenzaIPA","twitter_site":"@PressenzaIPA","twitter_misc":{"Escrito por":"Marcelo Trivelli","Tempo estimado de leitura":"3 minutos"},"schema":{"@context":"https:\/\/schema.org","@graph":[{"@type":"Article","@id":"https:\/\/www.pressenza.com\/pt-pt\/2021\/05\/humberto-maturana-foi-pouco-escutado-e-compreendido-pelas-elites\/#article","isPartOf":{"@id":"https:\/\/www.pressenza.com\/pt-pt\/2021\/05\/humberto-maturana-foi-pouco-escutado-e-compreendido-pelas-elites\/"},"author":{"name":"Marcelo Trivelli","@id":"https:\/\/www.pressenza.com\/pt-pt\/#\/schema\/person\/62f77772bfcdd01e2cf156a471ba4ec5"},"headline":"Humberto Maturana foi pouco escutado e compreendido pelas elites.","datePublished":"2021-05-28T14:28:25+00:00","mainEntityOfPage":{"@id":"https:\/\/www.pressenza.com\/pt-pt\/2021\/05\/humberto-maturana-foi-pouco-escutado-e-compreendido-pelas-elites\/"},"wordCount":530,"publisher":{"@id":"https:\/\/www.pressenza.com\/pt-pt\/#organization"},"image":{"@id":"https:\/\/www.pressenza.com\/pt-pt\/2021\/05\/humberto-maturana-foi-pouco-escutado-e-compreendido-pelas-elites\/#primaryimage"},"thumbnailUrl":"https:\/\/www.pressenza.com\/wp-content\/uploads\/2021\/05\/humberto-maturana.jpg","keywords":["Funda\u00e7\u00e3o Semente","Humberto Maturana"],"articleSection":["\u00c1m\u00e9rica do Sul","Conte\u00fado Original","Cultura e M\u00eddia","Opini\u00e3o"],"inLanguage":"pt-PT"},{"@type":"WebPage","@id":"https:\/\/www.pressenza.com\/pt-pt\/2021\/05\/humberto-maturana-foi-pouco-escutado-e-compreendido-pelas-elites\/","url":"https:\/\/www.pressenza.com\/pt-pt\/2021\/05\/humberto-maturana-foi-pouco-escutado-e-compreendido-pelas-elites\/","name":"Humberto Maturana foi pouco escutado e compreendido pelas elites.","isPartOf":{"@id":"https:\/\/www.pressenza.com\/pt-pt\/#website"},"primaryImageOfPage":{"@id":"https:\/\/www.pressenza.com\/pt-pt\/2021\/05\/humberto-maturana-foi-pouco-escutado-e-compreendido-pelas-elites\/#primaryimage"},"image":{"@id":"https:\/\/www.pressenza.com\/pt-pt\/2021\/05\/humberto-maturana-foi-pouco-escutado-e-compreendido-pelas-elites\/#primaryimage"},"thumbnailUrl":"https:\/\/www.pressenza.com\/wp-content\/uploads\/2021\/05\/humberto-maturana.jpg","datePublished":"2021-05-28T14:28:25+00:00","description":"Na semana passada Humberto Maturana faleceu aos 92 anos. Ele fez contribui\u00e7\u00f5es significativas para o estudo, conhecimento e entendimento dos seres vivos.","breadcrumb":{"@id":"https:\/\/www.pressenza.com\/pt-pt\/2021\/05\/humberto-maturana-foi-pouco-escutado-e-compreendido-pelas-elites\/#breadcrumb"},"inLanguage":"pt-PT","potentialAction":[{"@type":"ReadAction","target":["https:\/\/www.pressenza.com\/pt-pt\/2021\/05\/humberto-maturana-foi-pouco-escutado-e-compreendido-pelas-elites\/"]}]},{"@type":"ImageObject","inLanguage":"pt-PT","@id":"https:\/\/www.pressenza.com\/pt-pt\/2021\/05\/humberto-maturana-foi-pouco-escutado-e-compreendido-pelas-elites\/#primaryimage","url":"https:\/\/www.pressenza.com\/wp-content\/uploads\/2021\/05\/humberto-maturana.jpg","contentUrl":"https:\/\/www.pressenza.com\/wp-content\/uploads\/2021\/05\/humberto-maturana.jpg","width":745,"height":494,"caption":"radio.uchile.cl"},{"@type":"BreadcrumbList","@id":"https:\/\/www.pressenza.com\/pt-pt\/2021\/05\/humberto-maturana-foi-pouco-escutado-e-compreendido-pelas-elites\/#breadcrumb","itemListElement":[{"@type":"ListItem","position":1,"name":"Accueil","item":"https:\/\/www.pressenza.com\/pt-pt\/"},{"@type":"ListItem","position":2,"name":"Humberto Maturana foi pouco escutado e compreendido pelas elites."}]},{"@type":"WebSite","@id":"https:\/\/www.pressenza.com\/pt-pt\/#website","url":"https:\/\/www.pressenza.com\/pt-pt\/","name":"Pressenza","description":"International Press Agency","publisher":{"@id":"https:\/\/www.pressenza.com\/pt-pt\/#organization"},"potentialAction":[{"@type":"SearchAction","target":{"@type":"EntryPoint","urlTemplate":"https:\/\/www.pressenza.com\/pt-pt\/?s={search_term_string}"},"query-input":{"@type":"PropertyValueSpecification","valueRequired":true,"valueName":"search_term_string"}}],"inLanguage":"pt-PT"},{"@type":"Organization","@id":"https:\/\/www.pressenza.com\/pt-pt\/#organization","name":"Pressenza","url":"https:\/\/www.pressenza.com\/pt-pt\/","logo":{"@type":"ImageObject","inLanguage":"pt-PT","@id":"https:\/\/www.pressenza.com\/pt-pt\/#\/schema\/logo\/image\/","url":"https:\/\/www.pressenza.com\/wp-content\/uploads\/2022\/10\/pressenza_logo_200x200.jpg","contentUrl":"https:\/\/www.pressenza.com\/wp-content\/uploads\/2022\/10\/pressenza_logo_200x200.jpg","width":200,"height":200,"caption":"Pressenza"},"image":{"@id":"https:\/\/www.pressenza.com\/pt-pt\/#\/schema\/logo\/image\/"},"sameAs":["https:\/\/www.facebook.com\/PressenzaItalia","https:\/\/x.com\/PressenzaIPA"]},{"@type":"Person","@id":"https:\/\/www.pressenza.com\/pt-pt\/#\/schema\/person\/62f77772bfcdd01e2cf156a471ba4ec5","name":"Marcelo Trivelli","description":"Engineer, consultant and columnist on current affairs, always providing a critical and reflective view that adds to the debate. Main topics: education, politics and society. He has held various positions, among others, in the public sector (former mayor of Santiago), in the third sector (founder and president of Fundaci\u00f3n Semilla) and also in the private sector as a director of companies.","url":"https:\/\/www.pressenza.com\/pt-pt\/author\/marcelo-trivelli\/"}]}},"place":"Santiago de Chile","original_article_url":"","_links":{"self":[{"href":"https:\/\/www.pressenza.com\/pt-pt\/wp-json\/wp\/v2\/posts\/1370330","targetHints":{"allow":["GET"]}}],"collection":[{"href":"https:\/\/www.pressenza.com\/pt-pt\/wp-json\/wp\/v2\/posts"}],"about":[{"href":"https:\/\/www.pressenza.com\/pt-pt\/wp-json\/wp\/v2\/types\/post"}],"author":[{"embeddable":true,"href":"https:\/\/www.pressenza.com\/pt-pt\/wp-json\/wp\/v2\/users\/1907"}],"replies":[{"embeddable":true,"href":"https:\/\/www.pressenza.com\/pt-pt\/wp-json\/wp\/v2\/comments?post=1370330"}],"version-history":[{"count":0,"href":"https:\/\/www.pressenza.com\/pt-pt\/wp-json\/wp\/v2\/posts\/1370330\/revisions"}],"wp:featuredmedia":[{"embeddable":true,"href":"https:\/\/www.pressenza.com\/pt-pt\/wp-json\/wp\/v2\/media\/1359346"}],"wp:attachment":[{"href":"https:\/\/www.pressenza.com\/pt-pt\/wp-json\/wp\/v2\/media?parent=1370330"}],"wp:term":[{"taxonomy":"category","embeddable":true,"href":"https:\/\/www.pressenza.com\/pt-pt\/wp-json\/wp\/v2\/categories?post=1370330"},{"taxonomy":"post_tag","embeddable":true,"href":"https:\/\/www.pressenza.com\/pt-pt\/wp-json\/wp\/v2\/tags?post=1370330"}],"curies":[{"name":"wp","href":"https:\/\/api.w.org\/{rel}","templated":true}]}}