{"id":1369884,"date":"2021-05-27T20:12:49","date_gmt":"2021-05-27T19:12:49","guid":{"rendered":"https:\/\/www.pressenza.com\/?p=1369884"},"modified":"2021-05-27T20:12:49","modified_gmt":"2021-05-27T19:12:49","slug":"nao-somos-como-eles","status":"publish","type":"post","link":"https:\/\/www.pressenza.com\/pt-pt\/2021\/05\/nao-somos-como-eles\/","title":{"rendered":"N\u00e3o somos como eles"},"content":{"rendered":"<h5><span style=\"color: #999999;\">REFLEX\u00c3O<\/span><\/h5>\n<p>&nbsp;<\/p>\n<p>&nbsp;<\/p>\n<p><em><strong>Por Paolo D&#8217;Aprile<\/strong><\/em><\/p>\n<p>&nbsp;<\/p>\n<p>&nbsp;<\/p>\n<p><span style=\"font-family: Times New Roman, serif;\"><span style=\"font-size: medium;\"><i>Chegamos ao limite, Bolsonaro tem que ser detido, <\/i><\/span><\/span><span style=\"font-family: Times New Roman, serif;\"><span style=\"font-size: medium;\">escreve Jos\u00e9 Dirceu. \u00c9 verdade, n\u00e3o d\u00e1 mais para aguentar: n\u00e3o d\u00e1 mais.<\/span><\/span><\/p>\n<p><span style=\"font-family: Times New Roman, serif;\"><span style=\"font-size: medium;\">Faltando um m\u00eas para a posse, escrevia eu um artigo em que, al\u00e9m de expressar o temor da deriva autorit\u00e1ria, dizia ter medo que as in\u00fameras amea\u00e7as proferidas durante a campanha eleitoral fossem se concretizar. O artigo prosseguia dizendo que no Brasil havia cinquenta e sete milh\u00f5es de pessoas dispostas a me torturar, me expulsar do pa\u00eds, me humilhar e at\u00e9 me matar. Escrevia tamb\u00e9m que os fascistas, sempre cumprem o que prometem: palavras de morte abrem caminhos sem volta. <\/span><\/span><\/p>\n<p><span style=\"font-family: Times New Roman, serif;\"><span style=\"font-size: medium;\">Dois anos e meio depois, minha profecia n\u00e3o se concretizou, fui desmentido pela realidade dos fatos, tudo aquilo que aconteceu foi mil vezes pior do que eu, e qualquer um de n\u00f3s, poderia imaginar. As cenas de horror, as montanhas de cad\u00e1veres, o esgar\u00e7amento dos la\u00e7os sociais, o desmonte sistem\u00e1tico das institui\u00e7\u00f5es, a viol\u00eancia policial, a coniv\u00eancia do judici\u00e1rio, o execr\u00e1vel comportamento das for\u00e7as armadas e seus chefes, a pandemia comendo as entranha do povo, o desemprego em massa, a mis\u00e9ria, a fome, o ataque frontal ao conv\u00edvio democr\u00e1tico, \u00e0 cidadania, ao meio ambiente, transformaram o nosso Pa\u00eds no cemit\u00e9rio do mundo. E n\u00f3s deixamos tudo isso acontecer. At\u00f4nitos, incr\u00e9dulos, imobilizados pela sucess\u00e3o dos acontecimentos, ficamos olhando impotentes ao avan\u00e7o daquela arquitetura da destrui\u00e7\u00e3o que, como o joelho asfixiante que cortou o ar de George Floyd, nos esmaga a garganta, tirando nossa voz e nossa dignidade. <\/span><\/span><\/p>\n<p><span style=\"font-family: Times New Roman, serif;\"><span style=\"font-size: medium;\">A Comiss\u00e3o Parlamentar de Inqu\u00e9rito deixou bem claro aquilo que j\u00e1 estava \u00e0 vista de todos, n\u00e3o precis\u00e1vamos dela para saber. Nesses longos anos nossa apatia, nossa incapacidade de mobiliza\u00e7\u00e3o, foi o tapete vermelho sobre o qual triunfou a politica de terra arrasada, anunciada pelo pr\u00f3prio Bolsonaro na sua primeira visita a Washington, em 17 de mar\u00e7o de 2019, quando, frente aos tubar\u00f5es do mercado financeiro, disse que <\/span><\/span><span style=\"font-family: Times New Roman, serif;\"><span style=\"font-size: medium;\"><i>\u201cO Brasil n\u00e3o \u00e9 um terreno aberto, onde n\u00f3s pretendemos construir coisas para o nosso povo,<\/i><\/span><\/span><i> <\/i><span style=\"font-family: Times New Roman, serif;\"><span style=\"font-size: medium;\"><i>n\u00f3s temos de desconstruir muita coisa, desfazer muita coisa para depois recome\u00e7armos a fazer<\/i><\/span><\/span><span style=\"font-family: Times New Roman, serif;\"><span style=\"font-size: medium;\">\u201d. De l\u00e1 pra c\u00e1, mais quatrocentos cinquenta mil mortos gritam seu espanto frente \u00e0 determina\u00e7\u00e3o c\u00ednica do governo e seus apoiadores.<\/span><\/span><\/p>\n<p><span style=\"font-family: Times New Roman, serif;\"><span style=\"font-size: medium;\">De l\u00e1 pra c\u00e1, a arquitetura da destrui\u00e7\u00e3o, a vontade de aniquilar nossa gente, se concretizou no negacionismo, no boicote, na sabotagem, no incentivo \u00e0 propaga\u00e7\u00e3o da pandemia, em cada declara\u00e7\u00e3o, em cada apari\u00e7\u00e3o p\u00fablica do presidente e seus sequazes.<\/span><\/span><\/p>\n<p><span style=\"font-family: Times New Roman, serif;\"><span style=\"font-size: medium;\">Hoje, quando <\/span><\/span><span style=\"font-family: Times New Roman, serif;\"><span style=\"font-size: medium;\"><i>chegamos ao limite e Bolsonaro tem que ser detido, <\/i><\/span><\/span><span style=\"font-family: Times New Roman, serif;\"><span style=\"font-size: medium;\">a oposi\u00e7\u00e3o institucional e os movimentos sociais, nos convocam a sair \u00e0s ruas, porque, dizem que somente a press\u00e3o popular \u00e9 capaz de derrubar o governo. Sim, naquelas&#8230; <\/span><\/span><\/p>\n<p><span style=\"font-family: Times New Roman, serif;\"><span style=\"font-size: medium;\"><i>N\u00e3o vai ter golpe<\/i><\/span><\/span><span style=\"font-family: Times New Roman, serif;\"><span style=\"font-size: medium;\">, gritamos por meses a fio nas ruas do pa\u00eds: e o golpe se abateu sobre n\u00f3s e a Presidenta Dilma por um impeachment fraudulento. <\/span><\/span><span style=\"font-family: Times New Roman, serif;\"><span style=\"font-size: medium;\"><i>Fora Temer<\/i><\/span><\/span><span style=\"font-family: Times New Roman, serif;\"><span style=\"font-size: medium;\">, continuamos a gritar, e o Vampir\u00e3o da Rep\u00fablica conseguiu terminar seu mandato, implantando a PEC dos gastos p\u00fablicos, a privatiza\u00e7\u00e3o do Pr\u00e9 Sal e a destrui\u00e7\u00e3o das leis trabalhistas. <\/span><\/span><span style=\"font-family: Times New Roman, serif;\"><span style=\"font-size: medium;\"><i>Ele N\u00e3o, Ele N\u00e3o<\/i><\/span><\/span><span style=\"font-family: Times New Roman, serif;\"><span style=\"font-size: medium;\">, gritamos at\u00e9 perder a voz. E ele veio. Desde a luta contra o impeachment da Presidenta Dilma, perdemos todas as batalhas, perdemos a n\u00edvel institucional e principalmente perdemos nas ruas. Ach\u00e1vamos que iriamos conseguir envolver o tioz\u00e3o do churrasco ou a tia do zap, sem perceber que eram eles o n\u00facleo duro do bolsonarismo, sem perceber que grande parte dos nossos familiares, vizinhos, colegas de trabalho, gostariam de nos ver mortos. O desprezo pela vida expressado em palavras e a\u00e7\u00f5es, faz o bolsonarismo descer \u00e0s ruas para demonstra\u00e7\u00f5es de for\u00e7a cujo conte\u00fado \u00e9 a propaganda da morte que se concretiza nos hospitais lotados e no sofrimento f\u00edsico do povo. <\/span><\/span><\/p>\n<p><span style=\"font-family: Times New Roman, serif;\"><span style=\"font-size: medium;\">Usar o mesmo meio, e a id\u00eantica forma de manifestar, ou seja, reunir-se para grandes passeatas e com\u00edcios, significa repetir o erro fat\u00eddico que nos trouxe at\u00e9 esse ponto: comportar-se e atuar como sempre foi feito e como sempre se faz em tempos de normalidade democr\u00e1tica: oposi\u00e7\u00e3o parlamentar, e para pressionar, manifesta\u00e7\u00f5es de rua. O problema reside no fato de que, desde o impeachment, essa mesma ordem democr\u00e1tica foi quebrada, como bem disse a presidenta Dilma no seu hist\u00f3rico discurso no senado federal: <\/span><\/span><span style=\"color: #313131;\"><span style=\"font-family: Times New Roman, serif;\"><span style=\"font-size: medium;\"><i>Agora, a ruptura democr\u00e1tica se d\u00e1 por meio da viol\u00eancia moral e de pretextos constitucionais para que se empreste apar\u00eancia de legitimidade ao governo que assume sem o amparo das urnas. Invoca-se a Constitui\u00e7\u00e3o para que o mundo das apar\u00eancias encubra hipocritamente o mundo dos fatos.<\/i><\/span><\/span><\/span><i> <\/i><\/p>\n<p><span style=\"color: #313131;\"><span style=\"font-family: Times New Roman, serif;\"><span style=\"font-size: large;\">Demos ao fascismo toda a legitimidade democr\u00e1tica para que pudesse implantar sua necropol\u00edtica. Menosprezamos sua for\u00e7a e sua capacidade de permear nas contradi\u00e7\u00f5es hist\u00f3ricas da sociedade brasileira. Deixamos que as mil\u00edcias tomassem os g\u00e2nglios do poder. E agora, essa mesma oposi\u00e7\u00e3o impotente convoca o povo no pior momento da pandemia, quando temos duas mil pessoas morrendo a cada dia, as UTIs lotadas e a nova variante indiana chegando. A oposi\u00e7\u00e3o e os movimento sociais convocam o povo da mesma forma como faz o nosso algoz. N\u00e3o gente, agora n\u00e3o. Temos o dever de n\u00e3o agir como ele. <\/span><\/span><\/span><\/p>\n<p><span style=\"color: #313131;\"><span style=\"font-family: Times New Roman, serif;\"><span style=\"font-size: large;\">Nossa rea\u00e7\u00e3o deveria apontar a outras dire\u00e7\u00f5es, inventar outras iniciativas, focando no ponto mais sens\u00edvel do caldo cultural bolsonarista, a classe empresarial, o nosso trabalho que continua produzindo riqueza para ela. S\u00f3 atrav\u00e9s do bloqueio da cadeia produtiva, nossa a\u00e7\u00e3o poderia adquirir dimens\u00f5es dr\u00e1sticas, somente com o boicote do sistema de trabalho, poder\u00edamos alcan\u00e7ar nossos objetivos. Existem mil formas de organiza\u00e7\u00e3o dos trabalhadores e de suas atividades para conseguir atingir a mec\u00e2nica do funcionamento do capital. Assim como o guarda da esquina pode se tornar o s\u00edmbolo da opress\u00e3o, cada lugar de trabalho, cada trabalhador, cada fun\u00e7\u00e3o pode se transformar em baluarte da resist\u00eancia. Hoje n\u00e3o podemos sair \u00e0s ruas, fora a vacina, a \u00fanica defesa que n\u00f3s temos \u00e9 ficar em casa, respeitar o distanciamento. Como podemos invocar o lockdown t\u00e3o necess\u00e1rio se formos n\u00f3s mesmos a n\u00e3o respeit\u00e1-lo?<\/span><\/span><\/span><\/p>\n<p><span style=\"color: #313131;\"><span style=\"font-family: Times New Roman, serif;\"><span style=\"font-size: large;\">Amigas e amigos, a batalha contra o fascismo vai ser longa e dif\u00edcil. Concordo com Jos\u00e9 Dirceu, chegamos ao limite. Resistir \u00e9 preciso! Mas n\u00e3o nas ruas, agora n\u00e3o. N\u00f3s n\u00e3o somos como eles.<\/span><\/span><\/span><\/p>\n<p><span style=\"color: #313131;\"><span style=\"font-family: Times New Roman, serif;\"><span style=\"font-size: large;\">A Hist\u00f3ria ensina que no fim os fascistas sempre perdem. E o castigo ser\u00e1 implac\u00e1vel.<\/span><\/span><\/span><\/p>\n","protected":false},"excerpt":{"rendered":"<p>REFLEX\u00c3O &nbsp; &nbsp; Por Paolo D&#8217;Aprile &nbsp; &nbsp; Chegamos ao limite, Bolsonaro tem que ser detido, escreve Jos\u00e9 Dirceu. \u00c9 verdade, n\u00e3o d\u00e1 mais para aguentar: n\u00e3o d\u00e1 mais. Faltando um m\u00eas para a posse, escrevia eu um artigo em&hellip;<\/p>\n","protected":false},"author":1567,"featured_media":1369885,"comment_status":"closed","ping_status":"closed","sticky":false,"template":"","format":"standard","meta":{"footnotes":""},"categories":[104,11390,116,165,111,1253],"tags":[5204,6563,90242],"class_list":["post-1369884","post","type-post","status-publish","format-standard","has-post-thumbnail","hentry","category-america-do-sul","category-conteudo-original","category-direitos-humanos","category-opiniao","category-politica-pt-pt","category-saude","tag-direitos-humanos","tag-opiniao-2","tag-reflexao"],"yoast_head":"<!-- This site is optimized with the Yoast SEO plugin v27.1.1 - https:\/\/yoast.com\/product\/yoast-seo-wordpress\/ -->\n<title>N\u00e3o somos como eles<\/title>\n<meta name=\"description\" content=\"REFLEX\u00c3O &nbsp; &nbsp; Por Paolo D&#039;Aprile &nbsp; &nbsp; Chegamos ao limite, Bolsonaro tem que ser detido, escreve Jos\u00e9 Dirceu. \u00c9 verdade, n\u00e3o d\u00e1 mais para\" \/>\n<meta name=\"robots\" content=\"index, follow, max-snippet:-1, max-image-preview:large, max-video-preview:-1\" \/>\n<link rel=\"canonical\" href=\"https:\/\/www.pressenza.com\/pt-pt\/2021\/05\/nao-somos-como-eles\/\" \/>\n<meta property=\"og:locale\" content=\"pt_PT\" \/>\n<meta property=\"og:type\" content=\"article\" \/>\n<meta property=\"og:title\" content=\"N\u00e3o somos como eles\" \/>\n<meta property=\"og:description\" content=\"REFLEX\u00c3O &nbsp; &nbsp; Por Paolo D&#039;Aprile &nbsp; &nbsp; Chegamos ao limite, Bolsonaro tem que ser detido, escreve Jos\u00e9 Dirceu. \u00c9 verdade, n\u00e3o d\u00e1 mais para\" \/>\n<meta property=\"og:url\" content=\"https:\/\/www.pressenza.com\/pt-pt\/2021\/05\/nao-somos-como-eles\/\" \/>\n<meta property=\"og:site_name\" content=\"Pressenza\" \/>\n<meta property=\"article:publisher\" content=\"https:\/\/www.facebook.com\/PressenzaItalia\" \/>\n<meta property=\"article:published_time\" content=\"2021-05-27T19:12:49+00:00\" \/>\n<meta property=\"og:image\" content=\"https:\/\/www.pressenza.com\/wp-content\/uploads\/2021\/05\/valdir.jpg\" \/>\n\t<meta property=\"og:image:width\" content=\"1440\" \/>\n\t<meta property=\"og:image:height\" content=\"753\" \/>\n\t<meta property=\"og:image:type\" content=\"image\/jpeg\" \/>\n<meta name=\"author\" content=\"Paolo D&#039;Aprile\" \/>\n<meta name=\"twitter:card\" content=\"summary_large_image\" \/>\n<meta name=\"twitter:creator\" content=\"@PressenzaIPA\" \/>\n<meta name=\"twitter:site\" content=\"@PressenzaIPA\" \/>\n<meta name=\"twitter:label1\" content=\"Escrito por\" \/>\n\t<meta name=\"twitter:data1\" content=\"Paolo D&#039;Aprile\" \/>\n\t<meta name=\"twitter:label2\" content=\"Tempo estimado de leitura\" \/>\n\t<meta name=\"twitter:data2\" content=\"6 minutos\" \/>\n<script type=\"application\/ld+json\" class=\"yoast-schema-graph\">{\"@context\":\"https:\/\/schema.org\",\"@graph\":[{\"@type\":\"Article\",\"@id\":\"https:\/\/www.pressenza.com\/pt-pt\/2021\/05\/nao-somos-como-eles\/#article\",\"isPartOf\":{\"@id\":\"https:\/\/www.pressenza.com\/pt-pt\/2021\/05\/nao-somos-como-eles\/\"},\"author\":{\"name\":\"Paolo D'Aprile\",\"@id\":\"https:\/\/www.pressenza.com\/pt-pt\/#\/schema\/person\/b7683f6cc5b4992d9641abb1dd2b2c7a\"},\"headline\":\"N\u00e3o somos como eles\",\"datePublished\":\"2021-05-27T19:12:49+00:00\",\"mainEntityOfPage\":{\"@id\":\"https:\/\/www.pressenza.com\/pt-pt\/2021\/05\/nao-somos-como-eles\/\"},\"wordCount\":1162,\"publisher\":{\"@id\":\"https:\/\/www.pressenza.com\/pt-pt\/#organization\"},\"image\":{\"@id\":\"https:\/\/www.pressenza.com\/pt-pt\/2021\/05\/nao-somos-como-eles\/#primaryimage\"},\"thumbnailUrl\":\"https:\/\/www.pressenza.com\/wp-content\/uploads\/2021\/05\/valdir.jpg\",\"keywords\":[\"direitos humanos\",\"opini\u00e3o\",\"reflex\u00e3o\"],\"articleSection\":[\"\u00c1m\u00e9rica do Sul\",\"Conte\u00fado Original\",\"Direitos Humanos\",\"Opini\u00e3o\",\"Pol\u00edtica\",\"Sa\u00fade\"],\"inLanguage\":\"pt-PT\"},{\"@type\":\"WebPage\",\"@id\":\"https:\/\/www.pressenza.com\/pt-pt\/2021\/05\/nao-somos-como-eles\/\",\"url\":\"https:\/\/www.pressenza.com\/pt-pt\/2021\/05\/nao-somos-como-eles\/\",\"name\":\"N\u00e3o somos como eles\",\"isPartOf\":{\"@id\":\"https:\/\/www.pressenza.com\/pt-pt\/#website\"},\"primaryImageOfPage\":{\"@id\":\"https:\/\/www.pressenza.com\/pt-pt\/2021\/05\/nao-somos-como-eles\/#primaryimage\"},\"image\":{\"@id\":\"https:\/\/www.pressenza.com\/pt-pt\/2021\/05\/nao-somos-como-eles\/#primaryimage\"},\"thumbnailUrl\":\"https:\/\/www.pressenza.com\/wp-content\/uploads\/2021\/05\/valdir.jpg\",\"datePublished\":\"2021-05-27T19:12:49+00:00\",\"description\":\"REFLEX\u00c3O &nbsp; &nbsp; Por Paolo D'Aprile &nbsp; &nbsp; Chegamos ao limite, Bolsonaro tem que ser detido, escreve Jos\u00e9 Dirceu. \u00c9 verdade, n\u00e3o d\u00e1 mais para\",\"breadcrumb\":{\"@id\":\"https:\/\/www.pressenza.com\/pt-pt\/2021\/05\/nao-somos-como-eles\/#breadcrumb\"},\"inLanguage\":\"pt-PT\",\"potentialAction\":[{\"@type\":\"ReadAction\",\"target\":[\"https:\/\/www.pressenza.com\/pt-pt\/2021\/05\/nao-somos-como-eles\/\"]}]},{\"@type\":\"ImageObject\",\"inLanguage\":\"pt-PT\",\"@id\":\"https:\/\/www.pressenza.com\/pt-pt\/2021\/05\/nao-somos-como-eles\/#primaryimage\",\"url\":\"https:\/\/www.pressenza.com\/wp-content\/uploads\/2021\/05\/valdir.jpg\",\"contentUrl\":\"https:\/\/www.pressenza.com\/wp-content\/uploads\/2021\/05\/valdir.jpg\",\"width\":1440,\"height\":753},{\"@type\":\"BreadcrumbList\",\"@id\":\"https:\/\/www.pressenza.com\/pt-pt\/2021\/05\/nao-somos-como-eles\/#breadcrumb\",\"itemListElement\":[{\"@type\":\"ListItem\",\"position\":1,\"name\":\"Accueil\",\"item\":\"https:\/\/www.pressenza.com\/pt-pt\/\"},{\"@type\":\"ListItem\",\"position\":2,\"name\":\"N\u00e3o somos como eles\"}]},{\"@type\":\"WebSite\",\"@id\":\"https:\/\/www.pressenza.com\/pt-pt\/#website\",\"url\":\"https:\/\/www.pressenza.com\/pt-pt\/\",\"name\":\"Pressenza\",\"description\":\"International Press Agency\",\"publisher\":{\"@id\":\"https:\/\/www.pressenza.com\/pt-pt\/#organization\"},\"potentialAction\":[{\"@type\":\"SearchAction\",\"target\":{\"@type\":\"EntryPoint\",\"urlTemplate\":\"https:\/\/www.pressenza.com\/pt-pt\/?s={search_term_string}\"},\"query-input\":{\"@type\":\"PropertyValueSpecification\",\"valueRequired\":true,\"valueName\":\"search_term_string\"}}],\"inLanguage\":\"pt-PT\"},{\"@type\":\"Organization\",\"@id\":\"https:\/\/www.pressenza.com\/pt-pt\/#organization\",\"name\":\"Pressenza\",\"url\":\"https:\/\/www.pressenza.com\/pt-pt\/\",\"logo\":{\"@type\":\"ImageObject\",\"inLanguage\":\"pt-PT\",\"@id\":\"https:\/\/www.pressenza.com\/pt-pt\/#\/schema\/logo\/image\/\",\"url\":\"https:\/\/www.pressenza.com\/wp-content\/uploads\/2022\/10\/pressenza_logo_200x200.jpg\",\"contentUrl\":\"https:\/\/www.pressenza.com\/wp-content\/uploads\/2022\/10\/pressenza_logo_200x200.jpg\",\"width\":200,\"height\":200,\"caption\":\"Pressenza\"},\"image\":{\"@id\":\"https:\/\/www.pressenza.com\/pt-pt\/#\/schema\/logo\/image\/\"},\"sameAs\":[\"https:\/\/www.facebook.com\/PressenzaItalia\",\"https:\/\/x.com\/PressenzaIPA\"]},{\"@type\":\"Person\",\"@id\":\"https:\/\/www.pressenza.com\/pt-pt\/#\/schema\/person\/b7683f6cc5b4992d9641abb1dd2b2c7a\",\"name\":\"Paolo D'Aprile\",\"description\":\"Nasco nel 1963... sono un uomo di mezza et\u00e0! Vivo a S\u00e3o Paulo dal 1989 e il mio lavoro di fisioterapista mi ha portato in contatto con le situazioni estreme della citt\u00e0, dalle favelas ai \\\"meninos de rua\\\". Ho partecipato a vari progetti di inclusione attraverso l'esercizio dei diritti civili. Da grande voglio fare il calciatore, l'astronauta e il pompiere.\",\"url\":\"https:\/\/www.pressenza.com\/pt-pt\/author\/paolo-daprile\/\"}]}<\/script>\n<!-- \/ Yoast SEO plugin. -->","yoast_head_json":{"title":"N\u00e3o somos como eles","description":"REFLEX\u00c3O &nbsp; &nbsp; Por Paolo D'Aprile &nbsp; &nbsp; Chegamos ao limite, Bolsonaro tem que ser detido, escreve Jos\u00e9 Dirceu. \u00c9 verdade, n\u00e3o d\u00e1 mais para","robots":{"index":"index","follow":"follow","max-snippet":"max-snippet:-1","max-image-preview":"max-image-preview:large","max-video-preview":"max-video-preview:-1"},"canonical":"https:\/\/www.pressenza.com\/pt-pt\/2021\/05\/nao-somos-como-eles\/","og_locale":"pt_PT","og_type":"article","og_title":"N\u00e3o somos como eles","og_description":"REFLEX\u00c3O &nbsp; &nbsp; Por Paolo D'Aprile &nbsp; &nbsp; Chegamos ao limite, Bolsonaro tem que ser detido, escreve Jos\u00e9 Dirceu. \u00c9 verdade, n\u00e3o d\u00e1 mais para","og_url":"https:\/\/www.pressenza.com\/pt-pt\/2021\/05\/nao-somos-como-eles\/","og_site_name":"Pressenza","article_publisher":"https:\/\/www.facebook.com\/PressenzaItalia","article_published_time":"2021-05-27T19:12:49+00:00","og_image":[{"width":1440,"height":753,"url":"https:\/\/www.pressenza.com\/wp-content\/uploads\/2021\/05\/valdir.jpg","type":"image\/jpeg"}],"author":"Paolo D'Aprile","twitter_card":"summary_large_image","twitter_creator":"@PressenzaIPA","twitter_site":"@PressenzaIPA","twitter_misc":{"Escrito por":"Paolo D'Aprile","Tempo estimado de leitura":"6 minutos"},"schema":{"@context":"https:\/\/schema.org","@graph":[{"@type":"Article","@id":"https:\/\/www.pressenza.com\/pt-pt\/2021\/05\/nao-somos-como-eles\/#article","isPartOf":{"@id":"https:\/\/www.pressenza.com\/pt-pt\/2021\/05\/nao-somos-como-eles\/"},"author":{"name":"Paolo D'Aprile","@id":"https:\/\/www.pressenza.com\/pt-pt\/#\/schema\/person\/b7683f6cc5b4992d9641abb1dd2b2c7a"},"headline":"N\u00e3o somos como eles","datePublished":"2021-05-27T19:12:49+00:00","mainEntityOfPage":{"@id":"https:\/\/www.pressenza.com\/pt-pt\/2021\/05\/nao-somos-como-eles\/"},"wordCount":1162,"publisher":{"@id":"https:\/\/www.pressenza.com\/pt-pt\/#organization"},"image":{"@id":"https:\/\/www.pressenza.com\/pt-pt\/2021\/05\/nao-somos-como-eles\/#primaryimage"},"thumbnailUrl":"https:\/\/www.pressenza.com\/wp-content\/uploads\/2021\/05\/valdir.jpg","keywords":["direitos humanos","opini\u00e3o","reflex\u00e3o"],"articleSection":["\u00c1m\u00e9rica do Sul","Conte\u00fado Original","Direitos Humanos","Opini\u00e3o","Pol\u00edtica","Sa\u00fade"],"inLanguage":"pt-PT"},{"@type":"WebPage","@id":"https:\/\/www.pressenza.com\/pt-pt\/2021\/05\/nao-somos-como-eles\/","url":"https:\/\/www.pressenza.com\/pt-pt\/2021\/05\/nao-somos-como-eles\/","name":"N\u00e3o somos como eles","isPartOf":{"@id":"https:\/\/www.pressenza.com\/pt-pt\/#website"},"primaryImageOfPage":{"@id":"https:\/\/www.pressenza.com\/pt-pt\/2021\/05\/nao-somos-como-eles\/#primaryimage"},"image":{"@id":"https:\/\/www.pressenza.com\/pt-pt\/2021\/05\/nao-somos-como-eles\/#primaryimage"},"thumbnailUrl":"https:\/\/www.pressenza.com\/wp-content\/uploads\/2021\/05\/valdir.jpg","datePublished":"2021-05-27T19:12:49+00:00","description":"REFLEX\u00c3O &nbsp; &nbsp; Por Paolo D'Aprile &nbsp; &nbsp; Chegamos ao limite, Bolsonaro tem que ser detido, escreve Jos\u00e9 Dirceu. \u00c9 verdade, n\u00e3o d\u00e1 mais para","breadcrumb":{"@id":"https:\/\/www.pressenza.com\/pt-pt\/2021\/05\/nao-somos-como-eles\/#breadcrumb"},"inLanguage":"pt-PT","potentialAction":[{"@type":"ReadAction","target":["https:\/\/www.pressenza.com\/pt-pt\/2021\/05\/nao-somos-como-eles\/"]}]},{"@type":"ImageObject","inLanguage":"pt-PT","@id":"https:\/\/www.pressenza.com\/pt-pt\/2021\/05\/nao-somos-como-eles\/#primaryimage","url":"https:\/\/www.pressenza.com\/wp-content\/uploads\/2021\/05\/valdir.jpg","contentUrl":"https:\/\/www.pressenza.com\/wp-content\/uploads\/2021\/05\/valdir.jpg","width":1440,"height":753},{"@type":"BreadcrumbList","@id":"https:\/\/www.pressenza.com\/pt-pt\/2021\/05\/nao-somos-como-eles\/#breadcrumb","itemListElement":[{"@type":"ListItem","position":1,"name":"Accueil","item":"https:\/\/www.pressenza.com\/pt-pt\/"},{"@type":"ListItem","position":2,"name":"N\u00e3o somos como eles"}]},{"@type":"WebSite","@id":"https:\/\/www.pressenza.com\/pt-pt\/#website","url":"https:\/\/www.pressenza.com\/pt-pt\/","name":"Pressenza","description":"International Press Agency","publisher":{"@id":"https:\/\/www.pressenza.com\/pt-pt\/#organization"},"potentialAction":[{"@type":"SearchAction","target":{"@type":"EntryPoint","urlTemplate":"https:\/\/www.pressenza.com\/pt-pt\/?s={search_term_string}"},"query-input":{"@type":"PropertyValueSpecification","valueRequired":true,"valueName":"search_term_string"}}],"inLanguage":"pt-PT"},{"@type":"Organization","@id":"https:\/\/www.pressenza.com\/pt-pt\/#organization","name":"Pressenza","url":"https:\/\/www.pressenza.com\/pt-pt\/","logo":{"@type":"ImageObject","inLanguage":"pt-PT","@id":"https:\/\/www.pressenza.com\/pt-pt\/#\/schema\/logo\/image\/","url":"https:\/\/www.pressenza.com\/wp-content\/uploads\/2022\/10\/pressenza_logo_200x200.jpg","contentUrl":"https:\/\/www.pressenza.com\/wp-content\/uploads\/2022\/10\/pressenza_logo_200x200.jpg","width":200,"height":200,"caption":"Pressenza"},"image":{"@id":"https:\/\/www.pressenza.com\/pt-pt\/#\/schema\/logo\/image\/"},"sameAs":["https:\/\/www.facebook.com\/PressenzaItalia","https:\/\/x.com\/PressenzaIPA"]},{"@type":"Person","@id":"https:\/\/www.pressenza.com\/pt-pt\/#\/schema\/person\/b7683f6cc5b4992d9641abb1dd2b2c7a","name":"Paolo D'Aprile","description":"Nasco nel 1963... sono un uomo di mezza et\u00e0! Vivo a S\u00e3o Paulo dal 1989 e il mio lavoro di fisioterapista mi ha portato in contatto con le situazioni estreme della citt\u00e0, dalle favelas ai \"meninos de rua\". Ho partecipato a vari progetti di inclusione attraverso l'esercizio dei diritti civili. Da grande voglio fare il calciatore, l'astronauta e il pompiere.","url":"https:\/\/www.pressenza.com\/pt-pt\/author\/paolo-daprile\/"}]}},"place":"S\u00e3o Paulo, SP","original_article_url":"","_links":{"self":[{"href":"https:\/\/www.pressenza.com\/pt-pt\/wp-json\/wp\/v2\/posts\/1369884","targetHints":{"allow":["GET"]}}],"collection":[{"href":"https:\/\/www.pressenza.com\/pt-pt\/wp-json\/wp\/v2\/posts"}],"about":[{"href":"https:\/\/www.pressenza.com\/pt-pt\/wp-json\/wp\/v2\/types\/post"}],"author":[{"embeddable":true,"href":"https:\/\/www.pressenza.com\/pt-pt\/wp-json\/wp\/v2\/users\/1567"}],"replies":[{"embeddable":true,"href":"https:\/\/www.pressenza.com\/pt-pt\/wp-json\/wp\/v2\/comments?post=1369884"}],"version-history":[{"count":0,"href":"https:\/\/www.pressenza.com\/pt-pt\/wp-json\/wp\/v2\/posts\/1369884\/revisions"}],"wp:featuredmedia":[{"embeddable":true,"href":"https:\/\/www.pressenza.com\/pt-pt\/wp-json\/wp\/v2\/media\/1369885"}],"wp:attachment":[{"href":"https:\/\/www.pressenza.com\/pt-pt\/wp-json\/wp\/v2\/media?parent=1369884"}],"wp:term":[{"taxonomy":"category","embeddable":true,"href":"https:\/\/www.pressenza.com\/pt-pt\/wp-json\/wp\/v2\/categories?post=1369884"},{"taxonomy":"post_tag","embeddable":true,"href":"https:\/\/www.pressenza.com\/pt-pt\/wp-json\/wp\/v2\/tags?post=1369884"}],"curies":[{"name":"wp","href":"https:\/\/api.w.org\/{rel}","templated":true}]}}