{"id":1366029,"date":"2021-05-22T02:20:13","date_gmt":"2021-05-22T01:20:13","guid":{"rendered":"https:\/\/www.pressenza.com\/?p=1366029"},"modified":"2021-05-22T02:20:13","modified_gmt":"2021-05-22T01:20:13","slug":"o-ambiente-esta-toxico","status":"publish","type":"post","link":"https:\/\/www.pressenza.com\/pt-pt\/2021\/05\/o-ambiente-esta-toxico\/","title":{"rendered":"O ambiente est\u00e1 t\u00f3xico"},"content":{"rendered":"<p><span style=\"font-weight: 400;\">A conviv\u00eancia se deteriorou significativamente nos \u00faltimos tempos em todas as \u00e1reas da sociedade. As pessoas est\u00e3o mais agressivas, as institui\u00e7\u00f5es n\u00e3o parecem estar funcionando, cada grupo pressiona por seus pr\u00f3prios interesses, as redes sociais evidenciam tudo e a m\u00eddia \u00e9 um espelho do cotidiano. Em outras palavras: \u201cO ambiente est\u00e1 t\u00f3xico\u201d.<\/span><\/p>\n<p><span style=\"font-weight: 400;\">Embora haja coincid\u00eancia no diagn\u00f3stico do que est\u00e1 acontecendo, n\u00e3o h\u00e1 coincid\u00eancia em suas causas. Cada um pede aos outros que mudem de sua atitude, pregando de um p\u00falpito ao qual somente os detentores da verdade t\u00eam acesso. Vemos na diversidade e na diverg\u00eancia uma amea\u00e7a \u00e0 nossa maneira de ser e de viver, em vez de aprender que, ao integrarmos, consolidamos uma verdadeira comunidade. \u00c9 poss\u00edvel estender isto \u00e0 sociedade? \u00c9 claro que sim.<\/span><\/p>\n<p><span style=\"font-weight: 400;\">A n\u00edvel da comunidade na Fundaci\u00f3n Semilla trabalhamos no ambiente escolar e nosso trabalho de conviv\u00eancia e cidadania come\u00e7a incentivando uma conversa que define o que \u00e9 a viol\u00eancia e como frase provocativa, afirmamos que: \u201co ant\u00f4nimo de viol\u00eancia \u00e9 conviv\u00eancia\u201d.<\/span><\/p>\n<p><span style=\"font-weight: 400;\">Come\u00e7amos analisando a defini\u00e7\u00e3o que nos foi dada pela Real Academia Espanhola (RAE) cujo dicion\u00e1rio diz: \u201cDito de uma pessoa: que age com impulso e for\u00e7a e se deixa levar pela raiva\u201d. A opini\u00e3o de professores, profissionais da educa\u00e7\u00e3o e de estudantes, a respeito desta defini\u00e7\u00e3o \u00e9 un\u00e2nime: \u00e9 uma defini\u00e7\u00e3o restritiva que n\u00e3o leva em conta do que realmente \u00e9 a viol\u00eancia.<\/span><\/p>\n<p><span style=\"font-weight: 400;\">Chegamos a concordar que a seguinte defini\u00e7\u00e3o de viol\u00eancia nos ajuda a entender melhor as rela\u00e7\u00f5es entre as pessoas, assim como os c\u00edrculos virtuosos de boa conviv\u00eancia, como espirais de viol\u00eancia que terminam em uma deteriora\u00e7\u00e3o geral das rela\u00e7\u00f5es humanas.<\/span><\/p>\n<p><span style=\"font-weight: 400;\">Viol\u00eancia: \u201cAbuso de poder para dominar, submeter, impor, subjugar, humilhar, vencer, oprimir, obrigar, ofender, degradar, denegrir, desonrar, minar, discriminar&#8230; a outra pessoa ou grupo de pessoas\u201d.<\/span><\/p>\n<p><span style=\"font-weight: 400;\">Estender esta maneira de entender a viol\u00eancia \u00e0 sociedade, nos convida a olhar para n\u00f3s mesmos e refletir sobre nosso comportamento. Somos ou n\u00e3o abusadores? Aproveitamos a posi\u00e7\u00e3o em que estamos? Na maioria das vezes n\u00e3o temos consci\u00eancia do poder que temos nem de como o administramos: o poder do homem na cultura patriarcal, o poder que nos foi dado o ber\u00e7o em que nascemos, a cor da pele em um pa\u00eds racista, o poder do dinheiro ou simplesmente o poder obtido da comunidade.<\/span><\/p>\n<p><span style=\"font-weight: 400;\">Este \u00e9 um convite para mudar o olhar, para iniciar uma introspec\u00e7\u00e3o pessoal e que pessoas tenham coragem a assumir a lideran\u00e7a que, com seu exemplo, exige uma constru\u00e7\u00e3o de uma sociedade livre de abusos a fim de acabar com o clima ambiente t\u00f3xico em que estamos.<\/span><\/p>\n<hr \/>\n<p><em><span style=\"font-weight: 400;\">Traduzido do espanhol para o portugu\u00eas por <\/span><span style=\"font-weight: 400;\">Ivy Miravalles \/<\/span><span style=\"font-weight: 400;\">\u00a0Revisado por Tatiana Elizabeth<\/span><\/em><\/p>\n","protected":false},"excerpt":{"rendered":"<p>A conviv\u00eancia se deteriorou significativamente nos \u00faltimos tempos em todas as \u00e1reas da sociedade. As pessoas est\u00e3o mais agressivas, as institui\u00e7\u00f5es n\u00e3o parecem estar funcionando, cada grupo pressiona por seus pr\u00f3prios interesses, as redes sociais evidenciam tudo e a m\u00eddia&hellip;<\/p>\n","protected":false},"author":1907,"featured_media":1353848,"comment_status":"closed","ping_status":"closed","sticky":false,"template":"","format":"standard","meta":{"footnotes":""},"categories":[11390,42,1256,165],"tags":[59201,91254,2887],"class_list":["post-1366029","post","type-post","status-publish","format-standard","has-post-thumbnail","hentry","category-conteudo-original","category-internacional-2","category-nao-violencia","category-opiniao","tag-convivencia-pt-pt","tag-fundacao-semente","tag-violencia-pt-pt"],"yoast_head":"<!-- This site is optimized with the Yoast SEO plugin v27.1.1 - https:\/\/yoast.com\/product\/yoast-seo-wordpress\/ -->\n<title>O ambiente est\u00e1 t\u00f3xico<\/title>\n<meta name=\"description\" content=\"A conviv\u00eancia se deteriorou significativamente nos \u00faltimos tempos em todas as \u00e1reas da sociedade. As pessoas est\u00e3o mais agressivas, as institui\u00e7\u00f5es n\u00e3o\" \/>\n<meta name=\"robots\" content=\"index, follow, max-snippet:-1, max-image-preview:large, max-video-preview:-1\" \/>\n<link rel=\"canonical\" href=\"https:\/\/www.pressenza.com\/pt-pt\/2021\/05\/o-ambiente-esta-toxico\/\" \/>\n<meta property=\"og:locale\" content=\"pt_PT\" \/>\n<meta property=\"og:type\" content=\"article\" \/>\n<meta property=\"og:title\" content=\"O ambiente est\u00e1 t\u00f3xico\" \/>\n<meta property=\"og:description\" content=\"A conviv\u00eancia se deteriorou significativamente nos \u00faltimos tempos em todas as \u00e1reas da sociedade. As pessoas est\u00e3o mais agressivas, as institui\u00e7\u00f5es n\u00e3o\" \/>\n<meta property=\"og:url\" content=\"https:\/\/www.pressenza.com\/pt-pt\/2021\/05\/o-ambiente-esta-toxico\/\" \/>\n<meta property=\"og:site_name\" content=\"Pressenza\" \/>\n<meta property=\"article:publisher\" content=\"https:\/\/www.facebook.com\/PressenzaItalia\" \/>\n<meta property=\"article:published_time\" content=\"2021-05-22T01:20:13+00:00\" \/>\n<meta property=\"og:image\" content=\"https:\/\/www.pressenza.com\/wp-content\/uploads\/2021\/05\/2020-El-Remanso.jpeg\" \/>\n\t<meta property=\"og:image:width\" content=\"1839\" \/>\n\t<meta property=\"og:image:height\" content=\"1440\" \/>\n\t<meta property=\"og:image:type\" content=\"image\/jpeg\" \/>\n<meta name=\"author\" content=\"Marcelo Trivelli\" \/>\n<meta name=\"twitter:card\" content=\"summary_large_image\" \/>\n<meta name=\"twitter:creator\" content=\"@PressenzaIPA\" \/>\n<meta name=\"twitter:site\" content=\"@PressenzaIPA\" \/>\n<meta name=\"twitter:label1\" content=\"Escrito por\" \/>\n\t<meta name=\"twitter:data1\" content=\"Marcelo Trivelli\" \/>\n\t<meta name=\"twitter:label2\" content=\"Tempo estimado de leitura\" \/>\n\t<meta name=\"twitter:data2\" content=\"2 minutos\" \/>\n<script type=\"application\/ld+json\" class=\"yoast-schema-graph\">{\"@context\":\"https:\/\/schema.org\",\"@graph\":[{\"@type\":\"Article\",\"@id\":\"https:\/\/www.pressenza.com\/pt-pt\/2021\/05\/o-ambiente-esta-toxico\/#article\",\"isPartOf\":{\"@id\":\"https:\/\/www.pressenza.com\/pt-pt\/2021\/05\/o-ambiente-esta-toxico\/\"},\"author\":{\"name\":\"Marcelo Trivelli\",\"@id\":\"https:\/\/www.pressenza.com\/pt-pt\/#\/schema\/person\/62f77772bfcdd01e2cf156a471ba4ec5\"},\"headline\":\"O ambiente est\u00e1 t\u00f3xico\",\"datePublished\":\"2021-05-22T01:20:13+00:00\",\"mainEntityOfPage\":{\"@id\":\"https:\/\/www.pressenza.com\/pt-pt\/2021\/05\/o-ambiente-esta-toxico\/\"},\"wordCount\":491,\"publisher\":{\"@id\":\"https:\/\/www.pressenza.com\/pt-pt\/#organization\"},\"image\":{\"@id\":\"https:\/\/www.pressenza.com\/pt-pt\/2021\/05\/o-ambiente-esta-toxico\/#primaryimage\"},\"thumbnailUrl\":\"https:\/\/www.pressenza.com\/wp-content\/uploads\/2021\/05\/2020-El-Remanso.jpeg\",\"keywords\":[\"convivencia\",\"Funda\u00e7\u00e3o Semente\",\"viol\u00eancia\"],\"articleSection\":[\"Conte\u00fado Original\",\"Internacional\",\"N\u00e3o viol\u00eancia\",\"Opini\u00e3o\"],\"inLanguage\":\"pt-PT\"},{\"@type\":\"WebPage\",\"@id\":\"https:\/\/www.pressenza.com\/pt-pt\/2021\/05\/o-ambiente-esta-toxico\/\",\"url\":\"https:\/\/www.pressenza.com\/pt-pt\/2021\/05\/o-ambiente-esta-toxico\/\",\"name\":\"O ambiente est\u00e1 t\u00f3xico\",\"isPartOf\":{\"@id\":\"https:\/\/www.pressenza.com\/pt-pt\/#website\"},\"primaryImageOfPage\":{\"@id\":\"https:\/\/www.pressenza.com\/pt-pt\/2021\/05\/o-ambiente-esta-toxico\/#primaryimage\"},\"image\":{\"@id\":\"https:\/\/www.pressenza.com\/pt-pt\/2021\/05\/o-ambiente-esta-toxico\/#primaryimage\"},\"thumbnailUrl\":\"https:\/\/www.pressenza.com\/wp-content\/uploads\/2021\/05\/2020-El-Remanso.jpeg\",\"datePublished\":\"2021-05-22T01:20:13+00:00\",\"description\":\"A conviv\u00eancia se deteriorou significativamente nos \u00faltimos tempos em todas as \u00e1reas da sociedade. As pessoas est\u00e3o mais agressivas, as institui\u00e7\u00f5es n\u00e3o\",\"breadcrumb\":{\"@id\":\"https:\/\/www.pressenza.com\/pt-pt\/2021\/05\/o-ambiente-esta-toxico\/#breadcrumb\"},\"inLanguage\":\"pt-PT\",\"potentialAction\":[{\"@type\":\"ReadAction\",\"target\":[\"https:\/\/www.pressenza.com\/pt-pt\/2021\/05\/o-ambiente-esta-toxico\/\"]}]},{\"@type\":\"ImageObject\",\"inLanguage\":\"pt-PT\",\"@id\":\"https:\/\/www.pressenza.com\/pt-pt\/2021\/05\/o-ambiente-esta-toxico\/#primaryimage\",\"url\":\"https:\/\/www.pressenza.com\/wp-content\/uploads\/2021\/05\/2020-El-Remanso.jpeg\",\"contentUrl\":\"https:\/\/www.pressenza.com\/wp-content\/uploads\/2021\/05\/2020-El-Remanso.jpeg\",\"width\":1839,\"height\":1440,\"caption\":\"Bo Lind Knudsen\"},{\"@type\":\"BreadcrumbList\",\"@id\":\"https:\/\/www.pressenza.com\/pt-pt\/2021\/05\/o-ambiente-esta-toxico\/#breadcrumb\",\"itemListElement\":[{\"@type\":\"ListItem\",\"position\":1,\"name\":\"Accueil\",\"item\":\"https:\/\/www.pressenza.com\/pt-pt\/\"},{\"@type\":\"ListItem\",\"position\":2,\"name\":\"O ambiente est\u00e1 t\u00f3xico\"}]},{\"@type\":\"WebSite\",\"@id\":\"https:\/\/www.pressenza.com\/pt-pt\/#website\",\"url\":\"https:\/\/www.pressenza.com\/pt-pt\/\",\"name\":\"Pressenza\",\"description\":\"International Press Agency\",\"publisher\":{\"@id\":\"https:\/\/www.pressenza.com\/pt-pt\/#organization\"},\"potentialAction\":[{\"@type\":\"SearchAction\",\"target\":{\"@type\":\"EntryPoint\",\"urlTemplate\":\"https:\/\/www.pressenza.com\/pt-pt\/?s={search_term_string}\"},\"query-input\":{\"@type\":\"PropertyValueSpecification\",\"valueRequired\":true,\"valueName\":\"search_term_string\"}}],\"inLanguage\":\"pt-PT\"},{\"@type\":\"Organization\",\"@id\":\"https:\/\/www.pressenza.com\/pt-pt\/#organization\",\"name\":\"Pressenza\",\"url\":\"https:\/\/www.pressenza.com\/pt-pt\/\",\"logo\":{\"@type\":\"ImageObject\",\"inLanguage\":\"pt-PT\",\"@id\":\"https:\/\/www.pressenza.com\/pt-pt\/#\/schema\/logo\/image\/\",\"url\":\"https:\/\/www.pressenza.com\/wp-content\/uploads\/2022\/10\/pressenza_logo_200x200.jpg\",\"contentUrl\":\"https:\/\/www.pressenza.com\/wp-content\/uploads\/2022\/10\/pressenza_logo_200x200.jpg\",\"width\":200,\"height\":200,\"caption\":\"Pressenza\"},\"image\":{\"@id\":\"https:\/\/www.pressenza.com\/pt-pt\/#\/schema\/logo\/image\/\"},\"sameAs\":[\"https:\/\/www.facebook.com\/PressenzaItalia\",\"https:\/\/x.com\/PressenzaIPA\"]},{\"@type\":\"Person\",\"@id\":\"https:\/\/www.pressenza.com\/pt-pt\/#\/schema\/person\/62f77772bfcdd01e2cf156a471ba4ec5\",\"name\":\"Marcelo Trivelli\",\"description\":\"Engineer, consultant and columnist on current affairs, always providing a critical and reflective view that adds to the debate. Main topics: education, politics and society. He has held various positions, among others, in the public sector (former mayor of Santiago), in the third sector (founder and president of Fundaci\u00f3n Semilla) and also in the private sector as a director of companies.\",\"url\":\"https:\/\/www.pressenza.com\/pt-pt\/author\/marcelo-trivelli\/\"}]}<\/script>\n<!-- \/ Yoast SEO plugin. -->","yoast_head_json":{"title":"O ambiente est\u00e1 t\u00f3xico","description":"A conviv\u00eancia se deteriorou significativamente nos \u00faltimos tempos em todas as \u00e1reas da sociedade. As pessoas est\u00e3o mais agressivas, as institui\u00e7\u00f5es n\u00e3o","robots":{"index":"index","follow":"follow","max-snippet":"max-snippet:-1","max-image-preview":"max-image-preview:large","max-video-preview":"max-video-preview:-1"},"canonical":"https:\/\/www.pressenza.com\/pt-pt\/2021\/05\/o-ambiente-esta-toxico\/","og_locale":"pt_PT","og_type":"article","og_title":"O ambiente est\u00e1 t\u00f3xico","og_description":"A conviv\u00eancia se deteriorou significativamente nos \u00faltimos tempos em todas as \u00e1reas da sociedade. As pessoas est\u00e3o mais agressivas, as institui\u00e7\u00f5es n\u00e3o","og_url":"https:\/\/www.pressenza.com\/pt-pt\/2021\/05\/o-ambiente-esta-toxico\/","og_site_name":"Pressenza","article_publisher":"https:\/\/www.facebook.com\/PressenzaItalia","article_published_time":"2021-05-22T01:20:13+00:00","og_image":[{"width":1839,"height":1440,"url":"https:\/\/www.pressenza.com\/wp-content\/uploads\/2021\/05\/2020-El-Remanso.jpeg","type":"image\/jpeg"}],"author":"Marcelo Trivelli","twitter_card":"summary_large_image","twitter_creator":"@PressenzaIPA","twitter_site":"@PressenzaIPA","twitter_misc":{"Escrito por":"Marcelo Trivelli","Tempo estimado de leitura":"2 minutos"},"schema":{"@context":"https:\/\/schema.org","@graph":[{"@type":"Article","@id":"https:\/\/www.pressenza.com\/pt-pt\/2021\/05\/o-ambiente-esta-toxico\/#article","isPartOf":{"@id":"https:\/\/www.pressenza.com\/pt-pt\/2021\/05\/o-ambiente-esta-toxico\/"},"author":{"name":"Marcelo Trivelli","@id":"https:\/\/www.pressenza.com\/pt-pt\/#\/schema\/person\/62f77772bfcdd01e2cf156a471ba4ec5"},"headline":"O ambiente est\u00e1 t\u00f3xico","datePublished":"2021-05-22T01:20:13+00:00","mainEntityOfPage":{"@id":"https:\/\/www.pressenza.com\/pt-pt\/2021\/05\/o-ambiente-esta-toxico\/"},"wordCount":491,"publisher":{"@id":"https:\/\/www.pressenza.com\/pt-pt\/#organization"},"image":{"@id":"https:\/\/www.pressenza.com\/pt-pt\/2021\/05\/o-ambiente-esta-toxico\/#primaryimage"},"thumbnailUrl":"https:\/\/www.pressenza.com\/wp-content\/uploads\/2021\/05\/2020-El-Remanso.jpeg","keywords":["convivencia","Funda\u00e7\u00e3o Semente","viol\u00eancia"],"articleSection":["Conte\u00fado Original","Internacional","N\u00e3o viol\u00eancia","Opini\u00e3o"],"inLanguage":"pt-PT"},{"@type":"WebPage","@id":"https:\/\/www.pressenza.com\/pt-pt\/2021\/05\/o-ambiente-esta-toxico\/","url":"https:\/\/www.pressenza.com\/pt-pt\/2021\/05\/o-ambiente-esta-toxico\/","name":"O ambiente est\u00e1 t\u00f3xico","isPartOf":{"@id":"https:\/\/www.pressenza.com\/pt-pt\/#website"},"primaryImageOfPage":{"@id":"https:\/\/www.pressenza.com\/pt-pt\/2021\/05\/o-ambiente-esta-toxico\/#primaryimage"},"image":{"@id":"https:\/\/www.pressenza.com\/pt-pt\/2021\/05\/o-ambiente-esta-toxico\/#primaryimage"},"thumbnailUrl":"https:\/\/www.pressenza.com\/wp-content\/uploads\/2021\/05\/2020-El-Remanso.jpeg","datePublished":"2021-05-22T01:20:13+00:00","description":"A conviv\u00eancia se deteriorou significativamente nos \u00faltimos tempos em todas as \u00e1reas da sociedade. As pessoas est\u00e3o mais agressivas, as institui\u00e7\u00f5es n\u00e3o","breadcrumb":{"@id":"https:\/\/www.pressenza.com\/pt-pt\/2021\/05\/o-ambiente-esta-toxico\/#breadcrumb"},"inLanguage":"pt-PT","potentialAction":[{"@type":"ReadAction","target":["https:\/\/www.pressenza.com\/pt-pt\/2021\/05\/o-ambiente-esta-toxico\/"]}]},{"@type":"ImageObject","inLanguage":"pt-PT","@id":"https:\/\/www.pressenza.com\/pt-pt\/2021\/05\/o-ambiente-esta-toxico\/#primaryimage","url":"https:\/\/www.pressenza.com\/wp-content\/uploads\/2021\/05\/2020-El-Remanso.jpeg","contentUrl":"https:\/\/www.pressenza.com\/wp-content\/uploads\/2021\/05\/2020-El-Remanso.jpeg","width":1839,"height":1440,"caption":"Bo Lind Knudsen"},{"@type":"BreadcrumbList","@id":"https:\/\/www.pressenza.com\/pt-pt\/2021\/05\/o-ambiente-esta-toxico\/#breadcrumb","itemListElement":[{"@type":"ListItem","position":1,"name":"Accueil","item":"https:\/\/www.pressenza.com\/pt-pt\/"},{"@type":"ListItem","position":2,"name":"O ambiente est\u00e1 t\u00f3xico"}]},{"@type":"WebSite","@id":"https:\/\/www.pressenza.com\/pt-pt\/#website","url":"https:\/\/www.pressenza.com\/pt-pt\/","name":"Pressenza","description":"International Press Agency","publisher":{"@id":"https:\/\/www.pressenza.com\/pt-pt\/#organization"},"potentialAction":[{"@type":"SearchAction","target":{"@type":"EntryPoint","urlTemplate":"https:\/\/www.pressenza.com\/pt-pt\/?s={search_term_string}"},"query-input":{"@type":"PropertyValueSpecification","valueRequired":true,"valueName":"search_term_string"}}],"inLanguage":"pt-PT"},{"@type":"Organization","@id":"https:\/\/www.pressenza.com\/pt-pt\/#organization","name":"Pressenza","url":"https:\/\/www.pressenza.com\/pt-pt\/","logo":{"@type":"ImageObject","inLanguage":"pt-PT","@id":"https:\/\/www.pressenza.com\/pt-pt\/#\/schema\/logo\/image\/","url":"https:\/\/www.pressenza.com\/wp-content\/uploads\/2022\/10\/pressenza_logo_200x200.jpg","contentUrl":"https:\/\/www.pressenza.com\/wp-content\/uploads\/2022\/10\/pressenza_logo_200x200.jpg","width":200,"height":200,"caption":"Pressenza"},"image":{"@id":"https:\/\/www.pressenza.com\/pt-pt\/#\/schema\/logo\/image\/"},"sameAs":["https:\/\/www.facebook.com\/PressenzaItalia","https:\/\/x.com\/PressenzaIPA"]},{"@type":"Person","@id":"https:\/\/www.pressenza.com\/pt-pt\/#\/schema\/person\/62f77772bfcdd01e2cf156a471ba4ec5","name":"Marcelo Trivelli","description":"Engineer, consultant and columnist on current affairs, always providing a critical and reflective view that adds to the debate. Main topics: education, politics and society. He has held various positions, among others, in the public sector (former mayor of Santiago), in the third sector (founder and president of Fundaci\u00f3n Semilla) and also in the private sector as a director of companies.","url":"https:\/\/www.pressenza.com\/pt-pt\/author\/marcelo-trivelli\/"}]}},"place":"Santiago de Chile","original_article_url":"","_links":{"self":[{"href":"https:\/\/www.pressenza.com\/pt-pt\/wp-json\/wp\/v2\/posts\/1366029","targetHints":{"allow":["GET"]}}],"collection":[{"href":"https:\/\/www.pressenza.com\/pt-pt\/wp-json\/wp\/v2\/posts"}],"about":[{"href":"https:\/\/www.pressenza.com\/pt-pt\/wp-json\/wp\/v2\/types\/post"}],"author":[{"embeddable":true,"href":"https:\/\/www.pressenza.com\/pt-pt\/wp-json\/wp\/v2\/users\/1907"}],"replies":[{"embeddable":true,"href":"https:\/\/www.pressenza.com\/pt-pt\/wp-json\/wp\/v2\/comments?post=1366029"}],"version-history":[{"count":0,"href":"https:\/\/www.pressenza.com\/pt-pt\/wp-json\/wp\/v2\/posts\/1366029\/revisions"}],"wp:featuredmedia":[{"embeddable":true,"href":"https:\/\/www.pressenza.com\/pt-pt\/wp-json\/wp\/v2\/media\/1353848"}],"wp:attachment":[{"href":"https:\/\/www.pressenza.com\/pt-pt\/wp-json\/wp\/v2\/media?parent=1366029"}],"wp:term":[{"taxonomy":"category","embeddable":true,"href":"https:\/\/www.pressenza.com\/pt-pt\/wp-json\/wp\/v2\/categories?post=1366029"},{"taxonomy":"post_tag","embeddable":true,"href":"https:\/\/www.pressenza.com\/pt-pt\/wp-json\/wp\/v2\/tags?post=1366029"}],"curies":[{"name":"wp","href":"https:\/\/api.w.org\/{rel}","templated":true}]}}