{"id":1366027,"date":"2021-05-23T01:00:22","date_gmt":"2021-05-23T00:00:22","guid":{"rendered":"https:\/\/www.pressenza.com\/?p=1366027"},"modified":"2021-05-22T02:12:17","modified_gmt":"2021-05-22T01:12:17","slug":"o-caminhao-da-memoria","status":"publish","type":"post","link":"https:\/\/www.pressenza.com\/pt-pt\/2021\/05\/o-caminhao-da-memoria\/","title":{"rendered":"O caminh\u00e3o da mem\u00f3ria"},"content":{"rendered":"<p><b>POEMA<\/b><\/p>\n<p><span style=\"font-weight: 400;\">Quando olho essa foto<\/span><span style=\"font-weight: 400;\"><br \/>\n<\/span><span style=\"font-weight: 400;\">sinto retroceder o tempo<\/span><span style=\"font-weight: 400;\"><br \/>\n<\/span><span style=\"font-weight: 400;\">me envolvo em uma capa g\u00e9lida,<\/span><span style=\"font-weight: 400;\"><br \/>\n<\/span><span style=\"font-weight: 400;\">meus olhos formam um arco-\u00edris,<\/span><span style=\"font-weight: 400;\"><br \/>\n<\/span><span style=\"font-weight: 400;\">que tingem a fotografia.<\/span><span style=\"font-weight: 400;\"><br \/>\n<\/span><span style=\"font-weight: 400;\">As montanhas come\u00e7am a respirar<\/span><span style=\"font-weight: 400;\"><br \/>\n<\/span><span style=\"font-weight: 400;\">as nuvens se movem sem cessar,<\/span><span style=\"font-weight: 400;\"><br \/>\n<\/span><span style=\"font-weight: 400;\">os animais arando est\u00e3o,<\/span><span style=\"font-weight: 400;\"><br \/>\n<\/span><span style=\"font-weight: 400;\">e o guajolotero come\u00e7a a avan\u00e7ar.<\/span><span style=\"font-weight: 400;\"><br \/>\n<\/span><span style=\"font-weight: 400;\">Paisagens se cruzam pelo meu olhar,<\/span><span style=\"font-weight: 400;\"><br \/>\n<\/span><span style=\"font-weight: 400;\">crian\u00e7as vejo correr pelos terrenos,<\/span><span style=\"font-weight: 400;\"><br \/>\n<\/span><span style=\"font-weight: 400;\">terras inundadas de milhal verde se aparecem,<\/span><span style=\"font-weight: 400;\"><br \/>\n<\/span><span style=\"font-weight: 400;\">mulheres e homens montados a cavalo v\u00e3o.<\/span><span style=\"font-weight: 400;\"><br \/>\n<\/span><span style=\"font-weight: 400;\">Minha cabe\u00e7a d\u00e1 voltas,<\/span><span style=\"font-weight: 400;\"><br \/>\n<\/span><span style=\"font-weight: 400;\">pois t\u00eam muitas curvas no meu caminhar,<\/span><span style=\"font-weight: 400;\"><br \/>\n<\/span><span style=\"font-weight: 400;\">pessoas sobem, pessoas descem,<\/span><span style=\"font-weight: 400;\"><br \/>\n<\/span><span style=\"font-weight: 400;\">muitas delas jamais voltarei a olhar.<\/span><span style=\"font-weight: 400;\"><br \/>\n<\/span><span style=\"font-weight: 400;\">De repente, aparecem vendedores,<\/span><span style=\"font-weight: 400;\"><br \/>\n<\/span><span style=\"font-weight: 400;\">que a meus olhos fazem brilhar,<\/span><span style=\"font-weight: 400;\"><br \/>\n<\/span><span style=\"font-weight: 400;\">e ao meu est\u00f4mago o fazem brincar.<\/span><span style=\"font-weight: 400;\"><br \/>\n<\/span><span style=\"font-weight: 400;\">Eu ou\u00e7o ru\u00eddos de animais no teto<\/span><span style=\"font-weight: 400;\"><br \/>\n<\/span><span style=\"font-weight: 400;\">a galinha cacarejando vai,<\/span><span style=\"font-weight: 400;\"><br \/>\n<\/span><span style=\"font-weight: 400;\">a cabra solta seu melhor grito por liberdade,<\/span><span style=\"font-weight: 400;\"><br \/>\n<\/span><span style=\"font-weight: 400;\">e o porco tremendo de ansiedade.<\/span><span style=\"font-weight: 400;\"><br \/>\n<\/span><span style=\"font-weight: 400;\">Logo aparece na minha frente,<\/span><span style=\"font-weight: 400;\"><br \/>\n<\/span><span style=\"font-weight: 400;\">uma plan\u00edcie que \u00e9 coberta pela colina da cruz,<\/span><span style=\"font-weight: 400;\"><br \/>\n<\/span><span style=\"font-weight: 400;\">milho, jaguatirica e serpente,<\/span><span style=\"font-weight: 400;\"><br \/>\n<\/span><span style=\"font-weight: 400;\">conformam sua identidade.<\/span><span style=\"font-weight: 400;\"><br \/>\n<\/span><span style=\"font-weight: 400;\">Meus olhos tremem com mais for\u00e7a<\/span><span style=\"font-weight: 400;\"><br \/>\n<\/span><span style=\"font-weight: 400;\">meus p\u00e9s se enchem de c\u00f3cegas,<\/span><span style=\"font-weight: 400;\"><br \/>\n<\/span><span style=\"font-weight: 400;\">minha garganta se lubrifica,<\/span><span style=\"font-weight: 400;\"><br \/>\n<\/span><span style=\"font-weight: 400;\">minhas m\u00e3os desejam caminhar sozinhas,<\/span><span style=\"font-weight: 400;\"><br \/>\n<\/span><span style=\"font-weight: 400;\">e minhas mem\u00f3rias se desprendem de mim.<\/span><span style=\"font-weight: 400;\"><br \/>\n<\/span><span style=\"font-weight: 400;\">Nisso eu escuto a voz do cobrador,<\/span><span style=\"font-weight: 400;\"><br \/>\n<\/span><span style=\"font-weight: 400;\">que me diz,<\/span><span style=\"font-weight: 400;\"><br \/>\n<\/span><span style=\"font-weight: 400;\">a viagem acabou,<\/span><span style=\"font-weight: 400;\"><br \/>\n<\/span><span style=\"font-weight: 400;\">\u00e0s suas ra\u00edzes voltamos,<\/span><span style=\"font-weight: 400;\"><br \/>\n<\/span><span style=\"font-weight: 400;\">Miahuatl\u00e1n \u00e9 o seu centro.<\/span><\/p>\n<hr \/>\n<p><em><span style=\"font-weight: 400;\">Traduzido do espanhol para o portugu\u00eas por Mercia Santos \/ Revisado por Tatiana Elizabeth<\/span><\/em><\/p>\n","protected":false},"excerpt":{"rendered":"<p>POEMA Quando olho essa foto sinto retroceder o tempo me envolvo em uma capa g\u00e9lida, meus olhos formam um arco-\u00edris, que tingem a fotografia. As montanhas come\u00e7am a respirar as nuvens se movem sem cessar, os animais arando est\u00e3o, e&hellip;<\/p>\n","protected":false},"author":1932,"featured_media":1333601,"comment_status":"closed","ping_status":"closed","sticky":false,"template":"","format":"standard","meta":{"footnotes":""},"categories":[11390,112],"tags":[75238,6586,75336],"class_list":["post-1366027","post","type-post","status-publish","format-standard","has-post-thumbnail","hentry","category-conteudo-original","category-cultura-pt-pt","tag-caderno-de-cultura","tag-mexico-pt-pt","tag-poema-pt-pt"],"yoast_head":"<!-- This site is optimized with the Yoast SEO plugin v27.1.1 - https:\/\/yoast.com\/product\/yoast-seo-wordpress\/ -->\n<title>O caminh\u00e3o da mem\u00f3ria<\/title>\n<meta name=\"description\" content=\"POEMA Quando olho essa foto sinto retroceder o tempo me envolvo em uma capa g\u00e9lida, meus olhos formam um arco-\u00edris, que tingem a fotografia. As montanhas\" \/>\n<meta name=\"robots\" content=\"index, follow, max-snippet:-1, max-image-preview:large, max-video-preview:-1\" \/>\n<link rel=\"canonical\" href=\"https:\/\/www.pressenza.com\/pt-pt\/2021\/05\/o-caminhao-da-memoria\/\" \/>\n<meta property=\"og:locale\" content=\"pt_PT\" \/>\n<meta property=\"og:type\" content=\"article\" \/>\n<meta property=\"og:title\" content=\"O caminh\u00e3o da mem\u00f3ria\" \/>\n<meta property=\"og:description\" content=\"POEMA Quando olho essa foto sinto retroceder o tempo me envolvo em uma capa g\u00e9lida, meus olhos formam um arco-\u00edris, que tingem a fotografia. As montanhas\" \/>\n<meta property=\"og:url\" content=\"https:\/\/www.pressenza.com\/pt-pt\/2021\/05\/o-caminhao-da-memoria\/\" \/>\n<meta property=\"og:site_name\" content=\"Pressenza\" \/>\n<meta property=\"article:publisher\" content=\"https:\/\/www.facebook.com\/PressenzaItalia\" \/>\n<meta property=\"article:published_time\" content=\"2021-05-23T00:00:22+00:00\" \/>\n<meta property=\"og:image\" content=\"https:\/\/www.pressenza.com\/wp-content\/uploads\/2021\/04\/WhatsApp-Image-2021-03-27-at-12.21.13-PM.jpeg\" \/>\n\t<meta property=\"og:image:width\" content=\"720\" \/>\n\t<meta property=\"og:image:height\" content=\"550\" \/>\n\t<meta property=\"og:image:type\" content=\"image\/jpeg\" \/>\n<meta name=\"author\" content=\"Karla Ivonne Mijangos Fuentes\" \/>\n<meta name=\"twitter:card\" content=\"summary_large_image\" \/>\n<meta name=\"twitter:creator\" content=\"@PressenzaIPA\" \/>\n<meta name=\"twitter:site\" content=\"@PressenzaIPA\" \/>\n<meta name=\"twitter:label1\" content=\"Escrito por\" \/>\n\t<meta name=\"twitter:data1\" content=\"Karla Ivonne Mijangos Fuentes\" \/>\n\t<meta name=\"twitter:label2\" content=\"Tempo estimado de leitura\" \/>\n\t<meta name=\"twitter:data2\" content=\"1 minuto\" \/>\n<script type=\"application\/ld+json\" class=\"yoast-schema-graph\">{\"@context\":\"https:\/\/schema.org\",\"@graph\":[{\"@type\":\"Article\",\"@id\":\"https:\/\/www.pressenza.com\/pt-pt\/2021\/05\/o-caminhao-da-memoria\/#article\",\"isPartOf\":{\"@id\":\"https:\/\/www.pressenza.com\/pt-pt\/2021\/05\/o-caminhao-da-memoria\/\"},\"author\":{\"name\":\"Karla Ivonne Mijangos Fuentes\",\"@id\":\"https:\/\/www.pressenza.com\/pt-pt\/#\/schema\/person\/efe1346ef90f1e56b5011e9d74696c12\"},\"headline\":\"O caminh\u00e3o da mem\u00f3ria\",\"datePublished\":\"2021-05-23T00:00:22+00:00\",\"mainEntityOfPage\":{\"@id\":\"https:\/\/www.pressenza.com\/pt-pt\/2021\/05\/o-caminhao-da-memoria\/\"},\"wordCount\":243,\"publisher\":{\"@id\":\"https:\/\/www.pressenza.com\/pt-pt\/#organization\"},\"image\":{\"@id\":\"https:\/\/www.pressenza.com\/pt-pt\/2021\/05\/o-caminhao-da-memoria\/#primaryimage\"},\"thumbnailUrl\":\"https:\/\/www.pressenza.com\/wp-content\/uploads\/2021\/04\/WhatsApp-Image-2021-03-27-at-12.21.13-PM.jpeg\",\"keywords\":[\"caderno de cultura\",\"Mexico\",\"poema\"],\"articleSection\":[\"Conte\u00fado Original\",\"Cultura e M\u00eddia\"],\"inLanguage\":\"pt-PT\"},{\"@type\":\"WebPage\",\"@id\":\"https:\/\/www.pressenza.com\/pt-pt\/2021\/05\/o-caminhao-da-memoria\/\",\"url\":\"https:\/\/www.pressenza.com\/pt-pt\/2021\/05\/o-caminhao-da-memoria\/\",\"name\":\"O caminh\u00e3o da mem\u00f3ria\",\"isPartOf\":{\"@id\":\"https:\/\/www.pressenza.com\/pt-pt\/#website\"},\"primaryImageOfPage\":{\"@id\":\"https:\/\/www.pressenza.com\/pt-pt\/2021\/05\/o-caminhao-da-memoria\/#primaryimage\"},\"image\":{\"@id\":\"https:\/\/www.pressenza.com\/pt-pt\/2021\/05\/o-caminhao-da-memoria\/#primaryimage\"},\"thumbnailUrl\":\"https:\/\/www.pressenza.com\/wp-content\/uploads\/2021\/04\/WhatsApp-Image-2021-03-27-at-12.21.13-PM.jpeg\",\"datePublished\":\"2021-05-23T00:00:22+00:00\",\"description\":\"POEMA Quando olho essa foto sinto retroceder o tempo me envolvo em uma capa g\u00e9lida, meus olhos formam um arco-\u00edris, que tingem a fotografia. As montanhas\",\"breadcrumb\":{\"@id\":\"https:\/\/www.pressenza.com\/pt-pt\/2021\/05\/o-caminhao-da-memoria\/#breadcrumb\"},\"inLanguage\":\"pt-PT\",\"potentialAction\":[{\"@type\":\"ReadAction\",\"target\":[\"https:\/\/www.pressenza.com\/pt-pt\/2021\/05\/o-caminhao-da-memoria\/\"]}]},{\"@type\":\"ImageObject\",\"inLanguage\":\"pt-PT\",\"@id\":\"https:\/\/www.pressenza.com\/pt-pt\/2021\/05\/o-caminhao-da-memoria\/#primaryimage\",\"url\":\"https:\/\/www.pressenza.com\/wp-content\/uploads\/2021\/04\/WhatsApp-Image-2021-03-27-at-12.21.13-PM.jpeg\",\"contentUrl\":\"https:\/\/www.pressenza.com\/wp-content\/uploads\/2021\/04\/WhatsApp-Image-2021-03-27-at-12.21.13-PM.jpeg\",\"width\":720,\"height\":550},{\"@type\":\"BreadcrumbList\",\"@id\":\"https:\/\/www.pressenza.com\/pt-pt\/2021\/05\/o-caminhao-da-memoria\/#breadcrumb\",\"itemListElement\":[{\"@type\":\"ListItem\",\"position\":1,\"name\":\"Accueil\",\"item\":\"https:\/\/www.pressenza.com\/pt-pt\/\"},{\"@type\":\"ListItem\",\"position\":2,\"name\":\"O caminh\u00e3o da mem\u00f3ria\"}]},{\"@type\":\"WebSite\",\"@id\":\"https:\/\/www.pressenza.com\/pt-pt\/#website\",\"url\":\"https:\/\/www.pressenza.com\/pt-pt\/\",\"name\":\"Pressenza\",\"description\":\"International Press Agency\",\"publisher\":{\"@id\":\"https:\/\/www.pressenza.com\/pt-pt\/#organization\"},\"potentialAction\":[{\"@type\":\"SearchAction\",\"target\":{\"@type\":\"EntryPoint\",\"urlTemplate\":\"https:\/\/www.pressenza.com\/pt-pt\/?s={search_term_string}\"},\"query-input\":{\"@type\":\"PropertyValueSpecification\",\"valueRequired\":true,\"valueName\":\"search_term_string\"}}],\"inLanguage\":\"pt-PT\"},{\"@type\":\"Organization\",\"@id\":\"https:\/\/www.pressenza.com\/pt-pt\/#organization\",\"name\":\"Pressenza\",\"url\":\"https:\/\/www.pressenza.com\/pt-pt\/\",\"logo\":{\"@type\":\"ImageObject\",\"inLanguage\":\"pt-PT\",\"@id\":\"https:\/\/www.pressenza.com\/pt-pt\/#\/schema\/logo\/image\/\",\"url\":\"https:\/\/www.pressenza.com\/wp-content\/uploads\/2022\/10\/pressenza_logo_200x200.jpg\",\"contentUrl\":\"https:\/\/www.pressenza.com\/wp-content\/uploads\/2022\/10\/pressenza_logo_200x200.jpg\",\"width\":200,\"height\":200,\"caption\":\"Pressenza\"},\"image\":{\"@id\":\"https:\/\/www.pressenza.com\/pt-pt\/#\/schema\/logo\/image\/\"},\"sameAs\":[\"https:\/\/www.facebook.com\/PressenzaItalia\",\"https:\/\/x.com\/PressenzaIPA\"]},{\"@type\":\"Person\",\"@id\":\"https:\/\/www.pressenza.com\/pt-pt\/#\/schema\/person\/efe1346ef90f1e56b5011e9d74696c12\",\"name\":\"Karla Ivonne Mijangos Fuentes\",\"description\":\"M\u00e1ster en Investigaci\u00f3n y Rol Avanzado en Enfermer\u00eda (Universidad de Navarra). Especialista en Enfermer\u00eda pedi\u00e1trica. Estudiante de Doctorado en Ciencias Sociales en la Universidad Aut\u00f3noma del Estado de M\u00e9xico (UAEMex)\",\"url\":\"https:\/\/www.pressenza.com\/pt-pt\/author\/karla-ivonne-mijangos-fuentes\/\"}]}<\/script>\n<!-- \/ Yoast SEO plugin. -->","yoast_head_json":{"title":"O caminh\u00e3o da mem\u00f3ria","description":"POEMA Quando olho essa foto sinto retroceder o tempo me envolvo em uma capa g\u00e9lida, meus olhos formam um arco-\u00edris, que tingem a fotografia. As montanhas","robots":{"index":"index","follow":"follow","max-snippet":"max-snippet:-1","max-image-preview":"max-image-preview:large","max-video-preview":"max-video-preview:-1"},"canonical":"https:\/\/www.pressenza.com\/pt-pt\/2021\/05\/o-caminhao-da-memoria\/","og_locale":"pt_PT","og_type":"article","og_title":"O caminh\u00e3o da mem\u00f3ria","og_description":"POEMA Quando olho essa foto sinto retroceder o tempo me envolvo em uma capa g\u00e9lida, meus olhos formam um arco-\u00edris, que tingem a fotografia. As montanhas","og_url":"https:\/\/www.pressenza.com\/pt-pt\/2021\/05\/o-caminhao-da-memoria\/","og_site_name":"Pressenza","article_publisher":"https:\/\/www.facebook.com\/PressenzaItalia","article_published_time":"2021-05-23T00:00:22+00:00","og_image":[{"width":720,"height":550,"url":"https:\/\/www.pressenza.com\/wp-content\/uploads\/2021\/04\/WhatsApp-Image-2021-03-27-at-12.21.13-PM.jpeg","type":"image\/jpeg"}],"author":"Karla Ivonne Mijangos Fuentes","twitter_card":"summary_large_image","twitter_creator":"@PressenzaIPA","twitter_site":"@PressenzaIPA","twitter_misc":{"Escrito por":"Karla Ivonne Mijangos Fuentes","Tempo estimado de leitura":"1 minuto"},"schema":{"@context":"https:\/\/schema.org","@graph":[{"@type":"Article","@id":"https:\/\/www.pressenza.com\/pt-pt\/2021\/05\/o-caminhao-da-memoria\/#article","isPartOf":{"@id":"https:\/\/www.pressenza.com\/pt-pt\/2021\/05\/o-caminhao-da-memoria\/"},"author":{"name":"Karla Ivonne Mijangos Fuentes","@id":"https:\/\/www.pressenza.com\/pt-pt\/#\/schema\/person\/efe1346ef90f1e56b5011e9d74696c12"},"headline":"O caminh\u00e3o da mem\u00f3ria","datePublished":"2021-05-23T00:00:22+00:00","mainEntityOfPage":{"@id":"https:\/\/www.pressenza.com\/pt-pt\/2021\/05\/o-caminhao-da-memoria\/"},"wordCount":243,"publisher":{"@id":"https:\/\/www.pressenza.com\/pt-pt\/#organization"},"image":{"@id":"https:\/\/www.pressenza.com\/pt-pt\/2021\/05\/o-caminhao-da-memoria\/#primaryimage"},"thumbnailUrl":"https:\/\/www.pressenza.com\/wp-content\/uploads\/2021\/04\/WhatsApp-Image-2021-03-27-at-12.21.13-PM.jpeg","keywords":["caderno de cultura","Mexico","poema"],"articleSection":["Conte\u00fado Original","Cultura e M\u00eddia"],"inLanguage":"pt-PT"},{"@type":"WebPage","@id":"https:\/\/www.pressenza.com\/pt-pt\/2021\/05\/o-caminhao-da-memoria\/","url":"https:\/\/www.pressenza.com\/pt-pt\/2021\/05\/o-caminhao-da-memoria\/","name":"O caminh\u00e3o da mem\u00f3ria","isPartOf":{"@id":"https:\/\/www.pressenza.com\/pt-pt\/#website"},"primaryImageOfPage":{"@id":"https:\/\/www.pressenza.com\/pt-pt\/2021\/05\/o-caminhao-da-memoria\/#primaryimage"},"image":{"@id":"https:\/\/www.pressenza.com\/pt-pt\/2021\/05\/o-caminhao-da-memoria\/#primaryimage"},"thumbnailUrl":"https:\/\/www.pressenza.com\/wp-content\/uploads\/2021\/04\/WhatsApp-Image-2021-03-27-at-12.21.13-PM.jpeg","datePublished":"2021-05-23T00:00:22+00:00","description":"POEMA Quando olho essa foto sinto retroceder o tempo me envolvo em uma capa g\u00e9lida, meus olhos formam um arco-\u00edris, que tingem a fotografia. As montanhas","breadcrumb":{"@id":"https:\/\/www.pressenza.com\/pt-pt\/2021\/05\/o-caminhao-da-memoria\/#breadcrumb"},"inLanguage":"pt-PT","potentialAction":[{"@type":"ReadAction","target":["https:\/\/www.pressenza.com\/pt-pt\/2021\/05\/o-caminhao-da-memoria\/"]}]},{"@type":"ImageObject","inLanguage":"pt-PT","@id":"https:\/\/www.pressenza.com\/pt-pt\/2021\/05\/o-caminhao-da-memoria\/#primaryimage","url":"https:\/\/www.pressenza.com\/wp-content\/uploads\/2021\/04\/WhatsApp-Image-2021-03-27-at-12.21.13-PM.jpeg","contentUrl":"https:\/\/www.pressenza.com\/wp-content\/uploads\/2021\/04\/WhatsApp-Image-2021-03-27-at-12.21.13-PM.jpeg","width":720,"height":550},{"@type":"BreadcrumbList","@id":"https:\/\/www.pressenza.com\/pt-pt\/2021\/05\/o-caminhao-da-memoria\/#breadcrumb","itemListElement":[{"@type":"ListItem","position":1,"name":"Accueil","item":"https:\/\/www.pressenza.com\/pt-pt\/"},{"@type":"ListItem","position":2,"name":"O caminh\u00e3o da mem\u00f3ria"}]},{"@type":"WebSite","@id":"https:\/\/www.pressenza.com\/pt-pt\/#website","url":"https:\/\/www.pressenza.com\/pt-pt\/","name":"Pressenza","description":"International Press Agency","publisher":{"@id":"https:\/\/www.pressenza.com\/pt-pt\/#organization"},"potentialAction":[{"@type":"SearchAction","target":{"@type":"EntryPoint","urlTemplate":"https:\/\/www.pressenza.com\/pt-pt\/?s={search_term_string}"},"query-input":{"@type":"PropertyValueSpecification","valueRequired":true,"valueName":"search_term_string"}}],"inLanguage":"pt-PT"},{"@type":"Organization","@id":"https:\/\/www.pressenza.com\/pt-pt\/#organization","name":"Pressenza","url":"https:\/\/www.pressenza.com\/pt-pt\/","logo":{"@type":"ImageObject","inLanguage":"pt-PT","@id":"https:\/\/www.pressenza.com\/pt-pt\/#\/schema\/logo\/image\/","url":"https:\/\/www.pressenza.com\/wp-content\/uploads\/2022\/10\/pressenza_logo_200x200.jpg","contentUrl":"https:\/\/www.pressenza.com\/wp-content\/uploads\/2022\/10\/pressenza_logo_200x200.jpg","width":200,"height":200,"caption":"Pressenza"},"image":{"@id":"https:\/\/www.pressenza.com\/pt-pt\/#\/schema\/logo\/image\/"},"sameAs":["https:\/\/www.facebook.com\/PressenzaItalia","https:\/\/x.com\/PressenzaIPA"]},{"@type":"Person","@id":"https:\/\/www.pressenza.com\/pt-pt\/#\/schema\/person\/efe1346ef90f1e56b5011e9d74696c12","name":"Karla Ivonne Mijangos Fuentes","description":"M\u00e1ster en Investigaci\u00f3n y Rol Avanzado en Enfermer\u00eda (Universidad de Navarra). Especialista en Enfermer\u00eda pedi\u00e1trica. Estudiante de Doctorado en Ciencias Sociales en la Universidad Aut\u00f3noma del Estado de M\u00e9xico (UAEMex)","url":"https:\/\/www.pressenza.com\/pt-pt\/author\/karla-ivonne-mijangos-fuentes\/"}]}},"place":"Cidade do M\u00e9xico","original_article_url":"","_links":{"self":[{"href":"https:\/\/www.pressenza.com\/pt-pt\/wp-json\/wp\/v2\/posts\/1366027","targetHints":{"allow":["GET"]}}],"collection":[{"href":"https:\/\/www.pressenza.com\/pt-pt\/wp-json\/wp\/v2\/posts"}],"about":[{"href":"https:\/\/www.pressenza.com\/pt-pt\/wp-json\/wp\/v2\/types\/post"}],"author":[{"embeddable":true,"href":"https:\/\/www.pressenza.com\/pt-pt\/wp-json\/wp\/v2\/users\/1932"}],"replies":[{"embeddable":true,"href":"https:\/\/www.pressenza.com\/pt-pt\/wp-json\/wp\/v2\/comments?post=1366027"}],"version-history":[{"count":0,"href":"https:\/\/www.pressenza.com\/pt-pt\/wp-json\/wp\/v2\/posts\/1366027\/revisions"}],"wp:featuredmedia":[{"embeddable":true,"href":"https:\/\/www.pressenza.com\/pt-pt\/wp-json\/wp\/v2\/media\/1333601"}],"wp:attachment":[{"href":"https:\/\/www.pressenza.com\/pt-pt\/wp-json\/wp\/v2\/media?parent=1366027"}],"wp:term":[{"taxonomy":"category","embeddable":true,"href":"https:\/\/www.pressenza.com\/pt-pt\/wp-json\/wp\/v2\/categories?post=1366027"},{"taxonomy":"post_tag","embeddable":true,"href":"https:\/\/www.pressenza.com\/pt-pt\/wp-json\/wp\/v2\/tags?post=1366027"}],"curies":[{"name":"wp","href":"https:\/\/api.w.org\/{rel}","templated":true}]}}