{"id":1360869,"date":"2021-05-14T18:58:44","date_gmt":"2021-05-14T17:58:44","guid":{"rendered":"https:\/\/www.pressenza.com\/?p=1360869"},"modified":"2021-05-14T20:03:46","modified_gmt":"2021-05-14T19:03:46","slug":"manifesto-siloista-de-mulheres-e-dissidencias","status":"publish","type":"post","link":"https:\/\/www.pressenza.com\/pt-pt\/2021\/05\/manifesto-siloista-de-mulheres-e-dissidencias\/","title":{"rendered":"Manifesto Siloista de Mulheres e Dissid\u00eancias"},"content":{"rendered":"<h5><span style=\"color: #999999;\">OPINI\u00c3O<\/span><\/h5>\n<p>&nbsp;<\/p>\n<p>&nbsp;<\/p>\n<p><em><strong>Por Coletivo Mulheres Humanistas<\/strong><\/em><\/p>\n<p>&nbsp;<\/p>\n<p>&nbsp;<\/p>\n<p class=\"western\" align=\"justify\"><span style=\"color: #333333;\"><span style=\"font-family: Calibri, sans-serif;\"><span style=\"font-size: medium;\"><b>N\u00f3s, Humanistas Siloistas, Mensageiras, Mensageiros, Mensageires, Mestras e Mestres da Escola de Silo, ouvimos o clamor milenar que percorre o planeta. Este, que brota das entranhas da hist\u00f3ria desta civiliza\u00e7\u00e3o patriarcal, e que, hoje, empurra-nos com for\u00e7a no sentido da transforma\u00e7\u00e3o do mundo. Assim, somamos, aqui, nossa contribui\u00e7\u00e3o, lan\u00e7ando luz a nossos \u00e2mbitos para dar coer\u00eancia a nosso Projeto de Humaniza\u00e7\u00e3o do mundo.<\/b><\/span><\/span><\/span><\/p>\n<p class=\"western\" align=\"justify\"><span style=\"color: #333333;\"><span style=\"font-family: Calibri, sans-serif;\"><span style=\"font-size: medium;\">Somos mulheres e dissid\u00eancias que n\u00e3o querem se descuidar nem se expor nunca mais a nenhum tipo de viol\u00eancia por acreditarmos, ingenuamente, que nossos espa\u00e7os s\u00e3o seguros, porque n\u00e3o s\u00e3o. Ser\u00e3o seguros \u00e0 medida que se fa\u00e7a o que est\u00e1 expresso neste manifesto.<\/span><\/span><\/span><\/p>\n<p class=\"western\" align=\"justify\"><span style=\"color: #333333;\"><span style=\"font-family: Calibri, sans-serif;\"><span style=\"font-size: medium;\">Certamente, sabemos que ocorreram diferentes casos de viol\u00eancia sexual ao longo de nossa hist\u00f3ria e que, porque nos mantivemos calades, esses casos continuaram ocorrendo nas gera\u00e7\u00f5es subsequentes. N\u00e3o queremos que essas viol\u00eancias fa\u00e7am parte das experi\u00eancias das novas gera\u00e7\u00f5es.<\/span><\/span><\/span><\/p>\n<p class=\"western\" align=\"justify\"><span style=\"color: #333333;\"><span style=\"font-family: Calibri, sans-serif;\"><span style=\"font-size: medium;\">O medo, a degrada\u00e7\u00e3o e os pactos de sil\u00eancio perpetuaram o anti-humanismo em nossos \u00e2mbitos humanistas. N\u00e3o aceitaremos que isso continue acontecendo. Esses comportamentos nada t\u00eam a ver com a doutrina Silo\u00edsta.<\/span><\/span><\/span><\/p>\n<p class=\"western\" align=\"justify\"><span style=\"color: #333333;\"><span style=\"font-family: Calibri, sans-serif;\"><span style=\"font-size: medium;\">Refor\u00e7amos nossa rejei\u00e7\u00e3o a todas as formas de viol\u00eancia que temos vivido pelo simples fato de sermos mulheres e dissid\u00eancias.<\/span><\/span><\/span><\/p>\n<p class=\"western\" align=\"justify\"><span style=\"color: #333333;\"><span style=\"font-family: Calibri, sans-serif;\"><span style=\"font-size: medium;\">Quebramos o pacto de sil\u00eancio de que fizemos parte ao longo de tantos anos. Exigimos respeito \u00e0 nossa subjetividade e ao valor da intencionalidade de cada ser humano, em resson\u00e2ncia com nossos princ\u00edpios de a\u00e7\u00e3o v\u00e1lida.<\/span><\/span><\/span><\/p>\n<p class=\"western\" align=\"justify\"><span style=\"color: #333333;\"><span style=\"font-family: Calibri, sans-serif;\"><span style=\"font-size: medium;\">Intencionamos o interc\u00e2mbio, o acolhimento e o trabalho entre n\u00f3s, quebrando as patriarcais inimizades que nos foram impostas e reparando os danos que temos alastrado por s\u00e9culos.<\/span><\/span><\/span><\/p>\n<p class=\"western\" align=\"justify\"><span style=\"color: #333333;\"><span style=\"font-family: Calibri, sans-serif;\"><span style=\"font-size: medium;\">Protegemo-nos entre n\u00f3s e queremos construir \u00e2mbitos confi\u00e1veis e verdadeiramente n\u00e3o violentos, onde n\u00e3o seja necess\u00e1rio manter as apar\u00eancias, para todas as mulheres, dissid\u00eancias e crian\u00e7as a partir de hoje.<\/span><\/span><\/span><\/p>\n<p class=\"western\" align=\"justify\"><span style=\"color: #333333;\"><span style=\"font-family: Calibri, sans-serif;\"><span style=\"font-size: medium;\">Repudiamos, com firmeza, em nossos espa\u00e7os, os violentos que p\u00f5em em perigo a integridade f\u00edsica e psicol\u00f3gica de quem participa deles. Seguindo esta declara\u00e7\u00e3o, daremos visibilidade \u00e0s situa\u00e7\u00f5es de viol\u00eancia, de acordo com a metodologia da n\u00e3o viol\u00eancia ativa, realizando a den\u00fancia p\u00fablica da injusti\u00e7a, conforme o nosso protocolo de procedimentos.<\/span><\/span><\/span><\/p>\n<p class=\"western\" align=\"justify\"><span style=\"color: #333333;\"><span style=\"font-family: Calibri, sans-serif;\"><span style=\"font-size: medium;\">Lutamos por \u00e2mbitos nos quais sejam rejeitadas, verdadeiramente, a degrada\u00e7\u00e3o, a exposi\u00e7\u00e3o ao rid\u00edculo, a humilha\u00e7\u00e3o, a objetifica\u00e7\u00e3o. E, acima de tudo, a nega\u00e7\u00e3o da intencionalidade de outres, que satisfaz as viol\u00eancias de alguns.<\/span><\/span><\/span><\/p>\n<p class=\"western\" align=\"justify\"><span style=\"color: #333333;\"><span style=\"font-family: Calibri, sans-serif;\"><span style=\"font-size: medium;\">Trabalharemos para que todes encontrem, finalmente, a for\u00e7a para se expressar, porque esse processo \u00e9 fundamental, e o interesse est\u00e1 na humaniza\u00e7\u00e3o e no futuro aberto.<\/span><\/span><\/span><\/p>\n<p class=\"western\" align=\"justify\"><span style=\"color: #333333;\"><span style=\"font-family: Calibri, sans-serif;\"><span style=\"font-size: medium;\">Expressamos nossa solidariedade ativa \u00e0s amigas e amigues humanistas que necessitem de uma rede de conten\u00e7\u00e3o como esta, e convidamos a que se somem a nossos interc\u00e2mbios e a\u00e7\u00f5es n\u00e3o violentas.<\/span><\/span><\/span><\/p>\n<p class=\"western\" align=\"justify\"><span style=\"font-family: Calibri, sans-serif;\"><span style=\"font-size: medium;\"><span style=\"color: #333333;\">Agora, o que estava naturalizado j\u00e1 n\u00e3o est\u00e1. As feridas foram expostas. N\u00e3o somente as nossas \u2013 as ancestrais gritam conosco ao longo de s\u00e9culos. N\u00e3o apenas por causa das viol\u00eancias mais aberrantes, mas tamb\u00e9m por conta das mais sutis e simb\u00f3licas.<\/span><\/span><\/span><\/p>\n<p class=\"western\"><span style=\"color: #333333;\"><span style=\"font-family: Calibri, sans-serif;\"><span style=\"font-size: medium;\">Este \u00e9 um ato de f\u00e9 em que os grupos melhorar\u00e3o os indiv\u00edduos. E \u00e9 mais um passo na Humaniza\u00e7\u00e3o do mundo e de n\u00f3s mesmes.<\/span><\/span><\/span><\/p>\n<p class=\"western\"><span style=\"color: #333333;\"><span style=\"font-family: Calibri, sans-serif;\"><span style=\"font-size: medium;\">Paz, for\u00e7a e alegria!<\/span><\/span><\/span><\/p>\n<p class=\"western\"><span style=\"color: #333333;\"><span style=\"font-family: Calibri, sans-serif;\"><span style=\"font-size: medium;\"><b>Barricada Internacional<\/b><\/span><\/span><\/span><\/p>\n<p class=\"western\"><span style=\"color: #333333;\"><span style=\"font-family: Calibri, sans-serif;\"><span style=\"font-size: medium;\"><b>Maio de 2021<\/b><\/span><\/span><\/span><\/p>\n","protected":false},"excerpt":{"rendered":"<p>OPINI\u00c3O &nbsp; &nbsp; Por Coletivo Mulheres Humanistas &nbsp; &nbsp; N\u00f3s, Humanistas Siloistas, Mensageiras, Mensageiros, Mensageires, Mestras e Mestres da Escola de Silo, ouvimos o clamor milenar que percorre o planeta. Este, que brota das entranhas da hist\u00f3ria desta civiliza\u00e7\u00e3o patriarcal,&hellip;<\/p>\n","protected":false},"author":44,"featured_media":1360784,"comment_status":"closed","ping_status":"closed","sticky":false,"template":"","format":"standard","meta":{"footnotes":""},"categories":[104,11390,54514,1254,42,1256,1257],"tags":[62066,90971,90972],"class_list":["post-1360869","post","type-post","status-publish","format-standard","has-post-thumbnail","hentry","category-america-do-sul","category-conteudo-original","category-genero-e-feminismos","category-humanismo-espiritualidade","category-internacional-2","category-nao-violencia","category-paz-desarmamento","tag-humanista-pt-pt","tag-mensageires","tag-siloistas"],"yoast_head":"<!-- This site is optimized with the Yoast SEO plugin v27.1.1 - https:\/\/yoast.com\/product\/yoast-seo-wordpress\/ -->\n<title>Manifesto Siloista de Mulheres e Dissid\u00eancias<\/title>\n<meta name=\"description\" content=\"OPINI\u00c3O &nbsp; &nbsp; Por Coletivo Mulheres Humanistas &nbsp; &nbsp; N\u00f3s, Humanistas Siloistas, Mensageiras, Mensageiros, Mensageires, Mestras e Mestres\" \/>\n<meta name=\"robots\" content=\"index, follow, max-snippet:-1, max-image-preview:large, max-video-preview:-1\" \/>\n<link rel=\"canonical\" href=\"https:\/\/www.pressenza.com\/pt-pt\/2021\/05\/manifesto-siloista-de-mulheres-e-dissidencias\/\" \/>\n<meta property=\"og:locale\" content=\"pt_PT\" \/>\n<meta property=\"og:type\" content=\"article\" \/>\n<meta property=\"og:title\" content=\"Manifesto Siloista de Mulheres e Dissid\u00eancias\" \/>\n<meta property=\"og:description\" content=\"OPINI\u00c3O &nbsp; &nbsp; Por Coletivo Mulheres Humanistas &nbsp; &nbsp; N\u00f3s, Humanistas Siloistas, Mensageiras, Mensageiros, Mensageires, Mestras e Mestres\" \/>\n<meta property=\"og:url\" content=\"https:\/\/www.pressenza.com\/pt-pt\/2021\/05\/manifesto-siloista-de-mulheres-e-dissidencias\/\" \/>\n<meta property=\"og:site_name\" content=\"Pressenza\" \/>\n<meta property=\"article:publisher\" content=\"https:\/\/www.facebook.com\/PressenzaItalia\" \/>\n<meta property=\"article:author\" content=\"https:\/\/www.facebook.com\/PressenzaPortugues\" \/>\n<meta property=\"article:published_time\" content=\"2021-05-14T17:58:44+00:00\" \/>\n<meta property=\"article:modified_time\" content=\"2021-05-14T19:03:46+00:00\" \/>\n<meta property=\"og:image\" content=\"https:\/\/www.pressenza.com\/wp-content\/uploads\/2021\/05\/barricada1.jpg\" \/>\n\t<meta property=\"og:image:width\" content=\"750\" \/>\n\t<meta property=\"og:image:height\" content=\"415\" \/>\n\t<meta property=\"og:image:type\" content=\"image\/jpeg\" \/>\n<meta name=\"author\" content=\"Reda\u00e7\u00e3o S\u00e3o Paulo\" \/>\n<meta name=\"twitter:card\" content=\"summary_large_image\" \/>\n<meta name=\"twitter:creator\" content=\"@pressenza_pt\" \/>\n<meta name=\"twitter:site\" content=\"@PressenzaIPA\" \/>\n<meta name=\"twitter:label1\" content=\"Escrito por\" \/>\n\t<meta name=\"twitter:data1\" content=\"Reda\u00e7\u00e3o S\u00e3o Paulo\" \/>\n\t<meta name=\"twitter:label2\" content=\"Tempo estimado de leitura\" \/>\n\t<meta name=\"twitter:data2\" content=\"3 minutos\" \/>\n<script type=\"application\/ld+json\" class=\"yoast-schema-graph\">{\"@context\":\"https:\/\/schema.org\",\"@graph\":[{\"@type\":\"Article\",\"@id\":\"https:\/\/www.pressenza.com\/pt-pt\/2021\/05\/manifesto-siloista-de-mulheres-e-dissidencias\/#article\",\"isPartOf\":{\"@id\":\"https:\/\/www.pressenza.com\/pt-pt\/2021\/05\/manifesto-siloista-de-mulheres-e-dissidencias\/\"},\"author\":{\"name\":\"Reda\u00e7\u00e3o S\u00e3o Paulo\",\"@id\":\"https:\/\/www.pressenza.com\/pt-pt\/#\/schema\/person\/d171826afb7693cfc394da95892bfd93\"},\"headline\":\"Manifesto Siloista de Mulheres e Dissid\u00eancias\",\"datePublished\":\"2021-05-14T17:58:44+00:00\",\"dateModified\":\"2021-05-14T19:03:46+00:00\",\"mainEntityOfPage\":{\"@id\":\"https:\/\/www.pressenza.com\/pt-pt\/2021\/05\/manifesto-siloista-de-mulheres-e-dissidencias\/\"},\"wordCount\":607,\"publisher\":{\"@id\":\"https:\/\/www.pressenza.com\/pt-pt\/#organization\"},\"image\":{\"@id\":\"https:\/\/www.pressenza.com\/pt-pt\/2021\/05\/manifesto-siloista-de-mulheres-e-dissidencias\/#primaryimage\"},\"thumbnailUrl\":\"https:\/\/www.pressenza.com\/wp-content\/uploads\/2021\/05\/barricada1.jpg\",\"keywords\":[\"humanista\",\"mensageires\",\"silo\u00edstas\"],\"articleSection\":[\"\u00c1m\u00e9rica do Sul\",\"Conte\u00fado Original\",\"G\u00eanero e feminismos\",\"Humanismo e Espiritualidade\",\"Internacional\",\"N\u00e3o viol\u00eancia\",\"Paz e Desarmamento\"],\"inLanguage\":\"pt-PT\"},{\"@type\":\"WebPage\",\"@id\":\"https:\/\/www.pressenza.com\/pt-pt\/2021\/05\/manifesto-siloista-de-mulheres-e-dissidencias\/\",\"url\":\"https:\/\/www.pressenza.com\/pt-pt\/2021\/05\/manifesto-siloista-de-mulheres-e-dissidencias\/\",\"name\":\"Manifesto Siloista de Mulheres e Dissid\u00eancias\",\"isPartOf\":{\"@id\":\"https:\/\/www.pressenza.com\/pt-pt\/#website\"},\"primaryImageOfPage\":{\"@id\":\"https:\/\/www.pressenza.com\/pt-pt\/2021\/05\/manifesto-siloista-de-mulheres-e-dissidencias\/#primaryimage\"},\"image\":{\"@id\":\"https:\/\/www.pressenza.com\/pt-pt\/2021\/05\/manifesto-siloista-de-mulheres-e-dissidencias\/#primaryimage\"},\"thumbnailUrl\":\"https:\/\/www.pressenza.com\/wp-content\/uploads\/2021\/05\/barricada1.jpg\",\"datePublished\":\"2021-05-14T17:58:44+00:00\",\"dateModified\":\"2021-05-14T19:03:46+00:00\",\"description\":\"OPINI\u00c3O &nbsp; &nbsp; Por Coletivo Mulheres Humanistas &nbsp; &nbsp; N\u00f3s, Humanistas Siloistas, Mensageiras, Mensageiros, Mensageires, Mestras e Mestres\",\"breadcrumb\":{\"@id\":\"https:\/\/www.pressenza.com\/pt-pt\/2021\/05\/manifesto-siloista-de-mulheres-e-dissidencias\/#breadcrumb\"},\"inLanguage\":\"pt-PT\",\"potentialAction\":[{\"@type\":\"ReadAction\",\"target\":[\"https:\/\/www.pressenza.com\/pt-pt\/2021\/05\/manifesto-siloista-de-mulheres-e-dissidencias\/\"]}]},{\"@type\":\"ImageObject\",\"inLanguage\":\"pt-PT\",\"@id\":\"https:\/\/www.pressenza.com\/pt-pt\/2021\/05\/manifesto-siloista-de-mulheres-e-dissidencias\/#primaryimage\",\"url\":\"https:\/\/www.pressenza.com\/wp-content\/uploads\/2021\/05\/barricada1.jpg\",\"contentUrl\":\"https:\/\/www.pressenza.com\/wp-content\/uploads\/2021\/05\/barricada1.jpg\",\"width\":750,\"height\":415,\"caption\":\"Manifeste silo\u00efste de femmes et de dissidentes\"},{\"@type\":\"BreadcrumbList\",\"@id\":\"https:\/\/www.pressenza.com\/pt-pt\/2021\/05\/manifesto-siloista-de-mulheres-e-dissidencias\/#breadcrumb\",\"itemListElement\":[{\"@type\":\"ListItem\",\"position\":1,\"name\":\"Accueil\",\"item\":\"https:\/\/www.pressenza.com\/pt-pt\/\"},{\"@type\":\"ListItem\",\"position\":2,\"name\":\"Manifesto Siloista de Mulheres e Dissid\u00eancias\"}]},{\"@type\":\"WebSite\",\"@id\":\"https:\/\/www.pressenza.com\/pt-pt\/#website\",\"url\":\"https:\/\/www.pressenza.com\/pt-pt\/\",\"name\":\"Pressenza\",\"description\":\"International Press Agency\",\"publisher\":{\"@id\":\"https:\/\/www.pressenza.com\/pt-pt\/#organization\"},\"potentialAction\":[{\"@type\":\"SearchAction\",\"target\":{\"@type\":\"EntryPoint\",\"urlTemplate\":\"https:\/\/www.pressenza.com\/pt-pt\/?s={search_term_string}\"},\"query-input\":{\"@type\":\"PropertyValueSpecification\",\"valueRequired\":true,\"valueName\":\"search_term_string\"}}],\"inLanguage\":\"pt-PT\"},{\"@type\":\"Organization\",\"@id\":\"https:\/\/www.pressenza.com\/pt-pt\/#organization\",\"name\":\"Pressenza\",\"url\":\"https:\/\/www.pressenza.com\/pt-pt\/\",\"logo\":{\"@type\":\"ImageObject\",\"inLanguage\":\"pt-PT\",\"@id\":\"https:\/\/www.pressenza.com\/pt-pt\/#\/schema\/logo\/image\/\",\"url\":\"https:\/\/www.pressenza.com\/wp-content\/uploads\/2022\/10\/pressenza_logo_200x200.jpg\",\"contentUrl\":\"https:\/\/www.pressenza.com\/wp-content\/uploads\/2022\/10\/pressenza_logo_200x200.jpg\",\"width\":200,\"height\":200,\"caption\":\"Pressenza\"},\"image\":{\"@id\":\"https:\/\/www.pressenza.com\/pt-pt\/#\/schema\/logo\/image\/\"},\"sameAs\":[\"https:\/\/www.facebook.com\/PressenzaItalia\",\"https:\/\/x.com\/PressenzaIPA\"]},{\"@type\":\"Person\",\"@id\":\"https:\/\/www.pressenza.com\/pt-pt\/#\/schema\/person\/d171826afb7693cfc394da95892bfd93\",\"name\":\"Reda\u00e7\u00e3o S\u00e3o Paulo\",\"description\":\"News from the Pressenza bureau in Sao Paulo, Brazil\",\"sameAs\":[\"https:\/\/www.facebook.com\/PressenzaPortugues\",\"https:\/\/x.com\/pressenza_pt\"],\"url\":\"https:\/\/www.pressenza.com\/pt-pt\/author\/redaccao-sao-paulo\/\"}]}<\/script>\n<!-- \/ Yoast SEO plugin. -->","yoast_head_json":{"title":"Manifesto Siloista de Mulheres e Dissid\u00eancias","description":"OPINI\u00c3O &nbsp; &nbsp; Por Coletivo Mulheres Humanistas &nbsp; &nbsp; N\u00f3s, Humanistas Siloistas, Mensageiras, Mensageiros, Mensageires, Mestras e Mestres","robots":{"index":"index","follow":"follow","max-snippet":"max-snippet:-1","max-image-preview":"max-image-preview:large","max-video-preview":"max-video-preview:-1"},"canonical":"https:\/\/www.pressenza.com\/pt-pt\/2021\/05\/manifesto-siloista-de-mulheres-e-dissidencias\/","og_locale":"pt_PT","og_type":"article","og_title":"Manifesto Siloista de Mulheres e Dissid\u00eancias","og_description":"OPINI\u00c3O &nbsp; &nbsp; Por Coletivo Mulheres Humanistas &nbsp; &nbsp; N\u00f3s, Humanistas Siloistas, Mensageiras, Mensageiros, Mensageires, Mestras e Mestres","og_url":"https:\/\/www.pressenza.com\/pt-pt\/2021\/05\/manifesto-siloista-de-mulheres-e-dissidencias\/","og_site_name":"Pressenza","article_publisher":"https:\/\/www.facebook.com\/PressenzaItalia","article_author":"https:\/\/www.facebook.com\/PressenzaPortugues","article_published_time":"2021-05-14T17:58:44+00:00","article_modified_time":"2021-05-14T19:03:46+00:00","og_image":[{"width":750,"height":415,"url":"https:\/\/www.pressenza.com\/wp-content\/uploads\/2021\/05\/barricada1.jpg","type":"image\/jpeg"}],"author":"Reda\u00e7\u00e3o S\u00e3o Paulo","twitter_card":"summary_large_image","twitter_creator":"@pressenza_pt","twitter_site":"@PressenzaIPA","twitter_misc":{"Escrito por":"Reda\u00e7\u00e3o S\u00e3o Paulo","Tempo estimado de leitura":"3 minutos"},"schema":{"@context":"https:\/\/schema.org","@graph":[{"@type":"Article","@id":"https:\/\/www.pressenza.com\/pt-pt\/2021\/05\/manifesto-siloista-de-mulheres-e-dissidencias\/#article","isPartOf":{"@id":"https:\/\/www.pressenza.com\/pt-pt\/2021\/05\/manifesto-siloista-de-mulheres-e-dissidencias\/"},"author":{"name":"Reda\u00e7\u00e3o S\u00e3o Paulo","@id":"https:\/\/www.pressenza.com\/pt-pt\/#\/schema\/person\/d171826afb7693cfc394da95892bfd93"},"headline":"Manifesto Siloista de Mulheres e Dissid\u00eancias","datePublished":"2021-05-14T17:58:44+00:00","dateModified":"2021-05-14T19:03:46+00:00","mainEntityOfPage":{"@id":"https:\/\/www.pressenza.com\/pt-pt\/2021\/05\/manifesto-siloista-de-mulheres-e-dissidencias\/"},"wordCount":607,"publisher":{"@id":"https:\/\/www.pressenza.com\/pt-pt\/#organization"},"image":{"@id":"https:\/\/www.pressenza.com\/pt-pt\/2021\/05\/manifesto-siloista-de-mulheres-e-dissidencias\/#primaryimage"},"thumbnailUrl":"https:\/\/www.pressenza.com\/wp-content\/uploads\/2021\/05\/barricada1.jpg","keywords":["humanista","mensageires","silo\u00edstas"],"articleSection":["\u00c1m\u00e9rica do Sul","Conte\u00fado Original","G\u00eanero e feminismos","Humanismo e Espiritualidade","Internacional","N\u00e3o viol\u00eancia","Paz e Desarmamento"],"inLanguage":"pt-PT"},{"@type":"WebPage","@id":"https:\/\/www.pressenza.com\/pt-pt\/2021\/05\/manifesto-siloista-de-mulheres-e-dissidencias\/","url":"https:\/\/www.pressenza.com\/pt-pt\/2021\/05\/manifesto-siloista-de-mulheres-e-dissidencias\/","name":"Manifesto Siloista de Mulheres e Dissid\u00eancias","isPartOf":{"@id":"https:\/\/www.pressenza.com\/pt-pt\/#website"},"primaryImageOfPage":{"@id":"https:\/\/www.pressenza.com\/pt-pt\/2021\/05\/manifesto-siloista-de-mulheres-e-dissidencias\/#primaryimage"},"image":{"@id":"https:\/\/www.pressenza.com\/pt-pt\/2021\/05\/manifesto-siloista-de-mulheres-e-dissidencias\/#primaryimage"},"thumbnailUrl":"https:\/\/www.pressenza.com\/wp-content\/uploads\/2021\/05\/barricada1.jpg","datePublished":"2021-05-14T17:58:44+00:00","dateModified":"2021-05-14T19:03:46+00:00","description":"OPINI\u00c3O &nbsp; &nbsp; Por Coletivo Mulheres Humanistas &nbsp; &nbsp; N\u00f3s, Humanistas Siloistas, Mensageiras, Mensageiros, Mensageires, Mestras e Mestres","breadcrumb":{"@id":"https:\/\/www.pressenza.com\/pt-pt\/2021\/05\/manifesto-siloista-de-mulheres-e-dissidencias\/#breadcrumb"},"inLanguage":"pt-PT","potentialAction":[{"@type":"ReadAction","target":["https:\/\/www.pressenza.com\/pt-pt\/2021\/05\/manifesto-siloista-de-mulheres-e-dissidencias\/"]}]},{"@type":"ImageObject","inLanguage":"pt-PT","@id":"https:\/\/www.pressenza.com\/pt-pt\/2021\/05\/manifesto-siloista-de-mulheres-e-dissidencias\/#primaryimage","url":"https:\/\/www.pressenza.com\/wp-content\/uploads\/2021\/05\/barricada1.jpg","contentUrl":"https:\/\/www.pressenza.com\/wp-content\/uploads\/2021\/05\/barricada1.jpg","width":750,"height":415,"caption":"Manifeste silo\u00efste de femmes et de dissidentes"},{"@type":"BreadcrumbList","@id":"https:\/\/www.pressenza.com\/pt-pt\/2021\/05\/manifesto-siloista-de-mulheres-e-dissidencias\/#breadcrumb","itemListElement":[{"@type":"ListItem","position":1,"name":"Accueil","item":"https:\/\/www.pressenza.com\/pt-pt\/"},{"@type":"ListItem","position":2,"name":"Manifesto Siloista de Mulheres e Dissid\u00eancias"}]},{"@type":"WebSite","@id":"https:\/\/www.pressenza.com\/pt-pt\/#website","url":"https:\/\/www.pressenza.com\/pt-pt\/","name":"Pressenza","description":"International Press Agency","publisher":{"@id":"https:\/\/www.pressenza.com\/pt-pt\/#organization"},"potentialAction":[{"@type":"SearchAction","target":{"@type":"EntryPoint","urlTemplate":"https:\/\/www.pressenza.com\/pt-pt\/?s={search_term_string}"},"query-input":{"@type":"PropertyValueSpecification","valueRequired":true,"valueName":"search_term_string"}}],"inLanguage":"pt-PT"},{"@type":"Organization","@id":"https:\/\/www.pressenza.com\/pt-pt\/#organization","name":"Pressenza","url":"https:\/\/www.pressenza.com\/pt-pt\/","logo":{"@type":"ImageObject","inLanguage":"pt-PT","@id":"https:\/\/www.pressenza.com\/pt-pt\/#\/schema\/logo\/image\/","url":"https:\/\/www.pressenza.com\/wp-content\/uploads\/2022\/10\/pressenza_logo_200x200.jpg","contentUrl":"https:\/\/www.pressenza.com\/wp-content\/uploads\/2022\/10\/pressenza_logo_200x200.jpg","width":200,"height":200,"caption":"Pressenza"},"image":{"@id":"https:\/\/www.pressenza.com\/pt-pt\/#\/schema\/logo\/image\/"},"sameAs":["https:\/\/www.facebook.com\/PressenzaItalia","https:\/\/x.com\/PressenzaIPA"]},{"@type":"Person","@id":"https:\/\/www.pressenza.com\/pt-pt\/#\/schema\/person\/d171826afb7693cfc394da95892bfd93","name":"Reda\u00e7\u00e3o S\u00e3o Paulo","description":"News from the Pressenza bureau in Sao Paulo, Brazil","sameAs":["https:\/\/www.facebook.com\/PressenzaPortugues","https:\/\/x.com\/pressenza_pt"],"url":"https:\/\/www.pressenza.com\/pt-pt\/author\/redaccao-sao-paulo\/"}]}},"place":"","original_article_url":"","_links":{"self":[{"href":"https:\/\/www.pressenza.com\/pt-pt\/wp-json\/wp\/v2\/posts\/1360869","targetHints":{"allow":["GET"]}}],"collection":[{"href":"https:\/\/www.pressenza.com\/pt-pt\/wp-json\/wp\/v2\/posts"}],"about":[{"href":"https:\/\/www.pressenza.com\/pt-pt\/wp-json\/wp\/v2\/types\/post"}],"author":[{"embeddable":true,"href":"https:\/\/www.pressenza.com\/pt-pt\/wp-json\/wp\/v2\/users\/44"}],"replies":[{"embeddable":true,"href":"https:\/\/www.pressenza.com\/pt-pt\/wp-json\/wp\/v2\/comments?post=1360869"}],"version-history":[{"count":0,"href":"https:\/\/www.pressenza.com\/pt-pt\/wp-json\/wp\/v2\/posts\/1360869\/revisions"}],"wp:featuredmedia":[{"embeddable":true,"href":"https:\/\/www.pressenza.com\/pt-pt\/wp-json\/wp\/v2\/media\/1360784"}],"wp:attachment":[{"href":"https:\/\/www.pressenza.com\/pt-pt\/wp-json\/wp\/v2\/media?parent=1360869"}],"wp:term":[{"taxonomy":"category","embeddable":true,"href":"https:\/\/www.pressenza.com\/pt-pt\/wp-json\/wp\/v2\/categories?post=1360869"},{"taxonomy":"post_tag","embeddable":true,"href":"https:\/\/www.pressenza.com\/pt-pt\/wp-json\/wp\/v2\/tags?post=1360869"}],"curies":[{"name":"wp","href":"https:\/\/api.w.org\/{rel}","templated":true}]}}