{"id":1358240,"date":"2021-05-10T03:34:53","date_gmt":"2021-05-10T02:34:53","guid":{"rendered":"https:\/\/www.pressenza.com\/2021\/05\/manifiesto-siloista-de-mujeres-y-disidencias\/"},"modified":"2021-05-11T14:49:26","modified_gmt":"2021-05-11T13:49:26","slug":"manifiesto-siloista-de-mujeres-y-disidencias","status":"publish","type":"post","link":"https:\/\/www.pressenza.com\/pt-pt\/2021\/05\/manifiesto-siloista-de-mujeres-y-disidencias\/","title":{"rendered":"Manifesto siloista de mulheres y dissid\u00eancias"},"content":{"rendered":"<p>&nbsp;<\/p>\n<p>N\u00f3s, Humanistas Siloistas, Mensageiras\/es, Mestras\/es da Escola de Silo, escutamos o milenar clamor que percorre o planeta, esse que brota das entranhas da hist\u00f3ria desta civiliza\u00e7\u00e3o patriarcal, que hoje empurra com for\u00e7a para transformar o mundo. Assim somamos nossa contribui\u00e7\u00e3o, jogando luz em nossos \u00e2mbitos para dar coer\u00eancia ao nosso Projeto de Humaniza\u00e7\u00e3o do mundo.<\/p>\n<p>Somos mulheres e dissid\u00eancias que n\u00e3o queremos nos descuidar nem nos expor nunca mais a nenhum tipo de viol\u00eancia pela ingenuidade de acreditar que nossos espa\u00e7os s\u00e3o seguros, porque n\u00e3o s\u00e3o. Eles ser\u00e3o seguros na medida que se fa\u00e7a o que est\u00e1 expressado neste manifesto.<\/p>\n<p>Certamente sabemos que ocorreram diferentes casos de viol\u00eancia sexual ao longo da nossa hist\u00f3ria e que por nos mantermos caladas continuaram ocorrendo nas gera\u00e7\u00f5es subsequentes. N\u00e3o queremos que essas viol\u00eancias fa\u00e7am parte das experi\u00eancias das novas gera\u00e7\u00f5es.<\/p>\n<p>O medo, a degrada\u00e7\u00e3o e os pactos de sil\u00eancio perpetuaram o anti-humanismo em nossos \u00e2mbitos humanistas. N\u00e3o aceitaremos que isso continue acontecendo, esses comportamentos nada tem a ver com a doutrina Siloista.<\/p>\n<p>Refor\u00e7amos nossa rejei\u00e7\u00e3o a todas as formas de viol\u00eancia que temos vivido pelo simples fato de sermos mulheres e dissid\u00eancias.<\/p>\n<p>Quebramos o pacto de sil\u00eancio do que fomos parte durante tantos anos.<br \/>\nExigimos respeito a nossa subjetividade e o valor da intencionalidade de cada ser humano, em resson\u00e2ncia com nossos princ\u00edpios de a\u00e7\u00e3o v\u00e1lida.<\/p>\n<p>Intencionamos o interc\u00e2mbio, o acolhimento e o trabalho entre n\u00f3s, quebrando as patriarcais inimizades que nos foram impostas e reparando os danos que durante s\u00e9culos temos alastrado.<\/p>\n<p>Nos protegemos entre n\u00f3s e queremos construir \u00e2mbitos confi\u00e1veis e verdadeiramente n\u00e3o violentos, onde n\u00e3o tenham que se guardar as apar\u00eancias, para todas as mulheres, dissid\u00eancias e crian\u00e7as a partir de hoje.<\/p>\n<p>Repudiamos com firmeza em nossos espa\u00e7os aos violentos que p\u00f5em em perigo a integridade f\u00edsica e psicol\u00f3gica de quem participa deles. De acordo com a declara\u00e7\u00e3o, daremos visibilidade \u00e0s situa\u00e7\u00f5es de viol\u00eancia em concord\u00e2ncia com a metodologia da n\u00e3o viol\u00eancia ativa, com a den\u00fancia p\u00fablica da injusti\u00e7a conforme o nosso protocolo de procedimentos.<\/p>\n<p>Lutamos por \u00e2mbitos nos quais sejam rejeitados verdadeiramente a degrada\u00e7\u00e3o, a exposi\u00e7\u00e3o ao rid\u00edculo, a humilha\u00e7\u00e3o, a objetifica\u00e7\u00e3o. E acima de tudo, a nega\u00e7\u00e3o da intencionalidade de outrxs, que satisfaz as viol\u00eancias de alguns.<\/p>\n<p>Trabalharemos para que todxs encontrem finalmente a for\u00e7a para se expressar, porque esse processo \u00e9 fundamental e o interesse \u00e9 a humaniza\u00e7\u00e3o, e o futuro aberto.<\/p>\n<p>Expressamos nossa solidariedade ativa \u00e0s amigas e amigues humanistas que necessitem de uma rede de conten\u00e7\u00e3o como esta, e convidamos a se somarem a nossos interc\u00e2mbios e a\u00e7\u00f5es n\u00e3o violentas.<\/p>\n<p>Agora, o que estava naturalizado j\u00e1 n\u00e3o est\u00e1, as feridas foram expostas. N\u00e3o somente as nossas, as ancestrais gritam conosco ao longo de s\u00e9culos. N\u00e3o s\u00f3 pelas mais aberrantes das viol\u00eancias, mas tamb\u00e9m pelas mais sutis e simb\u00f3licas.<\/p>\n<p>Este \u00e9 um ato de f\u00e9 em que os conjuntos ir\u00e3o melhorar aos indiv\u00edduos; e \u00e9 mais um passo na Humaniza\u00e7\u00e3o do mundo e de n\u00f3s mesmxs.<\/p>\n<p>Paz, forza e alegria!<\/p>\n<p>Barricada Internacional<\/p>\n","protected":false},"excerpt":{"rendered":"<p>&nbsp; N\u00f3s, Humanistas Siloistas, Mensageiras\/es, Mestras\/es da Escola de Silo, escutamos o milenar clamor que percorre o planeta, esse que brota das entranhas da hist\u00f3ria desta civiliza\u00e7\u00e3o patriarcal, que hoje empurra com for\u00e7a para transformar o mundo. Assim somamos nossa&hellip;<\/p>\n","protected":false},"author":87,"featured_media":1357973,"comment_status":"closed","ping_status":"closed","sticky":false,"template":"","format":"standard","meta":{"footnotes":""},"categories":[11390,54514,42],"tags":[90817,11855,90819,90820],"class_list":["post-1358240","post","type-post","status-publish","format-standard","has-post-thumbnail","hentry","category-conteudo-original","category-genero-e-feminismos","category-internacional-2","tag-disidencias-pt-pt","tag-feminismo-pt-pt","tag-gender-pt-pt","tag-women-pt-pt"],"yoast_head":"<!-- This site is optimized with the Yoast SEO plugin v27.1.1 - https:\/\/yoast.com\/product\/yoast-seo-wordpress\/ -->\n<title>Manifesto siloista de mulheres y dissid\u00eancias<\/title>\n<meta name=\"description\" content=\"&nbsp; N\u00f3s, Humanistas Siloistas, Mensageiras\/es, Mestras\/es da Escola de Silo, escutamos o milenar clamor que percorre o planeta, esse que brota das\" \/>\n<meta name=\"robots\" content=\"index, follow, max-snippet:-1, max-image-preview:large, max-video-preview:-1\" \/>\n<link rel=\"canonical\" href=\"https:\/\/www.pressenza.com\/pt-pt\/2021\/05\/manifiesto-siloista-de-mujeres-y-disidencias\/\" \/>\n<meta property=\"og:locale\" content=\"pt_PT\" \/>\n<meta property=\"og:type\" content=\"article\" \/>\n<meta property=\"og:title\" content=\"Manifesto siloista de mulheres y dissid\u00eancias\" \/>\n<meta property=\"og:description\" content=\"&nbsp; N\u00f3s, Humanistas Siloistas, Mensageiras\/es, Mestras\/es da Escola de Silo, escutamos o milenar clamor que percorre o planeta, esse que brota das\" \/>\n<meta property=\"og:url\" content=\"https:\/\/www.pressenza.com\/pt-pt\/2021\/05\/manifiesto-siloista-de-mujeres-y-disidencias\/\" \/>\n<meta property=\"og:site_name\" content=\"Pressenza\" \/>\n<meta property=\"article:publisher\" content=\"https:\/\/www.facebook.com\/PressenzaItalia\" \/>\n<meta property=\"article:published_time\" content=\"2021-05-10T02:34:53+00:00\" \/>\n<meta property=\"article:modified_time\" content=\"2021-05-11T13:49:26+00:00\" \/>\n<meta property=\"og:image\" content=\"https:\/\/www.pressenza.com\/wp-content\/uploads\/2021\/05\/barricada.jpg\" \/>\n\t<meta property=\"og:image:width\" content=\"640\" \/>\n\t<meta property=\"og:image:height\" content=\"640\" \/>\n\t<meta property=\"og:image:type\" content=\"image\/jpeg\" \/>\n<meta name=\"author\" content=\"Redacci\u00f3n Argentina\" \/>\n<meta name=\"twitter:card\" content=\"summary_large_image\" \/>\n<meta name=\"twitter:creator\" content=\"@pressenza\" \/>\n<meta name=\"twitter:site\" content=\"@PressenzaIPA\" \/>\n<meta name=\"twitter:label1\" content=\"Escrito por\" \/>\n\t<meta name=\"twitter:data1\" content=\"Redacci\u00f3n Argentina\" \/>\n\t<meta name=\"twitter:label2\" content=\"Tempo estimado de leitura\" \/>\n\t<meta name=\"twitter:data2\" content=\"3 minutos\" \/>\n<script type=\"application\/ld+json\" class=\"yoast-schema-graph\">{\"@context\":\"https:\/\/schema.org\",\"@graph\":[{\"@type\":\"Article\",\"@id\":\"https:\/\/www.pressenza.com\/pt-pt\/2021\/05\/manifiesto-siloista-de-mujeres-y-disidencias\/#article\",\"isPartOf\":{\"@id\":\"https:\/\/www.pressenza.com\/pt-pt\/2021\/05\/manifiesto-siloista-de-mujeres-y-disidencias\/\"},\"author\":{\"name\":\"Redacci\u00f3n Argentina\",\"@id\":\"https:\/\/www.pressenza.com\/pt-pt\/#\/schema\/person\/0dda7d1b68267ad95b1e1d83abc98c89\"},\"headline\":\"Manifesto siloista de mulheres y dissid\u00eancias\",\"datePublished\":\"2021-05-10T02:34:53+00:00\",\"dateModified\":\"2021-05-11T13:49:26+00:00\",\"mainEntityOfPage\":{\"@id\":\"https:\/\/www.pressenza.com\/pt-pt\/2021\/05\/manifiesto-siloista-de-mujeres-y-disidencias\/\"},\"wordCount\":585,\"publisher\":{\"@id\":\"https:\/\/www.pressenza.com\/pt-pt\/#organization\"},\"image\":{\"@id\":\"https:\/\/www.pressenza.com\/pt-pt\/2021\/05\/manifiesto-siloista-de-mujeres-y-disidencias\/#primaryimage\"},\"thumbnailUrl\":\"https:\/\/www.pressenza.com\/wp-content\/uploads\/2021\/05\/barricada.jpg\",\"keywords\":[\"disidencias\",\"feminismo\",\"Gender\",\"women\"],\"articleSection\":[\"Conte\u00fado Original\",\"G\u00eanero e feminismos\",\"Internacional\"],\"inLanguage\":\"pt-PT\"},{\"@type\":\"WebPage\",\"@id\":\"https:\/\/www.pressenza.com\/pt-pt\/2021\/05\/manifiesto-siloista-de-mujeres-y-disidencias\/\",\"url\":\"https:\/\/www.pressenza.com\/pt-pt\/2021\/05\/manifiesto-siloista-de-mujeres-y-disidencias\/\",\"name\":\"Manifesto siloista de mulheres y dissid\u00eancias\",\"isPartOf\":{\"@id\":\"https:\/\/www.pressenza.com\/pt-pt\/#website\"},\"primaryImageOfPage\":{\"@id\":\"https:\/\/www.pressenza.com\/pt-pt\/2021\/05\/manifiesto-siloista-de-mujeres-y-disidencias\/#primaryimage\"},\"image\":{\"@id\":\"https:\/\/www.pressenza.com\/pt-pt\/2021\/05\/manifiesto-siloista-de-mujeres-y-disidencias\/#primaryimage\"},\"thumbnailUrl\":\"https:\/\/www.pressenza.com\/wp-content\/uploads\/2021\/05\/barricada.jpg\",\"datePublished\":\"2021-05-10T02:34:53+00:00\",\"dateModified\":\"2021-05-11T13:49:26+00:00\",\"description\":\"&nbsp; N\u00f3s, Humanistas Siloistas, Mensageiras\/es, Mestras\/es da Escola de Silo, escutamos o milenar clamor que percorre o planeta, esse que brota das\",\"breadcrumb\":{\"@id\":\"https:\/\/www.pressenza.com\/pt-pt\/2021\/05\/manifiesto-siloista-de-mujeres-y-disidencias\/#breadcrumb\"},\"inLanguage\":\"pt-PT\",\"potentialAction\":[{\"@type\":\"ReadAction\",\"target\":[\"https:\/\/www.pressenza.com\/pt-pt\/2021\/05\/manifiesto-siloista-de-mujeres-y-disidencias\/\"]}]},{\"@type\":\"ImageObject\",\"inLanguage\":\"pt-PT\",\"@id\":\"https:\/\/www.pressenza.com\/pt-pt\/2021\/05\/manifiesto-siloista-de-mujeres-y-disidencias\/#primaryimage\",\"url\":\"https:\/\/www.pressenza.com\/wp-content\/uploads\/2021\/05\/barricada.jpg\",\"contentUrl\":\"https:\/\/www.pressenza.com\/wp-content\/uploads\/2021\/05\/barricada.jpg\",\"width\":640,\"height\":640},{\"@type\":\"BreadcrumbList\",\"@id\":\"https:\/\/www.pressenza.com\/pt-pt\/2021\/05\/manifiesto-siloista-de-mujeres-y-disidencias\/#breadcrumb\",\"itemListElement\":[{\"@type\":\"ListItem\",\"position\":1,\"name\":\"Accueil\",\"item\":\"https:\/\/www.pressenza.com\/pt-pt\/\"},{\"@type\":\"ListItem\",\"position\":2,\"name\":\"Manifesto siloista de mulheres y dissid\u00eancias\"}]},{\"@type\":\"WebSite\",\"@id\":\"https:\/\/www.pressenza.com\/pt-pt\/#website\",\"url\":\"https:\/\/www.pressenza.com\/pt-pt\/\",\"name\":\"Pressenza\",\"description\":\"International Press Agency\",\"publisher\":{\"@id\":\"https:\/\/www.pressenza.com\/pt-pt\/#organization\"},\"potentialAction\":[{\"@type\":\"SearchAction\",\"target\":{\"@type\":\"EntryPoint\",\"urlTemplate\":\"https:\/\/www.pressenza.com\/pt-pt\/?s={search_term_string}\"},\"query-input\":{\"@type\":\"PropertyValueSpecification\",\"valueRequired\":true,\"valueName\":\"search_term_string\"}}],\"inLanguage\":\"pt-PT\"},{\"@type\":\"Organization\",\"@id\":\"https:\/\/www.pressenza.com\/pt-pt\/#organization\",\"name\":\"Pressenza\",\"url\":\"https:\/\/www.pressenza.com\/pt-pt\/\",\"logo\":{\"@type\":\"ImageObject\",\"inLanguage\":\"pt-PT\",\"@id\":\"https:\/\/www.pressenza.com\/pt-pt\/#\/schema\/logo\/image\/\",\"url\":\"https:\/\/www.pressenza.com\/wp-content\/uploads\/2022\/10\/pressenza_logo_200x200.jpg\",\"contentUrl\":\"https:\/\/www.pressenza.com\/wp-content\/uploads\/2022\/10\/pressenza_logo_200x200.jpg\",\"width\":200,\"height\":200,\"caption\":\"Pressenza\"},\"image\":{\"@id\":\"https:\/\/www.pressenza.com\/pt-pt\/#\/schema\/logo\/image\/\"},\"sameAs\":[\"https:\/\/www.facebook.com\/PressenzaItalia\",\"https:\/\/x.com\/PressenzaIPA\"]},{\"@type\":\"Person\",\"@id\":\"https:\/\/www.pressenza.com\/pt-pt\/#\/schema\/person\/0dda7d1b68267ad95b1e1d83abc98c89\",\"name\":\"Redacci\u00f3n Argentina\",\"description\":\"News from the Pressenza Bureau in Argentina.\",\"sameAs\":[\"https:\/\/x.com\/pressenza\"],\"url\":\"https:\/\/www.pressenza.com\/pt-pt\/author\/redaccion-argentina\/\"}]}<\/script>\n<!-- \/ Yoast SEO plugin. -->","yoast_head_json":{"title":"Manifesto siloista de mulheres y dissid\u00eancias","description":"&nbsp; N\u00f3s, Humanistas Siloistas, Mensageiras\/es, Mestras\/es da Escola de Silo, escutamos o milenar clamor que percorre o planeta, esse que brota das","robots":{"index":"index","follow":"follow","max-snippet":"max-snippet:-1","max-image-preview":"max-image-preview:large","max-video-preview":"max-video-preview:-1"},"canonical":"https:\/\/www.pressenza.com\/pt-pt\/2021\/05\/manifiesto-siloista-de-mujeres-y-disidencias\/","og_locale":"pt_PT","og_type":"article","og_title":"Manifesto siloista de mulheres y dissid\u00eancias","og_description":"&nbsp; N\u00f3s, Humanistas Siloistas, Mensageiras\/es, Mestras\/es da Escola de Silo, escutamos o milenar clamor que percorre o planeta, esse que brota das","og_url":"https:\/\/www.pressenza.com\/pt-pt\/2021\/05\/manifiesto-siloista-de-mujeres-y-disidencias\/","og_site_name":"Pressenza","article_publisher":"https:\/\/www.facebook.com\/PressenzaItalia","article_published_time":"2021-05-10T02:34:53+00:00","article_modified_time":"2021-05-11T13:49:26+00:00","og_image":[{"width":640,"height":640,"url":"https:\/\/www.pressenza.com\/wp-content\/uploads\/2021\/05\/barricada.jpg","type":"image\/jpeg"}],"author":"Redacci\u00f3n Argentina","twitter_card":"summary_large_image","twitter_creator":"@pressenza","twitter_site":"@PressenzaIPA","twitter_misc":{"Escrito por":"Redacci\u00f3n Argentina","Tempo estimado de leitura":"3 minutos"},"schema":{"@context":"https:\/\/schema.org","@graph":[{"@type":"Article","@id":"https:\/\/www.pressenza.com\/pt-pt\/2021\/05\/manifiesto-siloista-de-mujeres-y-disidencias\/#article","isPartOf":{"@id":"https:\/\/www.pressenza.com\/pt-pt\/2021\/05\/manifiesto-siloista-de-mujeres-y-disidencias\/"},"author":{"name":"Redacci\u00f3n Argentina","@id":"https:\/\/www.pressenza.com\/pt-pt\/#\/schema\/person\/0dda7d1b68267ad95b1e1d83abc98c89"},"headline":"Manifesto siloista de mulheres y dissid\u00eancias","datePublished":"2021-05-10T02:34:53+00:00","dateModified":"2021-05-11T13:49:26+00:00","mainEntityOfPage":{"@id":"https:\/\/www.pressenza.com\/pt-pt\/2021\/05\/manifiesto-siloista-de-mujeres-y-disidencias\/"},"wordCount":585,"publisher":{"@id":"https:\/\/www.pressenza.com\/pt-pt\/#organization"},"image":{"@id":"https:\/\/www.pressenza.com\/pt-pt\/2021\/05\/manifiesto-siloista-de-mujeres-y-disidencias\/#primaryimage"},"thumbnailUrl":"https:\/\/www.pressenza.com\/wp-content\/uploads\/2021\/05\/barricada.jpg","keywords":["disidencias","feminismo","Gender","women"],"articleSection":["Conte\u00fado Original","G\u00eanero e feminismos","Internacional"],"inLanguage":"pt-PT"},{"@type":"WebPage","@id":"https:\/\/www.pressenza.com\/pt-pt\/2021\/05\/manifiesto-siloista-de-mujeres-y-disidencias\/","url":"https:\/\/www.pressenza.com\/pt-pt\/2021\/05\/manifiesto-siloista-de-mujeres-y-disidencias\/","name":"Manifesto siloista de mulheres y dissid\u00eancias","isPartOf":{"@id":"https:\/\/www.pressenza.com\/pt-pt\/#website"},"primaryImageOfPage":{"@id":"https:\/\/www.pressenza.com\/pt-pt\/2021\/05\/manifiesto-siloista-de-mujeres-y-disidencias\/#primaryimage"},"image":{"@id":"https:\/\/www.pressenza.com\/pt-pt\/2021\/05\/manifiesto-siloista-de-mujeres-y-disidencias\/#primaryimage"},"thumbnailUrl":"https:\/\/www.pressenza.com\/wp-content\/uploads\/2021\/05\/barricada.jpg","datePublished":"2021-05-10T02:34:53+00:00","dateModified":"2021-05-11T13:49:26+00:00","description":"&nbsp; N\u00f3s, Humanistas Siloistas, Mensageiras\/es, Mestras\/es da Escola de Silo, escutamos o milenar clamor que percorre o planeta, esse que brota das","breadcrumb":{"@id":"https:\/\/www.pressenza.com\/pt-pt\/2021\/05\/manifiesto-siloista-de-mujeres-y-disidencias\/#breadcrumb"},"inLanguage":"pt-PT","potentialAction":[{"@type":"ReadAction","target":["https:\/\/www.pressenza.com\/pt-pt\/2021\/05\/manifiesto-siloista-de-mujeres-y-disidencias\/"]}]},{"@type":"ImageObject","inLanguage":"pt-PT","@id":"https:\/\/www.pressenza.com\/pt-pt\/2021\/05\/manifiesto-siloista-de-mujeres-y-disidencias\/#primaryimage","url":"https:\/\/www.pressenza.com\/wp-content\/uploads\/2021\/05\/barricada.jpg","contentUrl":"https:\/\/www.pressenza.com\/wp-content\/uploads\/2021\/05\/barricada.jpg","width":640,"height":640},{"@type":"BreadcrumbList","@id":"https:\/\/www.pressenza.com\/pt-pt\/2021\/05\/manifiesto-siloista-de-mujeres-y-disidencias\/#breadcrumb","itemListElement":[{"@type":"ListItem","position":1,"name":"Accueil","item":"https:\/\/www.pressenza.com\/pt-pt\/"},{"@type":"ListItem","position":2,"name":"Manifesto siloista de mulheres y dissid\u00eancias"}]},{"@type":"WebSite","@id":"https:\/\/www.pressenza.com\/pt-pt\/#website","url":"https:\/\/www.pressenza.com\/pt-pt\/","name":"Pressenza","description":"International Press Agency","publisher":{"@id":"https:\/\/www.pressenza.com\/pt-pt\/#organization"},"potentialAction":[{"@type":"SearchAction","target":{"@type":"EntryPoint","urlTemplate":"https:\/\/www.pressenza.com\/pt-pt\/?s={search_term_string}"},"query-input":{"@type":"PropertyValueSpecification","valueRequired":true,"valueName":"search_term_string"}}],"inLanguage":"pt-PT"},{"@type":"Organization","@id":"https:\/\/www.pressenza.com\/pt-pt\/#organization","name":"Pressenza","url":"https:\/\/www.pressenza.com\/pt-pt\/","logo":{"@type":"ImageObject","inLanguage":"pt-PT","@id":"https:\/\/www.pressenza.com\/pt-pt\/#\/schema\/logo\/image\/","url":"https:\/\/www.pressenza.com\/wp-content\/uploads\/2022\/10\/pressenza_logo_200x200.jpg","contentUrl":"https:\/\/www.pressenza.com\/wp-content\/uploads\/2022\/10\/pressenza_logo_200x200.jpg","width":200,"height":200,"caption":"Pressenza"},"image":{"@id":"https:\/\/www.pressenza.com\/pt-pt\/#\/schema\/logo\/image\/"},"sameAs":["https:\/\/www.facebook.com\/PressenzaItalia","https:\/\/x.com\/PressenzaIPA"]},{"@type":"Person","@id":"https:\/\/www.pressenza.com\/pt-pt\/#\/schema\/person\/0dda7d1b68267ad95b1e1d83abc98c89","name":"Redacci\u00f3n Argentina","description":"News from the Pressenza Bureau in Argentina.","sameAs":["https:\/\/x.com\/pressenza"],"url":"https:\/\/www.pressenza.com\/pt-pt\/author\/redaccion-argentina\/"}]}},"place":"","original_article_url":"","_links":{"self":[{"href":"https:\/\/www.pressenza.com\/pt-pt\/wp-json\/wp\/v2\/posts\/1358240","targetHints":{"allow":["GET"]}}],"collection":[{"href":"https:\/\/www.pressenza.com\/pt-pt\/wp-json\/wp\/v2\/posts"}],"about":[{"href":"https:\/\/www.pressenza.com\/pt-pt\/wp-json\/wp\/v2\/types\/post"}],"author":[{"embeddable":true,"href":"https:\/\/www.pressenza.com\/pt-pt\/wp-json\/wp\/v2\/users\/87"}],"replies":[{"embeddable":true,"href":"https:\/\/www.pressenza.com\/pt-pt\/wp-json\/wp\/v2\/comments?post=1358240"}],"version-history":[{"count":0,"href":"https:\/\/www.pressenza.com\/pt-pt\/wp-json\/wp\/v2\/posts\/1358240\/revisions"}],"wp:featuredmedia":[{"embeddable":true,"href":"https:\/\/www.pressenza.com\/pt-pt\/wp-json\/wp\/v2\/media\/1357973"}],"wp:attachment":[{"href":"https:\/\/www.pressenza.com\/pt-pt\/wp-json\/wp\/v2\/media?parent=1358240"}],"wp:term":[{"taxonomy":"category","embeddable":true,"href":"https:\/\/www.pressenza.com\/pt-pt\/wp-json\/wp\/v2\/categories?post=1358240"},{"taxonomy":"post_tag","embeddable":true,"href":"https:\/\/www.pressenza.com\/pt-pt\/wp-json\/wp\/v2\/tags?post=1358240"}],"curies":[{"name":"wp","href":"https:\/\/api.w.org\/{rel}","templated":true}]}}