{"id":1351150,"date":"2021-04-29T20:03:46","date_gmt":"2021-04-29T19:03:46","guid":{"rendered":"https:\/\/www.pressenza.com\/?p=1351150"},"modified":"2021-04-29T20:03:46","modified_gmt":"2021-04-29T19:03:46","slug":"brasil-amarga-a-marca-de-400-mil-vidas-perdidas","status":"publish","type":"post","link":"https:\/\/www.pressenza.com\/pt-pt\/2021\/04\/brasil-amarga-a-marca-de-400-mil-vidas-perdidas\/","title":{"rendered":"Brasil amarga a marca de 400 mil vidas perdidas"},"content":{"rendered":"<h5><span style=\"color: #999999;\">OPINI\u00c3O<\/span><\/h5>\n<p>&nbsp;<\/p>\n<p>&nbsp;<\/p>\n<p><em><strong>Por Paolo D&#8217;Aprile<\/strong><\/em><\/p>\n<p>&nbsp;<\/p>\n<p>&nbsp;<\/p>\n<p style=\"text-align: right;\" align=\"justify\"><span lang=\"it-IT\">(<\/span><span lang=\"it-IT\">Ma voglio di pi\u00f9 di quello che vedi, voglio di pi\u00f9 di questi anni amari.\u00a0<\/span>Mas eu quero mais daquilo que est\u00e1 vendo, eu quero mais que esses anos amargos &#8211; Pino Daniele)<\/p>\n<p align=\"justify\">\n<p align=\"justify\">Corpos deformados em massa de suor, na espera de agarrar-se a outros corpos em \u00f4nibus de todos os sub\u00farbios, onde a palavra &#8220;fim&#8221; n\u00e3o existe, onde a chantagem do patr\u00e3o e o espectro da fome imp\u00f5em a inexor\u00e1vel lei do sil\u00eancio: o meu povo morre. 400 mil pessoas j\u00e1 morreram. Quantos mais morrer\u00e3o?<\/p>\n<p align=\"justify\">A nova normalidade de uma ordem que nunca \u00e9 nova, mas eterna, fundadora de um implac\u00e1vel nexo l\u00f3gico que anuncia ao mundo a verdade real: nada de democr\u00e1tico tem o v\u00edrus que veio para exterminar os pobres, nada de democr\u00e1tico tem a cat\u00e1strofe hist\u00f3rica que caiu sobre os corpos humilhados nos \u00f4nibus e nas favelas, onde a mosca e o verme sempre ganharam todas as guerras, onde at\u00e9 mesmo as cores de Van Gogh vivem em cinzenta monotonia, e o tormento de todas as emo\u00e7\u00f5es \u00e9 anulado na experi\u00eancia da opress\u00e3o de cada dia.<\/p>\n<p align=\"justify\">Meu povo morre, sob as ordens de um l\u00edder, que pronuncia a palavra morte t\u00e3o banalmente como pronunciaria qualquer outra. Meu povo morre, na suprema nega\u00e7\u00e3o de sua pr\u00f3pria morte, quando \u00e9 convocado ao trabalho, aos bares, aos shoppings, para salvar uma economia que nunca lhe pertenceu e nunca lhe pertencer\u00e1.<\/p>\n<p align=\"justify\">Onde a voz humana se esgota em si mesma, onde o grito de m\u00e3es, esposas, filhos, pais, n\u00e3o serve mais, onde at\u00e9 mesmo a ang\u00fastia de hoje soa falsa: meu povo morre, corpos e mais corpos aos milhares, todos os dias. O tempo abstrato do infra-humano imp\u00f5e seu peso esmagador sobre a cabe\u00e7a que instintivamente luta para permanecer \u00e0 tona, mas vive se extinguindo no derradeiro latido.<\/p>\n<p align=\"justify\">Naufragado nos imensos sub\u00farbios de lama, meu povo morre. E aqueles que morrem j\u00e1 est\u00e3o mortos em seu respeito pr\u00f3prio, em sua dignidade, os corpos amontoados no \u00f4nibus que nunca chega, respondem \u00e0 chantagem, sem mais nada a temer, nem mesmo os golpes, as feridas, a febre, o ar que se acaba, as filas no pronto-socorro, o hospital cheio, as valas comuns na terra nua. Aqueles que morrem j\u00e1 est\u00e3o mortos e enlouquecidos. E basta chamar um louco de &#8220;Majestade&#8221;, para ele acreditar que \u00e9 Napole\u00e3o, o Papa, o Rei. \u00c9 assim, \u00e9 desse jeito que meu povo morre, zangado, teimoso, ferozmente submisso. E nem pode mais chorar, seus olhos viscosos como baba de lesma, mariscos secos, n\u00e3o choram mais.<\/p>\n<p align=\"justify\">Simplesmente morre: n\u00fameros, estat\u00edsticas e sil\u00eancio. E nos abandonamos, no embalo da imensid\u00e3o de uma doce onda, para falar de fome, desemprego em massa, barracos miser\u00e1veis, massacres em carne viva, abandono. E quando os mortos comer\u00e3o os vivos, talvez os poderosos do mundo tomem consci\u00eancia do meu povo: talvez.<\/p>\n<p align=\"justify\">N\u00f3s, que fomos os imperadores da met\u00e1fora, das alegorias, os sult\u00f5es de todas as hip\u00e9rboles de um mundo barroco constru\u00eddo como vontade e representa\u00e7\u00e3o do mito de uma conviv\u00eancia c\u00edvica e de um pacto libert\u00e1rio, agora temos o gosto de sangue na boca e o fedor da trag\u00e9dia da exist\u00eancia que vem cobrar seu inexor\u00e1vel tributo de vidas humanas.<\/p>\n<p align=\"justify\">\u00c9 uma infelicidade totalizante, um desastre t\u00e3o abomin\u00e1vel que parece abstra\u00e7\u00e3o: a banalidade do mal. E neste mundo t\u00e3o rico, apodrecido pelo peso de seu pr\u00f3prio sonho, somos deixados a rastejar como os sobreviventes de uma carnificina de matin\u00ea dominical, arrastando-nos para uma vida de merda, esmagados pela indiferen\u00e7a das multid\u00f5es.<\/p>\n<p align=\"justify\">Nossas palavras, anunciadas feito possibilidade tang\u00edvel, voltam como advert\u00eancia insuport\u00e1vel: &#8220;Eu avisei, eu avisei&#8221;&#8230; Mas agora sabemos, aprendemos a pauladas e cusparadas na cara: a hist\u00f3ria n\u00e3o precisa do passado, a hist\u00f3ria \u00e9 constru\u00edda sobre n\u00f3s, e aqui, hoje, a presen\u00e7a se torna aus\u00eancia, como uma foto na qual voc\u00ea n\u00e3o est\u00e1, como a mem\u00f3ria de outra pessoa que n\u00e3o \u00e9 voc\u00ea, que n\u00e3o sou eu, que n\u00e3o \u00e9 nenhum dos corpos amontoados na esta\u00e7\u00e3o de metr\u00f4, como uma m\u00e1scara in\u00fatil, como um v\u00edrus, um verme, como a mosca que venceu todas as batalhas: preso no terror de n\u00f3s mesmos, o existir-para-o-outro, o viver-para-amar, desvanece para sempre. N\u00f3s nunca mais voltaremos para casa. A casa dos homens foi destru\u00edda, definitivamente destru\u00edda.<\/p>\n<p align=\"justify\">\n<p align=\"justify\">&#8220;N\u00e3o h\u00e1 nem mesmo uma mosca em Mil\u00e3o?&#8221;<\/p>\n<p align=\"justify\">&#8220;N\u00e3o, nem mesmo uma mosca. N\u00f3s os matamos a todos. \u00c9 higi\u00eanico, voc\u00ea evita infec\u00e7\u00f5es, doen\u00e7as&#8221;.<\/p>\n<p align=\"justify\">&#8220;Tamb\u00e9m em N\u00e1poles, de fato, n\u00f3s combatemos as moscas&#8221;.<\/p>\n<p align=\"justify\">&#8220;Ent\u00e3o por que ainda h\u00e1 tantas moscas em N\u00e1poles?&#8221;<\/p>\n<p align=\"justify\">&#8220;Sabe como \u00e9, meu senhor: as moscas ganharam!&#8221;<\/p>\n<p align=\"justify\">(Curzio Malaparte &#8211; Kaputt)<\/p>\n","protected":false},"excerpt":{"rendered":"<p>OPINI\u00c3O &nbsp; &nbsp; Por Paolo D&#8217;Aprile &nbsp; &nbsp; (Ma voglio di pi\u00f9 di quello che vedi, voglio di pi\u00f9 di questi anni amari.\u00a0Mas eu quero mais daquilo que est\u00e1 vendo, eu quero mais que esses anos amargos &#8211; Pino Daniele)&hellip;<\/p>\n","protected":false},"author":1567,"featured_media":1351151,"comment_status":"closed","ping_status":"closed","sticky":false,"template":"","format":"standard","meta":{"footnotes":""},"categories":[104,11390,116,165,111,1253],"tags":[6563,73244,90242],"class_list":["post-1351150","post","type-post","status-publish","format-standard","has-post-thumbnail","hentry","category-america-do-sul","category-conteudo-original","category-direitos-humanos","category-opiniao","category-politica-pt-pt","category-saude","tag-opiniao-2","tag-pandemia-pt-pt","tag-reflexao"],"yoast_head":"<!-- This site is optimized with the Yoast SEO plugin v27.1.1 - https:\/\/yoast.com\/product\/yoast-seo-wordpress\/ -->\n<title>Brasil amarga a marca de 400 mil vidas perdidas<\/title>\n<meta name=\"description\" content=\"OPINI\u00c3O &nbsp; &nbsp; Por Paolo D&#039;Aprile &nbsp; &nbsp; (Ma voglio di pi\u00f9 di quello che vedi, voglio di pi\u00f9 di questi anni amari.\u00a0Mas eu quero mais daquilo\" \/>\n<meta name=\"robots\" content=\"index, follow, max-snippet:-1, max-image-preview:large, max-video-preview:-1\" \/>\n<link rel=\"canonical\" href=\"https:\/\/www.pressenza.com\/pt-pt\/2021\/04\/brasil-amarga-a-marca-de-400-mil-vidas-perdidas\/\" \/>\n<meta property=\"og:locale\" content=\"pt_PT\" \/>\n<meta property=\"og:type\" content=\"article\" \/>\n<meta property=\"og:title\" content=\"Brasil amarga a marca de 400 mil vidas perdidas\" \/>\n<meta property=\"og:description\" content=\"OPINI\u00c3O &nbsp; &nbsp; Por Paolo D&#039;Aprile &nbsp; &nbsp; (Ma voglio di pi\u00f9 di quello che vedi, voglio di pi\u00f9 di questi anni amari.\u00a0Mas eu quero mais daquilo\" \/>\n<meta property=\"og:url\" content=\"https:\/\/www.pressenza.com\/pt-pt\/2021\/04\/brasil-amarga-a-marca-de-400-mil-vidas-perdidas\/\" \/>\n<meta property=\"og:site_name\" content=\"Pressenza\" \/>\n<meta property=\"article:publisher\" content=\"https:\/\/www.facebook.com\/PressenzaItalia\" \/>\n<meta property=\"article:published_time\" content=\"2021-04-29T19:03:46+00:00\" \/>\n<meta property=\"og:image\" content=\"https:\/\/www.pressenza.com\/wp-content\/uploads\/2021\/04\/coronavirus-5681965_640.jpg\" \/>\n\t<meta property=\"og:image:width\" content=\"640\" \/>\n\t<meta property=\"og:image:height\" content=\"427\" \/>\n\t<meta property=\"og:image:type\" content=\"image\/jpeg\" \/>\n<meta name=\"author\" content=\"Paolo D&#039;Aprile\" \/>\n<meta name=\"twitter:card\" content=\"summary_large_image\" \/>\n<meta name=\"twitter:creator\" content=\"@PressenzaIPA\" \/>\n<meta name=\"twitter:site\" content=\"@PressenzaIPA\" \/>\n<meta name=\"twitter:label1\" content=\"Escrito por\" \/>\n\t<meta name=\"twitter:data1\" content=\"Paolo D&#039;Aprile\" \/>\n\t<meta name=\"twitter:label2\" content=\"Tempo estimado de leitura\" \/>\n\t<meta name=\"twitter:data2\" content=\"4 minutos\" \/>\n<script type=\"application\/ld+json\" class=\"yoast-schema-graph\">{\"@context\":\"https:\/\/schema.org\",\"@graph\":[{\"@type\":\"Article\",\"@id\":\"https:\/\/www.pressenza.com\/pt-pt\/2021\/04\/brasil-amarga-a-marca-de-400-mil-vidas-perdidas\/#article\",\"isPartOf\":{\"@id\":\"https:\/\/www.pressenza.com\/pt-pt\/2021\/04\/brasil-amarga-a-marca-de-400-mil-vidas-perdidas\/\"},\"author\":{\"name\":\"Paolo D'Aprile\",\"@id\":\"https:\/\/www.pressenza.com\/pt-pt\/#\/schema\/person\/b7683f6cc5b4992d9641abb1dd2b2c7a\"},\"headline\":\"Brasil amarga a marca de 400 mil vidas perdidas\",\"datePublished\":\"2021-04-29T19:03:46+00:00\",\"mainEntityOfPage\":{\"@id\":\"https:\/\/www.pressenza.com\/pt-pt\/2021\/04\/brasil-amarga-a-marca-de-400-mil-vidas-perdidas\/\"},\"wordCount\":848,\"publisher\":{\"@id\":\"https:\/\/www.pressenza.com\/pt-pt\/#organization\"},\"image\":{\"@id\":\"https:\/\/www.pressenza.com\/pt-pt\/2021\/04\/brasil-amarga-a-marca-de-400-mil-vidas-perdidas\/#primaryimage\"},\"thumbnailUrl\":\"https:\/\/www.pressenza.com\/wp-content\/uploads\/2021\/04\/coronavirus-5681965_640.jpg\",\"keywords\":[\"opini\u00e3o\",\"pandemia\",\"reflex\u00e3o\"],\"articleSection\":[\"\u00c1m\u00e9rica do Sul\",\"Conte\u00fado Original\",\"Direitos Humanos\",\"Opini\u00e3o\",\"Pol\u00edtica\",\"Sa\u00fade\"],\"inLanguage\":\"pt-PT\"},{\"@type\":\"WebPage\",\"@id\":\"https:\/\/www.pressenza.com\/pt-pt\/2021\/04\/brasil-amarga-a-marca-de-400-mil-vidas-perdidas\/\",\"url\":\"https:\/\/www.pressenza.com\/pt-pt\/2021\/04\/brasil-amarga-a-marca-de-400-mil-vidas-perdidas\/\",\"name\":\"Brasil amarga a marca de 400 mil vidas perdidas\",\"isPartOf\":{\"@id\":\"https:\/\/www.pressenza.com\/pt-pt\/#website\"},\"primaryImageOfPage\":{\"@id\":\"https:\/\/www.pressenza.com\/pt-pt\/2021\/04\/brasil-amarga-a-marca-de-400-mil-vidas-perdidas\/#primaryimage\"},\"image\":{\"@id\":\"https:\/\/www.pressenza.com\/pt-pt\/2021\/04\/brasil-amarga-a-marca-de-400-mil-vidas-perdidas\/#primaryimage\"},\"thumbnailUrl\":\"https:\/\/www.pressenza.com\/wp-content\/uploads\/2021\/04\/coronavirus-5681965_640.jpg\",\"datePublished\":\"2021-04-29T19:03:46+00:00\",\"description\":\"OPINI\u00c3O &nbsp; &nbsp; Por Paolo D'Aprile &nbsp; &nbsp; (Ma voglio di pi\u00f9 di quello che vedi, voglio di pi\u00f9 di questi anni amari.\u00a0Mas eu quero mais daquilo\",\"breadcrumb\":{\"@id\":\"https:\/\/www.pressenza.com\/pt-pt\/2021\/04\/brasil-amarga-a-marca-de-400-mil-vidas-perdidas\/#breadcrumb\"},\"inLanguage\":\"pt-PT\",\"potentialAction\":[{\"@type\":\"ReadAction\",\"target\":[\"https:\/\/www.pressenza.com\/pt-pt\/2021\/04\/brasil-amarga-a-marca-de-400-mil-vidas-perdidas\/\"]}]},{\"@type\":\"ImageObject\",\"inLanguage\":\"pt-PT\",\"@id\":\"https:\/\/www.pressenza.com\/pt-pt\/2021\/04\/brasil-amarga-a-marca-de-400-mil-vidas-perdidas\/#primaryimage\",\"url\":\"https:\/\/www.pressenza.com\/wp-content\/uploads\/2021\/04\/coronavirus-5681965_640.jpg\",\"contentUrl\":\"https:\/\/www.pressenza.com\/wp-content\/uploads\/2021\/04\/coronavirus-5681965_640.jpg\",\"width\":640,\"height\":427},{\"@type\":\"BreadcrumbList\",\"@id\":\"https:\/\/www.pressenza.com\/pt-pt\/2021\/04\/brasil-amarga-a-marca-de-400-mil-vidas-perdidas\/#breadcrumb\",\"itemListElement\":[{\"@type\":\"ListItem\",\"position\":1,\"name\":\"Accueil\",\"item\":\"https:\/\/www.pressenza.com\/pt-pt\/\"},{\"@type\":\"ListItem\",\"position\":2,\"name\":\"Brasil amarga a marca de 400 mil vidas perdidas\"}]},{\"@type\":\"WebSite\",\"@id\":\"https:\/\/www.pressenza.com\/pt-pt\/#website\",\"url\":\"https:\/\/www.pressenza.com\/pt-pt\/\",\"name\":\"Pressenza\",\"description\":\"International Press Agency\",\"publisher\":{\"@id\":\"https:\/\/www.pressenza.com\/pt-pt\/#organization\"},\"potentialAction\":[{\"@type\":\"SearchAction\",\"target\":{\"@type\":\"EntryPoint\",\"urlTemplate\":\"https:\/\/www.pressenza.com\/pt-pt\/?s={search_term_string}\"},\"query-input\":{\"@type\":\"PropertyValueSpecification\",\"valueRequired\":true,\"valueName\":\"search_term_string\"}}],\"inLanguage\":\"pt-PT\"},{\"@type\":\"Organization\",\"@id\":\"https:\/\/www.pressenza.com\/pt-pt\/#organization\",\"name\":\"Pressenza\",\"url\":\"https:\/\/www.pressenza.com\/pt-pt\/\",\"logo\":{\"@type\":\"ImageObject\",\"inLanguage\":\"pt-PT\",\"@id\":\"https:\/\/www.pressenza.com\/pt-pt\/#\/schema\/logo\/image\/\",\"url\":\"https:\/\/www.pressenza.com\/wp-content\/uploads\/2022\/10\/pressenza_logo_200x200.jpg\",\"contentUrl\":\"https:\/\/www.pressenza.com\/wp-content\/uploads\/2022\/10\/pressenza_logo_200x200.jpg\",\"width\":200,\"height\":200,\"caption\":\"Pressenza\"},\"image\":{\"@id\":\"https:\/\/www.pressenza.com\/pt-pt\/#\/schema\/logo\/image\/\"},\"sameAs\":[\"https:\/\/www.facebook.com\/PressenzaItalia\",\"https:\/\/x.com\/PressenzaIPA\"]},{\"@type\":\"Person\",\"@id\":\"https:\/\/www.pressenza.com\/pt-pt\/#\/schema\/person\/b7683f6cc5b4992d9641abb1dd2b2c7a\",\"name\":\"Paolo D'Aprile\",\"description\":\"Nasco nel 1963... sono un uomo di mezza et\u00e0! Vivo a S\u00e3o Paulo dal 1989 e il mio lavoro di fisioterapista mi ha portato in contatto con le situazioni estreme della citt\u00e0, dalle favelas ai \\\"meninos de rua\\\". Ho partecipato a vari progetti di inclusione attraverso l'esercizio dei diritti civili. Da grande voglio fare il calciatore, l'astronauta e il pompiere.\",\"url\":\"https:\/\/www.pressenza.com\/pt-pt\/author\/paolo-daprile\/\"}]}<\/script>\n<!-- \/ Yoast SEO plugin. -->","yoast_head_json":{"title":"Brasil amarga a marca de 400 mil vidas perdidas","description":"OPINI\u00c3O &nbsp; &nbsp; Por Paolo D'Aprile &nbsp; &nbsp; (Ma voglio di pi\u00f9 di quello che vedi, voglio di pi\u00f9 di questi anni amari.\u00a0Mas eu quero mais daquilo","robots":{"index":"index","follow":"follow","max-snippet":"max-snippet:-1","max-image-preview":"max-image-preview:large","max-video-preview":"max-video-preview:-1"},"canonical":"https:\/\/www.pressenza.com\/pt-pt\/2021\/04\/brasil-amarga-a-marca-de-400-mil-vidas-perdidas\/","og_locale":"pt_PT","og_type":"article","og_title":"Brasil amarga a marca de 400 mil vidas perdidas","og_description":"OPINI\u00c3O &nbsp; &nbsp; Por Paolo D'Aprile &nbsp; &nbsp; (Ma voglio di pi\u00f9 di quello che vedi, voglio di pi\u00f9 di questi anni amari.\u00a0Mas eu quero mais daquilo","og_url":"https:\/\/www.pressenza.com\/pt-pt\/2021\/04\/brasil-amarga-a-marca-de-400-mil-vidas-perdidas\/","og_site_name":"Pressenza","article_publisher":"https:\/\/www.facebook.com\/PressenzaItalia","article_published_time":"2021-04-29T19:03:46+00:00","og_image":[{"width":640,"height":427,"url":"https:\/\/www.pressenza.com\/wp-content\/uploads\/2021\/04\/coronavirus-5681965_640.jpg","type":"image\/jpeg"}],"author":"Paolo D'Aprile","twitter_card":"summary_large_image","twitter_creator":"@PressenzaIPA","twitter_site":"@PressenzaIPA","twitter_misc":{"Escrito por":"Paolo D'Aprile","Tempo estimado de leitura":"4 minutos"},"schema":{"@context":"https:\/\/schema.org","@graph":[{"@type":"Article","@id":"https:\/\/www.pressenza.com\/pt-pt\/2021\/04\/brasil-amarga-a-marca-de-400-mil-vidas-perdidas\/#article","isPartOf":{"@id":"https:\/\/www.pressenza.com\/pt-pt\/2021\/04\/brasil-amarga-a-marca-de-400-mil-vidas-perdidas\/"},"author":{"name":"Paolo D'Aprile","@id":"https:\/\/www.pressenza.com\/pt-pt\/#\/schema\/person\/b7683f6cc5b4992d9641abb1dd2b2c7a"},"headline":"Brasil amarga a marca de 400 mil vidas perdidas","datePublished":"2021-04-29T19:03:46+00:00","mainEntityOfPage":{"@id":"https:\/\/www.pressenza.com\/pt-pt\/2021\/04\/brasil-amarga-a-marca-de-400-mil-vidas-perdidas\/"},"wordCount":848,"publisher":{"@id":"https:\/\/www.pressenza.com\/pt-pt\/#organization"},"image":{"@id":"https:\/\/www.pressenza.com\/pt-pt\/2021\/04\/brasil-amarga-a-marca-de-400-mil-vidas-perdidas\/#primaryimage"},"thumbnailUrl":"https:\/\/www.pressenza.com\/wp-content\/uploads\/2021\/04\/coronavirus-5681965_640.jpg","keywords":["opini\u00e3o","pandemia","reflex\u00e3o"],"articleSection":["\u00c1m\u00e9rica do Sul","Conte\u00fado Original","Direitos Humanos","Opini\u00e3o","Pol\u00edtica","Sa\u00fade"],"inLanguage":"pt-PT"},{"@type":"WebPage","@id":"https:\/\/www.pressenza.com\/pt-pt\/2021\/04\/brasil-amarga-a-marca-de-400-mil-vidas-perdidas\/","url":"https:\/\/www.pressenza.com\/pt-pt\/2021\/04\/brasil-amarga-a-marca-de-400-mil-vidas-perdidas\/","name":"Brasil amarga a marca de 400 mil vidas perdidas","isPartOf":{"@id":"https:\/\/www.pressenza.com\/pt-pt\/#website"},"primaryImageOfPage":{"@id":"https:\/\/www.pressenza.com\/pt-pt\/2021\/04\/brasil-amarga-a-marca-de-400-mil-vidas-perdidas\/#primaryimage"},"image":{"@id":"https:\/\/www.pressenza.com\/pt-pt\/2021\/04\/brasil-amarga-a-marca-de-400-mil-vidas-perdidas\/#primaryimage"},"thumbnailUrl":"https:\/\/www.pressenza.com\/wp-content\/uploads\/2021\/04\/coronavirus-5681965_640.jpg","datePublished":"2021-04-29T19:03:46+00:00","description":"OPINI\u00c3O &nbsp; &nbsp; Por Paolo D'Aprile &nbsp; &nbsp; (Ma voglio di pi\u00f9 di quello che vedi, voglio di pi\u00f9 di questi anni amari.\u00a0Mas eu quero mais daquilo","breadcrumb":{"@id":"https:\/\/www.pressenza.com\/pt-pt\/2021\/04\/brasil-amarga-a-marca-de-400-mil-vidas-perdidas\/#breadcrumb"},"inLanguage":"pt-PT","potentialAction":[{"@type":"ReadAction","target":["https:\/\/www.pressenza.com\/pt-pt\/2021\/04\/brasil-amarga-a-marca-de-400-mil-vidas-perdidas\/"]}]},{"@type":"ImageObject","inLanguage":"pt-PT","@id":"https:\/\/www.pressenza.com\/pt-pt\/2021\/04\/brasil-amarga-a-marca-de-400-mil-vidas-perdidas\/#primaryimage","url":"https:\/\/www.pressenza.com\/wp-content\/uploads\/2021\/04\/coronavirus-5681965_640.jpg","contentUrl":"https:\/\/www.pressenza.com\/wp-content\/uploads\/2021\/04\/coronavirus-5681965_640.jpg","width":640,"height":427},{"@type":"BreadcrumbList","@id":"https:\/\/www.pressenza.com\/pt-pt\/2021\/04\/brasil-amarga-a-marca-de-400-mil-vidas-perdidas\/#breadcrumb","itemListElement":[{"@type":"ListItem","position":1,"name":"Accueil","item":"https:\/\/www.pressenza.com\/pt-pt\/"},{"@type":"ListItem","position":2,"name":"Brasil amarga a marca de 400 mil vidas perdidas"}]},{"@type":"WebSite","@id":"https:\/\/www.pressenza.com\/pt-pt\/#website","url":"https:\/\/www.pressenza.com\/pt-pt\/","name":"Pressenza","description":"International Press Agency","publisher":{"@id":"https:\/\/www.pressenza.com\/pt-pt\/#organization"},"potentialAction":[{"@type":"SearchAction","target":{"@type":"EntryPoint","urlTemplate":"https:\/\/www.pressenza.com\/pt-pt\/?s={search_term_string}"},"query-input":{"@type":"PropertyValueSpecification","valueRequired":true,"valueName":"search_term_string"}}],"inLanguage":"pt-PT"},{"@type":"Organization","@id":"https:\/\/www.pressenza.com\/pt-pt\/#organization","name":"Pressenza","url":"https:\/\/www.pressenza.com\/pt-pt\/","logo":{"@type":"ImageObject","inLanguage":"pt-PT","@id":"https:\/\/www.pressenza.com\/pt-pt\/#\/schema\/logo\/image\/","url":"https:\/\/www.pressenza.com\/wp-content\/uploads\/2022\/10\/pressenza_logo_200x200.jpg","contentUrl":"https:\/\/www.pressenza.com\/wp-content\/uploads\/2022\/10\/pressenza_logo_200x200.jpg","width":200,"height":200,"caption":"Pressenza"},"image":{"@id":"https:\/\/www.pressenza.com\/pt-pt\/#\/schema\/logo\/image\/"},"sameAs":["https:\/\/www.facebook.com\/PressenzaItalia","https:\/\/x.com\/PressenzaIPA"]},{"@type":"Person","@id":"https:\/\/www.pressenza.com\/pt-pt\/#\/schema\/person\/b7683f6cc5b4992d9641abb1dd2b2c7a","name":"Paolo D'Aprile","description":"Nasco nel 1963... sono un uomo di mezza et\u00e0! Vivo a S\u00e3o Paulo dal 1989 e il mio lavoro di fisioterapista mi ha portato in contatto con le situazioni estreme della citt\u00e0, dalle favelas ai \"meninos de rua\". Ho partecipato a vari progetti di inclusione attraverso l'esercizio dei diritti civili. Da grande voglio fare il calciatore, l'astronauta e il pompiere.","url":"https:\/\/www.pressenza.com\/pt-pt\/author\/paolo-daprile\/"}]}},"place":"S\u00e3o Paulo, SP","original_article_url":"","_links":{"self":[{"href":"https:\/\/www.pressenza.com\/pt-pt\/wp-json\/wp\/v2\/posts\/1351150","targetHints":{"allow":["GET"]}}],"collection":[{"href":"https:\/\/www.pressenza.com\/pt-pt\/wp-json\/wp\/v2\/posts"}],"about":[{"href":"https:\/\/www.pressenza.com\/pt-pt\/wp-json\/wp\/v2\/types\/post"}],"author":[{"embeddable":true,"href":"https:\/\/www.pressenza.com\/pt-pt\/wp-json\/wp\/v2\/users\/1567"}],"replies":[{"embeddable":true,"href":"https:\/\/www.pressenza.com\/pt-pt\/wp-json\/wp\/v2\/comments?post=1351150"}],"version-history":[{"count":0,"href":"https:\/\/www.pressenza.com\/pt-pt\/wp-json\/wp\/v2\/posts\/1351150\/revisions"}],"wp:featuredmedia":[{"embeddable":true,"href":"https:\/\/www.pressenza.com\/pt-pt\/wp-json\/wp\/v2\/media\/1351151"}],"wp:attachment":[{"href":"https:\/\/www.pressenza.com\/pt-pt\/wp-json\/wp\/v2\/media?parent=1351150"}],"wp:term":[{"taxonomy":"category","embeddable":true,"href":"https:\/\/www.pressenza.com\/pt-pt\/wp-json\/wp\/v2\/categories?post=1351150"},{"taxonomy":"post_tag","embeddable":true,"href":"https:\/\/www.pressenza.com\/pt-pt\/wp-json\/wp\/v2\/tags?post=1351150"}],"curies":[{"name":"wp","href":"https:\/\/api.w.org\/{rel}","templated":true}]}}