{"id":1348077,"date":"2021-04-25T01:34:35","date_gmt":"2021-04-25T00:34:35","guid":{"rendered":"https:\/\/www.pressenza.com\/?p=1348077"},"modified":"2021-04-24T22:36:23","modified_gmt":"2021-04-24T21:36:23","slug":"a-historia-por-tras-do-ano-novo-iraniano-e-porque-sua-tematica-de-cura-e-renovacao-sao-importantes","status":"publish","type":"post","link":"https:\/\/www.pressenza.com\/pt-pt\/2021\/04\/a-historia-por-tras-do-ano-novo-iraniano-e-porque-sua-tematica-de-cura-e-renovacao-sao-importantes\/","title":{"rendered":"A hist\u00f3ria por tr\u00e1s do ano novo Iraniano e porque sua tem\u00e1tica de cura e renova\u00e7\u00e3o s\u00e3o importantes"},"content":{"rendered":"<h5><span style=\"color: #999999;\">CULTURA ANCESTRAL<\/span><\/h5>\n<p>&nbsp;<\/p>\n<p>&nbsp;<\/p>\n<p><em>por Pardis Mahdavi*<\/em><\/p>\n<p>Conforme os dias ficam mais longos e as flores come\u00e7am a desabrochar, meu filho de 5 anos se anima e grita \u201co Nowruz est\u00e1 chegando\u201d.<\/p>\n<p>Nowruz, ou \u201cnovo dia\u201d em portugu\u00eas, \u00e9 o ano novo Iraniano. Celebrado no momento exato do equin\u00f3cio de primavera, esse \u00e9 um festival secular com ra\u00edzes h\u00e1 mais de 3.000 anos atr\u00e1s. Foi criada pelo povo da f\u00e9 Zoroatrismo, que se acredita ser a religi\u00e3o mais antiga do mundo.<\/p>\n<p>Sendo uma antrop\u00f3loga Iraniana-americana, eu passei boa parte da minha vida estudando minha cultura ancestral. Festivais como o Nowruz ajudaram a mim e a minha fam\u00edlia a nos conectar com a Terra e nossas tradi\u00e7\u00f5es, hoje muito mais do que nunca.<\/p>\n<p><strong>A Hist\u00f3ria do Nowruz <\/strong><\/p>\n<p>A celebra\u00e7\u00e3o do Nowruz tem sua origem por volta do s\u00e9culo XI d.C. No Shahnameh, ou \u201cLivro do Reis\u201d, que data do primeiro s\u00e9culo, a hist\u00f3ria do rei Jamshid, que tamb\u00e9m \u00e9 referenciado em textos zoroastras do primeiro s\u00e9culo, \u00e9 contada como parte da origem do Nowruz.<\/p>\n<p>O Rei Jamshid, o quarto rei de uma dinastia imagin\u00e1ria, \u00e9 apresentado como o governador mais s\u00e1bio e gentil da P\u00e9rsia, regi\u00e3o que passava pelo que hoje \u00e9 a Turquia at\u00e9 o Paquist\u00e3o.<\/p>\n<p>O Shahnameh conta que esse rei, altamente sensitivo, n\u00e3o apenas com seu povo mas tamb\u00e9m com os ritmos da Terra, percebeu que durante os longos meses de inverno seus s\u00faditos caiam na escurid\u00e3o, enquanto a Terra se curava da colheita do outono.<\/p>\n<p>Quando a primavera chegou, e a Terra come\u00e7ou a florescer ap\u00f3s o per\u00edodo de cura do inverno, o rei quis marcar a ocasi\u00e3o como o come\u00e7o do ano novo, um tempo de recome\u00e7os para o povo e para a Terra.<\/p>\n<p>Mas o rei tamb\u00e9m percebeu que, durante os duros meses do inverno, muitos de seus s\u00faditos come\u00e7aram a se desentender e brigar entre si, amea\u00e7ando que a injusti\u00e7a tomasse conta. O rei decidiu marcar o come\u00e7o do Nowruz com um festival chamado Shab-e-Charshanbeh Souri, que significa \u201cQuarta-Feira Vermelha\u201d.<\/p>\n<p>O festival envolve pular uma s\u00e9rie de fogueiras, uma tradi\u00e7\u00e3o dos zoroastras que adoravam o fogo como um sinal de for\u00e7a e cura eterna. A ideia por tr\u00e1s do Charshanbeh-Souri \u00e9 pular as fogueiras para se purificar dos males &#8211; f\u00edsicos, emocionais ou da sociedade &#8211; do ano passado. \u00c9 um modo de se preparar para o renascimento que o Nowruz traz.<\/p>\n<p><strong>Temas do Nowruz <\/strong><\/p>\n<p>O festival ainda marca o come\u00e7o do ano novo para milh\u00f5es de pessoas no Ocidente e \u00c1sia Central. Hoje em dia \u00e9 celebrado algumas noites antes do equin\u00f3cio de primavera, de acordo com o calend\u00e1rio solar. \u00c9 um tempo para o perd\u00e3o e para cura.<\/p>\n<p>Quando pessoas e fam\u00edlias pulam a fogueira, elas pedem que seus males e infelicidades do ano passado sejam levados embora. Elas tamb\u00e9m pedem para que o fogo conceda for\u00e7a e sa\u00fade.<\/p>\n<p>A tradi\u00e7\u00e3o tamb\u00e9m incentiva pessoas a se reconciliarem com quem acreditam os ter ofendido no passado. Eles tamb\u00e9m buscam perd\u00e3o pelos seus pr\u00f3prios erros, isso \u00e9 simbolizado pela jun\u00e7\u00e3o das m\u00e3os enquanto os adeptos pulam a fogueira juntos.<\/p>\n<p>Um dia antes da Charshanbeh-Souri as fam\u00edlias come\u00e7am a preparar suas casas para o Nowruz. Eles preparam a mesa de acordo com o haft s\u00een, \u201cos sete S\u2019s\u201d, sete itens que come\u00e7am com a letra S s\u00e3o postos a mesa, cada um com um significado especial.<\/p>\n<p>Seeb (ma\u00e7\u00e3) s\u00edmbolo da beleza, seer (alho) s\u00edmbolo da sa\u00fade e medicina, somagh (sumac) representa o nascer do sol, sabzeh (tipo de erva verde) representa a cura e renascimento da Terra, serkeh (vinagre) representa a paci\u00eancia, senjed (azeitonas) sinal de amor e, finalmente, samanu (tipo de massa) que representa a for\u00e7a e o poder do perd\u00e3o.<\/p>\n<p>Um espelho \u00e9 colocado no centro da mesa para reflex\u00e3o, flores para simbolizar a cura da Terra, ovos para simbolizar a vida e um peixe vivo para representar a conex\u00e3o com o mundo animal. Algumas fam\u00edlias colocam livros religiosos na mesa, como o Alcor\u00e3o, a B\u00edblia ou Avista, outros colocam livros de seus poetas Iranianos favoritos, como Hafez ou Rumi.<\/p>\n<p><strong>Celebrando o Nowruz esse ano <\/strong><\/p>\n<p>Os temas de sa\u00fade, justi\u00e7a e respeito com a Terra parecem ser mais relevantes esse ano do que em qualquer outro momento do mundo.<\/p>\n<p>\u00c0 medida que a pandemia se espalhava pelo mundo, desigualdades eram expostas. Estudos mostraram que americanos afrodescendentes s\u00e3o tr\u00eas vezes mais prov\u00e1veis de contrair COVID-19 do que americanos brancos, uma consequ\u00eancia das desigualdades raciais. Ap\u00f3s a morte de George Floyd em Maio de 2020 milhares de americanos foram para as ruas protestar contra o racismo.<\/p>\n<p>Ao mesmo tempo, mat\u00e9rias reportaram como a Terra estava se recuperando conforme as pessoas ficavam dentro de casa. O aquecimento global nos levou a mudan\u00e7as clim\u00e1ticas, ocasionando v\u00e1rias mudan\u00e7as catastr\u00f3ficas em v\u00e1rias partes do mundo. Mesmo que as festividades sejam mais contidas do que o normal esse ano por decorr\u00eancia da COVID-19, a reflex\u00e3o e uni\u00e3o com a Terra ainda ser\u00e3o parte da celebra\u00e7\u00e3o do Nowruz.<\/p>\n<p>Eu acredito que esse ano, mais do que nunca, \u00e9 importante refletir sobre como podemos ser parte de um renascimento focado na justi\u00e7a que o nosso mundo tanto precisa.<\/p>\n<hr \/>\n<p>* Reitora de Ci\u00eancias Sociais, Universidade Estadual do Arizona<\/p>\n<p>&nbsp;<\/p>\n<p><em>Traduzido do ingl\u00eas para o portugu\u00eas por Ana Carolina Carvalho \/ revis\u00e3o por Larissa Dufner <\/em><\/p>\n","protected":false},"excerpt":{"rendered":"<p>CULTURA ANCESTRAL &nbsp; &nbsp; por Pardis Mahdavi* Conforme os dias ficam mais longos e as flores come\u00e7am a desabrochar, meu filho de 5 anos se anima e grita \u201co Nowruz est\u00e1 chegando\u201d. Nowruz, ou \u201cnovo dia\u201d em portugu\u00eas, \u00e9 o&hellip;<\/p>\n","protected":false},"author":1791,"featured_media":1333722,"comment_status":"closed","ping_status":"closed","sticky":false,"template":"","format":"standard","meta":{"footnotes":""},"categories":[117,11390,112,1254,108],"tags":[75238,90240,5254],"class_list":["post-1348077","post","type-post","status-publish","format-standard","has-post-thumbnail","hentry","category-povos-originarios","category-conteudo-original","category-cultura-pt-pt","category-humanismo-espiritualidade","category-oriente-medio","tag-caderno-de-cultura","tag-cultura-ancestral-pt-pt","tag-ira"],"yoast_head":"<!-- This site is optimized with the Yoast SEO plugin v27.1.1 - https:\/\/yoast.com\/product\/yoast-seo-wordpress\/ -->\n<title>A hist\u00f3ria por tr\u00e1s do ano novo Iraniano e porque sua tem\u00e1tica de cura e renova\u00e7\u00e3o s\u00e3o importantes<\/title>\n<meta name=\"description\" content=\"CULTURA ANCESTRAL &nbsp; &nbsp; por Pardis Mahdavi* Conforme os dias ficam mais longos e as flores come\u00e7am a desabrochar, meu filho de 5 anos se anima e\" \/>\n<meta name=\"robots\" content=\"index, follow, max-snippet:-1, max-image-preview:large, max-video-preview:-1\" \/>\n<link rel=\"canonical\" href=\"https:\/\/www.pressenza.com\/pt-pt\/2021\/04\/a-historia-por-tras-do-ano-novo-iraniano-e-porque-sua-tematica-de-cura-e-renovacao-sao-importantes\/\" \/>\n<meta property=\"og:locale\" content=\"pt_PT\" \/>\n<meta property=\"og:type\" content=\"article\" \/>\n<meta property=\"og:title\" content=\"A hist\u00f3ria por tr\u00e1s do ano novo Iraniano e porque sua tem\u00e1tica de cura e renova\u00e7\u00e3o s\u00e3o importantes\" \/>\n<meta property=\"og:description\" content=\"CULTURA ANCESTRAL &nbsp; &nbsp; por Pardis Mahdavi* Conforme os dias ficam mais longos e as flores come\u00e7am a desabrochar, meu filho de 5 anos se anima e\" \/>\n<meta property=\"og:url\" content=\"https:\/\/www.pressenza.com\/pt-pt\/2021\/04\/a-historia-por-tras-do-ano-novo-iraniano-e-porque-sua-tematica-de-cura-e-renovacao-sao-importantes\/\" \/>\n<meta property=\"og:site_name\" content=\"Pressenza\" \/>\n<meta property=\"article:publisher\" content=\"https:\/\/www.facebook.com\/PressenzaItalia\" \/>\n<meta property=\"article:author\" content=\"https:\/\/www.facebook.com\/ConversationUK\" \/>\n<meta property=\"article:published_time\" content=\"2021-04-25T00:34:35+00:00\" \/>\n<meta property=\"og:image\" content=\"https:\/\/www.pressenza.com\/wp-content\/uploads\/2021\/04\/1024px-Nowruz.jpg\" \/>\n\t<meta property=\"og:image:width\" content=\"1024\" \/>\n\t<meta property=\"og:image:height\" content=\"683\" \/>\n\t<meta property=\"og:image:type\" content=\"image\/jpeg\" \/>\n<meta name=\"author\" content=\"The Conversation\" \/>\n<meta name=\"twitter:card\" content=\"summary_large_image\" \/>\n<meta name=\"twitter:creator\" content=\"@ConversationUK\" \/>\n<meta name=\"twitter:site\" content=\"@PressenzaIPA\" \/>\n<meta name=\"twitter:label1\" content=\"Escrito por\" \/>\n\t<meta name=\"twitter:data1\" content=\"The Conversation\" \/>\n\t<meta name=\"twitter:label2\" content=\"Tempo estimado de leitura\" \/>\n\t<meta name=\"twitter:data2\" content=\"5 minutos\" \/>\n<script type=\"application\/ld+json\" class=\"yoast-schema-graph\">{\"@context\":\"https:\/\/schema.org\",\"@graph\":[{\"@type\":\"Article\",\"@id\":\"https:\/\/www.pressenza.com\/pt-pt\/2021\/04\/a-historia-por-tras-do-ano-novo-iraniano-e-porque-sua-tematica-de-cura-e-renovacao-sao-importantes\/#article\",\"isPartOf\":{\"@id\":\"https:\/\/www.pressenza.com\/pt-pt\/2021\/04\/a-historia-por-tras-do-ano-novo-iraniano-e-porque-sua-tematica-de-cura-e-renovacao-sao-importantes\/\"},\"author\":{\"name\":\"The Conversation\",\"@id\":\"https:\/\/www.pressenza.com\/pt-pt\/#\/schema\/person\/e1864562a7d22b9c279812ebdb56e58d\"},\"headline\":\"A hist\u00f3ria por tr\u00e1s do ano novo Iraniano e porque sua tem\u00e1tica de cura e renova\u00e7\u00e3o s\u00e3o importantes\",\"datePublished\":\"2021-04-25T00:34:35+00:00\",\"mainEntityOfPage\":{\"@id\":\"https:\/\/www.pressenza.com\/pt-pt\/2021\/04\/a-historia-por-tras-do-ano-novo-iraniano-e-porque-sua-tematica-de-cura-e-renovacao-sao-importantes\/\"},\"wordCount\":985,\"publisher\":{\"@id\":\"https:\/\/www.pressenza.com\/pt-pt\/#organization\"},\"image\":{\"@id\":\"https:\/\/www.pressenza.com\/pt-pt\/2021\/04\/a-historia-por-tras-do-ano-novo-iraniano-e-porque-sua-tematica-de-cura-e-renovacao-sao-importantes\/#primaryimage\"},\"thumbnailUrl\":\"https:\/\/www.pressenza.com\/wp-content\/uploads\/2021\/04\/1024px-Nowruz.jpg\",\"keywords\":[\"caderno de cultura\",\"cultura ancestral\",\"ira\"],\"articleSection\":[\"Assuntos ind\u00edgenas\",\"Conte\u00fado Original\",\"Cultura e M\u00eddia\",\"Humanismo e Espiritualidade\",\"Oriente M\u00e9dio\"],\"inLanguage\":\"pt-PT\"},{\"@type\":\"WebPage\",\"@id\":\"https:\/\/www.pressenza.com\/pt-pt\/2021\/04\/a-historia-por-tras-do-ano-novo-iraniano-e-porque-sua-tematica-de-cura-e-renovacao-sao-importantes\/\",\"url\":\"https:\/\/www.pressenza.com\/pt-pt\/2021\/04\/a-historia-por-tras-do-ano-novo-iraniano-e-porque-sua-tematica-de-cura-e-renovacao-sao-importantes\/\",\"name\":\"A hist\u00f3ria por tr\u00e1s do ano novo Iraniano e porque sua tem\u00e1tica de cura e renova\u00e7\u00e3o s\u00e3o importantes\",\"isPartOf\":{\"@id\":\"https:\/\/www.pressenza.com\/pt-pt\/#website\"},\"primaryImageOfPage\":{\"@id\":\"https:\/\/www.pressenza.com\/pt-pt\/2021\/04\/a-historia-por-tras-do-ano-novo-iraniano-e-porque-sua-tematica-de-cura-e-renovacao-sao-importantes\/#primaryimage\"},\"image\":{\"@id\":\"https:\/\/www.pressenza.com\/pt-pt\/2021\/04\/a-historia-por-tras-do-ano-novo-iraniano-e-porque-sua-tematica-de-cura-e-renovacao-sao-importantes\/#primaryimage\"},\"thumbnailUrl\":\"https:\/\/www.pressenza.com\/wp-content\/uploads\/2021\/04\/1024px-Nowruz.jpg\",\"datePublished\":\"2021-04-25T00:34:35+00:00\",\"description\":\"CULTURA ANCESTRAL &nbsp; &nbsp; por Pardis Mahdavi* Conforme os dias ficam mais longos e as flores come\u00e7am a desabrochar, meu filho de 5 anos se anima e\",\"breadcrumb\":{\"@id\":\"https:\/\/www.pressenza.com\/pt-pt\/2021\/04\/a-historia-por-tras-do-ano-novo-iraniano-e-porque-sua-tematica-de-cura-e-renovacao-sao-importantes\/#breadcrumb\"},\"inLanguage\":\"pt-PT\",\"potentialAction\":[{\"@type\":\"ReadAction\",\"target\":[\"https:\/\/www.pressenza.com\/pt-pt\/2021\/04\/a-historia-por-tras-do-ano-novo-iraniano-e-porque-sua-tematica-de-cura-e-renovacao-sao-importantes\/\"]}]},{\"@type\":\"ImageObject\",\"inLanguage\":\"pt-PT\",\"@id\":\"https:\/\/www.pressenza.com\/pt-pt\/2021\/04\/a-historia-por-tras-do-ano-novo-iraniano-e-porque-sua-tematica-de-cura-e-renovacao-sao-importantes\/#primaryimage\",\"url\":\"https:\/\/www.pressenza.com\/wp-content\/uploads\/2021\/04\/1024px-Nowruz.jpg\",\"contentUrl\":\"https:\/\/www.pressenza.com\/wp-content\/uploads\/2021\/04\/1024px-Nowruz.jpg\",\"width\":1024,\"height\":683,\"caption\":\"Celebrating Nowruz (Nowruz refers to the celebration of the Kurd people\u2019s new year of 2718 in Kurdish culture) in Handimen village located in Kurdistan, Iran. Source: Wikimedia Commons\"},{\"@type\":\"BreadcrumbList\",\"@id\":\"https:\/\/www.pressenza.com\/pt-pt\/2021\/04\/a-historia-por-tras-do-ano-novo-iraniano-e-porque-sua-tematica-de-cura-e-renovacao-sao-importantes\/#breadcrumb\",\"itemListElement\":[{\"@type\":\"ListItem\",\"position\":1,\"name\":\"Accueil\",\"item\":\"https:\/\/www.pressenza.com\/pt-pt\/\"},{\"@type\":\"ListItem\",\"position\":2,\"name\":\"A hist\u00f3ria por tr\u00e1s do ano novo Iraniano e porque sua tem\u00e1tica de cura e renova\u00e7\u00e3o s\u00e3o importantes\"}]},{\"@type\":\"WebSite\",\"@id\":\"https:\/\/www.pressenza.com\/pt-pt\/#website\",\"url\":\"https:\/\/www.pressenza.com\/pt-pt\/\",\"name\":\"Pressenza\",\"description\":\"International Press Agency\",\"publisher\":{\"@id\":\"https:\/\/www.pressenza.com\/pt-pt\/#organization\"},\"potentialAction\":[{\"@type\":\"SearchAction\",\"target\":{\"@type\":\"EntryPoint\",\"urlTemplate\":\"https:\/\/www.pressenza.com\/pt-pt\/?s={search_term_string}\"},\"query-input\":{\"@type\":\"PropertyValueSpecification\",\"valueRequired\":true,\"valueName\":\"search_term_string\"}}],\"inLanguage\":\"pt-PT\"},{\"@type\":\"Organization\",\"@id\":\"https:\/\/www.pressenza.com\/pt-pt\/#organization\",\"name\":\"Pressenza\",\"url\":\"https:\/\/www.pressenza.com\/pt-pt\/\",\"logo\":{\"@type\":\"ImageObject\",\"inLanguage\":\"pt-PT\",\"@id\":\"https:\/\/www.pressenza.com\/pt-pt\/#\/schema\/logo\/image\/\",\"url\":\"https:\/\/www.pressenza.com\/wp-content\/uploads\/2022\/10\/pressenza_logo_200x200.jpg\",\"contentUrl\":\"https:\/\/www.pressenza.com\/wp-content\/uploads\/2022\/10\/pressenza_logo_200x200.jpg\",\"width\":200,\"height\":200,\"caption\":\"Pressenza\"},\"image\":{\"@id\":\"https:\/\/www.pressenza.com\/pt-pt\/#\/schema\/logo\/image\/\"},\"sameAs\":[\"https:\/\/www.facebook.com\/PressenzaItalia\",\"https:\/\/x.com\/PressenzaIPA\"]},{\"@type\":\"Person\",\"@id\":\"https:\/\/www.pressenza.com\/pt-pt\/#\/schema\/person\/e1864562a7d22b9c279812ebdb56e58d\",\"name\":\"The Conversation\",\"description\":\"The Conversation is an independent source of news and views, sourced from the academic and research community and delivered direct to the public.\",\"sameAs\":[\"https:\/\/theconversation.com\/uk\/\",\"https:\/\/www.facebook.com\/ConversationUK\",\"https:\/\/x.com\/ConversationUK\"],\"url\":\"https:\/\/www.pressenza.com\/pt-pt\/author\/the-conversation\/\"}]}<\/script>\n<!-- \/ Yoast SEO plugin. -->","yoast_head_json":{"title":"A hist\u00f3ria por tr\u00e1s do ano novo Iraniano e porque sua tem\u00e1tica de cura e renova\u00e7\u00e3o s\u00e3o importantes","description":"CULTURA ANCESTRAL &nbsp; &nbsp; por Pardis Mahdavi* Conforme os dias ficam mais longos e as flores come\u00e7am a desabrochar, meu filho de 5 anos se anima e","robots":{"index":"index","follow":"follow","max-snippet":"max-snippet:-1","max-image-preview":"max-image-preview:large","max-video-preview":"max-video-preview:-1"},"canonical":"https:\/\/www.pressenza.com\/pt-pt\/2021\/04\/a-historia-por-tras-do-ano-novo-iraniano-e-porque-sua-tematica-de-cura-e-renovacao-sao-importantes\/","og_locale":"pt_PT","og_type":"article","og_title":"A hist\u00f3ria por tr\u00e1s do ano novo Iraniano e porque sua tem\u00e1tica de cura e renova\u00e7\u00e3o s\u00e3o importantes","og_description":"CULTURA ANCESTRAL &nbsp; &nbsp; por Pardis Mahdavi* Conforme os dias ficam mais longos e as flores come\u00e7am a desabrochar, meu filho de 5 anos se anima e","og_url":"https:\/\/www.pressenza.com\/pt-pt\/2021\/04\/a-historia-por-tras-do-ano-novo-iraniano-e-porque-sua-tematica-de-cura-e-renovacao-sao-importantes\/","og_site_name":"Pressenza","article_publisher":"https:\/\/www.facebook.com\/PressenzaItalia","article_author":"https:\/\/www.facebook.com\/ConversationUK","article_published_time":"2021-04-25T00:34:35+00:00","og_image":[{"width":1024,"height":683,"url":"https:\/\/www.pressenza.com\/wp-content\/uploads\/2021\/04\/1024px-Nowruz.jpg","type":"image\/jpeg"}],"author":"The Conversation","twitter_card":"summary_large_image","twitter_creator":"@ConversationUK","twitter_site":"@PressenzaIPA","twitter_misc":{"Escrito por":"The Conversation","Tempo estimado de leitura":"5 minutos"},"schema":{"@context":"https:\/\/schema.org","@graph":[{"@type":"Article","@id":"https:\/\/www.pressenza.com\/pt-pt\/2021\/04\/a-historia-por-tras-do-ano-novo-iraniano-e-porque-sua-tematica-de-cura-e-renovacao-sao-importantes\/#article","isPartOf":{"@id":"https:\/\/www.pressenza.com\/pt-pt\/2021\/04\/a-historia-por-tras-do-ano-novo-iraniano-e-porque-sua-tematica-de-cura-e-renovacao-sao-importantes\/"},"author":{"name":"The Conversation","@id":"https:\/\/www.pressenza.com\/pt-pt\/#\/schema\/person\/e1864562a7d22b9c279812ebdb56e58d"},"headline":"A hist\u00f3ria por tr\u00e1s do ano novo Iraniano e porque sua tem\u00e1tica de cura e renova\u00e7\u00e3o s\u00e3o importantes","datePublished":"2021-04-25T00:34:35+00:00","mainEntityOfPage":{"@id":"https:\/\/www.pressenza.com\/pt-pt\/2021\/04\/a-historia-por-tras-do-ano-novo-iraniano-e-porque-sua-tematica-de-cura-e-renovacao-sao-importantes\/"},"wordCount":985,"publisher":{"@id":"https:\/\/www.pressenza.com\/pt-pt\/#organization"},"image":{"@id":"https:\/\/www.pressenza.com\/pt-pt\/2021\/04\/a-historia-por-tras-do-ano-novo-iraniano-e-porque-sua-tematica-de-cura-e-renovacao-sao-importantes\/#primaryimage"},"thumbnailUrl":"https:\/\/www.pressenza.com\/wp-content\/uploads\/2021\/04\/1024px-Nowruz.jpg","keywords":["caderno de cultura","cultura ancestral","ira"],"articleSection":["Assuntos ind\u00edgenas","Conte\u00fado Original","Cultura e M\u00eddia","Humanismo e Espiritualidade","Oriente M\u00e9dio"],"inLanguage":"pt-PT"},{"@type":"WebPage","@id":"https:\/\/www.pressenza.com\/pt-pt\/2021\/04\/a-historia-por-tras-do-ano-novo-iraniano-e-porque-sua-tematica-de-cura-e-renovacao-sao-importantes\/","url":"https:\/\/www.pressenza.com\/pt-pt\/2021\/04\/a-historia-por-tras-do-ano-novo-iraniano-e-porque-sua-tematica-de-cura-e-renovacao-sao-importantes\/","name":"A hist\u00f3ria por tr\u00e1s do ano novo Iraniano e porque sua tem\u00e1tica de cura e renova\u00e7\u00e3o s\u00e3o importantes","isPartOf":{"@id":"https:\/\/www.pressenza.com\/pt-pt\/#website"},"primaryImageOfPage":{"@id":"https:\/\/www.pressenza.com\/pt-pt\/2021\/04\/a-historia-por-tras-do-ano-novo-iraniano-e-porque-sua-tematica-de-cura-e-renovacao-sao-importantes\/#primaryimage"},"image":{"@id":"https:\/\/www.pressenza.com\/pt-pt\/2021\/04\/a-historia-por-tras-do-ano-novo-iraniano-e-porque-sua-tematica-de-cura-e-renovacao-sao-importantes\/#primaryimage"},"thumbnailUrl":"https:\/\/www.pressenza.com\/wp-content\/uploads\/2021\/04\/1024px-Nowruz.jpg","datePublished":"2021-04-25T00:34:35+00:00","description":"CULTURA ANCESTRAL &nbsp; &nbsp; por Pardis Mahdavi* Conforme os dias ficam mais longos e as flores come\u00e7am a desabrochar, meu filho de 5 anos se anima e","breadcrumb":{"@id":"https:\/\/www.pressenza.com\/pt-pt\/2021\/04\/a-historia-por-tras-do-ano-novo-iraniano-e-porque-sua-tematica-de-cura-e-renovacao-sao-importantes\/#breadcrumb"},"inLanguage":"pt-PT","potentialAction":[{"@type":"ReadAction","target":["https:\/\/www.pressenza.com\/pt-pt\/2021\/04\/a-historia-por-tras-do-ano-novo-iraniano-e-porque-sua-tematica-de-cura-e-renovacao-sao-importantes\/"]}]},{"@type":"ImageObject","inLanguage":"pt-PT","@id":"https:\/\/www.pressenza.com\/pt-pt\/2021\/04\/a-historia-por-tras-do-ano-novo-iraniano-e-porque-sua-tematica-de-cura-e-renovacao-sao-importantes\/#primaryimage","url":"https:\/\/www.pressenza.com\/wp-content\/uploads\/2021\/04\/1024px-Nowruz.jpg","contentUrl":"https:\/\/www.pressenza.com\/wp-content\/uploads\/2021\/04\/1024px-Nowruz.jpg","width":1024,"height":683,"caption":"Celebrating Nowruz (Nowruz refers to the celebration of the Kurd people\u2019s new year of 2718 in Kurdish culture) in Handimen village located in Kurdistan, Iran. Source: Wikimedia Commons"},{"@type":"BreadcrumbList","@id":"https:\/\/www.pressenza.com\/pt-pt\/2021\/04\/a-historia-por-tras-do-ano-novo-iraniano-e-porque-sua-tematica-de-cura-e-renovacao-sao-importantes\/#breadcrumb","itemListElement":[{"@type":"ListItem","position":1,"name":"Accueil","item":"https:\/\/www.pressenza.com\/pt-pt\/"},{"@type":"ListItem","position":2,"name":"A hist\u00f3ria por tr\u00e1s do ano novo Iraniano e porque sua tem\u00e1tica de cura e renova\u00e7\u00e3o s\u00e3o importantes"}]},{"@type":"WebSite","@id":"https:\/\/www.pressenza.com\/pt-pt\/#website","url":"https:\/\/www.pressenza.com\/pt-pt\/","name":"Pressenza","description":"International Press Agency","publisher":{"@id":"https:\/\/www.pressenza.com\/pt-pt\/#organization"},"potentialAction":[{"@type":"SearchAction","target":{"@type":"EntryPoint","urlTemplate":"https:\/\/www.pressenza.com\/pt-pt\/?s={search_term_string}"},"query-input":{"@type":"PropertyValueSpecification","valueRequired":true,"valueName":"search_term_string"}}],"inLanguage":"pt-PT"},{"@type":"Organization","@id":"https:\/\/www.pressenza.com\/pt-pt\/#organization","name":"Pressenza","url":"https:\/\/www.pressenza.com\/pt-pt\/","logo":{"@type":"ImageObject","inLanguage":"pt-PT","@id":"https:\/\/www.pressenza.com\/pt-pt\/#\/schema\/logo\/image\/","url":"https:\/\/www.pressenza.com\/wp-content\/uploads\/2022\/10\/pressenza_logo_200x200.jpg","contentUrl":"https:\/\/www.pressenza.com\/wp-content\/uploads\/2022\/10\/pressenza_logo_200x200.jpg","width":200,"height":200,"caption":"Pressenza"},"image":{"@id":"https:\/\/www.pressenza.com\/pt-pt\/#\/schema\/logo\/image\/"},"sameAs":["https:\/\/www.facebook.com\/PressenzaItalia","https:\/\/x.com\/PressenzaIPA"]},{"@type":"Person","@id":"https:\/\/www.pressenza.com\/pt-pt\/#\/schema\/person\/e1864562a7d22b9c279812ebdb56e58d","name":"The Conversation","description":"The Conversation is an independent source of news and views, sourced from the academic and research community and delivered direct to the public.","sameAs":["https:\/\/theconversation.com\/uk\/","https:\/\/www.facebook.com\/ConversationUK","https:\/\/x.com\/ConversationUK"],"url":"https:\/\/www.pressenza.com\/pt-pt\/author\/the-conversation\/"}]}},"place":"","original_article_url":"https:\/\/theconversation.com\/the-story-of-the-iranian-new-year-nowruz-and-why-its-themes-of-renewal-and-healing-matter-156701","_links":{"self":[{"href":"https:\/\/www.pressenza.com\/pt-pt\/wp-json\/wp\/v2\/posts\/1348077","targetHints":{"allow":["GET"]}}],"collection":[{"href":"https:\/\/www.pressenza.com\/pt-pt\/wp-json\/wp\/v2\/posts"}],"about":[{"href":"https:\/\/www.pressenza.com\/pt-pt\/wp-json\/wp\/v2\/types\/post"}],"author":[{"embeddable":true,"href":"https:\/\/www.pressenza.com\/pt-pt\/wp-json\/wp\/v2\/users\/1791"}],"replies":[{"embeddable":true,"href":"https:\/\/www.pressenza.com\/pt-pt\/wp-json\/wp\/v2\/comments?post=1348077"}],"version-history":[{"count":0,"href":"https:\/\/www.pressenza.com\/pt-pt\/wp-json\/wp\/v2\/posts\/1348077\/revisions"}],"wp:featuredmedia":[{"embeddable":true,"href":"https:\/\/www.pressenza.com\/pt-pt\/wp-json\/wp\/v2\/media\/1333722"}],"wp:attachment":[{"href":"https:\/\/www.pressenza.com\/pt-pt\/wp-json\/wp\/v2\/media?parent=1348077"}],"wp:term":[{"taxonomy":"category","embeddable":true,"href":"https:\/\/www.pressenza.com\/pt-pt\/wp-json\/wp\/v2\/categories?post=1348077"},{"taxonomy":"post_tag","embeddable":true,"href":"https:\/\/www.pressenza.com\/pt-pt\/wp-json\/wp\/v2\/tags?post=1348077"}],"curies":[{"name":"wp","href":"https:\/\/api.w.org\/{rel}","templated":true}]}}