{"id":1347171,"date":"2021-04-24T00:31:52","date_gmt":"2021-04-23T23:31:52","guid":{"rendered":"https:\/\/www.pressenza.com\/?p=1347171"},"modified":"2021-04-24T00:34:21","modified_gmt":"2021-04-23T23:34:21","slug":"emocao-e-reflexao-em-praga-25-mil-cruzes-para-os-que-nao-verao-o-fim-da-pandemia","status":"publish","type":"post","link":"https:\/\/www.pressenza.com\/pt-pt\/2021\/04\/emocao-e-reflexao-em-praga-25-mil-cruzes-para-os-que-nao-verao-o-fim-da-pandemia\/","title":{"rendered":"Emo\u00e7\u00e3o e reflex\u00e3o em Praga: 25 mil cruzes para os que n\u00e3o ver\u00e3o o fim da pandemia"},"content":{"rendered":"<p>Em 22 de Mar\u00e7o, 25 mil cruzes foram espalhadas na pra\u00e7a da Cidade Velha, em Praga, para lembrar os mortos de covid durante um ano de pandemia. A Rep\u00fablica Checa, que na primeira onda quase n\u00e3o foi afetada pelo v\u00edrus, encontra-se atualmente entre os primeiros pa\u00edses em termos de n\u00famero de infec\u00e7\u00f5es e de mortes proporcionalmente \u00e0 popula\u00e7\u00e3o.<\/p>\n<p>A iniciativa foi lan\u00e7ada pela Associa\u00e7\u00e3o Cultural &#8220;milion chvilek pro demokracii&#8221; &#8211; um milh\u00e3o de momentos para a democracia. Os organizadores acreditavam que as cruzes permaneceriam apenas alguns dias, uma vez que a manifesta\u00e7\u00e3o foi um ato de protesto contra o governo. &#8220;A responsabilidade pelas mortes cabe ao governo, que prioriza mais seus neg\u00f3cios que a sa\u00fade dos cidad\u00e3os&#8221;, disse o presidente da Associa\u00e7\u00e3o, Bemjamin Roll.<\/p>\n<p>Todavia, as coisas evolu\u00edram de forma diferente. Muitas pessoas, de forma totalmente espont\u00e2nea, se dirigiram \u00e0 Pra\u00e7a carregando flores, velas e desenhando cora\u00e7\u00f5es. Ainda hoje, depois de tantos dias, as pessoas v\u00e3o em peregrina\u00e7\u00e3o \u00e0 pra\u00e7a da Cidade Velha, algumas apenas para observar, outras para acender velas e outras ainda para escrever o nome de seus queridos entes falecidos. A maioria dos desenhos \u00e9 dedicada aos av\u00f3s, mas \u00e9 impressionante que muitas dedicat\u00f3rias sejam dirigidas aos jovens. \u00c9 uma iniciativa nascida de forma espont\u00e2nea e, portanto, n\u00e3o tem o ambiente formal t\u00edpico de cerim\u00f4nias institucionais. Visitar a pra\u00e7a \u00e9 uma experi\u00eancia muito interessante. Se, no in\u00edcio, a sensa\u00e7\u00e3o \u00e9 de estarmos num cemit\u00e9rio, mais tarde nos sentimos envolvidos por uma forte emo\u00e7\u00e3o e um forte senso de como\u00e7\u00e3o. Nos escritos, nos desenhos, nas pessoas que acenderam uma vela, no ambiente m\u00e1gico de uma das pra\u00e7as mais bonitas da Europa, voc\u00ea pode sentir toda a dor da perda. Uma dor, que quase todo mundo, pelo menos uma vez na vida, j\u00e1 experimentou, mas, acima de tudo, \u00e9 a grande necessidade de viver junto com os outros o sentimento que prevalece.<\/p>\n<p><img decoding=\"async\" src=\"https:\/\/cdn77.pressenza.com\/wp-content\/uploads\/2021\/04\/Praga_Citta_Vecchia_Covid_2.jpg\" \/><\/p>\n<p><img decoding=\"async\" src=\"https:\/\/cdn77.pressenza.com\/wp-content\/uploads\/2021\/04\/cuore-in-gesso-1536x709.jpg\" \/><\/p>\n<p><img decoding=\"async\" src=\"https:\/\/cdn77.pressenza.com\/wp-content\/uploads\/2021\/04\/Praga_Citta_Vecchia_Covid_3-1536x709.jpg\" \/><\/p>\n<p><img decoding=\"async\" src=\"https:\/\/cdn77.pressenza.com\/wp-content\/uploads\/2021\/04\/Praga_Citta_Vecchia_Covid_6.jpg\" \/><\/p>\n<p>Este tem sido um ano intenso, de ang\u00fastia, controv\u00e9rsia e discuss\u00e3o, mas tamb\u00e9m um ano que nos aproximou profundamente, durante o qual entendemos que vivemos a mesma experi\u00eancia al\u00e9m de dist\u00e2ncias e barreiras culturais. O que aconteceu, e continua a acontecer, diz respeito a todos, n\u00e3o como indiv\u00edduos isolados, mas como comunidade. Nessa pra\u00e7a h\u00e1 uma forte necessidade de compartilhar afeto, de se sentir parte da fam\u00edlia humana. Esta atmosfera e estes sentimentos contrastam com o que se percebe diariamente, especialmente na frieza dos boletins sobre o Covid ou nas odiosas controv\u00e9rsias das m\u00eddias sociais. \u00c0s vezes, parece que fomos anestesiados que acabamos perdendo a capacidade de perceber a experi\u00eancia interior dos outros, de sentir emo\u00e7\u00f5es fortes. Mas, naquela pra\u00e7a, voc\u00ea pode ouvir outras coisas, ecos de uma humanidade redescoberta.<\/p>\n<p>\u00c9 claro que muitas pessoas se perguntam se este sofrimento pode ser evitado e o que pode ser feito para evit\u00e1-lo no futuro. Tamb\u00e9m impulsionada por estas reflex\u00f5es, a Associa\u00e7\u00e3o Mundo sem Guerras e sem Viol\u00eancia lan\u00e7ou uma iniciativa para pedir ao governo que invista na sa\u00fade o dinheiro destinado para os gastos militares. &#8220;\u00c9 uma loucura que o gasto militar aumente precisamente em um momento dif\u00edcil pelo que estamos passando, onde est\u00e1 claro quais s\u00e3o as necessidades reais&#8221;, diz Tania Bednarova, presidente da Associa\u00e7\u00e3o. Na Rep\u00fablica Checa, e em muitos outros pa\u00edses do mundo, as ind\u00fastrias b\u00e9licas est\u00e3o entre as poucas que aumentaram o seu volume de neg\u00f3cios. Tania espera que esta iniciativa possa se espalhar por toda a Europa.<br \/>\nEnquanto isso, as pessoas continuam se dirigindo \u00e0 pra\u00e7a da Cidade Velha para compartilhar sua dor e refor\u00e7ar esta atmosfera de afeto e reflex\u00e3o.<br \/>\nInvestimos na sa\u00fade, n\u00e3o em armas!<\/p>\n<p><iframe loading=\"lazy\" title=\"Commozione e riflessione a Praga per la pandemia\" width=\"500\" height=\"281\" src=\"https:\/\/www.youtube.com\/embed\/bzewiSNEoFk?feature=oembed\" frameborder=\"0\" allow=\"accelerometer; autoplay; clipboard-write; encrypted-media; gyroscope; picture-in-picture; web-share\" referrerpolicy=\"strict-origin-when-cross-origin\" allowfullscreen><\/iframe><\/p>\n<hr \/>\n<p><em>Traduzido do Italiano para o portugu\u00eas por Mychelle Medeiros \/ Revisado por Cristiana Gotsis<\/em><\/p>\n","protected":false},"excerpt":{"rendered":"<p>Em 22 de Mar\u00e7o, 25 mil cruzes foram espalhadas na pra\u00e7a da Cidade Velha, em Praga, para lembrar os mortos de covid durante um ano de pandemia. A Rep\u00fablica Checa, que na primeira onda quase n\u00e3o foi afetada pelo v\u00edrus,&hellip;<\/p>\n","protected":false},"author":995,"featured_media":1335123,"comment_status":"closed","ping_status":"closed","sticky":false,"template":"","format":"standard","meta":{"footnotes":""},"categories":[11390,103,165,1257,1253],"tags":[90196,90195,90197,10663,28780],"class_list":["post-1347171","post","type-post","status-publish","format-standard","has-post-thumbnail","hentry","category-conteudo-original","category-europa-pt-pt","category-opiniao","category-paz-desarmamento","category-saude","tag-cobica","tag-compartilhamento","tag-gastos-militares-pt-pt","tag-mortes","tag-republica-tcheca"],"yoast_head":"<!-- This site is optimized with the Yoast SEO plugin v27.1.1 - https:\/\/yoast.com\/product\/yoast-seo-wordpress\/ -->\n<title>Emo\u00e7\u00e3o e reflex\u00e3o em Praga: 25 mil cruzes para os que n\u00e3o ver\u00e3o o fim da pandemia<\/title>\n<meta name=\"description\" content=\"Em 22 de Mar\u00e7o, 25 mil cruzes foram espalhadas na pra\u00e7a da Cidade Velha, em Praga, para lembrar os mortos de covid durante um ano de pandemia. A Rep\u00fablica\" \/>\n<meta name=\"robots\" content=\"index, follow, max-snippet:-1, max-image-preview:large, max-video-preview:-1\" \/>\n<link rel=\"canonical\" href=\"https:\/\/www.pressenza.com\/pt-pt\/2021\/04\/emocao-e-reflexao-em-praga-25-mil-cruzes-para-os-que-nao-verao-o-fim-da-pandemia\/\" \/>\n<meta property=\"og:locale\" content=\"pt_PT\" \/>\n<meta property=\"og:type\" content=\"article\" \/>\n<meta property=\"og:title\" content=\"Emo\u00e7\u00e3o e reflex\u00e3o em Praga: 25 mil cruzes para os que n\u00e3o ver\u00e3o o fim da pandemia\" \/>\n<meta property=\"og:description\" content=\"Em 22 de Mar\u00e7o, 25 mil cruzes foram espalhadas na pra\u00e7a da Cidade Velha, em Praga, para lembrar os mortos de covid durante um ano de pandemia. A Rep\u00fablica\" \/>\n<meta property=\"og:url\" content=\"https:\/\/www.pressenza.com\/pt-pt\/2021\/04\/emocao-e-reflexao-em-praga-25-mil-cruzes-para-os-que-nao-verao-o-fim-da-pandemia\/\" \/>\n<meta property=\"og:site_name\" content=\"Pressenza\" \/>\n<meta property=\"article:publisher\" content=\"https:\/\/www.facebook.com\/PressenzaItalia\" \/>\n<meta property=\"article:published_time\" content=\"2021-04-23T23:31:52+00:00\" \/>\n<meta property=\"article:modified_time\" content=\"2021-04-23T23:34:21+00:00\" \/>\n<meta property=\"og:image\" content=\"https:\/\/www.pressenza.com\/wp-content\/uploads\/2021\/04\/Praga_Citta_Vecchia_Covid_1.jpg\" \/>\n\t<meta property=\"og:image:width\" content=\"1920\" \/>\n\t<meta property=\"og:image:height\" content=\"886\" \/>\n\t<meta property=\"og:image:type\" content=\"image\/jpeg\" \/>\n<meta name=\"author\" content=\"Gerardo Femina\" \/>\n<meta name=\"twitter:card\" content=\"summary_large_image\" \/>\n<meta name=\"twitter:creator\" content=\"@PressenzaIPA\" \/>\n<meta name=\"twitter:site\" content=\"@PressenzaIPA\" \/>\n<meta name=\"twitter:label1\" content=\"Escrito por\" \/>\n\t<meta name=\"twitter:data1\" content=\"Gerardo Femina\" \/>\n\t<meta name=\"twitter:label2\" content=\"Tempo estimado de leitura\" \/>\n\t<meta name=\"twitter:data2\" content=\"3 minutos\" \/>\n<script type=\"application\/ld+json\" class=\"yoast-schema-graph\">{\"@context\":\"https:\/\/schema.org\",\"@graph\":[{\"@type\":\"Article\",\"@id\":\"https:\/\/www.pressenza.com\/pt-pt\/2021\/04\/emocao-e-reflexao-em-praga-25-mil-cruzes-para-os-que-nao-verao-o-fim-da-pandemia\/#article\",\"isPartOf\":{\"@id\":\"https:\/\/www.pressenza.com\/pt-pt\/2021\/04\/emocao-e-reflexao-em-praga-25-mil-cruzes-para-os-que-nao-verao-o-fim-da-pandemia\/\"},\"author\":{\"name\":\"Gerardo Femina\",\"@id\":\"https:\/\/www.pressenza.com\/pt-pt\/#\/schema\/person\/a960a95828df61811b50008db91df31a\"},\"headline\":\"Emo\u00e7\u00e3o e reflex\u00e3o em Praga: 25 mil cruzes para os que n\u00e3o ver\u00e3o o fim da pandemia\",\"datePublished\":\"2021-04-23T23:31:52+00:00\",\"dateModified\":\"2021-04-23T23:34:21+00:00\",\"mainEntityOfPage\":{\"@id\":\"https:\/\/www.pressenza.com\/pt-pt\/2021\/04\/emocao-e-reflexao-em-praga-25-mil-cruzes-para-os-que-nao-verao-o-fim-da-pandemia\/\"},\"wordCount\":694,\"publisher\":{\"@id\":\"https:\/\/www.pressenza.com\/pt-pt\/#organization\"},\"image\":{\"@id\":\"https:\/\/www.pressenza.com\/pt-pt\/2021\/04\/emocao-e-reflexao-em-praga-25-mil-cruzes-para-os-que-nao-verao-o-fim-da-pandemia\/#primaryimage\"},\"thumbnailUrl\":\"https:\/\/www.pressenza.com\/wp-content\/uploads\/2021\/04\/Praga_Citta_Vecchia_Covid_1.jpg\",\"keywords\":[\"cobi\u00e7a\",\"compartilhamento\",\"Gastos Militares\",\"mortes\",\"Rep\u00fablica Tcheca\"],\"articleSection\":[\"Conte\u00fado Original\",\"Europa\",\"Opini\u00e3o\",\"Paz e Desarmamento\",\"Sa\u00fade\"],\"inLanguage\":\"pt-PT\"},{\"@type\":\"WebPage\",\"@id\":\"https:\/\/www.pressenza.com\/pt-pt\/2021\/04\/emocao-e-reflexao-em-praga-25-mil-cruzes-para-os-que-nao-verao-o-fim-da-pandemia\/\",\"url\":\"https:\/\/www.pressenza.com\/pt-pt\/2021\/04\/emocao-e-reflexao-em-praga-25-mil-cruzes-para-os-que-nao-verao-o-fim-da-pandemia\/\",\"name\":\"Emo\u00e7\u00e3o e reflex\u00e3o em Praga: 25 mil cruzes para os que n\u00e3o ver\u00e3o o fim da pandemia\",\"isPartOf\":{\"@id\":\"https:\/\/www.pressenza.com\/pt-pt\/#website\"},\"primaryImageOfPage\":{\"@id\":\"https:\/\/www.pressenza.com\/pt-pt\/2021\/04\/emocao-e-reflexao-em-praga-25-mil-cruzes-para-os-que-nao-verao-o-fim-da-pandemia\/#primaryimage\"},\"image\":{\"@id\":\"https:\/\/www.pressenza.com\/pt-pt\/2021\/04\/emocao-e-reflexao-em-praga-25-mil-cruzes-para-os-que-nao-verao-o-fim-da-pandemia\/#primaryimage\"},\"thumbnailUrl\":\"https:\/\/www.pressenza.com\/wp-content\/uploads\/2021\/04\/Praga_Citta_Vecchia_Covid_1.jpg\",\"datePublished\":\"2021-04-23T23:31:52+00:00\",\"dateModified\":\"2021-04-23T23:34:21+00:00\",\"description\":\"Em 22 de Mar\u00e7o, 25 mil cruzes foram espalhadas na pra\u00e7a da Cidade Velha, em Praga, para lembrar os mortos de covid durante um ano de pandemia. A Rep\u00fablica\",\"breadcrumb\":{\"@id\":\"https:\/\/www.pressenza.com\/pt-pt\/2021\/04\/emocao-e-reflexao-em-praga-25-mil-cruzes-para-os-que-nao-verao-o-fim-da-pandemia\/#breadcrumb\"},\"inLanguage\":\"pt-PT\",\"potentialAction\":[{\"@type\":\"ReadAction\",\"target\":[\"https:\/\/www.pressenza.com\/pt-pt\/2021\/04\/emocao-e-reflexao-em-praga-25-mil-cruzes-para-os-que-nao-verao-o-fim-da-pandemia\/\"]}]},{\"@type\":\"ImageObject\",\"inLanguage\":\"pt-PT\",\"@id\":\"https:\/\/www.pressenza.com\/pt-pt\/2021\/04\/emocao-e-reflexao-em-praga-25-mil-cruzes-para-os-que-nao-verao-o-fim-da-pandemia\/#primaryimage\",\"url\":\"https:\/\/www.pressenza.com\/wp-content\/uploads\/2021\/04\/Praga_Citta_Vecchia_Covid_1.jpg\",\"contentUrl\":\"https:\/\/www.pressenza.com\/wp-content\/uploads\/2021\/04\/Praga_Citta_Vecchia_Covid_1.jpg\",\"width\":1920,\"height\":886},{\"@type\":\"BreadcrumbList\",\"@id\":\"https:\/\/www.pressenza.com\/pt-pt\/2021\/04\/emocao-e-reflexao-em-praga-25-mil-cruzes-para-os-que-nao-verao-o-fim-da-pandemia\/#breadcrumb\",\"itemListElement\":[{\"@type\":\"ListItem\",\"position\":1,\"name\":\"Accueil\",\"item\":\"https:\/\/www.pressenza.com\/pt-pt\/\"},{\"@type\":\"ListItem\",\"position\":2,\"name\":\"Emo\u00e7\u00e3o e reflex\u00e3o em Praga: 25 mil cruzes para os que n\u00e3o ver\u00e3o o fim da pandemia\"}]},{\"@type\":\"WebSite\",\"@id\":\"https:\/\/www.pressenza.com\/pt-pt\/#website\",\"url\":\"https:\/\/www.pressenza.com\/pt-pt\/\",\"name\":\"Pressenza\",\"description\":\"International Press Agency\",\"publisher\":{\"@id\":\"https:\/\/www.pressenza.com\/pt-pt\/#organization\"},\"potentialAction\":[{\"@type\":\"SearchAction\",\"target\":{\"@type\":\"EntryPoint\",\"urlTemplate\":\"https:\/\/www.pressenza.com\/pt-pt\/?s={search_term_string}\"},\"query-input\":{\"@type\":\"PropertyValueSpecification\",\"valueRequired\":true,\"valueName\":\"search_term_string\"}}],\"inLanguage\":\"pt-PT\"},{\"@type\":\"Organization\",\"@id\":\"https:\/\/www.pressenza.com\/pt-pt\/#organization\",\"name\":\"Pressenza\",\"url\":\"https:\/\/www.pressenza.com\/pt-pt\/\",\"logo\":{\"@type\":\"ImageObject\",\"inLanguage\":\"pt-PT\",\"@id\":\"https:\/\/www.pressenza.com\/pt-pt\/#\/schema\/logo\/image\/\",\"url\":\"https:\/\/www.pressenza.com\/wp-content\/uploads\/2022\/10\/pressenza_logo_200x200.jpg\",\"contentUrl\":\"https:\/\/www.pressenza.com\/wp-content\/uploads\/2022\/10\/pressenza_logo_200x200.jpg\",\"width\":200,\"height\":200,\"caption\":\"Pressenza\"},\"image\":{\"@id\":\"https:\/\/www.pressenza.com\/pt-pt\/#\/schema\/logo\/image\/\"},\"sameAs\":[\"https:\/\/www.facebook.com\/PressenzaItalia\",\"https:\/\/x.com\/PressenzaIPA\"]},{\"@type\":\"Person\",\"@id\":\"https:\/\/www.pressenza.com\/pt-pt\/#\/schema\/person\/a960a95828df61811b50008db91df31a\",\"name\":\"Gerardo Femina\",\"description\":\"Former president of the Community for Human Development in Italy, engaged in social, political and cultural activity. For 20 years he has lived in Prague, where he was among the promoters of the campaign \\\"Europe for Peace\\\" and the protest against the so-called Missile Shield, that the United States wanted to install in the Czech Republic. He writes about politics and social matters. In recent years he has dedicated himself to the construction of the Park of Study and Reflection in the Czech Republic.\",\"url\":\"https:\/\/www.pressenza.com\/pt-pt\/author\/gerardo-femina\/\"}]}<\/script>\n<!-- \/ Yoast SEO plugin. -->","yoast_head_json":{"title":"Emo\u00e7\u00e3o e reflex\u00e3o em Praga: 25 mil cruzes para os que n\u00e3o ver\u00e3o o fim da pandemia","description":"Em 22 de Mar\u00e7o, 25 mil cruzes foram espalhadas na pra\u00e7a da Cidade Velha, em Praga, para lembrar os mortos de covid durante um ano de pandemia. A Rep\u00fablica","robots":{"index":"index","follow":"follow","max-snippet":"max-snippet:-1","max-image-preview":"max-image-preview:large","max-video-preview":"max-video-preview:-1"},"canonical":"https:\/\/www.pressenza.com\/pt-pt\/2021\/04\/emocao-e-reflexao-em-praga-25-mil-cruzes-para-os-que-nao-verao-o-fim-da-pandemia\/","og_locale":"pt_PT","og_type":"article","og_title":"Emo\u00e7\u00e3o e reflex\u00e3o em Praga: 25 mil cruzes para os que n\u00e3o ver\u00e3o o fim da pandemia","og_description":"Em 22 de Mar\u00e7o, 25 mil cruzes foram espalhadas na pra\u00e7a da Cidade Velha, em Praga, para lembrar os mortos de covid durante um ano de pandemia. A Rep\u00fablica","og_url":"https:\/\/www.pressenza.com\/pt-pt\/2021\/04\/emocao-e-reflexao-em-praga-25-mil-cruzes-para-os-que-nao-verao-o-fim-da-pandemia\/","og_site_name":"Pressenza","article_publisher":"https:\/\/www.facebook.com\/PressenzaItalia","article_published_time":"2021-04-23T23:31:52+00:00","article_modified_time":"2021-04-23T23:34:21+00:00","og_image":[{"width":1920,"height":886,"url":"https:\/\/www.pressenza.com\/wp-content\/uploads\/2021\/04\/Praga_Citta_Vecchia_Covid_1.jpg","type":"image\/jpeg"}],"author":"Gerardo Femina","twitter_card":"summary_large_image","twitter_creator":"@PressenzaIPA","twitter_site":"@PressenzaIPA","twitter_misc":{"Escrito por":"Gerardo Femina","Tempo estimado de leitura":"3 minutos"},"schema":{"@context":"https:\/\/schema.org","@graph":[{"@type":"Article","@id":"https:\/\/www.pressenza.com\/pt-pt\/2021\/04\/emocao-e-reflexao-em-praga-25-mil-cruzes-para-os-que-nao-verao-o-fim-da-pandemia\/#article","isPartOf":{"@id":"https:\/\/www.pressenza.com\/pt-pt\/2021\/04\/emocao-e-reflexao-em-praga-25-mil-cruzes-para-os-que-nao-verao-o-fim-da-pandemia\/"},"author":{"name":"Gerardo Femina","@id":"https:\/\/www.pressenza.com\/pt-pt\/#\/schema\/person\/a960a95828df61811b50008db91df31a"},"headline":"Emo\u00e7\u00e3o e reflex\u00e3o em Praga: 25 mil cruzes para os que n\u00e3o ver\u00e3o o fim da pandemia","datePublished":"2021-04-23T23:31:52+00:00","dateModified":"2021-04-23T23:34:21+00:00","mainEntityOfPage":{"@id":"https:\/\/www.pressenza.com\/pt-pt\/2021\/04\/emocao-e-reflexao-em-praga-25-mil-cruzes-para-os-que-nao-verao-o-fim-da-pandemia\/"},"wordCount":694,"publisher":{"@id":"https:\/\/www.pressenza.com\/pt-pt\/#organization"},"image":{"@id":"https:\/\/www.pressenza.com\/pt-pt\/2021\/04\/emocao-e-reflexao-em-praga-25-mil-cruzes-para-os-que-nao-verao-o-fim-da-pandemia\/#primaryimage"},"thumbnailUrl":"https:\/\/www.pressenza.com\/wp-content\/uploads\/2021\/04\/Praga_Citta_Vecchia_Covid_1.jpg","keywords":["cobi\u00e7a","compartilhamento","Gastos Militares","mortes","Rep\u00fablica Tcheca"],"articleSection":["Conte\u00fado Original","Europa","Opini\u00e3o","Paz e Desarmamento","Sa\u00fade"],"inLanguage":"pt-PT"},{"@type":"WebPage","@id":"https:\/\/www.pressenza.com\/pt-pt\/2021\/04\/emocao-e-reflexao-em-praga-25-mil-cruzes-para-os-que-nao-verao-o-fim-da-pandemia\/","url":"https:\/\/www.pressenza.com\/pt-pt\/2021\/04\/emocao-e-reflexao-em-praga-25-mil-cruzes-para-os-que-nao-verao-o-fim-da-pandemia\/","name":"Emo\u00e7\u00e3o e reflex\u00e3o em Praga: 25 mil cruzes para os que n\u00e3o ver\u00e3o o fim da pandemia","isPartOf":{"@id":"https:\/\/www.pressenza.com\/pt-pt\/#website"},"primaryImageOfPage":{"@id":"https:\/\/www.pressenza.com\/pt-pt\/2021\/04\/emocao-e-reflexao-em-praga-25-mil-cruzes-para-os-que-nao-verao-o-fim-da-pandemia\/#primaryimage"},"image":{"@id":"https:\/\/www.pressenza.com\/pt-pt\/2021\/04\/emocao-e-reflexao-em-praga-25-mil-cruzes-para-os-que-nao-verao-o-fim-da-pandemia\/#primaryimage"},"thumbnailUrl":"https:\/\/www.pressenza.com\/wp-content\/uploads\/2021\/04\/Praga_Citta_Vecchia_Covid_1.jpg","datePublished":"2021-04-23T23:31:52+00:00","dateModified":"2021-04-23T23:34:21+00:00","description":"Em 22 de Mar\u00e7o, 25 mil cruzes foram espalhadas na pra\u00e7a da Cidade Velha, em Praga, para lembrar os mortos de covid durante um ano de pandemia. A Rep\u00fablica","breadcrumb":{"@id":"https:\/\/www.pressenza.com\/pt-pt\/2021\/04\/emocao-e-reflexao-em-praga-25-mil-cruzes-para-os-que-nao-verao-o-fim-da-pandemia\/#breadcrumb"},"inLanguage":"pt-PT","potentialAction":[{"@type":"ReadAction","target":["https:\/\/www.pressenza.com\/pt-pt\/2021\/04\/emocao-e-reflexao-em-praga-25-mil-cruzes-para-os-que-nao-verao-o-fim-da-pandemia\/"]}]},{"@type":"ImageObject","inLanguage":"pt-PT","@id":"https:\/\/www.pressenza.com\/pt-pt\/2021\/04\/emocao-e-reflexao-em-praga-25-mil-cruzes-para-os-que-nao-verao-o-fim-da-pandemia\/#primaryimage","url":"https:\/\/www.pressenza.com\/wp-content\/uploads\/2021\/04\/Praga_Citta_Vecchia_Covid_1.jpg","contentUrl":"https:\/\/www.pressenza.com\/wp-content\/uploads\/2021\/04\/Praga_Citta_Vecchia_Covid_1.jpg","width":1920,"height":886},{"@type":"BreadcrumbList","@id":"https:\/\/www.pressenza.com\/pt-pt\/2021\/04\/emocao-e-reflexao-em-praga-25-mil-cruzes-para-os-que-nao-verao-o-fim-da-pandemia\/#breadcrumb","itemListElement":[{"@type":"ListItem","position":1,"name":"Accueil","item":"https:\/\/www.pressenza.com\/pt-pt\/"},{"@type":"ListItem","position":2,"name":"Emo\u00e7\u00e3o e reflex\u00e3o em Praga: 25 mil cruzes para os que n\u00e3o ver\u00e3o o fim da pandemia"}]},{"@type":"WebSite","@id":"https:\/\/www.pressenza.com\/pt-pt\/#website","url":"https:\/\/www.pressenza.com\/pt-pt\/","name":"Pressenza","description":"International Press Agency","publisher":{"@id":"https:\/\/www.pressenza.com\/pt-pt\/#organization"},"potentialAction":[{"@type":"SearchAction","target":{"@type":"EntryPoint","urlTemplate":"https:\/\/www.pressenza.com\/pt-pt\/?s={search_term_string}"},"query-input":{"@type":"PropertyValueSpecification","valueRequired":true,"valueName":"search_term_string"}}],"inLanguage":"pt-PT"},{"@type":"Organization","@id":"https:\/\/www.pressenza.com\/pt-pt\/#organization","name":"Pressenza","url":"https:\/\/www.pressenza.com\/pt-pt\/","logo":{"@type":"ImageObject","inLanguage":"pt-PT","@id":"https:\/\/www.pressenza.com\/pt-pt\/#\/schema\/logo\/image\/","url":"https:\/\/www.pressenza.com\/wp-content\/uploads\/2022\/10\/pressenza_logo_200x200.jpg","contentUrl":"https:\/\/www.pressenza.com\/wp-content\/uploads\/2022\/10\/pressenza_logo_200x200.jpg","width":200,"height":200,"caption":"Pressenza"},"image":{"@id":"https:\/\/www.pressenza.com\/pt-pt\/#\/schema\/logo\/image\/"},"sameAs":["https:\/\/www.facebook.com\/PressenzaItalia","https:\/\/x.com\/PressenzaIPA"]},{"@type":"Person","@id":"https:\/\/www.pressenza.com\/pt-pt\/#\/schema\/person\/a960a95828df61811b50008db91df31a","name":"Gerardo Femina","description":"Former president of the Community for Human Development in Italy, engaged in social, political and cultural activity. For 20 years he has lived in Prague, where he was among the promoters of the campaign \"Europe for Peace\" and the protest against the so-called Missile Shield, that the United States wanted to install in the Czech Republic. He writes about politics and social matters. In recent years he has dedicated himself to the construction of the Park of Study and Reflection in the Czech Republic.","url":"https:\/\/www.pressenza.com\/pt-pt\/author\/gerardo-femina\/"}]}},"place":"","original_article_url":"","_links":{"self":[{"href":"https:\/\/www.pressenza.com\/pt-pt\/wp-json\/wp\/v2\/posts\/1347171","targetHints":{"allow":["GET"]}}],"collection":[{"href":"https:\/\/www.pressenza.com\/pt-pt\/wp-json\/wp\/v2\/posts"}],"about":[{"href":"https:\/\/www.pressenza.com\/pt-pt\/wp-json\/wp\/v2\/types\/post"}],"author":[{"embeddable":true,"href":"https:\/\/www.pressenza.com\/pt-pt\/wp-json\/wp\/v2\/users\/995"}],"replies":[{"embeddable":true,"href":"https:\/\/www.pressenza.com\/pt-pt\/wp-json\/wp\/v2\/comments?post=1347171"}],"version-history":[{"count":0,"href":"https:\/\/www.pressenza.com\/pt-pt\/wp-json\/wp\/v2\/posts\/1347171\/revisions"}],"wp:featuredmedia":[{"embeddable":true,"href":"https:\/\/www.pressenza.com\/pt-pt\/wp-json\/wp\/v2\/media\/1335123"}],"wp:attachment":[{"href":"https:\/\/www.pressenza.com\/pt-pt\/wp-json\/wp\/v2\/media?parent=1347171"}],"wp:term":[{"taxonomy":"category","embeddable":true,"href":"https:\/\/www.pressenza.com\/pt-pt\/wp-json\/wp\/v2\/categories?post=1347171"},{"taxonomy":"post_tag","embeddable":true,"href":"https:\/\/www.pressenza.com\/pt-pt\/wp-json\/wp\/v2\/tags?post=1347171"}],"curies":[{"name":"wp","href":"https:\/\/api.w.org\/{rel}","templated":true}]}}