{"id":1342968,"date":"2021-04-17T13:47:30","date_gmt":"2021-04-17T12:47:30","guid":{"rendered":"https:\/\/www.pressenza.com\/?p=1342968"},"modified":"2021-04-17T13:47:30","modified_gmt":"2021-04-17T12:47:30","slug":"apesar-do-jogo-sujo-dos-eua-a-bolivia-esta-encontrando-uma-forma-de-se-manter-independente","status":"publish","type":"post","link":"https:\/\/www.pressenza.com\/pt-pt\/2021\/04\/apesar-do-jogo-sujo-dos-eua-a-bolivia-esta-encontrando-uma-forma-de-se-manter-independente\/","title":{"rendered":"Apesar do jogo sujo dos EUA, a Bol\u00edvia est\u00e1 encontrando uma forma de se manter independente"},"content":{"rendered":"<p><span style=\"font-weight: 400;\">Os sentimentos na Bol\u00edvia a favor e contra o golpe de Estado de novembro de 2019 s\u00e3o previsivelmente condizentes com as classes sociais. Aqueles de setores mais abastados sentiram que as pol\u00edticas socialistas do governo do presidente Evo Morales (que esteve no poder de 2006 a 2019) estavam corroendo sua autoridade. Mas esses setores n\u00e3o puderam derrubar Morales nas urnas pois suas pol\u00edticas de redistribui\u00e7\u00e3o eram muito populares entre a maior parte da popula\u00e7\u00e3o. Morales venceu tr\u00eas elei\u00e7\u00f5es, cada uma delas com um mandato decisivo: conquistando 53,74% em 2005, 64,08% em 2009 e 61,36% em 2014.<\/span><\/p>\n<p><em><span style=\"font-weight: 400;\">Por Vijay Prashad<\/span><\/em><\/p>\n<p><span style=\"font-weight: 400;\">A press\u00e3o para impedir que Morales concorresse \u00e0s elei\u00e7\u00f5es de 2019 aumentou muito tempo antes, mas falhou. A oposi\u00e7\u00e3o &#8211; com o total apoio do governo dos Estados Unidos &#8211; tentou enfraquecer a elei\u00e7\u00e3o de outubro de 2019 retratando-a como fraudulenta. Sem nenhuma evid\u00eancia verdadeira, os militares &#8211; com uma luz verde de Washington, D.C. \u2013 avan\u00e7aram contra Morales, for\u00e7ando-o a ir para o ex\u00edlio.<\/span><\/p>\n<p><b>Regime do Golpe<\/b><\/p>\n<p><span style=\"font-weight: 400;\">Morales foi substitu\u00eddo por uma legisladora da minoria da extrema direita, Jeanine \u00c1\u00f1ez, que se tornou a presidente interina. Seguiu-se uma dura repress\u00e3o contra o partido de Morales, o Movimento pelo Socialismo (MAS), e Morales foi for\u00e7ado a deixar a Bol\u00edvia. Quase imediatamente, o ent\u00e3o presidente dos EUA, Donald Trump <\/span><a href=\"https:\/\/go.ind.media\/e\/546932\/olivian-president-evo-morales-\/jfw2qq\/806465615?h=xLqL0PGnNpmGebLgD0WBL0uZxZjUpjReWkgXQVwxbY4\" target=\"_blank\" rel=\"noopener\"><span style=\"font-weight: 400;\">disse<\/span><\/a><span style=\"font-weight: 400;\"> que o golpe \u201cpreserva a democracia\u201d. Com o desenrolar da viol\u00eancia do golpe, o Secret\u00e1rio de Estado dos Estados Unidos, Mike Pompeo, o <\/span><a href=\"https:\/\/go.ind.media\/e\/546932\/inclusive-elections-index-html\/jfw2qs\/806465615?h=xLqL0PGnNpmGebLgD0WBL0uZxZjUpjReWkgXQVwxbY4\" target=\"_blank\" rel=\"noopener\"><span style=\"font-weight: 400;\">descreveu<\/span> <\/a><span style=\"font-weight: 400;\">como \u201ca transi\u00e7\u00e3o pol\u00edtica da Bol\u00edvia para a democracia\u201d. A declara\u00e7\u00e3o de Pompeo foi feita em 21 de novembro de 2019.<\/span><\/p>\n<p><span style=\"font-weight: 400;\">Dois dias antes da declara\u00e7\u00e3o de Pompeo, tropas sob a autoriza\u00e7\u00e3o de \u00c1\u00f1ez conduziram dois massacres documentados de apoiadores do MAS em Senkata e Sacaba (perto de El Alto). No dia seguinte aos assassinatos, e na v\u00e9spera da declara\u00e7\u00e3o de Pompeo, o New York Times <\/span><a href=\"https:\/\/go.ind.media\/e\/546932\/er-ataques-armados-237627-html\/jfw2qx\/806465615?h=xLqL0PGnNpmGebLgD0WBL0uZxZjUpjReWkgXQVwxbY4\" target=\"_blank\" rel=\"noopener\"><span style=\"font-weight: 400;\">relatou<\/span> <\/a><span style=\"font-weight: 400;\">sobre os assassinatos em Senkata. Nada disto importou a \u00c1\u00f1ez, cujo o ministro da defesa, Luis Fernando L\u00f3pez, negou os assassinatos (\u201cnenhuma bala foi disparada,\u201d ele<\/span><a href=\"https:\/\/go.ind.media\/e\/546932\/er-ataques-armados-237627-html\/jfw2qx\/806465615?h=xLqL0PGnNpmGebLgD0WBL0uZxZjUpjReWkgXQVwxbY4\" target=\"_blank\" rel=\"noopener\"> <span style=\"font-weight: 400;\">afirmou<\/span><\/a> <span style=\"font-weight: 400;\">), ou a Pompeo. Esse tipo de golpe foi um neg\u00f3cio como de costume para Washington, DC (eu reconto a hist\u00f3ria deste golpe em <\/span><i><span style=\"font-weight: 400;\">Washington Bullets <\/span><\/i><span style=\"font-weight: 400;\">[Tiros de Washington], meu <\/span><a href=\"https:\/\/go.ind.media\/e\/546932\/product-washington-bullets-\/jfw2qz\/806465615?h=xLqL0PGnNpmGebLgD0WBL0uZxZjUpjReWkgXQVwxbY4\" target=\"_blank\" rel=\"noopener\"><span style=\"font-weight: 400;\">\u00a0<\/span><span style=\"font-weight: 400;\">livro<\/span> <\/a><span style=\"font-weight: 400;\">sobre a CIA, golpes e assassinatos.)<\/span><\/p>\n<p><span style=\"font-weight: 400;\">Mas o povo boliviano n\u00e3o iria permitir que seus direitos democr\u00e1ticos fossem roubados. Eles come\u00e7aram a se organizar contra o regime de \u00c1\u00f1ez que tentou adiar as elei\u00e7\u00f5es diversas vezes. Por fim, um m\u00eas antes das elei\u00e7\u00f5es de outubro de 2020, a pr\u00f3pria \u00c1\u00f1ez desistiu em fun\u00e7\u00e3o dos seus n\u00fameros embara\u00e7osamente baixos nas pesquisas, e o MAS &#8211; liderado por Luis Arce e David Choquehuanca &#8211; venceu com 55,10% dos votos. Morales voltou ao pa\u00eds triunfante e o presidente Arce reativou a agenda do MAS para promover os interesses do povo boliviano.<\/span><\/p>\n<p><b>Sem impunidade para golpes<\/b><\/p>\n<p><span style=\"font-weight: 400;\">Nenhum golpe pode passar sem que alguma estrutura restabele\u00e7a a f\u00e9 nas institui\u00e7\u00f5es e evite o sentimento de impunidade entre os golpistas. Portanto, ap\u00f3s um processo judicial, em 13 de mar\u00e7o, as autoridades bolivianas <\/span><a href=\"https:\/\/go.ind.media\/e\/546932\/etencion-jeanin-anez-20210313-\/jfw2r2\/806465615?h=xLqL0PGnNpmGebLgD0WBL0uZxZjUpjReWkgXQVwxbY4\" target=\"_blank\" rel=\"noopener\"><span style=\"font-weight: 400;\">prenderam<\/span> <\/a><span style=\"font-weight: 400;\">dezenas de pessoas, a maioria delas l\u00edderes pol\u00edticos do golpe e emitiram mandados de pris\u00e3o para militares que excederam sua autoridade constitucional. A pris\u00e3o mais proeminente foi de \u00c1\u00f1ez, que <\/span><a href=\"https:\/\/go.ind.media\/e\/546932\/nez-status-1370435922861420555\/jfw2r4\/806465615?h=xLqL0PGnNpmGebLgD0WBL0uZxZjUpjReWkgXQVwxbY4\" target=\"_blank\" rel=\"noopener\"><span style=\"font-weight: 400;\">escreveu em seu Twitter<\/span> <\/a><span style=\"font-weight: 400;\">,\u201ca persegui\u00e7\u00e3o pol\u00edtica come\u00e7ou\u201d. Um mandado foi feito para o general Williams Kaliman que incentivou Morales a renunciar. \u00c9 interessante notar que dois dos homens que deveriam ser presos &#8211; o ministro da Defesa, Luis Fernando L\u00f3pez, e o ministro do Interior, Arturo Murillo &#8211; se refugiaram nos Estados Unidos. Yerko N\u00fa\u00f1ez Negrette, outro ministro, que apareceu <\/span><a href=\"https:\/\/go.ind.media\/e\/546932\/icia-20210312171345811334-html\/jfw2r6\/806465615?h=xLqL0PGnNpmGebLgD0WBL0uZxZjUpjReWkgXQVwxbY4\" target=\"_blank\" rel=\"noopener\"><span style=\"font-weight: 400;\">falando<\/span> <\/a><span style=\"font-weight: 400;\">sobre uma \u201cca\u00e7a a ex-ministros\u201d, desapareceu.<\/span><\/p>\n<p><span style=\"font-weight: 400;\">Pouco depois da pris\u00e3o, o novo secret\u00e1rio de Estado dos Estados Unidos, Antony Blinken, divulgou uma <\/span><a href=\"https:\/\/go.ind.media\/e\/546932\/-interim-government-officials-\/jfw2r8\/806465615?h=xLqL0PGnNpmGebLgD0WBL0uZxZjUpjReWkgXQVwxbY4\" target=\"_blank\" rel=\"noopener\"><span style=\"font-weight: 400;\">declara\u00e7\u00e3o<\/span> <\/a><span style=\"font-weight: 400;\">alertando sobre o \u201ccomportamento antidemocr\u00e1tico\u201d do governo boliviano. \u00c9 importante pausar aqui: Blinken, o secret\u00e1rio de Estado do presidente Joe Biden dos EUA, n\u00e3o critica o golpe de novembro de 2019, mas sim a pris\u00e3o dos golpistas em mar\u00e7o de 2021. Trump disse que o golpe \u201cpreserva a democracia\u201d, e agora Blinken diz que o processo legal contra os golpistas \u00e9 \u201cantidemocr\u00e1tico\u201d. A palavra \u201cdemocracia\u201d tem perdido o significado quando proferida por funcion\u00e1rios do governo dos Estados Unidos.<\/span><\/p>\n<p><span style=\"font-weight: 400;\">\u00a0<\/span><b>Grupo de amigos<\/b><\/p>\n<p><span style=\"font-weight: 400;\">Em geral, o governo Biden d\u00e1 continuidade \u00e0 ampla pol\u00edtica dos EUA de buscar a supremacia sobre os pa\u00edses do mundo. As san\u00e7\u00f5es unilaterais e ilegais do governo dos EUA contra mais de 30 pa\u00edses v\u00eam junto com a promo\u00e7\u00e3o de pol\u00edticas de mudan\u00e7a de regime contra pa\u00edses como a Venezuela e o Ir\u00e3. A declara\u00e7\u00e3o de Blinken sobre a Bol\u00edvia indica as continuidades entre os governos Trump e Biden.<\/span><\/p>\n<p><span style=\"font-weight: 400;\">N\u00e3o \u00e9 \u00e0 toa que 17 pa\u00edses &#8211; incluindo a Bol\u00edvia &#8211; formaram um novo grupo em 2019 para lidar com a maneira como alguns pa\u00edses &#8211; como os Estados Unidos &#8211; tem sabotado a Carta das Na\u00e7\u00f5es Unidas. O Grupo de Amigos em Defesa da Carta das Na\u00e7\u00f5es Unidas<\/span><a href=\"https:\/\/go.ind.media\/e\/546932\/pdf-symbol-en-A-73-964\/jfw2rb\/806465615?h=xLqL0PGnNpmGebLgD0WBL0uZxZjUpjReWkgXQVwxbY4\" target=\"_blank\" rel=\"noopener\"> <span style=\"font-weight: 400;\">reuniu-se<\/span> <\/a><span style=\"font-weight: 400;\">pela<\/span> <span style=\"font-weight: 400;\">primeira vez paralelamente \u00e0 reuni\u00e3o do Movimento dos N\u00e3o-Alinhados (NAM) realizada em Caracas, Venezuela, em julho de 2019. Isso foi antes do golpe na Bol\u00edvia. A pandemia interrompeu o processo de constru\u00e7\u00e3o do grupo, que <\/span><a href=\"https:\/\/go.ind.media\/e\/546932\/defensa-de-la-carta-de-la-onu-\/jfw2rd\/806465615?h=xLqL0PGnNpmGebLgD0WBL0uZxZjUpjReWkgXQVwxbY4\" target=\"_blank\" rel=\"noopener\"><span style=\"font-weight: 400;\">reapareceu<\/span> <\/a><span style=\"font-weight: 400;\">em mar\u00e7o de 2021 nas Na\u00e7\u00f5es Unidas. \u201cFortalecer o multilateralismo \u00e9 essencial\u201d, <\/span><a href=\"https:\/\/go.ind.media\/e\/546932\/aza-status-1370811791467499533\/jfw2rg\/806465615?h=xLqL0PGnNpmGebLgD0WBL0uZxZjUpjReWkgXQVwxbY4\" target=\"_blank\" rel=\"noopener\"><span style=\"font-weight: 400;\">disse <\/span><span style=\"font-weight: 400;\">\u00a0<\/span><\/a><span style=\"font-weight: 400;\">o ministro das Rela\u00e7\u00f5es Exteriores da Venezuela, Jorge Arreaza. Os membros do grupo incluem China e R\u00fassia, ambos membros permanentes do Conselho de Seguran\u00e7a das Na\u00e7\u00f5es Unidas, o que d\u00e1 peso ao processo.<\/span><\/p>\n<p><span style=\"font-weight: 400;\">Mohammad Marandi, que leciona na Universidade de Teer\u00e3, me disse que este grupo \u00e9 um ant\u00eddoto para os \u201c<\/span><i><span style=\"font-weight: 400;\">grandes problemas que existem atualmente com a ONU, como a natureza n\u00e3o democr\u00e1tica da organiza\u00e7\u00e3o que prejudica gravemente o Sul Global<\/span><\/i><span style=\"font-weight: 400;\">\u201d. Os Estados Unidos e seus aliados est\u00e3o, declarou, \u201c<\/span><i><span style=\"font-weight: 400;\">ignorando cada vez mais a atual ordem global e a Carta das Na\u00e7\u00f5es Unidas<\/span><\/i><span style=\"font-weight: 400;\">.\u201d<\/span><\/p>\n<p><span style=\"font-weight: 400;\">Carlos Ron, vice-ministro de Rela\u00e7\u00f5es Exteriores da Venezuela para Am\u00e9rica do Norte, disse-me que o grupo \u201c\u00e9 um movimento decisivo em apoio ao multilateralismo e ao direito internacional, no momento em que a humanidade enfrenta os desafios mais s\u00e9rios registrados na hist\u00f3ria\u201d. Estes desafios incluem a mudan\u00e7a clim\u00e1tica e o aumento da desigualdade. Carlos Ron disse que do ponto de vista da Venezuela e da Bol\u00edvia, este grupo, \u201c\u00e9 um mecanismo para defender os povos contra as amea\u00e7as da guerra h\u00edbrida que incluem san\u00e7\u00f5es e golpes. \u201cDiplomacia, coopera\u00e7\u00e3o e solidariedade\u201d, disse-me Carlos Ron, \u201cs\u00e3o as \u00fanicas chaves para seguir em frente\u201d.<\/span><\/p>\n<p><span style=\"font-weight: 400;\">A Bol\u00edvia decidiu agir contra os autores do golpe. O governo dos EUA agora est\u00e1 usando essa a\u00e7\u00e3o para deslegitimar o governo do presidente Arce. Espa\u00e7os como esse grupo podem se revelar essenciais como um canal para a Bol\u00edvia contar sua hist\u00f3ria e n\u00e3o ser sufocada pela guerra de informa\u00e7\u00e3o de Washington, uma parte vital da estrat\u00e9gia de mudan\u00e7a de regime.<\/span><\/p>\n<hr \/>\n<p><em><span style=\"font-weight: 400;\">Traduzido do ingl\u00eas para o portugu\u00eas por Sarine Schneider \/ Revisado por Larissa Dufner\u00a0\u00a0<\/span><\/em><\/p>\n","protected":false},"excerpt":{"rendered":"<p>Os sentimentos na Bol\u00edvia a favor e contra o golpe de Estado de novembro de 2019 s\u00e3o previsivelmente condizentes com as classes sociais. Aqueles de setores mais abastados sentiram que as pol\u00edticas socialistas do governo do presidente Evo Morales (que&hellip;<\/p>\n","protected":false},"author":1783,"featured_media":1330812,"comment_status":"closed","ping_status":"closed","sticky":false,"template":"","format":"standard","meta":{"footnotes":""},"categories":[104,113,165,111],"tags":[83210],"class_list":["post-1342968","post","type-post","status-publish","format-standard","has-post-thumbnail","hentry","category-america-do-sul","category-noticias-do-exterior","category-opiniao","category-politica-pt-pt","tag-eleicoes-na-bolivia"],"yoast_head":"<!-- This site is optimized with the Yoast SEO plugin v27.1.1 - https:\/\/yoast.com\/product\/yoast-seo-wordpress\/ -->\n<title>Apesar do jogo sujo dos EUA, a Bol\u00edvia est\u00e1 encontrando uma forma de se manter independente<\/title>\n<meta name=\"description\" content=\"Os sentimentos na Bol\u00edvia a favor e contra o golpe de Estado de novembro de 2019 s\u00e3o previsivelmente condizentes com as classes sociais. Aqueles de\" \/>\n<meta name=\"robots\" content=\"index, follow, max-snippet:-1, max-image-preview:large, max-video-preview:-1\" \/>\n<link rel=\"canonical\" href=\"https:\/\/www.pressenza.com\/pt-pt\/2021\/04\/apesar-do-jogo-sujo-dos-eua-a-bolivia-esta-encontrando-uma-forma-de-se-manter-independente\/\" \/>\n<meta property=\"og:locale\" content=\"pt_PT\" \/>\n<meta property=\"og:type\" content=\"article\" \/>\n<meta property=\"og:title\" content=\"Apesar do jogo sujo dos EUA, a Bol\u00edvia est\u00e1 encontrando uma forma de se manter independente\" \/>\n<meta property=\"og:description\" content=\"Os sentimentos na Bol\u00edvia a favor e contra o golpe de Estado de novembro de 2019 s\u00e3o previsivelmente condizentes com as classes sociais. Aqueles de\" \/>\n<meta property=\"og:url\" content=\"https:\/\/www.pressenza.com\/pt-pt\/2021\/04\/apesar-do-jogo-sujo-dos-eua-a-bolivia-esta-encontrando-uma-forma-de-se-manter-independente\/\" \/>\n<meta property=\"og:site_name\" content=\"Pressenza\" \/>\n<meta property=\"article:publisher\" content=\"https:\/\/www.facebook.com\/PressenzaItalia\" \/>\n<meta property=\"article:published_time\" content=\"2021-04-17T12:47:30+00:00\" \/>\n<meta property=\"og:image\" content=\"https:\/\/www.pressenza.com\/wp-content\/uploads\/2021\/03\/TowardFreedomBoliviaPhoto.jpeg\" \/>\n\t<meta property=\"og:image:width\" content=\"750\" \/>\n\t<meta property=\"og:image:height\" content=\"375\" \/>\n\t<meta property=\"og:image:type\" content=\"image\/jpeg\" \/>\n<meta name=\"author\" content=\"Independent Media Institute\" \/>\n<meta name=\"twitter:card\" content=\"summary_large_image\" \/>\n<meta name=\"twitter:creator\" content=\"@PressenzaIPA\" \/>\n<meta name=\"twitter:site\" content=\"@PressenzaIPA\" \/>\n<meta name=\"twitter:label1\" content=\"Escrito por\" \/>\n\t<meta name=\"twitter:data1\" content=\"Independent Media Institute\" \/>\n\t<meta name=\"twitter:label2\" content=\"Tempo estimado de leitura\" \/>\n\t<meta name=\"twitter:data2\" content=\"6 minutos\" \/>\n<script type=\"application\/ld+json\" class=\"yoast-schema-graph\">{\"@context\":\"https:\/\/schema.org\",\"@graph\":[{\"@type\":\"Article\",\"@id\":\"https:\/\/www.pressenza.com\/pt-pt\/2021\/04\/apesar-do-jogo-sujo-dos-eua-a-bolivia-esta-encontrando-uma-forma-de-se-manter-independente\/#article\",\"isPartOf\":{\"@id\":\"https:\/\/www.pressenza.com\/pt-pt\/2021\/04\/apesar-do-jogo-sujo-dos-eua-a-bolivia-esta-encontrando-uma-forma-de-se-manter-independente\/\"},\"author\":{\"name\":\"Independent Media Institute\",\"@id\":\"https:\/\/www.pressenza.com\/pt-pt\/#\/schema\/person\/599664ae09d1f11b2c43fa455197df6f\"},\"headline\":\"Apesar do jogo sujo dos EUA, a Bol\u00edvia est\u00e1 encontrando uma forma de se manter independente\",\"datePublished\":\"2021-04-17T12:47:30+00:00\",\"mainEntityOfPage\":{\"@id\":\"https:\/\/www.pressenza.com\/pt-pt\/2021\/04\/apesar-do-jogo-sujo-dos-eua-a-bolivia-esta-encontrando-uma-forma-de-se-manter-independente\/\"},\"wordCount\":1248,\"publisher\":{\"@id\":\"https:\/\/www.pressenza.com\/pt-pt\/#organization\"},\"image\":{\"@id\":\"https:\/\/www.pressenza.com\/pt-pt\/2021\/04\/apesar-do-jogo-sujo-dos-eua-a-bolivia-esta-encontrando-uma-forma-de-se-manter-independente\/#primaryimage\"},\"thumbnailUrl\":\"https:\/\/www.pressenza.com\/wp-content\/uploads\/2021\/03\/TowardFreedomBoliviaPhoto.jpeg\",\"keywords\":[\"elei\u00e7\u00f5es na Bol\u00edvia\"],\"articleSection\":[\"\u00c1m\u00e9rica do Sul\",\"Assuntos internacionais\",\"Opini\u00e3o\",\"Pol\u00edtica\"],\"inLanguage\":\"pt-PT\"},{\"@type\":\"WebPage\",\"@id\":\"https:\/\/www.pressenza.com\/pt-pt\/2021\/04\/apesar-do-jogo-sujo-dos-eua-a-bolivia-esta-encontrando-uma-forma-de-se-manter-independente\/\",\"url\":\"https:\/\/www.pressenza.com\/pt-pt\/2021\/04\/apesar-do-jogo-sujo-dos-eua-a-bolivia-esta-encontrando-uma-forma-de-se-manter-independente\/\",\"name\":\"Apesar do jogo sujo dos EUA, a Bol\u00edvia est\u00e1 encontrando uma forma de se manter independente\",\"isPartOf\":{\"@id\":\"https:\/\/www.pressenza.com\/pt-pt\/#website\"},\"primaryImageOfPage\":{\"@id\":\"https:\/\/www.pressenza.com\/pt-pt\/2021\/04\/apesar-do-jogo-sujo-dos-eua-a-bolivia-esta-encontrando-uma-forma-de-se-manter-independente\/#primaryimage\"},\"image\":{\"@id\":\"https:\/\/www.pressenza.com\/pt-pt\/2021\/04\/apesar-do-jogo-sujo-dos-eua-a-bolivia-esta-encontrando-uma-forma-de-se-manter-independente\/#primaryimage\"},\"thumbnailUrl\":\"https:\/\/www.pressenza.com\/wp-content\/uploads\/2021\/03\/TowardFreedomBoliviaPhoto.jpeg\",\"datePublished\":\"2021-04-17T12:47:30+00:00\",\"description\":\"Os sentimentos na Bol\u00edvia a favor e contra o golpe de Estado de novembro de 2019 s\u00e3o previsivelmente condizentes com as classes sociais. Aqueles de\",\"breadcrumb\":{\"@id\":\"https:\/\/www.pressenza.com\/pt-pt\/2021\/04\/apesar-do-jogo-sujo-dos-eua-a-bolivia-esta-encontrando-uma-forma-de-se-manter-independente\/#breadcrumb\"},\"inLanguage\":\"pt-PT\",\"potentialAction\":[{\"@type\":\"ReadAction\",\"target\":[\"https:\/\/www.pressenza.com\/pt-pt\/2021\/04\/apesar-do-jogo-sujo-dos-eua-a-bolivia-esta-encontrando-uma-forma-de-se-manter-independente\/\"]}]},{\"@type\":\"ImageObject\",\"inLanguage\":\"pt-PT\",\"@id\":\"https:\/\/www.pressenza.com\/pt-pt\/2021\/04\/apesar-do-jogo-sujo-dos-eua-a-bolivia-esta-encontrando-uma-forma-de-se-manter-independente\/#primaryimage\",\"url\":\"https:\/\/www.pressenza.com\/wp-content\/uploads\/2021\/03\/TowardFreedomBoliviaPhoto.jpeg\",\"contentUrl\":\"https:\/\/www.pressenza.com\/wp-content\/uploads\/2021\/03\/TowardFreedomBoliviaPhoto.jpeg\",\"width\":750,\"height\":375},{\"@type\":\"BreadcrumbList\",\"@id\":\"https:\/\/www.pressenza.com\/pt-pt\/2021\/04\/apesar-do-jogo-sujo-dos-eua-a-bolivia-esta-encontrando-uma-forma-de-se-manter-independente\/#breadcrumb\",\"itemListElement\":[{\"@type\":\"ListItem\",\"position\":1,\"name\":\"Accueil\",\"item\":\"https:\/\/www.pressenza.com\/pt-pt\/\"},{\"@type\":\"ListItem\",\"position\":2,\"name\":\"Apesar do jogo sujo dos EUA, a Bol\u00edvia est\u00e1 encontrando uma forma de se manter independente\"}]},{\"@type\":\"WebSite\",\"@id\":\"https:\/\/www.pressenza.com\/pt-pt\/#website\",\"url\":\"https:\/\/www.pressenza.com\/pt-pt\/\",\"name\":\"Pressenza\",\"description\":\"International Press Agency\",\"publisher\":{\"@id\":\"https:\/\/www.pressenza.com\/pt-pt\/#organization\"},\"potentialAction\":[{\"@type\":\"SearchAction\",\"target\":{\"@type\":\"EntryPoint\",\"urlTemplate\":\"https:\/\/www.pressenza.com\/pt-pt\/?s={search_term_string}\"},\"query-input\":{\"@type\":\"PropertyValueSpecification\",\"valueRequired\":true,\"valueName\":\"search_term_string\"}}],\"inLanguage\":\"pt-PT\"},{\"@type\":\"Organization\",\"@id\":\"https:\/\/www.pressenza.com\/pt-pt\/#organization\",\"name\":\"Pressenza\",\"url\":\"https:\/\/www.pressenza.com\/pt-pt\/\",\"logo\":{\"@type\":\"ImageObject\",\"inLanguage\":\"pt-PT\",\"@id\":\"https:\/\/www.pressenza.com\/pt-pt\/#\/schema\/logo\/image\/\",\"url\":\"https:\/\/www.pressenza.com\/wp-content\/uploads\/2022\/10\/pressenza_logo_200x200.jpg\",\"contentUrl\":\"https:\/\/www.pressenza.com\/wp-content\/uploads\/2022\/10\/pressenza_logo_200x200.jpg\",\"width\":200,\"height\":200,\"caption\":\"Pressenza\"},\"image\":{\"@id\":\"https:\/\/www.pressenza.com\/pt-pt\/#\/schema\/logo\/image\/\"},\"sameAs\":[\"https:\/\/www.facebook.com\/PressenzaItalia\",\"https:\/\/x.com\/PressenzaIPA\"]},{\"@type\":\"Person\",\"@id\":\"https:\/\/www.pressenza.com\/pt-pt\/#\/schema\/person\/599664ae09d1f11b2c43fa455197df6f\",\"name\":\"Independent Media Institute\",\"description\":\"The Independent Media Institute (IMI) is a nonprofit organization that educates the public through a diverse array of independent media projects and programs. IMI works with journalists and media outlets to shine a spotlight on stories that are vital to the public interest, using multiple media formats and distribution channels.\",\"sameAs\":[\"https:\/\/independentmediainstitute.org\/\"],\"url\":\"https:\/\/www.pressenza.com\/pt-pt\/author\/independent-media-institute\/\"}]}<\/script>\n<!-- \/ Yoast SEO plugin. -->","yoast_head_json":{"title":"Apesar do jogo sujo dos EUA, a Bol\u00edvia est\u00e1 encontrando uma forma de se manter independente","description":"Os sentimentos na Bol\u00edvia a favor e contra o golpe de Estado de novembro de 2019 s\u00e3o previsivelmente condizentes com as classes sociais. Aqueles de","robots":{"index":"index","follow":"follow","max-snippet":"max-snippet:-1","max-image-preview":"max-image-preview:large","max-video-preview":"max-video-preview:-1"},"canonical":"https:\/\/www.pressenza.com\/pt-pt\/2021\/04\/apesar-do-jogo-sujo-dos-eua-a-bolivia-esta-encontrando-uma-forma-de-se-manter-independente\/","og_locale":"pt_PT","og_type":"article","og_title":"Apesar do jogo sujo dos EUA, a Bol\u00edvia est\u00e1 encontrando uma forma de se manter independente","og_description":"Os sentimentos na Bol\u00edvia a favor e contra o golpe de Estado de novembro de 2019 s\u00e3o previsivelmente condizentes com as classes sociais. Aqueles de","og_url":"https:\/\/www.pressenza.com\/pt-pt\/2021\/04\/apesar-do-jogo-sujo-dos-eua-a-bolivia-esta-encontrando-uma-forma-de-se-manter-independente\/","og_site_name":"Pressenza","article_publisher":"https:\/\/www.facebook.com\/PressenzaItalia","article_published_time":"2021-04-17T12:47:30+00:00","og_image":[{"width":750,"height":375,"url":"https:\/\/www.pressenza.com\/wp-content\/uploads\/2021\/03\/TowardFreedomBoliviaPhoto.jpeg","type":"image\/jpeg"}],"author":"Independent Media Institute","twitter_card":"summary_large_image","twitter_creator":"@PressenzaIPA","twitter_site":"@PressenzaIPA","twitter_misc":{"Escrito por":"Independent Media Institute","Tempo estimado de leitura":"6 minutos"},"schema":{"@context":"https:\/\/schema.org","@graph":[{"@type":"Article","@id":"https:\/\/www.pressenza.com\/pt-pt\/2021\/04\/apesar-do-jogo-sujo-dos-eua-a-bolivia-esta-encontrando-uma-forma-de-se-manter-independente\/#article","isPartOf":{"@id":"https:\/\/www.pressenza.com\/pt-pt\/2021\/04\/apesar-do-jogo-sujo-dos-eua-a-bolivia-esta-encontrando-uma-forma-de-se-manter-independente\/"},"author":{"name":"Independent Media Institute","@id":"https:\/\/www.pressenza.com\/pt-pt\/#\/schema\/person\/599664ae09d1f11b2c43fa455197df6f"},"headline":"Apesar do jogo sujo dos EUA, a Bol\u00edvia est\u00e1 encontrando uma forma de se manter independente","datePublished":"2021-04-17T12:47:30+00:00","mainEntityOfPage":{"@id":"https:\/\/www.pressenza.com\/pt-pt\/2021\/04\/apesar-do-jogo-sujo-dos-eua-a-bolivia-esta-encontrando-uma-forma-de-se-manter-independente\/"},"wordCount":1248,"publisher":{"@id":"https:\/\/www.pressenza.com\/pt-pt\/#organization"},"image":{"@id":"https:\/\/www.pressenza.com\/pt-pt\/2021\/04\/apesar-do-jogo-sujo-dos-eua-a-bolivia-esta-encontrando-uma-forma-de-se-manter-independente\/#primaryimage"},"thumbnailUrl":"https:\/\/www.pressenza.com\/wp-content\/uploads\/2021\/03\/TowardFreedomBoliviaPhoto.jpeg","keywords":["elei\u00e7\u00f5es na Bol\u00edvia"],"articleSection":["\u00c1m\u00e9rica do Sul","Assuntos internacionais","Opini\u00e3o","Pol\u00edtica"],"inLanguage":"pt-PT"},{"@type":"WebPage","@id":"https:\/\/www.pressenza.com\/pt-pt\/2021\/04\/apesar-do-jogo-sujo-dos-eua-a-bolivia-esta-encontrando-uma-forma-de-se-manter-independente\/","url":"https:\/\/www.pressenza.com\/pt-pt\/2021\/04\/apesar-do-jogo-sujo-dos-eua-a-bolivia-esta-encontrando-uma-forma-de-se-manter-independente\/","name":"Apesar do jogo sujo dos EUA, a Bol\u00edvia est\u00e1 encontrando uma forma de se manter independente","isPartOf":{"@id":"https:\/\/www.pressenza.com\/pt-pt\/#website"},"primaryImageOfPage":{"@id":"https:\/\/www.pressenza.com\/pt-pt\/2021\/04\/apesar-do-jogo-sujo-dos-eua-a-bolivia-esta-encontrando-uma-forma-de-se-manter-independente\/#primaryimage"},"image":{"@id":"https:\/\/www.pressenza.com\/pt-pt\/2021\/04\/apesar-do-jogo-sujo-dos-eua-a-bolivia-esta-encontrando-uma-forma-de-se-manter-independente\/#primaryimage"},"thumbnailUrl":"https:\/\/www.pressenza.com\/wp-content\/uploads\/2021\/03\/TowardFreedomBoliviaPhoto.jpeg","datePublished":"2021-04-17T12:47:30+00:00","description":"Os sentimentos na Bol\u00edvia a favor e contra o golpe de Estado de novembro de 2019 s\u00e3o previsivelmente condizentes com as classes sociais. Aqueles de","breadcrumb":{"@id":"https:\/\/www.pressenza.com\/pt-pt\/2021\/04\/apesar-do-jogo-sujo-dos-eua-a-bolivia-esta-encontrando-uma-forma-de-se-manter-independente\/#breadcrumb"},"inLanguage":"pt-PT","potentialAction":[{"@type":"ReadAction","target":["https:\/\/www.pressenza.com\/pt-pt\/2021\/04\/apesar-do-jogo-sujo-dos-eua-a-bolivia-esta-encontrando-uma-forma-de-se-manter-independente\/"]}]},{"@type":"ImageObject","inLanguage":"pt-PT","@id":"https:\/\/www.pressenza.com\/pt-pt\/2021\/04\/apesar-do-jogo-sujo-dos-eua-a-bolivia-esta-encontrando-uma-forma-de-se-manter-independente\/#primaryimage","url":"https:\/\/www.pressenza.com\/wp-content\/uploads\/2021\/03\/TowardFreedomBoliviaPhoto.jpeg","contentUrl":"https:\/\/www.pressenza.com\/wp-content\/uploads\/2021\/03\/TowardFreedomBoliviaPhoto.jpeg","width":750,"height":375},{"@type":"BreadcrumbList","@id":"https:\/\/www.pressenza.com\/pt-pt\/2021\/04\/apesar-do-jogo-sujo-dos-eua-a-bolivia-esta-encontrando-uma-forma-de-se-manter-independente\/#breadcrumb","itemListElement":[{"@type":"ListItem","position":1,"name":"Accueil","item":"https:\/\/www.pressenza.com\/pt-pt\/"},{"@type":"ListItem","position":2,"name":"Apesar do jogo sujo dos EUA, a Bol\u00edvia est\u00e1 encontrando uma forma de se manter independente"}]},{"@type":"WebSite","@id":"https:\/\/www.pressenza.com\/pt-pt\/#website","url":"https:\/\/www.pressenza.com\/pt-pt\/","name":"Pressenza","description":"International Press Agency","publisher":{"@id":"https:\/\/www.pressenza.com\/pt-pt\/#organization"},"potentialAction":[{"@type":"SearchAction","target":{"@type":"EntryPoint","urlTemplate":"https:\/\/www.pressenza.com\/pt-pt\/?s={search_term_string}"},"query-input":{"@type":"PropertyValueSpecification","valueRequired":true,"valueName":"search_term_string"}}],"inLanguage":"pt-PT"},{"@type":"Organization","@id":"https:\/\/www.pressenza.com\/pt-pt\/#organization","name":"Pressenza","url":"https:\/\/www.pressenza.com\/pt-pt\/","logo":{"@type":"ImageObject","inLanguage":"pt-PT","@id":"https:\/\/www.pressenza.com\/pt-pt\/#\/schema\/logo\/image\/","url":"https:\/\/www.pressenza.com\/wp-content\/uploads\/2022\/10\/pressenza_logo_200x200.jpg","contentUrl":"https:\/\/www.pressenza.com\/wp-content\/uploads\/2022\/10\/pressenza_logo_200x200.jpg","width":200,"height":200,"caption":"Pressenza"},"image":{"@id":"https:\/\/www.pressenza.com\/pt-pt\/#\/schema\/logo\/image\/"},"sameAs":["https:\/\/www.facebook.com\/PressenzaItalia","https:\/\/x.com\/PressenzaIPA"]},{"@type":"Person","@id":"https:\/\/www.pressenza.com\/pt-pt\/#\/schema\/person\/599664ae09d1f11b2c43fa455197df6f","name":"Independent Media Institute","description":"The Independent Media Institute (IMI) is a nonprofit organization that educates the public through a diverse array of independent media projects and programs. IMI works with journalists and media outlets to shine a spotlight on stories that are vital to the public interest, using multiple media formats and distribution channels.","sameAs":["https:\/\/independentmediainstitute.org\/"],"url":"https:\/\/www.pressenza.com\/pt-pt\/author\/independent-media-institute\/"}]}},"place":"","original_article_url":"","_links":{"self":[{"href":"https:\/\/www.pressenza.com\/pt-pt\/wp-json\/wp\/v2\/posts\/1342968","targetHints":{"allow":["GET"]}}],"collection":[{"href":"https:\/\/www.pressenza.com\/pt-pt\/wp-json\/wp\/v2\/posts"}],"about":[{"href":"https:\/\/www.pressenza.com\/pt-pt\/wp-json\/wp\/v2\/types\/post"}],"author":[{"embeddable":true,"href":"https:\/\/www.pressenza.com\/pt-pt\/wp-json\/wp\/v2\/users\/1783"}],"replies":[{"embeddable":true,"href":"https:\/\/www.pressenza.com\/pt-pt\/wp-json\/wp\/v2\/comments?post=1342968"}],"version-history":[{"count":0,"href":"https:\/\/www.pressenza.com\/pt-pt\/wp-json\/wp\/v2\/posts\/1342968\/revisions"}],"wp:featuredmedia":[{"embeddable":true,"href":"https:\/\/www.pressenza.com\/pt-pt\/wp-json\/wp\/v2\/media\/1330812"}],"wp:attachment":[{"href":"https:\/\/www.pressenza.com\/pt-pt\/wp-json\/wp\/v2\/media?parent=1342968"}],"wp:term":[{"taxonomy":"category","embeddable":true,"href":"https:\/\/www.pressenza.com\/pt-pt\/wp-json\/wp\/v2\/categories?post=1342968"},{"taxonomy":"post_tag","embeddable":true,"href":"https:\/\/www.pressenza.com\/pt-pt\/wp-json\/wp\/v2\/tags?post=1342968"}],"curies":[{"name":"wp","href":"https:\/\/api.w.org\/{rel}","templated":true}]}}