{"id":1340786,"date":"2021-04-14T02:28:32","date_gmt":"2021-04-14T01:28:32","guid":{"rendered":"https:\/\/www.pressenza.com\/?p=1340786"},"modified":"2021-04-18T00:39:09","modified_gmt":"2021-04-17T23:39:09","slug":"fotos-increibles-que-muestran-un-desierto-en-el-sur-de-siberia-cubierto-de-arena-y-nieve-a-la-vez","status":"publish","type":"post","link":"https:\/\/www.pressenza.com\/pt-pt\/2021\/04\/fotos-increibles-que-muestran-un-desierto-en-el-sur-de-siberia-cubierto-de-arena-y-nieve-a-la-vez\/","title":{"rendered":"Fotos incr\u00edveis que mostram um \u2018deserto\u2019 no sul da Sib\u00e9ria, coberto de areia e neve ao mesmo tempo"},"content":{"rendered":"<p>O fot\u00f3grafo russo Slava Stepanov fez uma s\u00e9rie de\u00a0<a href=\"https:\/\/www.facebook.com\/gelionsk\/posts\/10226594996965970?__cft__%5b0%5d=AZX_6Xe4ZNK4bihNusxoESKKeaKLbGwHhXDq--B3fhlz3wz-gxbKiO9kD3o0BsXKhNMzN_6QRjSDeoHB083FNW43tq3Sad9HTp5XtNJSpRzkTi_3fIqCIhyDqFcokWExxPc&amp;__tn__=%2CO%2CP-R\" target=\"_blank\" rel=\"noopener\">fotos<\/a>\u00a0nas quais mostra a beleza das Areias de Chara, um \u2018deserto\u2019 no sul da Sib\u00e9ria onde pode\u00a0<a href=\"https:\/\/www.instagram.com\/p\/CMvwtvygs_B\/\">observar<\/a>\u00a0a areia e a neve ao mesmo tempo.<\/p>\n<figure class=\"RTImage-root\">\n<div class=\"RTImage-image RTImage-original\">\n<picture class=\"Picture-root Picture-original\"><source srcset=\" https:\/\/cdni.rt.com\/actualidad\/public_images\/2021.03\/original\/605f79d559bf5b78a2419cf1.jpg 850w, https:\/\/cdni.rt.com\/actualidad\/public_images\/2021.03\/original\/605f79d559bf5b78a2419cf1.jpg 1960w, \" media=\"(-webkit-min-device-pixel-ratio: 2) and (min-resolution: 120dpi)\" sizes=\"912px\" data-srcset=\" https:\/\/cdni.rt.com\/actualidad\/public_images\/2021.03\/original\/605f79d559bf5b78a2419cf1.jpg 850w, https:\/\/cdni.rt.com\/actualidad\/public_images\/2021.03\/original\/605f79d559bf5b78a2419cf1.jpg 1960w, \" \/><source srcset=\" https:\/\/cdni.rt.com\/actualidad\/public_images\/2021.03\/original\/605f79d559bf5b78a2419cf1.jpg 460w, https:\/\/cdni.rt.com\/actualidad\/public_images\/2021.03\/original\/605f79d559bf5b78a2419cf1.jpg 980w, \" sizes=\"912px\" data-srcset=\" https:\/\/cdni.rt.com\/actualidad\/public_images\/2021.03\/original\/605f79d559bf5b78a2419cf1.jpg 460w, https:\/\/cdni.rt.com\/actualidad\/public_images\/2021.03\/original\/605f79d559bf5b78a2419cf1.jpg 980w, \" \/><\/picture>\n<div class=\"wp-caption alignnone\"><img loading=\"lazy\" decoding=\"async\" class=\"Picture-root Picture-original lazyautosizes lazyloaded\" src=\"https:\/\/cdni.rt.com\/actualidad\/public_images\/2021.03\/original\/605f79d559bf5b78a2419cf1.jpg\" sizes=\"auto, 912px\" alt=\"\" width=\"1024\" height=\"682\" data-sizes=\"auto\" data-src=\"https:\/\/cdni.rt.com\/actualidad\/public_images\/2021.03\/original\/605f79d559bf5b78a2419cf1.jpg\" \/><p class=\"wp-caption-text\"><a href=\"https:\/\/www.facebook.com\/gelionsk\" target=\"_blank\" rel=\"noopener\">Slava Stepanov<\/a><\/p><\/div>\n<\/div><figcaption class=\"RTImage-footer\"><\/figcaption><\/figure>\n<p>Stepanov relatou em seu <a href=\"https:\/\/gelio.livejournal.com\/258217.html\" target=\"_blank\" rel=\"noopener\">blog<\/a> que a \u00e1rea, que est\u00e1 dentro de uma taiga na regi\u00e3o de Zabaikalie, goza de \u201cdunas, o\u00e1sis e tempestades de areia reais\u201d.<\/p>\n<figure class=\"RTImage-root\">\n<div class=\"RTImage-image RTImage-original\">\n<picture class=\"Picture-root Picture-original\"><source srcset=\" https:\/\/cdni.rt.com\/actualidad\/public_images\/2021.03\/original\/605f79d459bf5b78a2419ce6.jpg 850w, https:\/\/cdni.rt.com\/actualidad\/public_images\/2021.03\/original\/605f79d459bf5b78a2419ce6.jpg 1960w, \" media=\"(-webkit-min-device-pixel-ratio: 2) and (min-resolution: 120dpi)\" sizes=\"912px\" data-srcset=\" https:\/\/cdni.rt.com\/actualidad\/public_images\/2021.03\/original\/605f79d459bf5b78a2419ce6.jpg 850w, https:\/\/cdni.rt.com\/actualidad\/public_images\/2021.03\/original\/605f79d459bf5b78a2419ce6.jpg 1960w, \" \/><source srcset=\" https:\/\/cdni.rt.com\/actualidad\/public_images\/2021.03\/original\/605f79d459bf5b78a2419ce6.jpg 460w, https:\/\/cdni.rt.com\/actualidad\/public_images\/2021.03\/original\/605f79d459bf5b78a2419ce6.jpg 980w, \" sizes=\"912px\" data-srcset=\" https:\/\/cdni.rt.com\/actualidad\/public_images\/2021.03\/original\/605f79d459bf5b78a2419ce6.jpg 460w, https:\/\/cdni.rt.com\/actualidad\/public_images\/2021.03\/original\/605f79d459bf5b78a2419ce6.jpg 980w, \" \/><\/picture>\n<div class=\"wp-caption alignnone\"><img loading=\"lazy\" decoding=\"async\" class=\"Picture-root Picture-original lazyautosizes lazyloaded\" src=\"https:\/\/cdni.rt.com\/actualidad\/public_images\/2021.03\/original\/605f79d459bf5b78a2419ce6.jpg\" sizes=\"auto, 912px\" alt=\"\" width=\"1024\" height=\"682\" data-sizes=\"auto\" data-src=\"https:\/\/cdni.rt.com\/actualidad\/public_images\/2021.03\/original\/605f79d459bf5b78a2419ce6.jpg\" \/><p class=\"wp-caption-text\"><a href=\"https:\/\/www.facebook.com\/gelionsk\" target=\"_blank\" rel=\"noopener\">Slava Stepanov<\/a><\/p><\/div>\n<\/div><figcaption class=\"RTImage-footer\"><\/figcaption><\/figure>\n<p>As Areias de Chara \u00e9 um campo de 10,5 quil\u00f4metros de extens\u00e3o e entre 3 e 4 quil\u00f4metros de largura.<\/p>\n<figure class=\"RTImage-root\">\n<div class=\"RTImage-image RTImage-original\">\n<picture class=\"Picture-root Picture-original\"><source srcset=\" https:\/\/cdni.rt.com\/actualidad\/public_images\/2021.03\/original\/605f79d559bf5b78a2419cee.jpg 850w, https:\/\/cdni.rt.com\/actualidad\/public_images\/2021.03\/original\/605f79d559bf5b78a2419cee.jpg 1960w, \" media=\"(-webkit-min-device-pixel-ratio: 2) and (min-resolution: 120dpi)\" sizes=\"912px\" data-srcset=\" https:\/\/cdni.rt.com\/actualidad\/public_images\/2021.03\/original\/605f79d559bf5b78a2419cee.jpg 850w, https:\/\/cdni.rt.com\/actualidad\/public_images\/2021.03\/original\/605f79d559bf5b78a2419cee.jpg 1960w, \" \/><source srcset=\" https:\/\/cdni.rt.com\/actualidad\/public_images\/2021.03\/original\/605f79d559bf5b78a2419cee.jpg 460w, https:\/\/cdni.rt.com\/actualidad\/public_images\/2021.03\/original\/605f79d559bf5b78a2419cee.jpg 980w, \" sizes=\"912px\" data-srcset=\" https:\/\/cdni.rt.com\/actualidad\/public_images\/2021.03\/original\/605f79d559bf5b78a2419cee.jpg 460w, https:\/\/cdni.rt.com\/actualidad\/public_images\/2021.03\/original\/605f79d559bf5b78a2419cee.jpg 980w, \" \/><\/picture>\n<div class=\"wp-caption alignnone\"><img loading=\"lazy\" decoding=\"async\" class=\"Picture-root Picture-original lazyautosizes lazyloaded\" src=\"https:\/\/cdni.rt.com\/actualidad\/public_images\/2021.03\/original\/605f79d559bf5b78a2419cee.jpg\" sizes=\"auto, 912px\" alt=\"\" width=\"1024\" height=\"682\" data-sizes=\"auto\" data-src=\"https:\/\/cdni.rt.com\/actualidad\/public_images\/2021.03\/original\/605f79d559bf5b78a2419cee.jpg\" \/><p class=\"wp-caption-text\"><a href=\"https:\/\/www.facebook.com\/gelionsk\" target=\"_blank\" rel=\"noopener\">Slava Stepanov<\/a><\/p><\/div>\n<\/div><figcaption class=\"RTImage-footer\"><\/figcaption><\/figure>\n<p>Algumas dunas podem alcan\u00e7ar, ao mesmo tempo, um comprimento de 170 metros e uma altura de 80 metros.<\/p>\n<figure class=\"RTImage-root\">\n<div class=\"RTImage-image RTImage-original\">\n<picture class=\"Picture-root Picture-original\"><source srcset=\" https:\/\/cdni.rt.com\/actualidad\/public_images\/2021.03\/original\/605f79d559bf5b78a2419cea.jpg 850w, https:\/\/cdni.rt.com\/actualidad\/public_images\/2021.03\/original\/605f79d559bf5b78a2419cea.jpg 1960w, \" media=\"(-webkit-min-device-pixel-ratio: 2) and (min-resolution: 120dpi)\" sizes=\"912px\" data-srcset=\" https:\/\/cdni.rt.com\/actualidad\/public_images\/2021.03\/original\/605f79d559bf5b78a2419cea.jpg 850w, https:\/\/cdni.rt.com\/actualidad\/public_images\/2021.03\/original\/605f79d559bf5b78a2419cea.jpg 1960w, \" \/><source srcset=\" https:\/\/cdni.rt.com\/actualidad\/public_images\/2021.03\/original\/605f79d559bf5b78a2419cea.jpg 460w, https:\/\/cdni.rt.com\/actualidad\/public_images\/2021.03\/original\/605f79d559bf5b78a2419cea.jpg 980w, \" sizes=\"912px\" data-srcset=\" https:\/\/cdni.rt.com\/actualidad\/public_images\/2021.03\/original\/605f79d559bf5b78a2419cea.jpg 460w, https:\/\/cdni.rt.com\/actualidad\/public_images\/2021.03\/original\/605f79d559bf5b78a2419cea.jpg 980w, \" \/><\/picture>\n<div class=\"wp-caption alignnone\"><a href=\"https:\/\/www.facebook.com\/gelionsk\" target=\"_blank\" rel=\"noopener\"><img loading=\"lazy\" decoding=\"async\" class=\"Picture-root Picture-original lazyautosizes lazyloaded\" src=\"https:\/\/cdni.rt.com\/actualidad\/public_images\/2021.03\/original\/605f79d559bf5b78a2419cea.jpg\" sizes=\"auto, 912px\" alt=\"\" width=\"1024\" height=\"682\" data-sizes=\"auto\" data-src=\"https:\/\/cdni.rt.com\/actualidad\/public_images\/2021.03\/original\/605f79d559bf5b78a2419cea.jpg\" \/><\/a><p class=\"wp-caption-text\">Slava Stepanov<\/p><\/div>\n<\/div><figcaption class=\"RTImage-footer\"><\/figcaption><\/figure>\n<p>\u201cA infraestrutura \u00e9 pouco desenvolvida nos povoados pr\u00f3ximos, chegar aqui toma muito [tempo], e al\u00e9m disso a temperatura do ar pode chegar a -50 \u00b0C no inverno\u201d, relatou.<\/p>\n<figure class=\"RTImage-root\">\n<div class=\"RTImage-image RTImage-original\">\n<picture class=\"Picture-root Picture-original\"><source srcset=\" https:\/\/cdni.rt.com\/actualidad\/public_images\/2021.03\/original\/605f79d559bf5b78a2419ced.jpg 850w, https:\/\/cdni.rt.com\/actualidad\/public_images\/2021.03\/original\/605f79d559bf5b78a2419ced.jpg 1960w, \" media=\"(-webkit-min-device-pixel-ratio: 2) and (min-resolution: 120dpi)\" sizes=\"912px\" data-srcset=\" https:\/\/cdni.rt.com\/actualidad\/public_images\/2021.03\/original\/605f79d559bf5b78a2419ced.jpg 850w, https:\/\/cdni.rt.com\/actualidad\/public_images\/2021.03\/original\/605f79d559bf5b78a2419ced.jpg 1960w, \" \/><source srcset=\" https:\/\/cdni.rt.com\/actualidad\/public_images\/2021.03\/original\/605f79d559bf5b78a2419ced.jpg 460w, https:\/\/cdni.rt.com\/actualidad\/public_images\/2021.03\/original\/605f79d559bf5b78a2419ced.jpg 980w, \" sizes=\"912px\" data-srcset=\" https:\/\/cdni.rt.com\/actualidad\/public_images\/2021.03\/original\/605f79d559bf5b78a2419ced.jpg 460w, https:\/\/cdni.rt.com\/actualidad\/public_images\/2021.03\/original\/605f79d559bf5b78a2419ced.jpg 980w, \" \/><\/picture>\n<div class=\"wp-caption alignnone\"><a href=\"https:\/\/www.facebook.com\/gelionsk\" target=\"_blank\" rel=\"noopener\"><img loading=\"lazy\" decoding=\"async\" class=\"Picture-root Picture-original lazyautosizes lazyloaded\" src=\"https:\/\/cdni.rt.com\/actualidad\/public_images\/2021.03\/original\/605f79d559bf5b78a2419ced.jpg\" sizes=\"auto, 912px\" alt=\"\" width=\"1024\" height=\"682\" data-sizes=\"auto\" data-src=\"https:\/\/cdni.rt.com\/actualidad\/public_images\/2021.03\/original\/605f79d559bf5b78a2419ced.jpg\" \/><\/a><p class=\"wp-caption-text\">Slava Stepanov<\/p><\/div>\n<\/div><figcaption class=\"RTImage-footer\"><\/figcaption><\/figure>\n<p>O fot\u00f3grafo apontou que as localidades mais pr\u00f3ximas est\u00e3o a uns 9 quil\u00f4metros, que podem ser percorridas a p\u00e9 ou de carro.<\/p>\n<figure class=\"RTImage-root\">\n<div class=\"RTImage-image RTImage-original\">\n<picture class=\"Picture-root Picture-original\"><source srcset=\" https:\/\/cdni.rt.com\/actualidad\/public_images\/2021.03\/original\/605f79d559bf5b78a2419cef.jpg 850w, https:\/\/cdni.rt.com\/actualidad\/public_images\/2021.03\/original\/605f79d559bf5b78a2419cef.jpg 1960w, \" media=\"(-webkit-min-device-pixel-ratio: 2) and (min-resolution: 120dpi)\" sizes=\"912px\" data-srcset=\" https:\/\/cdni.rt.com\/actualidad\/public_images\/2021.03\/original\/605f79d559bf5b78a2419cef.jpg 850w, https:\/\/cdni.rt.com\/actualidad\/public_images\/2021.03\/original\/605f79d559bf5b78a2419cef.jpg 1960w, \" \/><source srcset=\" https:\/\/cdni.rt.com\/actualidad\/public_images\/2021.03\/original\/605f79d559bf5b78a2419cef.jpg 460w, https:\/\/cdni.rt.com\/actualidad\/public_images\/2021.03\/original\/605f79d559bf5b78a2419cef.jpg 980w, \" sizes=\"912px\" data-srcset=\" https:\/\/cdni.rt.com\/actualidad\/public_images\/2021.03\/original\/605f79d559bf5b78a2419cef.jpg 460w, https:\/\/cdni.rt.com\/actualidad\/public_images\/2021.03\/original\/605f79d559bf5b78a2419cef.jpg 980w, \" \/><\/picture>\n<div class=\"wp-caption alignnone\"><a href=\"https:\/\/www.facebook.com\/gelionsk\" target=\"_blank\" rel=\"noopener\"><img loading=\"lazy\" decoding=\"async\" class=\"Picture-root Picture-original lazyautosizes lazyloaded\" src=\"https:\/\/cdni.rt.com\/actualidad\/public_images\/2021.03\/original\/605f79d559bf5b78a2419cef.jpg\" sizes=\"auto, 912px\" alt=\"\" width=\"1024\" height=\"682\" data-sizes=\"auto\" data-src=\"https:\/\/cdni.rt.com\/actualidad\/public_images\/2021.03\/original\/605f79d559bf5b78a2419cef.jpg\" \/><\/a><p class=\"wp-caption-text\">Slava Stepanov<\/p><\/div>\n<\/div><figcaption class=\"RTImage-footer\"><\/figcaption><\/figure>\n<p>A regi\u00e3o, que \u00e9 considerada monumento natural e est\u00e1 sob prote\u00e7\u00e3o do Estado desde 1980, mant\u00e9m-se coberta de neve at\u00e9 o fim de abril.<\/p>\n<figure class=\"RTImage-root\">\n<div class=\"RTImage-image RTImage-original\">\n<picture class=\"Picture-root Picture-original\"><source srcset=\" https:\/\/cdni.rt.com\/actualidad\/public_images\/2021.03\/original\/605f79d559bf5b78a2419cf3.jpg 850w, https:\/\/cdni.rt.com\/actualidad\/public_images\/2021.03\/original\/605f79d559bf5b78a2419cf3.jpg 1960w, \" media=\"(-webkit-min-device-pixel-ratio: 2) and (min-resolution: 120dpi)\" sizes=\"912px\" data-srcset=\" https:\/\/cdni.rt.com\/actualidad\/public_images\/2021.03\/original\/605f79d559bf5b78a2419cf3.jpg 850w, https:\/\/cdni.rt.com\/actualidad\/public_images\/2021.03\/original\/605f79d559bf5b78a2419cf3.jpg 1960w, \" \/><source srcset=\" https:\/\/cdni.rt.com\/actualidad\/public_images\/2021.03\/original\/605f79d559bf5b78a2419cf3.jpg 460w, https:\/\/cdni.rt.com\/actualidad\/public_images\/2021.03\/original\/605f79d559bf5b78a2419cf3.jpg 980w, \" sizes=\"912px\" data-srcset=\" https:\/\/cdni.rt.com\/actualidad\/public_images\/2021.03\/original\/605f79d559bf5b78a2419cf3.jpg 460w, https:\/\/cdni.rt.com\/actualidad\/public_images\/2021.03\/original\/605f79d559bf5b78a2419cf3.jpg 980w, \" \/><\/picture>\n<div class=\"wp-caption alignnone\"><a href=\"https:\/\/www.facebook.com\/gelionsk\" target=\"_blank\" rel=\"noopener\"><img loading=\"lazy\" decoding=\"async\" class=\"Picture-root Picture-original lazyautosizes lazyloaded\" src=\"https:\/\/cdni.rt.com\/actualidad\/public_images\/2021.03\/original\/605f79d559bf5b78a2419cf3.jpg\" sizes=\"auto, 912px\" alt=\"\" width=\"1024\" height=\"682\" data-sizes=\"auto\" data-src=\"https:\/\/cdni.rt.com\/actualidad\/public_images\/2021.03\/original\/605f79d559bf5b78a2419cf3.jpg\" \/><\/a><p class=\"wp-caption-text\">Slava Stepanov<\/p><\/div>\n<\/div><figcaption class=\"RTImage-footer\"><\/figcaption><\/figure>\n<p>Para conhecer outras obras do fot\u00f3grafo, voc\u00ea pode visitar suas p\u00e1ginas no <a href=\"https:\/\/www.instagram.com\/stepanovslava\/\" target=\"_blank\" rel=\"noopener\">Instagram<\/a>\u00a0e no\u00a0<a href=\"https:\/\/www.facebook.com\/gelionsk\" target=\"_blank\" rel=\"noopener\">Facebook<\/a><\/p>\n<figure class=\"RTImage-root\">\n<div class=\"RTImage-image RTImage-original\">\n<picture class=\"Picture-root Picture-original\"><source srcset=\" https:\/\/cdni.rt.com\/actualidad\/public_images\/2021.03\/original\/605f79d659bf5b78a2419cf4.jpg 850w, https:\/\/cdni.rt.com\/actualidad\/public_images\/2021.03\/original\/605f79d659bf5b78a2419cf4.jpg 1960w, \" media=\"(-webkit-min-device-pixel-ratio: 2) and (min-resolution: 120dpi)\" sizes=\"912px\" data-srcset=\" https:\/\/cdni.rt.com\/actualidad\/public_images\/2021.03\/original\/605f79d659bf5b78a2419cf4.jpg 850w, https:\/\/cdni.rt.com\/actualidad\/public_images\/2021.03\/original\/605f79d659bf5b78a2419cf4.jpg 1960w, \" \/><source srcset=\" https:\/\/cdni.rt.com\/actualidad\/public_images\/2021.03\/original\/605f79d659bf5b78a2419cf4.jpg 460w, https:\/\/cdni.rt.com\/actualidad\/public_images\/2021.03\/original\/605f79d659bf5b78a2419cf4.jpg 980w, \" sizes=\"912px\" data-srcset=\" https:\/\/cdni.rt.com\/actualidad\/public_images\/2021.03\/original\/605f79d659bf5b78a2419cf4.jpg 460w, https:\/\/cdni.rt.com\/actualidad\/public_images\/2021.03\/original\/605f79d659bf5b78a2419cf4.jpg 980w, \" \/><\/picture>\n<div class=\"wp-caption alignnone\"><a href=\"https:\/\/www.facebook.com\/gelionsk\" target=\"_blank\" rel=\"noopener\"><img loading=\"lazy\" decoding=\"async\" class=\"Picture-root Picture-original lazyautosizes lazyloaded\" src=\"https:\/\/cdni.rt.com\/actualidad\/public_images\/2021.03\/original\/605f79d659bf5b78a2419cf4.jpg\" sizes=\"auto, 912px\" alt=\"\" width=\"1024\" height=\"682\" data-sizes=\"auto\" data-src=\"https:\/\/cdni.rt.com\/actualidad\/public_images\/2021.03\/original\/605f79d659bf5b78a2419cf4.jpg\" \/><\/a><p class=\"wp-caption-text\">Slava Stepanov<\/p><\/div>\n<hr \/>\n<p>&nbsp;<\/p>\n<p><em>Traduzido do espanhol por Nath\u00e1lia Cardoso \/ Revisado por Tatiana Elizabeth<\/em><\/p>\n<\/div><figcaption class=\"RTImage-footer\"><\/figcaption><\/figure>\n","protected":false},"excerpt":{"rendered":"<p>O fot\u00f3grafo russo Slava Stepanov fez uma s\u00e9rie de\u00a0fotos\u00a0nas quais mostra a beleza das Areias de Chara, um \u2018deserto\u2019 no sul da Sib\u00e9ria onde pode\u00a0observar\u00a0a areia e a neve ao mesmo tempo. Stepanov relatou em seu blog que a \u00e1rea,&hellip;<\/p>\n","protected":false},"author":1181,"featured_media":1329630,"comment_status":"closed","ping_status":"closed","sticky":false,"template":"","format":"standard","meta":{"footnotes":""},"categories":[115],"tags":[76547,88171,6159],"class_list":["post-1340786","post","type-post","status-publish","format-standard","has-post-thumbnail","hentry","category-ecologia-e-meio-ambiente","tag-fotografia-pt-pt","tag-internacional-pt-pt","tag-russia-pt-pt"],"yoast_head":"<!-- This site is optimized with the Yoast SEO plugin v27.1.1 - https:\/\/yoast.com\/product\/yoast-seo-wordpress\/ -->\n<title>Fotos incr\u00edveis que mostram um \u2018deserto\u2019 no sul da Sib\u00e9ria, coberto de areia e neve ao mesmo tempo<\/title>\n<meta name=\"description\" content=\"O fot\u00f3grafo russo Slava Stepanov fez uma s\u00e9rie de\u00a0fotos\u00a0nas quais mostra a beleza das Areias de Chara, um \u2018deserto\u2019 no sul da Sib\u00e9ria onde pode\u00a0observar\u00a0a\" \/>\n<meta name=\"robots\" content=\"index, follow, max-snippet:-1, max-image-preview:large, max-video-preview:-1\" \/>\n<link rel=\"canonical\" href=\"https:\/\/www.pressenza.com\/pt-pt\/2021\/04\/fotos-increibles-que-muestran-un-desierto-en-el-sur-de-siberia-cubierto-de-arena-y-nieve-a-la-vez\/\" \/>\n<meta property=\"og:locale\" content=\"pt_PT\" \/>\n<meta property=\"og:type\" content=\"article\" \/>\n<meta property=\"og:title\" content=\"Fotos incr\u00edveis que mostram um \u2018deserto\u2019 no sul da Sib\u00e9ria, coberto de areia e neve ao mesmo tempo\" \/>\n<meta property=\"og:description\" content=\"O fot\u00f3grafo russo Slava Stepanov fez uma s\u00e9rie de\u00a0fotos\u00a0nas quais mostra a beleza das Areias de Chara, um \u2018deserto\u2019 no sul da Sib\u00e9ria onde pode\u00a0observar\u00a0a\" \/>\n<meta property=\"og:url\" content=\"https:\/\/www.pressenza.com\/pt-pt\/2021\/04\/fotos-increibles-que-muestran-un-desierto-en-el-sur-de-siberia-cubierto-de-arena-y-nieve-a-la-vez\/\" \/>\n<meta property=\"og:site_name\" content=\"Pressenza\" \/>\n<meta property=\"article:publisher\" content=\"https:\/\/www.facebook.com\/PressenzaItalia\" \/>\n<meta property=\"article:author\" content=\"https:\/\/www.facebook.com\/RTnews\" \/>\n<meta property=\"article:published_time\" content=\"2021-04-14T01:28:32+00:00\" \/>\n<meta property=\"article:modified_time\" content=\"2021-04-17T23:39:09+00:00\" \/>\n<meta property=\"og:image\" content=\"https:\/\/www.pressenza.com\/wp-content\/uploads\/2021\/03\/siberia.jpg\" \/>\n\t<meta property=\"og:image:width\" content=\"800\" \/>\n\t<meta property=\"og:image:height\" content=\"450\" \/>\n\t<meta property=\"og:image:type\" content=\"image\/jpeg\" \/>\n<meta name=\"author\" content=\"RT\" \/>\n<meta name=\"twitter:card\" content=\"summary_large_image\" \/>\n<meta name=\"twitter:creator\" content=\"@RT_com\" \/>\n<meta name=\"twitter:site\" content=\"@PressenzaIPA\" \/>\n<meta name=\"twitter:label1\" content=\"Escrito por\" \/>\n\t<meta name=\"twitter:data1\" content=\"RT\" \/>\n\t<meta name=\"twitter:label2\" content=\"Tempo estimado de leitura\" \/>\n\t<meta name=\"twitter:data2\" content=\"1 minuto\" \/>\n<script type=\"application\/ld+json\" class=\"yoast-schema-graph\">{\"@context\":\"https:\/\/schema.org\",\"@graph\":[{\"@type\":\"Article\",\"@id\":\"https:\/\/www.pressenza.com\/pt-pt\/2021\/04\/fotos-increibles-que-muestran-un-desierto-en-el-sur-de-siberia-cubierto-de-arena-y-nieve-a-la-vez\/#article\",\"isPartOf\":{\"@id\":\"https:\/\/www.pressenza.com\/pt-pt\/2021\/04\/fotos-increibles-que-muestran-un-desierto-en-el-sur-de-siberia-cubierto-de-arena-y-nieve-a-la-vez\/\"},\"author\":{\"name\":\"RT\",\"@id\":\"https:\/\/www.pressenza.com\/pt-pt\/#\/schema\/person\/a9bc3bac2cc72cc81fc57959c714a38e\"},\"headline\":\"Fotos incr\u00edveis que mostram um \u2018deserto\u2019 no sul da Sib\u00e9ria, coberto de areia e neve ao mesmo tempo\",\"datePublished\":\"2021-04-14T01:28:32+00:00\",\"dateModified\":\"2021-04-17T23:39:09+00:00\",\"mainEntityOfPage\":{\"@id\":\"https:\/\/www.pressenza.com\/pt-pt\/2021\/04\/fotos-increibles-que-muestran-un-desierto-en-el-sur-de-siberia-cubierto-de-arena-y-nieve-a-la-vez\/\"},\"wordCount\":297,\"publisher\":{\"@id\":\"https:\/\/www.pressenza.com\/pt-pt\/#organization\"},\"image\":{\"@id\":\"https:\/\/www.pressenza.com\/pt-pt\/2021\/04\/fotos-increibles-que-muestran-un-desierto-en-el-sur-de-siberia-cubierto-de-arena-y-nieve-a-la-vez\/#primaryimage\"},\"thumbnailUrl\":\"https:\/\/www.pressenza.com\/wp-content\/uploads\/2021\/03\/siberia.jpg\",\"keywords\":[\"fotografia\",\"internacional\",\"R\u00fassia\"],\"articleSection\":[\"Ecologia e Meio Ambiente\"],\"inLanguage\":\"pt-PT\"},{\"@type\":\"WebPage\",\"@id\":\"https:\/\/www.pressenza.com\/pt-pt\/2021\/04\/fotos-increibles-que-muestran-un-desierto-en-el-sur-de-siberia-cubierto-de-arena-y-nieve-a-la-vez\/\",\"url\":\"https:\/\/www.pressenza.com\/pt-pt\/2021\/04\/fotos-increibles-que-muestran-un-desierto-en-el-sur-de-siberia-cubierto-de-arena-y-nieve-a-la-vez\/\",\"name\":\"Fotos incr\u00edveis que mostram um \u2018deserto\u2019 no sul da Sib\u00e9ria, coberto de areia e neve ao mesmo tempo\",\"isPartOf\":{\"@id\":\"https:\/\/www.pressenza.com\/pt-pt\/#website\"},\"primaryImageOfPage\":{\"@id\":\"https:\/\/www.pressenza.com\/pt-pt\/2021\/04\/fotos-increibles-que-muestran-un-desierto-en-el-sur-de-siberia-cubierto-de-arena-y-nieve-a-la-vez\/#primaryimage\"},\"image\":{\"@id\":\"https:\/\/www.pressenza.com\/pt-pt\/2021\/04\/fotos-increibles-que-muestran-un-desierto-en-el-sur-de-siberia-cubierto-de-arena-y-nieve-a-la-vez\/#primaryimage\"},\"thumbnailUrl\":\"https:\/\/www.pressenza.com\/wp-content\/uploads\/2021\/03\/siberia.jpg\",\"datePublished\":\"2021-04-14T01:28:32+00:00\",\"dateModified\":\"2021-04-17T23:39:09+00:00\",\"description\":\"O fot\u00f3grafo russo Slava Stepanov fez uma s\u00e9rie de\u00a0fotos\u00a0nas quais mostra a beleza das Areias de Chara, um \u2018deserto\u2019 no sul da Sib\u00e9ria onde pode\u00a0observar\u00a0a\",\"breadcrumb\":{\"@id\":\"https:\/\/www.pressenza.com\/pt-pt\/2021\/04\/fotos-increibles-que-muestran-un-desierto-en-el-sur-de-siberia-cubierto-de-arena-y-nieve-a-la-vez\/#breadcrumb\"},\"inLanguage\":\"pt-PT\",\"potentialAction\":[{\"@type\":\"ReadAction\",\"target\":[\"https:\/\/www.pressenza.com\/pt-pt\/2021\/04\/fotos-increibles-que-muestran-un-desierto-en-el-sur-de-siberia-cubierto-de-arena-y-nieve-a-la-vez\/\"]}]},{\"@type\":\"ImageObject\",\"inLanguage\":\"pt-PT\",\"@id\":\"https:\/\/www.pressenza.com\/pt-pt\/2021\/04\/fotos-increibles-que-muestran-un-desierto-en-el-sur-de-siberia-cubierto-de-arena-y-nieve-a-la-vez\/#primaryimage\",\"url\":\"https:\/\/www.pressenza.com\/wp-content\/uploads\/2021\/03\/siberia.jpg\",\"contentUrl\":\"https:\/\/www.pressenza.com\/wp-content\/uploads\/2021\/03\/siberia.jpg\",\"width\":800,\"height\":450},{\"@type\":\"BreadcrumbList\",\"@id\":\"https:\/\/www.pressenza.com\/pt-pt\/2021\/04\/fotos-increibles-que-muestran-un-desierto-en-el-sur-de-siberia-cubierto-de-arena-y-nieve-a-la-vez\/#breadcrumb\",\"itemListElement\":[{\"@type\":\"ListItem\",\"position\":1,\"name\":\"Accueil\",\"item\":\"https:\/\/www.pressenza.com\/pt-pt\/\"},{\"@type\":\"ListItem\",\"position\":2,\"name\":\"Fotos incr\u00edveis que mostram um \u2018deserto\u2019 no sul da Sib\u00e9ria, coberto de areia e neve ao mesmo tempo\"}]},{\"@type\":\"WebSite\",\"@id\":\"https:\/\/www.pressenza.com\/pt-pt\/#website\",\"url\":\"https:\/\/www.pressenza.com\/pt-pt\/\",\"name\":\"Pressenza\",\"description\":\"International Press Agency\",\"publisher\":{\"@id\":\"https:\/\/www.pressenza.com\/pt-pt\/#organization\"},\"potentialAction\":[{\"@type\":\"SearchAction\",\"target\":{\"@type\":\"EntryPoint\",\"urlTemplate\":\"https:\/\/www.pressenza.com\/pt-pt\/?s={search_term_string}\"},\"query-input\":{\"@type\":\"PropertyValueSpecification\",\"valueRequired\":true,\"valueName\":\"search_term_string\"}}],\"inLanguage\":\"pt-PT\"},{\"@type\":\"Organization\",\"@id\":\"https:\/\/www.pressenza.com\/pt-pt\/#organization\",\"name\":\"Pressenza\",\"url\":\"https:\/\/www.pressenza.com\/pt-pt\/\",\"logo\":{\"@type\":\"ImageObject\",\"inLanguage\":\"pt-PT\",\"@id\":\"https:\/\/www.pressenza.com\/pt-pt\/#\/schema\/logo\/image\/\",\"url\":\"https:\/\/www.pressenza.com\/wp-content\/uploads\/2022\/10\/pressenza_logo_200x200.jpg\",\"contentUrl\":\"https:\/\/www.pressenza.com\/wp-content\/uploads\/2022\/10\/pressenza_logo_200x200.jpg\",\"width\":200,\"height\":200,\"caption\":\"Pressenza\"},\"image\":{\"@id\":\"https:\/\/www.pressenza.com\/pt-pt\/#\/schema\/logo\/image\/\"},\"sameAs\":[\"https:\/\/www.facebook.com\/PressenzaItalia\",\"https:\/\/x.com\/PressenzaIPA\"]},{\"@type\":\"Person\",\"@id\":\"https:\/\/www.pressenza.com\/pt-pt\/#\/schema\/person\/a9bc3bac2cc72cc81fc57959c714a38e\",\"name\":\"RT\",\"description\":\"With its first channel launched in December 2005, the RT network now consists of three global news channels broadcasting in English, Spanish and Arabic, RT America broadcasting from a Washington, DC studio, RT UK airing from London, and a documentary channel RTDoc \u2013 in English and Russian. Today RT has a global reach of over 700 million people in 100+ countries. Articles and photographs by RT on Pressenza do not fall under the Creative Commons license are are not reproducible in any way. RT news covers the major issues of our time for viewers wishing to question more and delivers stories often missed by the mainstream media to create news with an edge. RT provides an alternative perspective on major global events, and acquaints an international audience with the Russian viewpoint. rt.com\",\"sameAs\":[\"http:\/\/www.rt.com\",\"https:\/\/www.facebook.com\/RTnews\",\"https:\/\/x.com\/RT_com\"],\"url\":\"https:\/\/www.pressenza.com\/pt-pt\/author\/russia-today\/\"}]}<\/script>\n<!-- \/ Yoast SEO plugin. -->","yoast_head_json":{"title":"Fotos incr\u00edveis que mostram um \u2018deserto\u2019 no sul da Sib\u00e9ria, coberto de areia e neve ao mesmo tempo","description":"O fot\u00f3grafo russo Slava Stepanov fez uma s\u00e9rie de\u00a0fotos\u00a0nas quais mostra a beleza das Areias de Chara, um \u2018deserto\u2019 no sul da Sib\u00e9ria onde pode\u00a0observar\u00a0a","robots":{"index":"index","follow":"follow","max-snippet":"max-snippet:-1","max-image-preview":"max-image-preview:large","max-video-preview":"max-video-preview:-1"},"canonical":"https:\/\/www.pressenza.com\/pt-pt\/2021\/04\/fotos-increibles-que-muestran-un-desierto-en-el-sur-de-siberia-cubierto-de-arena-y-nieve-a-la-vez\/","og_locale":"pt_PT","og_type":"article","og_title":"Fotos incr\u00edveis que mostram um \u2018deserto\u2019 no sul da Sib\u00e9ria, coberto de areia e neve ao mesmo tempo","og_description":"O fot\u00f3grafo russo Slava Stepanov fez uma s\u00e9rie de\u00a0fotos\u00a0nas quais mostra a beleza das Areias de Chara, um \u2018deserto\u2019 no sul da Sib\u00e9ria onde pode\u00a0observar\u00a0a","og_url":"https:\/\/www.pressenza.com\/pt-pt\/2021\/04\/fotos-increibles-que-muestran-un-desierto-en-el-sur-de-siberia-cubierto-de-arena-y-nieve-a-la-vez\/","og_site_name":"Pressenza","article_publisher":"https:\/\/www.facebook.com\/PressenzaItalia","article_author":"https:\/\/www.facebook.com\/RTnews","article_published_time":"2021-04-14T01:28:32+00:00","article_modified_time":"2021-04-17T23:39:09+00:00","og_image":[{"width":800,"height":450,"url":"https:\/\/www.pressenza.com\/wp-content\/uploads\/2021\/03\/siberia.jpg","type":"image\/jpeg"}],"author":"RT","twitter_card":"summary_large_image","twitter_creator":"@RT_com","twitter_site":"@PressenzaIPA","twitter_misc":{"Escrito por":"RT","Tempo estimado de leitura":"1 minuto"},"schema":{"@context":"https:\/\/schema.org","@graph":[{"@type":"Article","@id":"https:\/\/www.pressenza.com\/pt-pt\/2021\/04\/fotos-increibles-que-muestran-un-desierto-en-el-sur-de-siberia-cubierto-de-arena-y-nieve-a-la-vez\/#article","isPartOf":{"@id":"https:\/\/www.pressenza.com\/pt-pt\/2021\/04\/fotos-increibles-que-muestran-un-desierto-en-el-sur-de-siberia-cubierto-de-arena-y-nieve-a-la-vez\/"},"author":{"name":"RT","@id":"https:\/\/www.pressenza.com\/pt-pt\/#\/schema\/person\/a9bc3bac2cc72cc81fc57959c714a38e"},"headline":"Fotos incr\u00edveis que mostram um \u2018deserto\u2019 no sul da Sib\u00e9ria, coberto de areia e neve ao mesmo tempo","datePublished":"2021-04-14T01:28:32+00:00","dateModified":"2021-04-17T23:39:09+00:00","mainEntityOfPage":{"@id":"https:\/\/www.pressenza.com\/pt-pt\/2021\/04\/fotos-increibles-que-muestran-un-desierto-en-el-sur-de-siberia-cubierto-de-arena-y-nieve-a-la-vez\/"},"wordCount":297,"publisher":{"@id":"https:\/\/www.pressenza.com\/pt-pt\/#organization"},"image":{"@id":"https:\/\/www.pressenza.com\/pt-pt\/2021\/04\/fotos-increibles-que-muestran-un-desierto-en-el-sur-de-siberia-cubierto-de-arena-y-nieve-a-la-vez\/#primaryimage"},"thumbnailUrl":"https:\/\/www.pressenza.com\/wp-content\/uploads\/2021\/03\/siberia.jpg","keywords":["fotografia","internacional","R\u00fassia"],"articleSection":["Ecologia e Meio Ambiente"],"inLanguage":"pt-PT"},{"@type":"WebPage","@id":"https:\/\/www.pressenza.com\/pt-pt\/2021\/04\/fotos-increibles-que-muestran-un-desierto-en-el-sur-de-siberia-cubierto-de-arena-y-nieve-a-la-vez\/","url":"https:\/\/www.pressenza.com\/pt-pt\/2021\/04\/fotos-increibles-que-muestran-un-desierto-en-el-sur-de-siberia-cubierto-de-arena-y-nieve-a-la-vez\/","name":"Fotos incr\u00edveis que mostram um \u2018deserto\u2019 no sul da Sib\u00e9ria, coberto de areia e neve ao mesmo tempo","isPartOf":{"@id":"https:\/\/www.pressenza.com\/pt-pt\/#website"},"primaryImageOfPage":{"@id":"https:\/\/www.pressenza.com\/pt-pt\/2021\/04\/fotos-increibles-que-muestran-un-desierto-en-el-sur-de-siberia-cubierto-de-arena-y-nieve-a-la-vez\/#primaryimage"},"image":{"@id":"https:\/\/www.pressenza.com\/pt-pt\/2021\/04\/fotos-increibles-que-muestran-un-desierto-en-el-sur-de-siberia-cubierto-de-arena-y-nieve-a-la-vez\/#primaryimage"},"thumbnailUrl":"https:\/\/www.pressenza.com\/wp-content\/uploads\/2021\/03\/siberia.jpg","datePublished":"2021-04-14T01:28:32+00:00","dateModified":"2021-04-17T23:39:09+00:00","description":"O fot\u00f3grafo russo Slava Stepanov fez uma s\u00e9rie de\u00a0fotos\u00a0nas quais mostra a beleza das Areias de Chara, um \u2018deserto\u2019 no sul da Sib\u00e9ria onde pode\u00a0observar\u00a0a","breadcrumb":{"@id":"https:\/\/www.pressenza.com\/pt-pt\/2021\/04\/fotos-increibles-que-muestran-un-desierto-en-el-sur-de-siberia-cubierto-de-arena-y-nieve-a-la-vez\/#breadcrumb"},"inLanguage":"pt-PT","potentialAction":[{"@type":"ReadAction","target":["https:\/\/www.pressenza.com\/pt-pt\/2021\/04\/fotos-increibles-que-muestran-un-desierto-en-el-sur-de-siberia-cubierto-de-arena-y-nieve-a-la-vez\/"]}]},{"@type":"ImageObject","inLanguage":"pt-PT","@id":"https:\/\/www.pressenza.com\/pt-pt\/2021\/04\/fotos-increibles-que-muestran-un-desierto-en-el-sur-de-siberia-cubierto-de-arena-y-nieve-a-la-vez\/#primaryimage","url":"https:\/\/www.pressenza.com\/wp-content\/uploads\/2021\/03\/siberia.jpg","contentUrl":"https:\/\/www.pressenza.com\/wp-content\/uploads\/2021\/03\/siberia.jpg","width":800,"height":450},{"@type":"BreadcrumbList","@id":"https:\/\/www.pressenza.com\/pt-pt\/2021\/04\/fotos-increibles-que-muestran-un-desierto-en-el-sur-de-siberia-cubierto-de-arena-y-nieve-a-la-vez\/#breadcrumb","itemListElement":[{"@type":"ListItem","position":1,"name":"Accueil","item":"https:\/\/www.pressenza.com\/pt-pt\/"},{"@type":"ListItem","position":2,"name":"Fotos incr\u00edveis que mostram um \u2018deserto\u2019 no sul da Sib\u00e9ria, coberto de areia e neve ao mesmo tempo"}]},{"@type":"WebSite","@id":"https:\/\/www.pressenza.com\/pt-pt\/#website","url":"https:\/\/www.pressenza.com\/pt-pt\/","name":"Pressenza","description":"International Press Agency","publisher":{"@id":"https:\/\/www.pressenza.com\/pt-pt\/#organization"},"potentialAction":[{"@type":"SearchAction","target":{"@type":"EntryPoint","urlTemplate":"https:\/\/www.pressenza.com\/pt-pt\/?s={search_term_string}"},"query-input":{"@type":"PropertyValueSpecification","valueRequired":true,"valueName":"search_term_string"}}],"inLanguage":"pt-PT"},{"@type":"Organization","@id":"https:\/\/www.pressenza.com\/pt-pt\/#organization","name":"Pressenza","url":"https:\/\/www.pressenza.com\/pt-pt\/","logo":{"@type":"ImageObject","inLanguage":"pt-PT","@id":"https:\/\/www.pressenza.com\/pt-pt\/#\/schema\/logo\/image\/","url":"https:\/\/www.pressenza.com\/wp-content\/uploads\/2022\/10\/pressenza_logo_200x200.jpg","contentUrl":"https:\/\/www.pressenza.com\/wp-content\/uploads\/2022\/10\/pressenza_logo_200x200.jpg","width":200,"height":200,"caption":"Pressenza"},"image":{"@id":"https:\/\/www.pressenza.com\/pt-pt\/#\/schema\/logo\/image\/"},"sameAs":["https:\/\/www.facebook.com\/PressenzaItalia","https:\/\/x.com\/PressenzaIPA"]},{"@type":"Person","@id":"https:\/\/www.pressenza.com\/pt-pt\/#\/schema\/person\/a9bc3bac2cc72cc81fc57959c714a38e","name":"RT","description":"With its first channel launched in December 2005, the RT network now consists of three global news channels broadcasting in English, Spanish and Arabic, RT America broadcasting from a Washington, DC studio, RT UK airing from London, and a documentary channel RTDoc \u2013 in English and Russian. Today RT has a global reach of over 700 million people in 100+ countries. Articles and photographs by RT on Pressenza do not fall under the Creative Commons license are are not reproducible in any way. RT news covers the major issues of our time for viewers wishing to question more and delivers stories often missed by the mainstream media to create news with an edge. RT provides an alternative perspective on major global events, and acquaints an international audience with the Russian viewpoint. rt.com","sameAs":["http:\/\/www.rt.com","https:\/\/www.facebook.com\/RTnews","https:\/\/x.com\/RT_com"],"url":"https:\/\/www.pressenza.com\/pt-pt\/author\/russia-today\/"}]}},"place":"Sib\u00e9ria","original_article_url":"https:\/\/actualidad.rt.com\/actualidad\/387544-fotos-increibles-mostrar-desierto-nieve-siberia","_links":{"self":[{"href":"https:\/\/www.pressenza.com\/pt-pt\/wp-json\/wp\/v2\/posts\/1340786","targetHints":{"allow":["GET"]}}],"collection":[{"href":"https:\/\/www.pressenza.com\/pt-pt\/wp-json\/wp\/v2\/posts"}],"about":[{"href":"https:\/\/www.pressenza.com\/pt-pt\/wp-json\/wp\/v2\/types\/post"}],"author":[{"embeddable":true,"href":"https:\/\/www.pressenza.com\/pt-pt\/wp-json\/wp\/v2\/users\/1181"}],"replies":[{"embeddable":true,"href":"https:\/\/www.pressenza.com\/pt-pt\/wp-json\/wp\/v2\/comments?post=1340786"}],"version-history":[{"count":0,"href":"https:\/\/www.pressenza.com\/pt-pt\/wp-json\/wp\/v2\/posts\/1340786\/revisions"}],"wp:featuredmedia":[{"embeddable":true,"href":"https:\/\/www.pressenza.com\/pt-pt\/wp-json\/wp\/v2\/media\/1329630"}],"wp:attachment":[{"href":"https:\/\/www.pressenza.com\/pt-pt\/wp-json\/wp\/v2\/media?parent=1340786"}],"wp:term":[{"taxonomy":"category","embeddable":true,"href":"https:\/\/www.pressenza.com\/pt-pt\/wp-json\/wp\/v2\/categories?post=1340786"},{"taxonomy":"post_tag","embeddable":true,"href":"https:\/\/www.pressenza.com\/pt-pt\/wp-json\/wp\/v2\/tags?post=1340786"}],"curies":[{"name":"wp","href":"https:\/\/api.w.org\/{rel}","templated":true}]}}