{"id":1337711,"date":"2021-04-09T18:15:07","date_gmt":"2021-04-09T17:15:07","guid":{"rendered":"https:\/\/www.pressenza.com\/?p=1337711"},"modified":"2021-04-09T18:15:07","modified_gmt":"2021-04-09T17:15:07","slug":"fattorelli-expoe-erros-da-reforma-administrativa-pec-32-em-seminario-da-csb","status":"publish","type":"post","link":"https:\/\/www.pressenza.com\/pt-pt\/2021\/04\/fattorelli-expoe-erros-da-reforma-administrativa-pec-32-em-seminario-da-csb\/","title":{"rendered":"Fattorelli exp\u00f5e erros da Reforma Administrativa (PEC 32) em semin\u00e1rio da CSB"},"content":{"rendered":"<h5><span style=\"color: #999999;\">ECONOMIA<\/span><\/h5>\n<p>&nbsp;<\/p>\n<p>&nbsp;<\/p>\n<p><em><strong>Por Auditoria Cidad\u00e3 da D\u00edvida<\/strong><\/em><\/p>\n<p>&nbsp;<\/p>\n<p>&nbsp;<\/p>\n<p>A coordenadora nacional da Auditoria Cidad\u00e3 da D\u00edvida foi uma das participantes do Semin\u00e1rio &#8220;Reforma Administrativa&#8221;, organizado pela CSB (Central dos Sindicatos Brasileiros) e falou sobre os graves danos que a PEC 32 ir\u00e1 provocar para toda a sociedade. Conhecida como &#8220;reforma administrativa&#8221;, a proposta toma como base estudos encomendados ao Banco Mundial que est\u00e3o repletos de erros, que foram desmascarados na Carta Aberta de iniciativa da ACD e que conta com o apoio de mais de 120 entidades.<\/p>\n<p>O Banco Mundial coloca os gastos com pessoal e previd\u00eancia como os principais respons\u00e1veis pelo rombo nos cofres p\u00fablicos, utilizando-se desse falso argumento para justificar a precariza\u00e7\u00e3o do servi\u00e7o p\u00fablico por meio dessa PEC que abre espa\u00e7o para privatiza\u00e7\u00f5es e terceiriza\u00e7\u00f5es de forma generalizada. Maria Lucia Fattorelli explica os mecanismos que geram d\u00edvida e exp\u00f5e a pol\u00edtica do Banco Central como a principal respons\u00e1vel pelo preju\u00edzo nas contas p\u00fablicas, resumindo como a sociedade ser\u00e1 prejudicada caso esta PEC seja aprovada.<\/p>\n<p>Acesse a <a href=\"https:\/\/auditoriacidada.org.br\/conteudo\/carta-aberta-contra-a-pec-32-leia-e-entenda-todos-os-questionamentos-1-25\/\">Carta Aberta<\/a> criada pela ACD com o apoio de mais de 120 entidades e leia os questionamentos sobre esta verdadeira &#8220;contrarreforma&#8221;.<\/p>\n<p><iframe loading=\"lazy\" title=\"Fattorelli exp\u00f5e erros da Reforma Administrativa (PEC 32) em semin\u00e1rio da CSB\" width=\"500\" height=\"281\" src=\"https:\/\/www.youtube.com\/embed\/KFEugu3iNC0?feature=oembed\" frameborder=\"0\" allow=\"accelerometer; autoplay; clipboard-write; encrypted-media; gyroscope; picture-in-picture; web-share\" referrerpolicy=\"strict-origin-when-cross-origin\" allowfullscreen><\/iframe><\/p>\n","protected":false},"excerpt":{"rendered":"<p>ECONOMIA &nbsp; &nbsp; Por Auditoria Cidad\u00e3 da D\u00edvida &nbsp; &nbsp; A coordenadora nacional da Auditoria Cidad\u00e3 da D\u00edvida foi uma das participantes do Semin\u00e1rio &#8220;Reforma Administrativa&#8221;, organizado pela CSB (Central dos Sindicatos Brasileiros) e falou sobre os graves danos que&hellip;<\/p>\n","protected":false},"author":1685,"featured_media":1337715,"comment_status":"closed","ping_status":"closed","sticky":false,"template":"","format":"standard","meta":{"footnotes":""},"categories":[104,11390,118,42,165,111],"tags":[83163,13379,89596,89595],"class_list":["post-1337711","post","type-post","status-publish","format-standard","has-post-thumbnail","hentry","category-america-do-sul","category-conteudo-original","category-economia-pt-pt","category-internacional-2","category-opiniao","category-politica-pt-pt","tag-auditoria-cidada-da-divida","tag-economia-pt-pt-2","tag-maria-lucia-fattorelli","tag-pec-32"],"yoast_head":"<!-- This site is optimized with the Yoast SEO plugin v27.1.1 - https:\/\/yoast.com\/product\/yoast-seo-wordpress\/ -->\n<title>Fattorelli exp\u00f5e erros da Reforma Administrativa (PEC 32) em semin\u00e1rio da CSB<\/title>\n<meta name=\"description\" content=\"ECONOMIA &nbsp; &nbsp; Por Auditoria Cidad\u00e3 da D\u00edvida &nbsp; &nbsp; A coordenadora nacional da Auditoria Cidad\u00e3 da D\u00edvida foi uma das participantes do\" \/>\n<meta name=\"robots\" content=\"index, follow, max-snippet:-1, max-image-preview:large, max-video-preview:-1\" \/>\n<link rel=\"canonical\" href=\"https:\/\/www.pressenza.com\/pt-pt\/2021\/04\/fattorelli-expoe-erros-da-reforma-administrativa-pec-32-em-seminario-da-csb\/\" \/>\n<meta property=\"og:locale\" content=\"pt_PT\" \/>\n<meta property=\"og:type\" content=\"article\" \/>\n<meta property=\"og:title\" content=\"Fattorelli exp\u00f5e erros da Reforma Administrativa (PEC 32) em semin\u00e1rio da CSB\" \/>\n<meta property=\"og:description\" content=\"ECONOMIA &nbsp; &nbsp; Por Auditoria Cidad\u00e3 da D\u00edvida &nbsp; &nbsp; A coordenadora nacional da Auditoria Cidad\u00e3 da D\u00edvida foi uma das participantes do\" \/>\n<meta property=\"og:url\" content=\"https:\/\/www.pressenza.com\/pt-pt\/2021\/04\/fattorelli-expoe-erros-da-reforma-administrativa-pec-32-em-seminario-da-csb\/\" \/>\n<meta property=\"og:site_name\" content=\"Pressenza\" \/>\n<meta property=\"article:publisher\" content=\"https:\/\/www.facebook.com\/PressenzaItalia\" \/>\n<meta property=\"article:published_time\" content=\"2021-04-09T17:15:07+00:00\" \/>\n<meta property=\"og:image\" content=\"https:\/\/www.pressenza.com\/wp-content\/uploads\/2021\/04\/currency-2224748_640.jpg\" \/>\n\t<meta property=\"og:image:width\" content=\"640\" \/>\n\t<meta property=\"og:image:height\" content=\"426\" \/>\n\t<meta property=\"og:image:type\" content=\"image\/jpeg\" \/>\n<meta name=\"author\" content=\"Reda\u00e7\u00e3o Rio de Janeiro\" \/>\n<meta name=\"twitter:card\" content=\"summary_large_image\" \/>\n<meta name=\"twitter:creator\" content=\"@PressenzaIPA\" \/>\n<meta name=\"twitter:site\" content=\"@PressenzaIPA\" \/>\n<meta name=\"twitter:label1\" content=\"Escrito por\" \/>\n\t<meta name=\"twitter:data1\" content=\"Reda\u00e7\u00e3o Rio de Janeiro\" \/>\n\t<meta name=\"twitter:label2\" content=\"Tempo estimado de leitura\" \/>\n\t<meta name=\"twitter:data2\" content=\"1 minuto\" \/>\n<script type=\"application\/ld+json\" class=\"yoast-schema-graph\">{\"@context\":\"https:\/\/schema.org\",\"@graph\":[{\"@type\":\"Article\",\"@id\":\"https:\/\/www.pressenza.com\/pt-pt\/2021\/04\/fattorelli-expoe-erros-da-reforma-administrativa-pec-32-em-seminario-da-csb\/#article\",\"isPartOf\":{\"@id\":\"https:\/\/www.pressenza.com\/pt-pt\/2021\/04\/fattorelli-expoe-erros-da-reforma-administrativa-pec-32-em-seminario-da-csb\/\"},\"author\":{\"name\":\"Reda\u00e7\u00e3o Rio de Janeiro\",\"@id\":\"https:\/\/www.pressenza.com\/pt-pt\/#\/schema\/person\/6925e927f8ff3a0cdb838320c5d12259\"},\"headline\":\"Fattorelli exp\u00f5e erros da Reforma Administrativa (PEC 32) em semin\u00e1rio da CSB\",\"datePublished\":\"2021-04-09T17:15:07+00:00\",\"mainEntityOfPage\":{\"@id\":\"https:\/\/www.pressenza.com\/pt-pt\/2021\/04\/fattorelli-expoe-erros-da-reforma-administrativa-pec-32-em-seminario-da-csb\/\"},\"wordCount\":229,\"publisher\":{\"@id\":\"https:\/\/www.pressenza.com\/pt-pt\/#organization\"},\"image\":{\"@id\":\"https:\/\/www.pressenza.com\/pt-pt\/2021\/04\/fattorelli-expoe-erros-da-reforma-administrativa-pec-32-em-seminario-da-csb\/#primaryimage\"},\"thumbnailUrl\":\"https:\/\/www.pressenza.com\/wp-content\/uploads\/2021\/04\/currency-2224748_640.jpg\",\"keywords\":[\"auditoria cidada da divida\",\"economia\",\"Maria Lucia Fattorelli\",\"PEC 32\"],\"articleSection\":[\"\u00c1m\u00e9rica do Sul\",\"Conte\u00fado Original\",\"Economia\",\"Internacional\",\"Opini\u00e3o\",\"Pol\u00edtica\"],\"inLanguage\":\"pt-PT\"},{\"@type\":\"WebPage\",\"@id\":\"https:\/\/www.pressenza.com\/pt-pt\/2021\/04\/fattorelli-expoe-erros-da-reforma-administrativa-pec-32-em-seminario-da-csb\/\",\"url\":\"https:\/\/www.pressenza.com\/pt-pt\/2021\/04\/fattorelli-expoe-erros-da-reforma-administrativa-pec-32-em-seminario-da-csb\/\",\"name\":\"Fattorelli exp\u00f5e erros da Reforma Administrativa (PEC 32) em semin\u00e1rio da CSB\",\"isPartOf\":{\"@id\":\"https:\/\/www.pressenza.com\/pt-pt\/#website\"},\"primaryImageOfPage\":{\"@id\":\"https:\/\/www.pressenza.com\/pt-pt\/2021\/04\/fattorelli-expoe-erros-da-reforma-administrativa-pec-32-em-seminario-da-csb\/#primaryimage\"},\"image\":{\"@id\":\"https:\/\/www.pressenza.com\/pt-pt\/2021\/04\/fattorelli-expoe-erros-da-reforma-administrativa-pec-32-em-seminario-da-csb\/#primaryimage\"},\"thumbnailUrl\":\"https:\/\/www.pressenza.com\/wp-content\/uploads\/2021\/04\/currency-2224748_640.jpg\",\"datePublished\":\"2021-04-09T17:15:07+00:00\",\"description\":\"ECONOMIA &nbsp; &nbsp; Por Auditoria Cidad\u00e3 da D\u00edvida &nbsp; &nbsp; A coordenadora nacional da Auditoria Cidad\u00e3 da D\u00edvida foi uma das participantes do\",\"breadcrumb\":{\"@id\":\"https:\/\/www.pressenza.com\/pt-pt\/2021\/04\/fattorelli-expoe-erros-da-reforma-administrativa-pec-32-em-seminario-da-csb\/#breadcrumb\"},\"inLanguage\":\"pt-PT\",\"potentialAction\":[{\"@type\":\"ReadAction\",\"target\":[\"https:\/\/www.pressenza.com\/pt-pt\/2021\/04\/fattorelli-expoe-erros-da-reforma-administrativa-pec-32-em-seminario-da-csb\/\"]}]},{\"@type\":\"ImageObject\",\"inLanguage\":\"pt-PT\",\"@id\":\"https:\/\/www.pressenza.com\/pt-pt\/2021\/04\/fattorelli-expoe-erros-da-reforma-administrativa-pec-32-em-seminario-da-csb\/#primaryimage\",\"url\":\"https:\/\/www.pressenza.com\/wp-content\/uploads\/2021\/04\/currency-2224748_640.jpg\",\"contentUrl\":\"https:\/\/www.pressenza.com\/wp-content\/uploads\/2021\/04\/currency-2224748_640.jpg\",\"width\":640,\"height\":426},{\"@type\":\"BreadcrumbList\",\"@id\":\"https:\/\/www.pressenza.com\/pt-pt\/2021\/04\/fattorelli-expoe-erros-da-reforma-administrativa-pec-32-em-seminario-da-csb\/#breadcrumb\",\"itemListElement\":[{\"@type\":\"ListItem\",\"position\":1,\"name\":\"Accueil\",\"item\":\"https:\/\/www.pressenza.com\/pt-pt\/\"},{\"@type\":\"ListItem\",\"position\":2,\"name\":\"Fattorelli exp\u00f5e erros da Reforma Administrativa (PEC 32) em semin\u00e1rio da CSB\"}]},{\"@type\":\"WebSite\",\"@id\":\"https:\/\/www.pressenza.com\/pt-pt\/#website\",\"url\":\"https:\/\/www.pressenza.com\/pt-pt\/\",\"name\":\"Pressenza\",\"description\":\"International Press Agency\",\"publisher\":{\"@id\":\"https:\/\/www.pressenza.com\/pt-pt\/#organization\"},\"potentialAction\":[{\"@type\":\"SearchAction\",\"target\":{\"@type\":\"EntryPoint\",\"urlTemplate\":\"https:\/\/www.pressenza.com\/pt-pt\/?s={search_term_string}\"},\"query-input\":{\"@type\":\"PropertyValueSpecification\",\"valueRequired\":true,\"valueName\":\"search_term_string\"}}],\"inLanguage\":\"pt-PT\"},{\"@type\":\"Organization\",\"@id\":\"https:\/\/www.pressenza.com\/pt-pt\/#organization\",\"name\":\"Pressenza\",\"url\":\"https:\/\/www.pressenza.com\/pt-pt\/\",\"logo\":{\"@type\":\"ImageObject\",\"inLanguage\":\"pt-PT\",\"@id\":\"https:\/\/www.pressenza.com\/pt-pt\/#\/schema\/logo\/image\/\",\"url\":\"https:\/\/www.pressenza.com\/wp-content\/uploads\/2022\/10\/pressenza_logo_200x200.jpg\",\"contentUrl\":\"https:\/\/www.pressenza.com\/wp-content\/uploads\/2022\/10\/pressenza_logo_200x200.jpg\",\"width\":200,\"height\":200,\"caption\":\"Pressenza\"},\"image\":{\"@id\":\"https:\/\/www.pressenza.com\/pt-pt\/#\/schema\/logo\/image\/\"},\"sameAs\":[\"https:\/\/www.facebook.com\/PressenzaItalia\",\"https:\/\/x.com\/PressenzaIPA\"]},{\"@type\":\"Person\",\"@id\":\"https:\/\/www.pressenza.com\/pt-pt\/#\/schema\/person\/6925e927f8ff3a0cdb838320c5d12259\",\"name\":\"Reda\u00e7\u00e3o Rio de Janeiro\",\"description\":\"News published by the Pressenza bureau in Rio de Janeiro, Brazil\",\"url\":\"https:\/\/www.pressenza.com\/pt-pt\/author\/redacao-rio-de-janeiro\/\"}]}<\/script>\n<!-- \/ Yoast SEO plugin. -->","yoast_head_json":{"title":"Fattorelli exp\u00f5e erros da Reforma Administrativa (PEC 32) em semin\u00e1rio da CSB","description":"ECONOMIA &nbsp; &nbsp; Por Auditoria Cidad\u00e3 da D\u00edvida &nbsp; &nbsp; A coordenadora nacional da Auditoria Cidad\u00e3 da D\u00edvida foi uma das participantes do","robots":{"index":"index","follow":"follow","max-snippet":"max-snippet:-1","max-image-preview":"max-image-preview:large","max-video-preview":"max-video-preview:-1"},"canonical":"https:\/\/www.pressenza.com\/pt-pt\/2021\/04\/fattorelli-expoe-erros-da-reforma-administrativa-pec-32-em-seminario-da-csb\/","og_locale":"pt_PT","og_type":"article","og_title":"Fattorelli exp\u00f5e erros da Reforma Administrativa (PEC 32) em semin\u00e1rio da CSB","og_description":"ECONOMIA &nbsp; &nbsp; Por Auditoria Cidad\u00e3 da D\u00edvida &nbsp; &nbsp; A coordenadora nacional da Auditoria Cidad\u00e3 da D\u00edvida foi uma das participantes do","og_url":"https:\/\/www.pressenza.com\/pt-pt\/2021\/04\/fattorelli-expoe-erros-da-reforma-administrativa-pec-32-em-seminario-da-csb\/","og_site_name":"Pressenza","article_publisher":"https:\/\/www.facebook.com\/PressenzaItalia","article_published_time":"2021-04-09T17:15:07+00:00","og_image":[{"width":640,"height":426,"url":"https:\/\/www.pressenza.com\/wp-content\/uploads\/2021\/04\/currency-2224748_640.jpg","type":"image\/jpeg"}],"author":"Reda\u00e7\u00e3o Rio de Janeiro","twitter_card":"summary_large_image","twitter_creator":"@PressenzaIPA","twitter_site":"@PressenzaIPA","twitter_misc":{"Escrito por":"Reda\u00e7\u00e3o Rio de Janeiro","Tempo estimado de leitura":"1 minuto"},"schema":{"@context":"https:\/\/schema.org","@graph":[{"@type":"Article","@id":"https:\/\/www.pressenza.com\/pt-pt\/2021\/04\/fattorelli-expoe-erros-da-reforma-administrativa-pec-32-em-seminario-da-csb\/#article","isPartOf":{"@id":"https:\/\/www.pressenza.com\/pt-pt\/2021\/04\/fattorelli-expoe-erros-da-reforma-administrativa-pec-32-em-seminario-da-csb\/"},"author":{"name":"Reda\u00e7\u00e3o Rio de Janeiro","@id":"https:\/\/www.pressenza.com\/pt-pt\/#\/schema\/person\/6925e927f8ff3a0cdb838320c5d12259"},"headline":"Fattorelli exp\u00f5e erros da Reforma Administrativa (PEC 32) em semin\u00e1rio da CSB","datePublished":"2021-04-09T17:15:07+00:00","mainEntityOfPage":{"@id":"https:\/\/www.pressenza.com\/pt-pt\/2021\/04\/fattorelli-expoe-erros-da-reforma-administrativa-pec-32-em-seminario-da-csb\/"},"wordCount":229,"publisher":{"@id":"https:\/\/www.pressenza.com\/pt-pt\/#organization"},"image":{"@id":"https:\/\/www.pressenza.com\/pt-pt\/2021\/04\/fattorelli-expoe-erros-da-reforma-administrativa-pec-32-em-seminario-da-csb\/#primaryimage"},"thumbnailUrl":"https:\/\/www.pressenza.com\/wp-content\/uploads\/2021\/04\/currency-2224748_640.jpg","keywords":["auditoria cidada da divida","economia","Maria Lucia Fattorelli","PEC 32"],"articleSection":["\u00c1m\u00e9rica do Sul","Conte\u00fado Original","Economia","Internacional","Opini\u00e3o","Pol\u00edtica"],"inLanguage":"pt-PT"},{"@type":"WebPage","@id":"https:\/\/www.pressenza.com\/pt-pt\/2021\/04\/fattorelli-expoe-erros-da-reforma-administrativa-pec-32-em-seminario-da-csb\/","url":"https:\/\/www.pressenza.com\/pt-pt\/2021\/04\/fattorelli-expoe-erros-da-reforma-administrativa-pec-32-em-seminario-da-csb\/","name":"Fattorelli exp\u00f5e erros da Reforma Administrativa (PEC 32) em semin\u00e1rio da CSB","isPartOf":{"@id":"https:\/\/www.pressenza.com\/pt-pt\/#website"},"primaryImageOfPage":{"@id":"https:\/\/www.pressenza.com\/pt-pt\/2021\/04\/fattorelli-expoe-erros-da-reforma-administrativa-pec-32-em-seminario-da-csb\/#primaryimage"},"image":{"@id":"https:\/\/www.pressenza.com\/pt-pt\/2021\/04\/fattorelli-expoe-erros-da-reforma-administrativa-pec-32-em-seminario-da-csb\/#primaryimage"},"thumbnailUrl":"https:\/\/www.pressenza.com\/wp-content\/uploads\/2021\/04\/currency-2224748_640.jpg","datePublished":"2021-04-09T17:15:07+00:00","description":"ECONOMIA &nbsp; &nbsp; Por Auditoria Cidad\u00e3 da D\u00edvida &nbsp; &nbsp; A coordenadora nacional da Auditoria Cidad\u00e3 da D\u00edvida foi uma das participantes do","breadcrumb":{"@id":"https:\/\/www.pressenza.com\/pt-pt\/2021\/04\/fattorelli-expoe-erros-da-reforma-administrativa-pec-32-em-seminario-da-csb\/#breadcrumb"},"inLanguage":"pt-PT","potentialAction":[{"@type":"ReadAction","target":["https:\/\/www.pressenza.com\/pt-pt\/2021\/04\/fattorelli-expoe-erros-da-reforma-administrativa-pec-32-em-seminario-da-csb\/"]}]},{"@type":"ImageObject","inLanguage":"pt-PT","@id":"https:\/\/www.pressenza.com\/pt-pt\/2021\/04\/fattorelli-expoe-erros-da-reforma-administrativa-pec-32-em-seminario-da-csb\/#primaryimage","url":"https:\/\/www.pressenza.com\/wp-content\/uploads\/2021\/04\/currency-2224748_640.jpg","contentUrl":"https:\/\/www.pressenza.com\/wp-content\/uploads\/2021\/04\/currency-2224748_640.jpg","width":640,"height":426},{"@type":"BreadcrumbList","@id":"https:\/\/www.pressenza.com\/pt-pt\/2021\/04\/fattorelli-expoe-erros-da-reforma-administrativa-pec-32-em-seminario-da-csb\/#breadcrumb","itemListElement":[{"@type":"ListItem","position":1,"name":"Accueil","item":"https:\/\/www.pressenza.com\/pt-pt\/"},{"@type":"ListItem","position":2,"name":"Fattorelli exp\u00f5e erros da Reforma Administrativa (PEC 32) em semin\u00e1rio da CSB"}]},{"@type":"WebSite","@id":"https:\/\/www.pressenza.com\/pt-pt\/#website","url":"https:\/\/www.pressenza.com\/pt-pt\/","name":"Pressenza","description":"International Press Agency","publisher":{"@id":"https:\/\/www.pressenza.com\/pt-pt\/#organization"},"potentialAction":[{"@type":"SearchAction","target":{"@type":"EntryPoint","urlTemplate":"https:\/\/www.pressenza.com\/pt-pt\/?s={search_term_string}"},"query-input":{"@type":"PropertyValueSpecification","valueRequired":true,"valueName":"search_term_string"}}],"inLanguage":"pt-PT"},{"@type":"Organization","@id":"https:\/\/www.pressenza.com\/pt-pt\/#organization","name":"Pressenza","url":"https:\/\/www.pressenza.com\/pt-pt\/","logo":{"@type":"ImageObject","inLanguage":"pt-PT","@id":"https:\/\/www.pressenza.com\/pt-pt\/#\/schema\/logo\/image\/","url":"https:\/\/www.pressenza.com\/wp-content\/uploads\/2022\/10\/pressenza_logo_200x200.jpg","contentUrl":"https:\/\/www.pressenza.com\/wp-content\/uploads\/2022\/10\/pressenza_logo_200x200.jpg","width":200,"height":200,"caption":"Pressenza"},"image":{"@id":"https:\/\/www.pressenza.com\/pt-pt\/#\/schema\/logo\/image\/"},"sameAs":["https:\/\/www.facebook.com\/PressenzaItalia","https:\/\/x.com\/PressenzaIPA"]},{"@type":"Person","@id":"https:\/\/www.pressenza.com\/pt-pt\/#\/schema\/person\/6925e927f8ff3a0cdb838320c5d12259","name":"Reda\u00e7\u00e3o Rio de Janeiro","description":"News published by the Pressenza bureau in Rio de Janeiro, Brazil","url":"https:\/\/www.pressenza.com\/pt-pt\/author\/redacao-rio-de-janeiro\/"}]}},"place":"","original_article_url":"","_links":{"self":[{"href":"https:\/\/www.pressenza.com\/pt-pt\/wp-json\/wp\/v2\/posts\/1337711","targetHints":{"allow":["GET"]}}],"collection":[{"href":"https:\/\/www.pressenza.com\/pt-pt\/wp-json\/wp\/v2\/posts"}],"about":[{"href":"https:\/\/www.pressenza.com\/pt-pt\/wp-json\/wp\/v2\/types\/post"}],"author":[{"embeddable":true,"href":"https:\/\/www.pressenza.com\/pt-pt\/wp-json\/wp\/v2\/users\/1685"}],"replies":[{"embeddable":true,"href":"https:\/\/www.pressenza.com\/pt-pt\/wp-json\/wp\/v2\/comments?post=1337711"}],"version-history":[{"count":0,"href":"https:\/\/www.pressenza.com\/pt-pt\/wp-json\/wp\/v2\/posts\/1337711\/revisions"}],"wp:featuredmedia":[{"embeddable":true,"href":"https:\/\/www.pressenza.com\/pt-pt\/wp-json\/wp\/v2\/media\/1337715"}],"wp:attachment":[{"href":"https:\/\/www.pressenza.com\/pt-pt\/wp-json\/wp\/v2\/media?parent=1337711"}],"wp:term":[{"taxonomy":"category","embeddable":true,"href":"https:\/\/www.pressenza.com\/pt-pt\/wp-json\/wp\/v2\/categories?post=1337711"},{"taxonomy":"post_tag","embeddable":true,"href":"https:\/\/www.pressenza.com\/pt-pt\/wp-json\/wp\/v2\/tags?post=1337711"}],"curies":[{"name":"wp","href":"https:\/\/api.w.org\/{rel}","templated":true}]}}