{"id":1336791,"date":"2021-04-08T14:31:40","date_gmt":"2021-04-08T13:31:40","guid":{"rendered":"https:\/\/www.pressenza.com\/?p=1336791"},"modified":"2021-04-08T14:31:40","modified_gmt":"2021-04-08T13:31:40","slug":"a-violencia-sem-freio-na-colombia","status":"publish","type":"post","link":"https:\/\/www.pressenza.com\/pt-pt\/2021\/04\/a-violencia-sem-freio-na-colombia\/","title":{"rendered":"A viol\u00eancia sem freio na Col\u00f4mbia"},"content":{"rendered":"<p class=\"P68B1DB1-Normal4\" style=\"margin-bottom: 11.25pt; line-height: normal;\"><strong>Por Stephan\u00eda Aldana Cabas<\/strong><\/p>\n<p><em>Em 13 dias, tr\u00eas l\u00edderes ind\u00edgenas foram assassinados e tr\u00eas massacres foram perpetrados por agentes armados ilegais. <\/em><\/p>\n<p>Os massacres e assassinatos na Col\u00f4mbia n\u00e3o param durante 2021. Segundo dados do Indepaz (Instituto de Estudos para o Desenvolvimento e a Paz), entre 18 de fevereiro e 2 de mar\u00e7o, ocorreram tr\u00eas massacres e tr\u00eas l\u00edderes sociais (dois homens e uma mulher) foram assassinados.<\/p>\n<p>Os n\u00fameros elevados que v\u00e3o at\u00e9 agora, em 2021, deixaram 27 l\u00edderes sociais e defensores dos direitos humanos e 9 signat\u00e1rios da paz assassinados, em crimes perpetrados por grupos armados irregulares.<\/p>\n<p><strong>No meio da guerra<\/strong><\/p>\n<p>Luz Ayda Conchave Lana, l\u00edder ind\u00edgena da comunidade Miacora, foi assassinada durante os confrontos armados entre o Ex\u00e9rcito de Liberta\u00e7\u00e3o Nacional (ELN) e as For\u00e7as de Autodefesa Gaitanistas da Col\u00f4mbia (AGC), em Alto Baud\u00f3, departamento de Choc\u00f3, em 19 de fevereiro de 2021.<\/p>\n<p>Ap\u00f3s o assassinato da l\u00edder Conchave Lana, tiraram a vida de Alejandro Man\u00fagama, m\u00e9dico tradicional e guarda ind\u00edgena da comunidade de Ceved\u00e9, em Bagad\u00f3, Choc\u00f3. Diante desses dois assassinatos, o l\u00edder e membro da Comiss\u00e3o da Verdade, Leyner Palacios, indicou que \u201cem Baudo Choc\u00f3 crian\u00e7as, mulheres e adultos sofrem as consequ\u00eancias da guerra\u201d. E acrescentou que \u201ce o governo n\u00e3o deu conta em proteger as comunidades ind\u00edgenas e afrodescendentes\u201d.<\/p>\n<p>A essas declara\u00e7\u00f5es, juntou-se a do Governo Maior das Autoridades Ind\u00edgenas Tradicionais da Col\u00f4mbia, que denunciou o exterm\u00ednio f\u00edsico e cultural dos povos ind\u00edgenas atrav\u00e9s dos assassinatos seletivos de seus l\u00edderes, autoridades ancestrais e m\u00e9dicos tradicionais; sem contar no deslocamento e recrutamento for\u00e7ados, ass\u00e9dio, confinamento e implanta\u00e7\u00e3o de minas antipessoal. Por esse motivo, a Autoridade Ind\u00edgena apelou \u00e0s autoridades nacionais e internacionais para que ajudem as pessoas afetadas.<\/p>\n<p>Grupos armados haviam restringido a mobilidade de Marcos Pa\u00ed, ex-governador ind\u00edgena da reserva La Brava, pertencente \u00e0 comunidade Awa; ele foi interceptado, torturado e, posteriormente, morto por um grupo armado ilegal, em 21 de fevereiro de 2021, no munic\u00edpio de Tumaco, departamento de Nari\u00f1o, no sul do pa\u00eds.<\/p>\n<p>O l\u00edder ind\u00edgena de 40 anos, que estava acompanhado da esposa e dois filhos, um deles menor, parece ter violado a restri\u00e7\u00e3o de mobilidade imposta pelo grupo armado irregular que controla a \u00e1rea. Segundo dados da Organiza\u00e7\u00e3o Nacional Ind\u00edgena da Col\u00f4mbia (ONIC), esposa e filhos sobreviveram ao ocorrido.<\/p>\n<p><strong>Fiscal ind\u00edgena assassinado<\/strong><\/p>\n<p>Em menos de uma semana, em 24 de fevereiro de 2021, um segundo l\u00edder da comunidade ind\u00edgena Aw\u00e1 foi assassinado. Trata-se de Jhon Pai Pascal, que foi procurador do Conselho de Piguamb\u00ed Palangala, localizado na comunidade de Llorente, munic\u00edpio de Tumaco, Nari\u00f1o.<\/p>\n<p>As Autoridades Ind\u00edgenas do Povo Aw\u00e1 indicaram que \u201chomens armados chegaram por volta do meio-dia, ao interior da prefeitura onde estava Jhon Pai, e o mataram ap\u00f3s atirar nele v\u00e1rias vezes\u201d.<\/p>\n<p>Com o assassinato do procurador do Conselho de Piguamb\u00ed Palangala, 27 l\u00edderes e defensores dos direitos humanos perderam a vida at\u00e9 agora, em 2021, nas m\u00e3os de grupos armados ilegais; enquanto 1143 \u00e9 o n\u00famero de homic\u00eddios registrados pelo Indepaz. Pessoas que perderam a vida lutando pelos direitos das comunidades na Col\u00f4mbia, desde a assinatura do Acordo de Paz, em 2016.<\/p>\n<p><strong>Os massacres n\u00e3o param<\/strong><\/p>\n<p>No per\u00edodo entre 18 de fevereiro e 2 de mar\u00e7o de 2021, ocorreram tr\u00eas massacres, nos quais 14 pessoas foram mortas. Esses eventos elevam o n\u00famero para 58 o n\u00famero de mortos em 15 massacres este ano. Os departamentos onde a maioria dos casos ocorreram s\u00e3o Antioquia, Cauca, Nari\u00f1o, Valle del Cauca e La Guajira.<\/p>\n<p>\u00c9 importante destacar que, esse ano, ocorreram dois massacres mais do que em 2020, o que disparou o alarme de organiza\u00e7\u00f5es internacionais de direitos humanos, como o Escrit\u00f3rio designado para os Direitos Humanos da Organiza\u00e7\u00e3o das Na\u00e7\u00f5es Unidas, conforme indicado por Michelle Bachelet perante o Conselho de Direitos Humanos das Na\u00e7\u00f5es Unidas, em Genebra, em 25 de fevereiro de 2021.<\/p>\n<hr \/>\n<p><em>Traduzido do espanhol por Mercia Santos \/ Revisado por Gra\u00e7a Pinheiro<\/em><\/p>\n","protected":false},"excerpt":{"rendered":"<p>Por Stephan\u00eda Aldana Cabas Em 13 dias, tr\u00eas l\u00edderes ind\u00edgenas foram assassinados e tr\u00eas massacres foram perpetrados por agentes armados ilegais. Os massacres e assassinatos na Col\u00f4mbia n\u00e3o param durante 2021. Segundo dados do Indepaz (Instituto de Estudos para o&hellip;<\/p>\n","protected":false},"author":1053,"featured_media":1308182,"comment_status":"closed","ping_status":"closed","sticky":false,"template":"","format":"standard","meta":{"footnotes":""},"categories":[104,11390,116],"tags":[76899,5861,78861,89527,89526,2887],"class_list":["post-1336791","post","type-post","status-publish","format-standard","has-post-thumbnail","hentry","category-america-do-sul","category-conteudo-original","category-direitos-humanos","tag-afro-pt-pt","tag-colombia-pt-pt","tag-lideres-sociais","tag-massacres-pt-pt","tag-nativos-pt-pt","tag-violencia-pt-pt"],"yoast_head":"<!-- This site is optimized with the Yoast SEO plugin v27.1.1 - https:\/\/yoast.com\/product\/yoast-seo-wordpress\/ -->\n<title>A viol\u00eancia sem freio na Col\u00f4mbia<\/title>\n<meta name=\"description\" content=\"Por Stephan\u00eda Aldana Cabas Em 13 dias, tr\u00eas l\u00edderes ind\u00edgenas foram assassinados e tr\u00eas massacres foram perpetrados por agentes armados ilegais. Os\" \/>\n<meta name=\"robots\" content=\"index, follow, max-snippet:-1, max-image-preview:large, max-video-preview:-1\" \/>\n<link rel=\"canonical\" href=\"https:\/\/www.pressenza.com\/pt-pt\/2021\/04\/a-violencia-sem-freio-na-colombia\/\" \/>\n<meta property=\"og:locale\" content=\"pt_PT\" \/>\n<meta property=\"og:type\" content=\"article\" \/>\n<meta property=\"og:title\" content=\"A viol\u00eancia sem freio na Col\u00f4mbia\" \/>\n<meta property=\"og:description\" content=\"Por Stephan\u00eda Aldana Cabas Em 13 dias, tr\u00eas l\u00edderes ind\u00edgenas foram assassinados e tr\u00eas massacres foram perpetrados por agentes armados ilegais. Os\" \/>\n<meta property=\"og:url\" content=\"https:\/\/www.pressenza.com\/pt-pt\/2021\/04\/a-violencia-sem-freio-na-colombia\/\" \/>\n<meta property=\"og:site_name\" content=\"Pressenza\" \/>\n<meta property=\"article:publisher\" content=\"https:\/\/www.facebook.com\/PressenzaItalia\" \/>\n<meta property=\"article:published_time\" content=\"2021-04-08T13:31:40+00:00\" \/>\n<meta property=\"og:image\" content=\"https:\/\/www.pressenza.com\/wp-content\/uploads\/2021\/03\/QuePareElGenocidio-1.jpg\" \/>\n\t<meta property=\"og:image:width\" content=\"1280\" \/>\n\t<meta property=\"og:image:height\" content=\"590\" \/>\n\t<meta property=\"og:image:type\" content=\"image\/jpeg\" \/>\n<meta name=\"author\" content=\"Redacci\u00f3n Colombia\" \/>\n<meta name=\"twitter:card\" content=\"summary_large_image\" \/>\n<meta name=\"twitter:creator\" content=\"@PressenzaIPA\" \/>\n<meta name=\"twitter:site\" content=\"@PressenzaIPA\" \/>\n<meta name=\"twitter:label1\" content=\"Escrito por\" \/>\n\t<meta name=\"twitter:data1\" content=\"Redacci\u00f3n Colombia\" \/>\n\t<meta name=\"twitter:label2\" content=\"Tempo estimado de leitura\" \/>\n\t<meta name=\"twitter:data2\" content=\"3 minutos\" \/>\n<script type=\"application\/ld+json\" class=\"yoast-schema-graph\">{\"@context\":\"https:\/\/schema.org\",\"@graph\":[{\"@type\":\"Article\",\"@id\":\"https:\/\/www.pressenza.com\/pt-pt\/2021\/04\/a-violencia-sem-freio-na-colombia\/#article\",\"isPartOf\":{\"@id\":\"https:\/\/www.pressenza.com\/pt-pt\/2021\/04\/a-violencia-sem-freio-na-colombia\/\"},\"author\":{\"name\":\"Redacci\u00f3n Colombia\",\"@id\":\"https:\/\/www.pressenza.com\/pt-pt\/#\/schema\/person\/7c8ee170a4502d638436c91e385315f2\"},\"headline\":\"A viol\u00eancia sem freio na Col\u00f4mbia\",\"datePublished\":\"2021-04-08T13:31:40+00:00\",\"mainEntityOfPage\":{\"@id\":\"https:\/\/www.pressenza.com\/pt-pt\/2021\/04\/a-violencia-sem-freio-na-colombia\/\"},\"wordCount\":703,\"publisher\":{\"@id\":\"https:\/\/www.pressenza.com\/pt-pt\/#organization\"},\"image\":{\"@id\":\"https:\/\/www.pressenza.com\/pt-pt\/2021\/04\/a-violencia-sem-freio-na-colombia\/#primaryimage\"},\"thumbnailUrl\":\"https:\/\/www.pressenza.com\/wp-content\/uploads\/2021\/03\/QuePareElGenocidio-1.jpg\",\"keywords\":[\"afro\",\"Colombia\",\"lideres sociais\",\"massacres\",\"nativos\",\"viol\u00eancia\"],\"articleSection\":[\"\u00c1m\u00e9rica do Sul\",\"Conte\u00fado Original\",\"Direitos Humanos\"],\"inLanguage\":\"pt-PT\"},{\"@type\":\"WebPage\",\"@id\":\"https:\/\/www.pressenza.com\/pt-pt\/2021\/04\/a-violencia-sem-freio-na-colombia\/\",\"url\":\"https:\/\/www.pressenza.com\/pt-pt\/2021\/04\/a-violencia-sem-freio-na-colombia\/\",\"name\":\"A viol\u00eancia sem freio na Col\u00f4mbia\",\"isPartOf\":{\"@id\":\"https:\/\/www.pressenza.com\/pt-pt\/#website\"},\"primaryImageOfPage\":{\"@id\":\"https:\/\/www.pressenza.com\/pt-pt\/2021\/04\/a-violencia-sem-freio-na-colombia\/#primaryimage\"},\"image\":{\"@id\":\"https:\/\/www.pressenza.com\/pt-pt\/2021\/04\/a-violencia-sem-freio-na-colombia\/#primaryimage\"},\"thumbnailUrl\":\"https:\/\/www.pressenza.com\/wp-content\/uploads\/2021\/03\/QuePareElGenocidio-1.jpg\",\"datePublished\":\"2021-04-08T13:31:40+00:00\",\"description\":\"Por Stephan\u00eda Aldana Cabas Em 13 dias, tr\u00eas l\u00edderes ind\u00edgenas foram assassinados e tr\u00eas massacres foram perpetrados por agentes armados ilegais. Os\",\"breadcrumb\":{\"@id\":\"https:\/\/www.pressenza.com\/pt-pt\/2021\/04\/a-violencia-sem-freio-na-colombia\/#breadcrumb\"},\"inLanguage\":\"pt-PT\",\"potentialAction\":[{\"@type\":\"ReadAction\",\"target\":[\"https:\/\/www.pressenza.com\/pt-pt\/2021\/04\/a-violencia-sem-freio-na-colombia\/\"]}]},{\"@type\":\"ImageObject\",\"inLanguage\":\"pt-PT\",\"@id\":\"https:\/\/www.pressenza.com\/pt-pt\/2021\/04\/a-violencia-sem-freio-na-colombia\/#primaryimage\",\"url\":\"https:\/\/www.pressenza.com\/wp-content\/uploads\/2021\/03\/QuePareElGenocidio-1.jpg\",\"contentUrl\":\"https:\/\/www.pressenza.com\/wp-content\/uploads\/2021\/03\/QuePareElGenocidio-1.jpg\",\"width\":1280,\"height\":590,\"caption\":\"La violencia en Colombia sin freno\"},{\"@type\":\"BreadcrumbList\",\"@id\":\"https:\/\/www.pressenza.com\/pt-pt\/2021\/04\/a-violencia-sem-freio-na-colombia\/#breadcrumb\",\"itemListElement\":[{\"@type\":\"ListItem\",\"position\":1,\"name\":\"Accueil\",\"item\":\"https:\/\/www.pressenza.com\/pt-pt\/\"},{\"@type\":\"ListItem\",\"position\":2,\"name\":\"A viol\u00eancia sem freio na Col\u00f4mbia\"}]},{\"@type\":\"WebSite\",\"@id\":\"https:\/\/www.pressenza.com\/pt-pt\/#website\",\"url\":\"https:\/\/www.pressenza.com\/pt-pt\/\",\"name\":\"Pressenza\",\"description\":\"International Press Agency\",\"publisher\":{\"@id\":\"https:\/\/www.pressenza.com\/pt-pt\/#organization\"},\"potentialAction\":[{\"@type\":\"SearchAction\",\"target\":{\"@type\":\"EntryPoint\",\"urlTemplate\":\"https:\/\/www.pressenza.com\/pt-pt\/?s={search_term_string}\"},\"query-input\":{\"@type\":\"PropertyValueSpecification\",\"valueRequired\":true,\"valueName\":\"search_term_string\"}}],\"inLanguage\":\"pt-PT\"},{\"@type\":\"Organization\",\"@id\":\"https:\/\/www.pressenza.com\/pt-pt\/#organization\",\"name\":\"Pressenza\",\"url\":\"https:\/\/www.pressenza.com\/pt-pt\/\",\"logo\":{\"@type\":\"ImageObject\",\"inLanguage\":\"pt-PT\",\"@id\":\"https:\/\/www.pressenza.com\/pt-pt\/#\/schema\/logo\/image\/\",\"url\":\"https:\/\/www.pressenza.com\/wp-content\/uploads\/2022\/10\/pressenza_logo_200x200.jpg\",\"contentUrl\":\"https:\/\/www.pressenza.com\/wp-content\/uploads\/2022\/10\/pressenza_logo_200x200.jpg\",\"width\":200,\"height\":200,\"caption\":\"Pressenza\"},\"image\":{\"@id\":\"https:\/\/www.pressenza.com\/pt-pt\/#\/schema\/logo\/image\/\"},\"sameAs\":[\"https:\/\/www.facebook.com\/PressenzaItalia\",\"https:\/\/x.com\/PressenzaIPA\"]},{\"@type\":\"Person\",\"@id\":\"https:\/\/www.pressenza.com\/pt-pt\/#\/schema\/person\/7c8ee170a4502d638436c91e385315f2\",\"name\":\"Redacci\u00f3n Colombia\",\"description\":\"News published by the Pressenza bureau in Colombia\",\"url\":\"https:\/\/www.pressenza.com\/pt-pt\/author\/redaccion-colombia\/\"}]}<\/script>\n<!-- \/ Yoast SEO plugin. -->","yoast_head_json":{"title":"A viol\u00eancia sem freio na Col\u00f4mbia","description":"Por Stephan\u00eda Aldana Cabas Em 13 dias, tr\u00eas l\u00edderes ind\u00edgenas foram assassinados e tr\u00eas massacres foram perpetrados por agentes armados ilegais. Os","robots":{"index":"index","follow":"follow","max-snippet":"max-snippet:-1","max-image-preview":"max-image-preview:large","max-video-preview":"max-video-preview:-1"},"canonical":"https:\/\/www.pressenza.com\/pt-pt\/2021\/04\/a-violencia-sem-freio-na-colombia\/","og_locale":"pt_PT","og_type":"article","og_title":"A viol\u00eancia sem freio na Col\u00f4mbia","og_description":"Por Stephan\u00eda Aldana Cabas Em 13 dias, tr\u00eas l\u00edderes ind\u00edgenas foram assassinados e tr\u00eas massacres foram perpetrados por agentes armados ilegais. Os","og_url":"https:\/\/www.pressenza.com\/pt-pt\/2021\/04\/a-violencia-sem-freio-na-colombia\/","og_site_name":"Pressenza","article_publisher":"https:\/\/www.facebook.com\/PressenzaItalia","article_published_time":"2021-04-08T13:31:40+00:00","og_image":[{"width":1280,"height":590,"url":"https:\/\/www.pressenza.com\/wp-content\/uploads\/2021\/03\/QuePareElGenocidio-1.jpg","type":"image\/jpeg"}],"author":"Redacci\u00f3n Colombia","twitter_card":"summary_large_image","twitter_creator":"@PressenzaIPA","twitter_site":"@PressenzaIPA","twitter_misc":{"Escrito por":"Redacci\u00f3n Colombia","Tempo estimado de leitura":"3 minutos"},"schema":{"@context":"https:\/\/schema.org","@graph":[{"@type":"Article","@id":"https:\/\/www.pressenza.com\/pt-pt\/2021\/04\/a-violencia-sem-freio-na-colombia\/#article","isPartOf":{"@id":"https:\/\/www.pressenza.com\/pt-pt\/2021\/04\/a-violencia-sem-freio-na-colombia\/"},"author":{"name":"Redacci\u00f3n Colombia","@id":"https:\/\/www.pressenza.com\/pt-pt\/#\/schema\/person\/7c8ee170a4502d638436c91e385315f2"},"headline":"A viol\u00eancia sem freio na Col\u00f4mbia","datePublished":"2021-04-08T13:31:40+00:00","mainEntityOfPage":{"@id":"https:\/\/www.pressenza.com\/pt-pt\/2021\/04\/a-violencia-sem-freio-na-colombia\/"},"wordCount":703,"publisher":{"@id":"https:\/\/www.pressenza.com\/pt-pt\/#organization"},"image":{"@id":"https:\/\/www.pressenza.com\/pt-pt\/2021\/04\/a-violencia-sem-freio-na-colombia\/#primaryimage"},"thumbnailUrl":"https:\/\/www.pressenza.com\/wp-content\/uploads\/2021\/03\/QuePareElGenocidio-1.jpg","keywords":["afro","Colombia","lideres sociais","massacres","nativos","viol\u00eancia"],"articleSection":["\u00c1m\u00e9rica do Sul","Conte\u00fado Original","Direitos Humanos"],"inLanguage":"pt-PT"},{"@type":"WebPage","@id":"https:\/\/www.pressenza.com\/pt-pt\/2021\/04\/a-violencia-sem-freio-na-colombia\/","url":"https:\/\/www.pressenza.com\/pt-pt\/2021\/04\/a-violencia-sem-freio-na-colombia\/","name":"A viol\u00eancia sem freio na Col\u00f4mbia","isPartOf":{"@id":"https:\/\/www.pressenza.com\/pt-pt\/#website"},"primaryImageOfPage":{"@id":"https:\/\/www.pressenza.com\/pt-pt\/2021\/04\/a-violencia-sem-freio-na-colombia\/#primaryimage"},"image":{"@id":"https:\/\/www.pressenza.com\/pt-pt\/2021\/04\/a-violencia-sem-freio-na-colombia\/#primaryimage"},"thumbnailUrl":"https:\/\/www.pressenza.com\/wp-content\/uploads\/2021\/03\/QuePareElGenocidio-1.jpg","datePublished":"2021-04-08T13:31:40+00:00","description":"Por Stephan\u00eda Aldana Cabas Em 13 dias, tr\u00eas l\u00edderes ind\u00edgenas foram assassinados e tr\u00eas massacres foram perpetrados por agentes armados ilegais. Os","breadcrumb":{"@id":"https:\/\/www.pressenza.com\/pt-pt\/2021\/04\/a-violencia-sem-freio-na-colombia\/#breadcrumb"},"inLanguage":"pt-PT","potentialAction":[{"@type":"ReadAction","target":["https:\/\/www.pressenza.com\/pt-pt\/2021\/04\/a-violencia-sem-freio-na-colombia\/"]}]},{"@type":"ImageObject","inLanguage":"pt-PT","@id":"https:\/\/www.pressenza.com\/pt-pt\/2021\/04\/a-violencia-sem-freio-na-colombia\/#primaryimage","url":"https:\/\/www.pressenza.com\/wp-content\/uploads\/2021\/03\/QuePareElGenocidio-1.jpg","contentUrl":"https:\/\/www.pressenza.com\/wp-content\/uploads\/2021\/03\/QuePareElGenocidio-1.jpg","width":1280,"height":590,"caption":"La violencia en Colombia sin freno"},{"@type":"BreadcrumbList","@id":"https:\/\/www.pressenza.com\/pt-pt\/2021\/04\/a-violencia-sem-freio-na-colombia\/#breadcrumb","itemListElement":[{"@type":"ListItem","position":1,"name":"Accueil","item":"https:\/\/www.pressenza.com\/pt-pt\/"},{"@type":"ListItem","position":2,"name":"A viol\u00eancia sem freio na Col\u00f4mbia"}]},{"@type":"WebSite","@id":"https:\/\/www.pressenza.com\/pt-pt\/#website","url":"https:\/\/www.pressenza.com\/pt-pt\/","name":"Pressenza","description":"International Press Agency","publisher":{"@id":"https:\/\/www.pressenza.com\/pt-pt\/#organization"},"potentialAction":[{"@type":"SearchAction","target":{"@type":"EntryPoint","urlTemplate":"https:\/\/www.pressenza.com\/pt-pt\/?s={search_term_string}"},"query-input":{"@type":"PropertyValueSpecification","valueRequired":true,"valueName":"search_term_string"}}],"inLanguage":"pt-PT"},{"@type":"Organization","@id":"https:\/\/www.pressenza.com\/pt-pt\/#organization","name":"Pressenza","url":"https:\/\/www.pressenza.com\/pt-pt\/","logo":{"@type":"ImageObject","inLanguage":"pt-PT","@id":"https:\/\/www.pressenza.com\/pt-pt\/#\/schema\/logo\/image\/","url":"https:\/\/www.pressenza.com\/wp-content\/uploads\/2022\/10\/pressenza_logo_200x200.jpg","contentUrl":"https:\/\/www.pressenza.com\/wp-content\/uploads\/2022\/10\/pressenza_logo_200x200.jpg","width":200,"height":200,"caption":"Pressenza"},"image":{"@id":"https:\/\/www.pressenza.com\/pt-pt\/#\/schema\/logo\/image\/"},"sameAs":["https:\/\/www.facebook.com\/PressenzaItalia","https:\/\/x.com\/PressenzaIPA"]},{"@type":"Person","@id":"https:\/\/www.pressenza.com\/pt-pt\/#\/schema\/person\/7c8ee170a4502d638436c91e385315f2","name":"Redacci\u00f3n Colombia","description":"News published by the Pressenza bureau in Colombia","url":"https:\/\/www.pressenza.com\/pt-pt\/author\/redaccion-colombia\/"}]}},"place":"Bogot\u00e1","original_article_url":"","_links":{"self":[{"href":"https:\/\/www.pressenza.com\/pt-pt\/wp-json\/wp\/v2\/posts\/1336791","targetHints":{"allow":["GET"]}}],"collection":[{"href":"https:\/\/www.pressenza.com\/pt-pt\/wp-json\/wp\/v2\/posts"}],"about":[{"href":"https:\/\/www.pressenza.com\/pt-pt\/wp-json\/wp\/v2\/types\/post"}],"author":[{"embeddable":true,"href":"https:\/\/www.pressenza.com\/pt-pt\/wp-json\/wp\/v2\/users\/1053"}],"replies":[{"embeddable":true,"href":"https:\/\/www.pressenza.com\/pt-pt\/wp-json\/wp\/v2\/comments?post=1336791"}],"version-history":[{"count":0,"href":"https:\/\/www.pressenza.com\/pt-pt\/wp-json\/wp\/v2\/posts\/1336791\/revisions"}],"wp:featuredmedia":[{"embeddable":true,"href":"https:\/\/www.pressenza.com\/pt-pt\/wp-json\/wp\/v2\/media\/1308182"}],"wp:attachment":[{"href":"https:\/\/www.pressenza.com\/pt-pt\/wp-json\/wp\/v2\/media?parent=1336791"}],"wp:term":[{"taxonomy":"category","embeddable":true,"href":"https:\/\/www.pressenza.com\/pt-pt\/wp-json\/wp\/v2\/categories?post=1336791"},{"taxonomy":"post_tag","embeddable":true,"href":"https:\/\/www.pressenza.com\/pt-pt\/wp-json\/wp\/v2\/tags?post=1336791"}],"curies":[{"name":"wp","href":"https:\/\/api.w.org\/{rel}","templated":true}]}}