{"id":1331905,"date":"2021-03-31T18:46:58","date_gmt":"2021-03-31T17:46:58","guid":{"rendered":"https:\/\/www.pressenza.com\/?p=1331905"},"modified":"2021-03-31T18:46:58","modified_gmt":"2021-03-31T17:46:58","slug":"economia-norte-americana-se-destaca-por-gerar-enorme-desigualdade","status":"publish","type":"post","link":"https:\/\/www.pressenza.com\/pt-pt\/2021\/03\/economia-norte-americana-se-destaca-por-gerar-enorme-desigualdade\/","title":{"rendered":"Economia norte-americana se destaca por gerar enorme desigualdade"},"content":{"rendered":"<p><strong>Resolver a desigualdade extrema do capitalismo norte-americano exige uma mudan\u00e7a sist\u00eamica: o fim do capitalismo que op\u00f5e empregadores e empregados.<\/strong><\/p>\n<p>Por Richard D. Wolff<\/p>\n<p>Para compreender a magnitude da desigualdade econ\u00f4mica dos Estados Unidos nos \u00faltimos anos, considere seus dois principais \u00edndices do mercado de a\u00e7\u00f5es: o Standard and Poor (S&amp;P) 500 e o Nasdaq. Nos \u00faltimos 10 anos, os valores das a\u00e7\u00f5es listadas neles cresceram espetacularmente. O S&amp;P 500 foi de cerca de 1.300 pontos para mais de 3.800, quase triplicando, e o \u00edndice Nasdaq, no mesmo per\u00edodo, passou de 2.800 pontos para 13.000, mais do que quadruplicando. Para os 10% de norte-americanos que det\u00eam 80% das a\u00e7\u00f5es e t\u00edtulos, o per\u00edodo foi bom, enquanto o sal\u00e1rio semanal m\u00e9dio real, em contraste, subiu <u><a href=\"https:\/\/www.bls.gov\/news.release\/pdf\/wkyeng.pdf\" target=\"_blank\" rel=\"noopener\">pouco mais de 10%<\/a><\/u> ao longo dos mesmos <u><a href=\"https:\/\/fred.stlouisfed.org\/graph\/?g=Atug\" target=\"_blank\" rel=\"noopener\">10 anos<\/a><\/u>. O sal\u00e1rio m\u00ednimo real sofreu uma diminui\u00e7\u00e3o, dado que a infla\u00e7\u00e3o reduziu o seu valor nominal de 7,25 d\u00f3lares por hora, oficialmente fixado e mantido a esse n\u00edvel desde 2009.<\/p>\n<p>Todos os outros par\u00e2metros relevantes tamb\u00e9m mostram que a desigualdade econ\u00f4mica nos Estados Unidos continuou piorando no \u00faltimo meio s\u00e9culo. Isso aconteceu apesar de todas as \u201cpreocupa\u00e7\u00f5es\u201d com a desigualdade, as quais foram expressas publicamente, ao longo dos anos, por muitos pol\u00edticos pertencentes ao <em>establishment<\/em> (incluindo alguns que fazem parte da nova administra\u00e7\u00e3o Biden), jornalistas e acad\u00eamicos. A desigualdade se agravou com as crises capitalistas ap\u00f3s 1970, assim como com os tr\u00eas <em>crashes<\/em> deste s\u00e9culo (2000, 2008 e 2020). Nem mesmo uma terr\u00edvel pandemia provocou um exame de consci\u00eancia ou pol\u00edticas adequadas para impedir, muito menos reverter, a cont\u00ednua redistribui\u00e7\u00e3o de renda e riqueza para cima.<\/p>\n<p>Nenhuma teoria econ\u00f4mica avan\u00e7ada \u00e9 necess\u00e1ria para compreender que divis\u00f5es, amargura, ressentimento e raiva ir\u00e3o emergir de uma brecha que tem aumentado de forma persistente entre os que t\u00eam e os que n\u00e3o t\u00eam. Entre os milh\u00f5es que buscam explica\u00e7\u00f5es, muitos se tornam presas dos que culpam bodes expiat\u00f3rios. Os supremacistas brancos culpam os negros e as pessoas n\u00e3o brancas; os nativistas (que se autodenominam \u201cpatriotas\u201d ou \u201cnacionalistas\u201d) apontam para os imigrantes e parceiros comerciais estrangeiros; os fundamentalistas culpam os menos fervorosos e especialmente os n\u00e3o religiosos; os fascistas tentam unir esses movimentos com os pequenos empres\u00e1rios amea\u00e7ados economicamente, trabalhadores desempregados e pessoas marginalizadas socialmente, para formar uma forte coaliz\u00e3o pol\u00edtica. Os fascistas tiraram proveito de Trump para auxiliar seus esfor\u00e7os.<\/p>\n<p>A hist\u00f3ria dos Estados Unidos adiciona acidez especial \u00e0 busca por explica\u00e7\u00f5es. O argumento dominante a favor do capitalismo no s\u00e9culo XX, ap\u00f3s a Grande Depress\u00e3o dos anos 1930, era que ele &#8220;gerou uma grande classe m\u00e9dia&#8221;. Os sal\u00e1rios reais nos EUA aumentaram mesmo durante a Depress\u00e3o e eram, no geral, mais altos do que no resto do mundo, especialmente se comparados aos da antiga Uni\u00e3o Sovi\u00e9tica (URSS). Os altos sal\u00e1rios mostravam a superioridade do capitalismo norte-americano, de acordo com os apologistas do sistema na pol\u00edtica, no jornalismo e na academia. A destrui\u00e7\u00e3o daquela classe m\u00e9dia, no final do s\u00e9culo XX e no novo s\u00e9culo, foi especialmente dolorosa para aqueles que haviam acreditado naquelas ideias.<\/p>\n<p>Certamente, a Grande Depress\u00e3o e suas consequ\u00eancias reduziram significativamente a desigualdade, permitindo que tal defesa do capitalismo tivesse alguma apar\u00eancia de validade. Entretanto, para que essa defesa fosse persuasiva, dois fatos precisavam ser esquecidos ou ocultados.<\/p>\n<p>O primeiro \u00e9 que a classe trabalhadora norte-americana lutou mais arduamente por mudan\u00e7as econ\u00f4micas significativas na d\u00e9cada de 1930 do que em qualquer outro momento da hist\u00f3ria dos Estados Unidos. O Congresso de Organiza\u00e7\u00f5es Industriais (CIO) organizou milh\u00f5es de trabalhadores em sindicatos, utilizando militantes de dois partidos socialistas e de um partido comunista, os quais atingiram, ent\u00e3o, seus \u00e1pices em for\u00e7as num\u00e9ricas e em influ\u00eancia social de todos os tempos. Essa foi a forma pela qual sindicatos e partidos, juntos, consolidaram-se como parte do <em>establishment<\/em>, implementando a seguridade social, o seguro-desemprego federal, o sal\u00e1rio m\u00ednimo e um enorme programa federal de empregos, todos in\u00e9ditos na hist\u00f3ria dos Estados Unidos.<\/p>\n<p>O segundo fato \u00e9 que os capitalistas, na d\u00e9cada de 1930 e posteriormente, lutaram mais do que nunca contra todo e qualquer avan\u00e7o da classe trabalhadora. O status de \u201cclasse m\u00e9dia\u201d alcan\u00e7ado por grande parte da classe trabalhadora (de forma alguma por toda ela e, especialmente, n\u00e3o pelas minorias) aconteceu apesar do capitalismo e dos capitalistas, e n\u00e3o por causa deles. Mas, certamente, reivindicar os cr\u00e9ditos pelos ganhos da classe trabalhadora, que os capitalistas tentaram, mas n\u00e3o conseguiram evitar, foi uma propaganda inteligente a favor do capitalismo.<\/p>\n<p>A redu\u00e7\u00e3o da desigualdade econ\u00f4mica dos Estados Unidos, alcan\u00e7ada at\u00e9 ent\u00e3o, mostrou-se tempor\u00e1ria e se desfez ap\u00f3s 1945. Particularmente ap\u00f3s 1970, a trajet\u00f3ria normal do capitalismo de aprofundamento da desigualdade econ\u00f4mica foi retomada e segue at\u00e9 os dias atuais. Simplificando, a estrutura b\u00e1sica de produ\u00e7\u00e3o do capitalismo \u2014 como ele organiza suas empresas \u2014 posicionou os capitalistas de forma com que revertessem a redu\u00e7\u00e3o da desigualdade econ\u00f4mica alcan\u00e7ada pelo <em>New Deal<\/em>. Grande parte daquela classe m\u00e9dia norte-americana tempor\u00e1ria j\u00e1 se foi; o restante est\u00e1 desaparecendo rapidamente. Ao longo do \u00faltimo meio s\u00e9culo, o capitalismo norte-americano levou a desigualdade aos extremos em que se encontra atualmente. N\u00e3o \u00e9 de se espantar que a popula\u00e7\u00e3o, uma vez persuadida a apoiar o capitalismo, j\u00e1 que ele havia fomentado uma classe m\u00e9dia, agora tenha motivos para question\u00e1-lo.<\/p>\n<p>Nas empresas capitalistas, somente uma minoria das pessoas envolvidas ocupam posi\u00e7\u00f5es de lideran\u00e7a, comando e controle. O propriet\u00e1rio, a sua fam\u00edlia, os diretores ou os principais acionistas fazem parte dessa minoria: a classe dos empregadores; no lado oposto est\u00e1 a grande maioria: a classe dos empregados.<\/p>\n<p>A classe empregadora, exclusivamente, determina o que a empresa produz, quais tecnologias utiliza, onde ocorre a produ\u00e7\u00e3o e o que \u00e9 feito com a sua receita l\u00edquida; j\u00e1 a classe empregada tem de viver com as consequ\u00eancias das decis\u00f5es dos empregadores, das quais est\u00e1 exclu\u00edda. A classe empregadora usa sua posi\u00e7\u00e3o de superioridade nas empresas para distribuir os lucros, em parte, para enriquecimento pr\u00f3prio (por meio de dividendos e pacotes de remunera\u00e7\u00e3o de executivos de alto escal\u00e3o), utilizando uma parcela desse lucro para comprar e controlar pol\u00edticos. O objetivo \u00e9 evitar que o sufr\u00e1gio universal mova o sistema econ\u00f4mico para al\u00e9m do capitalismo e da desigualdade econ\u00f4mica que ele reproduz.<\/p>\n<p>O aprofundamento da desigualdade nos Estados Unidos deriva diretamente dessa organiza\u00e7\u00e3o capitalista de produ\u00e7\u00e3o \u2014 seu sistema de classes. Ocasionalmente, em circunst\u00e2ncias excepcionais, movimentos sociais rebeldes obt\u00eam revers\u00f5es dessa desigualdade. No entanto, se tais movimentos n\u00e3o mudarem a organiza\u00e7\u00e3o capitalista de produ\u00e7\u00e3o, os capitalistas tornar\u00e3o essas revers\u00f5es tempor\u00e1rias.<\/p>\n<p>Resolver a desigualdade extrema do capitalismo norte-americano exige uma mudan\u00e7a sist\u00eamica: o fim do capitalismo que op\u00f5e empregadores e empregados. Se a produ\u00e7\u00e3o fosse organizada em empresas (f\u00e1bricas, escrit\u00f3rios, lojas) democratizadas \u2014 um trabalhador, um voto \u2014 como cooperativas de trabalhadores, a desigualdade econ\u00f4mica poderia ser e seria drasticamente reduzida. Decis\u00f5es democr\u00e1ticas sobre a distribui\u00e7\u00e3o das rendas individuais tomadas por todos os participantes de uma empresa teriam muito menos chances de alocar uma enorme riqueza para uma pequena minoria, \u00e0 custa da vasta maioria. A mesma l\u00f3gica utilizada para se livrar dos reis na pol\u00edtica se aplica aos empregadores nas empresas capitalistas.<\/p>\n<p><em>Este artigo foi produzido pela <a href=\"https:\/\/independentmediainstitute.org\/economy-for-all\/\" target=\"_blank\" rel=\"noopener\">Economy for All<\/a>, um projeto do Independent Media Institute.<\/em><\/p>\n<p><em>Richard D. Wolff \u00e9 professor em\u00e9rito de economia da Universidade de Massachusetts, Amherst, e professor visitante no Programa de P\u00f3s-Gradua\u00e7\u00e3o em Rela\u00e7\u00f5es Internacionais da New School University, em Nova Iorque.<\/em><\/p>\n<hr \/>\n<p><em>Traduzido do ingl\u00eas para o portugu\u00eas por Samuel Francisco \/ Revisado por Gra\u00e7a Pinheiro<\/em><\/p>\n","protected":false},"excerpt":{"rendered":"<p>Resolver a desigualdade extrema do capitalismo norte-americano exige uma mudan\u00e7a sist\u00eamica: o fim do capitalismo que op\u00f5e empregadores e empregados. Por Richard D. Wolff Para compreender a magnitude da desigualdade econ\u00f4mica dos Estados Unidos nos \u00faltimos anos, considere seus dois&hellip;<\/p>\n","protected":false},"author":1783,"featured_media":1289938,"comment_status":"closed","ping_status":"closed","sticky":false,"template":"","format":"standard","meta":{"footnotes":""},"categories":[105,118,165],"tags":[89234,6386],"class_list":["post-1331905","post","type-post","status-publish","format-standard","has-post-thumbnail","hentry","category-america-do-norte","category-economia-pt-pt","category-opiniao","tag-profwolff-pt-pt","tag-capitalismo-pt-pt"],"yoast_head":"<!-- This site is optimized with the Yoast SEO plugin v27.1.1 - https:\/\/yoast.com\/product\/yoast-seo-wordpress\/ -->\n<title>Economia norte-americana se destaca por gerar enorme desigualdade<\/title>\n<meta name=\"description\" content=\"Resolver a desigualdade extrema do capitalismo norte-americano exige uma mudan\u00e7a sist\u00eamica: o fim do capitalismo que op\u00f5e empregadores e empregados. Por\" \/>\n<meta name=\"robots\" content=\"index, follow, max-snippet:-1, max-image-preview:large, max-video-preview:-1\" \/>\n<link rel=\"canonical\" href=\"https:\/\/www.pressenza.com\/pt-pt\/2021\/03\/economia-norte-americana-se-destaca-por-gerar-enorme-desigualdade\/\" \/>\n<meta property=\"og:locale\" content=\"pt_PT\" \/>\n<meta property=\"og:type\" content=\"article\" \/>\n<meta property=\"og:title\" content=\"Economia norte-americana se destaca por gerar enorme desigualdade\" \/>\n<meta property=\"og:description\" content=\"Resolver a desigualdade extrema do capitalismo norte-americano exige uma mudan\u00e7a sist\u00eamica: o fim do capitalismo que op\u00f5e empregadores e empregados. Por\" \/>\n<meta property=\"og:url\" content=\"https:\/\/www.pressenza.com\/pt-pt\/2021\/03\/economia-norte-americana-se-destaca-por-gerar-enorme-desigualdade\/\" \/>\n<meta property=\"og:site_name\" content=\"Pressenza\" \/>\n<meta property=\"article:publisher\" content=\"https:\/\/www.facebook.com\/PressenzaItalia\" \/>\n<meta property=\"article:published_time\" content=\"2021-03-31T17:46:58+00:00\" \/>\n<meta property=\"og:image\" content=\"https:\/\/www.pressenza.com\/wp-content\/uploads\/2021\/02\/1280px-Wall-Street.jpg\" \/>\n\t<meta property=\"og:image:width\" content=\"1280\" \/>\n\t<meta property=\"og:image:height\" content=\"769\" \/>\n\t<meta property=\"og:image:type\" content=\"image\/jpeg\" \/>\n<meta name=\"author\" content=\"Independent Media Institute\" \/>\n<meta name=\"twitter:card\" content=\"summary_large_image\" \/>\n<meta name=\"twitter:creator\" content=\"@PressenzaIPA\" \/>\n<meta name=\"twitter:site\" content=\"@PressenzaIPA\" \/>\n<meta name=\"twitter:label1\" content=\"Escrito por\" \/>\n\t<meta name=\"twitter:data1\" content=\"Independent Media Institute\" \/>\n\t<meta name=\"twitter:label2\" content=\"Tempo estimado de leitura\" \/>\n\t<meta name=\"twitter:data2\" content=\"7 minutos\" \/>\n<script type=\"application\/ld+json\" class=\"yoast-schema-graph\">{\"@context\":\"https:\/\/schema.org\",\"@graph\":[{\"@type\":\"Article\",\"@id\":\"https:\/\/www.pressenza.com\/pt-pt\/2021\/03\/economia-norte-americana-se-destaca-por-gerar-enorme-desigualdade\/#article\",\"isPartOf\":{\"@id\":\"https:\/\/www.pressenza.com\/pt-pt\/2021\/03\/economia-norte-americana-se-destaca-por-gerar-enorme-desigualdade\/\"},\"author\":{\"name\":\"Independent Media Institute\",\"@id\":\"https:\/\/www.pressenza.com\/pt-pt\/#\/schema\/person\/599664ae09d1f11b2c43fa455197df6f\"},\"headline\":\"Economia norte-americana se destaca por gerar enorme desigualdade\",\"datePublished\":\"2021-03-31T17:46:58+00:00\",\"mainEntityOfPage\":{\"@id\":\"https:\/\/www.pressenza.com\/pt-pt\/2021\/03\/economia-norte-americana-se-destaca-por-gerar-enorme-desigualdade\/\"},\"wordCount\":1373,\"publisher\":{\"@id\":\"https:\/\/www.pressenza.com\/pt-pt\/#organization\"},\"image\":{\"@id\":\"https:\/\/www.pressenza.com\/pt-pt\/2021\/03\/economia-norte-americana-se-destaca-por-gerar-enorme-desigualdade\/#primaryimage\"},\"thumbnailUrl\":\"https:\/\/www.pressenza.com\/wp-content\/uploads\/2021\/02\/1280px-Wall-Street.jpg\",\"keywords\":[\"@profwolff\",\"capitalismo\"],\"articleSection\":[\"Am\u00e9rica do Norte\",\"Economia\",\"Opini\u00e3o\"],\"inLanguage\":\"pt-PT\"},{\"@type\":\"WebPage\",\"@id\":\"https:\/\/www.pressenza.com\/pt-pt\/2021\/03\/economia-norte-americana-se-destaca-por-gerar-enorme-desigualdade\/\",\"url\":\"https:\/\/www.pressenza.com\/pt-pt\/2021\/03\/economia-norte-americana-se-destaca-por-gerar-enorme-desigualdade\/\",\"name\":\"Economia norte-americana se destaca por gerar enorme desigualdade\",\"isPartOf\":{\"@id\":\"https:\/\/www.pressenza.com\/pt-pt\/#website\"},\"primaryImageOfPage\":{\"@id\":\"https:\/\/www.pressenza.com\/pt-pt\/2021\/03\/economia-norte-americana-se-destaca-por-gerar-enorme-desigualdade\/#primaryimage\"},\"image\":{\"@id\":\"https:\/\/www.pressenza.com\/pt-pt\/2021\/03\/economia-norte-americana-se-destaca-por-gerar-enorme-desigualdade\/#primaryimage\"},\"thumbnailUrl\":\"https:\/\/www.pressenza.com\/wp-content\/uploads\/2021\/02\/1280px-Wall-Street.jpg\",\"datePublished\":\"2021-03-31T17:46:58+00:00\",\"description\":\"Resolver a desigualdade extrema do capitalismo norte-americano exige uma mudan\u00e7a sist\u00eamica: o fim do capitalismo que op\u00f5e empregadores e empregados. Por\",\"breadcrumb\":{\"@id\":\"https:\/\/www.pressenza.com\/pt-pt\/2021\/03\/economia-norte-americana-se-destaca-por-gerar-enorme-desigualdade\/#breadcrumb\"},\"inLanguage\":\"pt-PT\",\"potentialAction\":[{\"@type\":\"ReadAction\",\"target\":[\"https:\/\/www.pressenza.com\/pt-pt\/2021\/03\/economia-norte-americana-se-destaca-por-gerar-enorme-desigualdade\/\"]}]},{\"@type\":\"ImageObject\",\"inLanguage\":\"pt-PT\",\"@id\":\"https:\/\/www.pressenza.com\/pt-pt\/2021\/03\/economia-norte-americana-se-destaca-por-gerar-enorme-desigualdade\/#primaryimage\",\"url\":\"https:\/\/www.pressenza.com\/wp-content\/uploads\/2021\/02\/1280px-Wall-Street.jpg\",\"contentUrl\":\"https:\/\/www.pressenza.com\/wp-content\/uploads\/2021\/02\/1280px-Wall-Street.jpg\",\"width\":1280,\"height\":769},{\"@type\":\"BreadcrumbList\",\"@id\":\"https:\/\/www.pressenza.com\/pt-pt\/2021\/03\/economia-norte-americana-se-destaca-por-gerar-enorme-desigualdade\/#breadcrumb\",\"itemListElement\":[{\"@type\":\"ListItem\",\"position\":1,\"name\":\"Accueil\",\"item\":\"https:\/\/www.pressenza.com\/pt-pt\/\"},{\"@type\":\"ListItem\",\"position\":2,\"name\":\"Economia norte-americana se destaca por gerar enorme desigualdade\"}]},{\"@type\":\"WebSite\",\"@id\":\"https:\/\/www.pressenza.com\/pt-pt\/#website\",\"url\":\"https:\/\/www.pressenza.com\/pt-pt\/\",\"name\":\"Pressenza\",\"description\":\"International Press Agency\",\"publisher\":{\"@id\":\"https:\/\/www.pressenza.com\/pt-pt\/#organization\"},\"potentialAction\":[{\"@type\":\"SearchAction\",\"target\":{\"@type\":\"EntryPoint\",\"urlTemplate\":\"https:\/\/www.pressenza.com\/pt-pt\/?s={search_term_string}\"},\"query-input\":{\"@type\":\"PropertyValueSpecification\",\"valueRequired\":true,\"valueName\":\"search_term_string\"}}],\"inLanguage\":\"pt-PT\"},{\"@type\":\"Organization\",\"@id\":\"https:\/\/www.pressenza.com\/pt-pt\/#organization\",\"name\":\"Pressenza\",\"url\":\"https:\/\/www.pressenza.com\/pt-pt\/\",\"logo\":{\"@type\":\"ImageObject\",\"inLanguage\":\"pt-PT\",\"@id\":\"https:\/\/www.pressenza.com\/pt-pt\/#\/schema\/logo\/image\/\",\"url\":\"https:\/\/www.pressenza.com\/wp-content\/uploads\/2022\/10\/pressenza_logo_200x200.jpg\",\"contentUrl\":\"https:\/\/www.pressenza.com\/wp-content\/uploads\/2022\/10\/pressenza_logo_200x200.jpg\",\"width\":200,\"height\":200,\"caption\":\"Pressenza\"},\"image\":{\"@id\":\"https:\/\/www.pressenza.com\/pt-pt\/#\/schema\/logo\/image\/\"},\"sameAs\":[\"https:\/\/www.facebook.com\/PressenzaItalia\",\"https:\/\/x.com\/PressenzaIPA\"]},{\"@type\":\"Person\",\"@id\":\"https:\/\/www.pressenza.com\/pt-pt\/#\/schema\/person\/599664ae09d1f11b2c43fa455197df6f\",\"name\":\"Independent Media Institute\",\"description\":\"The Independent Media Institute (IMI) is a nonprofit organization that educates the public through a diverse array of independent media projects and programs. IMI works with journalists and media outlets to shine a spotlight on stories that are vital to the public interest, using multiple media formats and distribution channels.\",\"sameAs\":[\"https:\/\/independentmediainstitute.org\/\"],\"url\":\"https:\/\/www.pressenza.com\/pt-pt\/author\/independent-media-institute\/\"}]}<\/script>\n<!-- \/ Yoast SEO plugin. -->","yoast_head_json":{"title":"Economia norte-americana se destaca por gerar enorme desigualdade","description":"Resolver a desigualdade extrema do capitalismo norte-americano exige uma mudan\u00e7a sist\u00eamica: o fim do capitalismo que op\u00f5e empregadores e empregados. Por","robots":{"index":"index","follow":"follow","max-snippet":"max-snippet:-1","max-image-preview":"max-image-preview:large","max-video-preview":"max-video-preview:-1"},"canonical":"https:\/\/www.pressenza.com\/pt-pt\/2021\/03\/economia-norte-americana-se-destaca-por-gerar-enorme-desigualdade\/","og_locale":"pt_PT","og_type":"article","og_title":"Economia norte-americana se destaca por gerar enorme desigualdade","og_description":"Resolver a desigualdade extrema do capitalismo norte-americano exige uma mudan\u00e7a sist\u00eamica: o fim do capitalismo que op\u00f5e empregadores e empregados. Por","og_url":"https:\/\/www.pressenza.com\/pt-pt\/2021\/03\/economia-norte-americana-se-destaca-por-gerar-enorme-desigualdade\/","og_site_name":"Pressenza","article_publisher":"https:\/\/www.facebook.com\/PressenzaItalia","article_published_time":"2021-03-31T17:46:58+00:00","og_image":[{"width":1280,"height":769,"url":"https:\/\/www.pressenza.com\/wp-content\/uploads\/2021\/02\/1280px-Wall-Street.jpg","type":"image\/jpeg"}],"author":"Independent Media Institute","twitter_card":"summary_large_image","twitter_creator":"@PressenzaIPA","twitter_site":"@PressenzaIPA","twitter_misc":{"Escrito por":"Independent Media Institute","Tempo estimado de leitura":"7 minutos"},"schema":{"@context":"https:\/\/schema.org","@graph":[{"@type":"Article","@id":"https:\/\/www.pressenza.com\/pt-pt\/2021\/03\/economia-norte-americana-se-destaca-por-gerar-enorme-desigualdade\/#article","isPartOf":{"@id":"https:\/\/www.pressenza.com\/pt-pt\/2021\/03\/economia-norte-americana-se-destaca-por-gerar-enorme-desigualdade\/"},"author":{"name":"Independent Media Institute","@id":"https:\/\/www.pressenza.com\/pt-pt\/#\/schema\/person\/599664ae09d1f11b2c43fa455197df6f"},"headline":"Economia norte-americana se destaca por gerar enorme desigualdade","datePublished":"2021-03-31T17:46:58+00:00","mainEntityOfPage":{"@id":"https:\/\/www.pressenza.com\/pt-pt\/2021\/03\/economia-norte-americana-se-destaca-por-gerar-enorme-desigualdade\/"},"wordCount":1373,"publisher":{"@id":"https:\/\/www.pressenza.com\/pt-pt\/#organization"},"image":{"@id":"https:\/\/www.pressenza.com\/pt-pt\/2021\/03\/economia-norte-americana-se-destaca-por-gerar-enorme-desigualdade\/#primaryimage"},"thumbnailUrl":"https:\/\/www.pressenza.com\/wp-content\/uploads\/2021\/02\/1280px-Wall-Street.jpg","keywords":["@profwolff","capitalismo"],"articleSection":["Am\u00e9rica do Norte","Economia","Opini\u00e3o"],"inLanguage":"pt-PT"},{"@type":"WebPage","@id":"https:\/\/www.pressenza.com\/pt-pt\/2021\/03\/economia-norte-americana-se-destaca-por-gerar-enorme-desigualdade\/","url":"https:\/\/www.pressenza.com\/pt-pt\/2021\/03\/economia-norte-americana-se-destaca-por-gerar-enorme-desigualdade\/","name":"Economia norte-americana se destaca por gerar enorme desigualdade","isPartOf":{"@id":"https:\/\/www.pressenza.com\/pt-pt\/#website"},"primaryImageOfPage":{"@id":"https:\/\/www.pressenza.com\/pt-pt\/2021\/03\/economia-norte-americana-se-destaca-por-gerar-enorme-desigualdade\/#primaryimage"},"image":{"@id":"https:\/\/www.pressenza.com\/pt-pt\/2021\/03\/economia-norte-americana-se-destaca-por-gerar-enorme-desigualdade\/#primaryimage"},"thumbnailUrl":"https:\/\/www.pressenza.com\/wp-content\/uploads\/2021\/02\/1280px-Wall-Street.jpg","datePublished":"2021-03-31T17:46:58+00:00","description":"Resolver a desigualdade extrema do capitalismo norte-americano exige uma mudan\u00e7a sist\u00eamica: o fim do capitalismo que op\u00f5e empregadores e empregados. Por","breadcrumb":{"@id":"https:\/\/www.pressenza.com\/pt-pt\/2021\/03\/economia-norte-americana-se-destaca-por-gerar-enorme-desigualdade\/#breadcrumb"},"inLanguage":"pt-PT","potentialAction":[{"@type":"ReadAction","target":["https:\/\/www.pressenza.com\/pt-pt\/2021\/03\/economia-norte-americana-se-destaca-por-gerar-enorme-desigualdade\/"]}]},{"@type":"ImageObject","inLanguage":"pt-PT","@id":"https:\/\/www.pressenza.com\/pt-pt\/2021\/03\/economia-norte-americana-se-destaca-por-gerar-enorme-desigualdade\/#primaryimage","url":"https:\/\/www.pressenza.com\/wp-content\/uploads\/2021\/02\/1280px-Wall-Street.jpg","contentUrl":"https:\/\/www.pressenza.com\/wp-content\/uploads\/2021\/02\/1280px-Wall-Street.jpg","width":1280,"height":769},{"@type":"BreadcrumbList","@id":"https:\/\/www.pressenza.com\/pt-pt\/2021\/03\/economia-norte-americana-se-destaca-por-gerar-enorme-desigualdade\/#breadcrumb","itemListElement":[{"@type":"ListItem","position":1,"name":"Accueil","item":"https:\/\/www.pressenza.com\/pt-pt\/"},{"@type":"ListItem","position":2,"name":"Economia norte-americana se destaca por gerar enorme desigualdade"}]},{"@type":"WebSite","@id":"https:\/\/www.pressenza.com\/pt-pt\/#website","url":"https:\/\/www.pressenza.com\/pt-pt\/","name":"Pressenza","description":"International Press Agency","publisher":{"@id":"https:\/\/www.pressenza.com\/pt-pt\/#organization"},"potentialAction":[{"@type":"SearchAction","target":{"@type":"EntryPoint","urlTemplate":"https:\/\/www.pressenza.com\/pt-pt\/?s={search_term_string}"},"query-input":{"@type":"PropertyValueSpecification","valueRequired":true,"valueName":"search_term_string"}}],"inLanguage":"pt-PT"},{"@type":"Organization","@id":"https:\/\/www.pressenza.com\/pt-pt\/#organization","name":"Pressenza","url":"https:\/\/www.pressenza.com\/pt-pt\/","logo":{"@type":"ImageObject","inLanguage":"pt-PT","@id":"https:\/\/www.pressenza.com\/pt-pt\/#\/schema\/logo\/image\/","url":"https:\/\/www.pressenza.com\/wp-content\/uploads\/2022\/10\/pressenza_logo_200x200.jpg","contentUrl":"https:\/\/www.pressenza.com\/wp-content\/uploads\/2022\/10\/pressenza_logo_200x200.jpg","width":200,"height":200,"caption":"Pressenza"},"image":{"@id":"https:\/\/www.pressenza.com\/pt-pt\/#\/schema\/logo\/image\/"},"sameAs":["https:\/\/www.facebook.com\/PressenzaItalia","https:\/\/x.com\/PressenzaIPA"]},{"@type":"Person","@id":"https:\/\/www.pressenza.com\/pt-pt\/#\/schema\/person\/599664ae09d1f11b2c43fa455197df6f","name":"Independent Media Institute","description":"The Independent Media Institute (IMI) is a nonprofit organization that educates the public through a diverse array of independent media projects and programs. IMI works with journalists and media outlets to shine a spotlight on stories that are vital to the public interest, using multiple media formats and distribution channels.","sameAs":["https:\/\/independentmediainstitute.org\/"],"url":"https:\/\/www.pressenza.com\/pt-pt\/author\/independent-media-institute\/"}]}},"place":"EUA","original_article_url":"","_links":{"self":[{"href":"https:\/\/www.pressenza.com\/pt-pt\/wp-json\/wp\/v2\/posts\/1331905","targetHints":{"allow":["GET"]}}],"collection":[{"href":"https:\/\/www.pressenza.com\/pt-pt\/wp-json\/wp\/v2\/posts"}],"about":[{"href":"https:\/\/www.pressenza.com\/pt-pt\/wp-json\/wp\/v2\/types\/post"}],"author":[{"embeddable":true,"href":"https:\/\/www.pressenza.com\/pt-pt\/wp-json\/wp\/v2\/users\/1783"}],"replies":[{"embeddable":true,"href":"https:\/\/www.pressenza.com\/pt-pt\/wp-json\/wp\/v2\/comments?post=1331905"}],"version-history":[{"count":0,"href":"https:\/\/www.pressenza.com\/pt-pt\/wp-json\/wp\/v2\/posts\/1331905\/revisions"}],"wp:featuredmedia":[{"embeddable":true,"href":"https:\/\/www.pressenza.com\/pt-pt\/wp-json\/wp\/v2\/media\/1289938"}],"wp:attachment":[{"href":"https:\/\/www.pressenza.com\/pt-pt\/wp-json\/wp\/v2\/media?parent=1331905"}],"wp:term":[{"taxonomy":"category","embeddable":true,"href":"https:\/\/www.pressenza.com\/pt-pt\/wp-json\/wp\/v2\/categories?post=1331905"},{"taxonomy":"post_tag","embeddable":true,"href":"https:\/\/www.pressenza.com\/pt-pt\/wp-json\/wp\/v2\/tags?post=1331905"}],"curies":[{"name":"wp","href":"https:\/\/api.w.org\/{rel}","templated":true}]}}