{"id":1327434,"date":"2021-03-25T19:44:56","date_gmt":"2021-03-25T19:44:56","guid":{"rendered":"https:\/\/www.pressenza.com\/?p=1327434"},"modified":"2021-03-25T19:46:28","modified_gmt":"2021-03-25T19:46:28","slug":"rose-estreia-online-promovendo-debate-intercambio-e-oficinas","status":"publish","type":"post","link":"https:\/\/www.pressenza.com\/pt-pt\/2021\/03\/rose-estreia-online-promovendo-debate-intercambio-e-oficinas\/","title":{"rendered":"\u201cROSE\u201d estreia online promovendo debate, interc\u00e2mbio e oficinas"},"content":{"rendered":"<h5><span style=\"color: #999999;\">TEATRO<\/span><\/h5>\n<p>&nbsp;<\/p>\n<p>&nbsp;<\/p>\n<p><em><strong>Por Marrom Glac\u00ea<\/strong><\/em><\/p>\n<p>&nbsp;<\/p>\n<p>&nbsp;<\/p>\n<h1 style=\"font-weight: 400;\"><em>Abordando universos paralelos de excesso e escassez de alimentos atrav\u00e9s de questionamentos \u00e9ticos e pol\u00edticos, pe\u00e7a volta \u00e0 cena em projeto remoto que inclui realiza\u00e7\u00e3o de oficinas gratuitas.\u00a0<\/em><\/h1>\n<p>&nbsp;<\/p>\n<p style=\"text-align: center;\">Corbelino Cultural, Governo Federal, Governo do Estado do Rio de Janeiro, Secretaria de Estado de Cultura e Economia Criativa do Rio de Janeiro, atrav\u00e9s da Lei Aldir Blanc apresentam:<\/p>\n<p style=\"text-align: center;\"><strong>\u201cROSE\u201d<\/strong><\/p>\n<p style=\"font-weight: 400;\">Rose \u00e9 funcion\u00e1ria de uma escola p\u00fablica de um bairro perif\u00e9rico. Al\u00e9m de trabalhar como merendeira, aos finais de semana \u00e9 cozinheira de uma fam\u00edlia rica. Sendo a respons\u00e1vel pelas compras da casa, passa a levar sobras de comida para a cantina, com o objetivo de oferecer mais alimentos para aquelas crian\u00e7as que necessitam da escola para fazer suas refei\u00e7\u00f5es di\u00e1rias. \u00c9 esse o mote do espet\u00e1culo \u201c<strong>ROSE<\/strong>\u201d, texto com dramaturgia de\u00a0<strong>Cec\u00edlia Ripoll<\/strong>,\u00a0\u00a0indicada ao\u00a0<strong>Pr\u00eamio Shell<\/strong>\u00a0na categoria Melhor Autora em 2018, e dire\u00e7\u00e3o de\u00a0<strong>Vin\u00edcius Arneiro,<\/strong>\u00a0que retorna \u00e0 cena de\u00a0<strong>24 a 26 de mar\u00e7o<\/strong>, atrav\u00e9s do canal do\u00a0<strong>YouTube\u00a0<\/strong>do<strong>\u00a0Museu da Mar\u00e9.\u00a0<\/strong><\/p>\n<p style=\"font-weight: 400;\">\u201cLeio \u2018Rose\u2019 como uma dramaturgia de reentr\u00e2ncia, isto \u00e9, como algo que se curva para dentro de si mesmo, provocando dobras internas. \u00c9 uma escrita impura e de alto teor liter\u00e1rio, tem ares de romance, \u00e9 uma saga \u00e9pica, \u00e9 uma pe\u00e7a de teatro, \u00e9 na primeira, na segunda e na terceira pessoa que a coisa se comp\u00f5e. \u00c9 o olhar da classe trabalhadora sobre a vida, \u00e9 sobre luta de classes, sobre paix\u00e3o, comida, \u00e9tica e car\u00e1ter. Ou seja, a pr\u00f3pria hist\u00f3ria \u00e9 protagonista e faz de seus personagens fia\u00e7\u00e3o desencapada para conduzir a eletricidade dos temas\u201d, reflete Vinicius Arneiro, diretor da montagem.<\/p>\n<p style=\"font-weight: 400;\">Realizado pela\u00a0<strong>Corbelino Cultural<\/strong>\u00a0com recursos do Governo Federal, do Governo do Estado do Rio de Janeiro, da Secretaria de Estado de Cultura e Economia Criativa do Rio de Janeiro, atrav\u00e9s da Lei Aldir Blanc, o projeto ainda contempla outras cinco a\u00e7\u00f5es: um\u00a0<strong>debate online\u00a0<\/strong>em torno da seguran\u00e7a da<strong>\u00a0<\/strong>sa\u00fade na retomada presencial das a\u00e7\u00f5es culturais<strong>;<\/strong>\u00a0<strong>interc\u00e2mbio<\/strong>\u00a0<strong>cultural<\/strong>\u00a0de cria\u00e7\u00e3o e dramaturgia com o grupo\u00a0<em>Entre Lugares<\/em>, da Mar\u00e9<strong>;<\/strong>\u00a0<strong>oficina de Zoom<\/strong>\u00a0focada em professores e pesquisadores<strong>;<\/strong>\u00a0e uma\u00a0<strong>oficina de produ\u00e7\u00e3o<\/strong>\u00a0para trabalhadores da cultura em tempos de pandemia. Assim, 70 moradores da Mar\u00e9 receber\u00e3o uma\u00a0<strong>ajuda de custo<\/strong>\u00a0por participarem destas a\u00e7\u00f5es.<\/p>\n<p style=\"font-weight: 400;\">Tendo como um de seus cen\u00e1rios a escola, a hist\u00f3ria do espet\u00e1culo serviu para expandir o projeto de exibi\u00e7\u00e3o online da pe\u00e7a \u00e0 realiza\u00e7\u00e3o de parcerias com as institui\u00e7\u00f5es\u00a0<strong>Museu da Mar\u00e9<\/strong>\u00a0e\u00a0<strong>Centro de Estudos e A\u00e7\u00f5es Solid\u00e1rias da Mar\u00e9 (CEASM)<\/strong>, ambas com profunda rela\u00e7\u00e3o com a educa\u00e7\u00e3o e a cultura. \u201cRealizar um projeto cultural como motor de trabalho para muitas pessoas neste tempo pand\u00eamico tem sido produzir sa\u00fade coletiva a partir da arte\u201d, destaca a atriz\u00a0<strong>Natasha Corbelino<\/strong>. Coordenador art\u00edstico do grupo\u00a0<em>Entre Lugares<\/em>,\u00a0<strong>Fl\u00e1vio Vidaurre<\/strong>\u00a0refor\u00e7a que as parcerias propostas pelos artistas envolvidos na montagem \u201campliam as possibilidades de gera\u00e7\u00e3o de renda e produ\u00e7\u00f5es independentes e, ainda, permitem democratizarmos o acesso \u00e0 cultura na favela\u201d. \u201cComo atriz da pe\u00e7a Rose e como parceira do Museu da Mar\u00e9, do CEASM e do Entre Lugares, me sinto honrada em fazer a articula\u00e7\u00e3o entre estes trabalhos continuados t\u00e3o pungentes na produ\u00e7\u00e3o de mem\u00f3ria e na inven\u00e7\u00e3o de futuros unindo Cultura e Educa\u00e7\u00e3o no Rj, no Brasil.\u201d, finaliza Natasha.<\/p>\n<p style=\"font-weight: 400;\"><strong><u>SINOPSE<\/u>:<\/strong><\/p>\n<p style=\"font-weight: 400;\">De segunda a sexta pouca comida para as crian\u00e7as da escola municipal. Aos fins de semana, sobras intermin\u00e1veis s\u00e3o jogadas fora em um apartamento de classe alta. Rose cozinha em mundos radicalmente diferentes: aquilo que para uns \u00e9 lixo, para outros pode ser a salva\u00e7\u00e3o. Como atravessar muros que parecem intranspon\u00edveis?<\/p>\n<p style=\"font-weight: 400;\"><strong><u>SERVI\u00c7O<\/u>:<\/strong><\/p>\n<p style=\"font-weight: 400;\">APRESENTA\u00c7\u00d5ES DA PE\u00c7A \u201cROSE\u201d<\/p>\n<p style=\"font-weight: 400;\"><u>Quando<\/u>: 24, 25 e 26 de mar\u00e7o<\/p>\n<p style=\"font-weight: 400;\"><u>Hor\u00e1rio<\/u>: 21h<\/p>\n<p style=\"font-weight: 400;\"><u>Onde<\/u>: Canal do YouTube do Museu da Mar\u00e9 &#8211;<\/p>\n<p style=\"font-weight: 400;\"><u>Classifica\u00e7\u00e3o Indicativa<\/u>: 12 anos<\/p>\n<p style=\"font-weight: 400;\">Entrada Franca<\/p>\n<p style=\"font-weight: 400;\"><strong>OFICINAS, DEBATE E ESPET\u00c1CULO:<\/strong><\/p>\n<p style=\"font-weight: 400;\">Oficina Professores, 18 a 21.3, 9h \u00e0s 12h, via zoom<\/p>\n<p style=\"font-weight: 400;\">Oficinas: 19 a 22 de mar\u00e7o, via Zoom<\/p>\n<p style=\"font-weight: 400;\">Oficina Produ\u00e7\u00e3o (10h \u00e0s 12h)<\/p>\n<p style=\"font-weight: 400;\">Oficina Dramaturgia (14h \u00e0s 16h)<\/p>\n<p style=\"font-weight: 400;\">Oficina Interc\u00e2mbio de cria\u00e7\u00e3o (19h \u00e0s 22h)<\/p>\n<p style=\"font-weight: 400;\">Debate: 23 de mar\u00e7o (10h \u00e0s 14h, no canal do Youtube do Museu da Mar\u00e9)<\/p>\n<p><iframe loading=\"lazy\" title=\"ROSE - DEBATE EXPANDIDO\" width=\"500\" height=\"281\" src=\"https:\/\/www.youtube.com\/embed\/epxjsv1ZMIc?feature=oembed\" frameborder=\"0\" allow=\"accelerometer; autoplay; clipboard-write; encrypted-media; gyroscope; picture-in-picture; web-share\" referrerpolicy=\"strict-origin-when-cross-origin\" allowfullscreen><\/iframe><\/p>\n<p style=\"font-weight: 400;\"><strong><u>FICHA T\u00c9CNICA<\/u>:<\/strong><\/p>\n<p style=\"font-weight: 400;\">Idealiza\u00e7\u00e3o e articula\u00e7\u00e3o &#8211; produ\u00e7\u00e3o: Natasha Corbelino<\/p>\n<p style=\"font-weight: 400;\">Dire\u00e7\u00e3o \/ Adapta\u00e7\u00e3o do espet\u00e1culo: Vinicius Arneiro<\/p>\n<p style=\"font-weight: 400;\">Dramaturgia da pe\u00e7a: Cec\u00edlia Ripoll<\/p>\n<p style=\"font-weight: 400;\">Atores: \u00c2ngela C\u00e2mara, Joice Marino, M\u00e1rcio Machado, Natasha Corbelino e Thiago Catarino<\/p>\n<p style=\"font-weight: 400;\">Mem\u00f3ria art\u00edstica e t\u00e9cnica da pe\u00e7a: Diogo Liberano, Fl\u00e1vio Souza, Livs Ata\u00edde, Marcela Andrade, Tato Taborda e Wellington Fox<\/p>\n<p style=\"font-weight: 400;\">Opera\u00e7\u00e3o de zoom e edi\u00e7\u00e3o de v\u00eddeos: Hebert Said<\/p>\n<p style=\"font-weight: 400;\">Debatedores: Juliana Fran\u00e7a (Grupo C\u00f3digo, Japeri), Leo Fazolla (Cia Cerne), Queimados em Cena, Vivi Saar (Coletivo Teatral Sala Preta, Barra Mansa), Walllace Lino (Cia Marginal, Mar\u00e9), Ver\u00f4nica Rocha (Tr\u00eas Rios), Cl\u00e1udia Rose (Museu da Mar\u00e9), Centro de Estudos e A\u00e7\u00f5es Solid\u00e1rias da Mar\u00e9 (CEASM) e Projetos Entre Lugares Mar\u00e9 mais duas representantes da \u00e1rea da sa\u00fade e uma representante da SECEC (a confirmar)<\/p>\n<p style=\"font-weight: 400;\">Ministrantes Oficinas: Cecilia Ripoll, Clarissa Menezes, Natasha Corbelino, Pedro Emanuel, Renata Tavares, Tiago Ribeiro, Vanessa Greff e Vinicius Arneiro<\/p>\n<p style=\"font-weight: 400;\">Identidade visual original de Rose: Davi Palmeira<\/p>\n<p style=\"font-weight: 400;\">Programador visual \/ Adapta\u00e7\u00e3o das pe\u00e7as gr\u00e1ficas: Lucas Moratelli<\/p>\n<p style=\"font-weight: 400;\">M\u00eddias Sociais: Waleska Ar\u00eaas<\/p>\n<p style=\"font-weight: 400;\">Dire\u00e7\u00e3o de Produ\u00e7\u00e3o: Natasha Corbelino<\/p>\n<p style=\"font-weight: 400;\">Produ\u00e7\u00e3o Executiva: Clarissa Menezes e Monique Vaill\u00e9<\/p>\n<p style=\"font-weight: 400;\">Assessoria de Imprensa: Marrom Glac\u00ea \u2013 Assessoria e Agenciamento<\/p>\n<p style=\"font-weight: 400;\">Comunica\u00e7\u00e3o Comunit\u00e1ria: Palafita 174<\/p>\n<p style=\"font-weight: 400;\">Int\u00e9rprete de Libras: JDL Tradu\u00e7\u00f5es<\/p>\n<p style=\"font-weight: 400;\">Parceria de Produ\u00e7\u00e3o (Museu da Mar\u00e9 e Entre Lugares): Vanessa Greff<\/p>\n<p style=\"font-weight: 400;\">Produ\u00e7\u00e3o de Base : Waleska \u00c2reas<\/p>\n<p style=\"font-weight: 400;\">Produ\u00e7\u00e3o local: Leona Kal\u00ed<\/p>\n<p style=\"font-weight: 400;\">Assistentes de produ\u00e7\u00e3o: Fab\u00edola Godoi<\/p>\n<p style=\"font-weight: 400;\">Administra\u00e7\u00e3o Financeira: Carla Torrez Azevedo<\/p>\n<p style=\"font-weight: 400;\">Contador: JOPEC<\/p>\n<p style=\"font-weight: 400;\">Supervis\u00e3o da Presta\u00e7\u00e3o de Contas: Nat\u00e1lia Simonete<\/p>\n<p style=\"font-weight: 400;\">Produ\u00e7\u00e3o de Pagamentos: Natasha Corbelino<\/p>\n<p style=\"font-weight: 400;\">Presta\u00e7\u00e3o de Contas: Monique Vaill\u00e9 e Natasha Corbelino<\/p>\n<p style=\"font-weight: 400;\">Parceria art\u00edstica: Projeto Entre Lugares Mar\u00e9<\/p>\n<p style=\"font-weight: 400;\">Parcerias institucionais: Centro de Estudos e A\u00e7\u00f5es Solid\u00e1rias da Mar\u00e9 (CEASM) e Museu da Mar\u00e9<\/p>\n<p style=\"font-weight: 400;\">Realiza\u00e7\u00e3o: Corbelino Cultural<\/p>\n","protected":false},"excerpt":{"rendered":"<p>TEATRO &nbsp; &nbsp; Por Marrom Glac\u00ea &nbsp; &nbsp; Abordando universos paralelos de excesso e escassez de alimentos atrav\u00e9s de questionamentos \u00e9ticos e pol\u00edticos, pe\u00e7a volta \u00e0 cena em projeto remoto que inclui realiza\u00e7\u00e3o de oficinas gratuitas.\u00a0 &nbsp; Corbelino Cultural, Governo&hellip;<\/p>\n","protected":false},"author":1685,"featured_media":1327441,"comment_status":"closed","ping_status":"closed","sticky":false,"template":"","format":"standard","meta":{"footnotes":""},"categories":[104,11390,112,153],"tags":[75238,597,21197,75312],"class_list":["post-1327434","post","type-post","status-publish","format-standard","has-post-thumbnail","hentry","category-america-do-sul","category-conteudo-original","category-cultura-pt-pt","category-nota-de-imprensa","tag-caderno-de-cultura","tag-cultura-pt-pt-2","tag-oficinas","tag-teatro-pt-pt"],"yoast_head":"<!-- This site is optimized with the Yoast SEO plugin v27.1.1 - https:\/\/yoast.com\/product\/yoast-seo-wordpress\/ -->\n<title>\u201cROSE\u201d estreia online promovendo debate, interc\u00e2mbio e oficinas<\/title>\n<meta name=\"description\" content=\"TEATRO &nbsp; &nbsp; Por Marrom Glac\u00ea &nbsp; &nbsp; Abordando universos paralelos de excesso e escassez de alimentos atrav\u00e9s de questionamentos \u00e9ticos e\" \/>\n<meta name=\"robots\" content=\"index, follow, max-snippet:-1, max-image-preview:large, max-video-preview:-1\" \/>\n<link rel=\"canonical\" href=\"https:\/\/www.pressenza.com\/pt-pt\/2021\/03\/rose-estreia-online-promovendo-debate-intercambio-e-oficinas\/\" \/>\n<meta property=\"og:locale\" content=\"pt_PT\" \/>\n<meta property=\"og:type\" content=\"article\" \/>\n<meta property=\"og:title\" content=\"\u201cROSE\u201d estreia online promovendo debate, interc\u00e2mbio e oficinas\" \/>\n<meta property=\"og:description\" content=\"TEATRO &nbsp; &nbsp; Por Marrom Glac\u00ea &nbsp; &nbsp; Abordando universos paralelos de excesso e escassez de alimentos atrav\u00e9s de questionamentos \u00e9ticos e\" \/>\n<meta property=\"og:url\" content=\"https:\/\/www.pressenza.com\/pt-pt\/2021\/03\/rose-estreia-online-promovendo-debate-intercambio-e-oficinas\/\" \/>\n<meta property=\"og:site_name\" content=\"Pressenza\" \/>\n<meta property=\"article:publisher\" content=\"https:\/\/www.facebook.com\/PressenzaItalia\" \/>\n<meta property=\"article:published_time\" content=\"2021-03-25T19:44:56+00:00\" \/>\n<meta property=\"article:modified_time\" content=\"2021-03-25T19:46:28+00:00\" \/>\n<meta property=\"og:image\" content=\"https:\/\/www.pressenza.com\/wp-content\/uploads\/2021\/03\/ROSE_-Credito-Preticia-Jeronimo-2-Copia.jpg\" \/>\n\t<meta property=\"og:image:width\" content=\"1200\" \/>\n\t<meta property=\"og:image:height\" content=\"869\" \/>\n\t<meta property=\"og:image:type\" content=\"image\/jpeg\" \/>\n<meta name=\"author\" content=\"Reda\u00e7\u00e3o Rio de Janeiro\" \/>\n<meta name=\"twitter:card\" content=\"summary_large_image\" \/>\n<meta name=\"twitter:creator\" content=\"@PressenzaIPA\" \/>\n<meta name=\"twitter:site\" content=\"@PressenzaIPA\" \/>\n<meta name=\"twitter:label1\" content=\"Escrito por\" \/>\n\t<meta name=\"twitter:data1\" content=\"Reda\u00e7\u00e3o Rio de Janeiro\" \/>\n\t<meta name=\"twitter:label2\" content=\"Tempo estimado de leitura\" \/>\n\t<meta name=\"twitter:data2\" content=\"5 minutos\" \/>\n<script type=\"application\/ld+json\" class=\"yoast-schema-graph\">{\"@context\":\"https:\/\/schema.org\",\"@graph\":[{\"@type\":\"Article\",\"@id\":\"https:\/\/www.pressenza.com\/pt-pt\/2021\/03\/rose-estreia-online-promovendo-debate-intercambio-e-oficinas\/#article\",\"isPartOf\":{\"@id\":\"https:\/\/www.pressenza.com\/pt-pt\/2021\/03\/rose-estreia-online-promovendo-debate-intercambio-e-oficinas\/\"},\"author\":{\"name\":\"Reda\u00e7\u00e3o Rio de Janeiro\",\"@id\":\"https:\/\/www.pressenza.com\/pt-pt\/#\/schema\/person\/6925e927f8ff3a0cdb838320c5d12259\"},\"headline\":\"\u201cROSE\u201d estreia online promovendo debate, interc\u00e2mbio e oficinas\",\"datePublished\":\"2021-03-25T19:44:56+00:00\",\"dateModified\":\"2021-03-25T19:46:28+00:00\",\"mainEntityOfPage\":{\"@id\":\"https:\/\/www.pressenza.com\/pt-pt\/2021\/03\/rose-estreia-online-promovendo-debate-intercambio-e-oficinas\/\"},\"wordCount\":1074,\"publisher\":{\"@id\":\"https:\/\/www.pressenza.com\/pt-pt\/#organization\"},\"image\":{\"@id\":\"https:\/\/www.pressenza.com\/pt-pt\/2021\/03\/rose-estreia-online-promovendo-debate-intercambio-e-oficinas\/#primaryimage\"},\"thumbnailUrl\":\"https:\/\/www.pressenza.com\/wp-content\/uploads\/2021\/03\/ROSE_-Credito-Preticia-Jeronimo-2-Copia.jpg\",\"keywords\":[\"caderno de cultura\",\"cultura\",\"oficinas\",\"teatro\"],\"articleSection\":[\"\u00c1m\u00e9rica do Sul\",\"Conte\u00fado Original\",\"Cultura e M\u00eddia\",\"Nota de imprensa\"],\"inLanguage\":\"pt-PT\"},{\"@type\":\"WebPage\",\"@id\":\"https:\/\/www.pressenza.com\/pt-pt\/2021\/03\/rose-estreia-online-promovendo-debate-intercambio-e-oficinas\/\",\"url\":\"https:\/\/www.pressenza.com\/pt-pt\/2021\/03\/rose-estreia-online-promovendo-debate-intercambio-e-oficinas\/\",\"name\":\"\u201cROSE\u201d estreia online promovendo debate, interc\u00e2mbio e oficinas\",\"isPartOf\":{\"@id\":\"https:\/\/www.pressenza.com\/pt-pt\/#website\"},\"primaryImageOfPage\":{\"@id\":\"https:\/\/www.pressenza.com\/pt-pt\/2021\/03\/rose-estreia-online-promovendo-debate-intercambio-e-oficinas\/#primaryimage\"},\"image\":{\"@id\":\"https:\/\/www.pressenza.com\/pt-pt\/2021\/03\/rose-estreia-online-promovendo-debate-intercambio-e-oficinas\/#primaryimage\"},\"thumbnailUrl\":\"https:\/\/www.pressenza.com\/wp-content\/uploads\/2021\/03\/ROSE_-Credito-Preticia-Jeronimo-2-Copia.jpg\",\"datePublished\":\"2021-03-25T19:44:56+00:00\",\"dateModified\":\"2021-03-25T19:46:28+00:00\",\"description\":\"TEATRO &nbsp; &nbsp; Por Marrom Glac\u00ea &nbsp; &nbsp; Abordando universos paralelos de excesso e escassez de alimentos atrav\u00e9s de questionamentos \u00e9ticos e\",\"breadcrumb\":{\"@id\":\"https:\/\/www.pressenza.com\/pt-pt\/2021\/03\/rose-estreia-online-promovendo-debate-intercambio-e-oficinas\/#breadcrumb\"},\"inLanguage\":\"pt-PT\",\"potentialAction\":[{\"@type\":\"ReadAction\",\"target\":[\"https:\/\/www.pressenza.com\/pt-pt\/2021\/03\/rose-estreia-online-promovendo-debate-intercambio-e-oficinas\/\"]}]},{\"@type\":\"ImageObject\",\"inLanguage\":\"pt-PT\",\"@id\":\"https:\/\/www.pressenza.com\/pt-pt\/2021\/03\/rose-estreia-online-promovendo-debate-intercambio-e-oficinas\/#primaryimage\",\"url\":\"https:\/\/www.pressenza.com\/wp-content\/uploads\/2021\/03\/ROSE_-Credito-Preticia-Jeronimo-2-Copia.jpg\",\"contentUrl\":\"https:\/\/www.pressenza.com\/wp-content\/uploads\/2021\/03\/ROSE_-Credito-Preticia-Jeronimo-2-Copia.jpg\",\"width\":1200,\"height\":869},{\"@type\":\"BreadcrumbList\",\"@id\":\"https:\/\/www.pressenza.com\/pt-pt\/2021\/03\/rose-estreia-online-promovendo-debate-intercambio-e-oficinas\/#breadcrumb\",\"itemListElement\":[{\"@type\":\"ListItem\",\"position\":1,\"name\":\"Accueil\",\"item\":\"https:\/\/www.pressenza.com\/pt-pt\/\"},{\"@type\":\"ListItem\",\"position\":2,\"name\":\"\u201cROSE\u201d estreia online promovendo debate, interc\u00e2mbio e oficinas\"}]},{\"@type\":\"WebSite\",\"@id\":\"https:\/\/www.pressenza.com\/pt-pt\/#website\",\"url\":\"https:\/\/www.pressenza.com\/pt-pt\/\",\"name\":\"Pressenza\",\"description\":\"International Press Agency\",\"publisher\":{\"@id\":\"https:\/\/www.pressenza.com\/pt-pt\/#organization\"},\"potentialAction\":[{\"@type\":\"SearchAction\",\"target\":{\"@type\":\"EntryPoint\",\"urlTemplate\":\"https:\/\/www.pressenza.com\/pt-pt\/?s={search_term_string}\"},\"query-input\":{\"@type\":\"PropertyValueSpecification\",\"valueRequired\":true,\"valueName\":\"search_term_string\"}}],\"inLanguage\":\"pt-PT\"},{\"@type\":\"Organization\",\"@id\":\"https:\/\/www.pressenza.com\/pt-pt\/#organization\",\"name\":\"Pressenza\",\"url\":\"https:\/\/www.pressenza.com\/pt-pt\/\",\"logo\":{\"@type\":\"ImageObject\",\"inLanguage\":\"pt-PT\",\"@id\":\"https:\/\/www.pressenza.com\/pt-pt\/#\/schema\/logo\/image\/\",\"url\":\"https:\/\/www.pressenza.com\/wp-content\/uploads\/2022\/10\/pressenza_logo_200x200.jpg\",\"contentUrl\":\"https:\/\/www.pressenza.com\/wp-content\/uploads\/2022\/10\/pressenza_logo_200x200.jpg\",\"width\":200,\"height\":200,\"caption\":\"Pressenza\"},\"image\":{\"@id\":\"https:\/\/www.pressenza.com\/pt-pt\/#\/schema\/logo\/image\/\"},\"sameAs\":[\"https:\/\/www.facebook.com\/PressenzaItalia\",\"https:\/\/x.com\/PressenzaIPA\"]},{\"@type\":\"Person\",\"@id\":\"https:\/\/www.pressenza.com\/pt-pt\/#\/schema\/person\/6925e927f8ff3a0cdb838320c5d12259\",\"name\":\"Reda\u00e7\u00e3o Rio de Janeiro\",\"description\":\"News published by the Pressenza bureau in Rio de Janeiro, Brazil\",\"url\":\"https:\/\/www.pressenza.com\/pt-pt\/author\/redacao-rio-de-janeiro\/\"}]}<\/script>\n<!-- \/ Yoast SEO plugin. -->","yoast_head_json":{"title":"\u201cROSE\u201d estreia online promovendo debate, interc\u00e2mbio e oficinas","description":"TEATRO &nbsp; &nbsp; Por Marrom Glac\u00ea &nbsp; &nbsp; Abordando universos paralelos de excesso e escassez de alimentos atrav\u00e9s de questionamentos \u00e9ticos e","robots":{"index":"index","follow":"follow","max-snippet":"max-snippet:-1","max-image-preview":"max-image-preview:large","max-video-preview":"max-video-preview:-1"},"canonical":"https:\/\/www.pressenza.com\/pt-pt\/2021\/03\/rose-estreia-online-promovendo-debate-intercambio-e-oficinas\/","og_locale":"pt_PT","og_type":"article","og_title":"\u201cROSE\u201d estreia online promovendo debate, interc\u00e2mbio e oficinas","og_description":"TEATRO &nbsp; &nbsp; Por Marrom Glac\u00ea &nbsp; &nbsp; Abordando universos paralelos de excesso e escassez de alimentos atrav\u00e9s de questionamentos \u00e9ticos e","og_url":"https:\/\/www.pressenza.com\/pt-pt\/2021\/03\/rose-estreia-online-promovendo-debate-intercambio-e-oficinas\/","og_site_name":"Pressenza","article_publisher":"https:\/\/www.facebook.com\/PressenzaItalia","article_published_time":"2021-03-25T19:44:56+00:00","article_modified_time":"2021-03-25T19:46:28+00:00","og_image":[{"width":1200,"height":869,"url":"https:\/\/www.pressenza.com\/wp-content\/uploads\/2021\/03\/ROSE_-Credito-Preticia-Jeronimo-2-Copia.jpg","type":"image\/jpeg"}],"author":"Reda\u00e7\u00e3o Rio de Janeiro","twitter_card":"summary_large_image","twitter_creator":"@PressenzaIPA","twitter_site":"@PressenzaIPA","twitter_misc":{"Escrito por":"Reda\u00e7\u00e3o Rio de Janeiro","Tempo estimado de leitura":"5 minutos"},"schema":{"@context":"https:\/\/schema.org","@graph":[{"@type":"Article","@id":"https:\/\/www.pressenza.com\/pt-pt\/2021\/03\/rose-estreia-online-promovendo-debate-intercambio-e-oficinas\/#article","isPartOf":{"@id":"https:\/\/www.pressenza.com\/pt-pt\/2021\/03\/rose-estreia-online-promovendo-debate-intercambio-e-oficinas\/"},"author":{"name":"Reda\u00e7\u00e3o Rio de Janeiro","@id":"https:\/\/www.pressenza.com\/pt-pt\/#\/schema\/person\/6925e927f8ff3a0cdb838320c5d12259"},"headline":"\u201cROSE\u201d estreia online promovendo debate, interc\u00e2mbio e oficinas","datePublished":"2021-03-25T19:44:56+00:00","dateModified":"2021-03-25T19:46:28+00:00","mainEntityOfPage":{"@id":"https:\/\/www.pressenza.com\/pt-pt\/2021\/03\/rose-estreia-online-promovendo-debate-intercambio-e-oficinas\/"},"wordCount":1074,"publisher":{"@id":"https:\/\/www.pressenza.com\/pt-pt\/#organization"},"image":{"@id":"https:\/\/www.pressenza.com\/pt-pt\/2021\/03\/rose-estreia-online-promovendo-debate-intercambio-e-oficinas\/#primaryimage"},"thumbnailUrl":"https:\/\/www.pressenza.com\/wp-content\/uploads\/2021\/03\/ROSE_-Credito-Preticia-Jeronimo-2-Copia.jpg","keywords":["caderno de cultura","cultura","oficinas","teatro"],"articleSection":["\u00c1m\u00e9rica do Sul","Conte\u00fado Original","Cultura e M\u00eddia","Nota de imprensa"],"inLanguage":"pt-PT"},{"@type":"WebPage","@id":"https:\/\/www.pressenza.com\/pt-pt\/2021\/03\/rose-estreia-online-promovendo-debate-intercambio-e-oficinas\/","url":"https:\/\/www.pressenza.com\/pt-pt\/2021\/03\/rose-estreia-online-promovendo-debate-intercambio-e-oficinas\/","name":"\u201cROSE\u201d estreia online promovendo debate, interc\u00e2mbio e oficinas","isPartOf":{"@id":"https:\/\/www.pressenza.com\/pt-pt\/#website"},"primaryImageOfPage":{"@id":"https:\/\/www.pressenza.com\/pt-pt\/2021\/03\/rose-estreia-online-promovendo-debate-intercambio-e-oficinas\/#primaryimage"},"image":{"@id":"https:\/\/www.pressenza.com\/pt-pt\/2021\/03\/rose-estreia-online-promovendo-debate-intercambio-e-oficinas\/#primaryimage"},"thumbnailUrl":"https:\/\/www.pressenza.com\/wp-content\/uploads\/2021\/03\/ROSE_-Credito-Preticia-Jeronimo-2-Copia.jpg","datePublished":"2021-03-25T19:44:56+00:00","dateModified":"2021-03-25T19:46:28+00:00","description":"TEATRO &nbsp; &nbsp; Por Marrom Glac\u00ea &nbsp; &nbsp; Abordando universos paralelos de excesso e escassez de alimentos atrav\u00e9s de questionamentos \u00e9ticos e","breadcrumb":{"@id":"https:\/\/www.pressenza.com\/pt-pt\/2021\/03\/rose-estreia-online-promovendo-debate-intercambio-e-oficinas\/#breadcrumb"},"inLanguage":"pt-PT","potentialAction":[{"@type":"ReadAction","target":["https:\/\/www.pressenza.com\/pt-pt\/2021\/03\/rose-estreia-online-promovendo-debate-intercambio-e-oficinas\/"]}]},{"@type":"ImageObject","inLanguage":"pt-PT","@id":"https:\/\/www.pressenza.com\/pt-pt\/2021\/03\/rose-estreia-online-promovendo-debate-intercambio-e-oficinas\/#primaryimage","url":"https:\/\/www.pressenza.com\/wp-content\/uploads\/2021\/03\/ROSE_-Credito-Preticia-Jeronimo-2-Copia.jpg","contentUrl":"https:\/\/www.pressenza.com\/wp-content\/uploads\/2021\/03\/ROSE_-Credito-Preticia-Jeronimo-2-Copia.jpg","width":1200,"height":869},{"@type":"BreadcrumbList","@id":"https:\/\/www.pressenza.com\/pt-pt\/2021\/03\/rose-estreia-online-promovendo-debate-intercambio-e-oficinas\/#breadcrumb","itemListElement":[{"@type":"ListItem","position":1,"name":"Accueil","item":"https:\/\/www.pressenza.com\/pt-pt\/"},{"@type":"ListItem","position":2,"name":"\u201cROSE\u201d estreia online promovendo debate, interc\u00e2mbio e oficinas"}]},{"@type":"WebSite","@id":"https:\/\/www.pressenza.com\/pt-pt\/#website","url":"https:\/\/www.pressenza.com\/pt-pt\/","name":"Pressenza","description":"International Press Agency","publisher":{"@id":"https:\/\/www.pressenza.com\/pt-pt\/#organization"},"potentialAction":[{"@type":"SearchAction","target":{"@type":"EntryPoint","urlTemplate":"https:\/\/www.pressenza.com\/pt-pt\/?s={search_term_string}"},"query-input":{"@type":"PropertyValueSpecification","valueRequired":true,"valueName":"search_term_string"}}],"inLanguage":"pt-PT"},{"@type":"Organization","@id":"https:\/\/www.pressenza.com\/pt-pt\/#organization","name":"Pressenza","url":"https:\/\/www.pressenza.com\/pt-pt\/","logo":{"@type":"ImageObject","inLanguage":"pt-PT","@id":"https:\/\/www.pressenza.com\/pt-pt\/#\/schema\/logo\/image\/","url":"https:\/\/www.pressenza.com\/wp-content\/uploads\/2022\/10\/pressenza_logo_200x200.jpg","contentUrl":"https:\/\/www.pressenza.com\/wp-content\/uploads\/2022\/10\/pressenza_logo_200x200.jpg","width":200,"height":200,"caption":"Pressenza"},"image":{"@id":"https:\/\/www.pressenza.com\/pt-pt\/#\/schema\/logo\/image\/"},"sameAs":["https:\/\/www.facebook.com\/PressenzaItalia","https:\/\/x.com\/PressenzaIPA"]},{"@type":"Person","@id":"https:\/\/www.pressenza.com\/pt-pt\/#\/schema\/person\/6925e927f8ff3a0cdb838320c5d12259","name":"Reda\u00e7\u00e3o Rio de Janeiro","description":"News published by the Pressenza bureau in Rio de Janeiro, Brazil","url":"https:\/\/www.pressenza.com\/pt-pt\/author\/redacao-rio-de-janeiro\/"}]}},"place":"","original_article_url":"","_links":{"self":[{"href":"https:\/\/www.pressenza.com\/pt-pt\/wp-json\/wp\/v2\/posts\/1327434","targetHints":{"allow":["GET"]}}],"collection":[{"href":"https:\/\/www.pressenza.com\/pt-pt\/wp-json\/wp\/v2\/posts"}],"about":[{"href":"https:\/\/www.pressenza.com\/pt-pt\/wp-json\/wp\/v2\/types\/post"}],"author":[{"embeddable":true,"href":"https:\/\/www.pressenza.com\/pt-pt\/wp-json\/wp\/v2\/users\/1685"}],"replies":[{"embeddable":true,"href":"https:\/\/www.pressenza.com\/pt-pt\/wp-json\/wp\/v2\/comments?post=1327434"}],"version-history":[{"count":0,"href":"https:\/\/www.pressenza.com\/pt-pt\/wp-json\/wp\/v2\/posts\/1327434\/revisions"}],"wp:featuredmedia":[{"embeddable":true,"href":"https:\/\/www.pressenza.com\/pt-pt\/wp-json\/wp\/v2\/media\/1327441"}],"wp:attachment":[{"href":"https:\/\/www.pressenza.com\/pt-pt\/wp-json\/wp\/v2\/media?parent=1327434"}],"wp:term":[{"taxonomy":"category","embeddable":true,"href":"https:\/\/www.pressenza.com\/pt-pt\/wp-json\/wp\/v2\/categories?post=1327434"},{"taxonomy":"post_tag","embeddable":true,"href":"https:\/\/www.pressenza.com\/pt-pt\/wp-json\/wp\/v2\/tags?post=1327434"}],"curies":[{"name":"wp","href":"https:\/\/api.w.org\/{rel}","templated":true}]}}