{"id":1322120,"date":"2021-03-19T01:07:51","date_gmt":"2021-03-19T01:07:51","guid":{"rendered":"https:\/\/www.pressenza.com\/?p=1322120"},"modified":"2021-03-19T02:07:55","modified_gmt":"2021-03-19T02:07:55","slug":"1322120","status":"publish","type":"post","link":"https:\/\/www.pressenza.com\/pt-pt\/2021\/03\/1322120\/","title":{"rendered":"&#8230; a liberdade para envelhecer com dignidade no brasil, \u00e9 uma luta constante."},"content":{"rendered":"<h4><strong>Por Mariana Reis*<\/strong><\/h4>\n<p>h\u00e1 poucos dias, eu assistia uma aula sobre envelhecimento. levei um susto ao descobrir que eu, aos trinta anos, tinha atingido a marca do desgaste f\u00edsico e cognitivo que os estudos apontam para o in\u00edcio do processo de envelhecimento. outras coisas tamb\u00e9m contam. estilo de vida, determinantes socioecon\u00f4micos e ambientais. ou seja, privil\u00e9gios, oportunidades, classe social, cor, g\u00eanero, etc. tudo conta para a mensagem que enviamos a nossas c\u00e9lulas cansadas.<\/p>\n<p>a quest\u00e3o, para mim, n\u00e3o foi a preocupa\u00e7\u00e3o de ganhar rugas. foi o cen\u00e1rio desastroso em que vivemos.<\/p>\n<p>n\u00e3o foram poucas as vezes em que ouvi, nessa pandemia, pessoas dizendo que envelheceram dez anos a mais nesses meses de dor e incerteza. os cabelos branquearam. muitas dessas pessoas os assumiram assim. por identidade ou por medo de sair de casa para pint\u00e1-los. por falta de recursos e ou falta de tempo. os cabelos brancos deixam de ser um problema quando come\u00e7a a faltar o alimento na mesa.<\/p>\n<p>na aula, o conceito de velhice, como constru\u00e7\u00e3o social, cuja \u00faltima fase da vida se inicia aos 60 anos, tamb\u00e9m me arregalou os olhos. meus pais est\u00e3o quase l\u00e1. triste mesmo foi perceber que muitos\/as idosos\/as n\u00e3o est\u00e3o conseguindo viver sua \u00faltima fase. est\u00e3o morrendo antes. n\u00e3o, a hora deles ainda n\u00e3o havia chegado. o que tem ocorrido \u00e9 um descaso p\u00fablico e coletivo catastr\u00f3fico.<\/p>\n<p>o Sistema \u00danico de Sa\u00fade, nosso amado SUS, \u00e9 um direito hist\u00f3rico e universal, conquistado com muita luta. veja bem, n\u00e3o estou romantizando os problemas. sabemos que a desigualdade, o racismo estrutural e a necropol\u00edtica, h\u00e1 muito n\u00e3o permitem que muitas pessoas cheguem \u00e0 velhice (\u00e0s vezes, nem \u00e0 fase adulta), com condi\u00e7\u00f5es m\u00ednimas de sobreviv\u00eancia. mas na pandemia \u00e0 brasileira, essa chance diminuiu ainda mais.<\/p>\n<p>acredito que todas\/os que estiverem lendo saber\u00e3o de algu\u00e9m que partiu na pandemia, antes da \u00faltima fase da vida. morreram por falta de vaga na UTI. por falta de oxig\u00eanio. por falta de estrat\u00e9gia e organiza\u00e7\u00e3o federal da pol\u00edtica de sa\u00fade. por falta de vacina.<\/p>\n<p>enquanto ainda estivermos contaminados pela aus\u00eancia de cidadania, constru\u00e7\u00f5es e a\u00e7\u00f5es coletivas, e pela destrui\u00e7\u00e3o das pol\u00edticas p\u00fablicas e sociais, envelhecer no brasil continuar\u00e1 a ser, cada vez mais, um privil\u00e9gio.<\/p>\n<p>daqui, sigo o conselho de Concei\u00e7\u00e3o Evaristo, pedindo licen\u00e7a, enquanto mulher branca, para compartilhar o poema \u201c\u00c9 tempo de nos aquilombar\u201d:<\/p>\n<p>&nbsp;<\/p>\n<p><em>\u00c9 tempo de caminhar em fingido sil\u00eancio,<br \/>\ne buscar o momento certo do grito,<br \/>\naparentar fechar um olho evitando o cisco<br \/>\ne abrir escancaradamente o outro.<\/em><\/p>\n<p><em>\u00c9 tempo de fazer os ouvidos moucos<br \/>\npara os vazios lero-leros,<br \/>\ne cuidar dos passos assuntando as vias<br \/>\nir se vigiando atento, que o buraco \u00e9 fundo.<\/em><\/p>\n<p><em>\u00c9 tempo de ningu\u00e9m se soltar de ningu\u00e9m,<br \/>\nmas olhar fundo na palma aberta<br \/>\na alma de quem lhe oferece o gesto.<br \/>\nO la\u00e7ar de m\u00e3os n\u00e3o pode ser algema<br \/>\ne sim acertada t\u00e1tica, necess\u00e1rio esquema.<\/em><\/p>\n<p><em>\u00c9 tempo de formar novos quilombos,<br \/>\nem qualquer lugar que estejamos,<br \/>\n(&#8230;)<br \/>\n\u201ca liberdade \u00e9 uma luta constante\u201d.<\/em><\/p>\n<p>&nbsp;<\/p>\n<p>a liberdade para envelhecer com dignidade no brasil, \u00e9 uma luta constante.<\/p>\n<p>&nbsp;<\/p>\n<p><strong><img loading=\"lazy\" decoding=\"async\" class=\"alignleft wp-image-1322121 size-thumbnail\" src=\"https:\/\/www.pressenza.com\/wp-content\/uploads\/2021\/03\/Mari-Reis-150x150-1-150x150.jpg\" alt=\"\" width=\"150\" height=\"150\" \/> *Mariana Reis<\/strong>\u00a0\u00e9 Assistente Social, Mestra em Servi\u00e7o Social e Pol\u00edticas Sociais. Poeta, educadora, escritora e incentivadora da leitura, como ato de amor revolucion\u00e1rio.\u00a0<strong><em>Poesia em Travessia<\/em><\/strong>\u00a0\u00e9 seu primeiro livro, inspirado em Guimar\u00e3es Rosa e Manoel de Barros. Fala sobre livros e literatura no Instagram\u00a0<a href=\"https:\/\/www.instagram.com\/sobretudolivros\/\">@sobretudolivros<\/a>. Lives com autoras nacionais \u00e9 seu mais novo projeto liter\u00e1rio, com objetivo de divulgar escritoras mulheres. No sert\u00e3o mineiro foi batizada\u00a0<strong><em>Caliandra<\/em><\/strong>\u00a0na ciranda de luas-mulheres, que de todas as partes do Brasil, nutrem a terra com seu sangue e sua luta.<\/p>\n","protected":false},"excerpt":{"rendered":"<p>Por Mariana Reis* h\u00e1 poucos dias, eu assistia uma aula sobre envelhecimento. levei um susto ao descobrir que eu, aos trinta anos, tinha atingido a marca do desgaste f\u00edsico e cognitivo que os estudos apontam para o in\u00edcio do processo&hellip;<\/p>\n","protected":false},"author":44,"featured_media":1322131,"comment_status":"closed","ping_status":"closed","sticky":false,"template":"","format":"standard","meta":{"footnotes":""},"categories":[11390,165],"tags":[2744,85378,72401,5204,88658,73244],"class_list":["post-1322120","post","type-post","status-publish","format-standard","has-post-thumbnail","hentry","category-conteudo-original","category-opiniao","tag-brasil","tag-covid-pt-pt","tag-covid-19-pt-pt","tag-direitos-humanos","tag-envelhecer","tag-pandemia-pt-pt"],"yoast_head":"<!-- This site is optimized with the Yoast SEO plugin v27.1.1 - https:\/\/yoast.com\/product\/yoast-seo-wordpress\/ -->\n<title>... a liberdade para envelhecer com dignidade no brasil, \u00e9 uma luta constante.<\/title>\n<meta name=\"description\" content=\"Por Mariana Reis* h\u00e1 poucos dias, eu assistia uma aula sobre envelhecimento. levei um susto ao descobrir que eu, aos trinta anos, tinha atingido a marca\" \/>\n<meta name=\"robots\" content=\"index, follow, max-snippet:-1, max-image-preview:large, max-video-preview:-1\" \/>\n<link rel=\"canonical\" href=\"https:\/\/www.pressenza.com\/pt-pt\/2021\/03\/1322120\/\" \/>\n<meta property=\"og:locale\" content=\"pt_PT\" \/>\n<meta property=\"og:type\" content=\"article\" \/>\n<meta property=\"og:title\" content=\"... a liberdade para envelhecer com dignidade no brasil, \u00e9 uma luta constante.\" \/>\n<meta property=\"og:description\" content=\"Por Mariana Reis* h\u00e1 poucos dias, eu assistia uma aula sobre envelhecimento. levei um susto ao descobrir que eu, aos trinta anos, tinha atingido a marca\" \/>\n<meta property=\"og:url\" content=\"https:\/\/www.pressenza.com\/pt-pt\/2021\/03\/1322120\/\" \/>\n<meta property=\"og:site_name\" content=\"Pressenza\" \/>\n<meta property=\"article:publisher\" content=\"https:\/\/www.facebook.com\/PressenzaItalia\" \/>\n<meta property=\"article:author\" content=\"https:\/\/www.facebook.com\/PressenzaPortugues\" \/>\n<meta property=\"article:published_time\" content=\"2021-03-19T01:07:51+00:00\" \/>\n<meta property=\"article:modified_time\" content=\"2021-03-19T02:07:55+00:00\" \/>\n<meta property=\"og:image\" content=\"https:\/\/www.pressenza.com\/wp-content\/uploads\/2021\/03\/IMG_9614.jpg\" \/>\n\t<meta property=\"og:image:width\" content=\"1920\" \/>\n\t<meta property=\"og:image:height\" content=\"1280\" \/>\n\t<meta property=\"og:image:type\" content=\"image\/jpeg\" \/>\n<meta name=\"author\" content=\"Reda\u00e7\u00e3o S\u00e3o Paulo\" \/>\n<meta name=\"twitter:card\" content=\"summary_large_image\" \/>\n<meta name=\"twitter:creator\" content=\"@pressenza_pt\" \/>\n<meta name=\"twitter:site\" content=\"@PressenzaIPA\" \/>\n<meta name=\"twitter:label1\" content=\"Escrito por\" \/>\n\t<meta name=\"twitter:data1\" content=\"Reda\u00e7\u00e3o S\u00e3o Paulo\" \/>\n\t<meta name=\"twitter:label2\" content=\"Tempo estimado de leitura\" \/>\n\t<meta name=\"twitter:data2\" content=\"3 minutos\" \/>\n<script type=\"application\/ld+json\" class=\"yoast-schema-graph\">{\"@context\":\"https:\/\/schema.org\",\"@graph\":[{\"@type\":\"Article\",\"@id\":\"https:\/\/www.pressenza.com\/pt-pt\/2021\/03\/1322120\/#article\",\"isPartOf\":{\"@id\":\"https:\/\/www.pressenza.com\/pt-pt\/2021\/03\/1322120\/\"},\"author\":{\"name\":\"Reda\u00e7\u00e3o S\u00e3o Paulo\",\"@id\":\"https:\/\/www.pressenza.com\/pt-pt\/#\/schema\/person\/d171826afb7693cfc394da95892bfd93\"},\"headline\":\"&#8230; a liberdade para envelhecer com dignidade no brasil, \u00e9 uma luta constante.\",\"datePublished\":\"2021-03-19T01:07:51+00:00\",\"dateModified\":\"2021-03-19T02:07:55+00:00\",\"mainEntityOfPage\":{\"@id\":\"https:\/\/www.pressenza.com\/pt-pt\/2021\/03\/1322120\/\"},\"wordCount\":657,\"publisher\":{\"@id\":\"https:\/\/www.pressenza.com\/pt-pt\/#organization\"},\"image\":{\"@id\":\"https:\/\/www.pressenza.com\/pt-pt\/2021\/03\/1322120\/#primaryimage\"},\"thumbnailUrl\":\"https:\/\/www.pressenza.com\/wp-content\/uploads\/2021\/03\/IMG_9614.jpg\",\"keywords\":[\"Brasil\",\"covid\",\"COVID-19\",\"direitos humanos\",\"Envelhecer\",\"pandemia\"],\"articleSection\":[\"Conte\u00fado Original\",\"Opini\u00e3o\"],\"inLanguage\":\"pt-PT\"},{\"@type\":\"WebPage\",\"@id\":\"https:\/\/www.pressenza.com\/pt-pt\/2021\/03\/1322120\/\",\"url\":\"https:\/\/www.pressenza.com\/pt-pt\/2021\/03\/1322120\/\",\"name\":\"... a liberdade para envelhecer com dignidade no brasil, \u00e9 uma luta constante.\",\"isPartOf\":{\"@id\":\"https:\/\/www.pressenza.com\/pt-pt\/#website\"},\"primaryImageOfPage\":{\"@id\":\"https:\/\/www.pressenza.com\/pt-pt\/2021\/03\/1322120\/#primaryimage\"},\"image\":{\"@id\":\"https:\/\/www.pressenza.com\/pt-pt\/2021\/03\/1322120\/#primaryimage\"},\"thumbnailUrl\":\"https:\/\/www.pressenza.com\/wp-content\/uploads\/2021\/03\/IMG_9614.jpg\",\"datePublished\":\"2021-03-19T01:07:51+00:00\",\"dateModified\":\"2021-03-19T02:07:55+00:00\",\"description\":\"Por Mariana Reis* h\u00e1 poucos dias, eu assistia uma aula sobre envelhecimento. levei um susto ao descobrir que eu, aos trinta anos, tinha atingido a marca\",\"breadcrumb\":{\"@id\":\"https:\/\/www.pressenza.com\/pt-pt\/2021\/03\/1322120\/#breadcrumb\"},\"inLanguage\":\"pt-PT\",\"potentialAction\":[{\"@type\":\"ReadAction\",\"target\":[\"https:\/\/www.pressenza.com\/pt-pt\/2021\/03\/1322120\/\"]}]},{\"@type\":\"ImageObject\",\"inLanguage\":\"pt-PT\",\"@id\":\"https:\/\/www.pressenza.com\/pt-pt\/2021\/03\/1322120\/#primaryimage\",\"url\":\"https:\/\/www.pressenza.com\/wp-content\/uploads\/2021\/03\/IMG_9614.jpg\",\"contentUrl\":\"https:\/\/www.pressenza.com\/wp-content\/uploads\/2021\/03\/IMG_9614.jpg\",\"width\":1920,\"height\":1280,\"caption\":\"Foto: Lillian Bento (@lillian.bento)\"},{\"@type\":\"BreadcrumbList\",\"@id\":\"https:\/\/www.pressenza.com\/pt-pt\/2021\/03\/1322120\/#breadcrumb\",\"itemListElement\":[{\"@type\":\"ListItem\",\"position\":1,\"name\":\"Accueil\",\"item\":\"https:\/\/www.pressenza.com\/pt-pt\/\"},{\"@type\":\"ListItem\",\"position\":2,\"name\":\"&#8230; a liberdade para envelhecer com dignidade no brasil, \u00e9 uma luta constante.\"}]},{\"@type\":\"WebSite\",\"@id\":\"https:\/\/www.pressenza.com\/pt-pt\/#website\",\"url\":\"https:\/\/www.pressenza.com\/pt-pt\/\",\"name\":\"Pressenza\",\"description\":\"International Press Agency\",\"publisher\":{\"@id\":\"https:\/\/www.pressenza.com\/pt-pt\/#organization\"},\"potentialAction\":[{\"@type\":\"SearchAction\",\"target\":{\"@type\":\"EntryPoint\",\"urlTemplate\":\"https:\/\/www.pressenza.com\/pt-pt\/?s={search_term_string}\"},\"query-input\":{\"@type\":\"PropertyValueSpecification\",\"valueRequired\":true,\"valueName\":\"search_term_string\"}}],\"inLanguage\":\"pt-PT\"},{\"@type\":\"Organization\",\"@id\":\"https:\/\/www.pressenza.com\/pt-pt\/#organization\",\"name\":\"Pressenza\",\"url\":\"https:\/\/www.pressenza.com\/pt-pt\/\",\"logo\":{\"@type\":\"ImageObject\",\"inLanguage\":\"pt-PT\",\"@id\":\"https:\/\/www.pressenza.com\/pt-pt\/#\/schema\/logo\/image\/\",\"url\":\"https:\/\/www.pressenza.com\/wp-content\/uploads\/2022\/10\/pressenza_logo_200x200.jpg\",\"contentUrl\":\"https:\/\/www.pressenza.com\/wp-content\/uploads\/2022\/10\/pressenza_logo_200x200.jpg\",\"width\":200,\"height\":200,\"caption\":\"Pressenza\"},\"image\":{\"@id\":\"https:\/\/www.pressenza.com\/pt-pt\/#\/schema\/logo\/image\/\"},\"sameAs\":[\"https:\/\/www.facebook.com\/PressenzaItalia\",\"https:\/\/x.com\/PressenzaIPA\"]},{\"@type\":\"Person\",\"@id\":\"https:\/\/www.pressenza.com\/pt-pt\/#\/schema\/person\/d171826afb7693cfc394da95892bfd93\",\"name\":\"Reda\u00e7\u00e3o S\u00e3o Paulo\",\"description\":\"News from the Pressenza bureau in Sao Paulo, Brazil\",\"sameAs\":[\"https:\/\/www.facebook.com\/PressenzaPortugues\",\"https:\/\/x.com\/pressenza_pt\"],\"url\":\"https:\/\/www.pressenza.com\/pt-pt\/author\/redaccao-sao-paulo\/\"}]}<\/script>\n<!-- \/ Yoast SEO plugin. -->","yoast_head_json":{"title":"... a liberdade para envelhecer com dignidade no brasil, \u00e9 uma luta constante.","description":"Por Mariana Reis* h\u00e1 poucos dias, eu assistia uma aula sobre envelhecimento. levei um susto ao descobrir que eu, aos trinta anos, tinha atingido a marca","robots":{"index":"index","follow":"follow","max-snippet":"max-snippet:-1","max-image-preview":"max-image-preview:large","max-video-preview":"max-video-preview:-1"},"canonical":"https:\/\/www.pressenza.com\/pt-pt\/2021\/03\/1322120\/","og_locale":"pt_PT","og_type":"article","og_title":"... a liberdade para envelhecer com dignidade no brasil, \u00e9 uma luta constante.","og_description":"Por Mariana Reis* h\u00e1 poucos dias, eu assistia uma aula sobre envelhecimento. levei um susto ao descobrir que eu, aos trinta anos, tinha atingido a marca","og_url":"https:\/\/www.pressenza.com\/pt-pt\/2021\/03\/1322120\/","og_site_name":"Pressenza","article_publisher":"https:\/\/www.facebook.com\/PressenzaItalia","article_author":"https:\/\/www.facebook.com\/PressenzaPortugues","article_published_time":"2021-03-19T01:07:51+00:00","article_modified_time":"2021-03-19T02:07:55+00:00","og_image":[{"width":1920,"height":1280,"url":"https:\/\/www.pressenza.com\/wp-content\/uploads\/2021\/03\/IMG_9614.jpg","type":"image\/jpeg"}],"author":"Reda\u00e7\u00e3o S\u00e3o Paulo","twitter_card":"summary_large_image","twitter_creator":"@pressenza_pt","twitter_site":"@PressenzaIPA","twitter_misc":{"Escrito por":"Reda\u00e7\u00e3o S\u00e3o Paulo","Tempo estimado de leitura":"3 minutos"},"schema":{"@context":"https:\/\/schema.org","@graph":[{"@type":"Article","@id":"https:\/\/www.pressenza.com\/pt-pt\/2021\/03\/1322120\/#article","isPartOf":{"@id":"https:\/\/www.pressenza.com\/pt-pt\/2021\/03\/1322120\/"},"author":{"name":"Reda\u00e7\u00e3o S\u00e3o Paulo","@id":"https:\/\/www.pressenza.com\/pt-pt\/#\/schema\/person\/d171826afb7693cfc394da95892bfd93"},"headline":"&#8230; a liberdade para envelhecer com dignidade no brasil, \u00e9 uma luta constante.","datePublished":"2021-03-19T01:07:51+00:00","dateModified":"2021-03-19T02:07:55+00:00","mainEntityOfPage":{"@id":"https:\/\/www.pressenza.com\/pt-pt\/2021\/03\/1322120\/"},"wordCount":657,"publisher":{"@id":"https:\/\/www.pressenza.com\/pt-pt\/#organization"},"image":{"@id":"https:\/\/www.pressenza.com\/pt-pt\/2021\/03\/1322120\/#primaryimage"},"thumbnailUrl":"https:\/\/www.pressenza.com\/wp-content\/uploads\/2021\/03\/IMG_9614.jpg","keywords":["Brasil","covid","COVID-19","direitos humanos","Envelhecer","pandemia"],"articleSection":["Conte\u00fado Original","Opini\u00e3o"],"inLanguage":"pt-PT"},{"@type":"WebPage","@id":"https:\/\/www.pressenza.com\/pt-pt\/2021\/03\/1322120\/","url":"https:\/\/www.pressenza.com\/pt-pt\/2021\/03\/1322120\/","name":"... a liberdade para envelhecer com dignidade no brasil, \u00e9 uma luta constante.","isPartOf":{"@id":"https:\/\/www.pressenza.com\/pt-pt\/#website"},"primaryImageOfPage":{"@id":"https:\/\/www.pressenza.com\/pt-pt\/2021\/03\/1322120\/#primaryimage"},"image":{"@id":"https:\/\/www.pressenza.com\/pt-pt\/2021\/03\/1322120\/#primaryimage"},"thumbnailUrl":"https:\/\/www.pressenza.com\/wp-content\/uploads\/2021\/03\/IMG_9614.jpg","datePublished":"2021-03-19T01:07:51+00:00","dateModified":"2021-03-19T02:07:55+00:00","description":"Por Mariana Reis* h\u00e1 poucos dias, eu assistia uma aula sobre envelhecimento. levei um susto ao descobrir que eu, aos trinta anos, tinha atingido a marca","breadcrumb":{"@id":"https:\/\/www.pressenza.com\/pt-pt\/2021\/03\/1322120\/#breadcrumb"},"inLanguage":"pt-PT","potentialAction":[{"@type":"ReadAction","target":["https:\/\/www.pressenza.com\/pt-pt\/2021\/03\/1322120\/"]}]},{"@type":"ImageObject","inLanguage":"pt-PT","@id":"https:\/\/www.pressenza.com\/pt-pt\/2021\/03\/1322120\/#primaryimage","url":"https:\/\/www.pressenza.com\/wp-content\/uploads\/2021\/03\/IMG_9614.jpg","contentUrl":"https:\/\/www.pressenza.com\/wp-content\/uploads\/2021\/03\/IMG_9614.jpg","width":1920,"height":1280,"caption":"Foto: Lillian Bento (@lillian.bento)"},{"@type":"BreadcrumbList","@id":"https:\/\/www.pressenza.com\/pt-pt\/2021\/03\/1322120\/#breadcrumb","itemListElement":[{"@type":"ListItem","position":1,"name":"Accueil","item":"https:\/\/www.pressenza.com\/pt-pt\/"},{"@type":"ListItem","position":2,"name":"&#8230; a liberdade para envelhecer com dignidade no brasil, \u00e9 uma luta constante."}]},{"@type":"WebSite","@id":"https:\/\/www.pressenza.com\/pt-pt\/#website","url":"https:\/\/www.pressenza.com\/pt-pt\/","name":"Pressenza","description":"International Press Agency","publisher":{"@id":"https:\/\/www.pressenza.com\/pt-pt\/#organization"},"potentialAction":[{"@type":"SearchAction","target":{"@type":"EntryPoint","urlTemplate":"https:\/\/www.pressenza.com\/pt-pt\/?s={search_term_string}"},"query-input":{"@type":"PropertyValueSpecification","valueRequired":true,"valueName":"search_term_string"}}],"inLanguage":"pt-PT"},{"@type":"Organization","@id":"https:\/\/www.pressenza.com\/pt-pt\/#organization","name":"Pressenza","url":"https:\/\/www.pressenza.com\/pt-pt\/","logo":{"@type":"ImageObject","inLanguage":"pt-PT","@id":"https:\/\/www.pressenza.com\/pt-pt\/#\/schema\/logo\/image\/","url":"https:\/\/www.pressenza.com\/wp-content\/uploads\/2022\/10\/pressenza_logo_200x200.jpg","contentUrl":"https:\/\/www.pressenza.com\/wp-content\/uploads\/2022\/10\/pressenza_logo_200x200.jpg","width":200,"height":200,"caption":"Pressenza"},"image":{"@id":"https:\/\/www.pressenza.com\/pt-pt\/#\/schema\/logo\/image\/"},"sameAs":["https:\/\/www.facebook.com\/PressenzaItalia","https:\/\/x.com\/PressenzaIPA"]},{"@type":"Person","@id":"https:\/\/www.pressenza.com\/pt-pt\/#\/schema\/person\/d171826afb7693cfc394da95892bfd93","name":"Reda\u00e7\u00e3o S\u00e3o Paulo","description":"News from the Pressenza bureau in Sao Paulo, Brazil","sameAs":["https:\/\/www.facebook.com\/PressenzaPortugues","https:\/\/x.com\/pressenza_pt"],"url":"https:\/\/www.pressenza.com\/pt-pt\/author\/redaccao-sao-paulo\/"}]}},"place":"S\u00e3o Paulo (SP)","original_article_url":"","_links":{"self":[{"href":"https:\/\/www.pressenza.com\/pt-pt\/wp-json\/wp\/v2\/posts\/1322120","targetHints":{"allow":["GET"]}}],"collection":[{"href":"https:\/\/www.pressenza.com\/pt-pt\/wp-json\/wp\/v2\/posts"}],"about":[{"href":"https:\/\/www.pressenza.com\/pt-pt\/wp-json\/wp\/v2\/types\/post"}],"author":[{"embeddable":true,"href":"https:\/\/www.pressenza.com\/pt-pt\/wp-json\/wp\/v2\/users\/44"}],"replies":[{"embeddable":true,"href":"https:\/\/www.pressenza.com\/pt-pt\/wp-json\/wp\/v2\/comments?post=1322120"}],"version-history":[{"count":0,"href":"https:\/\/www.pressenza.com\/pt-pt\/wp-json\/wp\/v2\/posts\/1322120\/revisions"}],"wp:featuredmedia":[{"embeddable":true,"href":"https:\/\/www.pressenza.com\/pt-pt\/wp-json\/wp\/v2\/media\/1322131"}],"wp:attachment":[{"href":"https:\/\/www.pressenza.com\/pt-pt\/wp-json\/wp\/v2\/media?parent=1322120"}],"wp:term":[{"taxonomy":"category","embeddable":true,"href":"https:\/\/www.pressenza.com\/pt-pt\/wp-json\/wp\/v2\/categories?post=1322120"},{"taxonomy":"post_tag","embeddable":true,"href":"https:\/\/www.pressenza.com\/pt-pt\/wp-json\/wp\/v2\/tags?post=1322120"}],"curies":[{"name":"wp","href":"https:\/\/api.w.org\/{rel}","templated":true}]}}