{"id":1310684,"date":"2021-03-06T20:50:31","date_gmt":"2021-03-06T20:50:31","guid":{"rendered":"https:\/\/www.pressenza.com\/?p=1310684"},"modified":"2021-03-06T20:50:31","modified_gmt":"2021-03-06T20:50:31","slug":"sarau-giramundo-2021-producao-de-primeira-linha-impacta-morro-do-vidigal","status":"publish","type":"post","link":"https:\/\/www.pressenza.com\/pt-pt\/2021\/03\/sarau-giramundo-2021-producao-de-primeira-linha-impacta-morro-do-vidigal\/","title":{"rendered":"SARAU GIRAMUNDO 2021 Produ\u00e7\u00e3o de Primeira-Linha Impacta Morro do Vidigal"},"content":{"rendered":"<h5><span style=\"color: #999999;\">CULTURA<\/span><\/h5>\n<p>&nbsp;<\/p>\n<p>&nbsp;<\/p>\n<p><strong>NOTA PRETA &#8211;\u00a0<\/strong><strong><em>Por Mauro Viana<\/em><\/strong><\/p>\n<p>&nbsp;<\/p>\n<p>&nbsp;<\/p>\n<p>Na \u00faltima sexta-feira, dia de mar\u00e7o de 2021, a equipe da coluna NOTA PRETA subiu o Morro do Vidigal a convite dos produtores do Sarau Giramundo. Central \u00a0da cultura de periferia, o Sarau Giramundo reuniu\u00a0 artistas de Duque de Caxias, Nova Igua\u00e7u e de outras comunidades como Jacarezinho. O molho sonoro ficou\u00a0 sob a batuta da Bieta DJ. Nos pap\u00e9is de apresentadores e diretores: Blu Oliveira (atriz) e o ator Vitor Feitosa. No quesito embalagem (montagem t\u00e9cnica) &#8220;a nota 10&#8221; vai para a caprichada produ\u00e7\u00e3o de Alan de Souza e equipe.<\/p>\n<div><span style=\"font-size: large;\"><br \/>\n<\/span><i><b>Mas afinal, qual \u00e9 o conceito do Sarau Giramundo, Blu Oliveira?<\/b><\/i><\/div>\n<div><i>Blu<\/i>: \u00a0Mano, \u00a0o Sarau Giramundo \u00e9 um movimento que tem como fundamento a constru\u00e7\u00e3o e a unifica\u00e7\u00e3o de artistas das mais diversas \u00e1reas, que prop\u00f5em sua arte a partir de suas reflex\u00f5es e viv\u00eancias, provocando uma discuss\u00e3o sob um olhar ag\u00eanero, cultural e ancestral. O evento traz performance, poesia, teatro, dan\u00e7a, m\u00fasica, cinema, instala\u00e7\u00f5es e exposi\u00e7\u00f5es, dando espa\u00e7o e visibilidade para g\u00eaneros, etnias, conceitos e ideais com a inten\u00e7\u00e3o de protestar contra a marginaliza\u00e7\u00e3o ao indiv\u00edduo na sociedade e expressar uma cultura mais alternativa. \u00c9 um movimento criado por um grupo denominado Giramundo, que tem a inten\u00e7\u00e3o de fazer circular e movimentar a ess\u00eancia do que simboliza de fato o nosso povo preto, contando de uma forma po\u00e9tica a influ\u00eancia da ancestralidade na nossa cultura, na nossa m\u00fasica e no nosso cotidiano.<br \/>\n<i><b><br \/>\n<\/b><\/i><\/div>\n<div><i><b>Algo \u00a0a acrescentar, diretor?<br \/>\n<\/b><strong>Vitor<\/strong><\/i><strong>:<\/strong> Nosso trabalho foi incr\u00edvel gra\u00e7as aos talentos de nossas amigas e amigos que se apresentaram nas edi\u00e7\u00f5es de dezembro\/20 \u00a0e mar\u00e7o\/21 do Sarau Giramundo. Meu especial agradecimento para toda equipe, nas pessoas de Alan e Luma. E toda minha gratid\u00e3o \u00e0 grandeza de artistas como ADRIANO XERIFE (foto), AFRODITE (foto), TAIS FEIJ\u00c3O (foto), ROSE BARCELLOS, (foto) VAL\u00c9RIA MON\u00c3, (foto) DJ BIETA )foto), D&#8217;HEHOME BLACK (foto)<\/div>\n<div>\n<p><a href=\"https:\/\/youtu.be\/BthYht6dCm4\">https:\/\/youtu.be\/BthYht6dCm4<\/a><\/p>\n<\/div>\n<div><\/div>\n<div><strong>SARAU GIRAMUNDO 2021<\/strong><strong>FICHA T\u00c9CNICA:<\/strong><\/p>\n<p>Alan de Souza \u2013 dire\u00e7\u00e3o \/ coordena\u00e7\u00e3o de produ\u00e7\u00e3o &#8211; @desouzaalan<\/p>\n<\/div>\n<div>\n<p>Blue Oliveira \u00a0\u2013 \u00a0produ\u00e7\u00e3o art\u00edstica \/ curadoria \/ apresenta\u00e7\u00e3o \/ dire\u00e7\u00e3o &#8211; @blue.oliveira_<\/p>\n<p>Vitor Feitosa \u2013 \u00a0produ\u00e7\u00e3o art\u00edstica \/ curadoria \/ apresenta\u00e7\u00e3o &#8211; @vitorfeitosaoficial<\/p>\n<p>Jamille dos Anjos \u2013 assistente de produ\u00e7\u00e3o &#8211; @jamilledosanjos<\/p>\n<p>Luma Ohanna \u2013 design &#8211; @luma.ohanna<\/p>\n<p>Kiki &#8211; m\u00eddias sociais &#8211; @rudekiki<\/p>\n<p>Plinio Gomes &#8211; videomapping e transmiss\u00e3o &#8211; @pliniopietro<\/p>\n<p>Marcelo Moacir &#8211; capta\u00e7\u00e3o de som e sonoriza\u00e7\u00e3o &#8211; @marcelo.moacir.5<\/p>\n<p>Jos\u00e9 Cosme Lima &#8211; ilumina\u00e7\u00e3o &#8211; @josecosmelima9<\/p>\n<p>Ramon Carvalho &#8211; figurino &#8211; @carvalhoramo<\/p>\n<p>Alice Nogueira &#8211; figurino &#8211; @nogueira0006<\/p>\n<p>Flor de Libras &#8211; int\u00e9rprete de libras &#8211; @flordelibras<\/p>\n<p>Assessoria de Imprensa: JIMP Comunica\u00e7\u00e3o<\/p>\n<\/div>\n","protected":false},"excerpt":{"rendered":"<p>CULTURA &nbsp; &nbsp; NOTA PRETA &#8211;\u00a0Por Mauro Viana &nbsp; &nbsp; Na \u00faltima sexta-feira, dia de mar\u00e7o de 2021, a equipe da coluna NOTA PRETA subiu o Morro do Vidigal a convite dos produtores do Sarau Giramundo. Central \u00a0da cultura de&hellip;<\/p>\n","protected":false},"author":1923,"featured_media":1310927,"comment_status":"closed","ping_status":"closed","sticky":false,"template":"","format":"standard","meta":{"footnotes":""},"categories":[104,11390,112,153],"tags":[597,88127,88126],"class_list":["post-1310684","post","type-post","status-publish","format-standard","has-post-thumbnail","hentry","category-america-do-sul","category-conteudo-original","category-cultura-pt-pt","category-nota-de-imprensa","tag-cultura-pt-pt-2","tag-morro-do-vidigal","tag-sarau-giramundo"],"yoast_head":"<!-- This site is optimized with the Yoast SEO plugin v27.1.1 - https:\/\/yoast.com\/product\/yoast-seo-wordpress\/ -->\n<title>SARAU GIRAMUNDO 2021 Produ\u00e7\u00e3o de Primeira-Linha Impacta Morro do Vidigal<\/title>\n<meta name=\"description\" content=\"CULTURA &nbsp; &nbsp; NOTA PRETA -\u00a0Por Mauro Viana &nbsp; &nbsp; Na \u00faltima sexta-feira, dia de mar\u00e7o de 2021, a equipe da coluna NOTA PRETA subiu o Morro\" \/>\n<meta name=\"robots\" content=\"index, follow, max-snippet:-1, max-image-preview:large, max-video-preview:-1\" \/>\n<link rel=\"canonical\" href=\"https:\/\/www.pressenza.com\/pt-pt\/2021\/03\/sarau-giramundo-2021-producao-de-primeira-linha-impacta-morro-do-vidigal\/\" \/>\n<meta property=\"og:locale\" content=\"pt_PT\" \/>\n<meta property=\"og:type\" content=\"article\" \/>\n<meta property=\"og:title\" content=\"SARAU GIRAMUNDO 2021 Produ\u00e7\u00e3o de Primeira-Linha Impacta Morro do Vidigal\" \/>\n<meta property=\"og:description\" content=\"CULTURA &nbsp; &nbsp; NOTA PRETA -\u00a0Por Mauro Viana &nbsp; &nbsp; Na \u00faltima sexta-feira, dia de mar\u00e7o de 2021, a equipe da coluna NOTA PRETA subiu o Morro\" \/>\n<meta property=\"og:url\" content=\"https:\/\/www.pressenza.com\/pt-pt\/2021\/03\/sarau-giramundo-2021-producao-de-primeira-linha-impacta-morro-do-vidigal\/\" \/>\n<meta property=\"og:site_name\" content=\"Pressenza\" \/>\n<meta property=\"article:publisher\" content=\"https:\/\/www.facebook.com\/PressenzaItalia\" \/>\n<meta property=\"article:published_time\" content=\"2021-03-06T20:50:31+00:00\" \/>\n<meta property=\"og:image\" content=\"https:\/\/www.pressenza.com\/wp-content\/uploads\/2021\/03\/saraugiramundo.jpg\" \/>\n\t<meta property=\"og:image:width\" content=\"750\" \/>\n\t<meta property=\"og:image:height\" content=\"420\" \/>\n\t<meta property=\"og:image:type\" content=\"image\/jpeg\" \/>\n<meta name=\"author\" content=\"Mauro Viana\" \/>\n<meta name=\"twitter:card\" content=\"summary_large_image\" \/>\n<meta name=\"twitter:creator\" content=\"@PressenzaIPA\" \/>\n<meta name=\"twitter:site\" content=\"@PressenzaIPA\" \/>\n<meta name=\"twitter:label1\" content=\"Escrito por\" \/>\n\t<meta name=\"twitter:data1\" content=\"Mauro Viana\" \/>\n\t<meta name=\"twitter:label2\" content=\"Tempo estimado de leitura\" \/>\n\t<meta name=\"twitter:data2\" content=\"2 minutos\" \/>\n<script type=\"application\/ld+json\" class=\"yoast-schema-graph\">{\"@context\":\"https:\/\/schema.org\",\"@graph\":[{\"@type\":\"Article\",\"@id\":\"https:\/\/www.pressenza.com\/pt-pt\/2021\/03\/sarau-giramundo-2021-producao-de-primeira-linha-impacta-morro-do-vidigal\/#article\",\"isPartOf\":{\"@id\":\"https:\/\/www.pressenza.com\/pt-pt\/2021\/03\/sarau-giramundo-2021-producao-de-primeira-linha-impacta-morro-do-vidigal\/\"},\"author\":{\"name\":\"Mauro Viana\",\"@id\":\"https:\/\/www.pressenza.com\/pt-pt\/#\/schema\/person\/0197143727be49985197bd5405dc448f\"},\"headline\":\"SARAU GIRAMUNDO 2021 Produ\u00e7\u00e3o de Primeira-Linha Impacta Morro do Vidigal\",\"datePublished\":\"2021-03-06T20:50:31+00:00\",\"mainEntityOfPage\":{\"@id\":\"https:\/\/www.pressenza.com\/pt-pt\/2021\/03\/sarau-giramundo-2021-producao-de-primeira-linha-impacta-morro-do-vidigal\/\"},\"wordCount\":482,\"publisher\":{\"@id\":\"https:\/\/www.pressenza.com\/pt-pt\/#organization\"},\"image\":{\"@id\":\"https:\/\/www.pressenza.com\/pt-pt\/2021\/03\/sarau-giramundo-2021-producao-de-primeira-linha-impacta-morro-do-vidigal\/#primaryimage\"},\"thumbnailUrl\":\"https:\/\/www.pressenza.com\/wp-content\/uploads\/2021\/03\/saraugiramundo.jpg\",\"keywords\":[\"cultura\",\"morro do vidigal\",\"sarau giramundo\"],\"articleSection\":[\"\u00c1m\u00e9rica do Sul\",\"Conte\u00fado Original\",\"Cultura e M\u00eddia\",\"Nota de imprensa\"],\"inLanguage\":\"pt-PT\"},{\"@type\":\"WebPage\",\"@id\":\"https:\/\/www.pressenza.com\/pt-pt\/2021\/03\/sarau-giramundo-2021-producao-de-primeira-linha-impacta-morro-do-vidigal\/\",\"url\":\"https:\/\/www.pressenza.com\/pt-pt\/2021\/03\/sarau-giramundo-2021-producao-de-primeira-linha-impacta-morro-do-vidigal\/\",\"name\":\"SARAU GIRAMUNDO 2021 Produ\u00e7\u00e3o de Primeira-Linha Impacta Morro do Vidigal\",\"isPartOf\":{\"@id\":\"https:\/\/www.pressenza.com\/pt-pt\/#website\"},\"primaryImageOfPage\":{\"@id\":\"https:\/\/www.pressenza.com\/pt-pt\/2021\/03\/sarau-giramundo-2021-producao-de-primeira-linha-impacta-morro-do-vidigal\/#primaryimage\"},\"image\":{\"@id\":\"https:\/\/www.pressenza.com\/pt-pt\/2021\/03\/sarau-giramundo-2021-producao-de-primeira-linha-impacta-morro-do-vidigal\/#primaryimage\"},\"thumbnailUrl\":\"https:\/\/www.pressenza.com\/wp-content\/uploads\/2021\/03\/saraugiramundo.jpg\",\"datePublished\":\"2021-03-06T20:50:31+00:00\",\"description\":\"CULTURA &nbsp; &nbsp; NOTA PRETA -\u00a0Por Mauro Viana &nbsp; &nbsp; Na \u00faltima sexta-feira, dia de mar\u00e7o de 2021, a equipe da coluna NOTA PRETA subiu o Morro\",\"breadcrumb\":{\"@id\":\"https:\/\/www.pressenza.com\/pt-pt\/2021\/03\/sarau-giramundo-2021-producao-de-primeira-linha-impacta-morro-do-vidigal\/#breadcrumb\"},\"inLanguage\":\"pt-PT\",\"potentialAction\":[{\"@type\":\"ReadAction\",\"target\":[\"https:\/\/www.pressenza.com\/pt-pt\/2021\/03\/sarau-giramundo-2021-producao-de-primeira-linha-impacta-morro-do-vidigal\/\"]}]},{\"@type\":\"ImageObject\",\"inLanguage\":\"pt-PT\",\"@id\":\"https:\/\/www.pressenza.com\/pt-pt\/2021\/03\/sarau-giramundo-2021-producao-de-primeira-linha-impacta-morro-do-vidigal\/#primaryimage\",\"url\":\"https:\/\/www.pressenza.com\/wp-content\/uploads\/2021\/03\/saraugiramundo.jpg\",\"contentUrl\":\"https:\/\/www.pressenza.com\/wp-content\/uploads\/2021\/03\/saraugiramundo.jpg\",\"width\":750,\"height\":420},{\"@type\":\"BreadcrumbList\",\"@id\":\"https:\/\/www.pressenza.com\/pt-pt\/2021\/03\/sarau-giramundo-2021-producao-de-primeira-linha-impacta-morro-do-vidigal\/#breadcrumb\",\"itemListElement\":[{\"@type\":\"ListItem\",\"position\":1,\"name\":\"Accueil\",\"item\":\"https:\/\/www.pressenza.com\/pt-pt\/\"},{\"@type\":\"ListItem\",\"position\":2,\"name\":\"SARAU GIRAMUNDO 2021 Produ\u00e7\u00e3o de Primeira-Linha Impacta Morro do Vidigal\"}]},{\"@type\":\"WebSite\",\"@id\":\"https:\/\/www.pressenza.com\/pt-pt\/#website\",\"url\":\"https:\/\/www.pressenza.com\/pt-pt\/\",\"name\":\"Pressenza\",\"description\":\"International Press Agency\",\"publisher\":{\"@id\":\"https:\/\/www.pressenza.com\/pt-pt\/#organization\"},\"potentialAction\":[{\"@type\":\"SearchAction\",\"target\":{\"@type\":\"EntryPoint\",\"urlTemplate\":\"https:\/\/www.pressenza.com\/pt-pt\/?s={search_term_string}\"},\"query-input\":{\"@type\":\"PropertyValueSpecification\",\"valueRequired\":true,\"valueName\":\"search_term_string\"}}],\"inLanguage\":\"pt-PT\"},{\"@type\":\"Organization\",\"@id\":\"https:\/\/www.pressenza.com\/pt-pt\/#organization\",\"name\":\"Pressenza\",\"url\":\"https:\/\/www.pressenza.com\/pt-pt\/\",\"logo\":{\"@type\":\"ImageObject\",\"inLanguage\":\"pt-PT\",\"@id\":\"https:\/\/www.pressenza.com\/pt-pt\/#\/schema\/logo\/image\/\",\"url\":\"https:\/\/www.pressenza.com\/wp-content\/uploads\/2022\/10\/pressenza_logo_200x200.jpg\",\"contentUrl\":\"https:\/\/www.pressenza.com\/wp-content\/uploads\/2022\/10\/pressenza_logo_200x200.jpg\",\"width\":200,\"height\":200,\"caption\":\"Pressenza\"},\"image\":{\"@id\":\"https:\/\/www.pressenza.com\/pt-pt\/#\/schema\/logo\/image\/\"},\"sameAs\":[\"https:\/\/www.facebook.com\/PressenzaItalia\",\"https:\/\/x.com\/PressenzaIPA\"]},{\"@type\":\"Person\",\"@id\":\"https:\/\/www.pressenza.com\/pt-pt\/#\/schema\/person\/0197143727be49985197bd5405dc448f\",\"name\":\"Mauro Viana\",\"description\":\"Pesquisador, jornalista, escritor e produtor cultural - diretor-presidente da Associa\u00e7\u00e3o Cultural Rep\u00fablica do Samba\",\"url\":\"https:\/\/www.pressenza.com\/pt-pt\/author\/mauro-viana\/\"}]}<\/script>\n<!-- \/ Yoast SEO plugin. -->","yoast_head_json":{"title":"SARAU GIRAMUNDO 2021 Produ\u00e7\u00e3o de Primeira-Linha Impacta Morro do Vidigal","description":"CULTURA &nbsp; &nbsp; NOTA PRETA -\u00a0Por Mauro Viana &nbsp; &nbsp; Na \u00faltima sexta-feira, dia de mar\u00e7o de 2021, a equipe da coluna NOTA PRETA subiu o Morro","robots":{"index":"index","follow":"follow","max-snippet":"max-snippet:-1","max-image-preview":"max-image-preview:large","max-video-preview":"max-video-preview:-1"},"canonical":"https:\/\/www.pressenza.com\/pt-pt\/2021\/03\/sarau-giramundo-2021-producao-de-primeira-linha-impacta-morro-do-vidigal\/","og_locale":"pt_PT","og_type":"article","og_title":"SARAU GIRAMUNDO 2021 Produ\u00e7\u00e3o de Primeira-Linha Impacta Morro do Vidigal","og_description":"CULTURA &nbsp; &nbsp; NOTA PRETA -\u00a0Por Mauro Viana &nbsp; &nbsp; Na \u00faltima sexta-feira, dia de mar\u00e7o de 2021, a equipe da coluna NOTA PRETA subiu o Morro","og_url":"https:\/\/www.pressenza.com\/pt-pt\/2021\/03\/sarau-giramundo-2021-producao-de-primeira-linha-impacta-morro-do-vidigal\/","og_site_name":"Pressenza","article_publisher":"https:\/\/www.facebook.com\/PressenzaItalia","article_published_time":"2021-03-06T20:50:31+00:00","og_image":[{"width":750,"height":420,"url":"https:\/\/www.pressenza.com\/wp-content\/uploads\/2021\/03\/saraugiramundo.jpg","type":"image\/jpeg"}],"author":"Mauro Viana","twitter_card":"summary_large_image","twitter_creator":"@PressenzaIPA","twitter_site":"@PressenzaIPA","twitter_misc":{"Escrito por":"Mauro Viana","Tempo estimado de leitura":"2 minutos"},"schema":{"@context":"https:\/\/schema.org","@graph":[{"@type":"Article","@id":"https:\/\/www.pressenza.com\/pt-pt\/2021\/03\/sarau-giramundo-2021-producao-de-primeira-linha-impacta-morro-do-vidigal\/#article","isPartOf":{"@id":"https:\/\/www.pressenza.com\/pt-pt\/2021\/03\/sarau-giramundo-2021-producao-de-primeira-linha-impacta-morro-do-vidigal\/"},"author":{"name":"Mauro Viana","@id":"https:\/\/www.pressenza.com\/pt-pt\/#\/schema\/person\/0197143727be49985197bd5405dc448f"},"headline":"SARAU GIRAMUNDO 2021 Produ\u00e7\u00e3o de Primeira-Linha Impacta Morro do Vidigal","datePublished":"2021-03-06T20:50:31+00:00","mainEntityOfPage":{"@id":"https:\/\/www.pressenza.com\/pt-pt\/2021\/03\/sarau-giramundo-2021-producao-de-primeira-linha-impacta-morro-do-vidigal\/"},"wordCount":482,"publisher":{"@id":"https:\/\/www.pressenza.com\/pt-pt\/#organization"},"image":{"@id":"https:\/\/www.pressenza.com\/pt-pt\/2021\/03\/sarau-giramundo-2021-producao-de-primeira-linha-impacta-morro-do-vidigal\/#primaryimage"},"thumbnailUrl":"https:\/\/www.pressenza.com\/wp-content\/uploads\/2021\/03\/saraugiramundo.jpg","keywords":["cultura","morro do vidigal","sarau giramundo"],"articleSection":["\u00c1m\u00e9rica do Sul","Conte\u00fado Original","Cultura e M\u00eddia","Nota de imprensa"],"inLanguage":"pt-PT"},{"@type":"WebPage","@id":"https:\/\/www.pressenza.com\/pt-pt\/2021\/03\/sarau-giramundo-2021-producao-de-primeira-linha-impacta-morro-do-vidigal\/","url":"https:\/\/www.pressenza.com\/pt-pt\/2021\/03\/sarau-giramundo-2021-producao-de-primeira-linha-impacta-morro-do-vidigal\/","name":"SARAU GIRAMUNDO 2021 Produ\u00e7\u00e3o de Primeira-Linha Impacta Morro do Vidigal","isPartOf":{"@id":"https:\/\/www.pressenza.com\/pt-pt\/#website"},"primaryImageOfPage":{"@id":"https:\/\/www.pressenza.com\/pt-pt\/2021\/03\/sarau-giramundo-2021-producao-de-primeira-linha-impacta-morro-do-vidigal\/#primaryimage"},"image":{"@id":"https:\/\/www.pressenza.com\/pt-pt\/2021\/03\/sarau-giramundo-2021-producao-de-primeira-linha-impacta-morro-do-vidigal\/#primaryimage"},"thumbnailUrl":"https:\/\/www.pressenza.com\/wp-content\/uploads\/2021\/03\/saraugiramundo.jpg","datePublished":"2021-03-06T20:50:31+00:00","description":"CULTURA &nbsp; &nbsp; NOTA PRETA -\u00a0Por Mauro Viana &nbsp; &nbsp; Na \u00faltima sexta-feira, dia de mar\u00e7o de 2021, a equipe da coluna NOTA PRETA subiu o Morro","breadcrumb":{"@id":"https:\/\/www.pressenza.com\/pt-pt\/2021\/03\/sarau-giramundo-2021-producao-de-primeira-linha-impacta-morro-do-vidigal\/#breadcrumb"},"inLanguage":"pt-PT","potentialAction":[{"@type":"ReadAction","target":["https:\/\/www.pressenza.com\/pt-pt\/2021\/03\/sarau-giramundo-2021-producao-de-primeira-linha-impacta-morro-do-vidigal\/"]}]},{"@type":"ImageObject","inLanguage":"pt-PT","@id":"https:\/\/www.pressenza.com\/pt-pt\/2021\/03\/sarau-giramundo-2021-producao-de-primeira-linha-impacta-morro-do-vidigal\/#primaryimage","url":"https:\/\/www.pressenza.com\/wp-content\/uploads\/2021\/03\/saraugiramundo.jpg","contentUrl":"https:\/\/www.pressenza.com\/wp-content\/uploads\/2021\/03\/saraugiramundo.jpg","width":750,"height":420},{"@type":"BreadcrumbList","@id":"https:\/\/www.pressenza.com\/pt-pt\/2021\/03\/sarau-giramundo-2021-producao-de-primeira-linha-impacta-morro-do-vidigal\/#breadcrumb","itemListElement":[{"@type":"ListItem","position":1,"name":"Accueil","item":"https:\/\/www.pressenza.com\/pt-pt\/"},{"@type":"ListItem","position":2,"name":"SARAU GIRAMUNDO 2021 Produ\u00e7\u00e3o de Primeira-Linha Impacta Morro do Vidigal"}]},{"@type":"WebSite","@id":"https:\/\/www.pressenza.com\/pt-pt\/#website","url":"https:\/\/www.pressenza.com\/pt-pt\/","name":"Pressenza","description":"International Press Agency","publisher":{"@id":"https:\/\/www.pressenza.com\/pt-pt\/#organization"},"potentialAction":[{"@type":"SearchAction","target":{"@type":"EntryPoint","urlTemplate":"https:\/\/www.pressenza.com\/pt-pt\/?s={search_term_string}"},"query-input":{"@type":"PropertyValueSpecification","valueRequired":true,"valueName":"search_term_string"}}],"inLanguage":"pt-PT"},{"@type":"Organization","@id":"https:\/\/www.pressenza.com\/pt-pt\/#organization","name":"Pressenza","url":"https:\/\/www.pressenza.com\/pt-pt\/","logo":{"@type":"ImageObject","inLanguage":"pt-PT","@id":"https:\/\/www.pressenza.com\/pt-pt\/#\/schema\/logo\/image\/","url":"https:\/\/www.pressenza.com\/wp-content\/uploads\/2022\/10\/pressenza_logo_200x200.jpg","contentUrl":"https:\/\/www.pressenza.com\/wp-content\/uploads\/2022\/10\/pressenza_logo_200x200.jpg","width":200,"height":200,"caption":"Pressenza"},"image":{"@id":"https:\/\/www.pressenza.com\/pt-pt\/#\/schema\/logo\/image\/"},"sameAs":["https:\/\/www.facebook.com\/PressenzaItalia","https:\/\/x.com\/PressenzaIPA"]},{"@type":"Person","@id":"https:\/\/www.pressenza.com\/pt-pt\/#\/schema\/person\/0197143727be49985197bd5405dc448f","name":"Mauro Viana","description":"Pesquisador, jornalista, escritor e produtor cultural - diretor-presidente da Associa\u00e7\u00e3o Cultural Rep\u00fablica do Samba","url":"https:\/\/www.pressenza.com\/pt-pt\/author\/mauro-viana\/"}]}},"place":"Rio de Janeiro, Brasil","original_article_url":"","_links":{"self":[{"href":"https:\/\/www.pressenza.com\/pt-pt\/wp-json\/wp\/v2\/posts\/1310684","targetHints":{"allow":["GET"]}}],"collection":[{"href":"https:\/\/www.pressenza.com\/pt-pt\/wp-json\/wp\/v2\/posts"}],"about":[{"href":"https:\/\/www.pressenza.com\/pt-pt\/wp-json\/wp\/v2\/types\/post"}],"author":[{"embeddable":true,"href":"https:\/\/www.pressenza.com\/pt-pt\/wp-json\/wp\/v2\/users\/1923"}],"replies":[{"embeddable":true,"href":"https:\/\/www.pressenza.com\/pt-pt\/wp-json\/wp\/v2\/comments?post=1310684"}],"version-history":[{"count":0,"href":"https:\/\/www.pressenza.com\/pt-pt\/wp-json\/wp\/v2\/posts\/1310684\/revisions"}],"wp:featuredmedia":[{"embeddable":true,"href":"https:\/\/www.pressenza.com\/pt-pt\/wp-json\/wp\/v2\/media\/1310927"}],"wp:attachment":[{"href":"https:\/\/www.pressenza.com\/pt-pt\/wp-json\/wp\/v2\/media?parent=1310684"}],"wp:term":[{"taxonomy":"category","embeddable":true,"href":"https:\/\/www.pressenza.com\/pt-pt\/wp-json\/wp\/v2\/categories?post=1310684"},{"taxonomy":"post_tag","embeddable":true,"href":"https:\/\/www.pressenza.com\/pt-pt\/wp-json\/wp\/v2\/tags?post=1310684"}],"curies":[{"name":"wp","href":"https:\/\/api.w.org\/{rel}","templated":true}]}}