{"id":1310033,"date":"2021-03-05T23:14:14","date_gmt":"2021-03-05T23:14:14","guid":{"rendered":"https:\/\/www.pressenza.com\/?p=1310033"},"modified":"2021-03-05T23:14:14","modified_gmt":"2021-03-05T23:14:14","slug":"covid-volta-as-aulas-e-o-apocalipse-de-julho-de-2022","status":"publish","type":"post","link":"https:\/\/www.pressenza.com\/pt-pt\/2021\/03\/covid-volta-as-aulas-e-o-apocalipse-de-julho-de-2022\/","title":{"rendered":"Covid, volta \u00e0s aulas e o apocalipse de julho de 2022"},"content":{"rendered":"<p><em>Por Aram Aharonian<\/em><\/p>\n<p>A Am\u00e9rica Latina viu seus piores press\u00e1gios se cumprirem h\u00e1 um ano: um brasileiro que chegou da It\u00e1lia deu positivo para covid-19, em S\u00e3o Paulo, em 26 de fevereiro de 2020 e disparou alarmes na regi\u00e3o, que possui sistemas de sa\u00fade \u2013 talvez \u2013 mais fr\u00e1geis do que a Europa. Desde ent\u00e3o, 21 milh\u00f5es de latino-americanos foram infectados e quase 700.000 morreram.<\/p>\n<p>Hoje, a convoca\u00e7\u00e3o para o retorno \u00e0s salas de aula parece ser um denominador comum de muitos dos governos da Am\u00e9rica Latina, que agendaram o m\u00eas de mar\u00e7o para essa convocat\u00f3ria. A propaganda oficial, disfar\u00e7ada de discurso de legitima\u00e7\u00e3o, com narrativas da Unesco e da Unicef, tenta esconder os enormes interesses comerciais que est\u00e3o por tr\u00e1s dessa convoca\u00e7\u00e3o.<\/p>\n<p>Enquanto isso, o desastre econ\u00f4mico amea\u00e7a dificultar os avan\u00e7os conseguidos e o futuro de uma regi\u00e3o que perdeu os caminhos da integra\u00e7\u00e3o e da unidade, t\u00e3o necess\u00e1rias em tempos de crises econ\u00f4micas, sociais, de sa\u00fade e ambientais.<\/p>\n<p>Mas n\u00e3o clame a vit\u00f3ria: dois s\u00e1bios t\u00e9cnicos do Fundo Monet\u00e1rio Internacional (FMI) tra\u00e7aram o poss\u00edvel cen\u00e1rio p\u00f3s-pandemia para julho de 2022, em que os governos pensam que o pior j\u00e1 passou, ap\u00f3s uma exaustiva campanha de vacina\u00e7\u00e3o e pacotes de reativa\u00e7\u00e3o econ\u00f4mica bilion\u00e1rios: o mundo, de repente, inflama-se, h\u00e1 batalhas campais em centenas de cidades e edif\u00edcios em chamas s\u00e3o projetados em milh\u00f5es de telas de televis\u00e3o. Os governos caem em elei\u00e7\u00f5es tumultuadas. Apocalipse no pr\u00f3ximo ano.<\/p>\n<p>Philip Barrett e Sophia Chen, t\u00e9cnicos do FMI, em seu relat\u00f3rio<em>\u00a0As repercuss\u00f5es sociais das pandemias <\/em>(janeiro de 2021), apontam que uma pandemia \u201crevela as fraturas j\u00e1 existentes na sociedade: a falta de prote\u00e7\u00e3o social, a desconfian\u00e7a nas institui\u00e7\u00f5es, a percep\u00e7\u00e3o de incompet\u00eancia ou corrup\u00e7\u00e3o dos governos\u201d.<\/p>\n<p>Com base na an\u00e1lise de milh\u00f5es de artigos publicados na imprensa desde 1985, em 130 pa\u00edses, o FMI desenvolveu um \u00edndice de agita\u00e7\u00e3o social que permite quantificar a probabilidade de uma explos\u00e3o de protestos como consequ\u00eancia da pandemia. Os t\u00e9cnicos relacionam os casos de explos\u00f5es sociais com 11 mil eventos diferentes ocorridos desde a d\u00e9cada de 1980: desastres naturais, como enchentes, terremotos ou furac\u00f5es, al\u00e9m de epidemias.<\/p>\n<p>Os especialistas descobrem &#8220;uma rela\u00e7\u00e3o positiva e significativa&#8221; entre desastres, epidemias e agita\u00e7\u00f5es sociais. Muitos de n\u00f3s entenderam essa correla\u00e7\u00e3o por experi\u00eancia, ou instintivamente, mas o que \u00e9 interessante na an\u00e1lise do FMI \u00e9 a rela\u00e7\u00e3o cronol\u00f3gica que ela identifica entre epidemias e agita\u00e7\u00f5es sociais, onde h\u00e1 um efeito de retardo significativo de at\u00e9 dois anos que separam o momento cr\u00edtico da epidemia do momento em que come\u00e7am as rebeli\u00f5es.<\/p>\n<h4>Continuamos sofrendo<\/h4>\n<p>Um total de 20.747.458 casos de covid-19 foi registrado na Am\u00e9rica Latina e no Caribe. O Brasil \u00e9 o pa\u00eds mais afetado por essa pandemia na regi\u00e3o, com cerca de 10,5 milh\u00f5es de casos confirmados e 254 mil mortes. A Col\u00f4mbia est\u00e1 em segundo lugar, com mais de 2,2 milh\u00f5es de infectados e quase 60 mil mortes. M\u00e9xico e Argentina registraram pouco mais de dois milh\u00f5es de infec\u00e7\u00f5es, com 185 mil e 52 mil mortes, respectivamente.<\/p>\n<p>A chegada das primeiras vacinas oferece esperan\u00e7a, mas o acesso desigual a mais lotes, o desafio log\u00edstico e a lentid\u00e3o na distribui\u00e7\u00e3o, al\u00e9m da corrup\u00e7\u00e3o, convidam \u00e0 cautela. Al\u00e9m disso, as novas variantes mostram que o v\u00edrus est\u00e1 longe de ser controlado na regi\u00e3o que \u00e9 o epicentro global da pandemia. \u201cQuero enfatizar que, certamente, n\u00e3o estamos fora de perigo\u201d, afirmou a diretora-geral da Organiza\u00e7\u00e3o Pan-Americana da Sa\u00fade (OPAS), Carissa F. Etienne.<\/p>\n<p>O impacto de uma pandemia de um ano se enfocou em mulheres, estudantes pobres, a classe m\u00e9dia e, claro, pessoas com comorbidades e idosos. S\u00e3o eles os grandes perdedores na regi\u00e3o. Impacto intensificado na Am\u00e9rica Central, que enfrentou a crise sanit\u00e1ria e o assalto dos furac\u00f5es Eta e Iota, em outubro e novembro, com pessoas em abrigos, incapazes de se isolar. A Comiss\u00e3o Econ\u00f4mica para a Am\u00e9rica Latina e o Caribe (Cepal) alertou que 2,7 milh\u00f5es de empresas na Am\u00e9rica Latina ser\u00e3o fechadas e haver\u00e1 a perda de, aproximadamente, nove milh\u00f5es de empregos.<\/p>\n<h4>A educa\u00e7\u00e3o<\/h4>\n<p>Voltando \u00e0 educa\u00e7\u00e3o e \u00e0 pandemia, as condi\u00e7\u00f5es materiais de vida da popula\u00e7\u00e3o de alunos e professores foram e continuam a ser seriamente afetadas pela covid-19. Muitas fam\u00edlias sofreram seus efeitos devastadores e, agora, os governos, sem vacinar professores e alunos previamente, est\u00e3o buscando a reabertura geral ou parcial das escolas, o que viola o direito humano \u00e0 vida.<\/p>\n<p>A precariedade das condi\u00e7\u00f5es de biosseguran\u00e7a e o apoio institucional limitado ou inexistente para garantir os protocolos que ela acarreta podem levar a uma trag\u00e9dia que afetar\u00e1, fundamentalmente, os trabalhadores da educa\u00e7\u00e3o e, sobretudo, os filhos de fam\u00edlias com menos recursos, aponta<em>\u00a0Outras vozes na educa\u00e7\u00e3o<\/em>.<\/p>\n<p>Em toda a Am\u00e9rica Latina e no Caribe, os sal\u00e1rios dos professores se deterioraram, enquanto, aproveitando a prec\u00e1ria capacidade de mobiliza\u00e7\u00e3o dos professores, importantes conquistas sociais est\u00e3o sendo atacadas.<\/p>\n<p><em>*Periodista y comunic\u00f3logo uruguayo. Mag\u00edster en Integraci\u00f3n. Fundador de Telesur. Preside la Fundaci\u00f3n para la Integraci\u00f3n Latinoamericana (FILA) y dirige el <\/em><em>Centro Latinoamericano de An\u00e1lisis Estrat\u00e9gico (CLAE, <a href=\"http:\/\/www.estrategia.la\" target=\"_blank\" rel=\"noopener\" data-saferedirecturl=\"https:\/\/www.google.com\/url?q=http:\/\/www.estrategia.la&amp;source=gmail&amp;ust=1614713710099000&amp;usg=AFQjCNEpFBALR8ElBdVYEL5vkSlMY4QIVw\">www.estrategia.la<\/a>) y susrysurtv.<\/em><\/p>\n<p>&nbsp;<\/p>\n<div style=\"position: relative; overflow: hidden; width: 100%; padding-top: 56.25%;\"><iframe style=\"position: absolute; top: 0; left: 0; bottom: 0; right: 0; width: 100%; height: 100%;\" src=\"https:\/\/www.universal-video.com\/pressenza.php?url=933331207-\" allowfullscreen=\"allowfullscreen\" data-mce-fragment=\"1\"><\/iframe><\/div>\n<div><\/div>\n<hr \/>\n<p>&nbsp;<\/p>\n<p><em>Traduzido do espanhol por M\u00e9rcia Santos \/ Revisado por Gra\u00e7a Pinheiro<\/em><\/p>\n","protected":false},"excerpt":{"rendered":"<p>Por Aram Aharonian A Am\u00e9rica Latina viu seus piores press\u00e1gios se cumprirem h\u00e1 um ano: um brasileiro que chegou da It\u00e1lia deu positivo para covid-19, em S\u00e3o Paulo, em 26 de fevereiro de 2020 e disparou alarmes na regi\u00e3o, que&hellip;<\/p>\n","protected":false},"author":1415,"featured_media":1310035,"comment_status":"closed","ping_status":"closed","sticky":false,"template":"","format":"standard","meta":{"footnotes":""},"categories":[116,1252,165,1253,22288],"tags":[88104,88105,88103],"class_list":["post-1310033","post","type-post","status-publish","format-standard","has-post-thumbnail","hentry","category-direitos-humanos","category-educacao","category-opiniao","category-saude","category-video-pt","tag-catastrofe-social-pt-pt","tag-covid-18-pt-pt","tag-deterioracao-da-educacao"],"yoast_head":"<!-- This site is optimized with the Yoast SEO plugin v27.1.1 - https:\/\/yoast.com\/product\/yoast-seo-wordpress\/ -->\n<title>Covid, volta \u00e0s aulas e o apocalipse de julho de 2022<\/title>\n<meta name=\"description\" content=\"Por Aram Aharonian A Am\u00e9rica Latina viu seus piores press\u00e1gios se cumprirem h\u00e1 um ano: um brasileiro que chegou da It\u00e1lia deu positivo para covid-19, em\" \/>\n<meta name=\"robots\" content=\"index, follow, max-snippet:-1, max-image-preview:large, max-video-preview:-1\" \/>\n<link rel=\"canonical\" href=\"https:\/\/www.pressenza.com\/pt-pt\/2021\/03\/covid-volta-as-aulas-e-o-apocalipse-de-julho-de-2022\/\" \/>\n<meta property=\"og:locale\" content=\"pt_PT\" \/>\n<meta property=\"og:type\" content=\"article\" \/>\n<meta property=\"og:title\" content=\"Covid, volta \u00e0s aulas e o apocalipse de julho de 2022\" \/>\n<meta property=\"og:description\" content=\"Por Aram Aharonian A Am\u00e9rica Latina viu seus piores press\u00e1gios se cumprirem h\u00e1 um ano: um brasileiro que chegou da It\u00e1lia deu positivo para covid-19, em\" \/>\n<meta property=\"og:url\" content=\"https:\/\/www.pressenza.com\/pt-pt\/2021\/03\/covid-volta-as-aulas-e-o-apocalipse-de-julho-de-2022\/\" \/>\n<meta property=\"og:site_name\" content=\"Pressenza\" \/>\n<meta property=\"article:publisher\" content=\"https:\/\/www.facebook.com\/PressenzaItalia\" \/>\n<meta property=\"article:published_time\" content=\"2021-03-05T23:14:14+00:00\" \/>\n<meta property=\"og:image\" content=\"https:\/\/www.pressenza.com\/wp-content\/uploads\/2021\/03\/covid-distanciamiento-1.jpg\" \/>\n\t<meta property=\"og:image:width\" content=\"546\" \/>\n\t<meta property=\"og:image:height\" content=\"364\" \/>\n\t<meta property=\"og:image:type\" content=\"image\/jpeg\" \/>\n<meta name=\"author\" content=\"Aram Aharonian\" \/>\n<meta name=\"twitter:card\" content=\"summary_large_image\" \/>\n<meta name=\"twitter:creator\" content=\"@PressenzaIPA\" \/>\n<meta name=\"twitter:site\" content=\"@PressenzaIPA\" \/>\n<meta name=\"twitter:label1\" content=\"Escrito por\" \/>\n\t<meta name=\"twitter:data1\" content=\"Aram Aharonian\" \/>\n\t<meta name=\"twitter:label2\" content=\"Tempo estimado de leitura\" \/>\n\t<meta name=\"twitter:data2\" content=\"5 minutos\" \/>\n<script type=\"application\/ld+json\" class=\"yoast-schema-graph\">{\"@context\":\"https:\/\/schema.org\",\"@graph\":[{\"@type\":\"Article\",\"@id\":\"https:\/\/www.pressenza.com\/pt-pt\/2021\/03\/covid-volta-as-aulas-e-o-apocalipse-de-julho-de-2022\/#article\",\"isPartOf\":{\"@id\":\"https:\/\/www.pressenza.com\/pt-pt\/2021\/03\/covid-volta-as-aulas-e-o-apocalipse-de-julho-de-2022\/\"},\"author\":{\"name\":\"Aram Aharonian\",\"@id\":\"https:\/\/www.pressenza.com\/pt-pt\/#\/schema\/person\/777c39c93856c085c6d5931778fbf85f\"},\"headline\":\"Covid, volta \u00e0s aulas e o apocalipse de julho de 2022\",\"datePublished\":\"2021-03-05T23:14:14+00:00\",\"mainEntityOfPage\":{\"@id\":\"https:\/\/www.pressenza.com\/pt-pt\/2021\/03\/covid-volta-as-aulas-e-o-apocalipse-de-julho-de-2022\/\"},\"wordCount\":967,\"publisher\":{\"@id\":\"https:\/\/www.pressenza.com\/pt-pt\/#organization\"},\"image\":{\"@id\":\"https:\/\/www.pressenza.com\/pt-pt\/2021\/03\/covid-volta-as-aulas-e-o-apocalipse-de-julho-de-2022\/#primaryimage\"},\"thumbnailUrl\":\"https:\/\/www.pressenza.com\/wp-content\/uploads\/2021\/03\/covid-distanciamiento-1.jpg\",\"keywords\":[\"cat\u00e1strofe social\",\"covid-18\",\"deteriora\u00e7\u00e3o da educa\u00e7\u00e3o\"],\"articleSection\":[\"Direitos Humanos\",\"Educa\u00e7\u00e3o\",\"Opini\u00e3o\",\"Sa\u00fade\",\"Video\"],\"inLanguage\":\"pt-PT\"},{\"@type\":\"WebPage\",\"@id\":\"https:\/\/www.pressenza.com\/pt-pt\/2021\/03\/covid-volta-as-aulas-e-o-apocalipse-de-julho-de-2022\/\",\"url\":\"https:\/\/www.pressenza.com\/pt-pt\/2021\/03\/covid-volta-as-aulas-e-o-apocalipse-de-julho-de-2022\/\",\"name\":\"Covid, volta \u00e0s aulas e o apocalipse de julho de 2022\",\"isPartOf\":{\"@id\":\"https:\/\/www.pressenza.com\/pt-pt\/#website\"},\"primaryImageOfPage\":{\"@id\":\"https:\/\/www.pressenza.com\/pt-pt\/2021\/03\/covid-volta-as-aulas-e-o-apocalipse-de-julho-de-2022\/#primaryimage\"},\"image\":{\"@id\":\"https:\/\/www.pressenza.com\/pt-pt\/2021\/03\/covid-volta-as-aulas-e-o-apocalipse-de-julho-de-2022\/#primaryimage\"},\"thumbnailUrl\":\"https:\/\/www.pressenza.com\/wp-content\/uploads\/2021\/03\/covid-distanciamiento-1.jpg\",\"datePublished\":\"2021-03-05T23:14:14+00:00\",\"description\":\"Por Aram Aharonian A Am\u00e9rica Latina viu seus piores press\u00e1gios se cumprirem h\u00e1 um ano: um brasileiro que chegou da It\u00e1lia deu positivo para covid-19, em\",\"breadcrumb\":{\"@id\":\"https:\/\/www.pressenza.com\/pt-pt\/2021\/03\/covid-volta-as-aulas-e-o-apocalipse-de-julho-de-2022\/#breadcrumb\"},\"inLanguage\":\"pt-PT\",\"potentialAction\":[{\"@type\":\"ReadAction\",\"target\":[\"https:\/\/www.pressenza.com\/pt-pt\/2021\/03\/covid-volta-as-aulas-e-o-apocalipse-de-julho-de-2022\/\"]}]},{\"@type\":\"ImageObject\",\"inLanguage\":\"pt-PT\",\"@id\":\"https:\/\/www.pressenza.com\/pt-pt\/2021\/03\/covid-volta-as-aulas-e-o-apocalipse-de-julho-de-2022\/#primaryimage\",\"url\":\"https:\/\/www.pressenza.com\/wp-content\/uploads\/2021\/03\/covid-distanciamiento-1.jpg\",\"contentUrl\":\"https:\/\/www.pressenza.com\/wp-content\/uploads\/2021\/03\/covid-distanciamiento-1.jpg\",\"width\":546,\"height\":364},{\"@type\":\"BreadcrumbList\",\"@id\":\"https:\/\/www.pressenza.com\/pt-pt\/2021\/03\/covid-volta-as-aulas-e-o-apocalipse-de-julho-de-2022\/#breadcrumb\",\"itemListElement\":[{\"@type\":\"ListItem\",\"position\":1,\"name\":\"Accueil\",\"item\":\"https:\/\/www.pressenza.com\/pt-pt\/\"},{\"@type\":\"ListItem\",\"position\":2,\"name\":\"Covid, volta \u00e0s aulas e o apocalipse de julho de 2022\"}]},{\"@type\":\"WebSite\",\"@id\":\"https:\/\/www.pressenza.com\/pt-pt\/#website\",\"url\":\"https:\/\/www.pressenza.com\/pt-pt\/\",\"name\":\"Pressenza\",\"description\":\"International Press Agency\",\"publisher\":{\"@id\":\"https:\/\/www.pressenza.com\/pt-pt\/#organization\"},\"potentialAction\":[{\"@type\":\"SearchAction\",\"target\":{\"@type\":\"EntryPoint\",\"urlTemplate\":\"https:\/\/www.pressenza.com\/pt-pt\/?s={search_term_string}\"},\"query-input\":{\"@type\":\"PropertyValueSpecification\",\"valueRequired\":true,\"valueName\":\"search_term_string\"}}],\"inLanguage\":\"pt-PT\"},{\"@type\":\"Organization\",\"@id\":\"https:\/\/www.pressenza.com\/pt-pt\/#organization\",\"name\":\"Pressenza\",\"url\":\"https:\/\/www.pressenza.com\/pt-pt\/\",\"logo\":{\"@type\":\"ImageObject\",\"inLanguage\":\"pt-PT\",\"@id\":\"https:\/\/www.pressenza.com\/pt-pt\/#\/schema\/logo\/image\/\",\"url\":\"https:\/\/www.pressenza.com\/wp-content\/uploads\/2022\/10\/pressenza_logo_200x200.jpg\",\"contentUrl\":\"https:\/\/www.pressenza.com\/wp-content\/uploads\/2022\/10\/pressenza_logo_200x200.jpg\",\"width\":200,\"height\":200,\"caption\":\"Pressenza\"},\"image\":{\"@id\":\"https:\/\/www.pressenza.com\/pt-pt\/#\/schema\/logo\/image\/\"},\"sameAs\":[\"https:\/\/www.facebook.com\/PressenzaItalia\",\"https:\/\/x.com\/PressenzaIPA\"]},{\"@type\":\"Person\",\"@id\":\"https:\/\/www.pressenza.com\/pt-pt\/#\/schema\/person\/777c39c93856c085c6d5931778fbf85f\",\"name\":\"Aram Aharonian\",\"description\":\"Magister en Integraci\u00f3n, periodista y docente uruguayo, fundador de Telesur, director del Observatorio en Comunicaci\u00f3n y Democracia, presidente de la Fundaci\u00f3n para la Integraci\u00f3n Latinoamericana.\",\"url\":\"https:\/\/www.pressenza.com\/pt-pt\/author\/aram-aharonian\/\"}]}<\/script>\n<!-- \/ Yoast SEO plugin. -->","yoast_head_json":{"title":"Covid, volta \u00e0s aulas e o apocalipse de julho de 2022","description":"Por Aram Aharonian A Am\u00e9rica Latina viu seus piores press\u00e1gios se cumprirem h\u00e1 um ano: um brasileiro que chegou da It\u00e1lia deu positivo para covid-19, em","robots":{"index":"index","follow":"follow","max-snippet":"max-snippet:-1","max-image-preview":"max-image-preview:large","max-video-preview":"max-video-preview:-1"},"canonical":"https:\/\/www.pressenza.com\/pt-pt\/2021\/03\/covid-volta-as-aulas-e-o-apocalipse-de-julho-de-2022\/","og_locale":"pt_PT","og_type":"article","og_title":"Covid, volta \u00e0s aulas e o apocalipse de julho de 2022","og_description":"Por Aram Aharonian A Am\u00e9rica Latina viu seus piores press\u00e1gios se cumprirem h\u00e1 um ano: um brasileiro que chegou da It\u00e1lia deu positivo para covid-19, em","og_url":"https:\/\/www.pressenza.com\/pt-pt\/2021\/03\/covid-volta-as-aulas-e-o-apocalipse-de-julho-de-2022\/","og_site_name":"Pressenza","article_publisher":"https:\/\/www.facebook.com\/PressenzaItalia","article_published_time":"2021-03-05T23:14:14+00:00","og_image":[{"width":546,"height":364,"url":"https:\/\/www.pressenza.com\/wp-content\/uploads\/2021\/03\/covid-distanciamiento-1.jpg","type":"image\/jpeg"}],"author":"Aram Aharonian","twitter_card":"summary_large_image","twitter_creator":"@PressenzaIPA","twitter_site":"@PressenzaIPA","twitter_misc":{"Escrito por":"Aram Aharonian","Tempo estimado de leitura":"5 minutos"},"schema":{"@context":"https:\/\/schema.org","@graph":[{"@type":"Article","@id":"https:\/\/www.pressenza.com\/pt-pt\/2021\/03\/covid-volta-as-aulas-e-o-apocalipse-de-julho-de-2022\/#article","isPartOf":{"@id":"https:\/\/www.pressenza.com\/pt-pt\/2021\/03\/covid-volta-as-aulas-e-o-apocalipse-de-julho-de-2022\/"},"author":{"name":"Aram Aharonian","@id":"https:\/\/www.pressenza.com\/pt-pt\/#\/schema\/person\/777c39c93856c085c6d5931778fbf85f"},"headline":"Covid, volta \u00e0s aulas e o apocalipse de julho de 2022","datePublished":"2021-03-05T23:14:14+00:00","mainEntityOfPage":{"@id":"https:\/\/www.pressenza.com\/pt-pt\/2021\/03\/covid-volta-as-aulas-e-o-apocalipse-de-julho-de-2022\/"},"wordCount":967,"publisher":{"@id":"https:\/\/www.pressenza.com\/pt-pt\/#organization"},"image":{"@id":"https:\/\/www.pressenza.com\/pt-pt\/2021\/03\/covid-volta-as-aulas-e-o-apocalipse-de-julho-de-2022\/#primaryimage"},"thumbnailUrl":"https:\/\/www.pressenza.com\/wp-content\/uploads\/2021\/03\/covid-distanciamiento-1.jpg","keywords":["cat\u00e1strofe social","covid-18","deteriora\u00e7\u00e3o da educa\u00e7\u00e3o"],"articleSection":["Direitos Humanos","Educa\u00e7\u00e3o","Opini\u00e3o","Sa\u00fade","Video"],"inLanguage":"pt-PT"},{"@type":"WebPage","@id":"https:\/\/www.pressenza.com\/pt-pt\/2021\/03\/covid-volta-as-aulas-e-o-apocalipse-de-julho-de-2022\/","url":"https:\/\/www.pressenza.com\/pt-pt\/2021\/03\/covid-volta-as-aulas-e-o-apocalipse-de-julho-de-2022\/","name":"Covid, volta \u00e0s aulas e o apocalipse de julho de 2022","isPartOf":{"@id":"https:\/\/www.pressenza.com\/pt-pt\/#website"},"primaryImageOfPage":{"@id":"https:\/\/www.pressenza.com\/pt-pt\/2021\/03\/covid-volta-as-aulas-e-o-apocalipse-de-julho-de-2022\/#primaryimage"},"image":{"@id":"https:\/\/www.pressenza.com\/pt-pt\/2021\/03\/covid-volta-as-aulas-e-o-apocalipse-de-julho-de-2022\/#primaryimage"},"thumbnailUrl":"https:\/\/www.pressenza.com\/wp-content\/uploads\/2021\/03\/covid-distanciamiento-1.jpg","datePublished":"2021-03-05T23:14:14+00:00","description":"Por Aram Aharonian A Am\u00e9rica Latina viu seus piores press\u00e1gios se cumprirem h\u00e1 um ano: um brasileiro que chegou da It\u00e1lia deu positivo para covid-19, em","breadcrumb":{"@id":"https:\/\/www.pressenza.com\/pt-pt\/2021\/03\/covid-volta-as-aulas-e-o-apocalipse-de-julho-de-2022\/#breadcrumb"},"inLanguage":"pt-PT","potentialAction":[{"@type":"ReadAction","target":["https:\/\/www.pressenza.com\/pt-pt\/2021\/03\/covid-volta-as-aulas-e-o-apocalipse-de-julho-de-2022\/"]}]},{"@type":"ImageObject","inLanguage":"pt-PT","@id":"https:\/\/www.pressenza.com\/pt-pt\/2021\/03\/covid-volta-as-aulas-e-o-apocalipse-de-julho-de-2022\/#primaryimage","url":"https:\/\/www.pressenza.com\/wp-content\/uploads\/2021\/03\/covid-distanciamiento-1.jpg","contentUrl":"https:\/\/www.pressenza.com\/wp-content\/uploads\/2021\/03\/covid-distanciamiento-1.jpg","width":546,"height":364},{"@type":"BreadcrumbList","@id":"https:\/\/www.pressenza.com\/pt-pt\/2021\/03\/covid-volta-as-aulas-e-o-apocalipse-de-julho-de-2022\/#breadcrumb","itemListElement":[{"@type":"ListItem","position":1,"name":"Accueil","item":"https:\/\/www.pressenza.com\/pt-pt\/"},{"@type":"ListItem","position":2,"name":"Covid, volta \u00e0s aulas e o apocalipse de julho de 2022"}]},{"@type":"WebSite","@id":"https:\/\/www.pressenza.com\/pt-pt\/#website","url":"https:\/\/www.pressenza.com\/pt-pt\/","name":"Pressenza","description":"International Press Agency","publisher":{"@id":"https:\/\/www.pressenza.com\/pt-pt\/#organization"},"potentialAction":[{"@type":"SearchAction","target":{"@type":"EntryPoint","urlTemplate":"https:\/\/www.pressenza.com\/pt-pt\/?s={search_term_string}"},"query-input":{"@type":"PropertyValueSpecification","valueRequired":true,"valueName":"search_term_string"}}],"inLanguage":"pt-PT"},{"@type":"Organization","@id":"https:\/\/www.pressenza.com\/pt-pt\/#organization","name":"Pressenza","url":"https:\/\/www.pressenza.com\/pt-pt\/","logo":{"@type":"ImageObject","inLanguage":"pt-PT","@id":"https:\/\/www.pressenza.com\/pt-pt\/#\/schema\/logo\/image\/","url":"https:\/\/www.pressenza.com\/wp-content\/uploads\/2022\/10\/pressenza_logo_200x200.jpg","contentUrl":"https:\/\/www.pressenza.com\/wp-content\/uploads\/2022\/10\/pressenza_logo_200x200.jpg","width":200,"height":200,"caption":"Pressenza"},"image":{"@id":"https:\/\/www.pressenza.com\/pt-pt\/#\/schema\/logo\/image\/"},"sameAs":["https:\/\/www.facebook.com\/PressenzaItalia","https:\/\/x.com\/PressenzaIPA"]},{"@type":"Person","@id":"https:\/\/www.pressenza.com\/pt-pt\/#\/schema\/person\/777c39c93856c085c6d5931778fbf85f","name":"Aram Aharonian","description":"Magister en Integraci\u00f3n, periodista y docente uruguayo, fundador de Telesur, director del Observatorio en Comunicaci\u00f3n y Democracia, presidente de la Fundaci\u00f3n para la Integraci\u00f3n Latinoamericana.","url":"https:\/\/www.pressenza.com\/pt-pt\/author\/aram-aharonian\/"}]}},"place":"","original_article_url":"http:\/\/estrategia.la\/2021\/03\/01\/covid-vuelta-a-clases-y-el-apocalipsis-de-julio-de-2022\/","_links":{"self":[{"href":"https:\/\/www.pressenza.com\/pt-pt\/wp-json\/wp\/v2\/posts\/1310033","targetHints":{"allow":["GET"]}}],"collection":[{"href":"https:\/\/www.pressenza.com\/pt-pt\/wp-json\/wp\/v2\/posts"}],"about":[{"href":"https:\/\/www.pressenza.com\/pt-pt\/wp-json\/wp\/v2\/types\/post"}],"author":[{"embeddable":true,"href":"https:\/\/www.pressenza.com\/pt-pt\/wp-json\/wp\/v2\/users\/1415"}],"replies":[{"embeddable":true,"href":"https:\/\/www.pressenza.com\/pt-pt\/wp-json\/wp\/v2\/comments?post=1310033"}],"version-history":[{"count":0,"href":"https:\/\/www.pressenza.com\/pt-pt\/wp-json\/wp\/v2\/posts\/1310033\/revisions"}],"wp:featuredmedia":[{"embeddable":true,"href":"https:\/\/www.pressenza.com\/pt-pt\/wp-json\/wp\/v2\/media\/1310035"}],"wp:attachment":[{"href":"https:\/\/www.pressenza.com\/pt-pt\/wp-json\/wp\/v2\/media?parent=1310033"}],"wp:term":[{"taxonomy":"category","embeddable":true,"href":"https:\/\/www.pressenza.com\/pt-pt\/wp-json\/wp\/v2\/categories?post=1310033"},{"taxonomy":"post_tag","embeddable":true,"href":"https:\/\/www.pressenza.com\/pt-pt\/wp-json\/wp\/v2\/tags?post=1310033"}],"curies":[{"name":"wp","href":"https:\/\/api.w.org\/{rel}","templated":true}]}}