{"id":1299187,"date":"2021-02-16T23:22:28","date_gmt":"2021-02-16T23:22:28","guid":{"rendered":"https:\/\/www.pressenza.com\/?p=1299187"},"modified":"2021-02-16T23:22:28","modified_gmt":"2021-02-16T23:22:28","slug":"iemen-sim-agora-afeganistao","status":"publish","type":"post","link":"https:\/\/www.pressenza.com\/pt-pt\/2021\/02\/iemen-sim-agora-afeganistao\/","title":{"rendered":"I\u00eamen, sim! Agora, Afeganist\u00e3o!"},"content":{"rendered":"<p>Por David Swanson &#8211; World Beyond War.<\/p>\n<p>Se o governo dos Estados Unidos seguir o que o presidente Joe Biden disse hoje sobre o I\u00eamen, os dias de guerra est\u00e3o contados.<\/p>\n<p>Se o restante de n\u00f3s aprender as li\u00e7\u00f5es apropriadas, a guerra no Afeganist\u00e3o deve come\u00e7ar a escolher uma l\u00e1pide.<\/p>\n<p>Biden disse que o ex\u00e9rcito americano estava deixando de participar da guerra no I\u00eamen, e que os Estados Unidos estariam encerrando quaisquer &#8220;vendas de armas relevantes.&#8221;<\/p>\n<p>Certificar-se de que essas afirma\u00e7\u00f5es sejam verdadeiras, no sentido comum das palavras, exigir\u00e1 vigil\u00e2ncia cont\u00ednua. Pode-se esperar tentativas de isen\u00e7\u00f5es no caso de assassinatos particularmente desejados, que \u00e9 uma das raz\u00f5es que culminaram na guerra do I\u00eamen, em primeiro lugar. Acabar com uma guerra tem de significar acabar com uma guerra. Isso parece \u00f3bvio, mas nunca significou tal coisa antes. Tanto Obama quanto Trump receberam cr\u00e9dito (por diferentes pessoas) durante anos por &#8220;acabarem&#8221; com guerras que eles nunca deram fim. Desta vez, isto tem de ser real, o que inclui garantir que as &#8220;relevantes&#8221; vendas de armas n\u00e3o se baseiem em uma nova defini\u00e7\u00e3o de &#8220;relevantes&#8221; elaborada por um advogado para a <em>Raytheon<\/em> (Conglomerado norte-americano que atua na \u00e1rea de armamentos e equipamentos eletr\u00f4nicos para uso militar e comercial).<\/p>\n<p>&#8220;Acabar com uma guerra&#8221; \u00e9 uma vers\u00e3o abreviada de acabar com a participa\u00e7\u00e3o americana em todos os tipos de guerra, \u00e9 claro. Mas esta \u00e9 uma guerra que n\u00e3o pode durar sem a participa\u00e7\u00e3o dos EUA.<\/p>\n<p>H\u00e1 raz\u00f5es para pensar que este t\u00e9rmino pode ser feito para perdurar. Biden n\u00e3o informou os jornalistas dos significados enganosos em suas declara\u00e7\u00f5es (ainda n\u00e3o, que eu saiba). Mentir de uma forma t\u00e3o vis\u00edvel e precoce sobre este assunto o prejudicaria. Al\u00e9m disso, esta \u00e9 a primeira guerra terminada pelo Congresso. Claro, o Congresso a terminou quando Trump era presidente e ele vetou essa decis\u00e3o, mas, muito claramente, o Congresso seria obrigado a p\u00f4r um fim de novo \u2014 compelido pelo p\u00fablico \u2014 se Biden n\u00e3o agisse. Ent\u00e3o, Biden sabe que esta n\u00e3o foi uma escolha que cabia a ele. Foi tamb\u00e9m algo que ele (e a plataforma do Partido Democrata de 2020) j\u00e1 tinha sido obrigado a prometer.<\/p>\n<p>A li\u00e7\u00e3o mais importante aqui \u00e9 que a press\u00e3o p\u00fablica sobre os v\u00e1rios governos e ao longo deles funcionou. A It\u00e1lia acabou de bloquear carregamentos de armas para esta guerra. A Alemanha j\u00e1 tinha bloqueado armas para a Ar\u00e1bia Saudita. No Canad\u00e1, ativistas do <em>World Beyond War<\/em> bloquearam carregamentos para esta guerra, ficando na frente de caminh\u00f5es em um dia de a\u00e7\u00e3o global pelo I\u00eamen. Nem Joe Biden nem Antony Blinken queriam o fim deste conflito. Biden anunciou seu apoio \u00e0 Ar\u00e1bia Saudita, seu plano de manter todas as tropas na Alemanha e sua inten\u00e7\u00e3o para os Estados Unidos de &#8220;liderar&#8221; o mundo \u2014 tudo anunciado no mesmo discurso de p\u00f4r um fim \u00e0 guerra do I\u00eamen.<\/p>\n<p>Agora, aqui est\u00e1 o que n\u00f3s temos: a maioria do Partido Democrata em ambas as casas no Congresso americano, e um democrata na Casa Branca, uma plataforma do Partido Democrata que tamb\u00e9m prometeu p\u00f4r um fim \u00e0 guerra no Afeganist\u00e3o (embora Biden j\u00e1 tenha anunciado que quebrar\u00e1 a promessa), os Membros do Congresso que j\u00e1 estavam preparados para trabalhar pelo fim da guerra no I\u00eamen, e que, agora, n\u00e3o precisam; uma guerra no Afeganist\u00e3o da qual (relativamente falando) o povo dos EUA realmente ouviu falar; uma guerra no Afeganist\u00e3o na qual in\u00fameras na\u00e7\u00f5es est\u00e3o desempenhando poucas fun\u00e7\u00f5es (cujo abandono teria alguma influ\u00eancia sobre os outros) e o sucesso comprovado de usar a Resolu\u00e7\u00e3o dos Poderes de Guerra para p\u00f4r fim a um conflito.<\/p>\n<p>Um brinde aos ativistas que fizeram essa lei acontecer em 1973!<\/p>\n<p>Agora, sei que estamos contra o \u00eddolo supremo do bipartidarismo. Sei que os democratas no Congresso s\u00f3 acabaram com a guerra no I\u00eamen porque um republicano era presidente, mas os republicanos tamb\u00e9m terminaram. O que poderia ser uma oportunidade melhor para a t\u00e3o elogiada unidade e o bipartidarismo do que se reunir e acabar com a guerra no Afeganist\u00e3o? &#8220;Acabar com a guerra&#8221; \u00e9 uma vers\u00e3o abreviada para acabar com a participa\u00e7\u00e3o americana na guerra, de novo, claro. Mas acabar com a participa\u00e7\u00e3o dos EUA p\u00f5e um fim na participa\u00e7\u00e3o da OTAN. O encerramento das vendas de armas restringe severamente a participa\u00e7\u00e3o de todos os outros. E acabar com toda a viol\u00eancia no Afeganist\u00e3o s\u00f3 \u00e9 poss\u00edvel \u2014 n\u00e3o \u00e9 garantido \u2014 se o ex\u00e9rcito dos EUA tomar um ch\u00e1 e sumir!<\/p>\n<p>Claro que ser\u00e1 dito que, assim que terminarmos com duas guerras, vamos apenas querer terminar com uma terceira e uma quarta e nunca ficaremos satisfeitos. Ao que eu digo, qualquer cultura que equiparar a pacifica\u00e7\u00e3o com a gan\u00e2ncia deve ter o maior n\u00famero poss\u00edvel de coisas interrompidas. Vamos ao trabalho.<\/p>\n<p>P.S.: Por favor, dirijam seus an\u00fancios de futilidade e desesperan\u00e7a de oposi\u00e7\u00e3o \u00e0s guerras para:<\/p>\n<p>ACABAMOSAGUERRANOI\u00caMEN<br \/>\nPO BOX SAIDESSA<br \/>\nWashington DC 2021<\/p>\n<hr \/>\n<p>Traduzido do ingl\u00eas para o portugu\u00eas por Luciana Leal \/ Revisado por Gra\u00e7a Pinheiro<\/p>\n","protected":false},"excerpt":{"rendered":"<p>Por David Swanson &#8211; World Beyond War. Se o governo dos Estados Unidos seguir o que o presidente Joe Biden disse hoje sobre o I\u00eamen, os dias de guerra est\u00e3o contados. Se o restante de n\u00f3s aprender as li\u00e7\u00f5es apropriadas,&hellip;<\/p>\n","protected":false},"author":1428,"featured_media":1292005,"comment_status":"closed","ping_status":"closed","sticky":false,"template":"","format":"standard","meta":{"footnotes":""},"categories":[42,165,1257],"tags":[10297,87448],"class_list":["post-1299187","post","type-post","status-publish","format-standard","has-post-thumbnail","hentry","category-internacional-2","category-opiniao","category-paz-desarmamento","tag-afeganistao","tag-guerra-no-iemen"],"yoast_head":"<!-- This site is optimized with the Yoast SEO plugin v27.1.1 - https:\/\/yoast.com\/product\/yoast-seo-wordpress\/ -->\n<title>I\u00eamen, sim! Agora, Afeganist\u00e3o!<\/title>\n<meta name=\"description\" content=\"Por David Swanson - World Beyond War. Se o governo dos Estados Unidos seguir o que o presidente Joe Biden disse hoje sobre o I\u00eamen, os dias de guerra\" \/>\n<meta name=\"robots\" content=\"index, follow, max-snippet:-1, max-image-preview:large, max-video-preview:-1\" \/>\n<link rel=\"canonical\" href=\"https:\/\/www.pressenza.com\/pt-pt\/2021\/02\/iemen-sim-agora-afeganistao\/\" \/>\n<meta property=\"og:locale\" content=\"pt_PT\" \/>\n<meta property=\"og:type\" content=\"article\" \/>\n<meta property=\"og:title\" content=\"I\u00eamen, sim! Agora, Afeganist\u00e3o!\" \/>\n<meta property=\"og:description\" content=\"Por David Swanson - World Beyond War. Se o governo dos Estados Unidos seguir o que o presidente Joe Biden disse hoje sobre o I\u00eamen, os dias de guerra\" \/>\n<meta property=\"og:url\" content=\"https:\/\/www.pressenza.com\/pt-pt\/2021\/02\/iemen-sim-agora-afeganistao\/\" \/>\n<meta property=\"og:site_name\" content=\"Pressenza\" \/>\n<meta property=\"article:publisher\" content=\"https:\/\/www.facebook.com\/PressenzaItalia\" \/>\n<meta property=\"article:author\" content=\"https:\/\/www.facebook.com\/worldbeyondwar\/\" \/>\n<meta property=\"article:published_time\" content=\"2021-02-16T23:22:28+00:00\" \/>\n<meta property=\"og:image\" content=\"https:\/\/www.pressenza.com\/wp-content\/uploads\/2021\/02\/peace.jpg\" \/>\n\t<meta property=\"og:image:width\" content=\"513\" \/>\n\t<meta property=\"og:image:height\" content=\"569\" \/>\n\t<meta property=\"og:image:type\" content=\"image\/jpeg\" \/>\n<meta name=\"author\" content=\"World Beyond War\" \/>\n<meta name=\"twitter:card\" content=\"summary_large_image\" \/>\n<meta name=\"twitter:creator\" content=\"@WorldBeyondWar\" \/>\n<meta name=\"twitter:site\" content=\"@PressenzaIPA\" \/>\n<meta name=\"twitter:label1\" content=\"Escrito por\" \/>\n\t<meta name=\"twitter:data1\" content=\"World Beyond War\" \/>\n\t<meta name=\"twitter:label2\" content=\"Tempo estimado de leitura\" \/>\n\t<meta name=\"twitter:data2\" content=\"5 minutos\" \/>\n<script type=\"application\/ld+json\" class=\"yoast-schema-graph\">{\"@context\":\"https:\/\/schema.org\",\"@graph\":[{\"@type\":\"Article\",\"@id\":\"https:\/\/www.pressenza.com\/pt-pt\/2021\/02\/iemen-sim-agora-afeganistao\/#article\",\"isPartOf\":{\"@id\":\"https:\/\/www.pressenza.com\/pt-pt\/2021\/02\/iemen-sim-agora-afeganistao\/\"},\"author\":{\"name\":\"World Beyond War\",\"@id\":\"https:\/\/www.pressenza.com\/pt-pt\/#\/schema\/person\/e5a76bf03a3f5a0791b24e9b60e8c411\"},\"headline\":\"I\u00eamen, sim! Agora, Afeganist\u00e3o!\",\"datePublished\":\"2021-02-16T23:22:28+00:00\",\"mainEntityOfPage\":{\"@id\":\"https:\/\/www.pressenza.com\/pt-pt\/2021\/02\/iemen-sim-agora-afeganistao\/\"},\"wordCount\":907,\"publisher\":{\"@id\":\"https:\/\/www.pressenza.com\/pt-pt\/#organization\"},\"image\":{\"@id\":\"https:\/\/www.pressenza.com\/pt-pt\/2021\/02\/iemen-sim-agora-afeganistao\/#primaryimage\"},\"thumbnailUrl\":\"https:\/\/www.pressenza.com\/wp-content\/uploads\/2021\/02\/peace.jpg\",\"keywords\":[\"afeganistao\",\"Guerra no I\u00eamen\"],\"articleSection\":[\"Internacional\",\"Opini\u00e3o\",\"Paz e Desarmamento\"],\"inLanguage\":\"pt-PT\"},{\"@type\":\"WebPage\",\"@id\":\"https:\/\/www.pressenza.com\/pt-pt\/2021\/02\/iemen-sim-agora-afeganistao\/\",\"url\":\"https:\/\/www.pressenza.com\/pt-pt\/2021\/02\/iemen-sim-agora-afeganistao\/\",\"name\":\"I\u00eamen, sim! Agora, Afeganist\u00e3o!\",\"isPartOf\":{\"@id\":\"https:\/\/www.pressenza.com\/pt-pt\/#website\"},\"primaryImageOfPage\":{\"@id\":\"https:\/\/www.pressenza.com\/pt-pt\/2021\/02\/iemen-sim-agora-afeganistao\/#primaryimage\"},\"image\":{\"@id\":\"https:\/\/www.pressenza.com\/pt-pt\/2021\/02\/iemen-sim-agora-afeganistao\/#primaryimage\"},\"thumbnailUrl\":\"https:\/\/www.pressenza.com\/wp-content\/uploads\/2021\/02\/peace.jpg\",\"datePublished\":\"2021-02-16T23:22:28+00:00\",\"description\":\"Por David Swanson - World Beyond War. Se o governo dos Estados Unidos seguir o que o presidente Joe Biden disse hoje sobre o I\u00eamen, os dias de guerra\",\"breadcrumb\":{\"@id\":\"https:\/\/www.pressenza.com\/pt-pt\/2021\/02\/iemen-sim-agora-afeganistao\/#breadcrumb\"},\"inLanguage\":\"pt-PT\",\"potentialAction\":[{\"@type\":\"ReadAction\",\"target\":[\"https:\/\/www.pressenza.com\/pt-pt\/2021\/02\/iemen-sim-agora-afeganistao\/\"]}]},{\"@type\":\"ImageObject\",\"inLanguage\":\"pt-PT\",\"@id\":\"https:\/\/www.pressenza.com\/pt-pt\/2021\/02\/iemen-sim-agora-afeganistao\/#primaryimage\",\"url\":\"https:\/\/www.pressenza.com\/wp-content\/uploads\/2021\/02\/peace.jpg\",\"contentUrl\":\"https:\/\/www.pressenza.com\/wp-content\/uploads\/2021\/02\/peace.jpg\",\"width\":513,\"height\":569},{\"@type\":\"BreadcrumbList\",\"@id\":\"https:\/\/www.pressenza.com\/pt-pt\/2021\/02\/iemen-sim-agora-afeganistao\/#breadcrumb\",\"itemListElement\":[{\"@type\":\"ListItem\",\"position\":1,\"name\":\"Accueil\",\"item\":\"https:\/\/www.pressenza.com\/pt-pt\/\"},{\"@type\":\"ListItem\",\"position\":2,\"name\":\"I\u00eamen, sim! Agora, Afeganist\u00e3o!\"}]},{\"@type\":\"WebSite\",\"@id\":\"https:\/\/www.pressenza.com\/pt-pt\/#website\",\"url\":\"https:\/\/www.pressenza.com\/pt-pt\/\",\"name\":\"Pressenza\",\"description\":\"International Press Agency\",\"publisher\":{\"@id\":\"https:\/\/www.pressenza.com\/pt-pt\/#organization\"},\"potentialAction\":[{\"@type\":\"SearchAction\",\"target\":{\"@type\":\"EntryPoint\",\"urlTemplate\":\"https:\/\/www.pressenza.com\/pt-pt\/?s={search_term_string}\"},\"query-input\":{\"@type\":\"PropertyValueSpecification\",\"valueRequired\":true,\"valueName\":\"search_term_string\"}}],\"inLanguage\":\"pt-PT\"},{\"@type\":\"Organization\",\"@id\":\"https:\/\/www.pressenza.com\/pt-pt\/#organization\",\"name\":\"Pressenza\",\"url\":\"https:\/\/www.pressenza.com\/pt-pt\/\",\"logo\":{\"@type\":\"ImageObject\",\"inLanguage\":\"pt-PT\",\"@id\":\"https:\/\/www.pressenza.com\/pt-pt\/#\/schema\/logo\/image\/\",\"url\":\"https:\/\/www.pressenza.com\/wp-content\/uploads\/2022\/10\/pressenza_logo_200x200.jpg\",\"contentUrl\":\"https:\/\/www.pressenza.com\/wp-content\/uploads\/2022\/10\/pressenza_logo_200x200.jpg\",\"width\":200,\"height\":200,\"caption\":\"Pressenza\"},\"image\":{\"@id\":\"https:\/\/www.pressenza.com\/pt-pt\/#\/schema\/logo\/image\/\"},\"sameAs\":[\"https:\/\/www.facebook.com\/PressenzaItalia\",\"https:\/\/x.com\/PressenzaIPA\"]},{\"@type\":\"Person\",\"@id\":\"https:\/\/www.pressenza.com\/pt-pt\/#\/schema\/person\/e5a76bf03a3f5a0791b24e9b60e8c411\",\"name\":\"World Beyond War\",\"description\":\"World Beyond War is a global nonviolent movement to fully end the institution of war and establish a just and sustainable peace. We seek to achieve these objectives by establishing partnerships with individuals and organizations in a global campaign of education, lobbying, and nonviolent direct action. www.worldbeyondwar.org\",\"sameAs\":[\"https:\/\/www.facebook.com\/worldbeyondwar\/\",\"https:\/\/x.com\/WorldBeyondWar\"],\"url\":\"https:\/\/www.pressenza.com\/pt-pt\/author\/world-beyond-war\/\"}]}<\/script>\n<!-- \/ Yoast SEO plugin. -->","yoast_head_json":{"title":"I\u00eamen, sim! Agora, Afeganist\u00e3o!","description":"Por David Swanson - World Beyond War. Se o governo dos Estados Unidos seguir o que o presidente Joe Biden disse hoje sobre o I\u00eamen, os dias de guerra","robots":{"index":"index","follow":"follow","max-snippet":"max-snippet:-1","max-image-preview":"max-image-preview:large","max-video-preview":"max-video-preview:-1"},"canonical":"https:\/\/www.pressenza.com\/pt-pt\/2021\/02\/iemen-sim-agora-afeganistao\/","og_locale":"pt_PT","og_type":"article","og_title":"I\u00eamen, sim! Agora, Afeganist\u00e3o!","og_description":"Por David Swanson - World Beyond War. Se o governo dos Estados Unidos seguir o que o presidente Joe Biden disse hoje sobre o I\u00eamen, os dias de guerra","og_url":"https:\/\/www.pressenza.com\/pt-pt\/2021\/02\/iemen-sim-agora-afeganistao\/","og_site_name":"Pressenza","article_publisher":"https:\/\/www.facebook.com\/PressenzaItalia","article_author":"https:\/\/www.facebook.com\/worldbeyondwar\/","article_published_time":"2021-02-16T23:22:28+00:00","og_image":[{"width":513,"height":569,"url":"https:\/\/www.pressenza.com\/wp-content\/uploads\/2021\/02\/peace.jpg","type":"image\/jpeg"}],"author":"World Beyond War","twitter_card":"summary_large_image","twitter_creator":"@WorldBeyondWar","twitter_site":"@PressenzaIPA","twitter_misc":{"Escrito por":"World Beyond War","Tempo estimado de leitura":"5 minutos"},"schema":{"@context":"https:\/\/schema.org","@graph":[{"@type":"Article","@id":"https:\/\/www.pressenza.com\/pt-pt\/2021\/02\/iemen-sim-agora-afeganistao\/#article","isPartOf":{"@id":"https:\/\/www.pressenza.com\/pt-pt\/2021\/02\/iemen-sim-agora-afeganistao\/"},"author":{"name":"World Beyond War","@id":"https:\/\/www.pressenza.com\/pt-pt\/#\/schema\/person\/e5a76bf03a3f5a0791b24e9b60e8c411"},"headline":"I\u00eamen, sim! Agora, Afeganist\u00e3o!","datePublished":"2021-02-16T23:22:28+00:00","mainEntityOfPage":{"@id":"https:\/\/www.pressenza.com\/pt-pt\/2021\/02\/iemen-sim-agora-afeganistao\/"},"wordCount":907,"publisher":{"@id":"https:\/\/www.pressenza.com\/pt-pt\/#organization"},"image":{"@id":"https:\/\/www.pressenza.com\/pt-pt\/2021\/02\/iemen-sim-agora-afeganistao\/#primaryimage"},"thumbnailUrl":"https:\/\/www.pressenza.com\/wp-content\/uploads\/2021\/02\/peace.jpg","keywords":["afeganistao","Guerra no I\u00eamen"],"articleSection":["Internacional","Opini\u00e3o","Paz e Desarmamento"],"inLanguage":"pt-PT"},{"@type":"WebPage","@id":"https:\/\/www.pressenza.com\/pt-pt\/2021\/02\/iemen-sim-agora-afeganistao\/","url":"https:\/\/www.pressenza.com\/pt-pt\/2021\/02\/iemen-sim-agora-afeganistao\/","name":"I\u00eamen, sim! Agora, Afeganist\u00e3o!","isPartOf":{"@id":"https:\/\/www.pressenza.com\/pt-pt\/#website"},"primaryImageOfPage":{"@id":"https:\/\/www.pressenza.com\/pt-pt\/2021\/02\/iemen-sim-agora-afeganistao\/#primaryimage"},"image":{"@id":"https:\/\/www.pressenza.com\/pt-pt\/2021\/02\/iemen-sim-agora-afeganistao\/#primaryimage"},"thumbnailUrl":"https:\/\/www.pressenza.com\/wp-content\/uploads\/2021\/02\/peace.jpg","datePublished":"2021-02-16T23:22:28+00:00","description":"Por David Swanson - World Beyond War. Se o governo dos Estados Unidos seguir o que o presidente Joe Biden disse hoje sobre o I\u00eamen, os dias de guerra","breadcrumb":{"@id":"https:\/\/www.pressenza.com\/pt-pt\/2021\/02\/iemen-sim-agora-afeganistao\/#breadcrumb"},"inLanguage":"pt-PT","potentialAction":[{"@type":"ReadAction","target":["https:\/\/www.pressenza.com\/pt-pt\/2021\/02\/iemen-sim-agora-afeganistao\/"]}]},{"@type":"ImageObject","inLanguage":"pt-PT","@id":"https:\/\/www.pressenza.com\/pt-pt\/2021\/02\/iemen-sim-agora-afeganistao\/#primaryimage","url":"https:\/\/www.pressenza.com\/wp-content\/uploads\/2021\/02\/peace.jpg","contentUrl":"https:\/\/www.pressenza.com\/wp-content\/uploads\/2021\/02\/peace.jpg","width":513,"height":569},{"@type":"BreadcrumbList","@id":"https:\/\/www.pressenza.com\/pt-pt\/2021\/02\/iemen-sim-agora-afeganistao\/#breadcrumb","itemListElement":[{"@type":"ListItem","position":1,"name":"Accueil","item":"https:\/\/www.pressenza.com\/pt-pt\/"},{"@type":"ListItem","position":2,"name":"I\u00eamen, sim! Agora, Afeganist\u00e3o!"}]},{"@type":"WebSite","@id":"https:\/\/www.pressenza.com\/pt-pt\/#website","url":"https:\/\/www.pressenza.com\/pt-pt\/","name":"Pressenza","description":"International Press Agency","publisher":{"@id":"https:\/\/www.pressenza.com\/pt-pt\/#organization"},"potentialAction":[{"@type":"SearchAction","target":{"@type":"EntryPoint","urlTemplate":"https:\/\/www.pressenza.com\/pt-pt\/?s={search_term_string}"},"query-input":{"@type":"PropertyValueSpecification","valueRequired":true,"valueName":"search_term_string"}}],"inLanguage":"pt-PT"},{"@type":"Organization","@id":"https:\/\/www.pressenza.com\/pt-pt\/#organization","name":"Pressenza","url":"https:\/\/www.pressenza.com\/pt-pt\/","logo":{"@type":"ImageObject","inLanguage":"pt-PT","@id":"https:\/\/www.pressenza.com\/pt-pt\/#\/schema\/logo\/image\/","url":"https:\/\/www.pressenza.com\/wp-content\/uploads\/2022\/10\/pressenza_logo_200x200.jpg","contentUrl":"https:\/\/www.pressenza.com\/wp-content\/uploads\/2022\/10\/pressenza_logo_200x200.jpg","width":200,"height":200,"caption":"Pressenza"},"image":{"@id":"https:\/\/www.pressenza.com\/pt-pt\/#\/schema\/logo\/image\/"},"sameAs":["https:\/\/www.facebook.com\/PressenzaItalia","https:\/\/x.com\/PressenzaIPA"]},{"@type":"Person","@id":"https:\/\/www.pressenza.com\/pt-pt\/#\/schema\/person\/e5a76bf03a3f5a0791b24e9b60e8c411","name":"World Beyond War","description":"World Beyond War is a global nonviolent movement to fully end the institution of war and establish a just and sustainable peace. We seek to achieve these objectives by establishing partnerships with individuals and organizations in a global campaign of education, lobbying, and nonviolent direct action. www.worldbeyondwar.org","sameAs":["https:\/\/www.facebook.com\/worldbeyondwar\/","https:\/\/x.com\/WorldBeyondWar"],"url":"https:\/\/www.pressenza.com\/pt-pt\/author\/world-beyond-war\/"}]}},"place":"EUA","original_article_url":"","_links":{"self":[{"href":"https:\/\/www.pressenza.com\/pt-pt\/wp-json\/wp\/v2\/posts\/1299187","targetHints":{"allow":["GET"]}}],"collection":[{"href":"https:\/\/www.pressenza.com\/pt-pt\/wp-json\/wp\/v2\/posts"}],"about":[{"href":"https:\/\/www.pressenza.com\/pt-pt\/wp-json\/wp\/v2\/types\/post"}],"author":[{"embeddable":true,"href":"https:\/\/www.pressenza.com\/pt-pt\/wp-json\/wp\/v2\/users\/1428"}],"replies":[{"embeddable":true,"href":"https:\/\/www.pressenza.com\/pt-pt\/wp-json\/wp\/v2\/comments?post=1299187"}],"version-history":[{"count":0,"href":"https:\/\/www.pressenza.com\/pt-pt\/wp-json\/wp\/v2\/posts\/1299187\/revisions"}],"wp:featuredmedia":[{"embeddable":true,"href":"https:\/\/www.pressenza.com\/pt-pt\/wp-json\/wp\/v2\/media\/1292005"}],"wp:attachment":[{"href":"https:\/\/www.pressenza.com\/pt-pt\/wp-json\/wp\/v2\/media?parent=1299187"}],"wp:term":[{"taxonomy":"category","embeddable":true,"href":"https:\/\/www.pressenza.com\/pt-pt\/wp-json\/wp\/v2\/categories?post=1299187"},{"taxonomy":"post_tag","embeddable":true,"href":"https:\/\/www.pressenza.com\/pt-pt\/wp-json\/wp\/v2\/tags?post=1299187"}],"curies":[{"name":"wp","href":"https:\/\/api.w.org\/{rel}","templated":true}]}}