{"id":1288689,"date":"2021-01-30T03:25:32","date_gmt":"2021-01-30T03:25:32","guid":{"rendered":"https:\/\/www.pressenza.com\/?p=1288689"},"modified":"2021-01-30T03:25:32","modified_gmt":"2021-01-30T03:25:32","slug":"urbana-os-espacos-publicos-de-atenas-a-partir-de-uma-perspectiva-de-genero","status":"publish","type":"post","link":"https:\/\/www.pressenza.com\/pt-pt\/2021\/01\/urbana-os-espacos-publicos-de-atenas-a-partir-de-uma-perspectiva-de-genero\/","title":{"rendered":"URBANA: os espa\u00e7os p\u00fablicos de Atenas a partir de uma perspectiva de g\u00eanero"},"content":{"rendered":"<p><em>\u00a0 \u00a0&#8220;Juntos, ainda que separados, decidimos analisar os bairros em que nos encontr\u00e1vamos durante a nova quarentena a partir de uma perspectiva de g\u00eanero e inclus\u00e3o, utilizando as ferramentas e m\u00e9todos de planejamento urbano feministas com os quais nos familiarizamos durante as oficinas.&#8221;<\/em><\/p>\n<p>O programa \u201cOs espa\u00e7os p\u00fablicos de Atenas a partir de uma perspectiva de g\u00eanero &#8211; URBANA\u201d \u00e9 uma a\u00e7\u00e3o sociocultural que visa reexaminar as estruturas e caracter\u00edsticas dos espa\u00e7os p\u00fablicos atenienses, enfatizando as experi\u00eancias das mulheres. Nesse contexto, um manual que avalia os bairros da \u00c1tica, a partir de uma perspectiva de g\u00eanero, foi produzido com apoio da Oficina de Estudos de G\u00eanero da Panteion University e sob o patroc\u00ednio e o financiamento do Minist\u00e9rio da Cultura e Esporte.<\/p>\n<p>O manual \u00e9 resultado da s\u00e9rie de oficinas &#8220;Os espa\u00e7os p\u00fablicos de Atenas a partir de uma perspectiva de g\u00eanero&#8221;, realizadas no outono de 2019, com a participa\u00e7\u00e3o de alunas da Panteion University. Alunos do sexo masculino e tamb\u00e9m de disciplinas fora da Panteion se juntaram ao grupo. O programa foi realizado em colabora\u00e7\u00e3o com o coletivo de arquitetura \u201cEqual Saree\u201d (Barcelona, Espanha), o grupo &#8220;This is not a Feminist Project&#8221; e a artista Eva Tsagaraki.<\/p>\n<p>Com as restri\u00e7\u00f5es do segundo lockdown, logo ap\u00f3s a realiza\u00e7\u00e3o da primeira oficina, decidimos adaptar nosso programa \u00e0 forma digital. Juntos, ainda que separados, decidimos analisar os bairros em que nos encontr\u00e1vamos durante a nova quarentena a partir de uma perspectiva de g\u00eanero e inclus\u00e3o, utilizando as ferramentas e m\u00e9todos de planejamento urbano feministas com os quais nos familiarizamos durante as oficinas. Com o aux\u00edlio desse manual, quer\u00edamos compartilhar o valioso material coletado nas avalia\u00e7\u00f5es dos bairros dos participantes, os quais foram mencionados na introdu\u00e7\u00e3o da publica\u00e7\u00e3o.<\/p>\n<p>No manual, s\u00e3o mostradas as an\u00e1lises &#8211; com os problemas &#8211; das din\u00e2micas e perspectivas dos espa\u00e7os p\u00fablicos em bairros da regi\u00e3o oeste de Atenas, como Koukaki, Neos Kosmos, Nea Smyrni, Caliteia, Ex\u00e1rchia, Kypseli, Pangrati, Papagou, bem como nos das regi\u00f5es norte, sul e leste, entre eles Colargos e Vrilissia, Argir\u00f3polis e Glyfada, a floresta de Haidari e outros.<\/p>\n<p>O prop\u00f3sito da publica\u00e7\u00e3o \u00e9 que as avalia\u00e7\u00f5es dos bairros funcionem como ponto de partida para o desenvolvimento de di\u00e1logos e a\u00e7\u00f5es nos bairros da \u00c1tica, com o objetivo de projetar espa\u00e7os p\u00fablicos mais inclusivos. A experi\u00eancia nos bairros registrada nas an\u00e1lises pode servir de inspira\u00e7\u00e3o, e o importante material, que descreve tanto problemas quanto solu\u00e7\u00f5es das regi\u00f5es individualmente, pode ser usado como um guia para mudan\u00e7as nos bairros, de forma que se transformem em lugares mais inclusivos e sustent\u00e1veis.<\/p>\n<div id=\"attachment_1277535\" class=\"wp-caption aligncenter\"><a href=\"https:\/\/www.pressenza.com\/el\/2021\/01\/urbana-o-dimosios-xoros-tis-athinas-apo-tin-optiki-tu-filou\/urbana-athens\/\" rel=\"attachment wp-att-1277535\"><img loading=\"lazy\" decoding=\"async\" aria-describedby=\"caption-attachment-1277535\" class=\"wp-image-1277542 size-full\" src=\"https:\/\/www.pressenza.com\/wp-content\/uploads\/2021\/01\/urbana-athens.jpg\" alt=\"\" width=\"225\" height=\"225\" srcset=\"https:\/\/www.pressenza.com\/wp-content\/uploads\/2021\/01\/urbana-athens.jpg 225w, https:\/\/www.pressenza.com\/wp-content\/uploads\/2021\/01\/urbana-athens-150x150.jpg 150w\" sizes=\"auto, (max-width: 225px) 100vw, 225px\" \/><\/a><p id=\"caption-attachment-1277535\" class=\"wp-caption-text\">Cr\u00e9dito da imagem: URBANA.<\/p><\/div>\n<p>O que \u00e9 a URBANA?<br \/>\nA URBANA \u00e9 uma organiza\u00e7\u00e3o urbana sem fins lucrativos, formada por um time de arquitetos, engenheiros, educadores e cientistas sociais e atua em Atenas desde 2018. Suas atividades visam assegurar a sustentabilidade social, ambiental e econ\u00f4mica, utilizando m\u00e9todos modernos e abordagens interdisciplinares, com foco na valoriza\u00e7\u00e3o da igualdade de g\u00eanero, da inclus\u00e3o e da participa\u00e7\u00e3o no desenvolvimento de ambientes urbanos modernos.<\/p>\n<p>Leia <a href=\"https:\/\/urbana.gr\/media\/publications\/booklet-%CE%B5%CF%81%CE%B3%CE%B1%CF%83%CF%84%CE%B7%CF%81%CE%AF%CF%89%CE%BD-urbana-urbano\/12\/01\/2021\/21\/17\/26\/?fbclid=IwAR38_9MY-BBpzpRVZI7UFgnPyaQGvA3Ml7GkiEkhVIaq9pCTISNu39mVyGU\" target=\"_blank\" rel=\"noopener\">aqui<\/a> o manual sobre a avalia\u00e7\u00e3o dos bairros da \u00c1tica a partir de uma perspectiva de g\u00eanero.<\/p>\n<hr \/>\n<p>&nbsp;<\/p>\n<p><em>Traduzido por Samuel Francisco \/ Revisado por Jos\u00e9 Luiz Correa e Elizabeth Pereira<\/em><\/p>\n","protected":false},"excerpt":{"rendered":"<p>\u00a0 \u00a0&#8220;Juntos, ainda que separados, decidimos analisar os bairros em que nos encontr\u00e1vamos durante a nova quarentena a partir de uma perspectiva de g\u00eanero e inclus\u00e3o, utilizando as ferramentas e m\u00e9todos de planejamento urbano feministas com os quais nos familiarizamos&hellip;<\/p>\n","protected":false},"author":1220,"featured_media":1277532,"comment_status":"closed","ping_status":"closed","sticky":false,"template":"","format":"standard","meta":{"footnotes":""},"categories":[11390,103,54514],"tags":[86784,86785,86786,86787],"class_list":["post-1288689","post","type-post","status-publish","format-standard","has-post-thumbnail","hentry","category-conteudo-original","category-europa-pt-pt","category-genero-e-feminismos","tag-espacos-publicos-de-atenas","tag-oficina-de-estudos-de-genero","tag-pandemia-e-genero","tag-panteion-pt-pt"],"yoast_head":"<!-- This site is optimized with the Yoast SEO plugin v27.1.1 - https:\/\/yoast.com\/product\/yoast-seo-wordpress\/ -->\n<title>URBANA: os espa\u00e7os p\u00fablicos de Atenas a partir de uma perspectiva de g\u00eanero<\/title>\n<meta name=\"description\" content=\"\u00a0 \u00a0&quot;Juntos, ainda que separados, decidimos analisar os bairros em que nos encontr\u00e1vamos durante a nova quarentena a partir de uma perspectiva de g\u00eanero e\" \/>\n<meta name=\"robots\" content=\"index, follow, max-snippet:-1, max-image-preview:large, max-video-preview:-1\" \/>\n<link rel=\"canonical\" href=\"https:\/\/www.pressenza.com\/pt-pt\/2021\/01\/urbana-os-espacos-publicos-de-atenas-a-partir-de-uma-perspectiva-de-genero\/\" \/>\n<meta property=\"og:locale\" content=\"pt_PT\" \/>\n<meta property=\"og:type\" content=\"article\" \/>\n<meta property=\"og:title\" content=\"URBANA: os espa\u00e7os p\u00fablicos de Atenas a partir de uma perspectiva de g\u00eanero\" \/>\n<meta property=\"og:description\" content=\"\u00a0 \u00a0&quot;Juntos, ainda que separados, decidimos analisar os bairros em que nos encontr\u00e1vamos durante a nova quarentena a partir de uma perspectiva de g\u00eanero e\" \/>\n<meta property=\"og:url\" content=\"https:\/\/www.pressenza.com\/pt-pt\/2021\/01\/urbana-os-espacos-publicos-de-atenas-a-partir-de-uma-perspectiva-de-genero\/\" \/>\n<meta property=\"og:site_name\" content=\"Pressenza\" \/>\n<meta property=\"article:publisher\" content=\"https:\/\/www.facebook.com\/PressenzaItalia\" \/>\n<meta property=\"article:author\" content=\"https:\/\/www.facebook.com\/pressenzagr\/\" \/>\n<meta property=\"article:published_time\" content=\"2021-01-30T03:25:32+00:00\" \/>\n<meta property=\"og:image\" content=\"https:\/\/www.pressenza.com\/wp-content\/uploads\/2021\/01\/exploratory-walks-final-1.jpeg\" \/>\n\t<meta property=\"og:image:width\" content=\"1920\" \/>\n\t<meta property=\"og:image:height\" content=\"1388\" \/>\n\t<meta property=\"og:image:type\" content=\"image\/jpeg\" \/>\n<meta name=\"author\" content=\"Pressenza Athens\" \/>\n<meta name=\"twitter:card\" content=\"summary_large_image\" \/>\n<meta name=\"twitter:creator\" content=\"@Pressenza_ath\" \/>\n<meta name=\"twitter:site\" content=\"@PressenzaIPA\" \/>\n<meta name=\"twitter:label1\" content=\"Escrito por\" \/>\n\t<meta name=\"twitter:data1\" content=\"Pressenza Athens\" \/>\n\t<meta name=\"twitter:label2\" content=\"Tempo estimado de leitura\" \/>\n\t<meta name=\"twitter:data2\" content=\"3 minutos\" \/>\n<script type=\"application\/ld+json\" class=\"yoast-schema-graph\">{\"@context\":\"https:\/\/schema.org\",\"@graph\":[{\"@type\":\"Article\",\"@id\":\"https:\/\/www.pressenza.com\/pt-pt\/2021\/01\/urbana-os-espacos-publicos-de-atenas-a-partir-de-uma-perspectiva-de-genero\/#article\",\"isPartOf\":{\"@id\":\"https:\/\/www.pressenza.com\/pt-pt\/2021\/01\/urbana-os-espacos-publicos-de-atenas-a-partir-de-uma-perspectiva-de-genero\/\"},\"author\":{\"name\":\"Pressenza Athens\",\"@id\":\"https:\/\/www.pressenza.com\/pt-pt\/#\/schema\/person\/9eae8d7f0aad5ec6a7f6f21ec94480fb\"},\"headline\":\"URBANA: os espa\u00e7os p\u00fablicos de Atenas a partir de uma perspectiva de g\u00eanero\",\"datePublished\":\"2021-01-30T03:25:32+00:00\",\"mainEntityOfPage\":{\"@id\":\"https:\/\/www.pressenza.com\/pt-pt\/2021\/01\/urbana-os-espacos-publicos-de-atenas-a-partir-de-uma-perspectiva-de-genero\/\"},\"wordCount\":607,\"publisher\":{\"@id\":\"https:\/\/www.pressenza.com\/pt-pt\/#organization\"},\"image\":{\"@id\":\"https:\/\/www.pressenza.com\/pt-pt\/2021\/01\/urbana-os-espacos-publicos-de-atenas-a-partir-de-uma-perspectiva-de-genero\/#primaryimage\"},\"thumbnailUrl\":\"https:\/\/www.pressenza.com\/wp-content\/uploads\/2021\/01\/exploratory-walks-final-1.jpeg\",\"keywords\":[\"espa\u00e7os p\u00fablicos de Atenas\",\"Oficina de Estudos de G\u00eanero\",\"pandemia e g\u00eanero\",\"Panteion\"],\"articleSection\":[\"Conte\u00fado Original\",\"Europa\",\"G\u00eanero e feminismos\"],\"inLanguage\":\"pt-PT\"},{\"@type\":\"WebPage\",\"@id\":\"https:\/\/www.pressenza.com\/pt-pt\/2021\/01\/urbana-os-espacos-publicos-de-atenas-a-partir-de-uma-perspectiva-de-genero\/\",\"url\":\"https:\/\/www.pressenza.com\/pt-pt\/2021\/01\/urbana-os-espacos-publicos-de-atenas-a-partir-de-uma-perspectiva-de-genero\/\",\"name\":\"URBANA: os espa\u00e7os p\u00fablicos de Atenas a partir de uma perspectiva de g\u00eanero\",\"isPartOf\":{\"@id\":\"https:\/\/www.pressenza.com\/pt-pt\/#website\"},\"primaryImageOfPage\":{\"@id\":\"https:\/\/www.pressenza.com\/pt-pt\/2021\/01\/urbana-os-espacos-publicos-de-atenas-a-partir-de-uma-perspectiva-de-genero\/#primaryimage\"},\"image\":{\"@id\":\"https:\/\/www.pressenza.com\/pt-pt\/2021\/01\/urbana-os-espacos-publicos-de-atenas-a-partir-de-uma-perspectiva-de-genero\/#primaryimage\"},\"thumbnailUrl\":\"https:\/\/www.pressenza.com\/wp-content\/uploads\/2021\/01\/exploratory-walks-final-1.jpeg\",\"datePublished\":\"2021-01-30T03:25:32+00:00\",\"description\":\"\u00a0 \u00a0\\\"Juntos, ainda que separados, decidimos analisar os bairros em que nos encontr\u00e1vamos durante a nova quarentena a partir de uma perspectiva de g\u00eanero e\",\"breadcrumb\":{\"@id\":\"https:\/\/www.pressenza.com\/pt-pt\/2021\/01\/urbana-os-espacos-publicos-de-atenas-a-partir-de-uma-perspectiva-de-genero\/#breadcrumb\"},\"inLanguage\":\"pt-PT\",\"potentialAction\":[{\"@type\":\"ReadAction\",\"target\":[\"https:\/\/www.pressenza.com\/pt-pt\/2021\/01\/urbana-os-espacos-publicos-de-atenas-a-partir-de-uma-perspectiva-de-genero\/\"]}]},{\"@type\":\"ImageObject\",\"inLanguage\":\"pt-PT\",\"@id\":\"https:\/\/www.pressenza.com\/pt-pt\/2021\/01\/urbana-os-espacos-publicos-de-atenas-a-partir-de-uma-perspectiva-de-genero\/#primaryimage\",\"url\":\"https:\/\/www.pressenza.com\/wp-content\/uploads\/2021\/01\/exploratory-walks-final-1.jpeg\",\"contentUrl\":\"https:\/\/www.pressenza.com\/wp-content\/uploads\/2021\/01\/exploratory-walks-final-1.jpeg\",\"width\":1920,\"height\":1388,\"caption\":\"Photo by Urbana\"},{\"@type\":\"BreadcrumbList\",\"@id\":\"https:\/\/www.pressenza.com\/pt-pt\/2021\/01\/urbana-os-espacos-publicos-de-atenas-a-partir-de-uma-perspectiva-de-genero\/#breadcrumb\",\"itemListElement\":[{\"@type\":\"ListItem\",\"position\":1,\"name\":\"Accueil\",\"item\":\"https:\/\/www.pressenza.com\/pt-pt\/\"},{\"@type\":\"ListItem\",\"position\":2,\"name\":\"URBANA: os espa\u00e7os p\u00fablicos de Atenas a partir de uma perspectiva de g\u00eanero\"}]},{\"@type\":\"WebSite\",\"@id\":\"https:\/\/www.pressenza.com\/pt-pt\/#website\",\"url\":\"https:\/\/www.pressenza.com\/pt-pt\/\",\"name\":\"Pressenza\",\"description\":\"International Press Agency\",\"publisher\":{\"@id\":\"https:\/\/www.pressenza.com\/pt-pt\/#organization\"},\"potentialAction\":[{\"@type\":\"SearchAction\",\"target\":{\"@type\":\"EntryPoint\",\"urlTemplate\":\"https:\/\/www.pressenza.com\/pt-pt\/?s={search_term_string}\"},\"query-input\":{\"@type\":\"PropertyValueSpecification\",\"valueRequired\":true,\"valueName\":\"search_term_string\"}}],\"inLanguage\":\"pt-PT\"},{\"@type\":\"Organization\",\"@id\":\"https:\/\/www.pressenza.com\/pt-pt\/#organization\",\"name\":\"Pressenza\",\"url\":\"https:\/\/www.pressenza.com\/pt-pt\/\",\"logo\":{\"@type\":\"ImageObject\",\"inLanguage\":\"pt-PT\",\"@id\":\"https:\/\/www.pressenza.com\/pt-pt\/#\/schema\/logo\/image\/\",\"url\":\"https:\/\/www.pressenza.com\/wp-content\/uploads\/2022\/10\/pressenza_logo_200x200.jpg\",\"contentUrl\":\"https:\/\/www.pressenza.com\/wp-content\/uploads\/2022\/10\/pressenza_logo_200x200.jpg\",\"width\":200,\"height\":200,\"caption\":\"Pressenza\"},\"image\":{\"@id\":\"https:\/\/www.pressenza.com\/pt-pt\/#\/schema\/logo\/image\/\"},\"sameAs\":[\"https:\/\/www.facebook.com\/PressenzaItalia\",\"https:\/\/x.com\/PressenzaIPA\"]},{\"@type\":\"Person\",\"@id\":\"https:\/\/www.pressenza.com\/pt-pt\/#\/schema\/person\/9eae8d7f0aad5ec6a7f6f21ec94480fb\",\"name\":\"Pressenza Athens\",\"description\":\"News from the Pressenza Bureau in Athens, Greece\",\"sameAs\":[\"https:\/\/www.facebook.com\/pressenzagr\/\",\"https:\/\/x.com\/Pressenza_ath\"],\"url\":\"https:\/\/www.pressenza.com\/pt-pt\/author\/pressenza-athens\/\"}]}<\/script>\n<!-- \/ Yoast SEO plugin. -->","yoast_head_json":{"title":"URBANA: os espa\u00e7os p\u00fablicos de Atenas a partir de uma perspectiva de g\u00eanero","description":"\u00a0 \u00a0\"Juntos, ainda que separados, decidimos analisar os bairros em que nos encontr\u00e1vamos durante a nova quarentena a partir de uma perspectiva de g\u00eanero e","robots":{"index":"index","follow":"follow","max-snippet":"max-snippet:-1","max-image-preview":"max-image-preview:large","max-video-preview":"max-video-preview:-1"},"canonical":"https:\/\/www.pressenza.com\/pt-pt\/2021\/01\/urbana-os-espacos-publicos-de-atenas-a-partir-de-uma-perspectiva-de-genero\/","og_locale":"pt_PT","og_type":"article","og_title":"URBANA: os espa\u00e7os p\u00fablicos de Atenas a partir de uma perspectiva de g\u00eanero","og_description":"\u00a0 \u00a0\"Juntos, ainda que separados, decidimos analisar os bairros em que nos encontr\u00e1vamos durante a nova quarentena a partir de uma perspectiva de g\u00eanero e","og_url":"https:\/\/www.pressenza.com\/pt-pt\/2021\/01\/urbana-os-espacos-publicos-de-atenas-a-partir-de-uma-perspectiva-de-genero\/","og_site_name":"Pressenza","article_publisher":"https:\/\/www.facebook.com\/PressenzaItalia","article_author":"https:\/\/www.facebook.com\/pressenzagr\/","article_published_time":"2021-01-30T03:25:32+00:00","og_image":[{"width":1920,"height":1388,"url":"https:\/\/www.pressenza.com\/wp-content\/uploads\/2021\/01\/exploratory-walks-final-1.jpeg","type":"image\/jpeg"}],"author":"Pressenza Athens","twitter_card":"summary_large_image","twitter_creator":"@Pressenza_ath","twitter_site":"@PressenzaIPA","twitter_misc":{"Escrito por":"Pressenza Athens","Tempo estimado de leitura":"3 minutos"},"schema":{"@context":"https:\/\/schema.org","@graph":[{"@type":"Article","@id":"https:\/\/www.pressenza.com\/pt-pt\/2021\/01\/urbana-os-espacos-publicos-de-atenas-a-partir-de-uma-perspectiva-de-genero\/#article","isPartOf":{"@id":"https:\/\/www.pressenza.com\/pt-pt\/2021\/01\/urbana-os-espacos-publicos-de-atenas-a-partir-de-uma-perspectiva-de-genero\/"},"author":{"name":"Pressenza Athens","@id":"https:\/\/www.pressenza.com\/pt-pt\/#\/schema\/person\/9eae8d7f0aad5ec6a7f6f21ec94480fb"},"headline":"URBANA: os espa\u00e7os p\u00fablicos de Atenas a partir de uma perspectiva de g\u00eanero","datePublished":"2021-01-30T03:25:32+00:00","mainEntityOfPage":{"@id":"https:\/\/www.pressenza.com\/pt-pt\/2021\/01\/urbana-os-espacos-publicos-de-atenas-a-partir-de-uma-perspectiva-de-genero\/"},"wordCount":607,"publisher":{"@id":"https:\/\/www.pressenza.com\/pt-pt\/#organization"},"image":{"@id":"https:\/\/www.pressenza.com\/pt-pt\/2021\/01\/urbana-os-espacos-publicos-de-atenas-a-partir-de-uma-perspectiva-de-genero\/#primaryimage"},"thumbnailUrl":"https:\/\/www.pressenza.com\/wp-content\/uploads\/2021\/01\/exploratory-walks-final-1.jpeg","keywords":["espa\u00e7os p\u00fablicos de Atenas","Oficina de Estudos de G\u00eanero","pandemia e g\u00eanero","Panteion"],"articleSection":["Conte\u00fado Original","Europa","G\u00eanero e feminismos"],"inLanguage":"pt-PT"},{"@type":"WebPage","@id":"https:\/\/www.pressenza.com\/pt-pt\/2021\/01\/urbana-os-espacos-publicos-de-atenas-a-partir-de-uma-perspectiva-de-genero\/","url":"https:\/\/www.pressenza.com\/pt-pt\/2021\/01\/urbana-os-espacos-publicos-de-atenas-a-partir-de-uma-perspectiva-de-genero\/","name":"URBANA: os espa\u00e7os p\u00fablicos de Atenas a partir de uma perspectiva de g\u00eanero","isPartOf":{"@id":"https:\/\/www.pressenza.com\/pt-pt\/#website"},"primaryImageOfPage":{"@id":"https:\/\/www.pressenza.com\/pt-pt\/2021\/01\/urbana-os-espacos-publicos-de-atenas-a-partir-de-uma-perspectiva-de-genero\/#primaryimage"},"image":{"@id":"https:\/\/www.pressenza.com\/pt-pt\/2021\/01\/urbana-os-espacos-publicos-de-atenas-a-partir-de-uma-perspectiva-de-genero\/#primaryimage"},"thumbnailUrl":"https:\/\/www.pressenza.com\/wp-content\/uploads\/2021\/01\/exploratory-walks-final-1.jpeg","datePublished":"2021-01-30T03:25:32+00:00","description":"\u00a0 \u00a0\"Juntos, ainda que separados, decidimos analisar os bairros em que nos encontr\u00e1vamos durante a nova quarentena a partir de uma perspectiva de g\u00eanero e","breadcrumb":{"@id":"https:\/\/www.pressenza.com\/pt-pt\/2021\/01\/urbana-os-espacos-publicos-de-atenas-a-partir-de-uma-perspectiva-de-genero\/#breadcrumb"},"inLanguage":"pt-PT","potentialAction":[{"@type":"ReadAction","target":["https:\/\/www.pressenza.com\/pt-pt\/2021\/01\/urbana-os-espacos-publicos-de-atenas-a-partir-de-uma-perspectiva-de-genero\/"]}]},{"@type":"ImageObject","inLanguage":"pt-PT","@id":"https:\/\/www.pressenza.com\/pt-pt\/2021\/01\/urbana-os-espacos-publicos-de-atenas-a-partir-de-uma-perspectiva-de-genero\/#primaryimage","url":"https:\/\/www.pressenza.com\/wp-content\/uploads\/2021\/01\/exploratory-walks-final-1.jpeg","contentUrl":"https:\/\/www.pressenza.com\/wp-content\/uploads\/2021\/01\/exploratory-walks-final-1.jpeg","width":1920,"height":1388,"caption":"Photo by Urbana"},{"@type":"BreadcrumbList","@id":"https:\/\/www.pressenza.com\/pt-pt\/2021\/01\/urbana-os-espacos-publicos-de-atenas-a-partir-de-uma-perspectiva-de-genero\/#breadcrumb","itemListElement":[{"@type":"ListItem","position":1,"name":"Accueil","item":"https:\/\/www.pressenza.com\/pt-pt\/"},{"@type":"ListItem","position":2,"name":"URBANA: os espa\u00e7os p\u00fablicos de Atenas a partir de uma perspectiva de g\u00eanero"}]},{"@type":"WebSite","@id":"https:\/\/www.pressenza.com\/pt-pt\/#website","url":"https:\/\/www.pressenza.com\/pt-pt\/","name":"Pressenza","description":"International Press Agency","publisher":{"@id":"https:\/\/www.pressenza.com\/pt-pt\/#organization"},"potentialAction":[{"@type":"SearchAction","target":{"@type":"EntryPoint","urlTemplate":"https:\/\/www.pressenza.com\/pt-pt\/?s={search_term_string}"},"query-input":{"@type":"PropertyValueSpecification","valueRequired":true,"valueName":"search_term_string"}}],"inLanguage":"pt-PT"},{"@type":"Organization","@id":"https:\/\/www.pressenza.com\/pt-pt\/#organization","name":"Pressenza","url":"https:\/\/www.pressenza.com\/pt-pt\/","logo":{"@type":"ImageObject","inLanguage":"pt-PT","@id":"https:\/\/www.pressenza.com\/pt-pt\/#\/schema\/logo\/image\/","url":"https:\/\/www.pressenza.com\/wp-content\/uploads\/2022\/10\/pressenza_logo_200x200.jpg","contentUrl":"https:\/\/www.pressenza.com\/wp-content\/uploads\/2022\/10\/pressenza_logo_200x200.jpg","width":200,"height":200,"caption":"Pressenza"},"image":{"@id":"https:\/\/www.pressenza.com\/pt-pt\/#\/schema\/logo\/image\/"},"sameAs":["https:\/\/www.facebook.com\/PressenzaItalia","https:\/\/x.com\/PressenzaIPA"]},{"@type":"Person","@id":"https:\/\/www.pressenza.com\/pt-pt\/#\/schema\/person\/9eae8d7f0aad5ec6a7f6f21ec94480fb","name":"Pressenza Athens","description":"News from the Pressenza Bureau in Athens, Greece","sameAs":["https:\/\/www.facebook.com\/pressenzagr\/","https:\/\/x.com\/Pressenza_ath"],"url":"https:\/\/www.pressenza.com\/pt-pt\/author\/pressenza-athens\/"}]}},"place":"","original_article_url":"","_links":{"self":[{"href":"https:\/\/www.pressenza.com\/pt-pt\/wp-json\/wp\/v2\/posts\/1288689","targetHints":{"allow":["GET"]}}],"collection":[{"href":"https:\/\/www.pressenza.com\/pt-pt\/wp-json\/wp\/v2\/posts"}],"about":[{"href":"https:\/\/www.pressenza.com\/pt-pt\/wp-json\/wp\/v2\/types\/post"}],"author":[{"embeddable":true,"href":"https:\/\/www.pressenza.com\/pt-pt\/wp-json\/wp\/v2\/users\/1220"}],"replies":[{"embeddable":true,"href":"https:\/\/www.pressenza.com\/pt-pt\/wp-json\/wp\/v2\/comments?post=1288689"}],"version-history":[{"count":0,"href":"https:\/\/www.pressenza.com\/pt-pt\/wp-json\/wp\/v2\/posts\/1288689\/revisions"}],"wp:featuredmedia":[{"embeddable":true,"href":"https:\/\/www.pressenza.com\/pt-pt\/wp-json\/wp\/v2\/media\/1277532"}],"wp:attachment":[{"href":"https:\/\/www.pressenza.com\/pt-pt\/wp-json\/wp\/v2\/media?parent=1288689"}],"wp:term":[{"taxonomy":"category","embeddable":true,"href":"https:\/\/www.pressenza.com\/pt-pt\/wp-json\/wp\/v2\/categories?post=1288689"},{"taxonomy":"post_tag","embeddable":true,"href":"https:\/\/www.pressenza.com\/pt-pt\/wp-json\/wp\/v2\/tags?post=1288689"}],"curies":[{"name":"wp","href":"https:\/\/api.w.org\/{rel}","templated":true}]}}