{"id":1287863,"date":"2021-01-29T15:10:42","date_gmt":"2021-01-29T15:10:42","guid":{"rendered":"https:\/\/www.pressenza.com\/?p=1287863"},"modified":"2021-01-29T15:10:42","modified_gmt":"2021-01-29T15:10:42","slug":"bancada-preta-debate-renda-basica-como-direito-humano-incondicional-e-universal","status":"publish","type":"post","link":"https:\/\/www.pressenza.com\/pt-pt\/2021\/01\/bancada-preta-debate-renda-basica-como-direito-humano-incondicional-e-universal\/","title":{"rendered":"Bancada Preta debate Renda B\u00e1sica como direito humano incondicional e universal"},"content":{"rendered":"<p class=\"a-b-r-La\" style=\"text-align: left;\">Conhecimento e emo\u00e7\u00e3o marcaram o encontro digital em que a <a href=\"https:\/\/bancadapreta.com.br\/\">Bancada Preta<\/a> reuniu, na \u00faltima quarta-feira (dia 27), autoridades nacionais para dialogar sobre Renda B\u00e1sica Incondicional e Universal. O encontro, que aconteceu no formato digital, foi conduzido pela jornalista Su\u00earda Deboa e teve como convidados o vereador de S\u00e3o Paulo Eduardo Suplicy (PT), o intelectual org\u00e2nico da periferia e embaixador da Bancada Preta, Eduardo Alves de Carvalho, a economista Regiane Vieira, a professora e militante do Movimento Negro Unificado, Ieda Leal, e o analista de sistemas S\u00e9rgio Mesquita, que representou o munic\u00edpio de Maric\u00e1, no Rio de Janeiro.<\/p>\n<p class=\"a-b-r-La\" style=\"text-align: left;\">Logo na abertura Eduardo Alves falou da import\u00e2ncia do encontro, &#8220;que anima, agita a alma e traz energia para vida&#8221; e destacou a necessidade de se discutir o tema, que segundo ele, se organiza em uma bandeira de luta, de\u00a0 organiza\u00e7\u00e3o e de unidade sobre v\u00e1rios aspectos da vida. Para Eduardo, a Renda B\u00e1sica ter\u00e1 que ser aprovada no mundo e \u00e9 importante que a ONU afirme que a Renda B\u00e1sica Incondiconal e Universal \u00e9 um direito humano fundamental.<\/p>\n<p class=\"a-b-r-La\" style=\"text-align: left;\">Ele disse ainda que o Estado precisa se organizar para manter a vida e que a renda b\u00e1sica \u00e9 uma condi\u00e7\u00e3o para tanto. Edu Alves destacou a import\u00e2ncia da vida: &#8220;N\u00f3s precisamos viver uma outra realidade, onde a vida possa se ampliar.&#8221;Para ele, a conviv\u00eancia humana pode unificar as pessoas em torno da supera\u00e7\u00e3o do capitalismo e para o fim da necropol\u00edtica. &#8220;Que a gente seja sujeito dessa conquista&#8221;, finalizou Edu.<\/p>\n<p class=\"a-b-r-La\" style=\"text-align: left;\">A economista Regiane Vieira afirmou que a Renda B\u00e1sica \u00e9 uma ferramenta poderosa de redu\u00e7\u00e3o da desigualdade e de redistribui\u00e7\u00e3o de renda, j\u00e1 que o Brasil \u00e9 um dos pa\u00edses no mundo com o maior percentual de concentra\u00e7\u00e3o de renda. A economista esclareceu que \u00e9 importante derrubar o argumento de que a renda b\u00e1sica n\u00e3o teria como se financiar. Ela elencou tamb\u00e9m tr\u00eas aspectos importantes da renda b\u00e1sica: como garantia de cidadania plena, como direito previsto na constitui\u00e7\u00e3o brasileira e como dever do estado. Para ela \u00e9 necess\u00e1rio que haja uma redistribui\u00e7\u00e3o de renda que assegure cidadania plena a todos os cidad\u00e3os do Pa\u00eds.<\/p>\n<p class=\"a-b-r-La\" style=\"text-align: left;\">O vereador e o autor da proposta da Renda B\u00e1sica no Brasil, Eduardo Suplicy, fez um retrospecto da hist\u00f3ria da renda b\u00e1sica no mundo. Ele lembrou que o Brasil foi o primeiro Pa\u00eds a instituir a legisla\u00e7\u00e3o sobre renda b\u00e1sica. No ano de 2004, a lei 10.835, de sua autoria, criou cidadania incondicional e universal para todos os residente do Brasil, inclusive os estrangeiros residentes no Brasil h\u00e1 cinco anos ou mais.<\/p>\n<p class=\"a-b-r-La\" style=\"text-align: left;\">Com a foto de Martin Luther King em m\u00e3os, Suplicy chamou a aten\u00e7\u00e3o para as palavras de quem ele chamou de &#8220;um dos grandes defensores mundiais da garantia de uma renda&#8221; e citou as palavras de Luther King, em 1963 :&#8221;Eu tenho um sonho, que um dia, nos morros vermelhos da Ge\u00f3rgia, os filhos de ex-escravos, os filhos de ex-donos de escravos ser\u00e3o capazes de se sentar juntos na mesa da fraternidade&#8221;, relembrou com voz embargada, Suplicy.<\/p>\n<p class=\"a-b-r-La\" style=\"text-align: left;\">A representante do Movimento Negro Unificado (MNU), Ieda Leal, abriu a participa\u00e7\u00e3o com cr\u00edticas ao Governo Federal. Segundo ela, Luther King teve um sonho, mas os brasileiros vivem hoje um pesadelo e esse pesadelo est\u00e1 no Planalto. Sobre a Renda B\u00e1sica, Ieda deixou claro que a proposta defendida pelos movimentos sociais \u00e9 a mesma experi\u00eancia &#8220;honesta e que deu certo na cidade Maric\u00e1.&#8221; Ela destacou que o mais importante na proposta \u00e9 proporcionar vida digna a todos os cidad\u00e3os.<\/p>\n<h4><strong>Maric\u00e1 como exemplo de sucesso da Renda B\u00e1sica<\/strong><\/h4>\n<p class=\"a-b-r-La\" style=\"text-align: left;\">O analista de sistemas e representante da prefeitura de Maric\u00e1, Sergio Mesquita, explicou como a renda b\u00e1sica foi implantada no munic\u00edpio e citou os avan\u00e7os alcan\u00e7ados pela popula\u00e7\u00e3o em sete anos. Segundo ele, a Renda B\u00e1sica Cidad\u00e3 de Maric\u00e1 atende, atualmente 42 mil pessoas. Ela falou sobre a Moeda Mumbuca, utilizada por 25% da popula\u00e7\u00e3o, com investimento mensal da prefeitura de 12 milh\u00f5es de reais.<\/p>\n<p class=\"a-b-r-La\" style=\"text-align: left;\">Tamb\u00e9m citou o passaporte universit\u00e1rio, que atende cinco mil estudantes de Maric\u00e1, bem como o atendimento de transporte para toda a popula\u00e7\u00e3o com a tarifa zero. Serginho esclareceu que o grande diferencial da Renda B\u00e1sica em Maric\u00e1 \u00e9 a circula\u00e7\u00e3o do dinheiro local e ressaltou que o mais importante \u00e9 a vida digna que a renda b\u00e1sica vem proporcionando cada vez mais \u00e0 popula\u00e7\u00e3o de Maric\u00e1.<\/p>\n<p class=\"a-b-r-La\" style=\"text-align: left;\">Quem acompanhou a live at\u00e9 o final pode se emocionar com o encerramento. Em um discurso carregado de conhecimento e sentimento, Eduardo Suplicy, que citou diversos \u00edcones, que ao longo da hist\u00f3ria da humanidade, abriram m\u00e3o dos pr\u00f3prios bens para assegurar os direitos de toda a humanidade. Ele encerrou lendo um trecho do livro do Papa Francisco: &#8220;Reconhecer o valor do trabalho n\u00e3o remunerado para a sociedade \u00e9 vital para repensarmos o mundo p\u00f3s-pandemia, por isso acredito que seja a hora de explorar conceitos como o da Renda B\u00e1sica Universal.&#8221;<\/p>\n<p class=\"a-b-r-La\" style=\"text-align: left;\">Ap\u00f3s a leitura, Suplicy exp\u00f4s o pr\u00f3prio sentimento:\u00a0 &#8220;Eis a\u00ed algumas das raz\u00f5es pelas quais eu tanto acredito nessa proposta. Pe\u00e7o a Deus que ainda durante a minha vida, eu veja institu\u00edda no Brasil a Renda B\u00e1sica de Cidadania Incondicional e Universal e por muitos outros pa\u00edses&#8221;, concluiu Suplicy, esbanjando emo\u00e7\u00e3o e carisma.<\/p>\n","protected":false},"excerpt":{"rendered":"<p>Conhecimento e emo\u00e7\u00e3o marcaram o encontro digital em que a Bancada Preta reuniu, na \u00faltima quarta-feira (dia 27), autoridades nacionais para dialogar sobre Renda B\u00e1sica Incondicional e Universal. O encontro, que aconteceu no formato digital, foi conduzido pela jornalista Su\u00earda&hellip;<\/p>\n","protected":false},"author":1926,"featured_media":1287877,"comment_status":"closed","ping_status":"closed","sticky":false,"template":"","format":"standard","meta":{"footnotes":""},"categories":[11390,116,118],"tags":[5204,28287,28284,78932,6985],"class_list":["post-1287863","post","type-post","status-publish","format-standard","has-post-thumbnail","hentry","category-conteudo-original","category-direitos-humanos","category-economia-pt-pt","tag-direitos-humanos","tag-eduardo-suplicy","tag-marica","tag-renda-basica-pt-pt","tag-rio-dejaneiro"],"yoast_head":"<!-- This site is optimized with the Yoast SEO plugin v27.1.1 - https:\/\/yoast.com\/product\/yoast-seo-wordpress\/ -->\n<title>Bancada Preta debate Renda B\u00e1sica como direito humano incondicional e universal<\/title>\n<meta name=\"description\" content=\"Conhecimento e emo\u00e7\u00e3o marcaram o encontro digital em que a Bancada Preta reuniu, na \u00faltima quarta-feira (dia 27), autoridades nacionais para dialogar\" \/>\n<meta name=\"robots\" content=\"index, follow, max-snippet:-1, max-image-preview:large, max-video-preview:-1\" \/>\n<link rel=\"canonical\" href=\"https:\/\/www.pressenza.com\/pt-pt\/2021\/01\/bancada-preta-debate-renda-basica-como-direito-humano-incondicional-e-universal\/\" \/>\n<meta property=\"og:locale\" content=\"pt_PT\" \/>\n<meta property=\"og:type\" content=\"article\" \/>\n<meta property=\"og:title\" content=\"Bancada Preta debate Renda B\u00e1sica como direito humano incondicional e universal\" \/>\n<meta property=\"og:description\" content=\"Conhecimento e emo\u00e7\u00e3o marcaram o encontro digital em que a Bancada Preta reuniu, na \u00faltima quarta-feira (dia 27), autoridades nacionais para dialogar\" \/>\n<meta property=\"og:url\" content=\"https:\/\/www.pressenza.com\/pt-pt\/2021\/01\/bancada-preta-debate-renda-basica-como-direito-humano-incondicional-e-universal\/\" \/>\n<meta property=\"og:site_name\" content=\"Pressenza\" \/>\n<meta property=\"article:publisher\" content=\"https:\/\/www.facebook.com\/PressenzaItalia\" \/>\n<meta property=\"article:published_time\" content=\"2021-01-29T15:10:42+00:00\" \/>\n<meta property=\"og:image\" content=\"https:\/\/www.pressenza.com\/wp-content\/uploads\/2021\/01\/WhatsApp-Image-2021-01-29-at-10.44.19.jpeg\" \/>\n\t<meta property=\"og:image:width\" content=\"680\" \/>\n\t<meta property=\"og:image:height\" content=\"382\" \/>\n\t<meta property=\"og:image:type\" content=\"image\/jpeg\" \/>\n<meta name=\"author\" content=\"M\u00f4nica Marins\" \/>\n<meta name=\"twitter:card\" content=\"summary_large_image\" \/>\n<meta name=\"twitter:creator\" content=\"@PressenzaIPA\" \/>\n<meta name=\"twitter:site\" content=\"@PressenzaIPA\" \/>\n<meta name=\"twitter:label1\" content=\"Escrito por\" \/>\n\t<meta name=\"twitter:data1\" content=\"M\u00f4nica Marins\" \/>\n\t<meta name=\"twitter:label2\" content=\"Tempo estimado de leitura\" \/>\n\t<meta name=\"twitter:data2\" content=\"5 minutos\" \/>\n<script type=\"application\/ld+json\" class=\"yoast-schema-graph\">{\"@context\":\"https:\/\/schema.org\",\"@graph\":[{\"@type\":\"Article\",\"@id\":\"https:\/\/www.pressenza.com\/pt-pt\/2021\/01\/bancada-preta-debate-renda-basica-como-direito-humano-incondicional-e-universal\/#article\",\"isPartOf\":{\"@id\":\"https:\/\/www.pressenza.com\/pt-pt\/2021\/01\/bancada-preta-debate-renda-basica-como-direito-humano-incondicional-e-universal\/\"},\"author\":{\"name\":\"M\u00f4nica Marins\",\"@id\":\"https:\/\/www.pressenza.com\/pt-pt\/#\/schema\/person\/b335394d8201af1b3fafb3d3c9ba77e1\"},\"headline\":\"Bancada Preta debate Renda B\u00e1sica como direito humano incondicional e universal\",\"datePublished\":\"2021-01-29T15:10:42+00:00\",\"mainEntityOfPage\":{\"@id\":\"https:\/\/www.pressenza.com\/pt-pt\/2021\/01\/bancada-preta-debate-renda-basica-como-direito-humano-incondicional-e-universal\/\"},\"wordCount\":935,\"publisher\":{\"@id\":\"https:\/\/www.pressenza.com\/pt-pt\/#organization\"},\"image\":{\"@id\":\"https:\/\/www.pressenza.com\/pt-pt\/2021\/01\/bancada-preta-debate-renda-basica-como-direito-humano-incondicional-e-universal\/#primaryimage\"},\"thumbnailUrl\":\"https:\/\/www.pressenza.com\/wp-content\/uploads\/2021\/01\/WhatsApp-Image-2021-01-29-at-10.44.19.jpeg\",\"keywords\":[\"direitos humanos\",\"Eduardo Suplicy\",\"Marica\",\"Renda b\u00e0sica\",\"Rio de Janeiro\"],\"articleSection\":[\"Conte\u00fado Original\",\"Direitos Humanos\",\"Economia\"],\"inLanguage\":\"pt-PT\"},{\"@type\":\"WebPage\",\"@id\":\"https:\/\/www.pressenza.com\/pt-pt\/2021\/01\/bancada-preta-debate-renda-basica-como-direito-humano-incondicional-e-universal\/\",\"url\":\"https:\/\/www.pressenza.com\/pt-pt\/2021\/01\/bancada-preta-debate-renda-basica-como-direito-humano-incondicional-e-universal\/\",\"name\":\"Bancada Preta debate Renda B\u00e1sica como direito humano incondicional e universal\",\"isPartOf\":{\"@id\":\"https:\/\/www.pressenza.com\/pt-pt\/#website\"},\"primaryImageOfPage\":{\"@id\":\"https:\/\/www.pressenza.com\/pt-pt\/2021\/01\/bancada-preta-debate-renda-basica-como-direito-humano-incondicional-e-universal\/#primaryimage\"},\"image\":{\"@id\":\"https:\/\/www.pressenza.com\/pt-pt\/2021\/01\/bancada-preta-debate-renda-basica-como-direito-humano-incondicional-e-universal\/#primaryimage\"},\"thumbnailUrl\":\"https:\/\/www.pressenza.com\/wp-content\/uploads\/2021\/01\/WhatsApp-Image-2021-01-29-at-10.44.19.jpeg\",\"datePublished\":\"2021-01-29T15:10:42+00:00\",\"description\":\"Conhecimento e emo\u00e7\u00e3o marcaram o encontro digital em que a Bancada Preta reuniu, na \u00faltima quarta-feira (dia 27), autoridades nacionais para dialogar\",\"breadcrumb\":{\"@id\":\"https:\/\/www.pressenza.com\/pt-pt\/2021\/01\/bancada-preta-debate-renda-basica-como-direito-humano-incondicional-e-universal\/#breadcrumb\"},\"inLanguage\":\"pt-PT\",\"potentialAction\":[{\"@type\":\"ReadAction\",\"target\":[\"https:\/\/www.pressenza.com\/pt-pt\/2021\/01\/bancada-preta-debate-renda-basica-como-direito-humano-incondicional-e-universal\/\"]}]},{\"@type\":\"ImageObject\",\"inLanguage\":\"pt-PT\",\"@id\":\"https:\/\/www.pressenza.com\/pt-pt\/2021\/01\/bancada-preta-debate-renda-basica-como-direito-humano-incondicional-e-universal\/#primaryimage\",\"url\":\"https:\/\/www.pressenza.com\/wp-content\/uploads\/2021\/01\/WhatsApp-Image-2021-01-29-at-10.44.19.jpeg\",\"contentUrl\":\"https:\/\/www.pressenza.com\/wp-content\/uploads\/2021\/01\/WhatsApp-Image-2021-01-29-at-10.44.19.jpeg\",\"width\":680,\"height\":382},{\"@type\":\"BreadcrumbList\",\"@id\":\"https:\/\/www.pressenza.com\/pt-pt\/2021\/01\/bancada-preta-debate-renda-basica-como-direito-humano-incondicional-e-universal\/#breadcrumb\",\"itemListElement\":[{\"@type\":\"ListItem\",\"position\":1,\"name\":\"Accueil\",\"item\":\"https:\/\/www.pressenza.com\/pt-pt\/\"},{\"@type\":\"ListItem\",\"position\":2,\"name\":\"Bancada Preta debate Renda B\u00e1sica como direito humano incondicional e universal\"}]},{\"@type\":\"WebSite\",\"@id\":\"https:\/\/www.pressenza.com\/pt-pt\/#website\",\"url\":\"https:\/\/www.pressenza.com\/pt-pt\/\",\"name\":\"Pressenza\",\"description\":\"International Press Agency\",\"publisher\":{\"@id\":\"https:\/\/www.pressenza.com\/pt-pt\/#organization\"},\"potentialAction\":[{\"@type\":\"SearchAction\",\"target\":{\"@type\":\"EntryPoint\",\"urlTemplate\":\"https:\/\/www.pressenza.com\/pt-pt\/?s={search_term_string}\"},\"query-input\":{\"@type\":\"PropertyValueSpecification\",\"valueRequired\":true,\"valueName\":\"search_term_string\"}}],\"inLanguage\":\"pt-PT\"},{\"@type\":\"Organization\",\"@id\":\"https:\/\/www.pressenza.com\/pt-pt\/#organization\",\"name\":\"Pressenza\",\"url\":\"https:\/\/www.pressenza.com\/pt-pt\/\",\"logo\":{\"@type\":\"ImageObject\",\"inLanguage\":\"pt-PT\",\"@id\":\"https:\/\/www.pressenza.com\/pt-pt\/#\/schema\/logo\/image\/\",\"url\":\"https:\/\/www.pressenza.com\/wp-content\/uploads\/2022\/10\/pressenza_logo_200x200.jpg\",\"contentUrl\":\"https:\/\/www.pressenza.com\/wp-content\/uploads\/2022\/10\/pressenza_logo_200x200.jpg\",\"width\":200,\"height\":200,\"caption\":\"Pressenza\"},\"image\":{\"@id\":\"https:\/\/www.pressenza.com\/pt-pt\/#\/schema\/logo\/image\/\"},\"sameAs\":[\"https:\/\/www.facebook.com\/PressenzaItalia\",\"https:\/\/x.com\/PressenzaIPA\"]},{\"@type\":\"Person\",\"@id\":\"https:\/\/www.pressenza.com\/pt-pt\/#\/schema\/person\/b335394d8201af1b3fafb3d3c9ba77e1\",\"name\":\"M\u00f4nica Marins\",\"description\":\"MTB MTB 37.200\/ RJ - Jornalista h\u00e1 30 anos - tendo passado por diversas emissoras de tv e r\u00e1dio, bem como reda\u00e7\u00f5es de jornais e portais de not\u00edcia, no Rio de Janeiro e interior do estado - principalmente na Regi\u00e3o dos Lagos. Desde 2005 trabalha exclusivamente com assessoria de imprensa pol\u00edtica. Foi diretora do Sindicato dos Radialistas do Rio de Janeiro e da Rede de Mulheres do R\u00e1dio.\",\"url\":\"https:\/\/www.pressenza.com\/pt-pt\/author\/monica-martins\/\"}]}<\/script>\n<!-- \/ Yoast SEO plugin. -->","yoast_head_json":{"title":"Bancada Preta debate Renda B\u00e1sica como direito humano incondicional e universal","description":"Conhecimento e emo\u00e7\u00e3o marcaram o encontro digital em que a Bancada Preta reuniu, na \u00faltima quarta-feira (dia 27), autoridades nacionais para dialogar","robots":{"index":"index","follow":"follow","max-snippet":"max-snippet:-1","max-image-preview":"max-image-preview:large","max-video-preview":"max-video-preview:-1"},"canonical":"https:\/\/www.pressenza.com\/pt-pt\/2021\/01\/bancada-preta-debate-renda-basica-como-direito-humano-incondicional-e-universal\/","og_locale":"pt_PT","og_type":"article","og_title":"Bancada Preta debate Renda B\u00e1sica como direito humano incondicional e universal","og_description":"Conhecimento e emo\u00e7\u00e3o marcaram o encontro digital em que a Bancada Preta reuniu, na \u00faltima quarta-feira (dia 27), autoridades nacionais para dialogar","og_url":"https:\/\/www.pressenza.com\/pt-pt\/2021\/01\/bancada-preta-debate-renda-basica-como-direito-humano-incondicional-e-universal\/","og_site_name":"Pressenza","article_publisher":"https:\/\/www.facebook.com\/PressenzaItalia","article_published_time":"2021-01-29T15:10:42+00:00","og_image":[{"width":680,"height":382,"url":"https:\/\/www.pressenza.com\/wp-content\/uploads\/2021\/01\/WhatsApp-Image-2021-01-29-at-10.44.19.jpeg","type":"image\/jpeg"}],"author":"M\u00f4nica Marins","twitter_card":"summary_large_image","twitter_creator":"@PressenzaIPA","twitter_site":"@PressenzaIPA","twitter_misc":{"Escrito por":"M\u00f4nica Marins","Tempo estimado de leitura":"5 minutos"},"schema":{"@context":"https:\/\/schema.org","@graph":[{"@type":"Article","@id":"https:\/\/www.pressenza.com\/pt-pt\/2021\/01\/bancada-preta-debate-renda-basica-como-direito-humano-incondicional-e-universal\/#article","isPartOf":{"@id":"https:\/\/www.pressenza.com\/pt-pt\/2021\/01\/bancada-preta-debate-renda-basica-como-direito-humano-incondicional-e-universal\/"},"author":{"name":"M\u00f4nica Marins","@id":"https:\/\/www.pressenza.com\/pt-pt\/#\/schema\/person\/b335394d8201af1b3fafb3d3c9ba77e1"},"headline":"Bancada Preta debate Renda B\u00e1sica como direito humano incondicional e universal","datePublished":"2021-01-29T15:10:42+00:00","mainEntityOfPage":{"@id":"https:\/\/www.pressenza.com\/pt-pt\/2021\/01\/bancada-preta-debate-renda-basica-como-direito-humano-incondicional-e-universal\/"},"wordCount":935,"publisher":{"@id":"https:\/\/www.pressenza.com\/pt-pt\/#organization"},"image":{"@id":"https:\/\/www.pressenza.com\/pt-pt\/2021\/01\/bancada-preta-debate-renda-basica-como-direito-humano-incondicional-e-universal\/#primaryimage"},"thumbnailUrl":"https:\/\/www.pressenza.com\/wp-content\/uploads\/2021\/01\/WhatsApp-Image-2021-01-29-at-10.44.19.jpeg","keywords":["direitos humanos","Eduardo Suplicy","Marica","Renda b\u00e0sica","Rio de Janeiro"],"articleSection":["Conte\u00fado Original","Direitos Humanos","Economia"],"inLanguage":"pt-PT"},{"@type":"WebPage","@id":"https:\/\/www.pressenza.com\/pt-pt\/2021\/01\/bancada-preta-debate-renda-basica-como-direito-humano-incondicional-e-universal\/","url":"https:\/\/www.pressenza.com\/pt-pt\/2021\/01\/bancada-preta-debate-renda-basica-como-direito-humano-incondicional-e-universal\/","name":"Bancada Preta debate Renda B\u00e1sica como direito humano incondicional e universal","isPartOf":{"@id":"https:\/\/www.pressenza.com\/pt-pt\/#website"},"primaryImageOfPage":{"@id":"https:\/\/www.pressenza.com\/pt-pt\/2021\/01\/bancada-preta-debate-renda-basica-como-direito-humano-incondicional-e-universal\/#primaryimage"},"image":{"@id":"https:\/\/www.pressenza.com\/pt-pt\/2021\/01\/bancada-preta-debate-renda-basica-como-direito-humano-incondicional-e-universal\/#primaryimage"},"thumbnailUrl":"https:\/\/www.pressenza.com\/wp-content\/uploads\/2021\/01\/WhatsApp-Image-2021-01-29-at-10.44.19.jpeg","datePublished":"2021-01-29T15:10:42+00:00","description":"Conhecimento e emo\u00e7\u00e3o marcaram o encontro digital em que a Bancada Preta reuniu, na \u00faltima quarta-feira (dia 27), autoridades nacionais para dialogar","breadcrumb":{"@id":"https:\/\/www.pressenza.com\/pt-pt\/2021\/01\/bancada-preta-debate-renda-basica-como-direito-humano-incondicional-e-universal\/#breadcrumb"},"inLanguage":"pt-PT","potentialAction":[{"@type":"ReadAction","target":["https:\/\/www.pressenza.com\/pt-pt\/2021\/01\/bancada-preta-debate-renda-basica-como-direito-humano-incondicional-e-universal\/"]}]},{"@type":"ImageObject","inLanguage":"pt-PT","@id":"https:\/\/www.pressenza.com\/pt-pt\/2021\/01\/bancada-preta-debate-renda-basica-como-direito-humano-incondicional-e-universal\/#primaryimage","url":"https:\/\/www.pressenza.com\/wp-content\/uploads\/2021\/01\/WhatsApp-Image-2021-01-29-at-10.44.19.jpeg","contentUrl":"https:\/\/www.pressenza.com\/wp-content\/uploads\/2021\/01\/WhatsApp-Image-2021-01-29-at-10.44.19.jpeg","width":680,"height":382},{"@type":"BreadcrumbList","@id":"https:\/\/www.pressenza.com\/pt-pt\/2021\/01\/bancada-preta-debate-renda-basica-como-direito-humano-incondicional-e-universal\/#breadcrumb","itemListElement":[{"@type":"ListItem","position":1,"name":"Accueil","item":"https:\/\/www.pressenza.com\/pt-pt\/"},{"@type":"ListItem","position":2,"name":"Bancada Preta debate Renda B\u00e1sica como direito humano incondicional e universal"}]},{"@type":"WebSite","@id":"https:\/\/www.pressenza.com\/pt-pt\/#website","url":"https:\/\/www.pressenza.com\/pt-pt\/","name":"Pressenza","description":"International Press Agency","publisher":{"@id":"https:\/\/www.pressenza.com\/pt-pt\/#organization"},"potentialAction":[{"@type":"SearchAction","target":{"@type":"EntryPoint","urlTemplate":"https:\/\/www.pressenza.com\/pt-pt\/?s={search_term_string}"},"query-input":{"@type":"PropertyValueSpecification","valueRequired":true,"valueName":"search_term_string"}}],"inLanguage":"pt-PT"},{"@type":"Organization","@id":"https:\/\/www.pressenza.com\/pt-pt\/#organization","name":"Pressenza","url":"https:\/\/www.pressenza.com\/pt-pt\/","logo":{"@type":"ImageObject","inLanguage":"pt-PT","@id":"https:\/\/www.pressenza.com\/pt-pt\/#\/schema\/logo\/image\/","url":"https:\/\/www.pressenza.com\/wp-content\/uploads\/2022\/10\/pressenza_logo_200x200.jpg","contentUrl":"https:\/\/www.pressenza.com\/wp-content\/uploads\/2022\/10\/pressenza_logo_200x200.jpg","width":200,"height":200,"caption":"Pressenza"},"image":{"@id":"https:\/\/www.pressenza.com\/pt-pt\/#\/schema\/logo\/image\/"},"sameAs":["https:\/\/www.facebook.com\/PressenzaItalia","https:\/\/x.com\/PressenzaIPA"]},{"@type":"Person","@id":"https:\/\/www.pressenza.com\/pt-pt\/#\/schema\/person\/b335394d8201af1b3fafb3d3c9ba77e1","name":"M\u00f4nica Marins","description":"MTB MTB 37.200\/ RJ - Jornalista h\u00e1 30 anos - tendo passado por diversas emissoras de tv e r\u00e1dio, bem como reda\u00e7\u00f5es de jornais e portais de not\u00edcia, no Rio de Janeiro e interior do estado - principalmente na Regi\u00e3o dos Lagos. Desde 2005 trabalha exclusivamente com assessoria de imprensa pol\u00edtica. Foi diretora do Sindicato dos Radialistas do Rio de Janeiro e da Rede de Mulheres do R\u00e1dio.","url":"https:\/\/www.pressenza.com\/pt-pt\/author\/monica-martins\/"}]}},"place":"Rio de Janeiro (RJ)","original_article_url":"","_links":{"self":[{"href":"https:\/\/www.pressenza.com\/pt-pt\/wp-json\/wp\/v2\/posts\/1287863","targetHints":{"allow":["GET"]}}],"collection":[{"href":"https:\/\/www.pressenza.com\/pt-pt\/wp-json\/wp\/v2\/posts"}],"about":[{"href":"https:\/\/www.pressenza.com\/pt-pt\/wp-json\/wp\/v2\/types\/post"}],"author":[{"embeddable":true,"href":"https:\/\/www.pressenza.com\/pt-pt\/wp-json\/wp\/v2\/users\/1926"}],"replies":[{"embeddable":true,"href":"https:\/\/www.pressenza.com\/pt-pt\/wp-json\/wp\/v2\/comments?post=1287863"}],"version-history":[{"count":0,"href":"https:\/\/www.pressenza.com\/pt-pt\/wp-json\/wp\/v2\/posts\/1287863\/revisions"}],"wp:featuredmedia":[{"embeddable":true,"href":"https:\/\/www.pressenza.com\/pt-pt\/wp-json\/wp\/v2\/media\/1287877"}],"wp:attachment":[{"href":"https:\/\/www.pressenza.com\/pt-pt\/wp-json\/wp\/v2\/media?parent=1287863"}],"wp:term":[{"taxonomy":"category","embeddable":true,"href":"https:\/\/www.pressenza.com\/pt-pt\/wp-json\/wp\/v2\/categories?post=1287863"},{"taxonomy":"post_tag","embeddable":true,"href":"https:\/\/www.pressenza.com\/pt-pt\/wp-json\/wp\/v2\/tags?post=1287863"}],"curies":[{"name":"wp","href":"https:\/\/api.w.org\/{rel}","templated":true}]}}