{"id":1287544,"date":"2021-01-28T22:41:15","date_gmt":"2021-01-28T22:41:15","guid":{"rendered":"https:\/\/www.pressenza.com\/?p=1287544"},"modified":"2021-01-28T23:14:00","modified_gmt":"2021-01-28T23:14:00","slug":"rede-de-mulheres-lanca-campanha-pela-justa-divisao-do-trabalho-domestico","status":"publish","type":"post","link":"https:\/\/www.pressenza.com\/pt-pt\/2021\/01\/rede-de-mulheres-lanca-campanha-pela-justa-divisao-do-trabalho-domestico\/","title":{"rendered":"Rede de Mulheres lan\u00e7a campanha pela justa divis\u00e3o do trabalho dom\u00e9stico"},"content":{"rendered":"<h4><strong>Por Karine Freitas*<\/strong><\/h4>\n<p>A divis\u00e3o sexual do trabalho revela uma desigualdade violenta para o cotidiano das mulheres. Como aponta a Pesquisa Nacional Por Amostra de Domic\u00edlio (PNAD), elas realizam uma jornada de trabalho dom\u00e9stico semanal de 10h24m a mais em compara\u00e7\u00e3o aos homens, o que representa quase o dobro da jornada masculina. A pesquisa ainda revela que 92% da popula\u00e7\u00e3o feminina, de 14 anos ou mais, realiza trabalho dom\u00e9stico. Quando comparado aos homens,\u00a0 esse n\u00famero cai para 78,5%. Tamb\u00e9m s\u00e3o as mulheres que est\u00e3o \u00e0 frente das atividades relacionadas aos cuidados: Como cozinhar (93,5%), lavar lou\u00e7a (93,5) e cuidar das roupas (91,2%).<\/p>\n<p>A sobrecarga de trabalho dom\u00e9stico e de cuidados, vivenciados cotidianamente pelas mulheres, ficou ainda mais violento com o contexto de pandemia e as medidas de isolamento social, em raz\u00e3o da Covid-19. O confinamento dos familiares, as escolas fechadas, o cuidado com os doentes acendem o alerta n\u00e3o apenas para o aumento da sobrecarga f\u00edsica e viol\u00eancia dom\u00e9stica, mas tamb\u00e9m para o adoecimento mental das mulheres, tendo em vista elas estarem exaustas com a realiza\u00e7\u00e3o simult\u00e2nea de atividades em casa e bastante preocupadas com o futuro, sobretudo em rela\u00e7\u00e3o a quest\u00e3o financeira.<\/p>\n<p>De acordo com a pesquisa realizada em 2018 pela Catho, 30% das mulheres deixaram os postos de trabalho por causa dos filhos. Essa tend\u00eancia tende a se agravar com a pandemia da Covid-19, conforme j\u00e1 divulgado pelo Instituto Brasileiro de Geografia e Estat\u00edsticas (IBGE), que constatou nesse per\u00edodo a menor taxa de participa\u00e7\u00e3o feminina no mercado de trabalho dos \u00faltimos 30 anos, 46,3%.<\/p>\n<p>\u00c9 nesse contexto pand\u00eamico de agravamento das desigualdades e viol\u00eancia de g\u00eanero que a <a href=\"https:\/\/www.facebook.com\/peladivisaojustadotrabalhodomestico?_rdc=2&amp;_rdr\"><strong>Campanha Pela Divis\u00e3o Justa do Trabalho Dom\u00e9stico<\/strong><\/a> \u00e9 relan\u00e7ada com um novo lema: <a href=\"https:\/\/www.instagram.com\/divisaojustadotrabalho\/?igshid=4innta9xhhwt\">Ficar em casa \u00e9 uma quest\u00e3o de sa\u00fade, dividir tarefas e viver sem viol\u00eancia tamb\u00e9m<\/a>. A Campanha \u00e9 uma iniciativa da <strong>Rede Feminismo e Agroecologia do Nordeste<\/strong>, em parceria com diversas organiza\u00e7\u00f5es da sociedade civil e movimentos sociais de mulheres.<\/p>\n<p>Segundo a coordenadora Laet\u00edcia Jalil (40), foi no marco de execu\u00e7\u00e3o do Projeto ATER Feminismo e Agroecologia, em 2014, que surgiu a ccmpanha para combater a n\u00e3o divis\u00e3o do trabalho dom\u00e9stico, tendo em vista esse se configurar como o grande impeditivo para as mulheres acessarem pol\u00edticas p\u00fablicas, bem como participarem de forma qualitativa dos diversos espa\u00e7os pol\u00edticos que elas estavam inseridas.<\/p>\n<p>Constru\u00edda coletivamente, a campanha produziu novos instrumentos para se adequar ao contexto de pandemia como a <strong><em>Zapnovela<\/em><\/strong>, que s\u00e3o epis\u00f3dios em formato de \u00e1udio compartilhados em grupos de WhatsApp, sobretudo grupos de mulheres, e disponibilizados nas redes sociais da Campanha. Em depoimento, a agricultora Bernailde Santos\u00a0 afirmou que o Zapnovela \u00e9 bom para as pessoas despertarem, procurar seus direitos e saber que ningu\u00e9m \u00e9 dono de ningu\u00e9m. J\u00e1 a agricultora Greice, relata que a Zapnovela trata de assuntos que tem muito a ver com a nossa realidade de lutas, conquistas e de muita resist\u00eancia.<\/p>\n<p>A Campanha tem o sentido de problematizar, questionar e visibilizar o trabalho dom\u00e9stico e de cuidados como central, enfatiza Graciete Santos , da Rede Feminismo e Agroecologia do Nordeste. Ela destaca que nesse momento de Pandemia, em diferentes contextos e realidades, esse trabalho aumenta no cotidiano das mulheres, causando uma jornada extensa de servi\u00e7os em casa. \u00c9 nesse sentido que a Campanha tem um papel crucial porque ela tamb\u00e9m demarca a injusta divis\u00e3o do trabalho como uma dimens\u00e3o da viol\u00eancia.<\/p>\n<p>Devido a onda global de viol\u00eancia contra as mulheres durante a Pandemia, a Organiza\u00e7\u00e3o das Na\u00e7\u00f5es Unidas (ONU), solicitou aos governos que tratem essa quest\u00e3o como prioridade. Nesse sentido, Beth Cardoso, tamb\u00e9m integrante da Rede Feminismo e Agroecologia do Nordeste, enfatiza que existe uma pandemia de Covid-19, mas existe tamb\u00e9m uma pandemia de viol\u00eancia dom\u00e9stica que precisamos enfrentar, destacando que este tamb\u00e9m \u00e9 o papel da Campanha.<\/p>\n<p>Nesse momento em que ficar em casa \u00e9 uma quest\u00e3o de sa\u00fade, a Campanha Pela Divis\u00e3o Justa do Trabalho Dom\u00e9stico se apresenta como uma importante ferramenta para transformar a realidade das mulheres. Acesse os conte\u00fados da Campanha atrav\u00e9s das redes sociais e contribua para fortalecer a luta das mulheres por uma vida sem viol\u00eancia.<\/p>\n<p>&nbsp;<\/p>\n<p><img decoding=\"async\" src=\"https:\/\/scontent-gru2-1.xx.fbcdn.net\/v\/t1.0-9\/101052333_2664586420452524_1682704243099697152_o.jpg?_nc_cat=109&amp;ccb=2&amp;_nc_sid=e3f864&amp;_nc_eui2=AeEgxwHldzasIOby0w9rL5l8RUEn34y3Jb5FQSffjLclvvlwIFQ9bsmdrrAQ0Jm9EKw&amp;_nc_ohc=waVMtwzv3NAAX_XxEFS&amp;_nc_ht=scontent-gru2-1.xx&amp;oh=0eccb75ebd7c9377564668deff678e42&amp;oe=6039D9C9\" alt=\"Nenhuma descri\u00e7\u00e3o de foto dispon\u00edvel.\" \/><\/p>\n<p><strong>Conhe\u00e7a a Campanha pela Divis\u00e3o Justa do Trabalho Dom\u00e9stico:<\/strong><br \/>\n<strong>Facebook: <a href=\"https:\/\/www.facebook.com\/peladivisaojustadotrabalhodomestico?_rdc=2&amp;_rdr\"><span class=\"tojvnm2t a6sixzi8 abs2jz4q a8s20v7p t1p8iaqh k5wvi7nf q3lfd5jv pk4s997a bipmatt0 cebpdrjk qowsmv63 owwhemhu dp1hu0rb dhp61c6y iyyx5f41\">@peladivisaojustadotrabalhodomestico<\/span><span class=\"rfua0xdk pmk7jnqg stjgntxs ni8dbmo4 ay7djpcl q45zohi1\">\u00a0<\/span><\/a><\/strong><br \/>\n<strong>Instagram: <a href=\"https:\/\/www.instagram.com\/divisaojustadotrabalho\/?igshid=4innta9xhhwt\">@divisaojustadotrabalho<\/a><\/strong><\/p>\n<p>&nbsp;<\/p>\n<p><strong><img loading=\"lazy\" decoding=\"async\" class=\"alignleft wp-image-1287637 size-thumbnail\" src=\"https:\/\/www.pressenza.com\/wp-content\/uploads\/2021\/01\/WhatsApp-Image-2021-01-28-at-20.05.08-1-150x150.jpeg\" alt=\"\" width=\"150\" height=\"150\" srcset=\"https:\/\/www.pressenza.com\/wp-content\/uploads\/2021\/01\/WhatsApp-Image-2021-01-28-at-20.05.08-1-150x150.jpeg 150w, https:\/\/www.pressenza.com\/wp-content\/uploads\/2021\/01\/WhatsApp-Image-2021-01-28-at-20.05.08-1-300x297.jpeg 300w\" sizes=\"auto, (max-width: 150px) 100vw, 150px\" \/>*Karine Freitas<\/strong> \u00e9 historiadora, colaboradora da Campanha Pela Divis\u00e3o Justa do Trabalho Dom\u00e9stico, integra o N\u00facleo JUREMA e a Rede Feminismo e Agroecologia do Nordeste.<\/p>\n","protected":false},"excerpt":{"rendered":"<p>Por Karine Freitas* A divis\u00e3o sexual do trabalho revela uma desigualdade violenta para o cotidiano das mulheres. Como aponta a Pesquisa Nacional Por Amostra de Domic\u00edlio (PNAD), elas realizam uma jornada de trabalho dom\u00e9stico semanal de 10h24m a mais em&hellip;<\/p>\n","protected":false},"author":1685,"featured_media":1287547,"comment_status":"closed","ping_status":"closed","sticky":false,"template":"","format":"standard","meta":{"footnotes":""},"categories":[104,11390,54514],"tags":[11855,18994,74997,2887],"class_list":["post-1287544","post","type-post","status-publish","format-standard","has-post-thumbnail","hentry","category-america-do-sul","category-conteudo-original","category-genero-e-feminismos","tag-feminismo-pt-pt","tag-mulheres","tag-trabalho-domestico","tag-violencia-pt-pt"],"yoast_head":"<!-- This site is optimized with the Yoast SEO plugin v27.1.1 - https:\/\/yoast.com\/product\/yoast-seo-wordpress\/ -->\n<title>Rede de Mulheres lan\u00e7a campanha pela justa divis\u00e3o do trabalho dom\u00e9stico<\/title>\n<meta name=\"description\" content=\"Por Karine Freitas* A divis\u00e3o sexual do trabalho revela uma desigualdade violenta para o cotidiano das mulheres. Como aponta a Pesquisa Nacional Por\" \/>\n<meta name=\"robots\" content=\"index, follow, max-snippet:-1, max-image-preview:large, max-video-preview:-1\" \/>\n<link rel=\"canonical\" href=\"https:\/\/www.pressenza.com\/pt-pt\/2021\/01\/rede-de-mulheres-lanca-campanha-pela-justa-divisao-do-trabalho-domestico\/\" \/>\n<meta property=\"og:locale\" content=\"pt_PT\" \/>\n<meta property=\"og:type\" content=\"article\" \/>\n<meta property=\"og:title\" content=\"Rede de Mulheres lan\u00e7a campanha pela justa divis\u00e3o do trabalho dom\u00e9stico\" \/>\n<meta property=\"og:description\" content=\"Por Karine Freitas* A divis\u00e3o sexual do trabalho revela uma desigualdade violenta para o cotidiano das mulheres. Como aponta a Pesquisa Nacional Por\" \/>\n<meta property=\"og:url\" content=\"https:\/\/www.pressenza.com\/pt-pt\/2021\/01\/rede-de-mulheres-lanca-campanha-pela-justa-divisao-do-trabalho-domestico\/\" \/>\n<meta property=\"og:site_name\" content=\"Pressenza\" \/>\n<meta property=\"article:publisher\" content=\"https:\/\/www.facebook.com\/PressenzaItalia\" \/>\n<meta property=\"article:published_time\" content=\"2021-01-28T22:41:15+00:00\" \/>\n<meta property=\"article:modified_time\" content=\"2021-01-28T23:14:00+00:00\" \/>\n<meta property=\"og:image\" content=\"https:\/\/www.pressenza.com\/wp-content\/uploads\/2021\/01\/feirasalv02.jpg\" \/>\n\t<meta property=\"og:image:width\" content=\"1920\" \/>\n\t<meta property=\"og:image:height\" content=\"1280\" \/>\n\t<meta property=\"og:image:type\" content=\"image\/jpeg\" \/>\n<meta name=\"author\" content=\"Reda\u00e7\u00e3o Rio de Janeiro\" \/>\n<meta name=\"twitter:card\" content=\"summary_large_image\" \/>\n<meta name=\"twitter:creator\" content=\"@PressenzaIPA\" \/>\n<meta name=\"twitter:site\" content=\"@PressenzaIPA\" \/>\n<meta name=\"twitter:label1\" content=\"Escrito por\" \/>\n\t<meta name=\"twitter:data1\" content=\"Reda\u00e7\u00e3o Rio de Janeiro\" \/>\n\t<meta name=\"twitter:label2\" content=\"Tempo estimado de leitura\" \/>\n\t<meta name=\"twitter:data2\" content=\"4 minutos\" \/>\n<script type=\"application\/ld+json\" class=\"yoast-schema-graph\">{\"@context\":\"https:\/\/schema.org\",\"@graph\":[{\"@type\":\"Article\",\"@id\":\"https:\/\/www.pressenza.com\/pt-pt\/2021\/01\/rede-de-mulheres-lanca-campanha-pela-justa-divisao-do-trabalho-domestico\/#article\",\"isPartOf\":{\"@id\":\"https:\/\/www.pressenza.com\/pt-pt\/2021\/01\/rede-de-mulheres-lanca-campanha-pela-justa-divisao-do-trabalho-domestico\/\"},\"author\":{\"name\":\"Reda\u00e7\u00e3o Rio de Janeiro\",\"@id\":\"https:\/\/www.pressenza.com\/pt-pt\/#\/schema\/person\/6925e927f8ff3a0cdb838320c5d12259\"},\"headline\":\"Rede de Mulheres lan\u00e7a campanha pela justa divis\u00e3o do trabalho dom\u00e9stico\",\"datePublished\":\"2021-01-28T22:41:15+00:00\",\"dateModified\":\"2021-01-28T23:14:00+00:00\",\"mainEntityOfPage\":{\"@id\":\"https:\/\/www.pressenza.com\/pt-pt\/2021\/01\/rede-de-mulheres-lanca-campanha-pela-justa-divisao-do-trabalho-domestico\/\"},\"wordCount\":790,\"publisher\":{\"@id\":\"https:\/\/www.pressenza.com\/pt-pt\/#organization\"},\"image\":{\"@id\":\"https:\/\/www.pressenza.com\/pt-pt\/2021\/01\/rede-de-mulheres-lanca-campanha-pela-justa-divisao-do-trabalho-domestico\/#primaryimage\"},\"thumbnailUrl\":\"https:\/\/www.pressenza.com\/wp-content\/uploads\/2021\/01\/feirasalv02.jpg\",\"keywords\":[\"feminismo\",\"Mulheres\",\"trabalho dom\u00e9stico\",\"viol\u00eancia\"],\"articleSection\":[\"\u00c1m\u00e9rica do Sul\",\"Conte\u00fado Original\",\"G\u00eanero e feminismos\"],\"inLanguage\":\"pt-PT\"},{\"@type\":\"WebPage\",\"@id\":\"https:\/\/www.pressenza.com\/pt-pt\/2021\/01\/rede-de-mulheres-lanca-campanha-pela-justa-divisao-do-trabalho-domestico\/\",\"url\":\"https:\/\/www.pressenza.com\/pt-pt\/2021\/01\/rede-de-mulheres-lanca-campanha-pela-justa-divisao-do-trabalho-domestico\/\",\"name\":\"Rede de Mulheres lan\u00e7a campanha pela justa divis\u00e3o do trabalho dom\u00e9stico\",\"isPartOf\":{\"@id\":\"https:\/\/www.pressenza.com\/pt-pt\/#website\"},\"primaryImageOfPage\":{\"@id\":\"https:\/\/www.pressenza.com\/pt-pt\/2021\/01\/rede-de-mulheres-lanca-campanha-pela-justa-divisao-do-trabalho-domestico\/#primaryimage\"},\"image\":{\"@id\":\"https:\/\/www.pressenza.com\/pt-pt\/2021\/01\/rede-de-mulheres-lanca-campanha-pela-justa-divisao-do-trabalho-domestico\/#primaryimage\"},\"thumbnailUrl\":\"https:\/\/www.pressenza.com\/wp-content\/uploads\/2021\/01\/feirasalv02.jpg\",\"datePublished\":\"2021-01-28T22:41:15+00:00\",\"dateModified\":\"2021-01-28T23:14:00+00:00\",\"description\":\"Por Karine Freitas* A divis\u00e3o sexual do trabalho revela uma desigualdade violenta para o cotidiano das mulheres. Como aponta a Pesquisa Nacional Por\",\"breadcrumb\":{\"@id\":\"https:\/\/www.pressenza.com\/pt-pt\/2021\/01\/rede-de-mulheres-lanca-campanha-pela-justa-divisao-do-trabalho-domestico\/#breadcrumb\"},\"inLanguage\":\"pt-PT\",\"potentialAction\":[{\"@type\":\"ReadAction\",\"target\":[\"https:\/\/www.pressenza.com\/pt-pt\/2021\/01\/rede-de-mulheres-lanca-campanha-pela-justa-divisao-do-trabalho-domestico\/\"]}]},{\"@type\":\"ImageObject\",\"inLanguage\":\"pt-PT\",\"@id\":\"https:\/\/www.pressenza.com\/pt-pt\/2021\/01\/rede-de-mulheres-lanca-campanha-pela-justa-divisao-do-trabalho-domestico\/#primaryimage\",\"url\":\"https:\/\/www.pressenza.com\/wp-content\/uploads\/2021\/01\/feirasalv02.jpg\",\"contentUrl\":\"https:\/\/www.pressenza.com\/wp-content\/uploads\/2021\/01\/feirasalv02.jpg\",\"width\":1920,\"height\":1280},{\"@type\":\"BreadcrumbList\",\"@id\":\"https:\/\/www.pressenza.com\/pt-pt\/2021\/01\/rede-de-mulheres-lanca-campanha-pela-justa-divisao-do-trabalho-domestico\/#breadcrumb\",\"itemListElement\":[{\"@type\":\"ListItem\",\"position\":1,\"name\":\"Accueil\",\"item\":\"https:\/\/www.pressenza.com\/pt-pt\/\"},{\"@type\":\"ListItem\",\"position\":2,\"name\":\"Rede de Mulheres lan\u00e7a campanha pela justa divis\u00e3o do trabalho dom\u00e9stico\"}]},{\"@type\":\"WebSite\",\"@id\":\"https:\/\/www.pressenza.com\/pt-pt\/#website\",\"url\":\"https:\/\/www.pressenza.com\/pt-pt\/\",\"name\":\"Pressenza\",\"description\":\"International Press Agency\",\"publisher\":{\"@id\":\"https:\/\/www.pressenza.com\/pt-pt\/#organization\"},\"potentialAction\":[{\"@type\":\"SearchAction\",\"target\":{\"@type\":\"EntryPoint\",\"urlTemplate\":\"https:\/\/www.pressenza.com\/pt-pt\/?s={search_term_string}\"},\"query-input\":{\"@type\":\"PropertyValueSpecification\",\"valueRequired\":true,\"valueName\":\"search_term_string\"}}],\"inLanguage\":\"pt-PT\"},{\"@type\":\"Organization\",\"@id\":\"https:\/\/www.pressenza.com\/pt-pt\/#organization\",\"name\":\"Pressenza\",\"url\":\"https:\/\/www.pressenza.com\/pt-pt\/\",\"logo\":{\"@type\":\"ImageObject\",\"inLanguage\":\"pt-PT\",\"@id\":\"https:\/\/www.pressenza.com\/pt-pt\/#\/schema\/logo\/image\/\",\"url\":\"https:\/\/www.pressenza.com\/wp-content\/uploads\/2022\/10\/pressenza_logo_200x200.jpg\",\"contentUrl\":\"https:\/\/www.pressenza.com\/wp-content\/uploads\/2022\/10\/pressenza_logo_200x200.jpg\",\"width\":200,\"height\":200,\"caption\":\"Pressenza\"},\"image\":{\"@id\":\"https:\/\/www.pressenza.com\/pt-pt\/#\/schema\/logo\/image\/\"},\"sameAs\":[\"https:\/\/www.facebook.com\/PressenzaItalia\",\"https:\/\/x.com\/PressenzaIPA\"]},{\"@type\":\"Person\",\"@id\":\"https:\/\/www.pressenza.com\/pt-pt\/#\/schema\/person\/6925e927f8ff3a0cdb838320c5d12259\",\"name\":\"Reda\u00e7\u00e3o Rio de Janeiro\",\"description\":\"News published by the Pressenza bureau in Rio de Janeiro, Brazil\",\"url\":\"https:\/\/www.pressenza.com\/pt-pt\/author\/redacao-rio-de-janeiro\/\"}]}<\/script>\n<!-- \/ Yoast SEO plugin. -->","yoast_head_json":{"title":"Rede de Mulheres lan\u00e7a campanha pela justa divis\u00e3o do trabalho dom\u00e9stico","description":"Por Karine Freitas* A divis\u00e3o sexual do trabalho revela uma desigualdade violenta para o cotidiano das mulheres. Como aponta a Pesquisa Nacional Por","robots":{"index":"index","follow":"follow","max-snippet":"max-snippet:-1","max-image-preview":"max-image-preview:large","max-video-preview":"max-video-preview:-1"},"canonical":"https:\/\/www.pressenza.com\/pt-pt\/2021\/01\/rede-de-mulheres-lanca-campanha-pela-justa-divisao-do-trabalho-domestico\/","og_locale":"pt_PT","og_type":"article","og_title":"Rede de Mulheres lan\u00e7a campanha pela justa divis\u00e3o do trabalho dom\u00e9stico","og_description":"Por Karine Freitas* A divis\u00e3o sexual do trabalho revela uma desigualdade violenta para o cotidiano das mulheres. Como aponta a Pesquisa Nacional Por","og_url":"https:\/\/www.pressenza.com\/pt-pt\/2021\/01\/rede-de-mulheres-lanca-campanha-pela-justa-divisao-do-trabalho-domestico\/","og_site_name":"Pressenza","article_publisher":"https:\/\/www.facebook.com\/PressenzaItalia","article_published_time":"2021-01-28T22:41:15+00:00","article_modified_time":"2021-01-28T23:14:00+00:00","og_image":[{"width":1920,"height":1280,"url":"https:\/\/www.pressenza.com\/wp-content\/uploads\/2021\/01\/feirasalv02.jpg","type":"image\/jpeg"}],"author":"Reda\u00e7\u00e3o Rio de Janeiro","twitter_card":"summary_large_image","twitter_creator":"@PressenzaIPA","twitter_site":"@PressenzaIPA","twitter_misc":{"Escrito por":"Reda\u00e7\u00e3o Rio de Janeiro","Tempo estimado de leitura":"4 minutos"},"schema":{"@context":"https:\/\/schema.org","@graph":[{"@type":"Article","@id":"https:\/\/www.pressenza.com\/pt-pt\/2021\/01\/rede-de-mulheres-lanca-campanha-pela-justa-divisao-do-trabalho-domestico\/#article","isPartOf":{"@id":"https:\/\/www.pressenza.com\/pt-pt\/2021\/01\/rede-de-mulheres-lanca-campanha-pela-justa-divisao-do-trabalho-domestico\/"},"author":{"name":"Reda\u00e7\u00e3o Rio de Janeiro","@id":"https:\/\/www.pressenza.com\/pt-pt\/#\/schema\/person\/6925e927f8ff3a0cdb838320c5d12259"},"headline":"Rede de Mulheres lan\u00e7a campanha pela justa divis\u00e3o do trabalho dom\u00e9stico","datePublished":"2021-01-28T22:41:15+00:00","dateModified":"2021-01-28T23:14:00+00:00","mainEntityOfPage":{"@id":"https:\/\/www.pressenza.com\/pt-pt\/2021\/01\/rede-de-mulheres-lanca-campanha-pela-justa-divisao-do-trabalho-domestico\/"},"wordCount":790,"publisher":{"@id":"https:\/\/www.pressenza.com\/pt-pt\/#organization"},"image":{"@id":"https:\/\/www.pressenza.com\/pt-pt\/2021\/01\/rede-de-mulheres-lanca-campanha-pela-justa-divisao-do-trabalho-domestico\/#primaryimage"},"thumbnailUrl":"https:\/\/www.pressenza.com\/wp-content\/uploads\/2021\/01\/feirasalv02.jpg","keywords":["feminismo","Mulheres","trabalho dom\u00e9stico","viol\u00eancia"],"articleSection":["\u00c1m\u00e9rica do Sul","Conte\u00fado Original","G\u00eanero e feminismos"],"inLanguage":"pt-PT"},{"@type":"WebPage","@id":"https:\/\/www.pressenza.com\/pt-pt\/2021\/01\/rede-de-mulheres-lanca-campanha-pela-justa-divisao-do-trabalho-domestico\/","url":"https:\/\/www.pressenza.com\/pt-pt\/2021\/01\/rede-de-mulheres-lanca-campanha-pela-justa-divisao-do-trabalho-domestico\/","name":"Rede de Mulheres lan\u00e7a campanha pela justa divis\u00e3o do trabalho dom\u00e9stico","isPartOf":{"@id":"https:\/\/www.pressenza.com\/pt-pt\/#website"},"primaryImageOfPage":{"@id":"https:\/\/www.pressenza.com\/pt-pt\/2021\/01\/rede-de-mulheres-lanca-campanha-pela-justa-divisao-do-trabalho-domestico\/#primaryimage"},"image":{"@id":"https:\/\/www.pressenza.com\/pt-pt\/2021\/01\/rede-de-mulheres-lanca-campanha-pela-justa-divisao-do-trabalho-domestico\/#primaryimage"},"thumbnailUrl":"https:\/\/www.pressenza.com\/wp-content\/uploads\/2021\/01\/feirasalv02.jpg","datePublished":"2021-01-28T22:41:15+00:00","dateModified":"2021-01-28T23:14:00+00:00","description":"Por Karine Freitas* A divis\u00e3o sexual do trabalho revela uma desigualdade violenta para o cotidiano das mulheres. Como aponta a Pesquisa Nacional Por","breadcrumb":{"@id":"https:\/\/www.pressenza.com\/pt-pt\/2021\/01\/rede-de-mulheres-lanca-campanha-pela-justa-divisao-do-trabalho-domestico\/#breadcrumb"},"inLanguage":"pt-PT","potentialAction":[{"@type":"ReadAction","target":["https:\/\/www.pressenza.com\/pt-pt\/2021\/01\/rede-de-mulheres-lanca-campanha-pela-justa-divisao-do-trabalho-domestico\/"]}]},{"@type":"ImageObject","inLanguage":"pt-PT","@id":"https:\/\/www.pressenza.com\/pt-pt\/2021\/01\/rede-de-mulheres-lanca-campanha-pela-justa-divisao-do-trabalho-domestico\/#primaryimage","url":"https:\/\/www.pressenza.com\/wp-content\/uploads\/2021\/01\/feirasalv02.jpg","contentUrl":"https:\/\/www.pressenza.com\/wp-content\/uploads\/2021\/01\/feirasalv02.jpg","width":1920,"height":1280},{"@type":"BreadcrumbList","@id":"https:\/\/www.pressenza.com\/pt-pt\/2021\/01\/rede-de-mulheres-lanca-campanha-pela-justa-divisao-do-trabalho-domestico\/#breadcrumb","itemListElement":[{"@type":"ListItem","position":1,"name":"Accueil","item":"https:\/\/www.pressenza.com\/pt-pt\/"},{"@type":"ListItem","position":2,"name":"Rede de Mulheres lan\u00e7a campanha pela justa divis\u00e3o do trabalho dom\u00e9stico"}]},{"@type":"WebSite","@id":"https:\/\/www.pressenza.com\/pt-pt\/#website","url":"https:\/\/www.pressenza.com\/pt-pt\/","name":"Pressenza","description":"International Press Agency","publisher":{"@id":"https:\/\/www.pressenza.com\/pt-pt\/#organization"},"potentialAction":[{"@type":"SearchAction","target":{"@type":"EntryPoint","urlTemplate":"https:\/\/www.pressenza.com\/pt-pt\/?s={search_term_string}"},"query-input":{"@type":"PropertyValueSpecification","valueRequired":true,"valueName":"search_term_string"}}],"inLanguage":"pt-PT"},{"@type":"Organization","@id":"https:\/\/www.pressenza.com\/pt-pt\/#organization","name":"Pressenza","url":"https:\/\/www.pressenza.com\/pt-pt\/","logo":{"@type":"ImageObject","inLanguage":"pt-PT","@id":"https:\/\/www.pressenza.com\/pt-pt\/#\/schema\/logo\/image\/","url":"https:\/\/www.pressenza.com\/wp-content\/uploads\/2022\/10\/pressenza_logo_200x200.jpg","contentUrl":"https:\/\/www.pressenza.com\/wp-content\/uploads\/2022\/10\/pressenza_logo_200x200.jpg","width":200,"height":200,"caption":"Pressenza"},"image":{"@id":"https:\/\/www.pressenza.com\/pt-pt\/#\/schema\/logo\/image\/"},"sameAs":["https:\/\/www.facebook.com\/PressenzaItalia","https:\/\/x.com\/PressenzaIPA"]},{"@type":"Person","@id":"https:\/\/www.pressenza.com\/pt-pt\/#\/schema\/person\/6925e927f8ff3a0cdb838320c5d12259","name":"Reda\u00e7\u00e3o Rio de Janeiro","description":"News published by the Pressenza bureau in Rio de Janeiro, Brazil","url":"https:\/\/www.pressenza.com\/pt-pt\/author\/redacao-rio-de-janeiro\/"}]}},"place":"","original_article_url":"","_links":{"self":[{"href":"https:\/\/www.pressenza.com\/pt-pt\/wp-json\/wp\/v2\/posts\/1287544","targetHints":{"allow":["GET"]}}],"collection":[{"href":"https:\/\/www.pressenza.com\/pt-pt\/wp-json\/wp\/v2\/posts"}],"about":[{"href":"https:\/\/www.pressenza.com\/pt-pt\/wp-json\/wp\/v2\/types\/post"}],"author":[{"embeddable":true,"href":"https:\/\/www.pressenza.com\/pt-pt\/wp-json\/wp\/v2\/users\/1685"}],"replies":[{"embeddable":true,"href":"https:\/\/www.pressenza.com\/pt-pt\/wp-json\/wp\/v2\/comments?post=1287544"}],"version-history":[{"count":0,"href":"https:\/\/www.pressenza.com\/pt-pt\/wp-json\/wp\/v2\/posts\/1287544\/revisions"}],"wp:featuredmedia":[{"embeddable":true,"href":"https:\/\/www.pressenza.com\/pt-pt\/wp-json\/wp\/v2\/media\/1287547"}],"wp:attachment":[{"href":"https:\/\/www.pressenza.com\/pt-pt\/wp-json\/wp\/v2\/media?parent=1287544"}],"wp:term":[{"taxonomy":"category","embeddable":true,"href":"https:\/\/www.pressenza.com\/pt-pt\/wp-json\/wp\/v2\/categories?post=1287544"},{"taxonomy":"post_tag","embeddable":true,"href":"https:\/\/www.pressenza.com\/pt-pt\/wp-json\/wp\/v2\/tags?post=1287544"}],"curies":[{"name":"wp","href":"https:\/\/api.w.org\/{rel}","templated":true}]}}