{"id":1285665,"date":"2021-01-25T20:10:03","date_gmt":"2021-01-25T20:10:03","guid":{"rendered":"https:\/\/www.pressenza.com\/?p=1285665"},"modified":"2021-01-25T20:11:30","modified_gmt":"2021-01-25T20:11:30","slug":"entrevista-com-maria-betania-2-anos-da-tragedia-de-brumadinho-mg","status":"publish","type":"post","link":"https:\/\/www.pressenza.com\/pt-pt\/2021\/01\/entrevista-com-maria-betania-2-anos-da-tragedia-de-brumadinho-mg\/","title":{"rendered":"Entrevista com Maria Bet\u00e2nia &#8211; 2 anos da trag\u00e9dia de Brumadinho\/MG"},"content":{"rendered":"<h5><span style=\"color: #999999;\">MINERA\u00c7\u00c3O<\/span><\/h5>\n<p>&nbsp;<\/p>\n<p>&nbsp;<\/p>\n<p><em><strong>Por Fernanda Perdig\u00e3o <\/strong><\/em><\/p>\n<p><em><strong>Imagens e edi\u00e7\u00e3o de Andr\u00e9 Faleiro<\/strong><\/em><\/p>\n<p>&nbsp;<\/p>\n<p>Em entrevista exclusiva para a Pressenza Brasil, a agricultora e pisicultora Maria Bet\u00e2nia relata a sua vida antes e ap\u00f3s 2 anos (25\/01) o rompimento da Barragem de do C\u00f3rrego do Feij\u00e3o na cidade de Brumadinho\/MG.<br \/>\nAt\u00e9 a presente data Maria Bet\u00e2nia n\u00e3o recebeu a indeniza\u00e7\u00e3o devida pela Vale SA, aos atingidos, situa\u00e7\u00e3o essa vivida por v\u00e1rios moradores da cidade que vivem e convivem nos arredores do c\u00f3rrego que foi atingido pela lama invis\u00edvel do descaso, descomprometimento dos envolvidos na trag\u00e9dia crime.<\/p>\n<p>Confira!<\/p>\n<p>&nbsp;<\/p>\n<p><iframe loading=\"lazy\" title=\"Entrevista com Maria Bet\u00e2nia - agricultura de Brumadinho\/MG\" width=\"500\" height=\"281\" src=\"https:\/\/www.youtube.com\/embed\/tp54aljHsyU?feature=oembed\" frameborder=\"0\" allow=\"accelerometer; autoplay; clipboard-write; encrypted-media; gyroscope; picture-in-picture; web-share\" referrerpolicy=\"strict-origin-when-cross-origin\" allowfullscreen><\/iframe><\/p>\n<p>&nbsp;<\/p>\n","protected":false},"excerpt":{"rendered":"<p>MINERA\u00c7\u00c3O &nbsp; &nbsp; Por Fernanda Perdig\u00e3o Imagens e edi\u00e7\u00e3o de Andr\u00e9 Faleiro &nbsp; Em entrevista exclusiva para a Pressenza Brasil, a agricultora e pisicultora Maria Bet\u00e2nia relata a sua vida antes e ap\u00f3s 2 anos (25\/01) o rompimento da Barragem&hellip;<\/p>\n","protected":false},"author":1879,"featured_media":1285678,"comment_status":"closed","ping_status":"closed","sticky":false,"template":"","format":"standard","meta":{"footnotes":""},"categories":[104,11390,116,115,118,159,111,1253],"tags":[52861,36134,86598],"class_list":["post-1285665","post","type-post","status-publish","format-standard","has-post-thumbnail","hentry","category-america-do-sul","category-conteudo-original","category-direitos-humanos","category-ecologia-e-meio-ambiente","category-economia-pt-pt","category-entrevista-pt-pt","category-politica-pt-pt","category-saude","tag-agricultura-sustentavel","tag-mineracao","tag-tragedia-brumadinho"],"yoast_head":"<!-- This site is optimized with the Yoast SEO plugin v27.1.1 - https:\/\/yoast.com\/product\/yoast-seo-wordpress\/ -->\n<title>Entrevista com Maria Bet\u00e2nia - 2 anos da trag\u00e9dia de Brumadinho\/MG<\/title>\n<meta name=\"description\" content=\"MINERA\u00c7\u00c3O &nbsp; &nbsp; Por Fernanda Perdig\u00e3o Imagens e edi\u00e7\u00e3o de Andr\u00e9 Faleiro &nbsp; Em entrevista exclusiva para a Pressenza Brasil, a agricultora e\" \/>\n<meta name=\"robots\" content=\"index, follow, max-snippet:-1, max-image-preview:large, max-video-preview:-1\" \/>\n<link rel=\"canonical\" href=\"https:\/\/www.pressenza.com\/pt-pt\/2021\/01\/entrevista-com-maria-betania-2-anos-da-tragedia-de-brumadinho-mg\/\" \/>\n<meta property=\"og:locale\" content=\"pt_PT\" \/>\n<meta property=\"og:type\" content=\"article\" \/>\n<meta property=\"og:title\" content=\"Entrevista com Maria Bet\u00e2nia - 2 anos da trag\u00e9dia de Brumadinho\/MG\" \/>\n<meta property=\"og:description\" content=\"MINERA\u00c7\u00c3O &nbsp; &nbsp; Por Fernanda Perdig\u00e3o Imagens e edi\u00e7\u00e3o de Andr\u00e9 Faleiro &nbsp; Em entrevista exclusiva para a Pressenza Brasil, a agricultora e\" \/>\n<meta property=\"og:url\" content=\"https:\/\/www.pressenza.com\/pt-pt\/2021\/01\/entrevista-com-maria-betania-2-anos-da-tragedia-de-brumadinho-mg\/\" \/>\n<meta property=\"og:site_name\" content=\"Pressenza\" \/>\n<meta property=\"article:publisher\" content=\"https:\/\/www.facebook.com\/PressenzaItalia\" \/>\n<meta property=\"article:published_time\" content=\"2021-01-25T20:10:03+00:00\" \/>\n<meta property=\"article:modified_time\" content=\"2021-01-25T20:11:30+00:00\" \/>\n<meta property=\"og:image\" content=\"https:\/\/www.pressenza.com\/wp-content\/uploads\/2021\/01\/equipment-2047314_1280.jpg\" \/>\n\t<meta property=\"og:image:width\" content=\"1280\" \/>\n\t<meta property=\"og:image:height\" content=\"847\" \/>\n\t<meta property=\"og:image:type\" content=\"image\/jpeg\" \/>\n<meta name=\"author\" content=\"Fernanda Perdig\u00e3o\" \/>\n<meta name=\"twitter:card\" content=\"summary_large_image\" \/>\n<meta name=\"twitter:creator\" content=\"@PressenzaIPA\" \/>\n<meta name=\"twitter:site\" content=\"@PressenzaIPA\" \/>\n<meta name=\"twitter:label1\" content=\"Escrito por\" \/>\n\t<meta name=\"twitter:data1\" content=\"Fernanda Perdig\u00e3o\" \/>\n\t<meta name=\"twitter:label2\" content=\"Tempo estimado de leitura\" \/>\n\t<meta name=\"twitter:data2\" content=\"1 minuto\" \/>\n<script type=\"application\/ld+json\" class=\"yoast-schema-graph\">{\"@context\":\"https:\/\/schema.org\",\"@graph\":[{\"@type\":\"Article\",\"@id\":\"https:\/\/www.pressenza.com\/pt-pt\/2021\/01\/entrevista-com-maria-betania-2-anos-da-tragedia-de-brumadinho-mg\/#article\",\"isPartOf\":{\"@id\":\"https:\/\/www.pressenza.com\/pt-pt\/2021\/01\/entrevista-com-maria-betania-2-anos-da-tragedia-de-brumadinho-mg\/\"},\"author\":{\"name\":\"Fernanda Perdig\u00e3o\",\"@id\":\"https:\/\/www.pressenza.com\/pt-pt\/#\/schema\/person\/cd5d88212bb634ae311a38bf6a88e91b\"},\"headline\":\"Entrevista com Maria Bet\u00e2nia &#8211; 2 anos da trag\u00e9dia de Brumadinho\/MG\",\"datePublished\":\"2021-01-25T20:10:03+00:00\",\"dateModified\":\"2021-01-25T20:11:30+00:00\",\"mainEntityOfPage\":{\"@id\":\"https:\/\/www.pressenza.com\/pt-pt\/2021\/01\/entrevista-com-maria-betania-2-anos-da-tragedia-de-brumadinho-mg\/\"},\"wordCount\":130,\"publisher\":{\"@id\":\"https:\/\/www.pressenza.com\/pt-pt\/#organization\"},\"image\":{\"@id\":\"https:\/\/www.pressenza.com\/pt-pt\/2021\/01\/entrevista-com-maria-betania-2-anos-da-tragedia-de-brumadinho-mg\/#primaryimage\"},\"thumbnailUrl\":\"https:\/\/www.pressenza.com\/wp-content\/uploads\/2021\/01\/equipment-2047314_1280.jpg\",\"keywords\":[\"agricultura sustent\u00e1vel\",\"minera\u00e7\u00e3o\",\"trag\u00e9dia Brumadinho\"],\"articleSection\":[\"\u00c1m\u00e9rica do Sul\",\"Conte\u00fado Original\",\"Direitos Humanos\",\"Ecologia e Meio Ambiente\",\"Economia\",\"Entrevista\",\"Pol\u00edtica\",\"Sa\u00fade\"],\"inLanguage\":\"pt-PT\"},{\"@type\":\"WebPage\",\"@id\":\"https:\/\/www.pressenza.com\/pt-pt\/2021\/01\/entrevista-com-maria-betania-2-anos-da-tragedia-de-brumadinho-mg\/\",\"url\":\"https:\/\/www.pressenza.com\/pt-pt\/2021\/01\/entrevista-com-maria-betania-2-anos-da-tragedia-de-brumadinho-mg\/\",\"name\":\"Entrevista com Maria Bet\u00e2nia - 2 anos da trag\u00e9dia de Brumadinho\/MG\",\"isPartOf\":{\"@id\":\"https:\/\/www.pressenza.com\/pt-pt\/#website\"},\"primaryImageOfPage\":{\"@id\":\"https:\/\/www.pressenza.com\/pt-pt\/2021\/01\/entrevista-com-maria-betania-2-anos-da-tragedia-de-brumadinho-mg\/#primaryimage\"},\"image\":{\"@id\":\"https:\/\/www.pressenza.com\/pt-pt\/2021\/01\/entrevista-com-maria-betania-2-anos-da-tragedia-de-brumadinho-mg\/#primaryimage\"},\"thumbnailUrl\":\"https:\/\/www.pressenza.com\/wp-content\/uploads\/2021\/01\/equipment-2047314_1280.jpg\",\"datePublished\":\"2021-01-25T20:10:03+00:00\",\"dateModified\":\"2021-01-25T20:11:30+00:00\",\"description\":\"MINERA\u00c7\u00c3O &nbsp; &nbsp; Por Fernanda Perdig\u00e3o Imagens e edi\u00e7\u00e3o de Andr\u00e9 Faleiro &nbsp; Em entrevista exclusiva para a Pressenza Brasil, a agricultora e\",\"breadcrumb\":{\"@id\":\"https:\/\/www.pressenza.com\/pt-pt\/2021\/01\/entrevista-com-maria-betania-2-anos-da-tragedia-de-brumadinho-mg\/#breadcrumb\"},\"inLanguage\":\"pt-PT\",\"potentialAction\":[{\"@type\":\"ReadAction\",\"target\":[\"https:\/\/www.pressenza.com\/pt-pt\/2021\/01\/entrevista-com-maria-betania-2-anos-da-tragedia-de-brumadinho-mg\/\"]}]},{\"@type\":\"ImageObject\",\"inLanguage\":\"pt-PT\",\"@id\":\"https:\/\/www.pressenza.com\/pt-pt\/2021\/01\/entrevista-com-maria-betania-2-anos-da-tragedia-de-brumadinho-mg\/#primaryimage\",\"url\":\"https:\/\/www.pressenza.com\/wp-content\/uploads\/2021\/01\/equipment-2047314_1280.jpg\",\"contentUrl\":\"https:\/\/www.pressenza.com\/wp-content\/uploads\/2021\/01\/equipment-2047314_1280.jpg\",\"width\":1280,\"height\":847},{\"@type\":\"BreadcrumbList\",\"@id\":\"https:\/\/www.pressenza.com\/pt-pt\/2021\/01\/entrevista-com-maria-betania-2-anos-da-tragedia-de-brumadinho-mg\/#breadcrumb\",\"itemListElement\":[{\"@type\":\"ListItem\",\"position\":1,\"name\":\"Accueil\",\"item\":\"https:\/\/www.pressenza.com\/pt-pt\/\"},{\"@type\":\"ListItem\",\"position\":2,\"name\":\"Entrevista com Maria Bet\u00e2nia &#8211; 2 anos da trag\u00e9dia de Brumadinho\/MG\"}]},{\"@type\":\"WebSite\",\"@id\":\"https:\/\/www.pressenza.com\/pt-pt\/#website\",\"url\":\"https:\/\/www.pressenza.com\/pt-pt\/\",\"name\":\"Pressenza\",\"description\":\"International Press Agency\",\"publisher\":{\"@id\":\"https:\/\/www.pressenza.com\/pt-pt\/#organization\"},\"potentialAction\":[{\"@type\":\"SearchAction\",\"target\":{\"@type\":\"EntryPoint\",\"urlTemplate\":\"https:\/\/www.pressenza.com\/pt-pt\/?s={search_term_string}\"},\"query-input\":{\"@type\":\"PropertyValueSpecification\",\"valueRequired\":true,\"valueName\":\"search_term_string\"}}],\"inLanguage\":\"pt-PT\"},{\"@type\":\"Organization\",\"@id\":\"https:\/\/www.pressenza.com\/pt-pt\/#organization\",\"name\":\"Pressenza\",\"url\":\"https:\/\/www.pressenza.com\/pt-pt\/\",\"logo\":{\"@type\":\"ImageObject\",\"inLanguage\":\"pt-PT\",\"@id\":\"https:\/\/www.pressenza.com\/pt-pt\/#\/schema\/logo\/image\/\",\"url\":\"https:\/\/www.pressenza.com\/wp-content\/uploads\/2022\/10\/pressenza_logo_200x200.jpg\",\"contentUrl\":\"https:\/\/www.pressenza.com\/wp-content\/uploads\/2022\/10\/pressenza_logo_200x200.jpg\",\"width\":200,\"height\":200,\"caption\":\"Pressenza\"},\"image\":{\"@id\":\"https:\/\/www.pressenza.com\/pt-pt\/#\/schema\/logo\/image\/\"},\"sameAs\":[\"https:\/\/www.facebook.com\/PressenzaItalia\",\"https:\/\/x.com\/PressenzaIPA\"]},{\"@type\":\"Person\",\"@id\":\"https:\/\/www.pressenza.com\/pt-pt\/#\/schema\/person\/cd5d88212bb634ae311a38bf6a88e91b\",\"name\":\"Fernanda Perdig\u00e3o\",\"description\":\"Humanista, Atingida pela minera\u00e7\u00e3o, Ativista, Ambientalista, Defensora de direitos humanos, Empreendedora Social.\",\"url\":\"https:\/\/www.pressenza.com\/pt-pt\/author\/fernanda-perdigao\/\"}]}<\/script>\n<!-- \/ Yoast SEO plugin. -->","yoast_head_json":{"title":"Entrevista com Maria Bet\u00e2nia - 2 anos da trag\u00e9dia de Brumadinho\/MG","description":"MINERA\u00c7\u00c3O &nbsp; &nbsp; Por Fernanda Perdig\u00e3o Imagens e edi\u00e7\u00e3o de Andr\u00e9 Faleiro &nbsp; Em entrevista exclusiva para a Pressenza Brasil, a agricultora e","robots":{"index":"index","follow":"follow","max-snippet":"max-snippet:-1","max-image-preview":"max-image-preview:large","max-video-preview":"max-video-preview:-1"},"canonical":"https:\/\/www.pressenza.com\/pt-pt\/2021\/01\/entrevista-com-maria-betania-2-anos-da-tragedia-de-brumadinho-mg\/","og_locale":"pt_PT","og_type":"article","og_title":"Entrevista com Maria Bet\u00e2nia - 2 anos da trag\u00e9dia de Brumadinho\/MG","og_description":"MINERA\u00c7\u00c3O &nbsp; &nbsp; Por Fernanda Perdig\u00e3o Imagens e edi\u00e7\u00e3o de Andr\u00e9 Faleiro &nbsp; Em entrevista exclusiva para a Pressenza Brasil, a agricultora e","og_url":"https:\/\/www.pressenza.com\/pt-pt\/2021\/01\/entrevista-com-maria-betania-2-anos-da-tragedia-de-brumadinho-mg\/","og_site_name":"Pressenza","article_publisher":"https:\/\/www.facebook.com\/PressenzaItalia","article_published_time":"2021-01-25T20:10:03+00:00","article_modified_time":"2021-01-25T20:11:30+00:00","og_image":[{"width":1280,"height":847,"url":"https:\/\/www.pressenza.com\/wp-content\/uploads\/2021\/01\/equipment-2047314_1280.jpg","type":"image\/jpeg"}],"author":"Fernanda Perdig\u00e3o","twitter_card":"summary_large_image","twitter_creator":"@PressenzaIPA","twitter_site":"@PressenzaIPA","twitter_misc":{"Escrito por":"Fernanda Perdig\u00e3o","Tempo estimado de leitura":"1 minuto"},"schema":{"@context":"https:\/\/schema.org","@graph":[{"@type":"Article","@id":"https:\/\/www.pressenza.com\/pt-pt\/2021\/01\/entrevista-com-maria-betania-2-anos-da-tragedia-de-brumadinho-mg\/#article","isPartOf":{"@id":"https:\/\/www.pressenza.com\/pt-pt\/2021\/01\/entrevista-com-maria-betania-2-anos-da-tragedia-de-brumadinho-mg\/"},"author":{"name":"Fernanda Perdig\u00e3o","@id":"https:\/\/www.pressenza.com\/pt-pt\/#\/schema\/person\/cd5d88212bb634ae311a38bf6a88e91b"},"headline":"Entrevista com Maria Bet\u00e2nia &#8211; 2 anos da trag\u00e9dia de Brumadinho\/MG","datePublished":"2021-01-25T20:10:03+00:00","dateModified":"2021-01-25T20:11:30+00:00","mainEntityOfPage":{"@id":"https:\/\/www.pressenza.com\/pt-pt\/2021\/01\/entrevista-com-maria-betania-2-anos-da-tragedia-de-brumadinho-mg\/"},"wordCount":130,"publisher":{"@id":"https:\/\/www.pressenza.com\/pt-pt\/#organization"},"image":{"@id":"https:\/\/www.pressenza.com\/pt-pt\/2021\/01\/entrevista-com-maria-betania-2-anos-da-tragedia-de-brumadinho-mg\/#primaryimage"},"thumbnailUrl":"https:\/\/www.pressenza.com\/wp-content\/uploads\/2021\/01\/equipment-2047314_1280.jpg","keywords":["agricultura sustent\u00e1vel","minera\u00e7\u00e3o","trag\u00e9dia Brumadinho"],"articleSection":["\u00c1m\u00e9rica do Sul","Conte\u00fado Original","Direitos Humanos","Ecologia e Meio Ambiente","Economia","Entrevista","Pol\u00edtica","Sa\u00fade"],"inLanguage":"pt-PT"},{"@type":"WebPage","@id":"https:\/\/www.pressenza.com\/pt-pt\/2021\/01\/entrevista-com-maria-betania-2-anos-da-tragedia-de-brumadinho-mg\/","url":"https:\/\/www.pressenza.com\/pt-pt\/2021\/01\/entrevista-com-maria-betania-2-anos-da-tragedia-de-brumadinho-mg\/","name":"Entrevista com Maria Bet\u00e2nia - 2 anos da trag\u00e9dia de Brumadinho\/MG","isPartOf":{"@id":"https:\/\/www.pressenza.com\/pt-pt\/#website"},"primaryImageOfPage":{"@id":"https:\/\/www.pressenza.com\/pt-pt\/2021\/01\/entrevista-com-maria-betania-2-anos-da-tragedia-de-brumadinho-mg\/#primaryimage"},"image":{"@id":"https:\/\/www.pressenza.com\/pt-pt\/2021\/01\/entrevista-com-maria-betania-2-anos-da-tragedia-de-brumadinho-mg\/#primaryimage"},"thumbnailUrl":"https:\/\/www.pressenza.com\/wp-content\/uploads\/2021\/01\/equipment-2047314_1280.jpg","datePublished":"2021-01-25T20:10:03+00:00","dateModified":"2021-01-25T20:11:30+00:00","description":"MINERA\u00c7\u00c3O &nbsp; &nbsp; Por Fernanda Perdig\u00e3o Imagens e edi\u00e7\u00e3o de Andr\u00e9 Faleiro &nbsp; Em entrevista exclusiva para a Pressenza Brasil, a agricultora e","breadcrumb":{"@id":"https:\/\/www.pressenza.com\/pt-pt\/2021\/01\/entrevista-com-maria-betania-2-anos-da-tragedia-de-brumadinho-mg\/#breadcrumb"},"inLanguage":"pt-PT","potentialAction":[{"@type":"ReadAction","target":["https:\/\/www.pressenza.com\/pt-pt\/2021\/01\/entrevista-com-maria-betania-2-anos-da-tragedia-de-brumadinho-mg\/"]}]},{"@type":"ImageObject","inLanguage":"pt-PT","@id":"https:\/\/www.pressenza.com\/pt-pt\/2021\/01\/entrevista-com-maria-betania-2-anos-da-tragedia-de-brumadinho-mg\/#primaryimage","url":"https:\/\/www.pressenza.com\/wp-content\/uploads\/2021\/01\/equipment-2047314_1280.jpg","contentUrl":"https:\/\/www.pressenza.com\/wp-content\/uploads\/2021\/01\/equipment-2047314_1280.jpg","width":1280,"height":847},{"@type":"BreadcrumbList","@id":"https:\/\/www.pressenza.com\/pt-pt\/2021\/01\/entrevista-com-maria-betania-2-anos-da-tragedia-de-brumadinho-mg\/#breadcrumb","itemListElement":[{"@type":"ListItem","position":1,"name":"Accueil","item":"https:\/\/www.pressenza.com\/pt-pt\/"},{"@type":"ListItem","position":2,"name":"Entrevista com Maria Bet\u00e2nia &#8211; 2 anos da trag\u00e9dia de Brumadinho\/MG"}]},{"@type":"WebSite","@id":"https:\/\/www.pressenza.com\/pt-pt\/#website","url":"https:\/\/www.pressenza.com\/pt-pt\/","name":"Pressenza","description":"International Press Agency","publisher":{"@id":"https:\/\/www.pressenza.com\/pt-pt\/#organization"},"potentialAction":[{"@type":"SearchAction","target":{"@type":"EntryPoint","urlTemplate":"https:\/\/www.pressenza.com\/pt-pt\/?s={search_term_string}"},"query-input":{"@type":"PropertyValueSpecification","valueRequired":true,"valueName":"search_term_string"}}],"inLanguage":"pt-PT"},{"@type":"Organization","@id":"https:\/\/www.pressenza.com\/pt-pt\/#organization","name":"Pressenza","url":"https:\/\/www.pressenza.com\/pt-pt\/","logo":{"@type":"ImageObject","inLanguage":"pt-PT","@id":"https:\/\/www.pressenza.com\/pt-pt\/#\/schema\/logo\/image\/","url":"https:\/\/www.pressenza.com\/wp-content\/uploads\/2022\/10\/pressenza_logo_200x200.jpg","contentUrl":"https:\/\/www.pressenza.com\/wp-content\/uploads\/2022\/10\/pressenza_logo_200x200.jpg","width":200,"height":200,"caption":"Pressenza"},"image":{"@id":"https:\/\/www.pressenza.com\/pt-pt\/#\/schema\/logo\/image\/"},"sameAs":["https:\/\/www.facebook.com\/PressenzaItalia","https:\/\/x.com\/PressenzaIPA"]},{"@type":"Person","@id":"https:\/\/www.pressenza.com\/pt-pt\/#\/schema\/person\/cd5d88212bb634ae311a38bf6a88e91b","name":"Fernanda Perdig\u00e3o","description":"Humanista, Atingida pela minera\u00e7\u00e3o, Ativista, Ambientalista, Defensora de direitos humanos, Empreendedora Social.","url":"https:\/\/www.pressenza.com\/pt-pt\/author\/fernanda-perdigao\/"}]}},"place":"Belo Horizonte, MG","original_article_url":"","_links":{"self":[{"href":"https:\/\/www.pressenza.com\/pt-pt\/wp-json\/wp\/v2\/posts\/1285665","targetHints":{"allow":["GET"]}}],"collection":[{"href":"https:\/\/www.pressenza.com\/pt-pt\/wp-json\/wp\/v2\/posts"}],"about":[{"href":"https:\/\/www.pressenza.com\/pt-pt\/wp-json\/wp\/v2\/types\/post"}],"author":[{"embeddable":true,"href":"https:\/\/www.pressenza.com\/pt-pt\/wp-json\/wp\/v2\/users\/1879"}],"replies":[{"embeddable":true,"href":"https:\/\/www.pressenza.com\/pt-pt\/wp-json\/wp\/v2\/comments?post=1285665"}],"version-history":[{"count":0,"href":"https:\/\/www.pressenza.com\/pt-pt\/wp-json\/wp\/v2\/posts\/1285665\/revisions"}],"wp:featuredmedia":[{"embeddable":true,"href":"https:\/\/www.pressenza.com\/pt-pt\/wp-json\/wp\/v2\/media\/1285678"}],"wp:attachment":[{"href":"https:\/\/www.pressenza.com\/pt-pt\/wp-json\/wp\/v2\/media?parent=1285665"}],"wp:term":[{"taxonomy":"category","embeddable":true,"href":"https:\/\/www.pressenza.com\/pt-pt\/wp-json\/wp\/v2\/categories?post=1285665"},{"taxonomy":"post_tag","embeddable":true,"href":"https:\/\/www.pressenza.com\/pt-pt\/wp-json\/wp\/v2\/tags?post=1285665"}],"curies":[{"name":"wp","href":"https:\/\/api.w.org\/{rel}","templated":true}]}}