{"id":1282475,"date":"2021-01-20T23:21:46","date_gmt":"2021-01-20T23:21:46","guid":{"rendered":"https:\/\/www.pressenza.com\/?p=1282475"},"modified":"2021-01-21T00:50:45","modified_gmt":"2021-01-21T00:50:45","slug":"tingui-boto-autogestao-e-apoio-mutuo-contra-a-covid-19","status":"publish","type":"post","link":"https:\/\/www.pressenza.com\/pt-pt\/2021\/01\/tingui-boto-autogestao-e-apoio-mutuo-contra-a-covid-19\/","title":{"rendered":"Tingui-bot\u00f3: autogest\u00e3o e apoio m\u00fatuo contra a Covid-19"},"content":{"rendered":"<p>Por Marcelo de Campos*<\/p>\n<p>A situa\u00e7\u00e3o dos povos ind\u00edgenas durante a pandemia \u00e9 resultado do total descaso do estado brasileiro \u2013 municipal, estadual e federal. Atualmente, sabe-se que mais de 500 pessoas ind\u00edgenas foram v\u00edtimas da Covid-19.<\/p>\n<p>A falta de dados confi\u00e1veis, a incapacidade de desagregar os dados por regi\u00e3o e etnia, al\u00e9m da aus\u00eancia de informa\u00e7\u00f5es sobre a situa\u00e7\u00e3o de ind\u00edgenas fora das aldeias, s\u00e3o os maiores empecilhos enfrentados no combate \u00e0 Covid-19 em terras ind\u00edgenas.<\/p>\n<p>Diante da pol\u00edtica de morte do governo federal, omisso at\u00e9 em divulgar dados da pandemia, iniciativas como da <a href=\"https:\/\/emergenciaindigena.apiboficial.org\/en\/dados-covid-19-novo\/\" target=\"_blank\" rel=\"noopener\">Associa\u00e7\u00e3o dos Povos Ind\u00edgena do Brasil<\/a> tentam informar sobre a situa\u00e7\u00e3o.<\/p>\n<p>A fim de registrar e divulgar a in\u00e9rcia genocida do estado brasileiro para com as comunidades ind\u00edgenas, o Instituto Socioambiental construiu uma <a href=\"https:\/\/covid19.socioambiental.org\/?gclid=CjwKCAiAxp-ABhALEiwAXm6IyV4ibCEohR77RMogIVSU4cn7YnX_tZl5pSHxAKvHps58vrdDTqK_RhoCfQ0QAvD_BwE\" target=\"_blank\" rel=\"noopener\">Linha do tempo: A omiss\u00e3o do governo na trag\u00e9dia ind\u00edgena<\/a>, apresentando \u201cfatos que mostram como as autoridades deixaram de agir para proteger os ind\u00edgenas na pandemia; pelo contr\u00e1rio, foram agentes da contamina\u00e7\u00e3o\u201d, denuncia o Instituto Socioambiental.<\/p>\n<p>Ap\u00f3s mais de cinco s\u00e9culos de exterm\u00ednio pelo \u201cgoverno dos brancos\u201d, os ind\u00edgenas conhecem bem a m\u00e1xima favelada do \u201c\u00e9 n\u00f3s por n\u00f3s\u201d.<\/p>\n<p>A na\u00e7\u00e3o Tingui-Bot\u00f3 \u00e9 um bom exemplo de autonomia para defender a sa\u00fade da aldeia. Localizada no Alagoas, ind\u00edgenas combatem a doen\u00e7a sem perder tempo, conjugando medidas sanit\u00e1rias e saberes tradicionais.<\/p>\n<p>As a\u00e7\u00f5es de combate \u00e0 pandemia de Covid-19 pelos Tingui-Bot\u00f3 s\u00e3o um recado para quem acredita poder \u201cgovernar\u201d vidas alheias: \u201clideran\u00e7as tradicionais t\u00eam o papel de representar, coordenar, articular e defender os interesses das fam\u00edlias e do povo\u201d.<\/p>\n<p><strong>Quem s\u00e3o Tingui-Bot\u00f3?<\/strong><\/p>\n<p>Os Tingui-Bot\u00f3 foram reconhecidos como povo ind\u00edgena em 1980, ap\u00f3s o professor Clovis Antunes enviar documenta\u00e7\u00e3o de reconhecimento sobre este grupo a Funda\u00e7\u00e3o Nacional do \u00cdndio &#8211; Funai.<\/p>\n<p>O reconhecimento dos Tingui-Bot\u00f3 representou o resgate de um povo ind\u00edgena anteriormente disperso<em>, <\/em>em processo de etnog\u00eanese. Era a substitui\u00e7\u00e3o de uma identidade acanhada<em>, <\/em>de caboclo, pelo orgulho \u00e9tnico de ser Tingui-Bot\u00f3.<\/p>\n<p>Acerca dessa tem\u00e1tica, seguem-se desdobramentos pol\u00edticos, como reivindica\u00e7\u00f5es de posse de terras, por direito imemorial, e as lutas por reconhecimento.<\/p>\n<p>O aldeamento do povo Tingui-Bot\u00f3 se deu em Alagoas, nos munic\u00edpios de Feira Grande e Campo Grande, na comunidade de Olho D\u2019\u00e1gua do Meio.<\/p>\n<p><img loading=\"lazy\" decoding=\"async\" class=\"aligncenter wp-image-1282477 size-full\" src=\"https:\/\/www.pressenza.com\/wp-content\/uploads\/2021\/01\/territorio-Tingui-Boto.png\" alt=\"\" width=\"1502\" height=\"888\" srcset=\"https:\/\/www.pressenza.com\/wp-content\/uploads\/2021\/01\/territorio-Tingui-Boto.png 1502w, https:\/\/www.pressenza.com\/wp-content\/uploads\/2021\/01\/territorio-Tingui-Boto-300x177.png 300w, https:\/\/www.pressenza.com\/wp-content\/uploads\/2021\/01\/territorio-Tingui-Boto-720x426.png 720w, https:\/\/www.pressenza.com\/wp-content\/uploads\/2021\/01\/territorio-Tingui-Boto-768x454.png 768w\" sizes=\"auto, (max-width: 1502px) 100vw, 1502px\" \/><\/p>\n<p><strong>Pol\u00edtica Tingui-Bot\u00f3<\/strong><\/p>\n<p>As lideran\u00e7as tradicionais t\u00eam o papel de representar coordenar, articular e defender os interesses das fam\u00edlias e do povo<\/p>\n<p>A comunidade Tingui-Bot\u00f3 possui lideran\u00e7as tradicionais, representadas pelos caciques ou chefes dos grupos. As lideran\u00e7as chegam ao cargo tanto pelo processo de escolha e\/ou legitimidade, quanto pelas fun\u00e7\u00f5es que exercem.<\/p>\n<p>Para a na\u00e7\u00e3o Tingui-Bot\u00f3, as lideran\u00e7as tradicionais t\u00eam o papel de representar coordenar, articular e defender os interesses das fam\u00edlias e do povo \u2013 uma esp\u00e9cie de responsabilidade herdada dos pais, a partir das din\u00e2micas sociais vigentes.<\/p>\n<p>Em concord\u00e2ncia, as lideran\u00e7as pol\u00edticas geralmente exercem fun\u00e7\u00f5es espec\u00edficas nos aldeamentos, como dirigentes de organiza\u00e7\u00f5es ind\u00edgenas formais, intermedi\u00e1rios e interlocutores das comunidades ind\u00edgenas.<\/p>\n<p>Neste cen\u00e1rio, as a\u00e7\u00f5es do governo para com as aldeias ind\u00edgenas s\u00e3o embasadas no modelo de <em>governo dos brancos<\/em>. Um fato que, por vezes, gera impasses frente \u00e0 necessidade da conquista de direitos e de ter num cen\u00e1rio de desigualdades sociais e exclus\u00e3o vivenciada pelos povos ind\u00edgenas.<\/p>\n<p>Sendo assim, as lideran\u00e7as pol\u00edticas ind\u00edgenas s\u00e3o constantemente consideradas mediadoras entre as antigas lideran\u00e7as e a sociedade regional e nacional.<\/p>\n<p>Na l\u00f3gica do \u201c<em>governo dos brancos\u201d<\/em> surgem situa\u00e7\u00f5es dif\u00edceis e desafiadoras, como a pandemia causada pelo Coronav\u00edrus. Situa\u00e7\u00e3o que exige uni\u00e3o e coopera\u00e7\u00e3o entre todas as organiza\u00e7\u00f5es pol\u00edticas, para que as comunidades consideradas desfavorecidas sejam amparadas e fortalecidas.<\/p>\n<p>\u00c9 necess\u00e1rio, ent\u00e3o, que as pol\u00edticas sociais e as a\u00e7\u00f5es de governo impulsionem mudan\u00e7as e reestrutura\u00e7\u00e3o na din\u00e2mica mundial atual, levando em considera\u00e7\u00e3o a din\u00e2mica de comunidades ind\u00edgenas, em condi\u00e7\u00f5es socioecon\u00f4micas desiguais frente ao desafio do Coronav\u00edrus.<\/p>\n<p><strong>Auto-organiza\u00e7\u00e3o e apoio m\u00fatuo contra a Covid-19<\/strong><\/p>\n<p>A comunidade Tingui-Bot\u00f3 recebeu a not\u00edcia da dissemina\u00e7\u00e3o do Coronav\u00edrus por meio da m\u00eddia e das redes sociais. Fato que causou pavor entre os ind\u00edgenas, assim como a todo o mundo.<\/p>\n<p>Quando a m\u00e1 not\u00edcia de um v\u00edrus com alta transmissibilidade chegou ao povoado, foram tomadas algumas medidas orientadas pelo Minist\u00e9rio da Sa\u00fade.<\/p>\n<p>As lideran\u00e7as convocaram a equipe de Sa\u00fade local, com a finalidade de compreender os principais impactos e riscos que a doen\u00e7a representava a popula\u00e7\u00e3o. Logo em seguida, o l\u00edder convocou todos os Tingui-Bot\u00f3 para uma reuni\u00e3o em car\u00e1ter de urg\u00eancia.<\/p>\n<p><strong>A\u00e7\u00f5es Tingui-Bot\u00f3 contra a pandemia<\/strong><\/p>\n<div id=\"attachment_1282535\" class=\"wp-caption aligncenter\"><img loading=\"lazy\" decoding=\"async\" aria-describedby=\"caption-attachment-1282535\" class=\"wp-image-1282535 size-full\" src=\"https:\/\/www.pressenza.com\/wp-content\/uploads\/2021\/01\/tingui-boto.png\" alt=\"\" width=\"1506\" height=\"915\" srcset=\"https:\/\/www.pressenza.com\/wp-content\/uploads\/2021\/01\/tingui-boto.png 1506w, https:\/\/www.pressenza.com\/wp-content\/uploads\/2021\/01\/tingui-boto-300x182.png 300w, https:\/\/www.pressenza.com\/wp-content\/uploads\/2021\/01\/tingui-boto-720x437.png 720w, https:\/\/www.pressenza.com\/wp-content\/uploads\/2021\/01\/tingui-boto-768x467.png 768w\" sizes=\"auto, (max-width: 1506px) 100vw, 1506px\" \/><p id=\"caption-attachment-1282535\" class=\"wp-caption-text\">Profissionais de Sa\u00fade atuam em cidades vizinhas e na aldeia Tingui-Bot\u00f3. Cr\u00e9dito da imagem: arquivo pessoal.<\/p><\/div>\n<p>As medidas tomadas foram restri\u00e7\u00e3o e limita\u00e7\u00e3o e sa\u00edda de moradores da comunidade para outros lugares. Os Tingui-Bot\u00f3 que moram fora da comunidade t\u00eam acesso limitado \u00e0 \u00e1rea. E s\u00f3 podem visitar a aldeia com o uso obrigat\u00f3rio de m\u00e1scara.<\/p>\n<p><strong><em>Lockdown<\/em> na aldeia<\/strong><\/p>\n<p>A lideran\u00e7a tradicional decretou que os port\u00f5es da comunidade fossem fechados e mantidos com cadeados. As chaves das terras Tingui-Bot\u00f3 s\u00e3o mantidas com o paj\u00e9 e o cacique. Ou em posse de motoristas que conduzem os ve\u00edculos de urg\u00eancia e emerg\u00eancia, em casos de alguma ocorr\u00eancia m\u00e9dica.<\/p>\n<p>Os ind\u00edgenas que moram na comunidade, s\u00f3 podem seguir \u00e0s cidades circunvizinhas devido a urg\u00eancias m\u00e9dicas ou para a compra de alimentos.<\/p>\n<p>No entanto, as lideran\u00e7as fortaleceram o acesso \u00e0 produ\u00e7\u00e3o de alimento na comunidade, para que n\u00e3o fosse uma necessidade a compra fora da aldeia \u2013 elevando assim o risco de cont\u00e1gio de todo o grupo.<\/p>\n<p><strong>Partos e solidariedade durante a quarentena<\/strong><\/p>\n<p>As mulheres gr\u00e1vidas que d\u00e3o \u00e0 luz em hospitais fora da cidade, devem permanecer 14 dias em isolamento social. Isolamento que se d\u00e1 em casas da comunidade Tingui-Bot\u00f3, cedida por familiares. Durante a quarentena, m\u00e3e e beb\u00ea recebem visitas apenas da equipe de Sa\u00fade.<\/p>\n<p><strong>Suspens\u00e3o de rituais<\/strong><\/p>\n<p>A medida de maior peso entre os Tingui-Bot\u00f3 foi a mudan\u00e7a de datas de rituais, como o Ouricuri.<\/p>\n<p>O Ouricuri \u00e9 o emblema do povo Tingui-Bot\u00f3. Local sagrado, onde cultuam costumes ancestrais fechados. \u00c9 o que orienta a doutrina, a paz e a perseveran\u00e7a para com o outro. \u00c9 de l\u00e1 que se aprende a viver em paz, em comunidade.<\/p>\n<p>Segundo o cacique Eliziano de Campos, atual chefe da comunidade, o Ouricuri est\u00e1 entre os Tingui-Bot\u00f3 h\u00e1 mais de 140 anos. De acordo com a idade e a ora\u00e7\u00e3o do seu pai, Pl\u00e1cido de Campos, um dos fundadores da comunidade, o Ouricuri n\u00e3o \u00e9 uma tradi\u00e7\u00e3o apenas do povo Tingui-Bot\u00f3. \u00c9 um nome dado \u00e0 religi\u00e3o de v\u00e1rias aldeias ind\u00edgenas do Nordeste.<\/p>\n<p>Ap\u00f3s an\u00e1lise do contexto da pandemia, levando em considera\u00e7\u00e3o que rituais s\u00e3o coletivos e provocam ajuntamentos, os Tingui-Bot\u00f3 tomaram, como medida preventiva, a suspens\u00e3o das cerim\u00f4nias.<\/p>\n<p>Ainda que todos e todas Tingui-Bot\u00f3 reconhe\u00e7am que o ritual envolve corpo, mente e esp\u00edrito \u2013 o cora\u00e7\u00e3o do povo, onde saem todos os ensinamentos sagrados que envolvem a sabedoria \u2013, a na\u00e7\u00e3o Tingui-Bot\u00f3 aceitou a suspens\u00e3o dos ritos, por saber que o sagrado tamb\u00e9m est\u00e1 presente nas \u00e1rvores, no canto dos p\u00e1ssaros e nas estrelas.<\/p>\n<p><strong>banhos de ra\u00edzes, ch\u00e1s, garrafadas e profissionais de Sa\u00fade<\/strong><\/p>\n<p>Os s\u00e1bios Tingui-Bot\u00f3 diziam que viriam \u00e9pocas dif\u00edceis, quando seria necess\u00e1rio que o povo seguisse com confian\u00e7a, atitude e coragem.<\/p>\n<p>Apesar da suspens\u00e3o das cerim\u00f4nias rituais Tingui-Bot\u00f3, a tradi\u00e7\u00e3o jamais foi abandonada no combate \u00e0 pandemia. Lutamos com nossas armas, diante do risco causado por um v\u00edrus que atinge pessoas com baixa imunidade. Por isso, devemos fortalecer nosso sistema imunol\u00f3gico com o uso tradicional de ervas, plantas e ra\u00edzes.<\/p>\n<p>Os banhos de ra\u00edzes, ch\u00e1s e garrafadas s\u00e3o princ\u00edpios relevantes para a sa\u00fade dos Tingui-Bot\u00f3, n\u00e3o excluindo a iniciativa dos profissionais de sa\u00fade que t\u00eam nos assistido nesses dias. \u00c9 preciso tamb\u00e9m considerar os cartazes e panfleto com informa\u00e7\u00e3o que nos instruem sobre as principais medidas para combate do v\u00edrus.<\/p>\n<div id=\"attachment_1282521\" class=\"wp-caption alignnone\"><img loading=\"lazy\" decoding=\"async\" aria-describedby=\"caption-attachment-1282521\" class=\"wp-image-1282521 size-full\" src=\"https:\/\/www.pressenza.com\/wp-content\/uploads\/2021\/01\/FUTURO_TINGUI_BOTO.jpg\" alt=\"\" width=\"1024\" height=\"868\" srcset=\"https:\/\/www.pressenza.com\/wp-content\/uploads\/2021\/01\/FUTURO_TINGUI_BOTO.jpg 1024w, https:\/\/www.pressenza.com\/wp-content\/uploads\/2021\/01\/FUTURO_TINGUI_BOTO-300x254.jpg 300w, https:\/\/www.pressenza.com\/wp-content\/uploads\/2021\/01\/FUTURO_TINGUI_BOTO-720x610.jpg 720w, https:\/\/www.pressenza.com\/wp-content\/uploads\/2021\/01\/FUTURO_TINGUI_BOTO-768x651.jpg 768w\" sizes=\"auto, (max-width: 1024px) 100vw, 1024px\" \/><p id=\"caption-attachment-1282521\" class=\"wp-caption-text\">O futuro Tingui-Bot\u00f3. Cr\u00e9dito da imagem: arquivo pessoal<\/p><\/div>\n<p>Para a na\u00e7\u00e3o Tingui-Bot\u00f3, a sabedoria do povo \u00e9 uma d\u00e1diva sagrada, dada a quem a merece. Os seres Tingui-Bot\u00f3 s\u00e3o seres humanos aben\u00e7oados por sua ancestralidade, e dotados de sabedoria. Suas lutas, seus sofrimentos e suas conquistas s\u00e3o imortalizadas pela pr\u00e1tica oral da comunidade. Hist\u00f3rias que inspiram os novos guerreiros.<\/p>\n<p>Assim, detentores de saberes espirituais, os guerreiros e guerreiras Tingui-Bot\u00f3 cuidam de seu povo, ao ensinar os jovens da aldeia por qual caminho seguir. A precau\u00e7\u00e3o \u00e9 uma das maiores armas em qualquer batalha. E a batalha contra a Covid-19 n\u00e3o \u00e9 diferente. Devemos agir com cautela e consci\u00eancia, reconhecendo que, ao tomar certas medidas, estamos cuidado de n\u00f3s e de outras pessoas.<\/p>\n<p>Mesmo que estejamos sentindo falta das reuni\u00f5es embaixo da \u00e1rvore principal da aldeia, seguir com f\u00e9 e confian\u00e7a \u00e9 preciso para acreditar que dias melhores vir\u00e3o.<\/p>\n<p>* Marcelo de Campos \u00e9 documentarista, Fundador do n\u00facleo de Cinema Tingui Filmes. \u00c9 Licenciando em Biologia pelo Instituto Federal de Alagoas, e membro do Grupo de Hist\u00f3ria Ind\u00edgena de Alagoas, da Universidade Estadual de Alagoas &#8211; GHIAL\/UNEAL.<\/p>\n","protected":false},"excerpt":{"rendered":"<p>Por Marcelo de Campos* A situa\u00e7\u00e3o dos povos ind\u00edgenas durante a pandemia \u00e9 resultado do total descaso do estado brasileiro \u2013 municipal, estadual e federal. Atualmente, sabe-se que mais de 500 pessoas ind\u00edgenas foram v\u00edtimas da Covid-19. A falta de&hellip;<\/p>\n","protected":false},"author":1685,"featured_media":1282489,"comment_status":"closed","ping_status":"closed","sticky":false,"template":"","format":"standard","meta":{"footnotes":""},"categories":[104,117,116,1255,165,111,1253,20610],"tags":[2744,72401,5323,33011],"class_list":["post-1282475","post","type-post","status-publish","format-standard","has-post-thumbnail","hentry","category-america-do-sul","category-povos-originarios","category-direitos-humanos","category-diversidade","category-opiniao","category-politica-pt-pt","category-saude","category-sem-categoria","tag-brasil","tag-covid-19-pt-pt","tag-indigenas","tag-povos-originarios"],"yoast_head":"<!-- This site is optimized with the Yoast SEO plugin v27.1.1 - https:\/\/yoast.com\/product\/yoast-seo-wordpress\/ -->\n<title>Tingui-bot\u00f3: autogest\u00e3o e apoio m\u00fatuo contra a Covid-19<\/title>\n<meta name=\"description\" content=\"Por Marcelo de Campos* A situa\u00e7\u00e3o dos povos ind\u00edgenas durante a pandemia \u00e9 resultado do total descaso do estado brasileiro \u2013 municipal, estadual e\" \/>\n<meta name=\"robots\" content=\"index, follow, max-snippet:-1, max-image-preview:large, max-video-preview:-1\" \/>\n<link rel=\"canonical\" href=\"https:\/\/www.pressenza.com\/pt-pt\/2021\/01\/tingui-boto-autogestao-e-apoio-mutuo-contra-a-covid-19\/\" \/>\n<meta property=\"og:locale\" content=\"pt_PT\" \/>\n<meta property=\"og:type\" content=\"article\" \/>\n<meta property=\"og:title\" content=\"Tingui-bot\u00f3: autogest\u00e3o e apoio m\u00fatuo contra a Covid-19\" \/>\n<meta property=\"og:description\" content=\"Por Marcelo de Campos* A situa\u00e7\u00e3o dos povos ind\u00edgenas durante a pandemia \u00e9 resultado do total descaso do estado brasileiro \u2013 municipal, estadual e\" \/>\n<meta property=\"og:url\" content=\"https:\/\/www.pressenza.com\/pt-pt\/2021\/01\/tingui-boto-autogestao-e-apoio-mutuo-contra-a-covid-19\/\" \/>\n<meta property=\"og:site_name\" content=\"Pressenza\" \/>\n<meta property=\"article:publisher\" content=\"https:\/\/www.facebook.com\/PressenzaItalia\" \/>\n<meta property=\"article:published_time\" content=\"2021-01-20T23:21:46+00:00\" \/>\n<meta property=\"article:modified_time\" content=\"2021-01-21T00:50:45+00:00\" \/>\n<meta property=\"og:image\" content=\"https:\/\/www.pressenza.com\/wp-content\/uploads\/2021\/01\/GRUPO_TINGUI_BOTO.jpg\" \/>\n\t<meta property=\"og:image:width\" content=\"1024\" \/>\n\t<meta property=\"og:image:height\" content=\"768\" \/>\n\t<meta property=\"og:image:type\" content=\"image\/jpeg\" \/>\n<meta name=\"author\" content=\"Reda\u00e7\u00e3o Rio de Janeiro\" \/>\n<meta name=\"twitter:card\" content=\"summary_large_image\" \/>\n<meta name=\"twitter:creator\" content=\"@PressenzaIPA\" \/>\n<meta name=\"twitter:site\" content=\"@PressenzaIPA\" \/>\n<meta name=\"twitter:label1\" content=\"Escrito por\" \/>\n\t<meta name=\"twitter:data1\" content=\"Reda\u00e7\u00e3o Rio de Janeiro\" \/>\n\t<meta name=\"twitter:label2\" content=\"Tempo estimado de leitura\" \/>\n\t<meta name=\"twitter:data2\" content=\"8 minutos\" \/>\n<script type=\"application\/ld+json\" class=\"yoast-schema-graph\">{\"@context\":\"https:\/\/schema.org\",\"@graph\":[{\"@type\":\"Article\",\"@id\":\"https:\/\/www.pressenza.com\/pt-pt\/2021\/01\/tingui-boto-autogestao-e-apoio-mutuo-contra-a-covid-19\/#article\",\"isPartOf\":{\"@id\":\"https:\/\/www.pressenza.com\/pt-pt\/2021\/01\/tingui-boto-autogestao-e-apoio-mutuo-contra-a-covid-19\/\"},\"author\":{\"name\":\"Reda\u00e7\u00e3o Rio de Janeiro\",\"@id\":\"https:\/\/www.pressenza.com\/pt-pt\/#\/schema\/person\/6925e927f8ff3a0cdb838320c5d12259\"},\"headline\":\"Tingui-bot\u00f3: autogest\u00e3o e apoio m\u00fatuo contra a Covid-19\",\"datePublished\":\"2021-01-20T23:21:46+00:00\",\"dateModified\":\"2021-01-21T00:50:45+00:00\",\"mainEntityOfPage\":{\"@id\":\"https:\/\/www.pressenza.com\/pt-pt\/2021\/01\/tingui-boto-autogestao-e-apoio-mutuo-contra-a-covid-19\/\"},\"wordCount\":1670,\"publisher\":{\"@id\":\"https:\/\/www.pressenza.com\/pt-pt\/#organization\"},\"image\":{\"@id\":\"https:\/\/www.pressenza.com\/pt-pt\/2021\/01\/tingui-boto-autogestao-e-apoio-mutuo-contra-a-covid-19\/#primaryimage\"},\"thumbnailUrl\":\"https:\/\/www.pressenza.com\/wp-content\/uploads\/2021\/01\/GRUPO_TINGUI_BOTO.jpg\",\"keywords\":[\"Brasil\",\"COVID-19\",\"indigenas\",\"povos originarios\"],\"articleSection\":[\"\u00c1m\u00e9rica do Sul\",\"Assuntos ind\u00edgenas\",\"Direitos Humanos\",\"Diversidade\",\"Opini\u00e3o\",\"Pol\u00edtica\",\"Sa\u00fade\"],\"inLanguage\":\"pt-PT\"},{\"@type\":\"WebPage\",\"@id\":\"https:\/\/www.pressenza.com\/pt-pt\/2021\/01\/tingui-boto-autogestao-e-apoio-mutuo-contra-a-covid-19\/\",\"url\":\"https:\/\/www.pressenza.com\/pt-pt\/2021\/01\/tingui-boto-autogestao-e-apoio-mutuo-contra-a-covid-19\/\",\"name\":\"Tingui-bot\u00f3: autogest\u00e3o e apoio m\u00fatuo contra a Covid-19\",\"isPartOf\":{\"@id\":\"https:\/\/www.pressenza.com\/pt-pt\/#website\"},\"primaryImageOfPage\":{\"@id\":\"https:\/\/www.pressenza.com\/pt-pt\/2021\/01\/tingui-boto-autogestao-e-apoio-mutuo-contra-a-covid-19\/#primaryimage\"},\"image\":{\"@id\":\"https:\/\/www.pressenza.com\/pt-pt\/2021\/01\/tingui-boto-autogestao-e-apoio-mutuo-contra-a-covid-19\/#primaryimage\"},\"thumbnailUrl\":\"https:\/\/www.pressenza.com\/wp-content\/uploads\/2021\/01\/GRUPO_TINGUI_BOTO.jpg\",\"datePublished\":\"2021-01-20T23:21:46+00:00\",\"dateModified\":\"2021-01-21T00:50:45+00:00\",\"description\":\"Por Marcelo de Campos* A situa\u00e7\u00e3o dos povos ind\u00edgenas durante a pandemia \u00e9 resultado do total descaso do estado brasileiro \u2013 municipal, estadual e\",\"breadcrumb\":{\"@id\":\"https:\/\/www.pressenza.com\/pt-pt\/2021\/01\/tingui-boto-autogestao-e-apoio-mutuo-contra-a-covid-19\/#breadcrumb\"},\"inLanguage\":\"pt-PT\",\"potentialAction\":[{\"@type\":\"ReadAction\",\"target\":[\"https:\/\/www.pressenza.com\/pt-pt\/2021\/01\/tingui-boto-autogestao-e-apoio-mutuo-contra-a-covid-19\/\"]}]},{\"@type\":\"ImageObject\",\"inLanguage\":\"pt-PT\",\"@id\":\"https:\/\/www.pressenza.com\/pt-pt\/2021\/01\/tingui-boto-autogestao-e-apoio-mutuo-contra-a-covid-19\/#primaryimage\",\"url\":\"https:\/\/www.pressenza.com\/wp-content\/uploads\/2021\/01\/GRUPO_TINGUI_BOTO.jpg\",\"contentUrl\":\"https:\/\/www.pressenza.com\/wp-content\/uploads\/2021\/01\/GRUPO_TINGUI_BOTO.jpg\",\"width\":1024,\"height\":768},{\"@type\":\"BreadcrumbList\",\"@id\":\"https:\/\/www.pressenza.com\/pt-pt\/2021\/01\/tingui-boto-autogestao-e-apoio-mutuo-contra-a-covid-19\/#breadcrumb\",\"itemListElement\":[{\"@type\":\"ListItem\",\"position\":1,\"name\":\"Accueil\",\"item\":\"https:\/\/www.pressenza.com\/pt-pt\/\"},{\"@type\":\"ListItem\",\"position\":2,\"name\":\"Tingui-bot\u00f3: autogest\u00e3o e apoio m\u00fatuo contra a Covid-19\"}]},{\"@type\":\"WebSite\",\"@id\":\"https:\/\/www.pressenza.com\/pt-pt\/#website\",\"url\":\"https:\/\/www.pressenza.com\/pt-pt\/\",\"name\":\"Pressenza\",\"description\":\"International Press Agency\",\"publisher\":{\"@id\":\"https:\/\/www.pressenza.com\/pt-pt\/#organization\"},\"potentialAction\":[{\"@type\":\"SearchAction\",\"target\":{\"@type\":\"EntryPoint\",\"urlTemplate\":\"https:\/\/www.pressenza.com\/pt-pt\/?s={search_term_string}\"},\"query-input\":{\"@type\":\"PropertyValueSpecification\",\"valueRequired\":true,\"valueName\":\"search_term_string\"}}],\"inLanguage\":\"pt-PT\"},{\"@type\":\"Organization\",\"@id\":\"https:\/\/www.pressenza.com\/pt-pt\/#organization\",\"name\":\"Pressenza\",\"url\":\"https:\/\/www.pressenza.com\/pt-pt\/\",\"logo\":{\"@type\":\"ImageObject\",\"inLanguage\":\"pt-PT\",\"@id\":\"https:\/\/www.pressenza.com\/pt-pt\/#\/schema\/logo\/image\/\",\"url\":\"https:\/\/www.pressenza.com\/wp-content\/uploads\/2022\/10\/pressenza_logo_200x200.jpg\",\"contentUrl\":\"https:\/\/www.pressenza.com\/wp-content\/uploads\/2022\/10\/pressenza_logo_200x200.jpg\",\"width\":200,\"height\":200,\"caption\":\"Pressenza\"},\"image\":{\"@id\":\"https:\/\/www.pressenza.com\/pt-pt\/#\/schema\/logo\/image\/\"},\"sameAs\":[\"https:\/\/www.facebook.com\/PressenzaItalia\",\"https:\/\/x.com\/PressenzaIPA\"]},{\"@type\":\"Person\",\"@id\":\"https:\/\/www.pressenza.com\/pt-pt\/#\/schema\/person\/6925e927f8ff3a0cdb838320c5d12259\",\"name\":\"Reda\u00e7\u00e3o Rio de Janeiro\",\"description\":\"News published by the Pressenza bureau in Rio de Janeiro, Brazil\",\"url\":\"https:\/\/www.pressenza.com\/pt-pt\/author\/redacao-rio-de-janeiro\/\"}]}<\/script>\n<!-- \/ Yoast SEO plugin. -->","yoast_head_json":{"title":"Tingui-bot\u00f3: autogest\u00e3o e apoio m\u00fatuo contra a Covid-19","description":"Por Marcelo de Campos* A situa\u00e7\u00e3o dos povos ind\u00edgenas durante a pandemia \u00e9 resultado do total descaso do estado brasileiro \u2013 municipal, estadual e","robots":{"index":"index","follow":"follow","max-snippet":"max-snippet:-1","max-image-preview":"max-image-preview:large","max-video-preview":"max-video-preview:-1"},"canonical":"https:\/\/www.pressenza.com\/pt-pt\/2021\/01\/tingui-boto-autogestao-e-apoio-mutuo-contra-a-covid-19\/","og_locale":"pt_PT","og_type":"article","og_title":"Tingui-bot\u00f3: autogest\u00e3o e apoio m\u00fatuo contra a Covid-19","og_description":"Por Marcelo de Campos* A situa\u00e7\u00e3o dos povos ind\u00edgenas durante a pandemia \u00e9 resultado do total descaso do estado brasileiro \u2013 municipal, estadual e","og_url":"https:\/\/www.pressenza.com\/pt-pt\/2021\/01\/tingui-boto-autogestao-e-apoio-mutuo-contra-a-covid-19\/","og_site_name":"Pressenza","article_publisher":"https:\/\/www.facebook.com\/PressenzaItalia","article_published_time":"2021-01-20T23:21:46+00:00","article_modified_time":"2021-01-21T00:50:45+00:00","og_image":[{"width":1024,"height":768,"url":"https:\/\/www.pressenza.com\/wp-content\/uploads\/2021\/01\/GRUPO_TINGUI_BOTO.jpg","type":"image\/jpeg"}],"author":"Reda\u00e7\u00e3o Rio de Janeiro","twitter_card":"summary_large_image","twitter_creator":"@PressenzaIPA","twitter_site":"@PressenzaIPA","twitter_misc":{"Escrito por":"Reda\u00e7\u00e3o Rio de Janeiro","Tempo estimado de leitura":"8 minutos"},"schema":{"@context":"https:\/\/schema.org","@graph":[{"@type":"Article","@id":"https:\/\/www.pressenza.com\/pt-pt\/2021\/01\/tingui-boto-autogestao-e-apoio-mutuo-contra-a-covid-19\/#article","isPartOf":{"@id":"https:\/\/www.pressenza.com\/pt-pt\/2021\/01\/tingui-boto-autogestao-e-apoio-mutuo-contra-a-covid-19\/"},"author":{"name":"Reda\u00e7\u00e3o Rio de Janeiro","@id":"https:\/\/www.pressenza.com\/pt-pt\/#\/schema\/person\/6925e927f8ff3a0cdb838320c5d12259"},"headline":"Tingui-bot\u00f3: autogest\u00e3o e apoio m\u00fatuo contra a Covid-19","datePublished":"2021-01-20T23:21:46+00:00","dateModified":"2021-01-21T00:50:45+00:00","mainEntityOfPage":{"@id":"https:\/\/www.pressenza.com\/pt-pt\/2021\/01\/tingui-boto-autogestao-e-apoio-mutuo-contra-a-covid-19\/"},"wordCount":1670,"publisher":{"@id":"https:\/\/www.pressenza.com\/pt-pt\/#organization"},"image":{"@id":"https:\/\/www.pressenza.com\/pt-pt\/2021\/01\/tingui-boto-autogestao-e-apoio-mutuo-contra-a-covid-19\/#primaryimage"},"thumbnailUrl":"https:\/\/www.pressenza.com\/wp-content\/uploads\/2021\/01\/GRUPO_TINGUI_BOTO.jpg","keywords":["Brasil","COVID-19","indigenas","povos originarios"],"articleSection":["\u00c1m\u00e9rica do Sul","Assuntos ind\u00edgenas","Direitos Humanos","Diversidade","Opini\u00e3o","Pol\u00edtica","Sa\u00fade"],"inLanguage":"pt-PT"},{"@type":"WebPage","@id":"https:\/\/www.pressenza.com\/pt-pt\/2021\/01\/tingui-boto-autogestao-e-apoio-mutuo-contra-a-covid-19\/","url":"https:\/\/www.pressenza.com\/pt-pt\/2021\/01\/tingui-boto-autogestao-e-apoio-mutuo-contra-a-covid-19\/","name":"Tingui-bot\u00f3: autogest\u00e3o e apoio m\u00fatuo contra a Covid-19","isPartOf":{"@id":"https:\/\/www.pressenza.com\/pt-pt\/#website"},"primaryImageOfPage":{"@id":"https:\/\/www.pressenza.com\/pt-pt\/2021\/01\/tingui-boto-autogestao-e-apoio-mutuo-contra-a-covid-19\/#primaryimage"},"image":{"@id":"https:\/\/www.pressenza.com\/pt-pt\/2021\/01\/tingui-boto-autogestao-e-apoio-mutuo-contra-a-covid-19\/#primaryimage"},"thumbnailUrl":"https:\/\/www.pressenza.com\/wp-content\/uploads\/2021\/01\/GRUPO_TINGUI_BOTO.jpg","datePublished":"2021-01-20T23:21:46+00:00","dateModified":"2021-01-21T00:50:45+00:00","description":"Por Marcelo de Campos* A situa\u00e7\u00e3o dos povos ind\u00edgenas durante a pandemia \u00e9 resultado do total descaso do estado brasileiro \u2013 municipal, estadual e","breadcrumb":{"@id":"https:\/\/www.pressenza.com\/pt-pt\/2021\/01\/tingui-boto-autogestao-e-apoio-mutuo-contra-a-covid-19\/#breadcrumb"},"inLanguage":"pt-PT","potentialAction":[{"@type":"ReadAction","target":["https:\/\/www.pressenza.com\/pt-pt\/2021\/01\/tingui-boto-autogestao-e-apoio-mutuo-contra-a-covid-19\/"]}]},{"@type":"ImageObject","inLanguage":"pt-PT","@id":"https:\/\/www.pressenza.com\/pt-pt\/2021\/01\/tingui-boto-autogestao-e-apoio-mutuo-contra-a-covid-19\/#primaryimage","url":"https:\/\/www.pressenza.com\/wp-content\/uploads\/2021\/01\/GRUPO_TINGUI_BOTO.jpg","contentUrl":"https:\/\/www.pressenza.com\/wp-content\/uploads\/2021\/01\/GRUPO_TINGUI_BOTO.jpg","width":1024,"height":768},{"@type":"BreadcrumbList","@id":"https:\/\/www.pressenza.com\/pt-pt\/2021\/01\/tingui-boto-autogestao-e-apoio-mutuo-contra-a-covid-19\/#breadcrumb","itemListElement":[{"@type":"ListItem","position":1,"name":"Accueil","item":"https:\/\/www.pressenza.com\/pt-pt\/"},{"@type":"ListItem","position":2,"name":"Tingui-bot\u00f3: autogest\u00e3o e apoio m\u00fatuo contra a Covid-19"}]},{"@type":"WebSite","@id":"https:\/\/www.pressenza.com\/pt-pt\/#website","url":"https:\/\/www.pressenza.com\/pt-pt\/","name":"Pressenza","description":"International Press Agency","publisher":{"@id":"https:\/\/www.pressenza.com\/pt-pt\/#organization"},"potentialAction":[{"@type":"SearchAction","target":{"@type":"EntryPoint","urlTemplate":"https:\/\/www.pressenza.com\/pt-pt\/?s={search_term_string}"},"query-input":{"@type":"PropertyValueSpecification","valueRequired":true,"valueName":"search_term_string"}}],"inLanguage":"pt-PT"},{"@type":"Organization","@id":"https:\/\/www.pressenza.com\/pt-pt\/#organization","name":"Pressenza","url":"https:\/\/www.pressenza.com\/pt-pt\/","logo":{"@type":"ImageObject","inLanguage":"pt-PT","@id":"https:\/\/www.pressenza.com\/pt-pt\/#\/schema\/logo\/image\/","url":"https:\/\/www.pressenza.com\/wp-content\/uploads\/2022\/10\/pressenza_logo_200x200.jpg","contentUrl":"https:\/\/www.pressenza.com\/wp-content\/uploads\/2022\/10\/pressenza_logo_200x200.jpg","width":200,"height":200,"caption":"Pressenza"},"image":{"@id":"https:\/\/www.pressenza.com\/pt-pt\/#\/schema\/logo\/image\/"},"sameAs":["https:\/\/www.facebook.com\/PressenzaItalia","https:\/\/x.com\/PressenzaIPA"]},{"@type":"Person","@id":"https:\/\/www.pressenza.com\/pt-pt\/#\/schema\/person\/6925e927f8ff3a0cdb838320c5d12259","name":"Reda\u00e7\u00e3o Rio de Janeiro","description":"News published by the Pressenza bureau in Rio de Janeiro, Brazil","url":"https:\/\/www.pressenza.com\/pt-pt\/author\/redacao-rio-de-janeiro\/"}]}},"place":"Brasil","original_article_url":"http:\/\/campusdosavio.blogspot.com\/2020\/10\/marcelo-de-campo-o-novo-coronavirus-e.html","_links":{"self":[{"href":"https:\/\/www.pressenza.com\/pt-pt\/wp-json\/wp\/v2\/posts\/1282475","targetHints":{"allow":["GET"]}}],"collection":[{"href":"https:\/\/www.pressenza.com\/pt-pt\/wp-json\/wp\/v2\/posts"}],"about":[{"href":"https:\/\/www.pressenza.com\/pt-pt\/wp-json\/wp\/v2\/types\/post"}],"author":[{"embeddable":true,"href":"https:\/\/www.pressenza.com\/pt-pt\/wp-json\/wp\/v2\/users\/1685"}],"replies":[{"embeddable":true,"href":"https:\/\/www.pressenza.com\/pt-pt\/wp-json\/wp\/v2\/comments?post=1282475"}],"version-history":[{"count":0,"href":"https:\/\/www.pressenza.com\/pt-pt\/wp-json\/wp\/v2\/posts\/1282475\/revisions"}],"wp:featuredmedia":[{"embeddable":true,"href":"https:\/\/www.pressenza.com\/pt-pt\/wp-json\/wp\/v2\/media\/1282489"}],"wp:attachment":[{"href":"https:\/\/www.pressenza.com\/pt-pt\/wp-json\/wp\/v2\/media?parent=1282475"}],"wp:term":[{"taxonomy":"category","embeddable":true,"href":"https:\/\/www.pressenza.com\/pt-pt\/wp-json\/wp\/v2\/categories?post=1282475"},{"taxonomy":"post_tag","embeddable":true,"href":"https:\/\/www.pressenza.com\/pt-pt\/wp-json\/wp\/v2\/tags?post=1282475"}],"curies":[{"name":"wp","href":"https:\/\/api.w.org\/{rel}","templated":true}]}}