{"id":1274815,"date":"2021-01-08T20:21:49","date_gmt":"2021-01-08T20:21:49","guid":{"rendered":"https:\/\/www.pressenza.com\/?p=1274815"},"modified":"2021-01-08T20:21:49","modified_gmt":"2021-01-08T20:21:49","slug":"o-escorregadio-processo-de-paz-na-colombia","status":"publish","type":"post","link":"https:\/\/www.pressenza.com\/pt-pt\/2021\/01\/o-escorregadio-processo-de-paz-na-colombia\/","title":{"rendered":"O Escorregadio Processo de Paz na Col\u00f4mbia"},"content":{"rendered":"<p><strong>Por: Zenaida Espinosa Cabrera<\/strong><\/p>\n<p>Chegamos ao ocaso do ano de 2020. Com ele se encerra um ano carregado de dor para a Col\u00f4mbia. Um ano em que assassinatos e massacres foram not\u00edcias di\u00e1rias, remontando a um passado que se acreditava em franca transforma\u00e7\u00e3o. O fen\u00f4meno das novas formas de viol\u00eancia continua inabal\u00e1vel e o ano foi marcado por in\u00fameros massacres, que, segundo o INDEPAZ, totalizaram 85, entre janeiro e 19 de dezembro. Dentre os departamentos mais afetados est\u00e3o Antioquia com 20 casos, Cauca com 13, Nari\u00f1o com 9 e Norte de Santander com 6 epis\u00f3dios.\u00a0Acrescente-se os 292 l\u00edderes sociais defensores dos direitos humanos, que foram mortos no mesmo per\u00edodo. A atmosfera de estigmatiza\u00e7\u00e3o tamb\u00e9m \u00e9 vivenciada por ex-combatentes, reintegrados a partir das extintas FARC, que perderam 247 de seus membros em atos violentos, o que significou para eles um acordo p\u00f3s-traum\u00e1tico e que tem um impacto direto na implementa\u00e7\u00e3o do Acordo de Paz.<\/p>\n<p>Saiba mais em: <a href=\"https:\/\/www.elespectador.com\/colombia2020\/pais\/son-85-las-masacres-cometidas-en-colombia-en-2020-indepaz\/?outputType=amp&amp;__twitter_impression=true&amp;s=03\" target=\"_blank\" rel=\"noopener\">\u201cChegam a 85 os massacres cometidos na Col\u00f4mbia em 2020&#8243;: Indepaz<\/a><\/p>\n<blockquote class=\"twitter-tweet\" data-width=\"500\" data-dnt=\"true\">\n<p lang=\"es\" dir=\"ltr\">Luis Eduardo Triana<br \/>18 de diciembre de 2020<br \/>La Macarena, meta<\/p>\n<p>247 Firmantes del acuerdo han sido asesinados. <a href=\"https:\/\/t.co\/oNWtlz05Sw\">pic.twitter.com\/oNWtlz05Sw<\/a><\/p>\n<p>&mdash; INDEPAZ (@Indepaz) <a href=\"https:\/\/twitter.com\/Indepaz\/status\/1340796181572706305?ref_src=twsrc%5Etfw\">December 20, 2020<\/a><\/p><\/blockquote>\n<p><script async src=\"https:\/\/platform.twitter.com\/widgets.js\" charset=\"utf-8\"><\/script><\/p>\n<p>No s\u00e1bado, 18 de dezembro, o partido das FARC denunciou um ataque a um de seus membros, o ex-combatente N\u00e9stor S\u00e1nchez, ocorrido no munic\u00edpio de Soledad (Atl\u00e2ntico), no qual um de seus filhos foi atingido.<\/p>\n<p>Em 17 de dezembro, a Associa\u00e7\u00e3o Camponesa do Catatumbo emitiu um alerta ao Gabinete do Provedor de Justi\u00e7a, ao Procurador-Geral do Pa\u00eds e ao Gabinete do Alto Comissariado das Na\u00e7\u00f5es Unidas para os Direitos Humanos na Col\u00f4mbia sobre a\u00e7\u00f5es violentas de autoria do Ex\u00e9rcito Nacional no distrito de La Gabarra, no Departamento de Norte de Santander. Essas comunidades receberam amea\u00e7as de morte, extors\u00e3o e ass\u00e9dio, al\u00e9m da falta de acesso \u00e0 \u00e1gua, uma vez que os militares estrategicamente ocuparam uma posi\u00e7\u00e3o bem pr\u00f3xima ao ponto de capta\u00e7\u00e3o de \u00e1gua, onde fazem a higiene pessoal e descartam os restos de comida.\u00a0 Chama-se tamb\u00e9m a aten\u00e7\u00e3o para a presen\u00e7a do Grupo Paramilitar &#8220;Los Rastrojos\u201d (tamb\u00e9m conhecidos como Rondas Campesinas Populares).<\/p>\n<blockquote class=\"twitter-tweet\" data-width=\"500\" data-dnt=\"true\">\n<p lang=\"es\" dir=\"ltr\">ALERTA SOBRE SITUACI\u00d3N DE DERECHOS HUMANOS EN EL CATATUMBO Y<br \/>ZONA RURAL DE C\u00daCUTA.<br \/>La Asociaci\u00f3n Campesina del Catatumbo \u2013 ASCAMCAT, se permite denunciar p\u00fablicamente , hace un llamado a los organismos de control <a href=\"https:\/\/twitter.com\/DefensoriaCol?ref_src=twsrc%5Etfw\">@DefensoriaCol<\/a> <a href=\"https:\/\/twitter.com\/PGN_COL?ref_src=twsrc%5Etfw\">@PGN_COL<\/a> <a href=\"https:\/\/twitter.com\/ONUHumanRights?ref_src=twsrc%5Etfw\">@ONUHumanRights<\/a> a verificar dichos hechos <a href=\"https:\/\/t.co\/WuJQyO69l5\">pic.twitter.com\/WuJQyO69l5<\/a><\/p>\n<p>&mdash; AscamcatOficial (@AscamcatOficia) <a href=\"https:\/\/twitter.com\/AscamcatOficia\/status\/1339626367114244098?ref_src=twsrc%5Etfw\">December 17, 2020<\/a><\/p><\/blockquote>\n<p><script async src=\"https:\/\/platform.twitter.com\/widgets.js\" charset=\"utf-8\"><\/script><\/p>\n<p>Nesse contexto, o que preocupa em rela\u00e7\u00e3o aos avan\u00e7os poss\u00edveis \u00e9 a falta de confian\u00e7a nas institui\u00e7\u00f5es, porque, em vez de ganharem credibilidade, s\u00f3 fazem aumentar a desconfian\u00e7a dos cidad\u00e3os a cada dia, enquanto observam e ouvem a relut\u00e2ncia do governo, do ministro da Defesa e mesmo dos dirigentes locais em aceitarem essas reclama\u00e7\u00f5es e em lidarem com as dificuldades da seguran\u00e7a e dos controles administrativos. Por exemplo, os dois \u00faltimos ministros da Defesa deram declara\u00e7\u00f5es desastrosas, sem medir as consequ\u00eancias do alcance de suas palavras. O ex-ministro da Defesa do governo de Santos, Luis Carlos Villegas, declarou que \u201c<strong>a grande maioria das mortes de l\u00edderes sociais s\u00e3o devidas a brigas entre vizinhos, por rabos de saia e por cobran\u00e7as il\u00edcitas de alugu\u00e9is<\/strong>\u201d e, seu sucessor, no atual governo, Guillermo Botero, deu a seguinte declara\u00e7\u00e3o, por ocasi\u00e3o do Congresso da Confedera\u00e7\u00e3o das C\u00e2maras de Com\u00e9rcio: <strong>\u201c(\u2026) e com esse dinheiro il\u00edcito eles corrompem e, em terceiro lugar, financiam seus protestos sociais<\/strong>.\u201d<\/p>\n<p><iframe loading=\"lazy\" title=\"El ministro de Defensa dice que a los l\u00edderes sociales los matan por l\u00edos de faldas y de vecinos\" width=\"500\" height=\"281\" src=\"https:\/\/www.youtube.com\/embed\/D7yix8oGoQQ?feature=oembed\" frameborder=\"0\" allow=\"accelerometer; autoplay; clipboard-write; encrypted-media; gyroscope; picture-in-picture; web-share\" referrerpolicy=\"strict-origin-when-cross-origin\" allowfullscreen><\/iframe><\/p>\n<p><a href=\"https:\/\/www.facebook.com\/watch\/?v=498330107302364\" target=\"_blank\" rel=\"noopener\">Saiba mais em: declara\u00e7\u00f5es do Ministro Guillermo Botero<\/a><\/p>\n<p>Conv\u00e9m lembrar que este ministro foi alvo de uma mo\u00e7\u00e3o de censura perante o Congresso da Rep\u00fablica, ap\u00f3s um bombardeio do Ex\u00e9rcito na \u00e1rea de San Vicente de el Cagu\u00e1n, Departamento de Caquet\u00e1, onde v\u00e1rios menores de idade morreram. Sobre esse epis\u00f3dio, ao ser questionado por um jornalista, o presidente Iv\u00e1n Duque limitou-se a responder: \u201c<strong>Do que voc\u00ea est\u00e1 falando, rapaz?<\/strong>\u201d. Em agosto deste ano, referindo-se aos massacres, Duque ainda argumentou: \u201cmuitas pessoas relataram que os massacres voltaram a ocorrer, que os massacres est\u00e3o de volta. Bem, para come\u00e7ar, vamos chamar as coisas pelo nome correto: \u201c<strong>assassinatos coletivos<\/strong>\u201d e, infelizmente, h\u00e1 que aceit\u00e1-los, pensando como um pa\u00eds, mas n\u00e3o \u00e9 que eles voltaram; \u00e9 que, lamentavelmente, esses epis\u00f3dios nunca desapareceram.\u201d O atual Ministro da Defesa, Carlos Holmes Trujillo, \u00e0 \u00e9poca, reiterou a fala do presidente, ao afirmar: \u201c<strong>A palavra <\/strong><strong>massacre \u00e9 um termo que tem sido usado de forma jornal\u00edstica e coloquial<\/strong>\u201d, o que desencadeou o rep\u00fadio dos cidad\u00e3os pelas redes sociais.<\/p>\n<p><iframe loading=\"lazy\" title=\"\u201cDe qu\u00e9 me hablas viejo\u201d, la respuesta de Duque a un periodista...\" width=\"500\" height=\"281\" src=\"https:\/\/www.youtube.com\/embed\/aUiLfPK4ScM?feature=oembed\" frameborder=\"0\" allow=\"accelerometer; autoplay; clipboard-write; encrypted-media; gyroscope; picture-in-picture; web-share\" referrerpolicy=\"strict-origin-when-cross-origin\" allowfullscreen><\/iframe><\/p>\n<p>\u201c<strong>Ao mudar o nome das verdades, as verdades n\u00e3o mudam. Na Col\u00f4mbia, os massacres continuam, enquanto o nome preferido pelo governo nacional revela mais indol\u00eancia do que t\u00e9cnica<\/strong>\u201d, afirma Camilo Uma\u00f1a, jornalista da Raz\u00f3n P\u00fablica.<\/p>\n<p>Saiba mais em: <a href=\"https:\/\/razonpublica.com\/homicidios-colectivos-estado-negacion\/\" target=\"_blank\" rel=\"noopener\">\u201cAssassinatos coletivos&#8221;: um estado de nega\u00e7\u00e3o<\/a><\/p>\n<p>O desespero do povo com os militares se deve ao fato de que, com o retorno do partido ao poder, parece que o objetivo agora \u00e9 reavivar as pol\u00edticas que levaram aos chamados \u201cfalsos positivos\u201d, para os quais 22 generais e 10.949 soldados est\u00e3o sendo investigados atualmente. \u201c<strong>O governo tem l\u00edderes sociais entre a morte e a criminaliza\u00e7\u00e3o<\/strong>\u201d, afirmou a Deputada \u00c1ngela Mar\u00eda Robledo em sua conta no Twitter.<\/p>\n<blockquote class=\"twitter-tweet\" data-width=\"500\" data-dnt=\"true\">\n<p lang=\"es\" dir=\"ltr\">El Gobierno tiene a los l\u00edderes sociales entre la muerte y la criminalizaci\u00f3n. Los congresistas firmantes rechazamos esta nueva estrategia de falsos positivos judiciales. <a href=\"https:\/\/t.co\/g6KkiE4s9V\">pic.twitter.com\/g6KkiE4s9V<\/a><\/p>\n<p>&mdash; \u00c1ngela Mar\u00eda Robledo (@angelamrobledo) <a href=\"https:\/\/twitter.com\/angelamrobledo\/status\/1339694006809358336?ref_src=twsrc%5Etfw\">December 17, 2020<\/a><\/p><\/blockquote>\n<p><script async src=\"https:\/\/platform.twitter.com\/widgets.js\" charset=\"utf-8\"><\/script><\/p>\n<p>Alguns casos abomin\u00e1veis tamb\u00e9m s\u00e3o ouvidos e narrados por l\u00edderes locais, como o Prefeito de Quibd\u00f3 (Choc\u00f3), Mart\u00edn Emilio S\u00e1nchez, quem, diante da grave situa\u00e7\u00e3o de seguran\u00e7a, d\u00e1 o seguinte conselho aos seus cidad\u00e3os: \u201c<strong>negociem suas vidas com os assassinos\u201d<\/strong>, porque, segundo ele, a depender do governo, a\u00ed mesmo \u00e9 que n\u00e3o teremos solu\u00e7\u00e3o alguma\u201d. Por sua parte, o Prefeito de Ci\u00e9naga (Magdalena), Luis Alberto Samper, por ocasi\u00e3o de uma fiscaliza\u00e7\u00e3o de licen\u00e7as de trabalho para vendedores ambulantes, ap\u00f3s a oposi\u00e7\u00e3o deles, amea\u00e7ou: \u201c<strong>eu dou um tiro em quem se meter comigo<\/strong>.\u201d<\/p>\n<p><iframe loading=\"lazy\" title=\"Alcaldes desquiciados: uno pide a la gente negociar con asesinos y el otro ofrece &quot;tiro&quot;\" width=\"500\" height=\"281\" src=\"https:\/\/www.youtube.com\/embed\/Fch77gA2_YA?feature=oembed\" frameborder=\"0\" allow=\"accelerometer; autoplay; clipboard-write; encrypted-media; gyroscope; picture-in-picture; web-share\" referrerpolicy=\"strict-origin-when-cross-origin\" allowfullscreen><\/iframe><\/p>\n<p>Outra preocupa\u00e7\u00e3o tem sido a de protestos e medidas autorit\u00e1rias contra a mobiliza\u00e7\u00e3o cidad\u00e3, sendo um exemplo disso o decreto que o governo planeja publicar: \u201cpara prevenir o terrorismo\u201d, que busca rebater a \u201cradicaliza\u00e7\u00e3o violenta dos estudantes\u201d, uma vez que \u00e9 claramente uma acusa\u00e7\u00e3o de terrorismo contra os jovens, considerando que em nenhum trecho do projeto constam que os termos \u201cradicaliza\u00e7\u00e3o\u201d, \u201c\u00f3dio\u201d ou \u201cextremismo violento\u201d sejam explicados ou definidos para os fins da implementa\u00e7\u00e3o do referido projeto de decreto, deixando as portas abertas para atos arbitr\u00e1rios contra aqueles que usam os protestos e as mobiliza\u00e7\u00f5es como um direito leg\u00edtimo de materializar suas demandas.<\/p>\n<p>Saiba mais em:<a href=\"https:\/\/lasillavacia.com\/duque-planea-decreto-prevenir-radicalizacion-sin-decir-eso-79525\" target=\"_blank\" rel=\"noopener\"> Duque planeja um decreto para prevenir a \u201cradicaliza\u00e7\u00e3o\u201d sem dizer o que isso significa<\/a><\/p>\n<p>Outro foco de criminaliza\u00e7\u00e3o que vem ocorrendo \u00e9 o que vai contra os protestos e as lideran\u00e7as sociais, com a pris\u00e3o arbitr\u00e1ria de pessoas e l\u00edderes de movimentos sociais, situa\u00e7\u00e3o que vem se agravando desde 21 de novembro de 2019, como comprovado por fatos distintos, que foram tornados p\u00fablicos pela a\u00e7\u00e3o da m\u00eddia e as intera\u00e7\u00f5es em redes sociais. Por fim, h\u00e1 alguns dias, o embaixador da Alemanha na Col\u00f4mbia, Peter Ptassek, denunciou em seu Twitter a pris\u00e3o arbitr\u00e1ria de tr\u00eas integrantes do Congresso dos Povos, um movimento pol\u00edtico e social que re\u00fane diferentes setores e atores sociais rurais, de descend\u00eancia africana e de camponeses.<\/p>\n<hr \/>\n<p>&nbsp;<\/p>\n<p><em>Traduzido do espanhol por Jos\u00e9 Luiz Corr\u00eaa \/ Revisado por Gra\u00e7a Pinheiro<\/em><\/p>\n","protected":false},"excerpt":{"rendered":"<p>Por: Zenaida Espinosa Cabrera Chegamos ao ocaso do ano de 2020. Com ele se encerra um ano carregado de dor para a Col\u00f4mbia. Um ano em que assassinatos e massacres foram not\u00edcias di\u00e1rias, remontando a um passado que se acreditava&hellip;<\/p>\n","protected":false},"author":1053,"featured_media":1266187,"comment_status":"closed","ping_status":"closed","sticky":false,"template":"","format":"standard","meta":{"footnotes":""},"categories":[104,11390,116],"tags":[21538,5861,85975,975],"class_list":["post-1274815","post","type-post","status-publish","format-standard","has-post-thumbnail","hentry","category-america-do-sul","category-conteudo-original","category-direitos-humanos","tag-assassinato","tag-colombia-pt-pt","tag-esquivar","tag-paz-pt-pt"],"yoast_head":"<!-- This site is optimized with the Yoast SEO plugin v27.1.1 - https:\/\/yoast.com\/product\/yoast-seo-wordpress\/ -->\n<title>O Escorregadio Processo de Paz na Col\u00f4mbia<\/title>\n<meta name=\"description\" content=\"Por: Zenaida Espinosa Cabrera Chegamos ao ocaso do ano de 2020. Com ele se encerra um ano carregado de dor para a Col\u00f4mbia. Um ano em que assassinatos e\" \/>\n<meta name=\"robots\" content=\"index, follow, max-snippet:-1, max-image-preview:large, max-video-preview:-1\" \/>\n<link rel=\"canonical\" href=\"https:\/\/www.pressenza.com\/pt-pt\/2021\/01\/o-escorregadio-processo-de-paz-na-colombia\/\" \/>\n<meta property=\"og:locale\" content=\"pt_PT\" \/>\n<meta property=\"og:type\" content=\"article\" \/>\n<meta property=\"og:title\" content=\"O Escorregadio Processo de Paz na Col\u00f4mbia\" \/>\n<meta property=\"og:description\" content=\"Por: Zenaida Espinosa Cabrera Chegamos ao ocaso do ano de 2020. Com ele se encerra um ano carregado de dor para a Col\u00f4mbia. Um ano em que assassinatos e\" \/>\n<meta property=\"og:url\" content=\"https:\/\/www.pressenza.com\/pt-pt\/2021\/01\/o-escorregadio-processo-de-paz-na-colombia\/\" \/>\n<meta property=\"og:site_name\" content=\"Pressenza\" \/>\n<meta property=\"article:publisher\" content=\"https:\/\/www.facebook.com\/PressenzaItalia\" \/>\n<meta property=\"article:published_time\" content=\"2021-01-08T20:21:49+00:00\" \/>\n<meta property=\"og:image\" content=\"https:\/\/www.pressenza.com\/wp-content\/uploads\/2020\/12\/Stephania_Aldana.jpg\" \/>\n\t<meta property=\"og:image:width\" content=\"1152\" \/>\n\t<meta property=\"og:image:height\" content=\"864\" \/>\n\t<meta property=\"og:image:type\" content=\"image\/jpeg\" \/>\n<meta name=\"author\" content=\"Redacci\u00f3n Colombia\" \/>\n<meta name=\"twitter:card\" content=\"summary_large_image\" \/>\n<meta name=\"twitter:creator\" content=\"@PressenzaIPA\" \/>\n<meta name=\"twitter:site\" content=\"@PressenzaIPA\" \/>\n<meta name=\"twitter:label1\" content=\"Escrito por\" \/>\n\t<meta name=\"twitter:data1\" content=\"Redacci\u00f3n Colombia\" \/>\n\t<meta name=\"twitter:label2\" content=\"Tempo estimado de leitura\" \/>\n\t<meta name=\"twitter:data2\" content=\"6 minutos\" \/>\n<script type=\"application\/ld+json\" class=\"yoast-schema-graph\">{\"@context\":\"https:\/\/schema.org\",\"@graph\":[{\"@type\":\"Article\",\"@id\":\"https:\/\/www.pressenza.com\/pt-pt\/2021\/01\/o-escorregadio-processo-de-paz-na-colombia\/#article\",\"isPartOf\":{\"@id\":\"https:\/\/www.pressenza.com\/pt-pt\/2021\/01\/o-escorregadio-processo-de-paz-na-colombia\/\"},\"author\":{\"name\":\"Redacci\u00f3n Colombia\",\"@id\":\"https:\/\/www.pressenza.com\/pt-pt\/#\/schema\/person\/7c8ee170a4502d638436c91e385315f2\"},\"headline\":\"O Escorregadio Processo de Paz na Col\u00f4mbia\",\"datePublished\":\"2021-01-08T20:21:49+00:00\",\"mainEntityOfPage\":{\"@id\":\"https:\/\/www.pressenza.com\/pt-pt\/2021\/01\/o-escorregadio-processo-de-paz-na-colombia\/\"},\"wordCount\":1256,\"publisher\":{\"@id\":\"https:\/\/www.pressenza.com\/pt-pt\/#organization\"},\"image\":{\"@id\":\"https:\/\/www.pressenza.com\/pt-pt\/2021\/01\/o-escorregadio-processo-de-paz-na-colombia\/#primaryimage\"},\"thumbnailUrl\":\"https:\/\/www.pressenza.com\/wp-content\/uploads\/2020\/12\/Stephania_Aldana.jpg\",\"keywords\":[\"assassinato\",\"Colombia\",\"Esquivar\",\"Paz\"],\"articleSection\":[\"\u00c1m\u00e9rica do Sul\",\"Conte\u00fado Original\",\"Direitos Humanos\"],\"inLanguage\":\"pt-PT\"},{\"@type\":\"WebPage\",\"@id\":\"https:\/\/www.pressenza.com\/pt-pt\/2021\/01\/o-escorregadio-processo-de-paz-na-colombia\/\",\"url\":\"https:\/\/www.pressenza.com\/pt-pt\/2021\/01\/o-escorregadio-processo-de-paz-na-colombia\/\",\"name\":\"O Escorregadio Processo de Paz na Col\u00f4mbia\",\"isPartOf\":{\"@id\":\"https:\/\/www.pressenza.com\/pt-pt\/#website\"},\"primaryImageOfPage\":{\"@id\":\"https:\/\/www.pressenza.com\/pt-pt\/2021\/01\/o-escorregadio-processo-de-paz-na-colombia\/#primaryimage\"},\"image\":{\"@id\":\"https:\/\/www.pressenza.com\/pt-pt\/2021\/01\/o-escorregadio-processo-de-paz-na-colombia\/#primaryimage\"},\"thumbnailUrl\":\"https:\/\/www.pressenza.com\/wp-content\/uploads\/2020\/12\/Stephania_Aldana.jpg\",\"datePublished\":\"2021-01-08T20:21:49+00:00\",\"description\":\"Por: Zenaida Espinosa Cabrera Chegamos ao ocaso do ano de 2020. Com ele se encerra um ano carregado de dor para a Col\u00f4mbia. Um ano em que assassinatos e\",\"breadcrumb\":{\"@id\":\"https:\/\/www.pressenza.com\/pt-pt\/2021\/01\/o-escorregadio-processo-de-paz-na-colombia\/#breadcrumb\"},\"inLanguage\":\"pt-PT\",\"potentialAction\":[{\"@type\":\"ReadAction\",\"target\":[\"https:\/\/www.pressenza.com\/pt-pt\/2021\/01\/o-escorregadio-processo-de-paz-na-colombia\/\"]}]},{\"@type\":\"ImageObject\",\"inLanguage\":\"pt-PT\",\"@id\":\"https:\/\/www.pressenza.com\/pt-pt\/2021\/01\/o-escorregadio-processo-de-paz-na-colombia\/#primaryimage\",\"url\":\"https:\/\/www.pressenza.com\/wp-content\/uploads\/2020\/12\/Stephania_Aldana.jpg\",\"contentUrl\":\"https:\/\/www.pressenza.com\/wp-content\/uploads\/2020\/12\/Stephania_Aldana.jpg\",\"width\":1152,\"height\":864,\"caption\":\"El esquivo proceso de paz en Colombia\"},{\"@type\":\"BreadcrumbList\",\"@id\":\"https:\/\/www.pressenza.com\/pt-pt\/2021\/01\/o-escorregadio-processo-de-paz-na-colombia\/#breadcrumb\",\"itemListElement\":[{\"@type\":\"ListItem\",\"position\":1,\"name\":\"Accueil\",\"item\":\"https:\/\/www.pressenza.com\/pt-pt\/\"},{\"@type\":\"ListItem\",\"position\":2,\"name\":\"O Escorregadio Processo de Paz na Col\u00f4mbia\"}]},{\"@type\":\"WebSite\",\"@id\":\"https:\/\/www.pressenza.com\/pt-pt\/#website\",\"url\":\"https:\/\/www.pressenza.com\/pt-pt\/\",\"name\":\"Pressenza\",\"description\":\"International Press Agency\",\"publisher\":{\"@id\":\"https:\/\/www.pressenza.com\/pt-pt\/#organization\"},\"potentialAction\":[{\"@type\":\"SearchAction\",\"target\":{\"@type\":\"EntryPoint\",\"urlTemplate\":\"https:\/\/www.pressenza.com\/pt-pt\/?s={search_term_string}\"},\"query-input\":{\"@type\":\"PropertyValueSpecification\",\"valueRequired\":true,\"valueName\":\"search_term_string\"}}],\"inLanguage\":\"pt-PT\"},{\"@type\":\"Organization\",\"@id\":\"https:\/\/www.pressenza.com\/pt-pt\/#organization\",\"name\":\"Pressenza\",\"url\":\"https:\/\/www.pressenza.com\/pt-pt\/\",\"logo\":{\"@type\":\"ImageObject\",\"inLanguage\":\"pt-PT\",\"@id\":\"https:\/\/www.pressenza.com\/pt-pt\/#\/schema\/logo\/image\/\",\"url\":\"https:\/\/www.pressenza.com\/wp-content\/uploads\/2022\/10\/pressenza_logo_200x200.jpg\",\"contentUrl\":\"https:\/\/www.pressenza.com\/wp-content\/uploads\/2022\/10\/pressenza_logo_200x200.jpg\",\"width\":200,\"height\":200,\"caption\":\"Pressenza\"},\"image\":{\"@id\":\"https:\/\/www.pressenza.com\/pt-pt\/#\/schema\/logo\/image\/\"},\"sameAs\":[\"https:\/\/www.facebook.com\/PressenzaItalia\",\"https:\/\/x.com\/PressenzaIPA\"]},{\"@type\":\"Person\",\"@id\":\"https:\/\/www.pressenza.com\/pt-pt\/#\/schema\/person\/7c8ee170a4502d638436c91e385315f2\",\"name\":\"Redacci\u00f3n Colombia\",\"description\":\"News published by the Pressenza bureau in Colombia\",\"url\":\"https:\/\/www.pressenza.com\/pt-pt\/author\/redaccion-colombia\/\"}]}<\/script>\n<!-- \/ Yoast SEO plugin. -->","yoast_head_json":{"title":"O Escorregadio Processo de Paz na Col\u00f4mbia","description":"Por: Zenaida Espinosa Cabrera Chegamos ao ocaso do ano de 2020. Com ele se encerra um ano carregado de dor para a Col\u00f4mbia. Um ano em que assassinatos e","robots":{"index":"index","follow":"follow","max-snippet":"max-snippet:-1","max-image-preview":"max-image-preview:large","max-video-preview":"max-video-preview:-1"},"canonical":"https:\/\/www.pressenza.com\/pt-pt\/2021\/01\/o-escorregadio-processo-de-paz-na-colombia\/","og_locale":"pt_PT","og_type":"article","og_title":"O Escorregadio Processo de Paz na Col\u00f4mbia","og_description":"Por: Zenaida Espinosa Cabrera Chegamos ao ocaso do ano de 2020. Com ele se encerra um ano carregado de dor para a Col\u00f4mbia. Um ano em que assassinatos e","og_url":"https:\/\/www.pressenza.com\/pt-pt\/2021\/01\/o-escorregadio-processo-de-paz-na-colombia\/","og_site_name":"Pressenza","article_publisher":"https:\/\/www.facebook.com\/PressenzaItalia","article_published_time":"2021-01-08T20:21:49+00:00","og_image":[{"width":1152,"height":864,"url":"https:\/\/www.pressenza.com\/wp-content\/uploads\/2020\/12\/Stephania_Aldana.jpg","type":"image\/jpeg"}],"author":"Redacci\u00f3n Colombia","twitter_card":"summary_large_image","twitter_creator":"@PressenzaIPA","twitter_site":"@PressenzaIPA","twitter_misc":{"Escrito por":"Redacci\u00f3n Colombia","Tempo estimado de leitura":"6 minutos"},"schema":{"@context":"https:\/\/schema.org","@graph":[{"@type":"Article","@id":"https:\/\/www.pressenza.com\/pt-pt\/2021\/01\/o-escorregadio-processo-de-paz-na-colombia\/#article","isPartOf":{"@id":"https:\/\/www.pressenza.com\/pt-pt\/2021\/01\/o-escorregadio-processo-de-paz-na-colombia\/"},"author":{"name":"Redacci\u00f3n Colombia","@id":"https:\/\/www.pressenza.com\/pt-pt\/#\/schema\/person\/7c8ee170a4502d638436c91e385315f2"},"headline":"O Escorregadio Processo de Paz na Col\u00f4mbia","datePublished":"2021-01-08T20:21:49+00:00","mainEntityOfPage":{"@id":"https:\/\/www.pressenza.com\/pt-pt\/2021\/01\/o-escorregadio-processo-de-paz-na-colombia\/"},"wordCount":1256,"publisher":{"@id":"https:\/\/www.pressenza.com\/pt-pt\/#organization"},"image":{"@id":"https:\/\/www.pressenza.com\/pt-pt\/2021\/01\/o-escorregadio-processo-de-paz-na-colombia\/#primaryimage"},"thumbnailUrl":"https:\/\/www.pressenza.com\/wp-content\/uploads\/2020\/12\/Stephania_Aldana.jpg","keywords":["assassinato","Colombia","Esquivar","Paz"],"articleSection":["\u00c1m\u00e9rica do Sul","Conte\u00fado Original","Direitos Humanos"],"inLanguage":"pt-PT"},{"@type":"WebPage","@id":"https:\/\/www.pressenza.com\/pt-pt\/2021\/01\/o-escorregadio-processo-de-paz-na-colombia\/","url":"https:\/\/www.pressenza.com\/pt-pt\/2021\/01\/o-escorregadio-processo-de-paz-na-colombia\/","name":"O Escorregadio Processo de Paz na Col\u00f4mbia","isPartOf":{"@id":"https:\/\/www.pressenza.com\/pt-pt\/#website"},"primaryImageOfPage":{"@id":"https:\/\/www.pressenza.com\/pt-pt\/2021\/01\/o-escorregadio-processo-de-paz-na-colombia\/#primaryimage"},"image":{"@id":"https:\/\/www.pressenza.com\/pt-pt\/2021\/01\/o-escorregadio-processo-de-paz-na-colombia\/#primaryimage"},"thumbnailUrl":"https:\/\/www.pressenza.com\/wp-content\/uploads\/2020\/12\/Stephania_Aldana.jpg","datePublished":"2021-01-08T20:21:49+00:00","description":"Por: Zenaida Espinosa Cabrera Chegamos ao ocaso do ano de 2020. Com ele se encerra um ano carregado de dor para a Col\u00f4mbia. Um ano em que assassinatos e","breadcrumb":{"@id":"https:\/\/www.pressenza.com\/pt-pt\/2021\/01\/o-escorregadio-processo-de-paz-na-colombia\/#breadcrumb"},"inLanguage":"pt-PT","potentialAction":[{"@type":"ReadAction","target":["https:\/\/www.pressenza.com\/pt-pt\/2021\/01\/o-escorregadio-processo-de-paz-na-colombia\/"]}]},{"@type":"ImageObject","inLanguage":"pt-PT","@id":"https:\/\/www.pressenza.com\/pt-pt\/2021\/01\/o-escorregadio-processo-de-paz-na-colombia\/#primaryimage","url":"https:\/\/www.pressenza.com\/wp-content\/uploads\/2020\/12\/Stephania_Aldana.jpg","contentUrl":"https:\/\/www.pressenza.com\/wp-content\/uploads\/2020\/12\/Stephania_Aldana.jpg","width":1152,"height":864,"caption":"El esquivo proceso de paz en Colombia"},{"@type":"BreadcrumbList","@id":"https:\/\/www.pressenza.com\/pt-pt\/2021\/01\/o-escorregadio-processo-de-paz-na-colombia\/#breadcrumb","itemListElement":[{"@type":"ListItem","position":1,"name":"Accueil","item":"https:\/\/www.pressenza.com\/pt-pt\/"},{"@type":"ListItem","position":2,"name":"O Escorregadio Processo de Paz na Col\u00f4mbia"}]},{"@type":"WebSite","@id":"https:\/\/www.pressenza.com\/pt-pt\/#website","url":"https:\/\/www.pressenza.com\/pt-pt\/","name":"Pressenza","description":"International Press Agency","publisher":{"@id":"https:\/\/www.pressenza.com\/pt-pt\/#organization"},"potentialAction":[{"@type":"SearchAction","target":{"@type":"EntryPoint","urlTemplate":"https:\/\/www.pressenza.com\/pt-pt\/?s={search_term_string}"},"query-input":{"@type":"PropertyValueSpecification","valueRequired":true,"valueName":"search_term_string"}}],"inLanguage":"pt-PT"},{"@type":"Organization","@id":"https:\/\/www.pressenza.com\/pt-pt\/#organization","name":"Pressenza","url":"https:\/\/www.pressenza.com\/pt-pt\/","logo":{"@type":"ImageObject","inLanguage":"pt-PT","@id":"https:\/\/www.pressenza.com\/pt-pt\/#\/schema\/logo\/image\/","url":"https:\/\/www.pressenza.com\/wp-content\/uploads\/2022\/10\/pressenza_logo_200x200.jpg","contentUrl":"https:\/\/www.pressenza.com\/wp-content\/uploads\/2022\/10\/pressenza_logo_200x200.jpg","width":200,"height":200,"caption":"Pressenza"},"image":{"@id":"https:\/\/www.pressenza.com\/pt-pt\/#\/schema\/logo\/image\/"},"sameAs":["https:\/\/www.facebook.com\/PressenzaItalia","https:\/\/x.com\/PressenzaIPA"]},{"@type":"Person","@id":"https:\/\/www.pressenza.com\/pt-pt\/#\/schema\/person\/7c8ee170a4502d638436c91e385315f2","name":"Redacci\u00f3n Colombia","description":"News published by the Pressenza bureau in Colombia","url":"https:\/\/www.pressenza.com\/pt-pt\/author\/redaccion-colombia\/"}]}},"place":"Bogot\u00e1","original_article_url":"","_links":{"self":[{"href":"https:\/\/www.pressenza.com\/pt-pt\/wp-json\/wp\/v2\/posts\/1274815","targetHints":{"allow":["GET"]}}],"collection":[{"href":"https:\/\/www.pressenza.com\/pt-pt\/wp-json\/wp\/v2\/posts"}],"about":[{"href":"https:\/\/www.pressenza.com\/pt-pt\/wp-json\/wp\/v2\/types\/post"}],"author":[{"embeddable":true,"href":"https:\/\/www.pressenza.com\/pt-pt\/wp-json\/wp\/v2\/users\/1053"}],"replies":[{"embeddable":true,"href":"https:\/\/www.pressenza.com\/pt-pt\/wp-json\/wp\/v2\/comments?post=1274815"}],"version-history":[{"count":0,"href":"https:\/\/www.pressenza.com\/pt-pt\/wp-json\/wp\/v2\/posts\/1274815\/revisions"}],"wp:featuredmedia":[{"embeddable":true,"href":"https:\/\/www.pressenza.com\/pt-pt\/wp-json\/wp\/v2\/media\/1266187"}],"wp:attachment":[{"href":"https:\/\/www.pressenza.com\/pt-pt\/wp-json\/wp\/v2\/media?parent=1274815"}],"wp:term":[{"taxonomy":"category","embeddable":true,"href":"https:\/\/www.pressenza.com\/pt-pt\/wp-json\/wp\/v2\/categories?post=1274815"},{"taxonomy":"post_tag","embeddable":true,"href":"https:\/\/www.pressenza.com\/pt-pt\/wp-json\/wp\/v2\/tags?post=1274815"}],"curies":[{"name":"wp","href":"https:\/\/api.w.org\/{rel}","templated":true}]}}