{"id":1273685,"date":"2021-01-07T01:56:30","date_gmt":"2021-01-07T01:56:30","guid":{"rendered":"https:\/\/www.pressenza.com\/?p=1273685"},"modified":"2021-01-07T01:56:30","modified_gmt":"2021-01-07T01:56:30","slug":"em-washington-d-c-apoiadores-de-trump-desferem-ataque-violento","status":"publish","type":"post","link":"https:\/\/www.pressenza.com\/pt-pt\/2021\/01\/em-washington-d-c-apoiadores-de-trump-desferem-ataque-violento\/","title":{"rendered":"Em Washington, D.C., apoiadores de Trump desferem ataque violento"},"content":{"rendered":"<p>Come\u00e7aram a chegar mensagens do nosso amigo e correspondente Patricio Zamorano, em Washington, alarmado com o ataque violento de apoiadores de Trump ao pr\u00e9dio do congresso estadunidense, enquanto o Congresso dos EUA tentava validar formalmente a vit\u00f3ria eleitoral de Joe Biden.<\/p>\n<p>A not\u00edcia pipocou momentos depois que a tropa de choque da pol\u00edcia teve que usar g\u00e1s lacrimog\u00eaneo para dispersar os milhares de manifestantes que conseguiram se aproximar do Capit\u00f3lio e violaram a seguran\u00e7a do Congresso.<\/p>\n<p>Naquele exato instante, pensamos que est\u00e1vamos fazendo alguma confus\u00e3o. <em>N\u00e3o<\/em> <em>deveriam ser os supostos campe\u00f5es da democracia<\/em>, aqueles que costumam invadir os pa\u00edses dos outros e promover golpes de Estado para \u201cgarantir a democracia?\u201d Comentamos com v\u00e1rios colegas que se essas cenas estivessem acontecendo em qualquer pa\u00eds do nosso continente \u2013 tomemos, por exemplo, a Venezuela \u2013 a OEA teria emitido imediatamente um comunicado oficial condenando tal atitude.<\/p>\n<p>Passado o impacto dos momentos iniciais, fomos direto para as mensagens que descreviam que o debate que est\u00e1 sendo realizado pelo Senado dos Estados Unidos sobre uma poss\u00edvel obje\u00e7\u00e3o aos resultados das elei\u00e7\u00f5es presidenciais, vencidas pelo democrata Joe Biden, teve que ser suspenso, quando milhares de apoiadores do presidente Donald Trump se aproximaram do Capit\u00f3lio. Estavam camuflados, com os rostos pintados, portando bandeiras, usando chap\u00e9us de vaqueiro e at\u00e9 mesmo armados e conseguiram entrar depois de entrar em conflito com policiais de choque, obrigando a pol\u00edcia a fechar o edif\u00edcio.<\/p>\n<p>Os manifestantes jogaram usaram as cercas de metal para jogar contra os policiais, que responderam \u00e0s agress\u00f5es com g\u00e1s lacrimog\u00eaneo, como se fossem protestos de rua latino-americanos. A manifesta\u00e7\u00e3o, nesse caso, foi promovida por aqueles que procuram expressar seu apoio a Trump, na luta contra a fraude eleitoral alegada, mas n\u00e3o comprovada. A situa\u00e7\u00e3o se tornou especialmente violenta depois que o presidente se dirigiu a seus seguidores usando a sua rede social, fazendo acusa\u00e7\u00f5es de que as elei\u00e7\u00f5es haviam sido roubadas e reafirmando que ele n\u00e3o reconheceria a sua derrota nas urnas.<\/p>\n<p>Cego, disposto a pagar o maior mico da hist\u00f3ria, completamente irracional e seguido por um grande grupo de pessoas fan\u00e1ticas com quem seria imposs\u00edvel dialogar. V\u00e1rios pr\u00e9dios de escrit\u00f3rios do Congresso tiveram que ser evacuados, antes que a sess\u00e3o fosse suspensa. \u201cAcabei de ter que evacuar a minha sala de trabalho em Cannon\u201d, disse a deputada republicana Nancy Mace em uma mensagem. \u201cAcabamos de testemunhar os manifestantes atacando a pol\u00edcia do Capit\u00f3lio\u201d. \u201cIsso est\u00e1 errado. Isso n\u00e3o \u00e9 o que somos\u201d, acrescentou a congressista.<\/p>\n<p>Grupos de pessoas exaltadas foram se aproximando das portas de entrada da C\u00e2mara dos Deputados, tentando derrub\u00e1-las para entrar no pr\u00e9dio do Congresso. Alguns desses manifestantes sacaram suas armas em meio a cenas ca\u00f3ticas que for\u00e7aram a prefeita de Washington, Muriel Bowser, a declarar toque de recolher a partir das 18h para tentar acalmar a situa\u00e7\u00e3o.<\/p>\n<p>Ocorre que uma mulher j\u00e1 foi baleada no peito e teve que ser transferida \u00e0s pressas para um hospital, em estado grave. Policiais sacaram suas armas supostamente para proteger os congressistas que ainda estavam no interior do pr\u00e9dio. A Casa Branca enviou as for\u00e7as da Guarda Nacional para ajudar a restabelecer a ordem.<\/p>\n<p>Um caos. Com a eclos\u00e3o dos dist\u00farbios, para piorar a situa\u00e7\u00e3o, Donald Trump culpou o seu vice-presidente Mike Pence atrav\u00e9s dos meios de comunica\u00e7\u00e3o social, porque Pence teria se recusado a se opor \u00e0 certifica\u00e7\u00e3o do Congresso sobre a vit\u00f3ria eleitoral do democrata Joe Biden.<\/p>\n<p>\u201cMike Pence n\u00e3o teve a coragem de fazer o que deveria ter sido feito para proteger nosso pa\u00eds e nossa Constitui\u00e7\u00e3o\u201d, tuitou Trump. \u201cOs Estados Unidos da Am\u00e9rica exigem a verdade!\u201d Acabou que essa foi a senha para incitar os seus seguidores a se manifestarem.<\/p>\n<p>Ao fechar esta nota, soubemos das primeiras declara\u00e7\u00f5es de Joe Biden sobre o ataque de apoiadores de Trump ao Capit\u00f3lio, nas quais ele observa que: \u201cIsso n\u00e3o \u00e9 um protesto, \u00e9 uma insurrei\u00e7\u00e3o\u201d.<\/p>\n<hr \/>\n<p><em>Traduzido do espanhol por Jos\u00e9 Luiz Corr\u00eaa \/\u00a0Revisado por Gra\u00e7a Pinheiro<\/em><\/p>\n","protected":false},"excerpt":{"rendered":"<p>Come\u00e7aram a chegar mensagens do nosso amigo e correspondente Patricio Zamorano, em Washington, alarmado com o ataque violento de apoiadores de Trump ao pr\u00e9dio do congresso estadunidense, enquanto o Congresso dos EUA tentava validar formalmente a vit\u00f3ria eleitoral de Joe&hellip;<\/p>\n","protected":false},"author":22,"featured_media":1273616,"comment_status":"closed","ping_status":"closed","sticky":false,"template":"","format":"standard","meta":{"footnotes":""},"categories":[105,11390,111],"tags":[85918,34626,82368,85919],"class_list":["post-1273685","post","type-post","status-publish","format-standard","has-post-thumbnail","hentry","category-america-do-norte","category-conteudo-original","category-politica-pt-pt","tag-d-c","tag-donald-trump-pt","tag-joe-biden-pt-pt","tag-washington-pt-pt"],"yoast_head":"<!-- This site is optimized with the Yoast SEO plugin v27.1.1 - https:\/\/yoast.com\/product\/yoast-seo-wordpress\/ -->\n<title>Em Washington, D.C., apoiadores de Trump desferem ataque violento<\/title>\n<meta name=\"description\" content=\"Come\u00e7aram a chegar mensagens do nosso amigo e correspondente Patricio Zamorano, em Washington, alarmado com o ataque violento de apoiadores de Trump ao\" \/>\n<meta name=\"robots\" content=\"index, follow, max-snippet:-1, max-image-preview:large, max-video-preview:-1\" \/>\n<link rel=\"canonical\" href=\"https:\/\/www.pressenza.com\/pt-pt\/2021\/01\/em-washington-d-c-apoiadores-de-trump-desferem-ataque-violento\/\" \/>\n<meta property=\"og:locale\" content=\"pt_PT\" \/>\n<meta property=\"og:type\" content=\"article\" \/>\n<meta property=\"og:title\" content=\"Em Washington, D.C., apoiadores de Trump desferem ataque violento\" \/>\n<meta property=\"og:description\" content=\"Come\u00e7aram a chegar mensagens do nosso amigo e correspondente Patricio Zamorano, em Washington, alarmado com o ataque violento de apoiadores de Trump ao\" \/>\n<meta property=\"og:url\" content=\"https:\/\/www.pressenza.com\/pt-pt\/2021\/01\/em-washington-d-c-apoiadores-de-trump-desferem-ataque-violento\/\" \/>\n<meta property=\"og:site_name\" content=\"Pressenza\" \/>\n<meta property=\"article:publisher\" content=\"https:\/\/www.facebook.com\/PressenzaItalia\" \/>\n<meta property=\"article:author\" content=\"https:\/\/www.facebook.com\/pia.figueroa?ref=tn_tnmn\" \/>\n<meta property=\"article:published_time\" content=\"2021-01-07T01:56:30+00:00\" \/>\n<meta property=\"og:image\" content=\"https:\/\/www.pressenza.com\/wp-content\/uploads\/2021\/01\/ErFFBraXEAMocp9.jpeg\" \/>\n\t<meta property=\"og:image:width\" content=\"1280\" \/>\n\t<meta property=\"og:image:height\" content=\"853\" \/>\n\t<meta property=\"og:image:type\" content=\"image\/jpeg\" \/>\n<meta name=\"author\" content=\"P\u00eda Figueroa\" \/>\n<meta name=\"twitter:card\" content=\"summary_large_image\" \/>\n<meta name=\"twitter:creator\" content=\"@piafigueroa\" \/>\n<meta name=\"twitter:site\" content=\"@PressenzaIPA\" \/>\n<meta name=\"twitter:label1\" content=\"Escrito por\" \/>\n\t<meta name=\"twitter:data1\" content=\"P\u00eda Figueroa\" \/>\n\t<meta name=\"twitter:label2\" content=\"Tempo estimado de leitura\" \/>\n\t<meta name=\"twitter:data2\" content=\"4 minutos\" \/>\n<script type=\"application\/ld+json\" class=\"yoast-schema-graph\">{\"@context\":\"https:\/\/schema.org\",\"@graph\":[{\"@type\":\"Article\",\"@id\":\"https:\/\/www.pressenza.com\/pt-pt\/2021\/01\/em-washington-d-c-apoiadores-de-trump-desferem-ataque-violento\/#article\",\"isPartOf\":{\"@id\":\"https:\/\/www.pressenza.com\/pt-pt\/2021\/01\/em-washington-d-c-apoiadores-de-trump-desferem-ataque-violento\/\"},\"author\":{\"name\":\"P\u00eda Figueroa\",\"@id\":\"https:\/\/www.pressenza.com\/pt-pt\/#\/schema\/person\/8bb53ec73ef39ceec36ca0128a0ccd41\"},\"headline\":\"Em Washington, D.C., apoiadores de Trump desferem ataque violento\",\"datePublished\":\"2021-01-07T01:56:30+00:00\",\"mainEntityOfPage\":{\"@id\":\"https:\/\/www.pressenza.com\/pt-pt\/2021\/01\/em-washington-d-c-apoiadores-de-trump-desferem-ataque-violento\/\"},\"wordCount\":724,\"publisher\":{\"@id\":\"https:\/\/www.pressenza.com\/pt-pt\/#organization\"},\"image\":{\"@id\":\"https:\/\/www.pressenza.com\/pt-pt\/2021\/01\/em-washington-d-c-apoiadores-de-trump-desferem-ataque-violento\/#primaryimage\"},\"thumbnailUrl\":\"https:\/\/www.pressenza.com\/wp-content\/uploads\/2021\/01\/ErFFBraXEAMocp9.jpeg\",\"keywords\":[\"D.C.\",\"Donald Trump\",\"Joe Biden\",\"Washington\"],\"articleSection\":[\"Am\u00e9rica do Norte\",\"Conte\u00fado Original\",\"Pol\u00edtica\"],\"inLanguage\":\"pt-PT\"},{\"@type\":\"WebPage\",\"@id\":\"https:\/\/www.pressenza.com\/pt-pt\/2021\/01\/em-washington-d-c-apoiadores-de-trump-desferem-ataque-violento\/\",\"url\":\"https:\/\/www.pressenza.com\/pt-pt\/2021\/01\/em-washington-d-c-apoiadores-de-trump-desferem-ataque-violento\/\",\"name\":\"Em Washington, D.C., apoiadores de Trump desferem ataque violento\",\"isPartOf\":{\"@id\":\"https:\/\/www.pressenza.com\/pt-pt\/#website\"},\"primaryImageOfPage\":{\"@id\":\"https:\/\/www.pressenza.com\/pt-pt\/2021\/01\/em-washington-d-c-apoiadores-de-trump-desferem-ataque-violento\/#primaryimage\"},\"image\":{\"@id\":\"https:\/\/www.pressenza.com\/pt-pt\/2021\/01\/em-washington-d-c-apoiadores-de-trump-desferem-ataque-violento\/#primaryimage\"},\"thumbnailUrl\":\"https:\/\/www.pressenza.com\/wp-content\/uploads\/2021\/01\/ErFFBraXEAMocp9.jpeg\",\"datePublished\":\"2021-01-07T01:56:30+00:00\",\"description\":\"Come\u00e7aram a chegar mensagens do nosso amigo e correspondente Patricio Zamorano, em Washington, alarmado com o ataque violento de apoiadores de Trump ao\",\"breadcrumb\":{\"@id\":\"https:\/\/www.pressenza.com\/pt-pt\/2021\/01\/em-washington-d-c-apoiadores-de-trump-desferem-ataque-violento\/#breadcrumb\"},\"inLanguage\":\"pt-PT\",\"potentialAction\":[{\"@type\":\"ReadAction\",\"target\":[\"https:\/\/www.pressenza.com\/pt-pt\/2021\/01\/em-washington-d-c-apoiadores-de-trump-desferem-ataque-violento\/\"]}]},{\"@type\":\"ImageObject\",\"inLanguage\":\"pt-PT\",\"@id\":\"https:\/\/www.pressenza.com\/pt-pt\/2021\/01\/em-washington-d-c-apoiadores-de-trump-desferem-ataque-violento\/#primaryimage\",\"url\":\"https:\/\/www.pressenza.com\/wp-content\/uploads\/2021\/01\/ErFFBraXEAMocp9.jpeg\",\"contentUrl\":\"https:\/\/www.pressenza.com\/wp-content\/uploads\/2021\/01\/ErFFBraXEAMocp9.jpeg\",\"width\":1280,\"height\":853,\"caption\":\"Twitter\"},{\"@type\":\"BreadcrumbList\",\"@id\":\"https:\/\/www.pressenza.com\/pt-pt\/2021\/01\/em-washington-d-c-apoiadores-de-trump-desferem-ataque-violento\/#breadcrumb\",\"itemListElement\":[{\"@type\":\"ListItem\",\"position\":1,\"name\":\"Accueil\",\"item\":\"https:\/\/www.pressenza.com\/pt-pt\/\"},{\"@type\":\"ListItem\",\"position\":2,\"name\":\"Em Washington, D.C., apoiadores de Trump desferem ataque violento\"}]},{\"@type\":\"WebSite\",\"@id\":\"https:\/\/www.pressenza.com\/pt-pt\/#website\",\"url\":\"https:\/\/www.pressenza.com\/pt-pt\/\",\"name\":\"Pressenza\",\"description\":\"International Press Agency\",\"publisher\":{\"@id\":\"https:\/\/www.pressenza.com\/pt-pt\/#organization\"},\"potentialAction\":[{\"@type\":\"SearchAction\",\"target\":{\"@type\":\"EntryPoint\",\"urlTemplate\":\"https:\/\/www.pressenza.com\/pt-pt\/?s={search_term_string}\"},\"query-input\":{\"@type\":\"PropertyValueSpecification\",\"valueRequired\":true,\"valueName\":\"search_term_string\"}}],\"inLanguage\":\"pt-PT\"},{\"@type\":\"Organization\",\"@id\":\"https:\/\/www.pressenza.com\/pt-pt\/#organization\",\"name\":\"Pressenza\",\"url\":\"https:\/\/www.pressenza.com\/pt-pt\/\",\"logo\":{\"@type\":\"ImageObject\",\"inLanguage\":\"pt-PT\",\"@id\":\"https:\/\/www.pressenza.com\/pt-pt\/#\/schema\/logo\/image\/\",\"url\":\"https:\/\/www.pressenza.com\/wp-content\/uploads\/2022\/10\/pressenza_logo_200x200.jpg\",\"contentUrl\":\"https:\/\/www.pressenza.com\/wp-content\/uploads\/2022\/10\/pressenza_logo_200x200.jpg\",\"width\":200,\"height\":200,\"caption\":\"Pressenza\"},\"image\":{\"@id\":\"https:\/\/www.pressenza.com\/pt-pt\/#\/schema\/logo\/image\/\"},\"sameAs\":[\"https:\/\/www.facebook.com\/PressenzaItalia\",\"https:\/\/x.com\/PressenzaIPA\"]},{\"@type\":\"Person\",\"@id\":\"https:\/\/www.pressenza.com\/pt-pt\/#\/schema\/person\/8bb53ec73ef39ceec36ca0128a0ccd41\",\"name\":\"P\u00eda Figueroa\",\"description\":\"Founder of Pressenza, life-long humanist, author of several monographs and books.\",\"sameAs\":[\"https:\/\/www.facebook.com\/pia.figueroa?ref=tn_tnmn\",\"https:\/\/x.com\/piafigueroa\"],\"url\":\"https:\/\/www.pressenza.com\/pt-pt\/author\/pia-figueroa\/\"}]}<\/script>\n<!-- \/ Yoast SEO plugin. -->","yoast_head_json":{"title":"Em Washington, D.C., apoiadores de Trump desferem ataque violento","description":"Come\u00e7aram a chegar mensagens do nosso amigo e correspondente Patricio Zamorano, em Washington, alarmado com o ataque violento de apoiadores de Trump ao","robots":{"index":"index","follow":"follow","max-snippet":"max-snippet:-1","max-image-preview":"max-image-preview:large","max-video-preview":"max-video-preview:-1"},"canonical":"https:\/\/www.pressenza.com\/pt-pt\/2021\/01\/em-washington-d-c-apoiadores-de-trump-desferem-ataque-violento\/","og_locale":"pt_PT","og_type":"article","og_title":"Em Washington, D.C., apoiadores de Trump desferem ataque violento","og_description":"Come\u00e7aram a chegar mensagens do nosso amigo e correspondente Patricio Zamorano, em Washington, alarmado com o ataque violento de apoiadores de Trump ao","og_url":"https:\/\/www.pressenza.com\/pt-pt\/2021\/01\/em-washington-d-c-apoiadores-de-trump-desferem-ataque-violento\/","og_site_name":"Pressenza","article_publisher":"https:\/\/www.facebook.com\/PressenzaItalia","article_author":"https:\/\/www.facebook.com\/pia.figueroa?ref=tn_tnmn","article_published_time":"2021-01-07T01:56:30+00:00","og_image":[{"width":1280,"height":853,"url":"https:\/\/www.pressenza.com\/wp-content\/uploads\/2021\/01\/ErFFBraXEAMocp9.jpeg","type":"image\/jpeg"}],"author":"P\u00eda Figueroa","twitter_card":"summary_large_image","twitter_creator":"@piafigueroa","twitter_site":"@PressenzaIPA","twitter_misc":{"Escrito por":"P\u00eda Figueroa","Tempo estimado de leitura":"4 minutos"},"schema":{"@context":"https:\/\/schema.org","@graph":[{"@type":"Article","@id":"https:\/\/www.pressenza.com\/pt-pt\/2021\/01\/em-washington-d-c-apoiadores-de-trump-desferem-ataque-violento\/#article","isPartOf":{"@id":"https:\/\/www.pressenza.com\/pt-pt\/2021\/01\/em-washington-d-c-apoiadores-de-trump-desferem-ataque-violento\/"},"author":{"name":"P\u00eda Figueroa","@id":"https:\/\/www.pressenza.com\/pt-pt\/#\/schema\/person\/8bb53ec73ef39ceec36ca0128a0ccd41"},"headline":"Em Washington, D.C., apoiadores de Trump desferem ataque violento","datePublished":"2021-01-07T01:56:30+00:00","mainEntityOfPage":{"@id":"https:\/\/www.pressenza.com\/pt-pt\/2021\/01\/em-washington-d-c-apoiadores-de-trump-desferem-ataque-violento\/"},"wordCount":724,"publisher":{"@id":"https:\/\/www.pressenza.com\/pt-pt\/#organization"},"image":{"@id":"https:\/\/www.pressenza.com\/pt-pt\/2021\/01\/em-washington-d-c-apoiadores-de-trump-desferem-ataque-violento\/#primaryimage"},"thumbnailUrl":"https:\/\/www.pressenza.com\/wp-content\/uploads\/2021\/01\/ErFFBraXEAMocp9.jpeg","keywords":["D.C.","Donald Trump","Joe Biden","Washington"],"articleSection":["Am\u00e9rica do Norte","Conte\u00fado Original","Pol\u00edtica"],"inLanguage":"pt-PT"},{"@type":"WebPage","@id":"https:\/\/www.pressenza.com\/pt-pt\/2021\/01\/em-washington-d-c-apoiadores-de-trump-desferem-ataque-violento\/","url":"https:\/\/www.pressenza.com\/pt-pt\/2021\/01\/em-washington-d-c-apoiadores-de-trump-desferem-ataque-violento\/","name":"Em Washington, D.C., apoiadores de Trump desferem ataque violento","isPartOf":{"@id":"https:\/\/www.pressenza.com\/pt-pt\/#website"},"primaryImageOfPage":{"@id":"https:\/\/www.pressenza.com\/pt-pt\/2021\/01\/em-washington-d-c-apoiadores-de-trump-desferem-ataque-violento\/#primaryimage"},"image":{"@id":"https:\/\/www.pressenza.com\/pt-pt\/2021\/01\/em-washington-d-c-apoiadores-de-trump-desferem-ataque-violento\/#primaryimage"},"thumbnailUrl":"https:\/\/www.pressenza.com\/wp-content\/uploads\/2021\/01\/ErFFBraXEAMocp9.jpeg","datePublished":"2021-01-07T01:56:30+00:00","description":"Come\u00e7aram a chegar mensagens do nosso amigo e correspondente Patricio Zamorano, em Washington, alarmado com o ataque violento de apoiadores de Trump ao","breadcrumb":{"@id":"https:\/\/www.pressenza.com\/pt-pt\/2021\/01\/em-washington-d-c-apoiadores-de-trump-desferem-ataque-violento\/#breadcrumb"},"inLanguage":"pt-PT","potentialAction":[{"@type":"ReadAction","target":["https:\/\/www.pressenza.com\/pt-pt\/2021\/01\/em-washington-d-c-apoiadores-de-trump-desferem-ataque-violento\/"]}]},{"@type":"ImageObject","inLanguage":"pt-PT","@id":"https:\/\/www.pressenza.com\/pt-pt\/2021\/01\/em-washington-d-c-apoiadores-de-trump-desferem-ataque-violento\/#primaryimage","url":"https:\/\/www.pressenza.com\/wp-content\/uploads\/2021\/01\/ErFFBraXEAMocp9.jpeg","contentUrl":"https:\/\/www.pressenza.com\/wp-content\/uploads\/2021\/01\/ErFFBraXEAMocp9.jpeg","width":1280,"height":853,"caption":"Twitter"},{"@type":"BreadcrumbList","@id":"https:\/\/www.pressenza.com\/pt-pt\/2021\/01\/em-washington-d-c-apoiadores-de-trump-desferem-ataque-violento\/#breadcrumb","itemListElement":[{"@type":"ListItem","position":1,"name":"Accueil","item":"https:\/\/www.pressenza.com\/pt-pt\/"},{"@type":"ListItem","position":2,"name":"Em Washington, D.C., apoiadores de Trump desferem ataque violento"}]},{"@type":"WebSite","@id":"https:\/\/www.pressenza.com\/pt-pt\/#website","url":"https:\/\/www.pressenza.com\/pt-pt\/","name":"Pressenza","description":"International Press Agency","publisher":{"@id":"https:\/\/www.pressenza.com\/pt-pt\/#organization"},"potentialAction":[{"@type":"SearchAction","target":{"@type":"EntryPoint","urlTemplate":"https:\/\/www.pressenza.com\/pt-pt\/?s={search_term_string}"},"query-input":{"@type":"PropertyValueSpecification","valueRequired":true,"valueName":"search_term_string"}}],"inLanguage":"pt-PT"},{"@type":"Organization","@id":"https:\/\/www.pressenza.com\/pt-pt\/#organization","name":"Pressenza","url":"https:\/\/www.pressenza.com\/pt-pt\/","logo":{"@type":"ImageObject","inLanguage":"pt-PT","@id":"https:\/\/www.pressenza.com\/pt-pt\/#\/schema\/logo\/image\/","url":"https:\/\/www.pressenza.com\/wp-content\/uploads\/2022\/10\/pressenza_logo_200x200.jpg","contentUrl":"https:\/\/www.pressenza.com\/wp-content\/uploads\/2022\/10\/pressenza_logo_200x200.jpg","width":200,"height":200,"caption":"Pressenza"},"image":{"@id":"https:\/\/www.pressenza.com\/pt-pt\/#\/schema\/logo\/image\/"},"sameAs":["https:\/\/www.facebook.com\/PressenzaItalia","https:\/\/x.com\/PressenzaIPA"]},{"@type":"Person","@id":"https:\/\/www.pressenza.com\/pt-pt\/#\/schema\/person\/8bb53ec73ef39ceec36ca0128a0ccd41","name":"P\u00eda Figueroa","description":"Founder of Pressenza, life-long humanist, author of several monographs and books.","sameAs":["https:\/\/www.facebook.com\/pia.figueroa?ref=tn_tnmn","https:\/\/x.com\/piafigueroa"],"url":"https:\/\/www.pressenza.com\/pt-pt\/author\/pia-figueroa\/"}]}},"place":"Santiago do Chile","original_article_url":"","_links":{"self":[{"href":"https:\/\/www.pressenza.com\/pt-pt\/wp-json\/wp\/v2\/posts\/1273685","targetHints":{"allow":["GET"]}}],"collection":[{"href":"https:\/\/www.pressenza.com\/pt-pt\/wp-json\/wp\/v2\/posts"}],"about":[{"href":"https:\/\/www.pressenza.com\/pt-pt\/wp-json\/wp\/v2\/types\/post"}],"author":[{"embeddable":true,"href":"https:\/\/www.pressenza.com\/pt-pt\/wp-json\/wp\/v2\/users\/22"}],"replies":[{"embeddable":true,"href":"https:\/\/www.pressenza.com\/pt-pt\/wp-json\/wp\/v2\/comments?post=1273685"}],"version-history":[{"count":0,"href":"https:\/\/www.pressenza.com\/pt-pt\/wp-json\/wp\/v2\/posts\/1273685\/revisions"}],"wp:featuredmedia":[{"embeddable":true,"href":"https:\/\/www.pressenza.com\/pt-pt\/wp-json\/wp\/v2\/media\/1273616"}],"wp:attachment":[{"href":"https:\/\/www.pressenza.com\/pt-pt\/wp-json\/wp\/v2\/media?parent=1273685"}],"wp:term":[{"taxonomy":"category","embeddable":true,"href":"https:\/\/www.pressenza.com\/pt-pt\/wp-json\/wp\/v2\/categories?post=1273685"},{"taxonomy":"post_tag","embeddable":true,"href":"https:\/\/www.pressenza.com\/pt-pt\/wp-json\/wp\/v2\/tags?post=1273685"}],"curies":[{"name":"wp","href":"https:\/\/api.w.org\/{rel}","templated":true}]}}