{"id":1261842,"date":"2020-12-15T12:21:27","date_gmt":"2020-12-15T12:21:27","guid":{"rendered":"https:\/\/www.pressenza.com\/?p=1261842"},"modified":"2020-12-15T13:07:28","modified_gmt":"2020-12-15T13:07:28","slug":"documentario-expoe-parcialidade-de-moro-em-processos-da-operacao-lava-jato","status":"publish","type":"post","link":"https:\/\/www.pressenza.com\/pt-pt\/2020\/12\/documentario-expoe-parcialidade-de-moro-em-processos-da-operacao-lava-jato\/","title":{"rendered":"Document\u00e1rio exp\u00f5e parcialidade de Moro em processos da opera\u00e7\u00e3o Lava Jato"},"content":{"rendered":"<h5><span style=\"color: #999999;\">REALIDADE<\/span><\/h5>\n<p>&nbsp;<\/p>\n<h5><span style=\"color: #999999;\"><strong><em>Por Reda\u00e7\u00e3o Brasil de Fato | Bras\u00edlia (DF)<\/em><\/strong><\/span><\/h5>\n<p>&nbsp;<\/p>\n<h1 class=\"description\" style=\"padding-left: 40px;\">\u201cMoro: Mais que Suspeito\u201d evidencia inten\u00e7\u00e3o do ex-juiz com provas apresentadas ao STF, recortes de jornais e anima\u00e7\u00f5es<\/h1>\n<p>&nbsp;<\/p>\n<p>Lan\u00e7ado nesta quinta-feira (10), \u00e0s 19h, o curta-document\u00e1rio \u201cMoro: Mais que Suspeito\u201d, produzido pela Campanha Lula Livre, com cenas, entrevistas e documentos da Justi\u00e7a que exp\u00f5em a parcialidade do ex-juiz Sergio Moro.<\/p>\n<p>Em 21 minutos de filme, diversas provas da inten\u00e7\u00e3o de Moro ao conduzir os processos s\u00e3o demonstradas por meio de recortes de jornais e provas apresentadas ao STF (Supremo Tribunal Federal), no \u00e2mbito do processo que investiga a suspei\u00e7\u00e3o do ex-juiz.<\/p>\n<p>A hist\u00f3ria \u00e9 contada tamb\u00e9m com anima\u00e7\u00f5es gr\u00e1ficas, amarrando os acontecimentos em uma sequ\u00eancia cronol\u00f3gica. Os apresentadores fazem a leitura de cada movimenta\u00e7\u00e3o feita por Moro e pela Lava Jato contra o ex-presidente Luiz In\u00e1cio Lula da Silva.<\/p>\n<p>O document\u00e1rio \u00e9 apresentado por Julianna Gerais e Tadeu di Pietro. A atriz \u00e9 conhecida, entre outros trabalhos, por sua atua\u00e7\u00e3o na s\u00e9rie\u00a0<em>Todxs N\u00f3s<\/em>, da HBO. Tadeu \u00e9 diretor e ator com participa\u00e7\u00e3o em diversas novelas transmitidas em rede nacional.<\/p>\n<p>O curta est\u00e1 dispon\u00edvel em diversas plataformas pela internet, entre elas o canal do\u00a0<a href=\"https:\/\/www.youtube.com\/watch?v=m7PxI68Xq_U\" target=\"_blank\" rel=\"noopener\">Comit\u00ea Lula Livre no YouTube<\/a>,\u00a0<a href=\"https:\/\/www.facebook.com\/ComiteNacionalLulaLivre\" target=\"_blank\" rel=\"noopener\">Facebook do Comit\u00ea Lula Livre<\/a>, do\u00a0<a href=\"https:\/\/www.facebook.com\/institutolula\" target=\"_blank\" rel=\"noopener\">Instituto Lula<\/a>,\u00a0<a href=\"https:\/\/www.facebook.com\/prerro\" target=\"_blank\" rel=\"noopener\">Grupo Prerrogativas<\/a>,\u00a0<a href=\"https:\/\/www.facebook.com\/abjdbr\" target=\"_blank\" rel=\"noopener\">ABJD<\/a>\u00a0e diversas p\u00e1ginas parceiras.<\/p>\n<p>&nbsp;<\/p>\n<p><iframe loading=\"lazy\" title=\"Moro: mais que suspeito\" width=\"500\" height=\"281\" src=\"https:\/\/www.youtube.com\/embed\/m7PxI68Xq_U?feature=oembed\" frameborder=\"0\" allow=\"accelerometer; autoplay; clipboard-write; encrypted-media; gyroscope; picture-in-picture; web-share\" referrerpolicy=\"strict-origin-when-cross-origin\" allowfullscreen><\/iframe><\/p>\n<p><strong>Servi\u00e7o<\/strong><\/p>\n<p>Lan\u00e7amento do curta-document\u00e1rio &#8220;Moro: Mais que suspeito&#8221;<\/p>\n<p>Data: 10 de dezembro<\/p>\n<p>Hor\u00e1rio: 19h<\/p>\n<p>Perfil da transmiss\u00e3o: Grupo Prerrogativas, ABJD, Comit\u00ea Nacional Lula Livre, Instituto Lula e Lula Oficial<\/p>\n<p class=\"editor\"><a href=\"https:\/\/www.brasildefato.com.br\/2020\/12\/10\/documentario-expoe-parcialidade-de-moro-em-processos-da-operacao-lava-jato\">Link da mat\u00e9ria original do nosso parceiro<\/a><\/p>\n","protected":false},"excerpt":{"rendered":"<p>REALIDADE &nbsp; Por Reda\u00e7\u00e3o Brasil de Fato | Bras\u00edlia (DF) &nbsp; \u201cMoro: Mais que Suspeito\u201d evidencia inten\u00e7\u00e3o do ex-juiz com provas apresentadas ao STF, recortes de jornais e anima\u00e7\u00f5es &nbsp; Lan\u00e7ado nesta quinta-feira (10), \u00e0s 19h, o curta-document\u00e1rio \u201cMoro: Mais&hellip;<\/p>\n","protected":false},"author":44,"featured_media":1261938,"comment_status":"closed","ping_status":"closed","sticky":false,"template":"","format":"standard","meta":{"footnotes":""},"categories":[104,112,111],"tags":[85221,57433,85227,85226,48466,18768,39747],"class_list":["post-1261842","post","type-post","status-publish","format-standard","has-post-thumbnail","hentry","category-america-do-sul","category-cultura-pt-pt","category-politica-pt-pt","tag-brasil-de-fato","tag-documentario-pt-pt","tag-filme-brasileiro","tag-juiz-sergio-moro","tag-lula-livre","tag-politica","tag-politica-brasileira"],"yoast_head":"<!-- This site is optimized with the Yoast SEO plugin v27.1.1 - https:\/\/yoast.com\/product\/yoast-seo-wordpress\/ -->\n<title>Document\u00e1rio exp\u00f5e parcialidade de Moro em processos da opera\u00e7\u00e3o Lava Jato<\/title>\n<meta name=\"description\" content=\"REALIDADE &nbsp; Por Reda\u00e7\u00e3o Brasil de Fato | Bras\u00edlia (DF) &nbsp; \u201cMoro: Mais que Suspeito\u201d evidencia inten\u00e7\u00e3o do ex-juiz com provas apresentadas ao STF,\" \/>\n<meta name=\"robots\" content=\"index, follow, max-snippet:-1, max-image-preview:large, max-video-preview:-1\" \/>\n<link rel=\"canonical\" href=\"https:\/\/www.pressenza.com\/pt-pt\/2020\/12\/documentario-expoe-parcialidade-de-moro-em-processos-da-operacao-lava-jato\/\" \/>\n<meta property=\"og:locale\" content=\"pt_PT\" \/>\n<meta property=\"og:type\" content=\"article\" \/>\n<meta property=\"og:title\" content=\"Document\u00e1rio exp\u00f5e parcialidade de Moro em processos da opera\u00e7\u00e3o Lava Jato\" \/>\n<meta property=\"og:description\" content=\"REALIDADE &nbsp; Por Reda\u00e7\u00e3o Brasil de Fato | Bras\u00edlia (DF) &nbsp; \u201cMoro: Mais que Suspeito\u201d evidencia inten\u00e7\u00e3o do ex-juiz com provas apresentadas ao STF,\" \/>\n<meta property=\"og:url\" content=\"https:\/\/www.pressenza.com\/pt-pt\/2020\/12\/documentario-expoe-parcialidade-de-moro-em-processos-da-operacao-lava-jato\/\" \/>\n<meta property=\"og:site_name\" content=\"Pressenza\" \/>\n<meta property=\"article:publisher\" content=\"https:\/\/www.facebook.com\/PressenzaItalia\" \/>\n<meta property=\"article:author\" content=\"https:\/\/www.facebook.com\/PressenzaPortugues\" \/>\n<meta property=\"article:published_time\" content=\"2020-12-15T12:21:27+00:00\" \/>\n<meta property=\"article:modified_time\" content=\"2020-12-15T13:07:28+00:00\" \/>\n<meta property=\"og:image\" content=\"https:\/\/www.pressenza.com\/wp-content\/uploads\/2020\/12\/Documentario-promete-demonstrar-evidencias-da-parcialidade-de-Sergio-Moro-Lula-Marques.jpeg\" \/>\n\t<meta property=\"og:image:width\" content=\"800\" \/>\n\t<meta property=\"og:image:height\" content=\"503\" \/>\n\t<meta property=\"og:image:type\" content=\"image\/jpeg\" \/>\n<meta name=\"author\" content=\"Reda\u00e7\u00e3o S\u00e3o Paulo\" \/>\n<meta name=\"twitter:card\" content=\"summary_large_image\" \/>\n<meta name=\"twitter:creator\" content=\"@pressenza_pt\" \/>\n<meta name=\"twitter:site\" content=\"@PressenzaIPA\" \/>\n<meta name=\"twitter:label1\" content=\"Escrito por\" \/>\n\t<meta name=\"twitter:data1\" content=\"Reda\u00e7\u00e3o S\u00e3o Paulo\" \/>\n\t<meta name=\"twitter:label2\" content=\"Tempo estimado de leitura\" \/>\n\t<meta name=\"twitter:data2\" content=\"1 minuto\" \/>\n<script type=\"application\/ld+json\" class=\"yoast-schema-graph\">{\"@context\":\"https:\/\/schema.org\",\"@graph\":[{\"@type\":\"Article\",\"@id\":\"https:\/\/www.pressenza.com\/pt-pt\/2020\/12\/documentario-expoe-parcialidade-de-moro-em-processos-da-operacao-lava-jato\/#article\",\"isPartOf\":{\"@id\":\"https:\/\/www.pressenza.com\/pt-pt\/2020\/12\/documentario-expoe-parcialidade-de-moro-em-processos-da-operacao-lava-jato\/\"},\"author\":{\"name\":\"Reda\u00e7\u00e3o S\u00e3o Paulo\",\"@id\":\"https:\/\/www.pressenza.com\/pt-pt\/#\/schema\/person\/d171826afb7693cfc394da95892bfd93\"},\"headline\":\"Document\u00e1rio exp\u00f5e parcialidade de Moro em processos da opera\u00e7\u00e3o Lava Jato\",\"datePublished\":\"2020-12-15T12:21:27+00:00\",\"dateModified\":\"2020-12-15T13:07:28+00:00\",\"mainEntityOfPage\":{\"@id\":\"https:\/\/www.pressenza.com\/pt-pt\/2020\/12\/documentario-expoe-parcialidade-de-moro-em-processos-da-operacao-lava-jato\/\"},\"wordCount\":298,\"publisher\":{\"@id\":\"https:\/\/www.pressenza.com\/pt-pt\/#organization\"},\"image\":{\"@id\":\"https:\/\/www.pressenza.com\/pt-pt\/2020\/12\/documentario-expoe-parcialidade-de-moro-em-processos-da-operacao-lava-jato\/#primaryimage\"},\"thumbnailUrl\":\"https:\/\/www.pressenza.com\/wp-content\/uploads\/2020\/12\/Documentario-promete-demonstrar-evidencias-da-parcialidade-de-Sergio-Moro-Lula-Marques.jpeg\",\"keywords\":[\"brasil de fato\",\"documentario\",\"filme brasileiro\",\"Ju\u00edz Sergio Moro\",\"Lula Livre\",\"politica\",\"Pol\u00edtica Brasileira\"],\"articleSection\":[\"\u00c1m\u00e9rica do Sul\",\"Cultura e M\u00eddia\",\"Pol\u00edtica\"],\"inLanguage\":\"pt-PT\"},{\"@type\":\"WebPage\",\"@id\":\"https:\/\/www.pressenza.com\/pt-pt\/2020\/12\/documentario-expoe-parcialidade-de-moro-em-processos-da-operacao-lava-jato\/\",\"url\":\"https:\/\/www.pressenza.com\/pt-pt\/2020\/12\/documentario-expoe-parcialidade-de-moro-em-processos-da-operacao-lava-jato\/\",\"name\":\"Document\u00e1rio exp\u00f5e parcialidade de Moro em processos da opera\u00e7\u00e3o Lava Jato\",\"isPartOf\":{\"@id\":\"https:\/\/www.pressenza.com\/pt-pt\/#website\"},\"primaryImageOfPage\":{\"@id\":\"https:\/\/www.pressenza.com\/pt-pt\/2020\/12\/documentario-expoe-parcialidade-de-moro-em-processos-da-operacao-lava-jato\/#primaryimage\"},\"image\":{\"@id\":\"https:\/\/www.pressenza.com\/pt-pt\/2020\/12\/documentario-expoe-parcialidade-de-moro-em-processos-da-operacao-lava-jato\/#primaryimage\"},\"thumbnailUrl\":\"https:\/\/www.pressenza.com\/wp-content\/uploads\/2020\/12\/Documentario-promete-demonstrar-evidencias-da-parcialidade-de-Sergio-Moro-Lula-Marques.jpeg\",\"datePublished\":\"2020-12-15T12:21:27+00:00\",\"dateModified\":\"2020-12-15T13:07:28+00:00\",\"description\":\"REALIDADE &nbsp; Por Reda\u00e7\u00e3o Brasil de Fato | Bras\u00edlia (DF) &nbsp; \u201cMoro: Mais que Suspeito\u201d evidencia inten\u00e7\u00e3o do ex-juiz com provas apresentadas ao STF,\",\"breadcrumb\":{\"@id\":\"https:\/\/www.pressenza.com\/pt-pt\/2020\/12\/documentario-expoe-parcialidade-de-moro-em-processos-da-operacao-lava-jato\/#breadcrumb\"},\"inLanguage\":\"pt-PT\",\"potentialAction\":[{\"@type\":\"ReadAction\",\"target\":[\"https:\/\/www.pressenza.com\/pt-pt\/2020\/12\/documentario-expoe-parcialidade-de-moro-em-processos-da-operacao-lava-jato\/\"]}]},{\"@type\":\"ImageObject\",\"inLanguage\":\"pt-PT\",\"@id\":\"https:\/\/www.pressenza.com\/pt-pt\/2020\/12\/documentario-expoe-parcialidade-de-moro-em-processos-da-operacao-lava-jato\/#primaryimage\",\"url\":\"https:\/\/www.pressenza.com\/wp-content\/uploads\/2020\/12\/Documentario-promete-demonstrar-evidencias-da-parcialidade-de-Sergio-Moro-Lula-Marques.jpeg\",\"contentUrl\":\"https:\/\/www.pressenza.com\/wp-content\/uploads\/2020\/12\/Documentario-promete-demonstrar-evidencias-da-parcialidade-de-Sergio-Moro-Lula-Marques.jpeg\",\"width\":800,\"height\":503},{\"@type\":\"BreadcrumbList\",\"@id\":\"https:\/\/www.pressenza.com\/pt-pt\/2020\/12\/documentario-expoe-parcialidade-de-moro-em-processos-da-operacao-lava-jato\/#breadcrumb\",\"itemListElement\":[{\"@type\":\"ListItem\",\"position\":1,\"name\":\"Accueil\",\"item\":\"https:\/\/www.pressenza.com\/pt-pt\/\"},{\"@type\":\"ListItem\",\"position\":2,\"name\":\"Document\u00e1rio exp\u00f5e parcialidade de Moro em processos da opera\u00e7\u00e3o Lava Jato\"}]},{\"@type\":\"WebSite\",\"@id\":\"https:\/\/www.pressenza.com\/pt-pt\/#website\",\"url\":\"https:\/\/www.pressenza.com\/pt-pt\/\",\"name\":\"Pressenza\",\"description\":\"International Press Agency\",\"publisher\":{\"@id\":\"https:\/\/www.pressenza.com\/pt-pt\/#organization\"},\"potentialAction\":[{\"@type\":\"SearchAction\",\"target\":{\"@type\":\"EntryPoint\",\"urlTemplate\":\"https:\/\/www.pressenza.com\/pt-pt\/?s={search_term_string}\"},\"query-input\":{\"@type\":\"PropertyValueSpecification\",\"valueRequired\":true,\"valueName\":\"search_term_string\"}}],\"inLanguage\":\"pt-PT\"},{\"@type\":\"Organization\",\"@id\":\"https:\/\/www.pressenza.com\/pt-pt\/#organization\",\"name\":\"Pressenza\",\"url\":\"https:\/\/www.pressenza.com\/pt-pt\/\",\"logo\":{\"@type\":\"ImageObject\",\"inLanguage\":\"pt-PT\",\"@id\":\"https:\/\/www.pressenza.com\/pt-pt\/#\/schema\/logo\/image\/\",\"url\":\"https:\/\/www.pressenza.com\/wp-content\/uploads\/2022\/10\/pressenza_logo_200x200.jpg\",\"contentUrl\":\"https:\/\/www.pressenza.com\/wp-content\/uploads\/2022\/10\/pressenza_logo_200x200.jpg\",\"width\":200,\"height\":200,\"caption\":\"Pressenza\"},\"image\":{\"@id\":\"https:\/\/www.pressenza.com\/pt-pt\/#\/schema\/logo\/image\/\"},\"sameAs\":[\"https:\/\/www.facebook.com\/PressenzaItalia\",\"https:\/\/x.com\/PressenzaIPA\"]},{\"@type\":\"Person\",\"@id\":\"https:\/\/www.pressenza.com\/pt-pt\/#\/schema\/person\/d171826afb7693cfc394da95892bfd93\",\"name\":\"Reda\u00e7\u00e3o S\u00e3o Paulo\",\"description\":\"News from the Pressenza bureau in Sao Paulo, Brazil\",\"sameAs\":[\"https:\/\/www.facebook.com\/PressenzaPortugues\",\"https:\/\/x.com\/pressenza_pt\"],\"url\":\"https:\/\/www.pressenza.com\/pt-pt\/author\/redaccao-sao-paulo\/\"}]}<\/script>\n<!-- \/ Yoast SEO plugin. -->","yoast_head_json":{"title":"Document\u00e1rio exp\u00f5e parcialidade de Moro em processos da opera\u00e7\u00e3o Lava Jato","description":"REALIDADE &nbsp; Por Reda\u00e7\u00e3o Brasil de Fato | Bras\u00edlia (DF) &nbsp; \u201cMoro: Mais que Suspeito\u201d evidencia inten\u00e7\u00e3o do ex-juiz com provas apresentadas ao STF,","robots":{"index":"index","follow":"follow","max-snippet":"max-snippet:-1","max-image-preview":"max-image-preview:large","max-video-preview":"max-video-preview:-1"},"canonical":"https:\/\/www.pressenza.com\/pt-pt\/2020\/12\/documentario-expoe-parcialidade-de-moro-em-processos-da-operacao-lava-jato\/","og_locale":"pt_PT","og_type":"article","og_title":"Document\u00e1rio exp\u00f5e parcialidade de Moro em processos da opera\u00e7\u00e3o Lava Jato","og_description":"REALIDADE &nbsp; Por Reda\u00e7\u00e3o Brasil de Fato | Bras\u00edlia (DF) &nbsp; \u201cMoro: Mais que Suspeito\u201d evidencia inten\u00e7\u00e3o do ex-juiz com provas apresentadas ao STF,","og_url":"https:\/\/www.pressenza.com\/pt-pt\/2020\/12\/documentario-expoe-parcialidade-de-moro-em-processos-da-operacao-lava-jato\/","og_site_name":"Pressenza","article_publisher":"https:\/\/www.facebook.com\/PressenzaItalia","article_author":"https:\/\/www.facebook.com\/PressenzaPortugues","article_published_time":"2020-12-15T12:21:27+00:00","article_modified_time":"2020-12-15T13:07:28+00:00","og_image":[{"width":800,"height":503,"url":"https:\/\/www.pressenza.com\/wp-content\/uploads\/2020\/12\/Documentario-promete-demonstrar-evidencias-da-parcialidade-de-Sergio-Moro-Lula-Marques.jpeg","type":"image\/jpeg"}],"author":"Reda\u00e7\u00e3o S\u00e3o Paulo","twitter_card":"summary_large_image","twitter_creator":"@pressenza_pt","twitter_site":"@PressenzaIPA","twitter_misc":{"Escrito por":"Reda\u00e7\u00e3o S\u00e3o Paulo","Tempo estimado de leitura":"1 minuto"},"schema":{"@context":"https:\/\/schema.org","@graph":[{"@type":"Article","@id":"https:\/\/www.pressenza.com\/pt-pt\/2020\/12\/documentario-expoe-parcialidade-de-moro-em-processos-da-operacao-lava-jato\/#article","isPartOf":{"@id":"https:\/\/www.pressenza.com\/pt-pt\/2020\/12\/documentario-expoe-parcialidade-de-moro-em-processos-da-operacao-lava-jato\/"},"author":{"name":"Reda\u00e7\u00e3o S\u00e3o Paulo","@id":"https:\/\/www.pressenza.com\/pt-pt\/#\/schema\/person\/d171826afb7693cfc394da95892bfd93"},"headline":"Document\u00e1rio exp\u00f5e parcialidade de Moro em processos da opera\u00e7\u00e3o Lava Jato","datePublished":"2020-12-15T12:21:27+00:00","dateModified":"2020-12-15T13:07:28+00:00","mainEntityOfPage":{"@id":"https:\/\/www.pressenza.com\/pt-pt\/2020\/12\/documentario-expoe-parcialidade-de-moro-em-processos-da-operacao-lava-jato\/"},"wordCount":298,"publisher":{"@id":"https:\/\/www.pressenza.com\/pt-pt\/#organization"},"image":{"@id":"https:\/\/www.pressenza.com\/pt-pt\/2020\/12\/documentario-expoe-parcialidade-de-moro-em-processos-da-operacao-lava-jato\/#primaryimage"},"thumbnailUrl":"https:\/\/www.pressenza.com\/wp-content\/uploads\/2020\/12\/Documentario-promete-demonstrar-evidencias-da-parcialidade-de-Sergio-Moro-Lula-Marques.jpeg","keywords":["brasil de fato","documentario","filme brasileiro","Ju\u00edz Sergio Moro","Lula Livre","politica","Pol\u00edtica Brasileira"],"articleSection":["\u00c1m\u00e9rica do Sul","Cultura e M\u00eddia","Pol\u00edtica"],"inLanguage":"pt-PT"},{"@type":"WebPage","@id":"https:\/\/www.pressenza.com\/pt-pt\/2020\/12\/documentario-expoe-parcialidade-de-moro-em-processos-da-operacao-lava-jato\/","url":"https:\/\/www.pressenza.com\/pt-pt\/2020\/12\/documentario-expoe-parcialidade-de-moro-em-processos-da-operacao-lava-jato\/","name":"Document\u00e1rio exp\u00f5e parcialidade de Moro em processos da opera\u00e7\u00e3o Lava Jato","isPartOf":{"@id":"https:\/\/www.pressenza.com\/pt-pt\/#website"},"primaryImageOfPage":{"@id":"https:\/\/www.pressenza.com\/pt-pt\/2020\/12\/documentario-expoe-parcialidade-de-moro-em-processos-da-operacao-lava-jato\/#primaryimage"},"image":{"@id":"https:\/\/www.pressenza.com\/pt-pt\/2020\/12\/documentario-expoe-parcialidade-de-moro-em-processos-da-operacao-lava-jato\/#primaryimage"},"thumbnailUrl":"https:\/\/www.pressenza.com\/wp-content\/uploads\/2020\/12\/Documentario-promete-demonstrar-evidencias-da-parcialidade-de-Sergio-Moro-Lula-Marques.jpeg","datePublished":"2020-12-15T12:21:27+00:00","dateModified":"2020-12-15T13:07:28+00:00","description":"REALIDADE &nbsp; Por Reda\u00e7\u00e3o Brasil de Fato | Bras\u00edlia (DF) &nbsp; \u201cMoro: Mais que Suspeito\u201d evidencia inten\u00e7\u00e3o do ex-juiz com provas apresentadas ao STF,","breadcrumb":{"@id":"https:\/\/www.pressenza.com\/pt-pt\/2020\/12\/documentario-expoe-parcialidade-de-moro-em-processos-da-operacao-lava-jato\/#breadcrumb"},"inLanguage":"pt-PT","potentialAction":[{"@type":"ReadAction","target":["https:\/\/www.pressenza.com\/pt-pt\/2020\/12\/documentario-expoe-parcialidade-de-moro-em-processos-da-operacao-lava-jato\/"]}]},{"@type":"ImageObject","inLanguage":"pt-PT","@id":"https:\/\/www.pressenza.com\/pt-pt\/2020\/12\/documentario-expoe-parcialidade-de-moro-em-processos-da-operacao-lava-jato\/#primaryimage","url":"https:\/\/www.pressenza.com\/wp-content\/uploads\/2020\/12\/Documentario-promete-demonstrar-evidencias-da-parcialidade-de-Sergio-Moro-Lula-Marques.jpeg","contentUrl":"https:\/\/www.pressenza.com\/wp-content\/uploads\/2020\/12\/Documentario-promete-demonstrar-evidencias-da-parcialidade-de-Sergio-Moro-Lula-Marques.jpeg","width":800,"height":503},{"@type":"BreadcrumbList","@id":"https:\/\/www.pressenza.com\/pt-pt\/2020\/12\/documentario-expoe-parcialidade-de-moro-em-processos-da-operacao-lava-jato\/#breadcrumb","itemListElement":[{"@type":"ListItem","position":1,"name":"Accueil","item":"https:\/\/www.pressenza.com\/pt-pt\/"},{"@type":"ListItem","position":2,"name":"Document\u00e1rio exp\u00f5e parcialidade de Moro em processos da opera\u00e7\u00e3o Lava Jato"}]},{"@type":"WebSite","@id":"https:\/\/www.pressenza.com\/pt-pt\/#website","url":"https:\/\/www.pressenza.com\/pt-pt\/","name":"Pressenza","description":"International Press Agency","publisher":{"@id":"https:\/\/www.pressenza.com\/pt-pt\/#organization"},"potentialAction":[{"@type":"SearchAction","target":{"@type":"EntryPoint","urlTemplate":"https:\/\/www.pressenza.com\/pt-pt\/?s={search_term_string}"},"query-input":{"@type":"PropertyValueSpecification","valueRequired":true,"valueName":"search_term_string"}}],"inLanguage":"pt-PT"},{"@type":"Organization","@id":"https:\/\/www.pressenza.com\/pt-pt\/#organization","name":"Pressenza","url":"https:\/\/www.pressenza.com\/pt-pt\/","logo":{"@type":"ImageObject","inLanguage":"pt-PT","@id":"https:\/\/www.pressenza.com\/pt-pt\/#\/schema\/logo\/image\/","url":"https:\/\/www.pressenza.com\/wp-content\/uploads\/2022\/10\/pressenza_logo_200x200.jpg","contentUrl":"https:\/\/www.pressenza.com\/wp-content\/uploads\/2022\/10\/pressenza_logo_200x200.jpg","width":200,"height":200,"caption":"Pressenza"},"image":{"@id":"https:\/\/www.pressenza.com\/pt-pt\/#\/schema\/logo\/image\/"},"sameAs":["https:\/\/www.facebook.com\/PressenzaItalia","https:\/\/x.com\/PressenzaIPA"]},{"@type":"Person","@id":"https:\/\/www.pressenza.com\/pt-pt\/#\/schema\/person\/d171826afb7693cfc394da95892bfd93","name":"Reda\u00e7\u00e3o S\u00e3o Paulo","description":"News from the Pressenza bureau in Sao Paulo, Brazil","sameAs":["https:\/\/www.facebook.com\/PressenzaPortugues","https:\/\/x.com\/pressenza_pt"],"url":"https:\/\/www.pressenza.com\/pt-pt\/author\/redaccao-sao-paulo\/"}]}},"place":"","original_article_url":"","_links":{"self":[{"href":"https:\/\/www.pressenza.com\/pt-pt\/wp-json\/wp\/v2\/posts\/1261842","targetHints":{"allow":["GET"]}}],"collection":[{"href":"https:\/\/www.pressenza.com\/pt-pt\/wp-json\/wp\/v2\/posts"}],"about":[{"href":"https:\/\/www.pressenza.com\/pt-pt\/wp-json\/wp\/v2\/types\/post"}],"author":[{"embeddable":true,"href":"https:\/\/www.pressenza.com\/pt-pt\/wp-json\/wp\/v2\/users\/44"}],"replies":[{"embeddable":true,"href":"https:\/\/www.pressenza.com\/pt-pt\/wp-json\/wp\/v2\/comments?post=1261842"}],"version-history":[{"count":0,"href":"https:\/\/www.pressenza.com\/pt-pt\/wp-json\/wp\/v2\/posts\/1261842\/revisions"}],"wp:featuredmedia":[{"embeddable":true,"href":"https:\/\/www.pressenza.com\/pt-pt\/wp-json\/wp\/v2\/media\/1261938"}],"wp:attachment":[{"href":"https:\/\/www.pressenza.com\/pt-pt\/wp-json\/wp\/v2\/media?parent=1261842"}],"wp:term":[{"taxonomy":"category","embeddable":true,"href":"https:\/\/www.pressenza.com\/pt-pt\/wp-json\/wp\/v2\/categories?post=1261842"},{"taxonomy":"post_tag","embeddable":true,"href":"https:\/\/www.pressenza.com\/pt-pt\/wp-json\/wp\/v2\/tags?post=1261842"}],"curies":[{"name":"wp","href":"https:\/\/api.w.org\/{rel}","templated":true}]}}