{"id":1261092,"date":"2020-12-14T11:06:22","date_gmt":"2020-12-14T11:06:22","guid":{"rendered":"https:\/\/www.pressenza.com\/?p=1261092"},"modified":"2020-12-14T11:06:22","modified_gmt":"2020-12-14T11:06:22","slug":"bolsonaro-avanca-contra-indigenas-isolados","status":"publish","type":"post","link":"https:\/\/www.pressenza.com\/pt-pt\/2020\/12\/bolsonaro-avanca-contra-indigenas-isolados\/","title":{"rendered":"Bolsonaro avan\u00e7a contra ind\u00edgenas isolados"},"content":{"rendered":"<h5 class=\"author\"><span style=\"color: #999999;\">Por Catarina Barbosa &#8211; Brasil de Fato | Bel\u00e9m (PA)<\/span><\/h5>\n<p>&nbsp;<\/p>\n<h3 class=\"description\" style=\"padding-left: 40px;\">Intitulado &#8220;Bar\u00e3o do Rio Branco&#8221;, o &#8220;polo de desenvolvimento&#8221; prev\u00ea projetos\u00a0em cima de terras ind\u00edgenas<\/h3>\n<p>&nbsp;<\/p>\n<div class=\"author-time\">\n<p>A miss\u00e3o de evangelizar ind\u00edgenas est\u00e1\u00a0<a href=\"https:\/\/www.brasildefato.com.br\/2019\/01\/21\/intolerancia-religiosa-e-estrategia-para-dominar-territorios-indigenas\" target=\"_blank\" rel=\"noopener\">associada ao debate\u00a0sobre a quest\u00e3o territorial<\/a>\u00a0de\u00a0etnias brasileiras. Um exemplo \u00e9 a den\u00fancia feita por um funcion\u00e1rio que atua junto \u00e0 Funda\u00e7\u00e3o Nacional do \u00cdndio (Funai) e a Secretaria Especial de Sa\u00fade Ind\u00edgena (<a href=\"https:\/\/www.saude.gov.br\/saude-indigena\" target=\"_blank\" rel=\"noopener\">Sesai<\/a>). Ele afirma que o contato religioso com ind\u00edgenas isolados \u00e9 na verdade mais um\u00a0passo para realiza\u00e7\u00e3o do projeto\u00a0<a href=\"https:\/\/www.gov.br\/secretariageral\/pt-br\/noticias\/2019\/setembro\/o-que-e-o-programa-barao-do-rio-branco\" target=\"_blank\" rel=\"noopener\">&#8220;Bar\u00e3o do Rio Branco&#8221;<\/a>, do governo federal, que prev\u00ea in\u00fameros projetos que ir\u00e3o rasgar terras ind\u00edgenas ao meio.<\/p>\n<p><strong>Saiba mais<\/strong>:\u00a0<a href=\"https:\/\/www.brasildefato.com.br\/2020\/09\/10\/nomear-evangelico-para-cuidar-de-indigenas-isolados-e-proposital-diz-historiador\" target=\"_blank\" rel=\"noopener\">Nomear evang\u00e9lico para cuidar de ind\u00edgenas isolados &#8220;\u00e9 proposital&#8221;, diz historiador<\/a><\/p>\n<p>O polo de desenvolvimento, como \u00e9 chamado pelo governo federal, prev\u00ea a constru\u00e7\u00e3o de uma ponte sobre o Rio Amazonas, ao prolongamento da BR-163 e a constru\u00e7\u00e3o de uma hidrel\u00e9trica na Calha Norte, na regi\u00e3o de Trombetas, no Par\u00e1.<\/p>\n<p>&#8220;Locais onde existem povos ind\u00edgenas isolados que coincidem com os locais desses megaprojetos, principalmente esse &#8220;<a href=\"https:\/\/www.gov.br\/secretariageral\/pt-br\/noticias\/2019\/setembro\/o-que-e-o-programa-barao-do-rio-branco\" target=\"_blank\" rel=\"noopener\">Bar\u00e3o do Rio Branco<\/a>&#8221; \u00e9 um componente da execu\u00e7\u00e3o desse tipo de projeto. A atua\u00e7\u00e3o dos mission\u00e1rios fazendo contato com os povos isolados \u00e9 uma forma de tornar o crime menos declarado, digamos assim. \u00c9 o trabalho que o SPI [Servi\u00e7o de Prote\u00e7\u00e3o ao \u00cdndio] fazia antigamente, a pr\u00f3pria Funai j\u00e1 fez, assim como os sertanistas. \u00c9 uma atualiza\u00e7\u00e3o, deixando todo o trabalho para os mission\u00e1rios&#8221;, diz o funcion\u00e1rio que prefere n\u00e3o se identificar.<\/p>\n<h6 style=\"text-align: center;\"><img loading=\"lazy\" decoding=\"async\" class=\"wp-image-1261093 aligncenter\" src=\"https:\/\/www.pressenza.com\/wp-content\/uploads\/2020\/12\/O-projeto-cortara-terras-indigenas-e-quilombolas.-Racismo-Ambiental-Reproducao-300x188.jpeg\" alt=\"\" width=\"516\" height=\"323\" srcset=\"https:\/\/www.pressenza.com\/wp-content\/uploads\/2020\/12\/O-projeto-cortara-terras-indigenas-e-quilombolas.-Racismo-Ambiental-Reproducao-300x188.jpeg 300w, https:\/\/www.pressenza.com\/wp-content\/uploads\/2020\/12\/O-projeto-cortara-terras-indigenas-e-quilombolas.-Racismo-Ambiental-Reproducao-720x450.jpeg 720w, https:\/\/www.pressenza.com\/wp-content\/uploads\/2020\/12\/O-projeto-cortara-terras-indigenas-e-quilombolas.-Racismo-Ambiental-Reproducao-768x480.jpeg 768w, https:\/\/www.pressenza.com\/wp-content\/uploads\/2020\/12\/O-projeto-cortara-terras-indigenas-e-quilombolas.-Racismo-Ambiental-Reproducao.jpeg 800w\" sizes=\"auto, (max-width: 516px) 100vw, 516px\" \/> O projeto cortar\u00e1 terras ind\u00edgenas e quilombolas. Racismo Ambiental &#8211; Reprodu\u00e7\u00e3o<\/h6>\n<p>&nbsp;<\/p>\n<p>O Servi\u00e7o de Prote\u00e7\u00e3o aos \u00cdndios (SPI) foi criado em 1910 e atuou at\u00e9 1967, quando foi substitu\u00eddo pela Funda\u00e7\u00e3o Nacional do \u00cdndio (Funai), que atua at\u00e9 o dias atuais. Ele explica que a pol\u00edtica de prote\u00e7\u00e3o \u00e9 algo que veio com a Constitui\u00e7\u00e3o de 1988, antes elas eram frentes de contato.<\/p>\n<p>No que diz respeito aos ind\u00edgenas isolados, com base na\u00a0<a href=\"https:\/\/www.senado.leg.br\/atividade\/const\/con1988\/con1988_08.09.2016\/art_231_.asp\" target=\"_blank\" rel=\"noopener\">Constitui\u00e7\u00e3o de 1988, em seu artigo 231<\/a>, eles t\u00eam o direito \u00e0 &#8220;pol\u00edtica de n\u00e3o contato&#8221;. &#8220;S\u00e3o reconhecidos aos \u00edndios sua organiza\u00e7\u00e3o social, costumes, l\u00ednguas, cren\u00e7as e tradi\u00e7\u00f5es, e os direitos origin\u00e1rios sobre as terras que tradicionalmente ocupam, competindo \u00e0 Uni\u00e3o demarc\u00e1-las, proteger e fazer respeitar todos os seus bens&#8221;, diz a lei.<\/p>\n<\/div>\n<p><iframe loading=\"lazy\" title=\"O que est\u00e1 por tr\u00e1s do contato com ind\u00edgenas isolados?\" width=\"500\" height=\"281\" src=\"https:\/\/www.youtube.com\/embed\/MpSBL8mpYSY?feature=oembed\" frameborder=\"0\" allow=\"accelerometer; autoplay; clipboard-write; encrypted-media; gyroscope; picture-in-picture; web-share\" referrerpolicy=\"strict-origin-when-cross-origin\" allowfullscreen><\/iframe><\/p>\n<p>&nbsp;<\/p>\n<p class=\"ckeditor-subtitle\">Salvando almas?<\/p>\n<p>No dia 2 de fevereiro deste ano, o pastor evang\u00e9lico\u00a0<a href=\"https:\/\/www.brasildefato.com.br\/2020\/01\/31\/pastor-confirma-convite-e-funai-deve-ter-evangelizador-em-chefia-de-indios-isolados\" target=\"_blank\" rel=\"noopener\">Ricardo Lopes Dias<\/a>\u00a0foi nomeado para o cargo de Coordena\u00e7\u00e3o das pol\u00edticas de isolados. Lopes \u00e9 reconhecido por executar a miss\u00e3o de &#8220;levar a palavra&#8221; para os &#8220;n\u00e3o alcan\u00e7ados&#8221;.<\/p>\n<p><a href=\"https:\/\/www.brasildefato.com.br\/2020\/02\/27\/agricultura-do-sagrado-resgata-ancestralidade-e-espiritualidade-do-povo-xukuru\" target=\"_blank\" rel=\"noopener\">:: Agricultura do Sagrado resgata ancestralidade e espiritualidade do povo Xukuru ::<\/a><\/p>\n<p>Apesar do Brasil ser um estado laico e os ind\u00edgenas terem o direito de manifestar suas culturas e cren\u00e7as, o mission\u00e1rio \u00e9 denunciado por entidades ind\u00edgenas e pelos pr\u00f3prios \u00edndios de continuar evangelizando as pessoas.<\/p>\n<p>Lopes \u00e9 ligado ao movimento\u00a0<a href=\"https:\/\/www.novastribosdobrasil.org.br\/\" target=\"_blank\" rel=\"noopener\">Miss\u00e3o Novas Tribos do Brasil (MNTB)<\/a>, que desde 1950 evangeliza ind\u00edgenas brasileiros e est\u00e1 com a nomea\u00e7\u00e3o em an\u00e1lise. No site da MNTB, eles dizem que est\u00e3o\u00a0presentes em mais de 40 etnias no Brasil, 2 pa\u00edses da \u00c1frica e 1 pa\u00eds da \u00c1sia.<\/p>\n<p>A\u00a0entidade\u00a0para a qual Ricardo Lopes Dias presta servi\u00e7os, adquiriu ainda um helic\u00f3ptero R66, que custa\u00a0<a href=\"https:\/\/www.brasildefato.com.br\/2020\/03\/04\/para-cooptar-liderancas-pastor-oferece-cargos-para-indigenas-na-funai#:~:text=A%20Miss%C3%A3o%20Novas%20Tribos%20do,dos%20mission%C3%A1rios%20at%C3%A9%20as%20aldeias.\" target=\"_blank\" rel=\"noopener\">R$ 4 milh\u00f5es<\/a>, para facilitar o traslado dos mission\u00e1rios at\u00e9 as aldeias.<\/p>\n<p>O MPF pediu a sa\u00edda dele do cargo por\u00a0incompatibilidade t\u00e9cnica e risco de retrocesso na pol\u00edtica de n\u00e3o contato.\u00a0Al\u00e9m de genoc\u00eddio e etnoc\u00eddio contra os povos ind\u00edgenas.\u00a0O processo est\u00e1 nas m\u00e3os da ju\u00edza titular Ivani Silva da Luz, da 6\u00aa Vara da Justi\u00e7a Federal em Bras\u00edlia.<\/p>\n<p>No entanto, em 27 de agosto,\u00a0<a href=\"https:\/\/www.brasildefato.com.br\/2020\/03\/04\/para-cooptar-liderancas-pastor-oferece-cargos-para-indigenas-na-funai\" target=\"_blank\" rel=\"noopener\">o ind\u00edgena<\/a>\u00a0mats\u00e9, Jaime Mayoruna foi nomeado para exercer o cargo de Coordenador da Frente de Prote\u00e7\u00e3o Etnoambiental Vale do Jari, no Amazonas, onde consta o maior n\u00famero de isolados do Brasil. O ind\u00edgena foi contactado\u00a0por Lopes Dias, em Palmeira do Javari, no Amazonas.<\/p>\n<p>O funcion\u00e1rio ligado \u00e0 Funai e Sesai conta que n\u00e3o \u00e9 segredo que diversas etnias foram extintas na Am\u00e9rica como um todo devido ao avan\u00e7o de doen\u00e7as na Amaz\u00f4nia. Na\u00a0<a href=\"https:\/\/terrasindigenas.org.br\/pt-br\/terras-indigenas\/3774\" target=\"_blank\" rel=\"noopener\">TI Nhamund\u00e1<\/a>, os n\u00e3o ind\u00edgenas relatam a presen\u00e7a de muitos povos isolados, que geralmente s\u00e3o migrantes e o risco do contato \u00e9 justamente pelo genoc\u00eddio.<\/p>\n<p><a href=\"https:\/\/www.brasildefato.com.br\/2019\/01\/21\/intolerancia-religiosa-e-estrategia-para-dominar-territorios-indigenas\" target=\"_blank\" rel=\"noopener\">:: Evangeliza\u00e7\u00e3o \u00e9 ferramenta para dominar territ\u00f3rios ind\u00edgenas desde 1500 ::<\/a><\/p>\n<p>&#8220;Essas pessoas s\u00e3o muito fr\u00e1geis. Desde 1500 eles passam por uma onda de epidemias \u00a0como essa que estamos vendo agora de coronav\u00edrus. Sob v\u00e1rios aspectos eles j\u00e1 viveram diversas vezes eventos que podemos chamar de &#8220;fim de mundo&#8221;, diz ele.<\/p>\n<p>A atua\u00e7\u00e3o de evangelizadores levou organiza\u00e7\u00f5es que atuam em defesa da causa ind\u00edgena a apresentarem um relat\u00f3rio na\u00a0<a href=\"https:\/\/www.redebrasilatual.com.br\/cidadania\/2020\/03\/governo-bolsonaro-e-denunciado-na-onu-por-ameaca-de-genocidio-de-indigenas-isolados\/\" target=\"_blank\" rel=\"noopener\">Comiss\u00e3o de Direitos Humanos da ONU<\/a>.\u00a0O relat\u00f3rio aponta que o desmonte nas pol\u00edticas ambientais do governo Bolsonaro s\u00e3o respons\u00e1veis por agravar a situa\u00e7\u00e3o dos povos isolados e\u00a0a Funai \u00e9 o \u00f3rg\u00e3o com pior situa\u00e7\u00e3o.<\/p>\n<p class=\"ckeditor-subtitle\">A viol\u00eancia contra os ind\u00edgenas<\/p>\n<p>Bolsonaro, desde a campanha, deixou claro que n\u00e3o teria compromisso com a preserva\u00e7\u00e3o dos povos ind\u00edgenas. Para o historiador M\u00e1rcio Couto Henrique, doutor em hist\u00f3ria pela da Universidade Federal do Par\u00e1 (UFPA), a nomea\u00e7\u00e3o de Lopes uma prova disso.<\/p>\n<p>&#8220;A escolha que ele fez, de um evang\u00e9lico na coordena\u00e7\u00e3o de \u00edndios isolados tem a ver com esse pensamento dele de que \u00e9 necess\u00e1rio civilizar o \u00edndio. O discurso do Bolsonaro \u00e9 um discurso totalmente atrasado, preconceituoso e \u00e9 um discurso de viol\u00eancia contra as popula\u00e7\u00f5es ind\u00edgenas&#8221;, refor\u00e7a.<\/p>\n<p><a href=\"https:\/\/www.brasildefatomg.com.br\/2018\/01\/16\/ditadura-militar-a-terrivel-violencia-contra-os-indios-em-mg\" target=\"_blank\" rel=\"noopener\">::\u00a0Ditadura militar: a terr\u00edvel viol\u00eancia contra os \u00edndios em MG ::<\/a><\/p>\n<p>Couto destaca que o presidente est\u00e1 indo contra a pr\u00f3pria constitui\u00e7\u00e3o brasileira em suas a\u00e7\u00f5es.<\/p>\n<p>&#8220;A constitui\u00e7\u00e3o garante a esses grupos, que n\u00f3s chamamos de isolados o direito de n\u00e3o manter contato e o Estado deveria garantir a prote\u00e7\u00e3o. Garantir a esses \u00edndios o direito que eles t\u00eam legalmente de fazer contato ou n\u00e3o, de fazer contato de bem quando fosse conveniente para eles, mas quando o Bolsonaro escolhe um evang\u00e9lico para esse cargo t\u00e3o importante, ele est\u00e1 sinalizando que esse cidad\u00e3o vai colocar em pr\u00e1tica essa perspectiva da evangeliza\u00e7\u00e3o, que vai ser uma verdadeira trag\u00e9dia para os povos isolados do Brasil&#8221;, analisa.<\/p>\n<p class=\"editor\">Edi\u00e7\u00e3o no Brasil de Fato por: Daniel Lamir<\/p>\n<p><a href=\"https:\/\/www.brasildefato.com.br\/2020\/12\/13\/bolsonaro-avanca-contra-indigenas-isolados\">Link para a mat\u00e9ria original do nosso parceiro<\/a><\/p>\n","protected":false},"excerpt":{"rendered":"<p>Por Catarina Barbosa &#8211; Brasil de Fato | Bel\u00e9m (PA) &nbsp; Intitulado &#8220;Bar\u00e3o do Rio Branco&#8221;, o &#8220;polo de desenvolvimento&#8221; prev\u00ea projetos\u00a0em cima de terras ind\u00edgenas &nbsp; A miss\u00e3o de evangelizar ind\u00edgenas est\u00e1\u00a0associada ao debate\u00a0sobre a quest\u00e3o territorial\u00a0de\u00a0etnias brasileiras. Um&hellip;<\/p>\n","protected":false},"author":44,"featured_media":1261104,"comment_status":"closed","ping_status":"closed","sticky":false,"template":"","format":"standard","meta":{"footnotes":""},"categories":[104,117,116,115,111,20610],"tags":[],"class_list":["post-1261092","post","type-post","status-publish","format-standard","has-post-thumbnail","hentry","category-america-do-sul","category-povos-originarios","category-direitos-humanos","category-ecologia-e-meio-ambiente","category-politica-pt-pt","category-sem-categoria"],"yoast_head":"<!-- This site is optimized with the Yoast SEO plugin v27.1.1 - https:\/\/yoast.com\/product\/yoast-seo-wordpress\/ -->\n<title>Bolsonaro avan\u00e7a contra ind\u00edgenas isolados<\/title>\n<meta name=\"description\" content=\"Por Catarina Barbosa - Brasil de Fato | Bel\u00e9m (PA) &nbsp; Intitulado &quot;Bar\u00e3o do Rio Branco&quot;, o &quot;polo de desenvolvimento&quot; prev\u00ea projetos\u00a0em cima de terras\" \/>\n<meta name=\"robots\" content=\"index, follow, max-snippet:-1, max-image-preview:large, max-video-preview:-1\" \/>\n<link rel=\"canonical\" href=\"https:\/\/www.pressenza.com\/pt-pt\/2020\/12\/bolsonaro-avanca-contra-indigenas-isolados\/\" \/>\n<meta property=\"og:locale\" content=\"pt_PT\" \/>\n<meta property=\"og:type\" content=\"article\" \/>\n<meta property=\"og:title\" content=\"Bolsonaro avan\u00e7a contra ind\u00edgenas isolados\" \/>\n<meta property=\"og:description\" content=\"Por Catarina Barbosa - Brasil de Fato | Bel\u00e9m (PA) &nbsp; Intitulado &quot;Bar\u00e3o do Rio Branco&quot;, o &quot;polo de desenvolvimento&quot; prev\u00ea projetos\u00a0em cima de terras\" \/>\n<meta property=\"og:url\" content=\"https:\/\/www.pressenza.com\/pt-pt\/2020\/12\/bolsonaro-avanca-contra-indigenas-isolados\/\" \/>\n<meta property=\"og:site_name\" content=\"Pressenza\" \/>\n<meta property=\"article:publisher\" content=\"https:\/\/www.facebook.com\/PressenzaItalia\" \/>\n<meta property=\"article:author\" content=\"https:\/\/www.facebook.com\/PressenzaPortugues\" \/>\n<meta property=\"article:published_time\" content=\"2020-12-14T11:06:22+00:00\" \/>\n<meta property=\"og:image\" content=\"https:\/\/www.pressenza.com\/wp-content\/uploads\/2020\/12\/brasil-de-fato.jpeg\" \/>\n\t<meta property=\"og:image:width\" content=\"800\" \/>\n\t<meta property=\"og:image:height\" content=\"393\" \/>\n\t<meta property=\"og:image:type\" content=\"image\/jpeg\" \/>\n<meta name=\"author\" content=\"Reda\u00e7\u00e3o S\u00e3o Paulo\" \/>\n<meta name=\"twitter:card\" content=\"summary_large_image\" \/>\n<meta name=\"twitter:creator\" content=\"@pressenza_pt\" \/>\n<meta name=\"twitter:site\" content=\"@PressenzaIPA\" \/>\n<meta name=\"twitter:label1\" content=\"Escrito por\" \/>\n\t<meta name=\"twitter:data1\" content=\"Reda\u00e7\u00e3o S\u00e3o Paulo\" \/>\n\t<meta name=\"twitter:label2\" content=\"Tempo estimado de leitura\" \/>\n\t<meta name=\"twitter:data2\" content=\"6 minutos\" \/>\n<script type=\"application\/ld+json\" class=\"yoast-schema-graph\">{\"@context\":\"https:\/\/schema.org\",\"@graph\":[{\"@type\":\"Article\",\"@id\":\"https:\/\/www.pressenza.com\/pt-pt\/2020\/12\/bolsonaro-avanca-contra-indigenas-isolados\/#article\",\"isPartOf\":{\"@id\":\"https:\/\/www.pressenza.com\/pt-pt\/2020\/12\/bolsonaro-avanca-contra-indigenas-isolados\/\"},\"author\":{\"name\":\"Reda\u00e7\u00e3o S\u00e3o Paulo\",\"@id\":\"https:\/\/www.pressenza.com\/pt-pt\/#\/schema\/person\/d171826afb7693cfc394da95892bfd93\"},\"headline\":\"Bolsonaro avan\u00e7a contra ind\u00edgenas isolados\",\"datePublished\":\"2020-12-14T11:06:22+00:00\",\"mainEntityOfPage\":{\"@id\":\"https:\/\/www.pressenza.com\/pt-pt\/2020\/12\/bolsonaro-avanca-contra-indigenas-isolados\/\"},\"wordCount\":1151,\"publisher\":{\"@id\":\"https:\/\/www.pressenza.com\/pt-pt\/#organization\"},\"image\":{\"@id\":\"https:\/\/www.pressenza.com\/pt-pt\/2020\/12\/bolsonaro-avanca-contra-indigenas-isolados\/#primaryimage\"},\"thumbnailUrl\":\"https:\/\/www.pressenza.com\/wp-content\/uploads\/2020\/12\/brasil-de-fato.jpeg\",\"articleSection\":[\"\u00c1m\u00e9rica do Sul\",\"Assuntos ind\u00edgenas\",\"Direitos Humanos\",\"Ecologia e Meio Ambiente\",\"Pol\u00edtica\"],\"inLanguage\":\"pt-PT\"},{\"@type\":\"WebPage\",\"@id\":\"https:\/\/www.pressenza.com\/pt-pt\/2020\/12\/bolsonaro-avanca-contra-indigenas-isolados\/\",\"url\":\"https:\/\/www.pressenza.com\/pt-pt\/2020\/12\/bolsonaro-avanca-contra-indigenas-isolados\/\",\"name\":\"Bolsonaro avan\u00e7a contra ind\u00edgenas isolados\",\"isPartOf\":{\"@id\":\"https:\/\/www.pressenza.com\/pt-pt\/#website\"},\"primaryImageOfPage\":{\"@id\":\"https:\/\/www.pressenza.com\/pt-pt\/2020\/12\/bolsonaro-avanca-contra-indigenas-isolados\/#primaryimage\"},\"image\":{\"@id\":\"https:\/\/www.pressenza.com\/pt-pt\/2020\/12\/bolsonaro-avanca-contra-indigenas-isolados\/#primaryimage\"},\"thumbnailUrl\":\"https:\/\/www.pressenza.com\/wp-content\/uploads\/2020\/12\/brasil-de-fato.jpeg\",\"datePublished\":\"2020-12-14T11:06:22+00:00\",\"description\":\"Por Catarina Barbosa - Brasil de Fato | Bel\u00e9m (PA) &nbsp; Intitulado \\\"Bar\u00e3o do Rio Branco\\\", o \\\"polo de desenvolvimento\\\" prev\u00ea projetos\u00a0em cima de terras\",\"breadcrumb\":{\"@id\":\"https:\/\/www.pressenza.com\/pt-pt\/2020\/12\/bolsonaro-avanca-contra-indigenas-isolados\/#breadcrumb\"},\"inLanguage\":\"pt-PT\",\"potentialAction\":[{\"@type\":\"ReadAction\",\"target\":[\"https:\/\/www.pressenza.com\/pt-pt\/2020\/12\/bolsonaro-avanca-contra-indigenas-isolados\/\"]}]},{\"@type\":\"ImageObject\",\"inLanguage\":\"pt-PT\",\"@id\":\"https:\/\/www.pressenza.com\/pt-pt\/2020\/12\/bolsonaro-avanca-contra-indigenas-isolados\/#primaryimage\",\"url\":\"https:\/\/www.pressenza.com\/wp-content\/uploads\/2020\/12\/brasil-de-fato.jpeg\",\"contentUrl\":\"https:\/\/www.pressenza.com\/wp-content\/uploads\/2020\/12\/brasil-de-fato.jpeg\",\"width\":800,\"height\":393},{\"@type\":\"BreadcrumbList\",\"@id\":\"https:\/\/www.pressenza.com\/pt-pt\/2020\/12\/bolsonaro-avanca-contra-indigenas-isolados\/#breadcrumb\",\"itemListElement\":[{\"@type\":\"ListItem\",\"position\":1,\"name\":\"Accueil\",\"item\":\"https:\/\/www.pressenza.com\/pt-pt\/\"},{\"@type\":\"ListItem\",\"position\":2,\"name\":\"Bolsonaro avan\u00e7a contra ind\u00edgenas isolados\"}]},{\"@type\":\"WebSite\",\"@id\":\"https:\/\/www.pressenza.com\/pt-pt\/#website\",\"url\":\"https:\/\/www.pressenza.com\/pt-pt\/\",\"name\":\"Pressenza\",\"description\":\"International Press Agency\",\"publisher\":{\"@id\":\"https:\/\/www.pressenza.com\/pt-pt\/#organization\"},\"potentialAction\":[{\"@type\":\"SearchAction\",\"target\":{\"@type\":\"EntryPoint\",\"urlTemplate\":\"https:\/\/www.pressenza.com\/pt-pt\/?s={search_term_string}\"},\"query-input\":{\"@type\":\"PropertyValueSpecification\",\"valueRequired\":true,\"valueName\":\"search_term_string\"}}],\"inLanguage\":\"pt-PT\"},{\"@type\":\"Organization\",\"@id\":\"https:\/\/www.pressenza.com\/pt-pt\/#organization\",\"name\":\"Pressenza\",\"url\":\"https:\/\/www.pressenza.com\/pt-pt\/\",\"logo\":{\"@type\":\"ImageObject\",\"inLanguage\":\"pt-PT\",\"@id\":\"https:\/\/www.pressenza.com\/pt-pt\/#\/schema\/logo\/image\/\",\"url\":\"https:\/\/www.pressenza.com\/wp-content\/uploads\/2022\/10\/pressenza_logo_200x200.jpg\",\"contentUrl\":\"https:\/\/www.pressenza.com\/wp-content\/uploads\/2022\/10\/pressenza_logo_200x200.jpg\",\"width\":200,\"height\":200,\"caption\":\"Pressenza\"},\"image\":{\"@id\":\"https:\/\/www.pressenza.com\/pt-pt\/#\/schema\/logo\/image\/\"},\"sameAs\":[\"https:\/\/www.facebook.com\/PressenzaItalia\",\"https:\/\/x.com\/PressenzaIPA\"]},{\"@type\":\"Person\",\"@id\":\"https:\/\/www.pressenza.com\/pt-pt\/#\/schema\/person\/d171826afb7693cfc394da95892bfd93\",\"name\":\"Reda\u00e7\u00e3o S\u00e3o Paulo\",\"description\":\"News from the Pressenza bureau in Sao Paulo, Brazil\",\"sameAs\":[\"https:\/\/www.facebook.com\/PressenzaPortugues\",\"https:\/\/x.com\/pressenza_pt\"],\"url\":\"https:\/\/www.pressenza.com\/pt-pt\/author\/redaccao-sao-paulo\/\"}]}<\/script>\n<!-- \/ Yoast SEO plugin. -->","yoast_head_json":{"title":"Bolsonaro avan\u00e7a contra ind\u00edgenas isolados","description":"Por Catarina Barbosa - Brasil de Fato | Bel\u00e9m (PA) &nbsp; Intitulado \"Bar\u00e3o do Rio Branco\", o \"polo de desenvolvimento\" prev\u00ea projetos\u00a0em cima de terras","robots":{"index":"index","follow":"follow","max-snippet":"max-snippet:-1","max-image-preview":"max-image-preview:large","max-video-preview":"max-video-preview:-1"},"canonical":"https:\/\/www.pressenza.com\/pt-pt\/2020\/12\/bolsonaro-avanca-contra-indigenas-isolados\/","og_locale":"pt_PT","og_type":"article","og_title":"Bolsonaro avan\u00e7a contra ind\u00edgenas isolados","og_description":"Por Catarina Barbosa - Brasil de Fato | Bel\u00e9m (PA) &nbsp; Intitulado \"Bar\u00e3o do Rio Branco\", o \"polo de desenvolvimento\" prev\u00ea projetos\u00a0em cima de terras","og_url":"https:\/\/www.pressenza.com\/pt-pt\/2020\/12\/bolsonaro-avanca-contra-indigenas-isolados\/","og_site_name":"Pressenza","article_publisher":"https:\/\/www.facebook.com\/PressenzaItalia","article_author":"https:\/\/www.facebook.com\/PressenzaPortugues","article_published_time":"2020-12-14T11:06:22+00:00","og_image":[{"width":800,"height":393,"url":"https:\/\/www.pressenza.com\/wp-content\/uploads\/2020\/12\/brasil-de-fato.jpeg","type":"image\/jpeg"}],"author":"Reda\u00e7\u00e3o S\u00e3o Paulo","twitter_card":"summary_large_image","twitter_creator":"@pressenza_pt","twitter_site":"@PressenzaIPA","twitter_misc":{"Escrito por":"Reda\u00e7\u00e3o S\u00e3o Paulo","Tempo estimado de leitura":"6 minutos"},"schema":{"@context":"https:\/\/schema.org","@graph":[{"@type":"Article","@id":"https:\/\/www.pressenza.com\/pt-pt\/2020\/12\/bolsonaro-avanca-contra-indigenas-isolados\/#article","isPartOf":{"@id":"https:\/\/www.pressenza.com\/pt-pt\/2020\/12\/bolsonaro-avanca-contra-indigenas-isolados\/"},"author":{"name":"Reda\u00e7\u00e3o S\u00e3o Paulo","@id":"https:\/\/www.pressenza.com\/pt-pt\/#\/schema\/person\/d171826afb7693cfc394da95892bfd93"},"headline":"Bolsonaro avan\u00e7a contra ind\u00edgenas isolados","datePublished":"2020-12-14T11:06:22+00:00","mainEntityOfPage":{"@id":"https:\/\/www.pressenza.com\/pt-pt\/2020\/12\/bolsonaro-avanca-contra-indigenas-isolados\/"},"wordCount":1151,"publisher":{"@id":"https:\/\/www.pressenza.com\/pt-pt\/#organization"},"image":{"@id":"https:\/\/www.pressenza.com\/pt-pt\/2020\/12\/bolsonaro-avanca-contra-indigenas-isolados\/#primaryimage"},"thumbnailUrl":"https:\/\/www.pressenza.com\/wp-content\/uploads\/2020\/12\/brasil-de-fato.jpeg","articleSection":["\u00c1m\u00e9rica do Sul","Assuntos ind\u00edgenas","Direitos Humanos","Ecologia e Meio Ambiente","Pol\u00edtica"],"inLanguage":"pt-PT"},{"@type":"WebPage","@id":"https:\/\/www.pressenza.com\/pt-pt\/2020\/12\/bolsonaro-avanca-contra-indigenas-isolados\/","url":"https:\/\/www.pressenza.com\/pt-pt\/2020\/12\/bolsonaro-avanca-contra-indigenas-isolados\/","name":"Bolsonaro avan\u00e7a contra ind\u00edgenas isolados","isPartOf":{"@id":"https:\/\/www.pressenza.com\/pt-pt\/#website"},"primaryImageOfPage":{"@id":"https:\/\/www.pressenza.com\/pt-pt\/2020\/12\/bolsonaro-avanca-contra-indigenas-isolados\/#primaryimage"},"image":{"@id":"https:\/\/www.pressenza.com\/pt-pt\/2020\/12\/bolsonaro-avanca-contra-indigenas-isolados\/#primaryimage"},"thumbnailUrl":"https:\/\/www.pressenza.com\/wp-content\/uploads\/2020\/12\/brasil-de-fato.jpeg","datePublished":"2020-12-14T11:06:22+00:00","description":"Por Catarina Barbosa - Brasil de Fato | Bel\u00e9m (PA) &nbsp; Intitulado \"Bar\u00e3o do Rio Branco\", o \"polo de desenvolvimento\" prev\u00ea projetos\u00a0em cima de terras","breadcrumb":{"@id":"https:\/\/www.pressenza.com\/pt-pt\/2020\/12\/bolsonaro-avanca-contra-indigenas-isolados\/#breadcrumb"},"inLanguage":"pt-PT","potentialAction":[{"@type":"ReadAction","target":["https:\/\/www.pressenza.com\/pt-pt\/2020\/12\/bolsonaro-avanca-contra-indigenas-isolados\/"]}]},{"@type":"ImageObject","inLanguage":"pt-PT","@id":"https:\/\/www.pressenza.com\/pt-pt\/2020\/12\/bolsonaro-avanca-contra-indigenas-isolados\/#primaryimage","url":"https:\/\/www.pressenza.com\/wp-content\/uploads\/2020\/12\/brasil-de-fato.jpeg","contentUrl":"https:\/\/www.pressenza.com\/wp-content\/uploads\/2020\/12\/brasil-de-fato.jpeg","width":800,"height":393},{"@type":"BreadcrumbList","@id":"https:\/\/www.pressenza.com\/pt-pt\/2020\/12\/bolsonaro-avanca-contra-indigenas-isolados\/#breadcrumb","itemListElement":[{"@type":"ListItem","position":1,"name":"Accueil","item":"https:\/\/www.pressenza.com\/pt-pt\/"},{"@type":"ListItem","position":2,"name":"Bolsonaro avan\u00e7a contra ind\u00edgenas isolados"}]},{"@type":"WebSite","@id":"https:\/\/www.pressenza.com\/pt-pt\/#website","url":"https:\/\/www.pressenza.com\/pt-pt\/","name":"Pressenza","description":"International Press Agency","publisher":{"@id":"https:\/\/www.pressenza.com\/pt-pt\/#organization"},"potentialAction":[{"@type":"SearchAction","target":{"@type":"EntryPoint","urlTemplate":"https:\/\/www.pressenza.com\/pt-pt\/?s={search_term_string}"},"query-input":{"@type":"PropertyValueSpecification","valueRequired":true,"valueName":"search_term_string"}}],"inLanguage":"pt-PT"},{"@type":"Organization","@id":"https:\/\/www.pressenza.com\/pt-pt\/#organization","name":"Pressenza","url":"https:\/\/www.pressenza.com\/pt-pt\/","logo":{"@type":"ImageObject","inLanguage":"pt-PT","@id":"https:\/\/www.pressenza.com\/pt-pt\/#\/schema\/logo\/image\/","url":"https:\/\/www.pressenza.com\/wp-content\/uploads\/2022\/10\/pressenza_logo_200x200.jpg","contentUrl":"https:\/\/www.pressenza.com\/wp-content\/uploads\/2022\/10\/pressenza_logo_200x200.jpg","width":200,"height":200,"caption":"Pressenza"},"image":{"@id":"https:\/\/www.pressenza.com\/pt-pt\/#\/schema\/logo\/image\/"},"sameAs":["https:\/\/www.facebook.com\/PressenzaItalia","https:\/\/x.com\/PressenzaIPA"]},{"@type":"Person","@id":"https:\/\/www.pressenza.com\/pt-pt\/#\/schema\/person\/d171826afb7693cfc394da95892bfd93","name":"Reda\u00e7\u00e3o S\u00e3o Paulo","description":"News from the Pressenza bureau in Sao Paulo, Brazil","sameAs":["https:\/\/www.facebook.com\/PressenzaPortugues","https:\/\/x.com\/pressenza_pt"],"url":"https:\/\/www.pressenza.com\/pt-pt\/author\/redaccao-sao-paulo\/"}]}},"place":"","original_article_url":"","_links":{"self":[{"href":"https:\/\/www.pressenza.com\/pt-pt\/wp-json\/wp\/v2\/posts\/1261092","targetHints":{"allow":["GET"]}}],"collection":[{"href":"https:\/\/www.pressenza.com\/pt-pt\/wp-json\/wp\/v2\/posts"}],"about":[{"href":"https:\/\/www.pressenza.com\/pt-pt\/wp-json\/wp\/v2\/types\/post"}],"author":[{"embeddable":true,"href":"https:\/\/www.pressenza.com\/pt-pt\/wp-json\/wp\/v2\/users\/44"}],"replies":[{"embeddable":true,"href":"https:\/\/www.pressenza.com\/pt-pt\/wp-json\/wp\/v2\/comments?post=1261092"}],"version-history":[{"count":0,"href":"https:\/\/www.pressenza.com\/pt-pt\/wp-json\/wp\/v2\/posts\/1261092\/revisions"}],"wp:featuredmedia":[{"embeddable":true,"href":"https:\/\/www.pressenza.com\/pt-pt\/wp-json\/wp\/v2\/media\/1261104"}],"wp:attachment":[{"href":"https:\/\/www.pressenza.com\/pt-pt\/wp-json\/wp\/v2\/media?parent=1261092"}],"wp:term":[{"taxonomy":"category","embeddable":true,"href":"https:\/\/www.pressenza.com\/pt-pt\/wp-json\/wp\/v2\/categories?post=1261092"},{"taxonomy":"post_tag","embeddable":true,"href":"https:\/\/www.pressenza.com\/pt-pt\/wp-json\/wp\/v2\/tags?post=1261092"}],"curies":[{"name":"wp","href":"https:\/\/api.w.org\/{rel}","templated":true}]}}