{"id":1257992,"date":"2020-12-09T20:45:16","date_gmt":"2020-12-09T20:45:16","guid":{"rendered":"https:\/\/www.pressenza.com\/?p=1257992"},"modified":"2020-12-09T20:45:16","modified_gmt":"2020-12-09T20:45:16","slug":"no-oriente-medio-as-palavras-fogem-pelos-muros-das-penitenciarias-para-inspirar-liberdade-e-esperanca","status":"publish","type":"post","link":"https:\/\/www.pressenza.com\/pt-pt\/2020\/12\/no-oriente-medio-as-palavras-fogem-pelos-muros-das-penitenciarias-para-inspirar-liberdade-e-esperanca\/","title":{"rendered":"No Oriente M\u00e9dio, as palavras fogem pelos muros das penitenci\u00e1rias para inspirar liberdade e esperan\u00e7a"},"content":{"rendered":"<p><em>Este post foi escrito <\/em><a href=\"https:\/\/twitter.com\/khalidibrahim12\" target=\"_blank\" rel=\"noopener noreferrer\"><em>por Khalid Ibrahim<\/em><\/a><em>, diretor-executivo do <\/em><a href=\"http:\/\/www.gc4hr.org\/\" target=\"_blank\" rel=\"noopener noreferrer\"><em>Centro do Golfo para os Direitos Humanos<\/em><\/a><em> (GCHR), uma organiza\u00e7\u00e3o independente e sem fins lucrativos que promove a liberdade de express\u00e3o, associa\u00e7\u00e3o e reuni\u00e3o pac\u00edfica na<\/em> <em>regi\u00e3o dos pa\u00edses do Norte da \u00c1frica e do Oriente M\u00e9dio, conhecida como<\/em> <a href=\"https:\/\/en.wikipedia.org\/wiki\/MENA\" target=\"_blank\" rel=\"noopener noreferrer\"><em>MENA<\/em><\/a><em>.<\/em><\/p>\n<p>Os defensores dos direitos humanos n\u00e3o t\u00eam armas, al\u00e9m de palavras, para defender os direitos humanos e garantias civis do seu povo. Seus inimigos, por outro lado, t\u00eam todas as armas convencionais \u00e0 sua disposi\u00e7\u00e3o, incluindo a pris\u00e3o, em sua tentativa de acabar com o trabalho pac\u00edfico destinado a construir um futuro pr\u00f3spero para todos os cidad\u00e3os.<\/p>\n<p>N\u00e3o obstante, o ativismo pelos direitos humanos segue em marcha firme, ainda que confinado numa cela de penitenci\u00e1ria. \u201cO trabalho dos defensores dos direitos humanos n\u00e3o termina com a pris\u00e3o dos ativistas\u201d, diz um defensor dos direitos humanos no Bahrein, <a href=\"https:\/\/en.wikipedia.org\/wiki\/Abdulhadi_al-Khawaja\" target=\"_blank\" rel=\"noopener noreferrer\">Abdulhadi Al-Khawaja<\/a>, que em 2017 fez seis <a href=\"https:\/\/www.gc4hr.org\/news\/view\/1547\" target=\"_blank\" rel=\"noopener noreferrer\">greves de fome<\/a> para exigir seus direitos e os de outros prisioneiros de consci\u00eancia, que tamb\u00e9m lutam pela mesma causa, enquanto ele cumpria pris\u00e3o perp\u00e9tua por sua luta, diga-se de passagem pac\u00edfica, pelos direitos humanos.<\/p>\n<p>Suas palavras inspiraram <a href=\"https:\/\/www.gc4hr.org\/news\/view\/2500\" target=\"_blank\" rel=\"noopener noreferrer\">um evento<\/a> on-line em \u00e1rabe, ingl\u00eas e persa. \u201cO Prisioneiro e a Caneta\u201d foi o evento realizado pelo <a href=\"https:\/\/www.gc4hr.org\/\" target=\"_blank\" rel=\"noopener noreferrer\">Centro do Golfo para os Direitos Humanos<\/a> (GCHR) em parceria com a <a href=\"https:\/\/www.amnesty.org.uk\/groups\/westminster-bayswater\" target=\"_blank\" rel=\"noopener noreferrer\">Anistia Westminster Bayswater<\/a>, em 22 de outubro de 2020. Aqui apresentamos alguns dos pensamentos dos defensores dos direitos humanos presos e de outros que participaram desse evento.<\/p>\n<p>Em seu poema, \u201cCarta ao meu pai\u201d, <a href=\"https:\/\/en.wikipedia.org\/wiki\/Maryam_al-Khawaja\" target=\"_blank\" rel=\"noopener noreferrer\">Maryam Al-Khawaja<\/a>, <a href=\"https:\/\/twitter.com\/MARYAMALKHAWAJA\" target=\"_blank\" rel=\"noopener noreferrer\">uma ativista<\/a> declarada, resume o vulc\u00e3o de dor que assola os cora\u00e7\u00f5es das fam\u00edlias dos prisioneiros de consci\u00eancia:<\/p>\n<p style=\"padding-left: 40px;\"><em>Como eu poderia te dizer<\/em><em><br \/>\n<\/em><em>Que h\u00e1 dias em que desejo ardentemente voltar a ser crian\u00e7a<\/em><em><br \/>\n<\/em><em>Para viver num mundo em que pensava ter entendido<br \/>\nNum mundo em que me sentia segura<\/em><em><br \/>\n<\/em><em>Porque voc\u00ea e mam\u00e3e eram meus super-her\u00f3is<\/em><\/p>\n<p>Em outra parte, expressando sua decep\u00e7\u00e3o por n\u00e3o realizar seus sonhos em um mundo livre e justo, ela acrescenta:<\/p>\n<p style=\"padding-left: 40px;\"><em>Baba, voc\u00ea esteve na pris\u00e3o do inimigo por nove anos<\/em><em><br \/>\n<\/em><em>E para me entender,<\/em><em><br \/>\n<\/em><em>Preciso te contar sobre o mundo<\/em><em><br \/>\n<\/em><em>Sobre os sonhos que tivemos<\/em><em><br \/>\n<\/em><em>Sobre os sonhos pelos quais lutamos<\/em><em><br \/>\n<\/em><em>O pre\u00e7o que voc\u00ea pagou para que suas filhas pudessem crescer em um mundo melhor<\/em><em><br \/>\n<\/em><em>N\u00e3o foi como esper\u00e1vamos<\/em><\/p>\n<p>Em seguida, ela fala com for\u00e7a e clareza do apoio que os governos repressivos est\u00e3o recebendo, bem como do sofrimento que os ativistas t\u00eam que enfrentar, enquanto buscam um ref\u00fagio seguro:<\/p>\n<p style=\"padding-left: 40px;\"><em>E o sofrimento dos imigrantes ativistas<\/em><em><br \/>\n<\/em><em>Vivemos no mesmo mundo<\/em><em><br \/>\n<\/em><em>Onde o Ocidente fala sobre direitos humanos<\/em><em><br \/>\n<\/em><em>Mas apoia aqueles que os violam<\/em><em><br \/>\n<\/em><em>Em nome da gera\u00e7\u00e3o de empregos e da economia<\/em><em><br \/>\n<\/em><em>Em seguida, ergue a sua horrenda cabe\u00e7a<\/em><em><br \/>\n<\/em><em>Contra aqueles que se atrevem a buscar ref\u00fagio dos que se insurgem<\/em><em><br \/>\n<\/em><em>Para puni-los pelo simples fato de existirem\u00a0<\/em><\/p>\n<p><a href=\"https:\/\/www.gc4hr.org\/news\/view\/2496\" target=\"_blank\" rel=\"noopener noreferrer\">Ahmed Mansoor<\/a> \u00e9 um poeta sonhador, que espalha o amor como gotas suaves de chuva em todos \u00e0 sua volta, e diz: \u201cVou fazer um sol para voc\u00ea com as minhas m\u00e3os e pendur\u00e1-lo na varanda do meu cora\u00e7\u00e3o.\u201d Em 2007, o poeta dos Emirados \u00c1rabes Unidos publicou sua primeira antologia, intitulada <em>Beyond the Failure<\/em> (<em>Al\u00e9m do Fracasso<\/em>, em tradu\u00e7\u00e3o livre<em>)<\/em>. Um trecho de um dos poemas dessa cole\u00e7\u00e3o, intitulado &#8220;Excesso de Fogo\u201d, fala sobre o tempo e a dor:<\/p>\n<p style=\"padding-left: 40px;\"><em>O tempo n\u00e3o suporta mais minha ferida<\/em><em><br \/>\n<\/em><em>At\u00e9 porque n\u00e3o tenho ferida, assim como n\u00e3o existe o tempo e a consola\u00e7\u00e3o<\/em><\/p>\n<p><a href=\"https:\/\/www.gc4hr.org\/news\/view\/1178\" target=\"_blank\" rel=\"noopener noreferrer\">Razan Zaitouneh<\/a> \u00e9 uma advogada s\u00edria que litiga na \u00e1rea de direitos humanos e \u00e9 uma ativista que optou por viver entre seu povo, compartilhar da sua dor, ajud\u00e1-los e n\u00e3o tentou fugir das graves amea\u00e7as que recebeu antes de <a href=\"https:\/\/syriadirect.org\/news\/%D4a-person-who-believed%D5-remembering-razan-zaitouneh-on-her-41st-birthday\/\" target=\"_blank\" rel=\"noopener noreferrer\">seu sequestro<\/a>, apesar das ofertas que recebeu para emigrar para o Ocidente. Ela viveu o cerco em Ghouta, na plan\u00edcie rural que cerca a cidade de Damasco, e em 18 de novembro de 2013, escreveu um artigo chamado <a href=\"https:\/\/www.facebook.com\/photo.php?fbid=539541876135508&amp;amp;l=fdc7d23b1b\" target=\"_blank\" rel=\"noopener noreferrer\">Nos Di\u00e1rios do Cerco\u2026 A resist\u00eancia \u00e9 consumida pela espera<\/a>, no qual declarou que:<\/p>\n<p>\u201cEu estava destinada a passar por essa experi\u00eancia de ficar sitiada com uma amiga que passou muitos anos na pris\u00e3o. Dificilmente um evento como esse transcorre sem que ela compare o cerco \u00e0 pris\u00e3o, dizendo que as duas experi\u00eancias s\u00e3o muito semelhantes, analisando-se por diferentes prismas.\u201d<\/p>\n<p>Proeminente ativista feminista, a<a href=\"https:\/\/twitter.com\/Hala_Aldosari\" target=\"_blank\" rel=\"noopener noreferrer\"> Dra. Hala Al-Dosari<\/a> leu uma carta escrita por <a href=\"https:\/\/www.gc4hr.org\/news\/view\/1883\" target=\"_blank\" rel=\"noopener noreferrer\">Nouf Abdulaziz<\/a>, publicada ap\u00f3s sua pris\u00e3o, em 6 de junho de 2018, incluindo o seguinte par\u00e1grafo que explica a trag\u00e9dia que os defensores e ativistas de direitos humanos enfrentaram, quando foram tratados como inimigos por causa de suas atividades pac\u00edficas pelos direitos humanos:<\/p>\n<p>\u201cOl\u00e1, meu nome \u00e9 Nouf, e n\u00e3o sou uma provocadora, incitadora, destruidora, terrorista, criminosa ou traidora. Sou filha de uma m\u00e3e ador\u00e1vel que sofre por minha causa, como penso, e filha de uma fam\u00edlia honrada e honesta que sofreu muitos danos por causa do que me aconteceu. Eu sou uma estudante de p\u00f3s-gradua\u00e7\u00e3o que nunca teve a chance de concluir formalmente seus estudos. Costumo me resumir em umas poucas caracter\u00edsticas e aqui v\u00e3o elas: escritora, viciada em leitura desde os seis anos de idade e inteligente, segundo meu pai; sou uma garota quieta, exceto pelas perguntas que atormentam a minha mente.\u201d<\/p>\n<p>\u201cNos esfor\u00e7os para concluir esta introdu\u00e7\u00e3o boba, falarei com voc\u00eas e compartilharei algumas das muitas perguntas que fervilham na minha cabe\u00e7a: Por que a nossa p\u00e1tria \u00e9 t\u00e3o pequena e pressionada, e por que sou considerada uma criminosa ou inimiga da p\u00e1tria!\u201d<\/p>\n<p><a href=\"https:\/\/www.gc4hr.org\/news\/view\/2059\" target=\"_blank\" rel=\"noopener noreferrer\">Nassima Al-Sada<\/a> \u00e9 uma proeminente defensora dos direitos humanos da Ar\u00e1bia Saudita, que foi presa em 30 de julho de 2018. Ela escreveu v\u00e1rios artigos defendendo os direitos civis e pol\u00edticos, incluindo os direitos das mulheres, por exemplo, o direito de dirigir um carro. Neste trecho de &#8220;<a href=\"http:\/\/juhaina.in\/?act=artc&amp;id=11941\" target=\"_blank\" rel=\"noopener noreferrer\">Sonhos de 2014 para o Avan\u00e7o da Mulher Saudita<\/a>\u201d, Nassima fala sobre sonhos n\u00e3o concretizados:<\/p>\n<p>\u201cAinda temos um longo caminho pela frente para termos sucesso nas conquistas pelo que ainda resta no que tange aos direitos humanos, que se caracterizam por serem indivis\u00edveis e inalien\u00e1veis. Para que as pessoas possam exercer seus direitos, devem existir mecanismos e procedimentos escritos e uma estrutura institucional eficaz que proteja, monitore e supervisione a sua implementa\u00e7\u00e3o.\u201d<\/p>\n<p>Para finalizar, um trecho do poema \u201c\u00c0 minha m\u00e3e\u201d, do poeta palestino <a href=\"https:\/\/en.wikipedia.org\/wiki\/Mahmoud_Darwish\" target=\"_blank\" rel=\"noopener noreferrer\">Mahmoud Darwish<\/a>:<\/p>\n<p style=\"padding-left: 40px;\"><em>Anseio pelo p\u00e3o da minha m\u00e3e,<br \/>\nAguardo ansiosamente pelo caf\u00e9 da minha m\u00e3e,<br \/>\nPelo toque da minha m\u00e3e penteando meus cabelos.<br \/>\nA inf\u00e2ncia cresce dentro de mim,<br \/>\nDia ap\u00f3s dia, dentro de mim.<br \/>\nE eu prezo tanto pela vida,<br \/>\nPorque, se eu morresse,<br \/>\nAs l\u00e1grimas da minha m\u00e3e me fariam morrer de vergonha.<\/em><\/p>\n<p>Nossos melhores pensamentos que v\u00e3o para os nossos colegas encarcerados n\u00e3o esmorecem, n\u00e3o desaparecem, mas, pelo contr\u00e1rio, crescem dia ap\u00f3s dia, para que os nossos sonhos flores\u00e7am e fa\u00e7am com que os nossos pa\u00edses sejam regidos pelos princ\u00edpios de justi\u00e7a, liberdade, igualdade e dignidade humana.<\/p>\n<hr \/>\n<p><em>Traduzido do ingl\u00eas por Jos\u00e9 Luiz Corr\u00eaa da Silva \/ Revisado por Tha\u00eds Ribeiro Bueno<\/em><\/p>\n","protected":false},"excerpt":{"rendered":"<p>Este post foi escrito por Khalid Ibrahim, diretor-executivo do Centro do Golfo para os Direitos Humanos (GCHR), uma organiza\u00e7\u00e3o independente e sem fins lucrativos que promove a liberdade de express\u00e3o, associa\u00e7\u00e3o e reuni\u00e3o pac\u00edfica na regi\u00e3o dos pa\u00edses do Norte&hellip;<\/p>\n","protected":false},"author":1277,"featured_media":1252708,"comment_status":"closed","ping_status":"closed","sticky":false,"template":"","format":"standard","meta":{"footnotes":""},"categories":[112,116,108,111],"tags":[84971,69584,31823],"class_list":["post-1257992","post","type-post","status-publish","format-standard","has-post-thumbnail","hentry","category-cultura-pt-pt","category-direitos-humanos","category-oriente-medio","category-politica-pt-pt","tag-centro-do-golfo-para-os-direitos-humanos","tag-esperanca","tag-liberdade"],"yoast_head":"<!-- This site is optimized with the Yoast SEO plugin v27.1.1 - https:\/\/yoast.com\/product\/yoast-seo-wordpress\/ -->\n<title>No Oriente M\u00e9dio, as palavras fogem pelos muros das penitenci\u00e1rias para inspirar liberdade e esperan\u00e7a<\/title>\n<meta name=\"description\" content=\"Este post foi escrito por Khalid Ibrahim, diretor-executivo do Centro do Golfo para os Direitos Humanos (GCHR), uma organiza\u00e7\u00e3o independente e sem fins\" \/>\n<meta name=\"robots\" content=\"index, follow, max-snippet:-1, max-image-preview:large, max-video-preview:-1\" \/>\n<link rel=\"canonical\" href=\"https:\/\/www.pressenza.com\/pt-pt\/2020\/12\/no-oriente-medio-as-palavras-fogem-pelos-muros-das-penitenciarias-para-inspirar-liberdade-e-esperanca\/\" \/>\n<meta property=\"og:locale\" content=\"pt_PT\" \/>\n<meta property=\"og:type\" content=\"article\" \/>\n<meta property=\"og:title\" content=\"No Oriente M\u00e9dio, as palavras fogem pelos muros das penitenci\u00e1rias para inspirar liberdade e esperan\u00e7a\" \/>\n<meta property=\"og:description\" content=\"Este post foi escrito por Khalid Ibrahim, diretor-executivo do Centro do Golfo para os Direitos Humanos (GCHR), uma organiza\u00e7\u00e3o independente e sem fins\" \/>\n<meta property=\"og:url\" content=\"https:\/\/www.pressenza.com\/pt-pt\/2020\/12\/no-oriente-medio-as-palavras-fogem-pelos-muros-das-penitenciarias-para-inspirar-liberdade-e-esperanca\/\" \/>\n<meta property=\"og:site_name\" content=\"Pressenza\" \/>\n<meta property=\"article:publisher\" content=\"https:\/\/www.facebook.com\/PressenzaItalia\" \/>\n<meta property=\"article:published_time\" content=\"2020-12-09T20:45:16+00:00\" \/>\n<meta property=\"og:image\" content=\"https:\/\/www.pressenza.com\/wp-content\/uploads\/2020\/12\/cell-1875816_1920.jpg\" \/>\n\t<meta property=\"og:image:width\" content=\"1920\" \/>\n\t<meta property=\"og:image:height\" content=\"1082\" \/>\n\t<meta property=\"og:image:type\" content=\"image\/jpeg\" \/>\n<meta name=\"author\" content=\"Global Voices Online\" \/>\n<meta name=\"twitter:card\" content=\"summary_large_image\" \/>\n<meta name=\"twitter:creator\" content=\"@PressenzaIPA\" \/>\n<meta name=\"twitter:site\" content=\"@PressenzaIPA\" \/>\n<meta name=\"twitter:label1\" content=\"Escrito por\" \/>\n\t<meta name=\"twitter:data1\" content=\"Global Voices Online\" \/>\n\t<meta name=\"twitter:label2\" content=\"Tempo estimado de leitura\" \/>\n\t<meta name=\"twitter:data2\" content=\"6 minutos\" \/>\n<script type=\"application\/ld+json\" class=\"yoast-schema-graph\">{\"@context\":\"https:\/\/schema.org\",\"@graph\":[{\"@type\":\"Article\",\"@id\":\"https:\/\/www.pressenza.com\/pt-pt\/2020\/12\/no-oriente-medio-as-palavras-fogem-pelos-muros-das-penitenciarias-para-inspirar-liberdade-e-esperanca\/#article\",\"isPartOf\":{\"@id\":\"https:\/\/www.pressenza.com\/pt-pt\/2020\/12\/no-oriente-medio-as-palavras-fogem-pelos-muros-das-penitenciarias-para-inspirar-liberdade-e-esperanca\/\"},\"author\":{\"name\":\"Global Voices Online\",\"@id\":\"https:\/\/www.pressenza.com\/pt-pt\/#\/schema\/person\/a6c3e727f5a3eb6cce9a762fc2af8b72\"},\"headline\":\"No Oriente M\u00e9dio, as palavras fogem pelos muros das penitenci\u00e1rias para inspirar liberdade e esperan\u00e7a\",\"datePublished\":\"2020-12-09T20:45:16+00:00\",\"mainEntityOfPage\":{\"@id\":\"https:\/\/www.pressenza.com\/pt-pt\/2020\/12\/no-oriente-medio-as-palavras-fogem-pelos-muros-das-penitenciarias-para-inspirar-liberdade-e-esperanca\/\"},\"wordCount\":1269,\"publisher\":{\"@id\":\"https:\/\/www.pressenza.com\/pt-pt\/#organization\"},\"image\":{\"@id\":\"https:\/\/www.pressenza.com\/pt-pt\/2020\/12\/no-oriente-medio-as-palavras-fogem-pelos-muros-das-penitenciarias-para-inspirar-liberdade-e-esperanca\/#primaryimage\"},\"thumbnailUrl\":\"https:\/\/www.pressenza.com\/wp-content\/uploads\/2020\/12\/cell-1875816_1920.jpg\",\"keywords\":[\"Centro do Golfo para os Direitos Humanos\",\"esperan\u00e7a\",\"Liberdade\"],\"articleSection\":[\"Cultura e M\u00eddia\",\"Direitos Humanos\",\"Oriente M\u00e9dio\",\"Pol\u00edtica\"],\"inLanguage\":\"pt-PT\"},{\"@type\":\"WebPage\",\"@id\":\"https:\/\/www.pressenza.com\/pt-pt\/2020\/12\/no-oriente-medio-as-palavras-fogem-pelos-muros-das-penitenciarias-para-inspirar-liberdade-e-esperanca\/\",\"url\":\"https:\/\/www.pressenza.com\/pt-pt\/2020\/12\/no-oriente-medio-as-palavras-fogem-pelos-muros-das-penitenciarias-para-inspirar-liberdade-e-esperanca\/\",\"name\":\"No Oriente M\u00e9dio, as palavras fogem pelos muros das penitenci\u00e1rias para inspirar liberdade e esperan\u00e7a\",\"isPartOf\":{\"@id\":\"https:\/\/www.pressenza.com\/pt-pt\/#website\"},\"primaryImageOfPage\":{\"@id\":\"https:\/\/www.pressenza.com\/pt-pt\/2020\/12\/no-oriente-medio-as-palavras-fogem-pelos-muros-das-penitenciarias-para-inspirar-liberdade-e-esperanca\/#primaryimage\"},\"image\":{\"@id\":\"https:\/\/www.pressenza.com\/pt-pt\/2020\/12\/no-oriente-medio-as-palavras-fogem-pelos-muros-das-penitenciarias-para-inspirar-liberdade-e-esperanca\/#primaryimage\"},\"thumbnailUrl\":\"https:\/\/www.pressenza.com\/wp-content\/uploads\/2020\/12\/cell-1875816_1920.jpg\",\"datePublished\":\"2020-12-09T20:45:16+00:00\",\"description\":\"Este post foi escrito por Khalid Ibrahim, diretor-executivo do Centro do Golfo para os Direitos Humanos (GCHR), uma organiza\u00e7\u00e3o independente e sem fins\",\"breadcrumb\":{\"@id\":\"https:\/\/www.pressenza.com\/pt-pt\/2020\/12\/no-oriente-medio-as-palavras-fogem-pelos-muros-das-penitenciarias-para-inspirar-liberdade-e-esperanca\/#breadcrumb\"},\"inLanguage\":\"pt-PT\",\"potentialAction\":[{\"@type\":\"ReadAction\",\"target\":[\"https:\/\/www.pressenza.com\/pt-pt\/2020\/12\/no-oriente-medio-as-palavras-fogem-pelos-muros-das-penitenciarias-para-inspirar-liberdade-e-esperanca\/\"]}]},{\"@type\":\"ImageObject\",\"inLanguage\":\"pt-PT\",\"@id\":\"https:\/\/www.pressenza.com\/pt-pt\/2020\/12\/no-oriente-medio-as-palavras-fogem-pelos-muros-das-penitenciarias-para-inspirar-liberdade-e-esperanca\/#primaryimage\",\"url\":\"https:\/\/www.pressenza.com\/wp-content\/uploads\/2020\/12\/cell-1875816_1920.jpg\",\"contentUrl\":\"https:\/\/www.pressenza.com\/wp-content\/uploads\/2020\/12\/cell-1875816_1920.jpg\",\"width\":1920,\"height\":1082},{\"@type\":\"BreadcrumbList\",\"@id\":\"https:\/\/www.pressenza.com\/pt-pt\/2020\/12\/no-oriente-medio-as-palavras-fogem-pelos-muros-das-penitenciarias-para-inspirar-liberdade-e-esperanca\/#breadcrumb\",\"itemListElement\":[{\"@type\":\"ListItem\",\"position\":1,\"name\":\"Accueil\",\"item\":\"https:\/\/www.pressenza.com\/pt-pt\/\"},{\"@type\":\"ListItem\",\"position\":2,\"name\":\"No Oriente M\u00e9dio, as palavras fogem pelos muros das penitenci\u00e1rias para inspirar liberdade e esperan\u00e7a\"}]},{\"@type\":\"WebSite\",\"@id\":\"https:\/\/www.pressenza.com\/pt-pt\/#website\",\"url\":\"https:\/\/www.pressenza.com\/pt-pt\/\",\"name\":\"Pressenza\",\"description\":\"International Press Agency\",\"publisher\":{\"@id\":\"https:\/\/www.pressenza.com\/pt-pt\/#organization\"},\"potentialAction\":[{\"@type\":\"SearchAction\",\"target\":{\"@type\":\"EntryPoint\",\"urlTemplate\":\"https:\/\/www.pressenza.com\/pt-pt\/?s={search_term_string}\"},\"query-input\":{\"@type\":\"PropertyValueSpecification\",\"valueRequired\":true,\"valueName\":\"search_term_string\"}}],\"inLanguage\":\"pt-PT\"},{\"@type\":\"Organization\",\"@id\":\"https:\/\/www.pressenza.com\/pt-pt\/#organization\",\"name\":\"Pressenza\",\"url\":\"https:\/\/www.pressenza.com\/pt-pt\/\",\"logo\":{\"@type\":\"ImageObject\",\"inLanguage\":\"pt-PT\",\"@id\":\"https:\/\/www.pressenza.com\/pt-pt\/#\/schema\/logo\/image\/\",\"url\":\"https:\/\/www.pressenza.com\/wp-content\/uploads\/2022\/10\/pressenza_logo_200x200.jpg\",\"contentUrl\":\"https:\/\/www.pressenza.com\/wp-content\/uploads\/2022\/10\/pressenza_logo_200x200.jpg\",\"width\":200,\"height\":200,\"caption\":\"Pressenza\"},\"image\":{\"@id\":\"https:\/\/www.pressenza.com\/pt-pt\/#\/schema\/logo\/image\/\"},\"sameAs\":[\"https:\/\/www.facebook.com\/PressenzaItalia\",\"https:\/\/x.com\/PressenzaIPA\"]},{\"@type\":\"Person\",\"@id\":\"https:\/\/www.pressenza.com\/pt-pt\/#\/schema\/person\/a6c3e727f5a3eb6cce9a762fc2af8b72\",\"name\":\"Global Voices Online\",\"description\":\"Global Voices is an international, multilingual, primarily volunteer community of writers, translators, academics, and human rights activists. Together, we leverage the power of the internet to build understanding across borders.\",\"sameAs\":[\"https:\/\/it.globalvoices.org\"],\"url\":\"https:\/\/www.pressenza.com\/pt-pt\/author\/global-voices-online\/\"}]}<\/script>\n<!-- \/ Yoast SEO plugin. -->","yoast_head_json":{"title":"No Oriente M\u00e9dio, as palavras fogem pelos muros das penitenci\u00e1rias para inspirar liberdade e esperan\u00e7a","description":"Este post foi escrito por Khalid Ibrahim, diretor-executivo do Centro do Golfo para os Direitos Humanos (GCHR), uma organiza\u00e7\u00e3o independente e sem fins","robots":{"index":"index","follow":"follow","max-snippet":"max-snippet:-1","max-image-preview":"max-image-preview:large","max-video-preview":"max-video-preview:-1"},"canonical":"https:\/\/www.pressenza.com\/pt-pt\/2020\/12\/no-oriente-medio-as-palavras-fogem-pelos-muros-das-penitenciarias-para-inspirar-liberdade-e-esperanca\/","og_locale":"pt_PT","og_type":"article","og_title":"No Oriente M\u00e9dio, as palavras fogem pelos muros das penitenci\u00e1rias para inspirar liberdade e esperan\u00e7a","og_description":"Este post foi escrito por Khalid Ibrahim, diretor-executivo do Centro do Golfo para os Direitos Humanos (GCHR), uma organiza\u00e7\u00e3o independente e sem fins","og_url":"https:\/\/www.pressenza.com\/pt-pt\/2020\/12\/no-oriente-medio-as-palavras-fogem-pelos-muros-das-penitenciarias-para-inspirar-liberdade-e-esperanca\/","og_site_name":"Pressenza","article_publisher":"https:\/\/www.facebook.com\/PressenzaItalia","article_published_time":"2020-12-09T20:45:16+00:00","og_image":[{"width":1920,"height":1082,"url":"https:\/\/www.pressenza.com\/wp-content\/uploads\/2020\/12\/cell-1875816_1920.jpg","type":"image\/jpeg"}],"author":"Global Voices Online","twitter_card":"summary_large_image","twitter_creator":"@PressenzaIPA","twitter_site":"@PressenzaIPA","twitter_misc":{"Escrito por":"Global Voices Online","Tempo estimado de leitura":"6 minutos"},"schema":{"@context":"https:\/\/schema.org","@graph":[{"@type":"Article","@id":"https:\/\/www.pressenza.com\/pt-pt\/2020\/12\/no-oriente-medio-as-palavras-fogem-pelos-muros-das-penitenciarias-para-inspirar-liberdade-e-esperanca\/#article","isPartOf":{"@id":"https:\/\/www.pressenza.com\/pt-pt\/2020\/12\/no-oriente-medio-as-palavras-fogem-pelos-muros-das-penitenciarias-para-inspirar-liberdade-e-esperanca\/"},"author":{"name":"Global Voices Online","@id":"https:\/\/www.pressenza.com\/pt-pt\/#\/schema\/person\/a6c3e727f5a3eb6cce9a762fc2af8b72"},"headline":"No Oriente M\u00e9dio, as palavras fogem pelos muros das penitenci\u00e1rias para inspirar liberdade e esperan\u00e7a","datePublished":"2020-12-09T20:45:16+00:00","mainEntityOfPage":{"@id":"https:\/\/www.pressenza.com\/pt-pt\/2020\/12\/no-oriente-medio-as-palavras-fogem-pelos-muros-das-penitenciarias-para-inspirar-liberdade-e-esperanca\/"},"wordCount":1269,"publisher":{"@id":"https:\/\/www.pressenza.com\/pt-pt\/#organization"},"image":{"@id":"https:\/\/www.pressenza.com\/pt-pt\/2020\/12\/no-oriente-medio-as-palavras-fogem-pelos-muros-das-penitenciarias-para-inspirar-liberdade-e-esperanca\/#primaryimage"},"thumbnailUrl":"https:\/\/www.pressenza.com\/wp-content\/uploads\/2020\/12\/cell-1875816_1920.jpg","keywords":["Centro do Golfo para os Direitos Humanos","esperan\u00e7a","Liberdade"],"articleSection":["Cultura e M\u00eddia","Direitos Humanos","Oriente M\u00e9dio","Pol\u00edtica"],"inLanguage":"pt-PT"},{"@type":"WebPage","@id":"https:\/\/www.pressenza.com\/pt-pt\/2020\/12\/no-oriente-medio-as-palavras-fogem-pelos-muros-das-penitenciarias-para-inspirar-liberdade-e-esperanca\/","url":"https:\/\/www.pressenza.com\/pt-pt\/2020\/12\/no-oriente-medio-as-palavras-fogem-pelos-muros-das-penitenciarias-para-inspirar-liberdade-e-esperanca\/","name":"No Oriente M\u00e9dio, as palavras fogem pelos muros das penitenci\u00e1rias para inspirar liberdade e esperan\u00e7a","isPartOf":{"@id":"https:\/\/www.pressenza.com\/pt-pt\/#website"},"primaryImageOfPage":{"@id":"https:\/\/www.pressenza.com\/pt-pt\/2020\/12\/no-oriente-medio-as-palavras-fogem-pelos-muros-das-penitenciarias-para-inspirar-liberdade-e-esperanca\/#primaryimage"},"image":{"@id":"https:\/\/www.pressenza.com\/pt-pt\/2020\/12\/no-oriente-medio-as-palavras-fogem-pelos-muros-das-penitenciarias-para-inspirar-liberdade-e-esperanca\/#primaryimage"},"thumbnailUrl":"https:\/\/www.pressenza.com\/wp-content\/uploads\/2020\/12\/cell-1875816_1920.jpg","datePublished":"2020-12-09T20:45:16+00:00","description":"Este post foi escrito por Khalid Ibrahim, diretor-executivo do Centro do Golfo para os Direitos Humanos (GCHR), uma organiza\u00e7\u00e3o independente e sem fins","breadcrumb":{"@id":"https:\/\/www.pressenza.com\/pt-pt\/2020\/12\/no-oriente-medio-as-palavras-fogem-pelos-muros-das-penitenciarias-para-inspirar-liberdade-e-esperanca\/#breadcrumb"},"inLanguage":"pt-PT","potentialAction":[{"@type":"ReadAction","target":["https:\/\/www.pressenza.com\/pt-pt\/2020\/12\/no-oriente-medio-as-palavras-fogem-pelos-muros-das-penitenciarias-para-inspirar-liberdade-e-esperanca\/"]}]},{"@type":"ImageObject","inLanguage":"pt-PT","@id":"https:\/\/www.pressenza.com\/pt-pt\/2020\/12\/no-oriente-medio-as-palavras-fogem-pelos-muros-das-penitenciarias-para-inspirar-liberdade-e-esperanca\/#primaryimage","url":"https:\/\/www.pressenza.com\/wp-content\/uploads\/2020\/12\/cell-1875816_1920.jpg","contentUrl":"https:\/\/www.pressenza.com\/wp-content\/uploads\/2020\/12\/cell-1875816_1920.jpg","width":1920,"height":1082},{"@type":"BreadcrumbList","@id":"https:\/\/www.pressenza.com\/pt-pt\/2020\/12\/no-oriente-medio-as-palavras-fogem-pelos-muros-das-penitenciarias-para-inspirar-liberdade-e-esperanca\/#breadcrumb","itemListElement":[{"@type":"ListItem","position":1,"name":"Accueil","item":"https:\/\/www.pressenza.com\/pt-pt\/"},{"@type":"ListItem","position":2,"name":"No Oriente M\u00e9dio, as palavras fogem pelos muros das penitenci\u00e1rias para inspirar liberdade e esperan\u00e7a"}]},{"@type":"WebSite","@id":"https:\/\/www.pressenza.com\/pt-pt\/#website","url":"https:\/\/www.pressenza.com\/pt-pt\/","name":"Pressenza","description":"International Press Agency","publisher":{"@id":"https:\/\/www.pressenza.com\/pt-pt\/#organization"},"potentialAction":[{"@type":"SearchAction","target":{"@type":"EntryPoint","urlTemplate":"https:\/\/www.pressenza.com\/pt-pt\/?s={search_term_string}"},"query-input":{"@type":"PropertyValueSpecification","valueRequired":true,"valueName":"search_term_string"}}],"inLanguage":"pt-PT"},{"@type":"Organization","@id":"https:\/\/www.pressenza.com\/pt-pt\/#organization","name":"Pressenza","url":"https:\/\/www.pressenza.com\/pt-pt\/","logo":{"@type":"ImageObject","inLanguage":"pt-PT","@id":"https:\/\/www.pressenza.com\/pt-pt\/#\/schema\/logo\/image\/","url":"https:\/\/www.pressenza.com\/wp-content\/uploads\/2022\/10\/pressenza_logo_200x200.jpg","contentUrl":"https:\/\/www.pressenza.com\/wp-content\/uploads\/2022\/10\/pressenza_logo_200x200.jpg","width":200,"height":200,"caption":"Pressenza"},"image":{"@id":"https:\/\/www.pressenza.com\/pt-pt\/#\/schema\/logo\/image\/"},"sameAs":["https:\/\/www.facebook.com\/PressenzaItalia","https:\/\/x.com\/PressenzaIPA"]},{"@type":"Person","@id":"https:\/\/www.pressenza.com\/pt-pt\/#\/schema\/person\/a6c3e727f5a3eb6cce9a762fc2af8b72","name":"Global Voices Online","description":"Global Voices is an international, multilingual, primarily volunteer community of writers, translators, academics, and human rights activists. Together, we leverage the power of the internet to build understanding across borders.","sameAs":["https:\/\/it.globalvoices.org"],"url":"https:\/\/www.pressenza.com\/pt-pt\/author\/global-voices-online\/"}]}},"place":"","original_article_url":"https:\/\/globalvoices.org\/2020\/11\/23\/the-prisoner-and-the-pen-words-escape-prison-walls-to-inspire-freedom-and-hope\/","_links":{"self":[{"href":"https:\/\/www.pressenza.com\/pt-pt\/wp-json\/wp\/v2\/posts\/1257992","targetHints":{"allow":["GET"]}}],"collection":[{"href":"https:\/\/www.pressenza.com\/pt-pt\/wp-json\/wp\/v2\/posts"}],"about":[{"href":"https:\/\/www.pressenza.com\/pt-pt\/wp-json\/wp\/v2\/types\/post"}],"author":[{"embeddable":true,"href":"https:\/\/www.pressenza.com\/pt-pt\/wp-json\/wp\/v2\/users\/1277"}],"replies":[{"embeddable":true,"href":"https:\/\/www.pressenza.com\/pt-pt\/wp-json\/wp\/v2\/comments?post=1257992"}],"version-history":[{"count":0,"href":"https:\/\/www.pressenza.com\/pt-pt\/wp-json\/wp\/v2\/posts\/1257992\/revisions"}],"wp:featuredmedia":[{"embeddable":true,"href":"https:\/\/www.pressenza.com\/pt-pt\/wp-json\/wp\/v2\/media\/1252708"}],"wp:attachment":[{"href":"https:\/\/www.pressenza.com\/pt-pt\/wp-json\/wp\/v2\/media?parent=1257992"}],"wp:term":[{"taxonomy":"category","embeddable":true,"href":"https:\/\/www.pressenza.com\/pt-pt\/wp-json\/wp\/v2\/categories?post=1257992"},{"taxonomy":"post_tag","embeddable":true,"href":"https:\/\/www.pressenza.com\/pt-pt\/wp-json\/wp\/v2\/tags?post=1257992"}],"curies":[{"name":"wp","href":"https:\/\/api.w.org\/{rel}","templated":true}]}}