{"id":125794,"date":"2014-08-14T02:27:14","date_gmt":"2014-08-14T01:27:14","guid":{"rendered":"http:\/\/www.pressenza.com\/?p=125794"},"modified":"2014-08-14T02:27:14","modified_gmt":"2014-08-14T01:27:14","slug":"oms-aprova-uso-de-tratamentos-experimentais-contra-o-ebola","status":"publish","type":"post","link":"https:\/\/www.pressenza.com\/pt-pt\/2014\/08\/oms-aprova-uso-de-tratamentos-experimentais-contra-o-ebola\/","title":{"rendered":"OMS aprova uso de tratamentos experimentais contra o ebola"},"content":{"rendered":"<p>Comit\u00ea de especialistas considera uso de subst\u00e2ncias n\u00e3o licenciadas defens\u00e1vel diante da epidemia atual, que j\u00e1 matou mais de mil pessoas. Declara\u00e7\u00e3o vem ap\u00f3s EUA autorizarem envio de soro experimental para a Lib\u00e9ria.<\/p>\n<p>Um comit\u00ea de especialistas da Organiza\u00e7\u00e3o Mundial da Sa\u00fade (OMS) aprovou nesta ter\u00e7a-feira (12\/08) o uso de subst\u00e2ncias experimentais contra o ebola, considerando-o defens\u00e1vel diante da epidemia atual.<\/p>\n<p>&#8220;Perante as circunst\u00e2ncias da epidemia e sob reserva de que determinadas condi\u00e7\u00f5es sejam cumpridas, o comit\u00ea chegou ao consenso de que \u00e9 \u00e9tico oferecer tratamentos n\u00e3o homologados, cuja efic\u00e1cia n\u00e3o \u00e9 conhecida, nem os seus efeitos secund\u00e1rios, como tratamento potencial ou a t\u00edtulo preventivo&#8221;, declarou a OMS em Genebra.<\/p>\n<p>Os especialistas reiteraram que os pacientes devem ser informados e ter o direito de decidir livremente se querem ou n\u00e3o ser tratados com drogas n\u00e3o licenciadas. Dados sobre pacientes tratados devem ser coletados e compartilhados para que se aprenda sobre a efetividade e a seguran\u00e7a das subst\u00e2ncias, completaram.<\/p>\n<p>Nesta segunda-feira, os Estados Unidos haviam autorizado o envio de uma droga experimental contra o ebola para o tratamento de dois m\u00e9dicos na Lib\u00e9ria infectados com o v\u00edrus, informaram fontes do governo liberiano. \u201cA droga experimental dever\u00e1 ser trazida para o pa\u00eds por um representante do governo americano no final desta semana\u201d, diz o site da presid\u00eancia da Lib\u00e9ria.<\/p>\n<p>Com a aprova\u00e7\u00e3o pela Casa Branca e pela Administra\u00e7\u00e3o de Alimentos e Medicamentos (FDA, na sigla em ingl\u00eas), os m\u00e9dicos liberianos devem se tornar os primeiros africanos a receberem doses do Zmapp, um soro desenvolvido pela empresa californiana Mapp Biopharmaceutical.<\/p>\n<p>Os dois americanos que j\u00e1 receberam doses do rem\u00e9dio continuam em tratamento num hospital de Atlanta, nos EUA. J\u00e1 o padre espanhol Miguel Pajares, que havia recebido autoriza\u00e7\u00e3o para usar o Zmapp neste domingo, morreu nesta ter\u00e7a-feira em Madrid. O mission\u00e1rio de 75 anos \u2013 o primeiro europeu infectado pelo v\u00edrus \u2013 havia sido transferido da Lib\u00e9ria para a Espanha na semana passada.<\/p>\n<p>Fontes do Departamento de Sa\u00fade e Servi\u00e7os Humanos dos EUA (HHS, na sigla em ingl\u00eas) afirmaram que autoridades americanas apenas colocaram o governo liberiano em contato com a fabricante do rem\u00e9dio. \u201cComo a droga foi enviada para uso fora dos EUA, foi necess\u00e1rio seguir os procedimentos apropriados de exporta\u00e7\u00e3o\u201d, disse um representante da HHS.<\/p>\n<p>Nesta segunda-feira, a Mapp Biopharmaceutical declarou que o estoque de ZMapp foi esgotado depois do envio da droga para um pa\u00eds da \u00c1frica Ocidental. Mas de acordo com o ministro da Informa\u00e7\u00e3o, Lewis Brown, a Lib\u00e9ria receber\u00e1 apenas o necess\u00e1rio para o tratamento dos dois m\u00e9dicos infectados.<\/p>\n<p>Mais de mil pessoas j\u00e1 morreram desde o in\u00edcio do pior surto de ebola da hist\u00f3ria, segundo dados divulgados nesta segunda-feira pela OMS, que j\u00e1 trata a epidemia como um caso de emerg\u00eancia internacional de sa\u00fade p\u00fablica.<\/p>\n<p>Este artigo n\u00e3o est\u00e1 sob Licen\u00e7a Creative Commons e n\u00e3o pode ser reproduzido de nenhuma forma. O mesmo \u00e9 v\u00e1lido para a foto.<\/p>\n","protected":false},"excerpt":{"rendered":"<p>Comit\u00ea de especialistas considera uso de subst\u00e2ncias n\u00e3o licenciadas defens\u00e1vel diante da epidemia atual, que j\u00e1 matou mais de mil pessoas. Declara\u00e7\u00e3o vem ap\u00f3s EUA autorizarem envio de soro experimental para a Lib\u00e9ria. Um comit\u00ea de especialistas da Organiza\u00e7\u00e3o Mundial&hellip;<\/p>\n","protected":false},"author":993,"featured_media":125795,"comment_status":"closed","ping_status":"open","sticky":false,"template":"","format":"standard","meta":{"footnotes":""},"categories":[37,42,1253],"tags":[5140,11868,7278],"class_list":["post-125794","post","type-post","status-publish","format-standard","has-post-thumbnail","hentry","category-africa-pt","category-internacional-2","category-saude","tag-africa-pt-pt","tag-ebola-pt-pt","tag-oms-pt-pt"],"yoast_head":"<!-- This site is optimized with the Yoast SEO plugin v27.1.1 - https:\/\/yoast.com\/product\/yoast-seo-wordpress\/ -->\n<title>OMS aprova uso de tratamentos experimentais contra o ebola<\/title>\n<meta name=\"description\" content=\"Comit\u00ea de especialistas considera uso de subst\u00e2ncias n\u00e3o licenciadas defens\u00e1vel diante da epidemia atual, que j\u00e1 matou mais de mil pessoas. Declara\u00e7\u00e3o vem\" \/>\n<meta name=\"robots\" content=\"index, follow, max-snippet:-1, max-image-preview:large, max-video-preview:-1\" \/>\n<link rel=\"canonical\" href=\"https:\/\/www.pressenza.com\/pt-pt\/2014\/08\/oms-aprova-uso-de-tratamentos-experimentais-contra-o-ebola\/\" \/>\n<meta property=\"og:locale\" content=\"pt_PT\" \/>\n<meta property=\"og:type\" content=\"article\" \/>\n<meta property=\"og:title\" content=\"OMS aprova uso de tratamentos experimentais contra o ebola\" \/>\n<meta property=\"og:description\" content=\"Comit\u00ea de especialistas considera uso de subst\u00e2ncias n\u00e3o licenciadas defens\u00e1vel diante da epidemia atual, que j\u00e1 matou mais de mil pessoas. Declara\u00e7\u00e3o vem\" \/>\n<meta property=\"og:url\" content=\"https:\/\/www.pressenza.com\/pt-pt\/2014\/08\/oms-aprova-uso-de-tratamentos-experimentais-contra-o-ebola\/\" \/>\n<meta property=\"og:site_name\" content=\"Pressenza\" \/>\n<meta property=\"article:publisher\" content=\"https:\/\/www.facebook.com\/PressenzaItalia\" \/>\n<meta property=\"article:published_time\" content=\"2014-08-14T01:27:14+00:00\" \/>\n<meta property=\"og:image\" content=\"https:\/\/www.pressenza.com\/wp-content\/uploads\/2014\/08\/Hospital-de-tratamento-do-ebola-na-Lib\u00e9ria.jpg\" \/>\n\t<meta property=\"og:image:width\" content=\"700\" \/>\n\t<meta property=\"og:image:height\" content=\"394\" \/>\n\t<meta property=\"og:image:type\" content=\"image\/jpeg\" \/>\n<meta name=\"author\" content=\"Deutsche Welle\" \/>\n<meta name=\"twitter:card\" content=\"summary_large_image\" \/>\n<meta name=\"twitter:creator\" content=\"@PressenzaIPA\" \/>\n<meta name=\"twitter:site\" content=\"@PressenzaIPA\" \/>\n<meta name=\"twitter:label1\" content=\"Escrito por\" \/>\n\t<meta name=\"twitter:data1\" content=\"Deutsche Welle\" \/>\n\t<meta name=\"twitter:label2\" content=\"Tempo estimado de leitura\" \/>\n\t<meta name=\"twitter:data2\" content=\"3 minutos\" \/>\n<script type=\"application\/ld+json\" class=\"yoast-schema-graph\">{\"@context\":\"https:\/\/schema.org\",\"@graph\":[{\"@type\":\"Article\",\"@id\":\"https:\/\/www.pressenza.com\/pt-pt\/2014\/08\/oms-aprova-uso-de-tratamentos-experimentais-contra-o-ebola\/#article\",\"isPartOf\":{\"@id\":\"https:\/\/www.pressenza.com\/pt-pt\/2014\/08\/oms-aprova-uso-de-tratamentos-experimentais-contra-o-ebola\/\"},\"author\":{\"name\":\"Deutsche Welle\",\"@id\":\"https:\/\/www.pressenza.com\/pt-pt\/#\/schema\/person\/b7c775911f2c9a1b8c7225b94e2e9f37\"},\"headline\":\"OMS aprova uso de tratamentos experimentais contra o ebola\",\"datePublished\":\"2014-08-14T01:27:14+00:00\",\"mainEntityOfPage\":{\"@id\":\"https:\/\/www.pressenza.com\/pt-pt\/2014\/08\/oms-aprova-uso-de-tratamentos-experimentais-contra-o-ebola\/\"},\"wordCount\":541,\"publisher\":{\"@id\":\"https:\/\/www.pressenza.com\/pt-pt\/#organization\"},\"image\":{\"@id\":\"https:\/\/www.pressenza.com\/pt-pt\/2014\/08\/oms-aprova-uso-de-tratamentos-experimentais-contra-o-ebola\/#primaryimage\"},\"thumbnailUrl\":\"https:\/\/www.pressenza.com\/wp-content\/uploads\/2014\/08\/Hospital-de-tratamento-do-ebola-na-Lib\u00e9ria.jpg\",\"keywords\":[\"africa\",\"ebola\",\"OMS\"],\"articleSection\":[\"Africa\",\"Internacional\",\"Sa\u00fade\"],\"inLanguage\":\"pt-PT\"},{\"@type\":\"WebPage\",\"@id\":\"https:\/\/www.pressenza.com\/pt-pt\/2014\/08\/oms-aprova-uso-de-tratamentos-experimentais-contra-o-ebola\/\",\"url\":\"https:\/\/www.pressenza.com\/pt-pt\/2014\/08\/oms-aprova-uso-de-tratamentos-experimentais-contra-o-ebola\/\",\"name\":\"OMS aprova uso de tratamentos experimentais contra o ebola\",\"isPartOf\":{\"@id\":\"https:\/\/www.pressenza.com\/pt-pt\/#website\"},\"primaryImageOfPage\":{\"@id\":\"https:\/\/www.pressenza.com\/pt-pt\/2014\/08\/oms-aprova-uso-de-tratamentos-experimentais-contra-o-ebola\/#primaryimage\"},\"image\":{\"@id\":\"https:\/\/www.pressenza.com\/pt-pt\/2014\/08\/oms-aprova-uso-de-tratamentos-experimentais-contra-o-ebola\/#primaryimage\"},\"thumbnailUrl\":\"https:\/\/www.pressenza.com\/wp-content\/uploads\/2014\/08\/Hospital-de-tratamento-do-ebola-na-Lib\u00e9ria.jpg\",\"datePublished\":\"2014-08-14T01:27:14+00:00\",\"description\":\"Comit\u00ea de especialistas considera uso de subst\u00e2ncias n\u00e3o licenciadas defens\u00e1vel diante da epidemia atual, que j\u00e1 matou mais de mil pessoas. Declara\u00e7\u00e3o vem\",\"breadcrumb\":{\"@id\":\"https:\/\/www.pressenza.com\/pt-pt\/2014\/08\/oms-aprova-uso-de-tratamentos-experimentais-contra-o-ebola\/#breadcrumb\"},\"inLanguage\":\"pt-PT\",\"potentialAction\":[{\"@type\":\"ReadAction\",\"target\":[\"https:\/\/www.pressenza.com\/pt-pt\/2014\/08\/oms-aprova-uso-de-tratamentos-experimentais-contra-o-ebola\/\"]}]},{\"@type\":\"ImageObject\",\"inLanguage\":\"pt-PT\",\"@id\":\"https:\/\/www.pressenza.com\/pt-pt\/2014\/08\/oms-aprova-uso-de-tratamentos-experimentais-contra-o-ebola\/#primaryimage\",\"url\":\"https:\/\/www.pressenza.com\/wp-content\/uploads\/2014\/08\/Hospital-de-tratamento-do-ebola-na-Lib\u00e9ria.jpg\",\"contentUrl\":\"https:\/\/www.pressenza.com\/wp-content\/uploads\/2014\/08\/Hospital-de-tratamento-do-ebola-na-Lib\u00e9ria.jpg\",\"width\":700,\"height\":394},{\"@type\":\"BreadcrumbList\",\"@id\":\"https:\/\/www.pressenza.com\/pt-pt\/2014\/08\/oms-aprova-uso-de-tratamentos-experimentais-contra-o-ebola\/#breadcrumb\",\"itemListElement\":[{\"@type\":\"ListItem\",\"position\":1,\"name\":\"Accueil\",\"item\":\"https:\/\/www.pressenza.com\/pt-pt\/\"},{\"@type\":\"ListItem\",\"position\":2,\"name\":\"OMS aprova uso de tratamentos experimentais contra o ebola\"}]},{\"@type\":\"WebSite\",\"@id\":\"https:\/\/www.pressenza.com\/pt-pt\/#website\",\"url\":\"https:\/\/www.pressenza.com\/pt-pt\/\",\"name\":\"Pressenza\",\"description\":\"International Press Agency\",\"publisher\":{\"@id\":\"https:\/\/www.pressenza.com\/pt-pt\/#organization\"},\"potentialAction\":[{\"@type\":\"SearchAction\",\"target\":{\"@type\":\"EntryPoint\",\"urlTemplate\":\"https:\/\/www.pressenza.com\/pt-pt\/?s={search_term_string}\"},\"query-input\":{\"@type\":\"PropertyValueSpecification\",\"valueRequired\":true,\"valueName\":\"search_term_string\"}}],\"inLanguage\":\"pt-PT\"},{\"@type\":\"Organization\",\"@id\":\"https:\/\/www.pressenza.com\/pt-pt\/#organization\",\"name\":\"Pressenza\",\"url\":\"https:\/\/www.pressenza.com\/pt-pt\/\",\"logo\":{\"@type\":\"ImageObject\",\"inLanguage\":\"pt-PT\",\"@id\":\"https:\/\/www.pressenza.com\/pt-pt\/#\/schema\/logo\/image\/\",\"url\":\"https:\/\/www.pressenza.com\/wp-content\/uploads\/2022\/10\/pressenza_logo_200x200.jpg\",\"contentUrl\":\"https:\/\/www.pressenza.com\/wp-content\/uploads\/2022\/10\/pressenza_logo_200x200.jpg\",\"width\":200,\"height\":200,\"caption\":\"Pressenza\"},\"image\":{\"@id\":\"https:\/\/www.pressenza.com\/pt-pt\/#\/schema\/logo\/image\/\"},\"sameAs\":[\"https:\/\/www.facebook.com\/PressenzaItalia\",\"https:\/\/x.com\/PressenzaIPA\"]},{\"@type\":\"Person\",\"@id\":\"https:\/\/www.pressenza.com\/pt-pt\/#\/schema\/person\/b7c775911f2c9a1b8c7225b94e2e9f37\",\"name\":\"Deutsche Welle\",\"description\":\"Articles and photographs by Deutsche Welle on Pressenza do not fall under the Creative Commons licence and are not reproducible in any way. www.dw.com\",\"sameAs\":[\"http:\/\/www.dw.com\"],\"url\":\"https:\/\/www.pressenza.com\/pt-pt\/author\/deutsche-welle\/\"}]}<\/script>\n<!-- \/ Yoast SEO plugin. -->","yoast_head_json":{"title":"OMS aprova uso de tratamentos experimentais contra o ebola","description":"Comit\u00ea de especialistas considera uso de subst\u00e2ncias n\u00e3o licenciadas defens\u00e1vel diante da epidemia atual, que j\u00e1 matou mais de mil pessoas. Declara\u00e7\u00e3o vem","robots":{"index":"index","follow":"follow","max-snippet":"max-snippet:-1","max-image-preview":"max-image-preview:large","max-video-preview":"max-video-preview:-1"},"canonical":"https:\/\/www.pressenza.com\/pt-pt\/2014\/08\/oms-aprova-uso-de-tratamentos-experimentais-contra-o-ebola\/","og_locale":"pt_PT","og_type":"article","og_title":"OMS aprova uso de tratamentos experimentais contra o ebola","og_description":"Comit\u00ea de especialistas considera uso de subst\u00e2ncias n\u00e3o licenciadas defens\u00e1vel diante da epidemia atual, que j\u00e1 matou mais de mil pessoas. Declara\u00e7\u00e3o vem","og_url":"https:\/\/www.pressenza.com\/pt-pt\/2014\/08\/oms-aprova-uso-de-tratamentos-experimentais-contra-o-ebola\/","og_site_name":"Pressenza","article_publisher":"https:\/\/www.facebook.com\/PressenzaItalia","article_published_time":"2014-08-14T01:27:14+00:00","og_image":[{"width":700,"height":394,"url":"https:\/\/www.pressenza.com\/wp-content\/uploads\/2014\/08\/Hospital-de-tratamento-do-ebola-na-Lib\u00e9ria.jpg","type":"image\/jpeg"}],"author":"Deutsche Welle","twitter_card":"summary_large_image","twitter_creator":"@PressenzaIPA","twitter_site":"@PressenzaIPA","twitter_misc":{"Escrito por":"Deutsche Welle","Tempo estimado de leitura":"3 minutos"},"schema":{"@context":"https:\/\/schema.org","@graph":[{"@type":"Article","@id":"https:\/\/www.pressenza.com\/pt-pt\/2014\/08\/oms-aprova-uso-de-tratamentos-experimentais-contra-o-ebola\/#article","isPartOf":{"@id":"https:\/\/www.pressenza.com\/pt-pt\/2014\/08\/oms-aprova-uso-de-tratamentos-experimentais-contra-o-ebola\/"},"author":{"name":"Deutsche Welle","@id":"https:\/\/www.pressenza.com\/pt-pt\/#\/schema\/person\/b7c775911f2c9a1b8c7225b94e2e9f37"},"headline":"OMS aprova uso de tratamentos experimentais contra o ebola","datePublished":"2014-08-14T01:27:14+00:00","mainEntityOfPage":{"@id":"https:\/\/www.pressenza.com\/pt-pt\/2014\/08\/oms-aprova-uso-de-tratamentos-experimentais-contra-o-ebola\/"},"wordCount":541,"publisher":{"@id":"https:\/\/www.pressenza.com\/pt-pt\/#organization"},"image":{"@id":"https:\/\/www.pressenza.com\/pt-pt\/2014\/08\/oms-aprova-uso-de-tratamentos-experimentais-contra-o-ebola\/#primaryimage"},"thumbnailUrl":"https:\/\/www.pressenza.com\/wp-content\/uploads\/2014\/08\/Hospital-de-tratamento-do-ebola-na-Lib\u00e9ria.jpg","keywords":["africa","ebola","OMS"],"articleSection":["Africa","Internacional","Sa\u00fade"],"inLanguage":"pt-PT"},{"@type":"WebPage","@id":"https:\/\/www.pressenza.com\/pt-pt\/2014\/08\/oms-aprova-uso-de-tratamentos-experimentais-contra-o-ebola\/","url":"https:\/\/www.pressenza.com\/pt-pt\/2014\/08\/oms-aprova-uso-de-tratamentos-experimentais-contra-o-ebola\/","name":"OMS aprova uso de tratamentos experimentais contra o ebola","isPartOf":{"@id":"https:\/\/www.pressenza.com\/pt-pt\/#website"},"primaryImageOfPage":{"@id":"https:\/\/www.pressenza.com\/pt-pt\/2014\/08\/oms-aprova-uso-de-tratamentos-experimentais-contra-o-ebola\/#primaryimage"},"image":{"@id":"https:\/\/www.pressenza.com\/pt-pt\/2014\/08\/oms-aprova-uso-de-tratamentos-experimentais-contra-o-ebola\/#primaryimage"},"thumbnailUrl":"https:\/\/www.pressenza.com\/wp-content\/uploads\/2014\/08\/Hospital-de-tratamento-do-ebola-na-Lib\u00e9ria.jpg","datePublished":"2014-08-14T01:27:14+00:00","description":"Comit\u00ea de especialistas considera uso de subst\u00e2ncias n\u00e3o licenciadas defens\u00e1vel diante da epidemia atual, que j\u00e1 matou mais de mil pessoas. Declara\u00e7\u00e3o vem","breadcrumb":{"@id":"https:\/\/www.pressenza.com\/pt-pt\/2014\/08\/oms-aprova-uso-de-tratamentos-experimentais-contra-o-ebola\/#breadcrumb"},"inLanguage":"pt-PT","potentialAction":[{"@type":"ReadAction","target":["https:\/\/www.pressenza.com\/pt-pt\/2014\/08\/oms-aprova-uso-de-tratamentos-experimentais-contra-o-ebola\/"]}]},{"@type":"ImageObject","inLanguage":"pt-PT","@id":"https:\/\/www.pressenza.com\/pt-pt\/2014\/08\/oms-aprova-uso-de-tratamentos-experimentais-contra-o-ebola\/#primaryimage","url":"https:\/\/www.pressenza.com\/wp-content\/uploads\/2014\/08\/Hospital-de-tratamento-do-ebola-na-Lib\u00e9ria.jpg","contentUrl":"https:\/\/www.pressenza.com\/wp-content\/uploads\/2014\/08\/Hospital-de-tratamento-do-ebola-na-Lib\u00e9ria.jpg","width":700,"height":394},{"@type":"BreadcrumbList","@id":"https:\/\/www.pressenza.com\/pt-pt\/2014\/08\/oms-aprova-uso-de-tratamentos-experimentais-contra-o-ebola\/#breadcrumb","itemListElement":[{"@type":"ListItem","position":1,"name":"Accueil","item":"https:\/\/www.pressenza.com\/pt-pt\/"},{"@type":"ListItem","position":2,"name":"OMS aprova uso de tratamentos experimentais contra o ebola"}]},{"@type":"WebSite","@id":"https:\/\/www.pressenza.com\/pt-pt\/#website","url":"https:\/\/www.pressenza.com\/pt-pt\/","name":"Pressenza","description":"International Press Agency","publisher":{"@id":"https:\/\/www.pressenza.com\/pt-pt\/#organization"},"potentialAction":[{"@type":"SearchAction","target":{"@type":"EntryPoint","urlTemplate":"https:\/\/www.pressenza.com\/pt-pt\/?s={search_term_string}"},"query-input":{"@type":"PropertyValueSpecification","valueRequired":true,"valueName":"search_term_string"}}],"inLanguage":"pt-PT"},{"@type":"Organization","@id":"https:\/\/www.pressenza.com\/pt-pt\/#organization","name":"Pressenza","url":"https:\/\/www.pressenza.com\/pt-pt\/","logo":{"@type":"ImageObject","inLanguage":"pt-PT","@id":"https:\/\/www.pressenza.com\/pt-pt\/#\/schema\/logo\/image\/","url":"https:\/\/www.pressenza.com\/wp-content\/uploads\/2022\/10\/pressenza_logo_200x200.jpg","contentUrl":"https:\/\/www.pressenza.com\/wp-content\/uploads\/2022\/10\/pressenza_logo_200x200.jpg","width":200,"height":200,"caption":"Pressenza"},"image":{"@id":"https:\/\/www.pressenza.com\/pt-pt\/#\/schema\/logo\/image\/"},"sameAs":["https:\/\/www.facebook.com\/PressenzaItalia","https:\/\/x.com\/PressenzaIPA"]},{"@type":"Person","@id":"https:\/\/www.pressenza.com\/pt-pt\/#\/schema\/person\/b7c775911f2c9a1b8c7225b94e2e9f37","name":"Deutsche Welle","description":"Articles and photographs by Deutsche Welle on Pressenza do not fall under the Creative Commons licence and are not reproducible in any way. www.dw.com","sameAs":["http:\/\/www.dw.com"],"url":"https:\/\/www.pressenza.com\/pt-pt\/author\/deutsche-welle\/"}]}},"place":"","original_article_url":"","_links":{"self":[{"href":"https:\/\/www.pressenza.com\/pt-pt\/wp-json\/wp\/v2\/posts\/125794","targetHints":{"allow":["GET"]}}],"collection":[{"href":"https:\/\/www.pressenza.com\/pt-pt\/wp-json\/wp\/v2\/posts"}],"about":[{"href":"https:\/\/www.pressenza.com\/pt-pt\/wp-json\/wp\/v2\/types\/post"}],"author":[{"embeddable":true,"href":"https:\/\/www.pressenza.com\/pt-pt\/wp-json\/wp\/v2\/users\/993"}],"replies":[{"embeddable":true,"href":"https:\/\/www.pressenza.com\/pt-pt\/wp-json\/wp\/v2\/comments?post=125794"}],"version-history":[{"count":0,"href":"https:\/\/www.pressenza.com\/pt-pt\/wp-json\/wp\/v2\/posts\/125794\/revisions"}],"wp:featuredmedia":[{"embeddable":true,"href":"https:\/\/www.pressenza.com\/pt-pt\/wp-json\/wp\/v2\/media\/125795"}],"wp:attachment":[{"href":"https:\/\/www.pressenza.com\/pt-pt\/wp-json\/wp\/v2\/media?parent=125794"}],"wp:term":[{"taxonomy":"category","embeddable":true,"href":"https:\/\/www.pressenza.com\/pt-pt\/wp-json\/wp\/v2\/categories?post=125794"},{"taxonomy":"post_tag","embeddable":true,"href":"https:\/\/www.pressenza.com\/pt-pt\/wp-json\/wp\/v2\/tags?post=125794"}],"curies":[{"name":"wp","href":"https:\/\/api.w.org\/{rel}","templated":true}]}}