{"id":123675,"date":"2014-08-04T15:02:53","date_gmt":"2014-08-04T14:02:53","guid":{"rendered":"http:\/\/www.pressenza.com\/?p=123675"},"modified":"2014-08-04T15:02:53","modified_gmt":"2014-08-04T14:02:53","slug":"ao-povo-humanista-palestina-e-israel-o-dia-depois-de-gaza","status":"publish","type":"post","link":"https:\/\/www.pressenza.com\/pt-pt\/2014\/08\/ao-povo-humanista-palestina-e-israel-o-dia-depois-de-gaza\/","title":{"rendered":"Ao povo humanista: Palestina e Israel, o dia depois de Gaza"},"content":{"rendered":"<p style=\"text-align: justify;\">Por Aaron Elberg desde Israel<\/p>\n<p style=\"text-align: justify;\">\u00a0Em algum momento cessar\u00e1 o fogo. Talvez num par de dias, talvez num par de semanas, mas em algum momento o estrondar dos canh\u00f5es e os m\u00edsseis se apagar\u00e1. At\u00e9 que esse momento chegue, se somar\u00e3o ainda v\u00e1rios mortos mais por um lado, v\u00e1rias dezenas de feridos pelo outro, cada bando tratando de infligir mais dano ao outro at\u00e9 o \u00faltimo momento, tratando de conseguir \u201ca imagem da vit\u00f3ria\u201d.<\/p>\n<p style=\"text-align: justify;\">\u00a0E quando cesse o fogo, as coisas lentamente voltar\u00e3o a sua aparente normalidade. As aves de rapina e restantes animais carniceiros procurar\u00e3o outras regi\u00f5es e outros conflitos para remexer na desgra\u00e7a humana e semear \u00f3dio e disc\u00f3rdia. Os meios de desinforma\u00e7\u00e3o, cada qual segundo o seu sistema de interesses, levar\u00e3o suas c\u00e2maras e seus filtros humanos, em ocasi\u00f5es muito grosseiros e em outras muito sofisticados. Tamb\u00e9m o far\u00e3o aqueles que contaminam as redes sociais e as listas de interc\u00e2mbio, seja advertindo o avan\u00e7o do fundamentalismo isl\u00e2mico, como se todo mu\u00e7ulmano fosse um soldado do Jihad, seja alertando ante uma nova conspira\u00e7\u00e3o do sionismo, como se todo judeu ou israelense fossem assassinos sedentos de sangue.<\/p>\n<p style=\"text-align: justify;\">E quando cesse o fogo, e as coisas voltem lentamente a sua aparente normalidade, ainda ficar\u00e3o aqui os familiares a chorar a seus mortos, centenas pelo lado palestino, v\u00e1rias dezenas pelo lado israelense, todos desconsolados por ter perdido os seus seres queridos numa guerra est\u00e9ril, in\u00fatil, que n\u00e3o conseguir\u00e1 nem um \u00e1pice mudar a situa\u00e7\u00e3o anterior. E tamb\u00e9m ficar\u00e3o aqui aqueles que perderam seus bens e suas casas, refugiados n\u00f3mades por primeira ou segunda ou terceira vez.<\/p>\n<p style=\"text-align: justify;\">E quando cesse o fogo, as chagas abertas do \u00f3dio e o ressentimento ficar\u00e3o mais abertas ainda. Milhares de meninos palestinos sofrendo o horror dos bombardeios sem lugar seguro onde refugiar-se, milhares de meninos israelenses sofrendo o horror dos bombardeios que nem ainda os ref\u00fagios conseguem dissipar. Ambos bandos, t\u00e3o pr\u00f3ximos mas t\u00e3o long\u00ednquos, alimentando futuras vingan\u00e7as nas noites de horror.<\/p>\n<p style=\"text-align: justify;\">E quando cesse o fogo, ficar\u00e3o aqui os senhores da guerra de sempre. Cada qual justificar\u00e1 os sacrif\u00edcios (alheios) feitos em nome do bem-estar do pr\u00f3prio povo, ao mesmo tempo em que voltem a rechear suas arcas com fundos leg\u00edtimos do pr\u00f3prio povo, preparando-se para a pr\u00f3xima batalha em mais um par de anos. E tamb\u00e9m ficar\u00e3o aqui os pedidos, sempre postergados, por uma sociedade mais justa. Israel continuar\u00e1 vertendo fortunas inimagin\u00e1veis nos assentamentos ilegais dos territ\u00f3rios ocupados e em sua fortaleza militar, ao mesmo tempo em que o capitalismo feroz de seu sistema de poder destr\u00f3i as classes trabalhadoras e fecha as possibilidades de desenvolvimento dos jovens. Ao mesmo tempo, Hamas voltar\u00e1 a desenvolver sua mil\u00edcia ofensiva, dilapidando o apoio recebido pelos pa\u00edses \u00e1rabes e os impostos de seu povo empobrecido em m\u00edsseis, em lugar de moradias dignas, hospitais e escolas, ou \u00a0tuneis e bunkers subterr\u00e2neos em lugar de um sistema de esgotos decente para a zona mais densamente povoada do planeta. Neste contexto \u00e9 louv\u00e1vel a postura de Mahmud Ab\u00e1s, Presidente da Autoridade Palestina, quem de um modo constante e persistente clama por resistir \u00e0 ocupa\u00e7\u00e3o israelense de um modo expressamente n\u00e3o-violento.<\/p>\n<p style=\"text-align: justify;\">Ab\u00e1s declarou em m\u00faltiplas ocasi\u00f5es (e de conforme actuou) que a resist\u00eancia armada causou ao povo palestino mais preju\u00edzo e sofrimento do que benef\u00edcio, servindo como desculpa israelense para perpetuar a ocupa\u00e7\u00e3o.<\/p>\n<p style=\"text-align: justify;\">E quando cesse o fogo, tamb\u00e9m se ir\u00e3o daqui os genu\u00ednos pedidos de bem-estar e as peti\u00e7\u00f5es de pacifica\u00e7\u00e3o. E se bem que as consequ\u00eancias imediatas do conflito perdurar\u00e3o por muito tempo nos afectados, estas ir\u00e3o desaparecendo do \u00e1rea de presen\u00e7a daqueles n\u00e3o afectados. Assim, os pedidos se reorientar\u00e3o para os precisados do momento, e \u00e9 humanamente razo\u00e1vel que assim seja, porque como se pode lidar com tanto sofrimento ao mesmo tempo?<\/p>\n<p>E ent\u00e3o, que fazemos? Seguiremos alegre ou tristemente nosso caminho at\u00e9 que voltemos a encontrar-nos dentro de dois ou tr\u00eas anos, exactamente no mesmo lugar? Esperar que aqueles que det\u00e9m o poder fa\u00e7am algo por mudar esta situa\u00e7\u00e3o \u00e9 ing\u00e9nuo, porque toda mudan\u00e7a \u00e9 alheia a seus interesses, sejam de um bando ou do outro. \u00c9 por isso que as declara\u00e7\u00f5es, as juntadas de assinaturas, as manifesta\u00e7\u00f5es e todo tipo de actividades de rep\u00fadio \u00e0 guerra tem valor quanto afirma\u00e7\u00e3o de uma postura que n\u00e3o tolera a viol\u00eancia, mas n\u00e3o servir\u00e3o para modificar a postura dos poderosos.<\/p>\n<p style=\"text-align: justify;\">E ent\u00e3o, que fazemos? N\u00e3o h\u00e1 outro meio que este: acordar a f\u00e9 em que a convers\u00e3o da vida invertida \u00e9 poss\u00edvel<\/p>\n<p>S\u00e3o tantos os pedidos, os clamores, as reclama\u00e7\u00f5es, os chamados que fazem os humanistas de todas latitudes pela solu\u00e7\u00e3o deste conflito que o mais coerente que se me ocorre \u00e9 fazer um apelo a todo o povo humanista, a todos aqueles que tenham interesse e gosto, a vir a esta terra ao mesmo tempo t\u00e3o fascinante e t\u00e3o terr\u00edvel, que viu acordar nela o melhor do ser humano mas que tamb\u00e9m viu em alguns de seus piores momentos, a trazer aqui uma renovada Mensagem de paz e humanismo. N\u00e3o em v\u00e3o Silo mencionou Israel e Palestina, entre outros, como lugares de um especial interesse.<\/p>\n<p>Faz pouco tempo um amigo perguntava: \u201cser\u00e1 que os humanistas est\u00e3o demasiado adiantados ao sacralizar a vida humana?\u201d se isto \u00e9 assim, pois que se manifeste neste lugar t\u00e3o precisado.<\/p>\n<p>A mudan\u00e7a que almejamos n\u00e3o suceder\u00e1 por si mesmo. Em muit\u00edssima gente, jovens e adultos, v\u00ea-se uma grande desorienta\u00e7\u00e3o. O caminho da reconcilia\u00e7\u00e3o, em lugar do caminho do ressentimento e a vingan\u00e7a, n\u00e3o est\u00e1 claro. Fazem falta guias que mostrem o caminho. Sejamos esses guias!<\/p>\n<p>Aaron (Alejandro) Elberg vive em Israel e \u00e9 ativista pela paz e a n\u00e3o viol\u00eancia.<\/p>\n","protected":false},"excerpt":{"rendered":"<p>Por Aaron Elberg desde Israel \u00a0Em algum momento cessar\u00e1 o fogo. Talvez num par de dias, talvez num par de semanas, mas em algum momento o estrondar dos canh\u00f5es e os m\u00edsseis se apagar\u00e1. At\u00e9 que esse momento chegue, se&hellip;<\/p>\n","protected":false},"author":19,"featured_media":122477,"comment_status":"closed","ping_status":"open","sticky":false,"template":"","format":"standard","meta":{"footnotes":""},"categories":[113,116,1254,1256,165,108,1257],"tags":[],"class_list":["post-123675","post","type-post","status-publish","format-standard","has-post-thumbnail","hentry","category-noticias-do-exterior","category-direitos-humanos","category-humanismo-espiritualidade","category-nao-violencia","category-opiniao","category-oriente-medio","category-paz-desarmamento"],"yoast_head":"<!-- This site is optimized with the Yoast SEO plugin v27.1.1 - https:\/\/yoast.com\/product\/yoast-seo-wordpress\/ -->\n<title>Ao povo humanista: Palestina e Israel, o dia depois de Gaza<\/title>\n<meta name=\"description\" content=\"Por Aaron Elberg desde Israel \u00a0Em algum momento cessar\u00e1 o fogo. Talvez num par de dias, talvez num par de semanas, mas em algum momento o estrondar dos\" \/>\n<meta name=\"robots\" content=\"index, follow, max-snippet:-1, max-image-preview:large, max-video-preview:-1\" \/>\n<link rel=\"canonical\" href=\"https:\/\/www.pressenza.com\/pt-pt\/2014\/08\/ao-povo-humanista-palestina-e-israel-o-dia-depois-de-gaza\/\" \/>\n<meta property=\"og:locale\" content=\"pt_PT\" \/>\n<meta property=\"og:type\" content=\"article\" \/>\n<meta property=\"og:title\" content=\"Ao povo humanista: Palestina e Israel, o dia depois de Gaza\" \/>\n<meta property=\"og:description\" content=\"Por Aaron Elberg desde Israel \u00a0Em algum momento cessar\u00e1 o fogo. Talvez num par de dias, talvez num par de semanas, mas em algum momento o estrondar dos\" \/>\n<meta property=\"og:url\" content=\"https:\/\/www.pressenza.com\/pt-pt\/2014\/08\/ao-povo-humanista-palestina-e-israel-o-dia-depois-de-gaza\/\" \/>\n<meta property=\"og:site_name\" content=\"Pressenza\" \/>\n<meta property=\"article:publisher\" content=\"https:\/\/www.facebook.com\/PressenzaItalia\" \/>\n<meta property=\"article:author\" content=\"https:\/\/www.facebook.com\/pressenza\" \/>\n<meta property=\"article:published_time\" content=\"2014-08-04T14:02:53+00:00\" \/>\n<meta property=\"og:image\" content=\"https:\/\/www.pressenza.com\/wp-content\/uploads\/2014\/07\/Paz-Peace.jpg\" \/>\n\t<meta property=\"og:image:width\" content=\"240\" \/>\n\t<meta property=\"og:image:height\" content=\"161\" \/>\n\t<meta property=\"og:image:type\" content=\"image\/jpeg\" \/>\n<meta name=\"author\" content=\"Pressenza IPA\" \/>\n<meta name=\"twitter:card\" content=\"summary_large_image\" \/>\n<meta name=\"twitter:creator\" content=\"@PressenzaIPA\" \/>\n<meta name=\"twitter:site\" content=\"@PressenzaIPA\" \/>\n<meta name=\"twitter:label1\" content=\"Escrito por\" \/>\n\t<meta name=\"twitter:data1\" content=\"Pressenza IPA\" \/>\n\t<meta name=\"twitter:label2\" content=\"Tempo estimado de leitura\" \/>\n\t<meta name=\"twitter:data2\" content=\"5 minutos\" \/>\n<script type=\"application\/ld+json\" class=\"yoast-schema-graph\">{\"@context\":\"https:\/\/schema.org\",\"@graph\":[{\"@type\":\"Article\",\"@id\":\"https:\/\/www.pressenza.com\/pt-pt\/2014\/08\/ao-povo-humanista-palestina-e-israel-o-dia-depois-de-gaza\/#article\",\"isPartOf\":{\"@id\":\"https:\/\/www.pressenza.com\/pt-pt\/2014\/08\/ao-povo-humanista-palestina-e-israel-o-dia-depois-de-gaza\/\"},\"author\":{\"name\":\"Pressenza IPA\",\"@id\":\"https:\/\/www.pressenza.com\/pt-pt\/#\/schema\/person\/010e5d02bcf40965427a1289a4cc8d75\"},\"headline\":\"Ao povo humanista: Palestina e Israel, o dia depois de Gaza\",\"datePublished\":\"2014-08-04T14:02:53+00:00\",\"mainEntityOfPage\":{\"@id\":\"https:\/\/www.pressenza.com\/pt-pt\/2014\/08\/ao-povo-humanista-palestina-e-israel-o-dia-depois-de-gaza\/\"},\"wordCount\":1053,\"publisher\":{\"@id\":\"https:\/\/www.pressenza.com\/pt-pt\/#organization\"},\"image\":{\"@id\":\"https:\/\/www.pressenza.com\/pt-pt\/2014\/08\/ao-povo-humanista-palestina-e-israel-o-dia-depois-de-gaza\/#primaryimage\"},\"thumbnailUrl\":\"https:\/\/www.pressenza.com\/wp-content\/uploads\/2014\/07\/Paz-Peace.jpg\",\"articleSection\":[\"Assuntos internacionais\",\"Direitos Humanos\",\"Humanismo e Espiritualidade\",\"N\u00e3o viol\u00eancia\",\"Opini\u00e3o\",\"Oriente M\u00e9dio\",\"Paz e Desarmamento\"],\"inLanguage\":\"pt-PT\"},{\"@type\":\"WebPage\",\"@id\":\"https:\/\/www.pressenza.com\/pt-pt\/2014\/08\/ao-povo-humanista-palestina-e-israel-o-dia-depois-de-gaza\/\",\"url\":\"https:\/\/www.pressenza.com\/pt-pt\/2014\/08\/ao-povo-humanista-palestina-e-israel-o-dia-depois-de-gaza\/\",\"name\":\"Ao povo humanista: Palestina e Israel, o dia depois de Gaza\",\"isPartOf\":{\"@id\":\"https:\/\/www.pressenza.com\/pt-pt\/#website\"},\"primaryImageOfPage\":{\"@id\":\"https:\/\/www.pressenza.com\/pt-pt\/2014\/08\/ao-povo-humanista-palestina-e-israel-o-dia-depois-de-gaza\/#primaryimage\"},\"image\":{\"@id\":\"https:\/\/www.pressenza.com\/pt-pt\/2014\/08\/ao-povo-humanista-palestina-e-israel-o-dia-depois-de-gaza\/#primaryimage\"},\"thumbnailUrl\":\"https:\/\/www.pressenza.com\/wp-content\/uploads\/2014\/07\/Paz-Peace.jpg\",\"datePublished\":\"2014-08-04T14:02:53+00:00\",\"description\":\"Por Aaron Elberg desde Israel \u00a0Em algum momento cessar\u00e1 o fogo. Talvez num par de dias, talvez num par de semanas, mas em algum momento o estrondar dos\",\"breadcrumb\":{\"@id\":\"https:\/\/www.pressenza.com\/pt-pt\/2014\/08\/ao-povo-humanista-palestina-e-israel-o-dia-depois-de-gaza\/#breadcrumb\"},\"inLanguage\":\"pt-PT\",\"potentialAction\":[{\"@type\":\"ReadAction\",\"target\":[\"https:\/\/www.pressenza.com\/pt-pt\/2014\/08\/ao-povo-humanista-palestina-e-israel-o-dia-depois-de-gaza\/\"]}]},{\"@type\":\"ImageObject\",\"inLanguage\":\"pt-PT\",\"@id\":\"https:\/\/www.pressenza.com\/pt-pt\/2014\/08\/ao-povo-humanista-palestina-e-israel-o-dia-depois-de-gaza\/#primaryimage\",\"url\":\"https:\/\/www.pressenza.com\/wp-content\/uploads\/2014\/07\/Paz-Peace.jpg\",\"contentUrl\":\"https:\/\/www.pressenza.com\/wp-content\/uploads\/2014\/07\/Paz-Peace.jpg\",\"width\":240,\"height\":161},{\"@type\":\"BreadcrumbList\",\"@id\":\"https:\/\/www.pressenza.com\/pt-pt\/2014\/08\/ao-povo-humanista-palestina-e-israel-o-dia-depois-de-gaza\/#breadcrumb\",\"itemListElement\":[{\"@type\":\"ListItem\",\"position\":1,\"name\":\"Accueil\",\"item\":\"https:\/\/www.pressenza.com\/pt-pt\/\"},{\"@type\":\"ListItem\",\"position\":2,\"name\":\"Ao povo humanista: Palestina e Israel, o dia depois de Gaza\"}]},{\"@type\":\"WebSite\",\"@id\":\"https:\/\/www.pressenza.com\/pt-pt\/#website\",\"url\":\"https:\/\/www.pressenza.com\/pt-pt\/\",\"name\":\"Pressenza\",\"description\":\"International Press Agency\",\"publisher\":{\"@id\":\"https:\/\/www.pressenza.com\/pt-pt\/#organization\"},\"potentialAction\":[{\"@type\":\"SearchAction\",\"target\":{\"@type\":\"EntryPoint\",\"urlTemplate\":\"https:\/\/www.pressenza.com\/pt-pt\/?s={search_term_string}\"},\"query-input\":{\"@type\":\"PropertyValueSpecification\",\"valueRequired\":true,\"valueName\":\"search_term_string\"}}],\"inLanguage\":\"pt-PT\"},{\"@type\":\"Organization\",\"@id\":\"https:\/\/www.pressenza.com\/pt-pt\/#organization\",\"name\":\"Pressenza\",\"url\":\"https:\/\/www.pressenza.com\/pt-pt\/\",\"logo\":{\"@type\":\"ImageObject\",\"inLanguage\":\"pt-PT\",\"@id\":\"https:\/\/www.pressenza.com\/pt-pt\/#\/schema\/logo\/image\/\",\"url\":\"https:\/\/www.pressenza.com\/wp-content\/uploads\/2022\/10\/pressenza_logo_200x200.jpg\",\"contentUrl\":\"https:\/\/www.pressenza.com\/wp-content\/uploads\/2022\/10\/pressenza_logo_200x200.jpg\",\"width\":200,\"height\":200,\"caption\":\"Pressenza\"},\"image\":{\"@id\":\"https:\/\/www.pressenza.com\/pt-pt\/#\/schema\/logo\/image\/\"},\"sameAs\":[\"https:\/\/www.facebook.com\/PressenzaItalia\",\"https:\/\/x.com\/PressenzaIPA\"]},{\"@type\":\"Person\",\"@id\":\"https:\/\/www.pressenza.com\/pt-pt\/#\/schema\/person\/010e5d02bcf40965427a1289a4cc8d75\",\"name\":\"Pressenza IPA\",\"description\":\"News from Pressenza IPA correspondents\",\"sameAs\":[\"https:\/\/www.facebook.com\/pressenza\",\"https:\/\/x.com\/PressenzaIPA\"],\"url\":\"https:\/\/www.pressenza.com\/pt-pt\/author\/pressenza-ipa\/\"}]}<\/script>\n<!-- \/ Yoast SEO plugin. -->","yoast_head_json":{"title":"Ao povo humanista: Palestina e Israel, o dia depois de Gaza","description":"Por Aaron Elberg desde Israel \u00a0Em algum momento cessar\u00e1 o fogo. Talvez num par de dias, talvez num par de semanas, mas em algum momento o estrondar dos","robots":{"index":"index","follow":"follow","max-snippet":"max-snippet:-1","max-image-preview":"max-image-preview:large","max-video-preview":"max-video-preview:-1"},"canonical":"https:\/\/www.pressenza.com\/pt-pt\/2014\/08\/ao-povo-humanista-palestina-e-israel-o-dia-depois-de-gaza\/","og_locale":"pt_PT","og_type":"article","og_title":"Ao povo humanista: Palestina e Israel, o dia depois de Gaza","og_description":"Por Aaron Elberg desde Israel \u00a0Em algum momento cessar\u00e1 o fogo. Talvez num par de dias, talvez num par de semanas, mas em algum momento o estrondar dos","og_url":"https:\/\/www.pressenza.com\/pt-pt\/2014\/08\/ao-povo-humanista-palestina-e-israel-o-dia-depois-de-gaza\/","og_site_name":"Pressenza","article_publisher":"https:\/\/www.facebook.com\/PressenzaItalia","article_author":"https:\/\/www.facebook.com\/pressenza","article_published_time":"2014-08-04T14:02:53+00:00","og_image":[{"width":240,"height":161,"url":"https:\/\/www.pressenza.com\/wp-content\/uploads\/2014\/07\/Paz-Peace.jpg","type":"image\/jpeg"}],"author":"Pressenza IPA","twitter_card":"summary_large_image","twitter_creator":"@PressenzaIPA","twitter_site":"@PressenzaIPA","twitter_misc":{"Escrito por":"Pressenza IPA","Tempo estimado de leitura":"5 minutos"},"schema":{"@context":"https:\/\/schema.org","@graph":[{"@type":"Article","@id":"https:\/\/www.pressenza.com\/pt-pt\/2014\/08\/ao-povo-humanista-palestina-e-israel-o-dia-depois-de-gaza\/#article","isPartOf":{"@id":"https:\/\/www.pressenza.com\/pt-pt\/2014\/08\/ao-povo-humanista-palestina-e-israel-o-dia-depois-de-gaza\/"},"author":{"name":"Pressenza IPA","@id":"https:\/\/www.pressenza.com\/pt-pt\/#\/schema\/person\/010e5d02bcf40965427a1289a4cc8d75"},"headline":"Ao povo humanista: Palestina e Israel, o dia depois de Gaza","datePublished":"2014-08-04T14:02:53+00:00","mainEntityOfPage":{"@id":"https:\/\/www.pressenza.com\/pt-pt\/2014\/08\/ao-povo-humanista-palestina-e-israel-o-dia-depois-de-gaza\/"},"wordCount":1053,"publisher":{"@id":"https:\/\/www.pressenza.com\/pt-pt\/#organization"},"image":{"@id":"https:\/\/www.pressenza.com\/pt-pt\/2014\/08\/ao-povo-humanista-palestina-e-israel-o-dia-depois-de-gaza\/#primaryimage"},"thumbnailUrl":"https:\/\/www.pressenza.com\/wp-content\/uploads\/2014\/07\/Paz-Peace.jpg","articleSection":["Assuntos internacionais","Direitos Humanos","Humanismo e Espiritualidade","N\u00e3o viol\u00eancia","Opini\u00e3o","Oriente M\u00e9dio","Paz e Desarmamento"],"inLanguage":"pt-PT"},{"@type":"WebPage","@id":"https:\/\/www.pressenza.com\/pt-pt\/2014\/08\/ao-povo-humanista-palestina-e-israel-o-dia-depois-de-gaza\/","url":"https:\/\/www.pressenza.com\/pt-pt\/2014\/08\/ao-povo-humanista-palestina-e-israel-o-dia-depois-de-gaza\/","name":"Ao povo humanista: Palestina e Israel, o dia depois de Gaza","isPartOf":{"@id":"https:\/\/www.pressenza.com\/pt-pt\/#website"},"primaryImageOfPage":{"@id":"https:\/\/www.pressenza.com\/pt-pt\/2014\/08\/ao-povo-humanista-palestina-e-israel-o-dia-depois-de-gaza\/#primaryimage"},"image":{"@id":"https:\/\/www.pressenza.com\/pt-pt\/2014\/08\/ao-povo-humanista-palestina-e-israel-o-dia-depois-de-gaza\/#primaryimage"},"thumbnailUrl":"https:\/\/www.pressenza.com\/wp-content\/uploads\/2014\/07\/Paz-Peace.jpg","datePublished":"2014-08-04T14:02:53+00:00","description":"Por Aaron Elberg desde Israel \u00a0Em algum momento cessar\u00e1 o fogo. Talvez num par de dias, talvez num par de semanas, mas em algum momento o estrondar dos","breadcrumb":{"@id":"https:\/\/www.pressenza.com\/pt-pt\/2014\/08\/ao-povo-humanista-palestina-e-israel-o-dia-depois-de-gaza\/#breadcrumb"},"inLanguage":"pt-PT","potentialAction":[{"@type":"ReadAction","target":["https:\/\/www.pressenza.com\/pt-pt\/2014\/08\/ao-povo-humanista-palestina-e-israel-o-dia-depois-de-gaza\/"]}]},{"@type":"ImageObject","inLanguage":"pt-PT","@id":"https:\/\/www.pressenza.com\/pt-pt\/2014\/08\/ao-povo-humanista-palestina-e-israel-o-dia-depois-de-gaza\/#primaryimage","url":"https:\/\/www.pressenza.com\/wp-content\/uploads\/2014\/07\/Paz-Peace.jpg","contentUrl":"https:\/\/www.pressenza.com\/wp-content\/uploads\/2014\/07\/Paz-Peace.jpg","width":240,"height":161},{"@type":"BreadcrumbList","@id":"https:\/\/www.pressenza.com\/pt-pt\/2014\/08\/ao-povo-humanista-palestina-e-israel-o-dia-depois-de-gaza\/#breadcrumb","itemListElement":[{"@type":"ListItem","position":1,"name":"Accueil","item":"https:\/\/www.pressenza.com\/pt-pt\/"},{"@type":"ListItem","position":2,"name":"Ao povo humanista: Palestina e Israel, o dia depois de Gaza"}]},{"@type":"WebSite","@id":"https:\/\/www.pressenza.com\/pt-pt\/#website","url":"https:\/\/www.pressenza.com\/pt-pt\/","name":"Pressenza","description":"International Press Agency","publisher":{"@id":"https:\/\/www.pressenza.com\/pt-pt\/#organization"},"potentialAction":[{"@type":"SearchAction","target":{"@type":"EntryPoint","urlTemplate":"https:\/\/www.pressenza.com\/pt-pt\/?s={search_term_string}"},"query-input":{"@type":"PropertyValueSpecification","valueRequired":true,"valueName":"search_term_string"}}],"inLanguage":"pt-PT"},{"@type":"Organization","@id":"https:\/\/www.pressenza.com\/pt-pt\/#organization","name":"Pressenza","url":"https:\/\/www.pressenza.com\/pt-pt\/","logo":{"@type":"ImageObject","inLanguage":"pt-PT","@id":"https:\/\/www.pressenza.com\/pt-pt\/#\/schema\/logo\/image\/","url":"https:\/\/www.pressenza.com\/wp-content\/uploads\/2022\/10\/pressenza_logo_200x200.jpg","contentUrl":"https:\/\/www.pressenza.com\/wp-content\/uploads\/2022\/10\/pressenza_logo_200x200.jpg","width":200,"height":200,"caption":"Pressenza"},"image":{"@id":"https:\/\/www.pressenza.com\/pt-pt\/#\/schema\/logo\/image\/"},"sameAs":["https:\/\/www.facebook.com\/PressenzaItalia","https:\/\/x.com\/PressenzaIPA"]},{"@type":"Person","@id":"https:\/\/www.pressenza.com\/pt-pt\/#\/schema\/person\/010e5d02bcf40965427a1289a4cc8d75","name":"Pressenza IPA","description":"News from Pressenza IPA correspondents","sameAs":["https:\/\/www.facebook.com\/pressenza","https:\/\/x.com\/PressenzaIPA"],"url":"https:\/\/www.pressenza.com\/pt-pt\/author\/pressenza-ipa\/"}]}},"place":"","original_article_url":"","_links":{"self":[{"href":"https:\/\/www.pressenza.com\/pt-pt\/wp-json\/wp\/v2\/posts\/123675","targetHints":{"allow":["GET"]}}],"collection":[{"href":"https:\/\/www.pressenza.com\/pt-pt\/wp-json\/wp\/v2\/posts"}],"about":[{"href":"https:\/\/www.pressenza.com\/pt-pt\/wp-json\/wp\/v2\/types\/post"}],"author":[{"embeddable":true,"href":"https:\/\/www.pressenza.com\/pt-pt\/wp-json\/wp\/v2\/users\/19"}],"replies":[{"embeddable":true,"href":"https:\/\/www.pressenza.com\/pt-pt\/wp-json\/wp\/v2\/comments?post=123675"}],"version-history":[{"count":0,"href":"https:\/\/www.pressenza.com\/pt-pt\/wp-json\/wp\/v2\/posts\/123675\/revisions"}],"wp:featuredmedia":[{"embeddable":true,"href":"https:\/\/www.pressenza.com\/pt-pt\/wp-json\/wp\/v2\/media\/122477"}],"wp:attachment":[{"href":"https:\/\/www.pressenza.com\/pt-pt\/wp-json\/wp\/v2\/media?parent=123675"}],"wp:term":[{"taxonomy":"category","embeddable":true,"href":"https:\/\/www.pressenza.com\/pt-pt\/wp-json\/wp\/v2\/categories?post=123675"},{"taxonomy":"post_tag","embeddable":true,"href":"https:\/\/www.pressenza.com\/pt-pt\/wp-json\/wp\/v2\/tags?post=123675"}],"curies":[{"name":"wp","href":"https:\/\/api.w.org\/{rel}","templated":true}]}}