{"id":1236560,"date":"2020-11-09T23:07:40","date_gmt":"2020-11-09T23:07:40","guid":{"rendered":"https:\/\/www.pressenza.com\/?p=1236560"},"modified":"2020-11-09T23:07:40","modified_gmt":"2020-11-09T23:07:40","slug":"negra-e-filha-de-imigrantes-kamala-harris-sera-a-primeira-mulher-vice-presidente-dos-eua","status":"publish","type":"post","link":"https:\/\/www.pressenza.com\/pt-pt\/2020\/11\/negra-e-filha-de-imigrantes-kamala-harris-sera-a-primeira-mulher-vice-presidente-dos-eua\/","title":{"rendered":"Negra e filha de imigrantes, Kamala Harris ser\u00e1 a primeira mulher vice-presidente dos EUA"},"content":{"rendered":"<p><em>Por<strong> Mathias Boni<\/strong><\/em><\/p>\n<p>A vit\u00f3ria de Joe Biden na elei\u00e7\u00e3o presidencial nos Estados Unidos traz consigo outro elemento hist\u00f3rico. Trata-se da vice-presidente Kamala Harris, que por ser negra e ter ascend\u00eancia imigrante carrega uma s\u00e9rie de simbolismos que ser\u00e3o colocados \u00e0 prova a partir de janeiro de 2021.<\/p>\n<p>Senadora pelo Estado da Calif\u00f3rnia, Harris foi a primeira mulher negra a compor uma chapa \u00e0s elei\u00e7\u00f5es presidenciais estadunidenses, seja por Republicanos ou Democratas. \u00c9 tamb\u00e9m apenas a quarta mulher na hist\u00f3ria dos Estados Unidos a participar de uma elei\u00e7\u00e3o como candidata a presidente ou vice pelos dois grandes partidos do pa\u00eds. E com a vit\u00f3ria de Biden, a senadora ser\u00e1 a primeira mulher a ocupar a vice-presid\u00eancia estadunidense.<\/p>\n<p>Kamala Harris foi uma das pr\u00e9-candidaturas a tentar unir o Partido Democrata em torno de um nome que fosse capaz de impedir a reelei\u00e7\u00e3o de Donald Trump. Embora a op\u00e7\u00e3o final tenha sido por Joe Biden, coube \u00e0 senadora a indica\u00e7\u00e3o para o posto de vice. Sua simples presen\u00e7a na chapa democrata j\u00e1 servia como um recado a Trump e sua controversa e pol\u00eamica postura quanto \u00e0 <a href=\"https:\/\/migramundo.com\/de-clinton-a-trump-veja-o-que-fizeram-os-ultimos-presidentes-dos-eua-em-relacao-a-imigracao\/\" target=\"_blank\" rel=\"noreferrer noopener\" data-type=\"URL\" data-id=\"https:\/\/migramundo.com\/de-clinton-a-trump-veja-o-que-fizeram-os-ultimos-presidentes-dos-eua-em-relacao-a-imigracao\/\">quest\u00e3o migrat\u00f3ria<\/a> no pa\u00eds.<\/p>\n<p>A nova vice-presidente, que tamb\u00e9m exerce a fun\u00e7\u00e3o de presidente do Senado, tamb\u00e9m representa uma gera\u00e7\u00e3o de cidad\u00e3os filhos de imigrantes, j\u00e1 nascidos nos Estados Unidos, que come\u00e7a a ganhar cada vez mais protagonismo na pol\u00edtica e na sociedade do pa\u00eds.<\/p>\n<h4>Fam\u00edlia e identidade<\/h4>\n<p>N\u00e3o \u00e9 de agora que Kamala Harris, nascida na cidade californiana de Oakland, quebra paradigmas. Antes de sua hist\u00f3rica recente nomea\u00e7\u00e3o, ela tamb\u00e9m j\u00e1 havia sido a primeira mulher negra a ser Procuradora Distrital de San Francisco, posi\u00e7\u00e3o que ocupou entre 2004 e 2011, e tamb\u00e9m a primeira Procuradora-Geral da Calif\u00f3rnia, onde ficou at\u00e9 2016, quando foi eleita ao Senado. Como senadora, ela n\u00e3o foi a primeira, mas a segunda mulher negra eleita para tal cargo na hist\u00f3ria do pa\u00eds, depois de Carol Braun, senadora por Illinois entre 1993 e 1999. Filha de m\u00e3e Indiana, ela tamb\u00e9m foi a primeira estadunidense dessa origem a ocupar vaga no Senado.<\/p>\n<p>Ambos os pais de Kamala Harris s\u00e3o imigrantes. Seu pai, Donald Harris, \u00e9 um economista jamaicano que imigrou para os Estados Unidos nos anos 1960 para estudar na Universidade de Berkeley, e hoje \u00e9 professor em\u00e9rito da Universidade de Stanford. Sua m\u00e3e, indiana, era a cientista e pesquisadora Shyamala Gopalan, falecida em 2009, que tamb\u00e9m tinha estudado em Berkeley no mesmo per\u00edodo que Donald. L\u00e1, ela conheceu o futuro pai de Kamala e sua irm\u00e3 mais nova, Maya, em meio ao movimento pelos direitos civis.<\/p>\n<p>Shyamala era muito apegada \u00e0 sua cultura indiana, e desejava passar essa conex\u00e3o \u00e0s filhas, nascidas na Calif\u00f3rnia. Por isso, deu nomes em s\u00e2nscrito para elas \u2013 Kamala, por exemplo, significa \u201cflor de l\u00f3tus\u201d. Na sua vis\u00e3o, \u201cculturas que idolatram deusas femininas produzem mulheres fortes. \u201d Logo em 1971, Donald e Shyamala se separaram, e a guarda de Kamala e Maya ficou com a m\u00e3e. Nessa \u00e9poca, a popula\u00e7\u00e3o dos Estados Unidos era formada basicamente por brancos e negros, e apenas 5% por imigrantes. Por isso, mesmo sendo origin\u00e1ria de uma fam\u00edlia t\u00e2mil, do sul da \u00cdndia, Shyamala priorizou criar suas filhas como meninas negras, pois sabia que seria assim que a sociedade estadunidense as perceberia.<\/p>\n<p>Aos 12 anos, Kamala se mudou com a m\u00e3e e a irm\u00e3 para Montreal, onde Shyamala havia aceitado um emprego como pesquisadora. No Canad\u00e1, como imigrante, Kamala viveu at\u00e9 seus 18 anos, quando se formou no high school. Depois da formatura, ela voltou para os Estados Unidos, e foi estudar Ci\u00eancias Pol\u00edticas e Economia na Howard University, em Washington DC, uma tradicional faculdade ligada \u00e0 comunidade negra. Depois disso, ela finalmente voltou ao seu estado natal, ingressando na Faculdade de Direito da Universidade da Calif\u00f3rnia, onde se formou em 1989. Em 1990, ela foi aprovada no exame de advocacia do estado, e, a partir desse momento, iniciou de vez sua carreira profissional.<\/p>\n<p>O pai de Kamala, Donald, foi um economista de sucesso, e se aposentou em 1998 como professor em\u00e9rito da Universidade de Stanford. Hoje, ele est\u00e1 com 82 anos. Sua irm\u00e3 mais nova, Maya, tamb\u00e9m entrou para a pol\u00edtica. Ela foi conselheira pol\u00edtica s\u00eanior da campanha presidencial de 2016 de Hilary Clinton, e tamb\u00e9m trabalhou como presidente da campanha de sua irm\u00e3 nesse ano. A m\u00e3e de Kamala, Shyamala, acabou morrendo em 2009, de c\u00e2ncer de colon. Em sua autobiografia, As Verdades Que Contamos, Kamala descreve sua rela\u00e7\u00e3o com a m\u00e3e e a cultura indiana: \u201cMinha m\u00e3e era muito orgulhosa de sua origem indiana, e ensinou a Maya e eu a tamb\u00e9m nos orgulharmos da nossa cultura. N\u00f3s costum\u00e1vamos ir para a \u00cdndia a cada dois anos. Tenho muito orgulho de quem eu sou, e tenho orgulho das influ\u00eancias que a minha fam\u00edlia tem na minha vida\u201d.<\/p>\n<h4>Carreira p\u00fablica at\u00e9 a indica\u00e7\u00e3o a vice<\/h4>\n<p>Em 2003, Kamala Harris foi eleita Procuradora Distrital de S\u00e3o Francisco, posi\u00e7\u00e3o para a qual foi reeleita em 2007.\u00a0 Ela ocupou o cargo at\u00e9 2010, quando foi eleita para ser Procuradora-Geral da Calif\u00f3rnia. Em 2009, a m\u00eddia estadunidense j\u00e1 a chamava de <a href=\"https:\/\/www.theguardian.com\/us-news\/2019\/dec\/03\/kamal-harris-campaign-analysis-democrats-2020\" target=\"_blank\" rel=\"noopener noreferrer\">\u201cFemale Obama\u201d<\/a>, pois Kamala teve forma\u00e7\u00e3o jur\u00eddica e tamb\u00e9m era filha de imigrantes \u2013 no caso de Obama, apenas seu pai, queniano, era estrangeiro. Como Procuradora-Geral, Harris foi reeleita em 2014, at\u00e9 que decidiu se candidatar ao Senado em 2016.<\/p>\n<p>Em t\u00f3picos pol\u00edticos importantes, como sa\u00fade p\u00fablica e economia, Harris tem um posicionamento mais centrista no espectro pol\u00edtico dos Estados Unidos, se assemelhando a Biden e se diferenciando de Bernie Sanders e at\u00e9 de Elizabeth Warren, por exemplo. No Senado, ela at\u00e9 defendeu o Obamacare e pol\u00edticas que mitiguem as mudan\u00e7as clim\u00e1ticas, mas sem ser muito incisiva. Como senadora, ela tamb\u00e9m defendeu pol\u00edticas de descriminaliza\u00e7\u00e3o federal da can\u00e1bis, restri\u00e7\u00e3o de armamentos pesados e reforma tribut\u00e1ria.<\/p>\n<p>Tamb\u00e9m enquanto senadora, <a href=\"https:\/\/valor.globo.com\/mundo\/noticia\/2020\/08\/11\/kamala-harris-e-critica-de-bolsonaro-e-se-opoe-a-acordos-entre-brasil-e-eua.ghtml\" target=\"_blank\" rel=\"noopener noreferrer\">Kamala Harris fez parte do grupo que se opunha a acordos entre o Brasil e os Estados Unidos por causa da precariza\u00e7\u00e3o da preserva\u00e7\u00e3o ambiental por parte do governo federal brasileiro<\/a>. Em agosto do ano passado, ela chegou a fazer uma cr\u00edtica direta a Jair Bolsonaro, quando publicou em seu twitter: \u201cEnquanto a Amaz\u00f4nia queima, o presidente do Brasil, como Trump, que permitiu que madeireiros e mineradores destru\u00edssem a terra, n\u00e3o est\u00e1 agindo. Trump n\u00e3o deve buscar um acordo comercial com o Brasil at\u00e9 que Bolsonaro reverta sua pol\u00edtica catastr\u00f3fica e resolva as queimadas. Precisamos de lideran\u00e7a para salvar nosso planeta\u201d.<\/p>\n<p>Em sua campanha como pr\u00e9-candidata do partido democrata, Kamala Harris tentava se projetar ao p\u00fablico como uma candidata para agradar moderados e progressistas. Entretanto, tanto em S\u00e3o Francisco como durante sua carreira de Procuradora-Geral da Calif\u00f3rnia, Harris sempre teve sua atua\u00e7\u00e3o mais elogiada pela parcela conservadora da sociedade, justamente por ter uma atua\u00e7\u00e3o alinhada com a defesa da \u201clei e da ordem\u201d. Autointitulada <a href=\"https:\/\/blueprint.ucla.edu\/feature\/kamala-harris-california-top-cop\/\" target=\"_blank\" rel=\"noopener noreferrer\">\u201cTop Cop\u201d<\/a>, ela era criticada pelos progressistas principalmente por ser muito dura em crimes menores, atingindo assim uma parcela mais vulner\u00e1vel da popula\u00e7\u00e3o, e intervir muito pouco em casos envolvendo assassinatos e outros abusos cometidos por policiais. Durante a primeira grande onda de manifesta\u00e7\u00f5es do Black Lives Matter, em 2014, Harris teve sua atua\u00e7\u00e3o criticada pelos manifestantes. Durante as manifesta\u00e7\u00f5es ap\u00f3s o assassinato de George Floyd, essas cr\u00edticas voltaram a ocorrer, por mais que ela tenha tinha maior participa\u00e7\u00e3o dessa vez.<\/p>\n<p>Angela Davis, fil\u00f3sofa e hist\u00f3rica ativista do movimento negro nos Estados Unidos, reconhece a legitimidade das cr\u00edticas a Kamala Harris. Mesmo assim, mostrou satisfa\u00e7\u00e3o com sua nomea\u00e7\u00e3o para candidata \u00e0 vice-presid\u00eancia. Ap\u00f3s a confirma\u00e7\u00e3o, Davis <a href=\"https:\/\/www.reuters.com\/article\/us-people-angela-davis-election\/us-political-activist-angela-davis-says-kamala-harris-makes-democratic-ticket-more-palatable-idUSKCN25930Y\" target=\"_blank\" rel=\"noopener noreferrer\">declarou<\/a> que \u201cpor mais que n\u00e3o possamos esquecer alguns problemas que est\u00e3o associados \u00e0 sua carreira como promotora, \u00e9 uma abordagem feminista ser capaz de trabalhar com essas contradi\u00e7\u00f5es, ent\u00e3o posso dizer que estou muito animada\u201d. Angela Davis, que foi ela pr\u00f3pria candidata \u00e0 vice-presid\u00eancia dos Estados Unidos em 1980 e 1984, pelo Partido Comunista do pa\u00eds, ainda afirmou que a indica\u00e7\u00e3o de Kamala Harris como vice torna a candidatura de Biden \u201cmuito mais palat\u00e1vel\u201d.<\/p>\n<p>Na sua primeira declara\u00e7\u00e3o p\u00fablica ap\u00f3s ter sido confirmada como candidata, Kamala Harris alertou para a encruzilhada hist\u00f3rica em que se encontra a pol\u00edtica dos Estados Unidos. Ela afirmou que \u201cesse \u00e9 um momento de grande consequ\u00eancia para a Am\u00e9rica. Est\u00e1 tudo em jogo. Os Estados Unidos est\u00e3o precisando desesperadamente de lideran\u00e7a, mas temos um presidente que pensa mais nele do que no povo que o elegeu\u201d.<\/p>\n<h4>Atua\u00e7\u00e3o em pol\u00edticas p\u00fablicas de imigra\u00e7\u00e3o<\/h4>\n<p>Com uma carreira de destaque na Justi\u00e7a e na Pol\u00edtica, Kamala Harris tamb\u00e9m dedicou tempo especial para desenvolver pol\u00edticas p\u00fablicas de imigra\u00e7\u00e3o. Quando estava em S\u00e3o Francisco, criou cl\u00ednicas jur\u00eddicas para prestar assist\u00eancia a imigrantes na cidade. J\u00e1 como Procuradora-Geral da Calif\u00f3rnia, em 2014, ela ampliou essa pol\u00edtica, quando teve que lidar com um fluxo excepcional de imigrantes que vieram da Am\u00e9rica Central.<\/p>\n<p>Durante seu per\u00edodo como senadora, <a href=\"https:\/\/slate.com\/news-and-politics\/2020\/08\/kamala-harris-immigrants-gopalan-jamaica-india.html\" target=\"_blank\" rel=\"noopener noreferrer\">intensificou sua atua\u00e7\u00e3o na pol\u00edtica migrat\u00f3ria do pa\u00eds<\/a>. Ela defendeu o uso de vistos humanit\u00e1rios para regular grandes fluxos de imigrantes, foi cr\u00edtica das pol\u00edticas de deten\u00e7\u00e3o do governo Trump, principalmente a separa\u00e7\u00e3o de menores de seus respons\u00e1veis, e tamb\u00e9m foi defensora dos direitos dos Dreamers, imigrantes que chegam ainda crian\u00e7as com os seus pais nos Estados Unidos, e que sofreram grande ataque a seus direitos no pa\u00eds nos \u00faltimos anos.<\/p>\n<p>Pelo envolvimento pessoal de Kamala Harris com pol\u00edticas de imigra\u00e7\u00e3o, se os democratas forem eleitos, a vice-presid\u00eancia do governo federal estadunidense pode desempenhar maior protagonismo nessa mat\u00e9ria. Ela j\u00e1 anunciou que pretenderia reverter imediatamente o <a href=\"https:\/\/www.amnesty.org.uk\/licence-discriminate-trumps-muslim-refugee-ban\" target=\"_blank\" rel=\"noopener noreferrer\">Muslim Ban aplicado por Trump<\/a>, bem como gostaria de incluir os imigrantes em programas de sa\u00fade p\u00fablica. De qualquer forma, resta esperar para ver o verdadeiro impacto de Kamala Harris na <a href=\"https:\/\/migramundo.com\/vitoria-de-joe-biden-e-capaz-de-mudar-o-rumo-da-politica-migratoria-nos-eua\/\" target=\"_blank\" rel=\"noopener noreferrer\">pol\u00edtica migrat\u00f3ria de Biden<\/a>, caso eleito.<\/p>\n<h4>Os significados da candidatura de Kamala<\/h4>\n<p>O fato \u00e9 que, trazendo Kamala \u00e0 sua chapa, Biden traz a pauta da imigra\u00e7\u00e3o de volta para o centro das discuss\u00f5es nos Estados Unidos, sendo sua presen\u00e7a ali por si s\u00f3 j\u00e1 um contraponto \u00e0 pol\u00edtica e \u00e0 ret\u00f3rica anti-imigra\u00e7\u00e3o de Donald Trump. Uma prova do inc\u00f4modo do republicano com Harris foi uma <a href=\"https:\/\/www.nytimes.com\/live\/2020\/08\/13\/us\/biden-vs-trump\" target=\"_blank\" rel=\"noopener noreferrer\">preconceituosa teoria da conspira\u00e7\u00e3o sobre a impossibilidade que Kamala concorrer que ele tentou incentivar<\/a>, sem sucesso.<\/p>\n<p>Outro ponto indiscut\u00edvel da indica\u00e7\u00e3o de Kamala foi a estrat\u00e9gia de Biden de tentar angariar votos de uma parcela da popula\u00e7\u00e3o que cada vez mais relevante nas elei\u00e7\u00f5es, os imigrantes e seus descendentes diretos. Na disputa de novembro, eram 23 milh\u00f5es de imigrantes espalhados por todos os estados aptos a votar, representando cerca de 10% de todo o eleitorado de todo o pa\u00eds.<\/p>\n<p>O sucesso da trajet\u00f3ria de Harris representa a ascens\u00e3o natural de filhos de fam\u00edlias de imigrantes que chegaram nos EUA em meados do s\u00e9culo XX. Esse fluxo hist\u00f3rico de imigra\u00e7\u00e3o para os Estados Unidos foi incentivado principalmente pelo estabelecimento da Lei de Imigra\u00e7\u00e3o e Nacionalidade de 1965, <a href=\"https:\/\/internacional.estadao.com.br\/noticias\/geral,lei-de-imigracao-de-1965-transformou-os-eua,1774738#:~:text=Em%201965%2C%20os%20pa%C3%ADses%20do,e%20sa%C3%ADam%20com%20bastante%20frequ%C3%AAncia.&amp;text=A%20lei%20foi%20promulgada%20um,por%20mais%20de%2020%20anos.\" target=\"_blank\" rel=\"noopener noreferrer\">que reformulou a estrutura da pol\u00edtica migrat\u00f3ria do pa\u00eds<\/a> e tornou poss\u00edvel a vinda de muito mais estrangeiros para os EUA.<\/p>\n<p>A primeira gera\u00e7\u00e3o dessas fam\u00edlias veio para os Estados Unidos basicamente buscando, em um primeiro momento, se estabelecer e prosperar. A gera\u00e7\u00e3o de Kamala j\u00e1 nasceu no territ\u00f3rio dos Estados Unidos, ent\u00e3o se sente naturalmente estadunidense, mesmo com um ou os dois pais estrangeiros. Diferentemente dos pais, essa gera\u00e7\u00e3o j\u00e1 se coloca lado a lado aos cidad\u00e3os de fam\u00edlias mais \u201ctradicionais\u201d, buscando tamb\u00e9m uma participa\u00e7\u00e3o ativa na vida p\u00fablica do pa\u00eds.<\/p>\n<p>Al\u00e9m disso, em muitos casos, essas pessoas tamb\u00e9m cresceram vendo seus pais, e mesmo eles pr\u00f3prios, passarem por momentos de discrimina\u00e7\u00e3o e xenofobia. Desse modo, tamb\u00e9m s\u00e3o mais inclinados a ter um olhar mais sens\u00edvel \u00e0s pol\u00edticas p\u00fablicas que regulam a imigra\u00e7\u00e3o.<\/p>\n<p>Com a elei\u00e7\u00e3o democrata, Kamala Harris ter\u00e1 a chance de provar justamente isso. O limite de sua atua\u00e7\u00e3o, claro, depender\u00e1 tamb\u00e9m da dire\u00e7\u00e3o que Joe Biden desejar dar para suas pol\u00edticas p\u00fablicas de imigra\u00e7\u00e3o. Entretanto, como vice-presidente, ela teria a chance de redefinir a import\u00e2ncia dessa pauta para o ocupante desse cargo de uma maneira sem precedentes. De qualquer forma, s\u00f3 de estar na posi\u00e7\u00e3o de candidata \u00e0 vice-presid\u00eancia, Kamala Harris j\u00e1 fez hist\u00f3ria. Mais uma vez.<\/p>\n","protected":false},"excerpt":{"rendered":"<p>Por Mathias Boni A vit\u00f3ria de Joe Biden na elei\u00e7\u00e3o presidencial nos Estados Unidos traz consigo outro elemento hist\u00f3rico. Trata-se da vice-presidente Kamala Harris, que por ser negra e ter ascend\u00eancia imigrante carrega uma s\u00e9rie de simbolismos que ser\u00e3o colocados&hellip;<\/p>\n","protected":false},"author":1294,"featured_media":1236561,"comment_status":"closed","ping_status":"closed","sticky":false,"template":"","format":"standard","meta":{"footnotes":""},"categories":[105,111],"tags":[63809,82368,80116,24481,27668],"class_list":["post-1236560","post","type-post","status-publish","format-standard","has-post-thumbnail","hentry","category-america-do-norte","category-politica-pt-pt","tag-eua-pt-pt-6","tag-joe-biden-pt-pt","tag-kamala-harris","tag-migracao","tag-politicas-migratorias"],"yoast_head":"<!-- This site is optimized with the Yoast SEO plugin v27.1.1 - https:\/\/yoast.com\/product\/yoast-seo-wordpress\/ -->\n<title>Negra e filha de imigrantes, Kamala Harris ser\u00e1 a primeira mulher vice-presidente dos EUA<\/title>\n<meta name=\"description\" content=\"Por Mathias Boni A vit\u00f3ria de Joe Biden na elei\u00e7\u00e3o presidencial nos Estados Unidos traz consigo outro elemento hist\u00f3rico. Trata-se da vice-presidente\" \/>\n<meta name=\"robots\" content=\"index, follow, max-snippet:-1, max-image-preview:large, max-video-preview:-1\" \/>\n<link rel=\"canonical\" href=\"https:\/\/www.pressenza.com\/pt-pt\/2020\/11\/negra-e-filha-de-imigrantes-kamala-harris-sera-a-primeira-mulher-vice-presidente-dos-eua\/\" \/>\n<meta property=\"og:locale\" content=\"pt_PT\" \/>\n<meta property=\"og:type\" content=\"article\" \/>\n<meta property=\"og:title\" content=\"Negra e filha de imigrantes, Kamala Harris ser\u00e1 a primeira mulher vice-presidente dos EUA\" \/>\n<meta property=\"og:description\" content=\"Por Mathias Boni A vit\u00f3ria de Joe Biden na elei\u00e7\u00e3o presidencial nos Estados Unidos traz consigo outro elemento hist\u00f3rico. Trata-se da vice-presidente\" \/>\n<meta property=\"og:url\" content=\"https:\/\/www.pressenza.com\/pt-pt\/2020\/11\/negra-e-filha-de-imigrantes-kamala-harris-sera-a-primeira-mulher-vice-presidente-dos-eua\/\" \/>\n<meta property=\"og:site_name\" content=\"Pressenza\" \/>\n<meta property=\"article:publisher\" content=\"https:\/\/www.facebook.com\/PressenzaItalia\" \/>\n<meta property=\"article:author\" content=\"https:\/\/www.facebook.com\/MigraMundo-423076724413055\/?fref=ts\" \/>\n<meta property=\"article:published_time\" content=\"2020-11-09T23:07:40+00:00\" \/>\n<meta property=\"og:image\" content=\"https:\/\/www.pressenza.com\/wp-content\/uploads\/2020\/11\/Kamala-Harris-Gage-Skidmore-CC-BY-SA-2.0.jpg\" \/>\n\t<meta property=\"og:image:width\" content=\"799\" \/>\n\t<meta property=\"og:image:height\" content=\"533\" \/>\n\t<meta property=\"og:image:type\" content=\"image\/jpeg\" \/>\n<meta name=\"author\" content=\"MigraMundo\" \/>\n<meta name=\"twitter:card\" content=\"summary_large_image\" \/>\n<meta name=\"twitter:creator\" content=\"@blogmigramundo\" \/>\n<meta name=\"twitter:site\" content=\"@PressenzaIPA\" \/>\n<meta name=\"twitter:label1\" content=\"Escrito por\" \/>\n\t<meta name=\"twitter:data1\" content=\"MigraMundo\" \/>\n\t<meta name=\"twitter:label2\" content=\"Tempo estimado de leitura\" \/>\n\t<meta name=\"twitter:data2\" content=\"11 minutos\" \/>\n<script type=\"application\/ld+json\" class=\"yoast-schema-graph\">{\"@context\":\"https:\/\/schema.org\",\"@graph\":[{\"@type\":\"Article\",\"@id\":\"https:\/\/www.pressenza.com\/pt-pt\/2020\/11\/negra-e-filha-de-imigrantes-kamala-harris-sera-a-primeira-mulher-vice-presidente-dos-eua\/#article\",\"isPartOf\":{\"@id\":\"https:\/\/www.pressenza.com\/pt-pt\/2020\/11\/negra-e-filha-de-imigrantes-kamala-harris-sera-a-primeira-mulher-vice-presidente-dos-eua\/\"},\"author\":{\"name\":\"MigraMundo\",\"@id\":\"https:\/\/www.pressenza.com\/pt-pt\/#\/schema\/person\/492ecffa7af4efeb88aa7ea8eb499935\"},\"headline\":\"Negra e filha de imigrantes, Kamala Harris ser\u00e1 a primeira mulher vice-presidente dos EUA\",\"datePublished\":\"2020-11-09T23:07:40+00:00\",\"mainEntityOfPage\":{\"@id\":\"https:\/\/www.pressenza.com\/pt-pt\/2020\/11\/negra-e-filha-de-imigrantes-kamala-harris-sera-a-primeira-mulher-vice-presidente-dos-eua\/\"},\"wordCount\":2214,\"publisher\":{\"@id\":\"https:\/\/www.pressenza.com\/pt-pt\/#organization\"},\"image\":{\"@id\":\"https:\/\/www.pressenza.com\/pt-pt\/2020\/11\/negra-e-filha-de-imigrantes-kamala-harris-sera-a-primeira-mulher-vice-presidente-dos-eua\/#primaryimage\"},\"thumbnailUrl\":\"https:\/\/www.pressenza.com\/wp-content\/uploads\/2020\/11\/Kamala-Harris-Gage-Skidmore-CC-BY-SA-2.0.jpg\",\"keywords\":[\"EUA\",\"Joe Biden\",\"Kamala Harris\",\"migra\u00e7\u00e3o\",\"pol\u00edticas migrat\u00f3rias\"],\"articleSection\":[\"Am\u00e9rica do Norte\",\"Pol\u00edtica\"],\"inLanguage\":\"pt-PT\"},{\"@type\":\"WebPage\",\"@id\":\"https:\/\/www.pressenza.com\/pt-pt\/2020\/11\/negra-e-filha-de-imigrantes-kamala-harris-sera-a-primeira-mulher-vice-presidente-dos-eua\/\",\"url\":\"https:\/\/www.pressenza.com\/pt-pt\/2020\/11\/negra-e-filha-de-imigrantes-kamala-harris-sera-a-primeira-mulher-vice-presidente-dos-eua\/\",\"name\":\"Negra e filha de imigrantes, Kamala Harris ser\u00e1 a primeira mulher vice-presidente dos EUA\",\"isPartOf\":{\"@id\":\"https:\/\/www.pressenza.com\/pt-pt\/#website\"},\"primaryImageOfPage\":{\"@id\":\"https:\/\/www.pressenza.com\/pt-pt\/2020\/11\/negra-e-filha-de-imigrantes-kamala-harris-sera-a-primeira-mulher-vice-presidente-dos-eua\/#primaryimage\"},\"image\":{\"@id\":\"https:\/\/www.pressenza.com\/pt-pt\/2020\/11\/negra-e-filha-de-imigrantes-kamala-harris-sera-a-primeira-mulher-vice-presidente-dos-eua\/#primaryimage\"},\"thumbnailUrl\":\"https:\/\/www.pressenza.com\/wp-content\/uploads\/2020\/11\/Kamala-Harris-Gage-Skidmore-CC-BY-SA-2.0.jpg\",\"datePublished\":\"2020-11-09T23:07:40+00:00\",\"description\":\"Por Mathias Boni A vit\u00f3ria de Joe Biden na elei\u00e7\u00e3o presidencial nos Estados Unidos traz consigo outro elemento hist\u00f3rico. Trata-se da vice-presidente\",\"breadcrumb\":{\"@id\":\"https:\/\/www.pressenza.com\/pt-pt\/2020\/11\/negra-e-filha-de-imigrantes-kamala-harris-sera-a-primeira-mulher-vice-presidente-dos-eua\/#breadcrumb\"},\"inLanguage\":\"pt-PT\",\"potentialAction\":[{\"@type\":\"ReadAction\",\"target\":[\"https:\/\/www.pressenza.com\/pt-pt\/2020\/11\/negra-e-filha-de-imigrantes-kamala-harris-sera-a-primeira-mulher-vice-presidente-dos-eua\/\"]}]},{\"@type\":\"ImageObject\",\"inLanguage\":\"pt-PT\",\"@id\":\"https:\/\/www.pressenza.com\/pt-pt\/2020\/11\/negra-e-filha-de-imigrantes-kamala-harris-sera-a-primeira-mulher-vice-presidente-dos-eua\/#primaryimage\",\"url\":\"https:\/\/www.pressenza.com\/wp-content\/uploads\/2020\/11\/Kamala-Harris-Gage-Skidmore-CC-BY-SA-2.0.jpg\",\"contentUrl\":\"https:\/\/www.pressenza.com\/wp-content\/uploads\/2020\/11\/Kamala-Harris-Gage-Skidmore-CC-BY-SA-2.0.jpg\",\"width\":799,\"height\":533},{\"@type\":\"BreadcrumbList\",\"@id\":\"https:\/\/www.pressenza.com\/pt-pt\/2020\/11\/negra-e-filha-de-imigrantes-kamala-harris-sera-a-primeira-mulher-vice-presidente-dos-eua\/#breadcrumb\",\"itemListElement\":[{\"@type\":\"ListItem\",\"position\":1,\"name\":\"Accueil\",\"item\":\"https:\/\/www.pressenza.com\/pt-pt\/\"},{\"@type\":\"ListItem\",\"position\":2,\"name\":\"Negra e filha de imigrantes, Kamala Harris ser\u00e1 a primeira mulher vice-presidente dos EUA\"}]},{\"@type\":\"WebSite\",\"@id\":\"https:\/\/www.pressenza.com\/pt-pt\/#website\",\"url\":\"https:\/\/www.pressenza.com\/pt-pt\/\",\"name\":\"Pressenza\",\"description\":\"International Press Agency\",\"publisher\":{\"@id\":\"https:\/\/www.pressenza.com\/pt-pt\/#organization\"},\"potentialAction\":[{\"@type\":\"SearchAction\",\"target\":{\"@type\":\"EntryPoint\",\"urlTemplate\":\"https:\/\/www.pressenza.com\/pt-pt\/?s={search_term_string}\"},\"query-input\":{\"@type\":\"PropertyValueSpecification\",\"valueRequired\":true,\"valueName\":\"search_term_string\"}}],\"inLanguage\":\"pt-PT\"},{\"@type\":\"Organization\",\"@id\":\"https:\/\/www.pressenza.com\/pt-pt\/#organization\",\"name\":\"Pressenza\",\"url\":\"https:\/\/www.pressenza.com\/pt-pt\/\",\"logo\":{\"@type\":\"ImageObject\",\"inLanguage\":\"pt-PT\",\"@id\":\"https:\/\/www.pressenza.com\/pt-pt\/#\/schema\/logo\/image\/\",\"url\":\"https:\/\/www.pressenza.com\/wp-content\/uploads\/2022\/10\/pressenza_logo_200x200.jpg\",\"contentUrl\":\"https:\/\/www.pressenza.com\/wp-content\/uploads\/2022\/10\/pressenza_logo_200x200.jpg\",\"width\":200,\"height\":200,\"caption\":\"Pressenza\"},\"image\":{\"@id\":\"https:\/\/www.pressenza.com\/pt-pt\/#\/schema\/logo\/image\/\"},\"sameAs\":[\"https:\/\/www.facebook.com\/PressenzaItalia\",\"https:\/\/x.com\/PressenzaIPA\"]},{\"@type\":\"Person\",\"@id\":\"https:\/\/www.pressenza.com\/pt-pt\/#\/schema\/person\/492ecffa7af4efeb88aa7ea8eb499935\",\"name\":\"MigraMundo\",\"sameAs\":[\"https:\/\/www.facebook.com\/MigraMundo-423076724413055\/?fref=ts\",\"https:\/\/x.com\/blogmigramundo\"],\"url\":\"https:\/\/www.pressenza.com\/pt-pt\/author\/migramundo\/\"}]}<\/script>\n<!-- \/ Yoast SEO plugin. -->","yoast_head_json":{"title":"Negra e filha de imigrantes, Kamala Harris ser\u00e1 a primeira mulher vice-presidente dos EUA","description":"Por Mathias Boni A vit\u00f3ria de Joe Biden na elei\u00e7\u00e3o presidencial nos Estados Unidos traz consigo outro elemento hist\u00f3rico. Trata-se da vice-presidente","robots":{"index":"index","follow":"follow","max-snippet":"max-snippet:-1","max-image-preview":"max-image-preview:large","max-video-preview":"max-video-preview:-1"},"canonical":"https:\/\/www.pressenza.com\/pt-pt\/2020\/11\/negra-e-filha-de-imigrantes-kamala-harris-sera-a-primeira-mulher-vice-presidente-dos-eua\/","og_locale":"pt_PT","og_type":"article","og_title":"Negra e filha de imigrantes, Kamala Harris ser\u00e1 a primeira mulher vice-presidente dos EUA","og_description":"Por Mathias Boni A vit\u00f3ria de Joe Biden na elei\u00e7\u00e3o presidencial nos Estados Unidos traz consigo outro elemento hist\u00f3rico. Trata-se da vice-presidente","og_url":"https:\/\/www.pressenza.com\/pt-pt\/2020\/11\/negra-e-filha-de-imigrantes-kamala-harris-sera-a-primeira-mulher-vice-presidente-dos-eua\/","og_site_name":"Pressenza","article_publisher":"https:\/\/www.facebook.com\/PressenzaItalia","article_author":"https:\/\/www.facebook.com\/MigraMundo-423076724413055\/?fref=ts","article_published_time":"2020-11-09T23:07:40+00:00","og_image":[{"width":799,"height":533,"url":"https:\/\/www.pressenza.com\/wp-content\/uploads\/2020\/11\/Kamala-Harris-Gage-Skidmore-CC-BY-SA-2.0.jpg","type":"image\/jpeg"}],"author":"MigraMundo","twitter_card":"summary_large_image","twitter_creator":"@blogmigramundo","twitter_site":"@PressenzaIPA","twitter_misc":{"Escrito por":"MigraMundo","Tempo estimado de leitura":"11 minutos"},"schema":{"@context":"https:\/\/schema.org","@graph":[{"@type":"Article","@id":"https:\/\/www.pressenza.com\/pt-pt\/2020\/11\/negra-e-filha-de-imigrantes-kamala-harris-sera-a-primeira-mulher-vice-presidente-dos-eua\/#article","isPartOf":{"@id":"https:\/\/www.pressenza.com\/pt-pt\/2020\/11\/negra-e-filha-de-imigrantes-kamala-harris-sera-a-primeira-mulher-vice-presidente-dos-eua\/"},"author":{"name":"MigraMundo","@id":"https:\/\/www.pressenza.com\/pt-pt\/#\/schema\/person\/492ecffa7af4efeb88aa7ea8eb499935"},"headline":"Negra e filha de imigrantes, Kamala Harris ser\u00e1 a primeira mulher vice-presidente dos EUA","datePublished":"2020-11-09T23:07:40+00:00","mainEntityOfPage":{"@id":"https:\/\/www.pressenza.com\/pt-pt\/2020\/11\/negra-e-filha-de-imigrantes-kamala-harris-sera-a-primeira-mulher-vice-presidente-dos-eua\/"},"wordCount":2214,"publisher":{"@id":"https:\/\/www.pressenza.com\/pt-pt\/#organization"},"image":{"@id":"https:\/\/www.pressenza.com\/pt-pt\/2020\/11\/negra-e-filha-de-imigrantes-kamala-harris-sera-a-primeira-mulher-vice-presidente-dos-eua\/#primaryimage"},"thumbnailUrl":"https:\/\/www.pressenza.com\/wp-content\/uploads\/2020\/11\/Kamala-Harris-Gage-Skidmore-CC-BY-SA-2.0.jpg","keywords":["EUA","Joe Biden","Kamala Harris","migra\u00e7\u00e3o","pol\u00edticas migrat\u00f3rias"],"articleSection":["Am\u00e9rica do Norte","Pol\u00edtica"],"inLanguage":"pt-PT"},{"@type":"WebPage","@id":"https:\/\/www.pressenza.com\/pt-pt\/2020\/11\/negra-e-filha-de-imigrantes-kamala-harris-sera-a-primeira-mulher-vice-presidente-dos-eua\/","url":"https:\/\/www.pressenza.com\/pt-pt\/2020\/11\/negra-e-filha-de-imigrantes-kamala-harris-sera-a-primeira-mulher-vice-presidente-dos-eua\/","name":"Negra e filha de imigrantes, Kamala Harris ser\u00e1 a primeira mulher vice-presidente dos EUA","isPartOf":{"@id":"https:\/\/www.pressenza.com\/pt-pt\/#website"},"primaryImageOfPage":{"@id":"https:\/\/www.pressenza.com\/pt-pt\/2020\/11\/negra-e-filha-de-imigrantes-kamala-harris-sera-a-primeira-mulher-vice-presidente-dos-eua\/#primaryimage"},"image":{"@id":"https:\/\/www.pressenza.com\/pt-pt\/2020\/11\/negra-e-filha-de-imigrantes-kamala-harris-sera-a-primeira-mulher-vice-presidente-dos-eua\/#primaryimage"},"thumbnailUrl":"https:\/\/www.pressenza.com\/wp-content\/uploads\/2020\/11\/Kamala-Harris-Gage-Skidmore-CC-BY-SA-2.0.jpg","datePublished":"2020-11-09T23:07:40+00:00","description":"Por Mathias Boni A vit\u00f3ria de Joe Biden na elei\u00e7\u00e3o presidencial nos Estados Unidos traz consigo outro elemento hist\u00f3rico. Trata-se da vice-presidente","breadcrumb":{"@id":"https:\/\/www.pressenza.com\/pt-pt\/2020\/11\/negra-e-filha-de-imigrantes-kamala-harris-sera-a-primeira-mulher-vice-presidente-dos-eua\/#breadcrumb"},"inLanguage":"pt-PT","potentialAction":[{"@type":"ReadAction","target":["https:\/\/www.pressenza.com\/pt-pt\/2020\/11\/negra-e-filha-de-imigrantes-kamala-harris-sera-a-primeira-mulher-vice-presidente-dos-eua\/"]}]},{"@type":"ImageObject","inLanguage":"pt-PT","@id":"https:\/\/www.pressenza.com\/pt-pt\/2020\/11\/negra-e-filha-de-imigrantes-kamala-harris-sera-a-primeira-mulher-vice-presidente-dos-eua\/#primaryimage","url":"https:\/\/www.pressenza.com\/wp-content\/uploads\/2020\/11\/Kamala-Harris-Gage-Skidmore-CC-BY-SA-2.0.jpg","contentUrl":"https:\/\/www.pressenza.com\/wp-content\/uploads\/2020\/11\/Kamala-Harris-Gage-Skidmore-CC-BY-SA-2.0.jpg","width":799,"height":533},{"@type":"BreadcrumbList","@id":"https:\/\/www.pressenza.com\/pt-pt\/2020\/11\/negra-e-filha-de-imigrantes-kamala-harris-sera-a-primeira-mulher-vice-presidente-dos-eua\/#breadcrumb","itemListElement":[{"@type":"ListItem","position":1,"name":"Accueil","item":"https:\/\/www.pressenza.com\/pt-pt\/"},{"@type":"ListItem","position":2,"name":"Negra e filha de imigrantes, Kamala Harris ser\u00e1 a primeira mulher vice-presidente dos EUA"}]},{"@type":"WebSite","@id":"https:\/\/www.pressenza.com\/pt-pt\/#website","url":"https:\/\/www.pressenza.com\/pt-pt\/","name":"Pressenza","description":"International Press Agency","publisher":{"@id":"https:\/\/www.pressenza.com\/pt-pt\/#organization"},"potentialAction":[{"@type":"SearchAction","target":{"@type":"EntryPoint","urlTemplate":"https:\/\/www.pressenza.com\/pt-pt\/?s={search_term_string}"},"query-input":{"@type":"PropertyValueSpecification","valueRequired":true,"valueName":"search_term_string"}}],"inLanguage":"pt-PT"},{"@type":"Organization","@id":"https:\/\/www.pressenza.com\/pt-pt\/#organization","name":"Pressenza","url":"https:\/\/www.pressenza.com\/pt-pt\/","logo":{"@type":"ImageObject","inLanguage":"pt-PT","@id":"https:\/\/www.pressenza.com\/pt-pt\/#\/schema\/logo\/image\/","url":"https:\/\/www.pressenza.com\/wp-content\/uploads\/2022\/10\/pressenza_logo_200x200.jpg","contentUrl":"https:\/\/www.pressenza.com\/wp-content\/uploads\/2022\/10\/pressenza_logo_200x200.jpg","width":200,"height":200,"caption":"Pressenza"},"image":{"@id":"https:\/\/www.pressenza.com\/pt-pt\/#\/schema\/logo\/image\/"},"sameAs":["https:\/\/www.facebook.com\/PressenzaItalia","https:\/\/x.com\/PressenzaIPA"]},{"@type":"Person","@id":"https:\/\/www.pressenza.com\/pt-pt\/#\/schema\/person\/492ecffa7af4efeb88aa7ea8eb499935","name":"MigraMundo","sameAs":["https:\/\/www.facebook.com\/MigraMundo-423076724413055\/?fref=ts","https:\/\/x.com\/blogmigramundo"],"url":"https:\/\/www.pressenza.com\/pt-pt\/author\/migramundo\/"}]}},"place":"","original_article_url":"https:\/\/migramundo.com\/o-que-representa-a-presenca-de-kamala-harris-filha-de-imigrantes-na-corrida-presidencial-nos-eua\/","_links":{"self":[{"href":"https:\/\/www.pressenza.com\/pt-pt\/wp-json\/wp\/v2\/posts\/1236560","targetHints":{"allow":["GET"]}}],"collection":[{"href":"https:\/\/www.pressenza.com\/pt-pt\/wp-json\/wp\/v2\/posts"}],"about":[{"href":"https:\/\/www.pressenza.com\/pt-pt\/wp-json\/wp\/v2\/types\/post"}],"author":[{"embeddable":true,"href":"https:\/\/www.pressenza.com\/pt-pt\/wp-json\/wp\/v2\/users\/1294"}],"replies":[{"embeddable":true,"href":"https:\/\/www.pressenza.com\/pt-pt\/wp-json\/wp\/v2\/comments?post=1236560"}],"version-history":[{"count":0,"href":"https:\/\/www.pressenza.com\/pt-pt\/wp-json\/wp\/v2\/posts\/1236560\/revisions"}],"wp:featuredmedia":[{"embeddable":true,"href":"https:\/\/www.pressenza.com\/pt-pt\/wp-json\/wp\/v2\/media\/1236561"}],"wp:attachment":[{"href":"https:\/\/www.pressenza.com\/pt-pt\/wp-json\/wp\/v2\/media?parent=1236560"}],"wp:term":[{"taxonomy":"category","embeddable":true,"href":"https:\/\/www.pressenza.com\/pt-pt\/wp-json\/wp\/v2\/categories?post=1236560"},{"taxonomy":"post_tag","embeddable":true,"href":"https:\/\/www.pressenza.com\/pt-pt\/wp-json\/wp\/v2\/tags?post=1236560"}],"curies":[{"name":"wp","href":"https:\/\/api.w.org\/{rel}","templated":true}]}}