{"id":1233001,"date":"2020-11-05T15:58:45","date_gmt":"2020-11-05T15:58:45","guid":{"rendered":"https:\/\/www.pressenza.com\/?p=1233001"},"modified":"2020-11-05T20:09:29","modified_gmt":"2020-11-05T20:09:29","slug":"em-brumadinho-candidatos-terao-de-vencer-a-descrenca-e-a-tragedia","status":"publish","type":"post","link":"https:\/\/www.pressenza.com\/pt-pt\/2020\/11\/em-brumadinho-candidatos-terao-de-vencer-a-descrenca-e-a-tragedia\/","title":{"rendered":"Em Brumadinho, candidatos ter\u00e3o de vencer a descren\u00e7a e a trag\u00e9dia"},"content":{"rendered":"<p><em>Por <strong>Marcelo Z Carota<\/strong><\/em>*<\/p>\n<p><strong>\u00a0<\/strong><\/p>\n<p><strong>Devastada por uma trag\u00e9dia que a colocou como cen\u00e1rio do maior acidente de barragem com v\u00edtimas fatais no Brasil, e entre os 8 maiores desastres ambientais do mundo, segundo Relat\u00f3rio da Ag\u00eancia de Meio Ambiente da ONU, Brumadinho imp\u00f5e dois desafios aos seis candidatos a prefeito, nas elei\u00e7\u00f5es do pr\u00f3ximo dia 15 de novembro.<\/strong><\/p>\n<p>O atual prefeito e candidato \u00e0 reelei\u00e7\u00e3o, Nenen da Asa (PV), Ant\u00f4nio Brand\u00e3o (MDB), Bruno Johnny (DC), Cl\u00e1udio Teixeira (PRTB), Professor M\u00e1rcio Guru (PTB) e Reinaldo Fernandes (PT), ter\u00e3o, primeiro, que convencer a maior parte da popula\u00e7\u00e3o a mudar de ideia sobre a inefici\u00eancia de pol\u00edticos em suas vidas e ir \u00e0s urnas, votar. Depois, o eleito ter\u00e1 de convencer a respons\u00e1vel pela trag\u00e9dia, a Vale, segunda maior mineradora do mundo, a mudar a sua rela\u00e7\u00e3o com as fam\u00edlias das v\u00edtimas e a cidade.<\/p>\n<p><em>\u201cSitua\u00e7\u00f5es como a da trag\u00e9dia em Brumadinho lan\u00e7am grandes desafios para o Estado e para a sociedade, pois evidenciam a precariza\u00e7\u00e3o das institui\u00e7\u00f5es diante do avan\u00e7o desmedido das empresas sobre bens naturais e de uso comum.\u201d<\/em><\/p>\n<p>A an\u00e1lise \u00e9 da professora titular do Departamento de Antropologia e Arqueologia da UFMG, Andr\u00e9a Zhouri, que coordena projetos de pesquisa e extens\u00e3o sobre pol\u00edticas de repara\u00e7\u00e3o do rompimento, em 2015, da Barragem do Fund\u00e3o, em Mariana, provocado pela Samarco, empreendimento da Vale em sociedade com uma gigante multinacional da minera\u00e7\u00e3o e do petr\u00f3leo, a anglo-australiana BHP Billiton.<\/p>\n<p>Problemas envolvendo a trag\u00e9dia se arrastando j\u00e1 h\u00e1 quase dois anos mostram a dimens\u00e3o e complexidade desses desafios.<\/p>\n<h4>Perdas e danos<\/h4>\n<p>No dia 25 de janeiro de 2019, o rompimento da barragem na Mina C\u00f3rrego do Feij\u00e3o provocou um deslizamento, na velocidade de 80km\/h, de quase 12 milh\u00f5es de metros c\u00fabicos de rejeito de min\u00e9rio, matando 272 pessoas, 259 delas, funcion\u00e1rias da Vale. Do total, 11 vitimas n\u00e3o foram encontradas at\u00e9 hoje.<\/p>\n<p>\u00c9 o caso de <strong>Lecilda de Oliveira<\/strong>, 49 anos \u00e0 \u00e9poca, 30 deles a servi\u00e7o da Vale, m\u00e3e de dois filhos. <em>\u201cEstamos perto do segundo anivers\u00e1rio dela debaixo da lama. \u00c9 justo fazerem isso com uma das funcion\u00e1rias mais antigas, que se dedicou \u00e0quela empresa at\u00e9 a morte?\u201d, questiona Nat\u00e1lia de Oliveria, 48, irm\u00e3 da v\u00edtima. \u201cPoucos meses depois, a Vale, que tem um ex\u00e9rcito dos melhores advogados do pa\u00eds, for\u00e7ou um acordo, e as fam\u00edlias, ainda fragilizadas em todos os sentidos, aceitaram.\u201d<\/em><\/p>\n<p>Com o acordo, pais, c\u00f4njuges e filhos das v\u00edtimas receberam, cada um, R$ 700 mil por danos morais. Irm\u00e3os receberam R$ 150 mil, cada. Por\u00e9m, segundo Nat\u00e1lia, foi omitido um seguro de vida que a Vale faz para cada funcion\u00e1rio no valor de 2,6 milh\u00f5es de d\u00f3lares (pouco mais de R$ 14 milh\u00f5es, na cota\u00e7\u00e3o de hoje), mas n\u00e3o foram pagos mais do que 2,6 milh\u00f5es de reais. \u00c0s a\u00e7\u00f5es judiciais contra isso a Vale reage interpondo recursos que se arrastam na Justi\u00e7a.<\/p>\n<p>Tamb\u00e9m controversa, a recusa da Vale em quitar direitos trabalhistas, tais como os 40% do FGTS. \u201cFica parecendo que a pessoa n\u00e3o morreu em servi\u00e7o por culpa da empresa, mas abandonou o servi\u00e7o, virando demission\u00e1ria\u201d, indigna-se Josiane Melo, 39, presidente da <a href=\"https:\/\/avabrum.org.br\/\" target=\"_blank\" rel=\"noopener noreferrer\">Associa\u00e7\u00e3o dos Familiares de Vitimas e Atingidos do Rompimento da Barragem Mina C\u00f3rrego Feij\u00e3o Brumadinho (Avabrum)<\/a>, que teve uma irm\u00e3 morta no desastre, a engenheira civil <strong>Eliane Melo<\/strong>, 39, que estava gr\u00e1vida de cinco meses, o que aumentou ainda mais a tens\u00e3o da fam\u00edlia na rela\u00e7\u00e3o com a Vale.<\/p>\n<p>Eliane foi encontrada 69 dias ap\u00f3s o rompimento, e a empresa alega que n\u00e3o foi poss\u00edvel comprovar a gravidez. <em>\u201cCom isso, a Vale contabiliza menos v\u00edtimas e paga menos indeniza\u00e7\u00f5es. \u00c9 ir\u00f4nico isso vir justo de uma empresa que tem como lema e pol\u00edtica de gest\u00e3o \u2018A vida em primeiro lugar\u2018\u201d<\/em>, destaca Josiane, tamb\u00e9m funcion\u00e1ria da mineradora, mas afastada pelo INSS desde o desastre.<\/p>\n<div id=\"attachment_1233002\" class=\"wp-caption alignnone\"><img loading=\"lazy\" decoding=\"async\" aria-describedby=\"caption-attachment-1233002\" class=\"wp-image-1233002 size-full\" src=\"https:\/\/www.pressenza.com\/wp-content\/uploads\/2020\/11\/Perdas-Fotos-Avabrum.jpg\" alt=\"\" width=\"1171\" height=\"400\" srcset=\"https:\/\/www.pressenza.com\/wp-content\/uploads\/2020\/11\/Perdas-Fotos-Avabrum.jpg 1171w, https:\/\/www.pressenza.com\/wp-content\/uploads\/2020\/11\/Perdas-Fotos-Avabrum-300x102.jpg 300w, https:\/\/www.pressenza.com\/wp-content\/uploads\/2020\/11\/Perdas-Fotos-Avabrum-720x246.jpg 720w, https:\/\/www.pressenza.com\/wp-content\/uploads\/2020\/11\/Perdas-Fotos-Avabrum-768x262.jpg 768w\" sizes=\"auto, (max-width: 1171px) 100vw, 1171px\" \/><p id=\"caption-attachment-1233002\" class=\"wp-caption-text\">De esquerda para direita: Lecilda de Oliveira, Eliane Melo e Vagner Nascimento. Fotos Avabrum<\/p><\/div>\n<p>Os crit\u00e9rios da Vale para contabilidade das v\u00edtimas tamb\u00e9m representam um drama para a dona de casa Arlete Silva, 57, e para seu marido, o aposentado Alberico Silva, 62, pais de <strong>Vagner Nascimento<\/strong>, morto aos 39 anos no desastre, deixando esposa e filha de 16 anos. Seis meses ap\u00f3s as buscas, somente sua perna direita foi identificada pelo DNA e entregue \u00e0 fam\u00edlia, que se recusa a dar o caso por encerrado.<\/p>\n<p><em>\u201cPara a Vale, meu Vaguinho \u00e9 apenas menos um para ela se preocupar, porque j\u00e1 me entregou a perna dele, mas para mim, n\u00e3o, ele continua desaparecido. Eu o coloquei inteiro no mundo, ele saiu inteiro para trabalhar, \u00e9 inteiro que eu tenho o direito de enterr\u00e1-lo. S\u00f3 quero fazer um sepultamento decente do nosso filho\u201d<\/em>, desabafa a m\u00e3e.<\/p>\n<p>O pai, desde ent\u00e3o, todos os dias, \u00e0s 18h, sai da letargia imposta pela depress\u00e3o cr\u00f4nica e cumpre um ritual: vai at\u00e9 o port\u00e3o de casa esperar que o IML apare\u00e7a para lhe entregar o restante do corpo do filho. Era nesse hor\u00e1rio que, durante os 15 anos que trabalhou como operador de motoniveladora na barragem, Wagner chegava \u00e0 sua casa, cont\u00edgua \u00e0 dos pais.<\/p>\n<p>A espera de Alberico deve demorar: ainda existe uma \u00e1rea com 5 milh\u00f5es de metros c\u00fabicos de rejeitos a ser vistoriada. Com a pandemia da Covid-19, as buscas foram interrompidas em mar\u00e7o passado, sendo reiniciadas somente agora.<\/p>\n<p>Nessa quest\u00e3o das repara\u00e7\u00f5es devidas pela Vale, \u00e0 exce\u00e7\u00e3o do candidato Bruno Johnny, que n\u00e3o respondeu aos pedidos de entrevista, os candidatos t\u00eam proposta convergente: com amparo na Justi\u00e7a, no MP e nos contratos firmados entre prefeitura e empresa, e em parceria com o governo estadual, exigir indeniza\u00e7\u00e3o integral (material, trabalhista, moral e de sa\u00fade) \u00e0s fam\u00edlias das v\u00edtimas e aos atingidos pelo desastre, bem como repara\u00e7\u00e3o integral (financeira e ambiental) ao munic\u00edpio.<\/p>\n<h4>Descr\u00e9dito na justi\u00e7a e na pol\u00edtica<\/h4>\n<p>O que mais revolta Arlete e Josiane \u00e9 a certeza de que a trag\u00e9dia poderia ter sido evitada. Segundo Arlete, seis meses antes do desastre, o filho comentara com ela ter achado estranha a presen\u00e7a de engenheiros da mineradora vistoriando uma poss\u00edvel trinca na barragem. A suspeita de Wagner encontra eco numa declara\u00e7\u00e3o de Josiane:<\/p>\n<p><em>\u201cEm julho de 2018, j\u00e1 havia trinca na barragem. N\u00e3o foi \u00e0 toa que, em outubro, do nada, a Vale realizou um simulado de fuga, algo que nunca havia sido feito. Na \u00e9poca, pra gente que trabalhava l\u00e1, ficou parecendo apenas um procedimento de seguran\u00e7a, mas quando rompeu, a\u00ed a gente entendeu. T\u00e1 tudo apontado nas CPIs que j\u00e1 foram feitas. Tinha que ter retirado todo mundo dali, mas n\u00e3o fizeram isso nem avisaram do risco. A Vale escolheu matar por gan\u00e2ncia\u201d<\/em>, afirma.<\/p>\n<p>A indigna\u00e7\u00e3o se estende \u00e0 justi\u00e7a e \u00e0 pol\u00edtica, das quais esperavam atua\u00e7\u00f5es mais incisivas na responsabiliza\u00e7\u00e3o da empresa pela trag\u00e9dia e suas consequ\u00eancias. \u201c<em>Nesse pa\u00eds, a justi\u00e7a n\u00e3o respeita as leis, ela respeita o dinheiro\u201d, acusa Arlete, que n\u00e3o sair\u00e1 de casa para votar. \u201cPerdi a esperan\u00e7a no ser humano\u201d<\/em>, confessa.<\/p>\n<p>A descren\u00e7a na pol\u00edtica foi confirmada por quatro candidatos a prefeito, bem como por integrantes da coordena\u00e7\u00e3o nacional do <a href=\"https:\/\/mab.org.br\/\" target=\"_blank\" rel=\"noopener noreferrer\">Movimento dos Atingidos por Barragens (MAB)<\/a>, com atua\u00e7\u00e3o constante junto a boa parte dos 57 mil habitantes de Brumadinho.<\/p>\n<p>Estimam que aproximadamente 60% da popula\u00e7\u00e3o acreditam que quem manda na prefeitura \u00e9 a Vale, ent\u00e3o, n\u00e3o esperam mudan\u00e7as com as elei\u00e7\u00f5es, independente de quem seja eleito.<\/p>\n<div class=\"mceTemp\"><\/div>\n<div id=\"attachment_1233144\" class=\"wp-caption alignnone\"><img loading=\"lazy\" decoding=\"async\" aria-describedby=\"caption-attachment-1233144\" class=\"wp-image-1233144 size-full\" src=\"https:\/\/www.pressenza.com\/wp-content\/uploads\/2020\/11\/Rio-Paraopeba-Felipe-Werneck-Ibama.jpg\" alt=\"\" width=\"800\" height=\"531\" srcset=\"https:\/\/www.pressenza.com\/wp-content\/uploads\/2020\/11\/Rio-Paraopeba-Felipe-Werneck-Ibama.jpg 800w, https:\/\/www.pressenza.com\/wp-content\/uploads\/2020\/11\/Rio-Paraopeba-Felipe-Werneck-Ibama-300x199.jpg 300w, https:\/\/www.pressenza.com\/wp-content\/uploads\/2020\/11\/Rio-Paraopeba-Felipe-Werneck-Ibama-720x478.jpg 720w, https:\/\/www.pressenza.com\/wp-content\/uploads\/2020\/11\/Rio-Paraopeba-Felipe-Werneck-Ibama-768x510.jpg 768w\" sizes=\"auto, (max-width: 800px) 100vw, 800px\" \/><p id=\"caption-attachment-1233144\" class=\"wp-caption-text\">Rio Paraopeba. Foto Felipe Werneck\/Ibama<\/p><\/div>\n<p>O candidato petebista, Professor M\u00e1rcio Guru, cita um caso que explica a depreens\u00e3o popular do poder da empresa na cidade: no in\u00edcio da pandemia, o prefeito decretou paralisa\u00e7\u00e3o tempor\u00e1ria das atividades de empresas terceirizadas da Vale. Dois dias depois, o decreto foi revogado pela justi\u00e7a estadual.<\/p>\n<p>Sonia Maranho, do MAB, lembra que, \u00e0 \u00e9poca do desastre, o ent\u00e3o Relator Especial das Na\u00e7\u00f5es Unidas para Direitos Humanos e Subst\u00e2ncias T\u00f3xicas, Baskut Tuncak, fez um laudo recomendando que o caso fosse investigado n\u00e3o como acidente, mas como crime, e n\u00e3o houve mobiliza\u00e7\u00e3o pol\u00edtica nesse sentido. \u201cCom isso, a popula\u00e7\u00e3o sente que o poder p\u00fablico pouco interfere em sua defesa. Triste, pois a solu\u00e7\u00e3o \u00e9 pol\u00edtica\u201d, lamenta outro coordenador do MAB, Joceli Andrioli.<\/p>\n<p>A sensa\u00e7\u00e3o de abandono pol\u00edtico \u00e9 refor\u00e7ada pela atua\u00e7\u00e3o do governador mineiro, Romeu Zema (NOVO), cuja maior preocupa\u00e7\u00e3o, diz Andrioli, tem sido com a contrapartida da Vale para o estado.<\/p>\n<p>Opini\u00e3o compartilhada pelos candidatos Breno Carone e Reinaldo Fernandes, que destacam a atua\u00e7\u00e3o de Zema, at\u00e9 ent\u00e3o, apenas para garantir que a Vale pagasse os R$ 54 bilh\u00f5es que deve ao estado para repara\u00e7\u00e3o de danos morais e sociais coletivos, Na \u00faltima quinta-feira, 22, por\u00e9m, o governador mineiro, em entrevista \u00e0 Radio Itatiaia, sinalizou aceitar um acordo por um valor menor, para realizar obras em todo o estado. \u201c\u00c9 prefer\u00edvel receber X agora do que 3X daqui h\u00e1 anos\u201d, afirmou Zema.<\/p>\n<h4>Trag\u00e9dias e doen\u00e7as<\/h4>\n<p>A sa\u00fade f\u00edsica e mental da popula\u00e7\u00e3o de Brumadinho est\u00e1 ruim desde o desastre.<\/p>\n<p>Por ser uma cidade pequena, todos tinham algum v\u00ednculo (familiar, de amizade, profissional, afetivo) com uma ou mais das v\u00edtimas fatais. Assim, todos desenvolveram algum tipo de trauma, variando apenas a grada\u00e7\u00e3o deste, donde significativa parcela da popula\u00e7\u00e3o busca algum tipo de tratamento de sa\u00fade mental. Os casos mais comuns s\u00e3o depress\u00e3o, s\u00edndrome do p\u00e2nico e ins\u00f4nia. Os mais graves, desejo ou tentativa efetiva de suic\u00eddio (cinco, at\u00e9 agora).<\/p>\n<p>A procura maior por tratamento \u00e9 na rede p\u00fablica, via Centro de Apoio Psicossocial (CAPS), mas atendimentos particulares tamb\u00e9m s\u00e3o feitos via planos de sa\u00fade custeados pela Vale como parte do acordo de repara\u00e7\u00e3o \u00e0s fam\u00edlias das v\u00edtimas.<\/p>\n<p>Al\u00e9m de terapia, muitos recorrem a medicamentos. Depois do desastre, e com a pandemia da Covid-19, o consumo de ansiol\u00edticos e antidepressivos aumentou em 70%, e o de Rivotril, em 156%. <em>\u201cTrag\u00e9dias causam adoecimento derivado da perda de projeto de vida\u201d<\/em>, afirma Jos\u00e9 Geraldo, farmac\u00eautico e integrante do MAB.<\/p>\n<p>Potencializando a fragilidade emocional, a amea\u00e7a concreta de contamina\u00e7\u00e3o pelos rejeitos de min\u00e9rio. <em>\u201cO Rio Paraopeba est\u00e1 comprovadamente contaminado. A lama proveniente de minera\u00e7\u00e3o \u00e9 rica em at\u00e9 12 metais pesados, cada um com efeito diferente na sa\u00fade humana. Os mais comuns, c\u00e2ncer linf\u00e1tico e de pulm\u00e3o. Esse material est\u00e1 \u00e0s margens do rio. A lama seca, vira poeira fina, \u00e9 inalada. Em Mariana, estudos de avalia\u00e7\u00e3o de risco \u00e0 sa\u00fade humana classificaram perigo urgente \u00e0 sa\u00fade p\u00fablica, ou seja: ou afasta a lama, ou afasta as pessoas. Isso pode se repetir em Brumadinho, por bioacumula\u00e7\u00e3o, mas a Vale nega esse risco\u201d<\/em>, alerta Jos\u00e9 Geraldo.<\/p>\n<div id=\"attachment_1233124\" class=\"wp-caption alignnone\"><img loading=\"lazy\" decoding=\"async\" aria-describedby=\"caption-attachment-1233124\" class=\"wp-image-1233124 size-full\" src=\"https:\/\/www.pressenza.com\/wp-content\/uploads\/2020\/11\/Brumadinho-MG-Feb-2019-Felipe-Werneck-Ibama-1.jpg\" alt=\"\" width=\"799\" height=\"533\" srcset=\"https:\/\/www.pressenza.com\/wp-content\/uploads\/2020\/11\/Brumadinho-MG-Feb-2019-Felipe-Werneck-Ibama-1.jpg 799w, https:\/\/www.pressenza.com\/wp-content\/uploads\/2020\/11\/Brumadinho-MG-Feb-2019-Felipe-Werneck-Ibama-1-300x200.jpg 300w, https:\/\/www.pressenza.com\/wp-content\/uploads\/2020\/11\/Brumadinho-MG-Feb-2019-Felipe-Werneck-Ibama-1-720x480.jpg 720w, https:\/\/www.pressenza.com\/wp-content\/uploads\/2020\/11\/Brumadinho-MG-Feb-2019-Felipe-Werneck-Ibama-1-768x512.jpg 768w\" sizes=\"auto, (max-width: 799px) 100vw, 799px\" \/><p id=\"caption-attachment-1233124\" class=\"wp-caption-text\">Foto Felipe Werneck\/Ibama<\/p><\/div>\n<h4>Promessas de cura<\/h4>\n<p>Com pequenas varia\u00e7\u00f5es, mais ret\u00f3ricas do que pr\u00e1ticas, as candidaturas convergem para as mesmas propostas no que se refere \u00e0 sa\u00fade p\u00fablica.<\/p>\n<p>Contratar, temporariamente ou por concurso, mais profissionais capacitados tanto para o atendimento no CAPS quanto para a aten\u00e7\u00e3o prim\u00e1ria, com melhores sal\u00e1rios, pagos com o corte do que advers\u00e1rios do atual prefeito definem como excesso de cargos pol\u00edticos (350, segundo o candidato do PRTB, Cl\u00e1udio Teixeira), que oneram a o or\u00e7amento da prefeitura. \u201cO gasto de Brumadinho com pessoal \u00e9 de R$ 6 milh\u00f5es por m\u00eas, sendo R$ 3,5 milh\u00f5es para concursados e R$ 2,5 milh\u00f5es para comissionados\u201d, afirma o Professor M\u00e1rcio Guru, do PTB.<\/p>\n<p>Nenen da Asa rebate as acusa\u00e7\u00f5es: <em>\u201cO prefeito \u00e9 que deve saber quantos funcion\u00e1rios deve ter. A sa\u00fade est\u00e1 com boa aprova\u00e7\u00e3o, uma das melhores do estado. Mesmo assim, vou contratar mais profissionais e inaugurar o Hospital Regional.\u201d<\/em><\/p>\n<p>No que se refere \u00e0 sa\u00fade do munic\u00edpio e de seu futuro, s\u00e3o un\u00e2nimes no diagn\u00f3stico: Brumadinho n\u00e3o pode mais ser t\u00e3o dependente da Vale, hoje respons\u00e1vel por quase 60% da arrecada\u00e7\u00e3o da cidade. Dentro de 15, 20 anos, a explora\u00e7\u00e3o de commodities chegar\u00e1 ao fim, ent\u00e3o \u00e9 preciso investir desde j\u00e1 na atra\u00e7\u00e3o de empresas de outros segmentos, tais como turismo, ecoturismo, agricultura familiar (que j\u00e1 responde pela segunda maior arrecada\u00e7\u00e3o da cidade) e tecnologia.<\/p>\n<p>Mas, voltando ao segundo par\u00e1grafo desta reportagem, o primeiro desafio se imp\u00f5e: convencer a popula\u00e7\u00e3o a mudar de ideia e ir votar. A maioria se queixa que quando mais precisou dos pol\u00edticos, nenhum foi at\u00e9 elas, que precisaram ir at\u00e9 eles. Tamb\u00e9m se queixa que foram poucos dos seis candidatos a prefeito que, pouqu\u00edssimas vezes, foram aos atos que, todo dia 25, as fam\u00edlias promovem em mem\u00f3ria de suas v\u00edtimas.<\/p>\n<p>Leia tamb\u00e9m<br \/>\n<a href=\"https:\/\/manuelzao.ufmg.br\/apos-a-devastacao-causada-pela-vale-prefeitura-de-brumadinho-apoia-mineracao-em-parque\/?fbclid=IwAR2dV-8iZJcLvMq1UdWDkHdKX_KJNUVz3b3nppylI4ugTv8hw-N2yw8OrrY\" target=\"_blank\" rel=\"noopener noreferrer\">Ap\u00f3s a devasta\u00e7\u00e3o causada pela Vale prefeitura de Brumadinho apoia minera\u00e7\u00e3o em Parque<\/a><\/p>\n<hr \/>\n<p>* Jornalista e escritor.<\/p>\n","protected":false},"excerpt":{"rendered":"<p>Por Marcelo Z Carota* \u00a0 Devastada por uma trag\u00e9dia que a colocou como cen\u00e1rio do maior acidente de barragem com v\u00edtimas fatais no Brasil, e entre os 8 maiores desastres ambientais do mundo, segundo Relat\u00f3rio da Ag\u00eancia de Meio Ambiente&hellip;<\/p>\n","protected":false},"author":1685,"featured_media":1233134,"comment_status":"closed","ping_status":"closed","sticky":false,"template":"","format":"standard","meta":{"footnotes":""},"categories":[104,11390,115,111],"tags":[80055,54211,72401,54087,54086,54542],"class_list":["post-1233001","post","type-post","status-publish","format-standard","has-post-thumbnail","hentry","category-america-do-sul","category-conteudo-original","category-ecologia-e-meio-ambiente","category-politica-pt-pt","tag-bhp-billiton-pt-pt","tag-brumadinho","tag-covid-19-pt-pt","tag-mariana-pt-pt","tag-mineradora","tag-vale-pt-pt-2"],"yoast_head":"<!-- This site is optimized with the Yoast SEO plugin v27.1.1 - https:\/\/yoast.com\/product\/yoast-seo-wordpress\/ -->\n<title>Em Brumadinho, candidatos ter\u00e3o de vencer a descren\u00e7a e a trag\u00e9dia<\/title>\n<meta name=\"description\" content=\"Por Marcelo Z Carota* \u00a0 Devastada por uma trag\u00e9dia que a colocou como cen\u00e1rio do maior acidente de barragem com v\u00edtimas fatais no Brasil, e entre os 8\" \/>\n<meta name=\"robots\" content=\"index, follow, max-snippet:-1, max-image-preview:large, max-video-preview:-1\" \/>\n<link rel=\"canonical\" href=\"https:\/\/www.pressenza.com\/pt-pt\/2020\/11\/em-brumadinho-candidatos-terao-de-vencer-a-descrenca-e-a-tragedia\/\" \/>\n<meta property=\"og:locale\" content=\"pt_PT\" \/>\n<meta property=\"og:type\" content=\"article\" \/>\n<meta property=\"og:title\" content=\"Em Brumadinho, candidatos ter\u00e3o de vencer a descren\u00e7a e a trag\u00e9dia\" \/>\n<meta property=\"og:description\" content=\"Por Marcelo Z Carota* \u00a0 Devastada por uma trag\u00e9dia que a colocou como cen\u00e1rio do maior acidente de barragem com v\u00edtimas fatais no Brasil, e entre os 8\" \/>\n<meta property=\"og:url\" content=\"https:\/\/www.pressenza.com\/pt-pt\/2020\/11\/em-brumadinho-candidatos-terao-de-vencer-a-descrenca-e-a-tragedia\/\" \/>\n<meta property=\"og:site_name\" content=\"Pressenza\" \/>\n<meta property=\"article:publisher\" content=\"https:\/\/www.facebook.com\/PressenzaItalia\" \/>\n<meta property=\"article:published_time\" content=\"2020-11-05T15:58:45+00:00\" \/>\n<meta property=\"article:modified_time\" content=\"2020-11-05T20:09:29+00:00\" \/>\n<meta property=\"og:image\" content=\"https:\/\/www.pressenza.com\/wp-content\/uploads\/2020\/11\/Brumadinho2-MG-Felipe-Werneck-Ibama-1.jpg\" \/>\n\t<meta property=\"og:image:width\" content=\"799\" \/>\n\t<meta property=\"og:image:height\" content=\"533\" \/>\n\t<meta property=\"og:image:type\" content=\"image\/jpeg\" \/>\n<meta name=\"author\" content=\"Reda\u00e7\u00e3o Rio de Janeiro\" \/>\n<meta name=\"twitter:card\" content=\"summary_large_image\" \/>\n<meta name=\"twitter:creator\" content=\"@PressenzaIPA\" \/>\n<meta name=\"twitter:site\" content=\"@PressenzaIPA\" \/>\n<meta name=\"twitter:label1\" content=\"Escrito por\" \/>\n\t<meta name=\"twitter:data1\" content=\"Reda\u00e7\u00e3o Rio de Janeiro\" \/>\n\t<meta name=\"twitter:label2\" content=\"Tempo estimado de leitura\" \/>\n\t<meta name=\"twitter:data2\" content=\"11 minutos\" \/>\n<script type=\"application\/ld+json\" class=\"yoast-schema-graph\">{\"@context\":\"https:\/\/schema.org\",\"@graph\":[{\"@type\":\"Article\",\"@id\":\"https:\/\/www.pressenza.com\/pt-pt\/2020\/11\/em-brumadinho-candidatos-terao-de-vencer-a-descrenca-e-a-tragedia\/#article\",\"isPartOf\":{\"@id\":\"https:\/\/www.pressenza.com\/pt-pt\/2020\/11\/em-brumadinho-candidatos-terao-de-vencer-a-descrenca-e-a-tragedia\/\"},\"author\":{\"name\":\"Reda\u00e7\u00e3o Rio de Janeiro\",\"@id\":\"https:\/\/www.pressenza.com\/pt-pt\/#\/schema\/person\/6925e927f8ff3a0cdb838320c5d12259\"},\"headline\":\"Em Brumadinho, candidatos ter\u00e3o de vencer a descren\u00e7a e a trag\u00e9dia\",\"datePublished\":\"2020-11-05T15:58:45+00:00\",\"dateModified\":\"2020-11-05T20:09:29+00:00\",\"mainEntityOfPage\":{\"@id\":\"https:\/\/www.pressenza.com\/pt-pt\/2020\/11\/em-brumadinho-candidatos-terao-de-vencer-a-descrenca-e-a-tragedia\/\"},\"wordCount\":2271,\"publisher\":{\"@id\":\"https:\/\/www.pressenza.com\/pt-pt\/#organization\"},\"image\":{\"@id\":\"https:\/\/www.pressenza.com\/pt-pt\/2020\/11\/em-brumadinho-candidatos-terao-de-vencer-a-descrenca-e-a-tragedia\/#primaryimage\"},\"thumbnailUrl\":\"https:\/\/www.pressenza.com\/wp-content\/uploads\/2020\/11\/Brumadinho2-MG-Felipe-Werneck-Ibama-1.jpg\",\"keywords\":[\"BHP Billiton\",\"Brumadinho\",\"COVID-19\",\"Mariana\",\"mineradora\",\"Vale\"],\"articleSection\":[\"\u00c1m\u00e9rica do Sul\",\"Conte\u00fado Original\",\"Ecologia e Meio Ambiente\",\"Pol\u00edtica\"],\"inLanguage\":\"pt-PT\"},{\"@type\":\"WebPage\",\"@id\":\"https:\/\/www.pressenza.com\/pt-pt\/2020\/11\/em-brumadinho-candidatos-terao-de-vencer-a-descrenca-e-a-tragedia\/\",\"url\":\"https:\/\/www.pressenza.com\/pt-pt\/2020\/11\/em-brumadinho-candidatos-terao-de-vencer-a-descrenca-e-a-tragedia\/\",\"name\":\"Em Brumadinho, candidatos ter\u00e3o de vencer a descren\u00e7a e a trag\u00e9dia\",\"isPartOf\":{\"@id\":\"https:\/\/www.pressenza.com\/pt-pt\/#website\"},\"primaryImageOfPage\":{\"@id\":\"https:\/\/www.pressenza.com\/pt-pt\/2020\/11\/em-brumadinho-candidatos-terao-de-vencer-a-descrenca-e-a-tragedia\/#primaryimage\"},\"image\":{\"@id\":\"https:\/\/www.pressenza.com\/pt-pt\/2020\/11\/em-brumadinho-candidatos-terao-de-vencer-a-descrenca-e-a-tragedia\/#primaryimage\"},\"thumbnailUrl\":\"https:\/\/www.pressenza.com\/wp-content\/uploads\/2020\/11\/Brumadinho2-MG-Felipe-Werneck-Ibama-1.jpg\",\"datePublished\":\"2020-11-05T15:58:45+00:00\",\"dateModified\":\"2020-11-05T20:09:29+00:00\",\"description\":\"Por Marcelo Z Carota* \u00a0 Devastada por uma trag\u00e9dia que a colocou como cen\u00e1rio do maior acidente de barragem com v\u00edtimas fatais no Brasil, e entre os 8\",\"breadcrumb\":{\"@id\":\"https:\/\/www.pressenza.com\/pt-pt\/2020\/11\/em-brumadinho-candidatos-terao-de-vencer-a-descrenca-e-a-tragedia\/#breadcrumb\"},\"inLanguage\":\"pt-PT\",\"potentialAction\":[{\"@type\":\"ReadAction\",\"target\":[\"https:\/\/www.pressenza.com\/pt-pt\/2020\/11\/em-brumadinho-candidatos-terao-de-vencer-a-descrenca-e-a-tragedia\/\"]}]},{\"@type\":\"ImageObject\",\"inLanguage\":\"pt-PT\",\"@id\":\"https:\/\/www.pressenza.com\/pt-pt\/2020\/11\/em-brumadinho-candidatos-terao-de-vencer-a-descrenca-e-a-tragedia\/#primaryimage\",\"url\":\"https:\/\/www.pressenza.com\/wp-content\/uploads\/2020\/11\/Brumadinho2-MG-Felipe-Werneck-Ibama-1.jpg\",\"contentUrl\":\"https:\/\/www.pressenza.com\/wp-content\/uploads\/2020\/11\/Brumadinho2-MG-Felipe-Werneck-Ibama-1.jpg\",\"width\":799,\"height\":533},{\"@type\":\"BreadcrumbList\",\"@id\":\"https:\/\/www.pressenza.com\/pt-pt\/2020\/11\/em-brumadinho-candidatos-terao-de-vencer-a-descrenca-e-a-tragedia\/#breadcrumb\",\"itemListElement\":[{\"@type\":\"ListItem\",\"position\":1,\"name\":\"Accueil\",\"item\":\"https:\/\/www.pressenza.com\/pt-pt\/\"},{\"@type\":\"ListItem\",\"position\":2,\"name\":\"Em Brumadinho, candidatos ter\u00e3o de vencer a descren\u00e7a e a trag\u00e9dia\"}]},{\"@type\":\"WebSite\",\"@id\":\"https:\/\/www.pressenza.com\/pt-pt\/#website\",\"url\":\"https:\/\/www.pressenza.com\/pt-pt\/\",\"name\":\"Pressenza\",\"description\":\"International Press Agency\",\"publisher\":{\"@id\":\"https:\/\/www.pressenza.com\/pt-pt\/#organization\"},\"potentialAction\":[{\"@type\":\"SearchAction\",\"target\":{\"@type\":\"EntryPoint\",\"urlTemplate\":\"https:\/\/www.pressenza.com\/pt-pt\/?s={search_term_string}\"},\"query-input\":{\"@type\":\"PropertyValueSpecification\",\"valueRequired\":true,\"valueName\":\"search_term_string\"}}],\"inLanguage\":\"pt-PT\"},{\"@type\":\"Organization\",\"@id\":\"https:\/\/www.pressenza.com\/pt-pt\/#organization\",\"name\":\"Pressenza\",\"url\":\"https:\/\/www.pressenza.com\/pt-pt\/\",\"logo\":{\"@type\":\"ImageObject\",\"inLanguage\":\"pt-PT\",\"@id\":\"https:\/\/www.pressenza.com\/pt-pt\/#\/schema\/logo\/image\/\",\"url\":\"https:\/\/www.pressenza.com\/wp-content\/uploads\/2022\/10\/pressenza_logo_200x200.jpg\",\"contentUrl\":\"https:\/\/www.pressenza.com\/wp-content\/uploads\/2022\/10\/pressenza_logo_200x200.jpg\",\"width\":200,\"height\":200,\"caption\":\"Pressenza\"},\"image\":{\"@id\":\"https:\/\/www.pressenza.com\/pt-pt\/#\/schema\/logo\/image\/\"},\"sameAs\":[\"https:\/\/www.facebook.com\/PressenzaItalia\",\"https:\/\/x.com\/PressenzaIPA\"]},{\"@type\":\"Person\",\"@id\":\"https:\/\/www.pressenza.com\/pt-pt\/#\/schema\/person\/6925e927f8ff3a0cdb838320c5d12259\",\"name\":\"Reda\u00e7\u00e3o Rio de Janeiro\",\"description\":\"News published by the Pressenza bureau in Rio de Janeiro, Brazil\",\"url\":\"https:\/\/www.pressenza.com\/pt-pt\/author\/redacao-rio-de-janeiro\/\"}]}<\/script>\n<!-- \/ Yoast SEO plugin. -->","yoast_head_json":{"title":"Em Brumadinho, candidatos ter\u00e3o de vencer a descren\u00e7a e a trag\u00e9dia","description":"Por Marcelo Z Carota* \u00a0 Devastada por uma trag\u00e9dia que a colocou como cen\u00e1rio do maior acidente de barragem com v\u00edtimas fatais no Brasil, e entre os 8","robots":{"index":"index","follow":"follow","max-snippet":"max-snippet:-1","max-image-preview":"max-image-preview:large","max-video-preview":"max-video-preview:-1"},"canonical":"https:\/\/www.pressenza.com\/pt-pt\/2020\/11\/em-brumadinho-candidatos-terao-de-vencer-a-descrenca-e-a-tragedia\/","og_locale":"pt_PT","og_type":"article","og_title":"Em Brumadinho, candidatos ter\u00e3o de vencer a descren\u00e7a e a trag\u00e9dia","og_description":"Por Marcelo Z Carota* \u00a0 Devastada por uma trag\u00e9dia que a colocou como cen\u00e1rio do maior acidente de barragem com v\u00edtimas fatais no Brasil, e entre os 8","og_url":"https:\/\/www.pressenza.com\/pt-pt\/2020\/11\/em-brumadinho-candidatos-terao-de-vencer-a-descrenca-e-a-tragedia\/","og_site_name":"Pressenza","article_publisher":"https:\/\/www.facebook.com\/PressenzaItalia","article_published_time":"2020-11-05T15:58:45+00:00","article_modified_time":"2020-11-05T20:09:29+00:00","og_image":[{"width":799,"height":533,"url":"https:\/\/www.pressenza.com\/wp-content\/uploads\/2020\/11\/Brumadinho2-MG-Felipe-Werneck-Ibama-1.jpg","type":"image\/jpeg"}],"author":"Reda\u00e7\u00e3o Rio de Janeiro","twitter_card":"summary_large_image","twitter_creator":"@PressenzaIPA","twitter_site":"@PressenzaIPA","twitter_misc":{"Escrito por":"Reda\u00e7\u00e3o Rio de Janeiro","Tempo estimado de leitura":"11 minutos"},"schema":{"@context":"https:\/\/schema.org","@graph":[{"@type":"Article","@id":"https:\/\/www.pressenza.com\/pt-pt\/2020\/11\/em-brumadinho-candidatos-terao-de-vencer-a-descrenca-e-a-tragedia\/#article","isPartOf":{"@id":"https:\/\/www.pressenza.com\/pt-pt\/2020\/11\/em-brumadinho-candidatos-terao-de-vencer-a-descrenca-e-a-tragedia\/"},"author":{"name":"Reda\u00e7\u00e3o Rio de Janeiro","@id":"https:\/\/www.pressenza.com\/pt-pt\/#\/schema\/person\/6925e927f8ff3a0cdb838320c5d12259"},"headline":"Em Brumadinho, candidatos ter\u00e3o de vencer a descren\u00e7a e a trag\u00e9dia","datePublished":"2020-11-05T15:58:45+00:00","dateModified":"2020-11-05T20:09:29+00:00","mainEntityOfPage":{"@id":"https:\/\/www.pressenza.com\/pt-pt\/2020\/11\/em-brumadinho-candidatos-terao-de-vencer-a-descrenca-e-a-tragedia\/"},"wordCount":2271,"publisher":{"@id":"https:\/\/www.pressenza.com\/pt-pt\/#organization"},"image":{"@id":"https:\/\/www.pressenza.com\/pt-pt\/2020\/11\/em-brumadinho-candidatos-terao-de-vencer-a-descrenca-e-a-tragedia\/#primaryimage"},"thumbnailUrl":"https:\/\/www.pressenza.com\/wp-content\/uploads\/2020\/11\/Brumadinho2-MG-Felipe-Werneck-Ibama-1.jpg","keywords":["BHP Billiton","Brumadinho","COVID-19","Mariana","mineradora","Vale"],"articleSection":["\u00c1m\u00e9rica do Sul","Conte\u00fado Original","Ecologia e Meio Ambiente","Pol\u00edtica"],"inLanguage":"pt-PT"},{"@type":"WebPage","@id":"https:\/\/www.pressenza.com\/pt-pt\/2020\/11\/em-brumadinho-candidatos-terao-de-vencer-a-descrenca-e-a-tragedia\/","url":"https:\/\/www.pressenza.com\/pt-pt\/2020\/11\/em-brumadinho-candidatos-terao-de-vencer-a-descrenca-e-a-tragedia\/","name":"Em Brumadinho, candidatos ter\u00e3o de vencer a descren\u00e7a e a trag\u00e9dia","isPartOf":{"@id":"https:\/\/www.pressenza.com\/pt-pt\/#website"},"primaryImageOfPage":{"@id":"https:\/\/www.pressenza.com\/pt-pt\/2020\/11\/em-brumadinho-candidatos-terao-de-vencer-a-descrenca-e-a-tragedia\/#primaryimage"},"image":{"@id":"https:\/\/www.pressenza.com\/pt-pt\/2020\/11\/em-brumadinho-candidatos-terao-de-vencer-a-descrenca-e-a-tragedia\/#primaryimage"},"thumbnailUrl":"https:\/\/www.pressenza.com\/wp-content\/uploads\/2020\/11\/Brumadinho2-MG-Felipe-Werneck-Ibama-1.jpg","datePublished":"2020-11-05T15:58:45+00:00","dateModified":"2020-11-05T20:09:29+00:00","description":"Por Marcelo Z Carota* \u00a0 Devastada por uma trag\u00e9dia que a colocou como cen\u00e1rio do maior acidente de barragem com v\u00edtimas fatais no Brasil, e entre os 8","breadcrumb":{"@id":"https:\/\/www.pressenza.com\/pt-pt\/2020\/11\/em-brumadinho-candidatos-terao-de-vencer-a-descrenca-e-a-tragedia\/#breadcrumb"},"inLanguage":"pt-PT","potentialAction":[{"@type":"ReadAction","target":["https:\/\/www.pressenza.com\/pt-pt\/2020\/11\/em-brumadinho-candidatos-terao-de-vencer-a-descrenca-e-a-tragedia\/"]}]},{"@type":"ImageObject","inLanguage":"pt-PT","@id":"https:\/\/www.pressenza.com\/pt-pt\/2020\/11\/em-brumadinho-candidatos-terao-de-vencer-a-descrenca-e-a-tragedia\/#primaryimage","url":"https:\/\/www.pressenza.com\/wp-content\/uploads\/2020\/11\/Brumadinho2-MG-Felipe-Werneck-Ibama-1.jpg","contentUrl":"https:\/\/www.pressenza.com\/wp-content\/uploads\/2020\/11\/Brumadinho2-MG-Felipe-Werneck-Ibama-1.jpg","width":799,"height":533},{"@type":"BreadcrumbList","@id":"https:\/\/www.pressenza.com\/pt-pt\/2020\/11\/em-brumadinho-candidatos-terao-de-vencer-a-descrenca-e-a-tragedia\/#breadcrumb","itemListElement":[{"@type":"ListItem","position":1,"name":"Accueil","item":"https:\/\/www.pressenza.com\/pt-pt\/"},{"@type":"ListItem","position":2,"name":"Em Brumadinho, candidatos ter\u00e3o de vencer a descren\u00e7a e a trag\u00e9dia"}]},{"@type":"WebSite","@id":"https:\/\/www.pressenza.com\/pt-pt\/#website","url":"https:\/\/www.pressenza.com\/pt-pt\/","name":"Pressenza","description":"International Press Agency","publisher":{"@id":"https:\/\/www.pressenza.com\/pt-pt\/#organization"},"potentialAction":[{"@type":"SearchAction","target":{"@type":"EntryPoint","urlTemplate":"https:\/\/www.pressenza.com\/pt-pt\/?s={search_term_string}"},"query-input":{"@type":"PropertyValueSpecification","valueRequired":true,"valueName":"search_term_string"}}],"inLanguage":"pt-PT"},{"@type":"Organization","@id":"https:\/\/www.pressenza.com\/pt-pt\/#organization","name":"Pressenza","url":"https:\/\/www.pressenza.com\/pt-pt\/","logo":{"@type":"ImageObject","inLanguage":"pt-PT","@id":"https:\/\/www.pressenza.com\/pt-pt\/#\/schema\/logo\/image\/","url":"https:\/\/www.pressenza.com\/wp-content\/uploads\/2022\/10\/pressenza_logo_200x200.jpg","contentUrl":"https:\/\/www.pressenza.com\/wp-content\/uploads\/2022\/10\/pressenza_logo_200x200.jpg","width":200,"height":200,"caption":"Pressenza"},"image":{"@id":"https:\/\/www.pressenza.com\/pt-pt\/#\/schema\/logo\/image\/"},"sameAs":["https:\/\/www.facebook.com\/PressenzaItalia","https:\/\/x.com\/PressenzaIPA"]},{"@type":"Person","@id":"https:\/\/www.pressenza.com\/pt-pt\/#\/schema\/person\/6925e927f8ff3a0cdb838320c5d12259","name":"Reda\u00e7\u00e3o Rio de Janeiro","description":"News published by the Pressenza bureau in Rio de Janeiro, Brazil","url":"https:\/\/www.pressenza.com\/pt-pt\/author\/redacao-rio-de-janeiro\/"}]}},"place":"Brasil","original_article_url":"https:\/\/ladoz.medium.com\/brumadinho-e35099aca3d1","_links":{"self":[{"href":"https:\/\/www.pressenza.com\/pt-pt\/wp-json\/wp\/v2\/posts\/1233001","targetHints":{"allow":["GET"]}}],"collection":[{"href":"https:\/\/www.pressenza.com\/pt-pt\/wp-json\/wp\/v2\/posts"}],"about":[{"href":"https:\/\/www.pressenza.com\/pt-pt\/wp-json\/wp\/v2\/types\/post"}],"author":[{"embeddable":true,"href":"https:\/\/www.pressenza.com\/pt-pt\/wp-json\/wp\/v2\/users\/1685"}],"replies":[{"embeddable":true,"href":"https:\/\/www.pressenza.com\/pt-pt\/wp-json\/wp\/v2\/comments?post=1233001"}],"version-history":[{"count":0,"href":"https:\/\/www.pressenza.com\/pt-pt\/wp-json\/wp\/v2\/posts\/1233001\/revisions"}],"wp:featuredmedia":[{"embeddable":true,"href":"https:\/\/www.pressenza.com\/pt-pt\/wp-json\/wp\/v2\/media\/1233134"}],"wp:attachment":[{"href":"https:\/\/www.pressenza.com\/pt-pt\/wp-json\/wp\/v2\/media?parent=1233001"}],"wp:term":[{"taxonomy":"category","embeddable":true,"href":"https:\/\/www.pressenza.com\/pt-pt\/wp-json\/wp\/v2\/categories?post=1233001"},{"taxonomy":"post_tag","embeddable":true,"href":"https:\/\/www.pressenza.com\/pt-pt\/wp-json\/wp\/v2\/tags?post=1233001"}],"curies":[{"name":"wp","href":"https:\/\/api.w.org\/{rel}","templated":true}]}}