{"id":1232117,"date":"2020-11-03T23:08:45","date_gmt":"2020-11-03T23:08:45","guid":{"rendered":"https:\/\/www.pressenza.com\/?p=1232117"},"modified":"2020-11-03T23:08:45","modified_gmt":"2020-11-03T23:08:45","slug":"antes-que-seja-tarde-comunicacao-plural-e-democracia-na-america-latina","status":"publish","type":"post","link":"https:\/\/www.pressenza.com\/pt-pt\/2020\/11\/antes-que-seja-tarde-comunicacao-plural-e-democracia-na-america-latina\/","title":{"rendered":"Antes que seja tarde:  comunica\u00e7\u00e3o plural e democracia na Am\u00e9rica Latina"},"content":{"rendered":"<p>A comunica\u00e7\u00e3o \u00e9 condi\u00e7\u00e3o essencial em qualquer processo pol\u00edtico. E a promo\u00e7\u00e3o e fortalecimento da democracia necessitam que essa comunica\u00e7\u00e3o seja plural, que respeite a diversidade e, sobretudo, n\u00e3o seja porta-voz dos grupos hegem\u00f4nicos. Neste momento em que a democracia est\u00e1 sendo \u201csequestrada\u201d em v\u00e1rias partes do mundo, e em especial na Am\u00e9rica Latina, vale a pena refletir sobre o papel da comunica\u00e7\u00e3o na promo\u00e7\u00e3o da paz e dos direitos humanos. Mas, como garantir essa democratiza\u00e7\u00e3o, considerando que a concentra\u00e7\u00e3o da propriedade dos meios de comunica\u00e7\u00e3o \u00e9 uma realidade cada vez mais consolidada?<\/p>\n<p>Como garantir uma comunica\u00e7\u00e3o plural, quando as grandes corpora\u00e7\u00f5es, nacionais e\/ou transnacionais obstacularizam o livre acesso \u00e0 informa\u00e7\u00e3o? O pesquisador argentino Guillermo Mastrini, em um estudo realizado em 2017 oberva que o resultado geral das pol\u00edticas de comunica\u00e7\u00e3o dos governos progressistas latino-americanos foi incipiente.<\/p>\n<p>O estudo de Mastrini demonstra que, embora tenha havido alguns avan\u00e7os democr\u00e1ticos em rela\u00e7\u00e3o \u00e0 difus\u00e3o e acesso de novas tecnologias da informa\u00e7\u00e3o, isso n\u00e3o foi suficiente para alterar o quadro geral da comunica\u00e7\u00e3o na Am\u00e9rica Latina, cuja concentra\u00e7\u00e3o da propriedade \u00e9 incontest\u00e1vel, sobretudo porparte de alguns grupos, a exmeplo de Globo e Abril, no Brasil; Televisa, no M\u00e9xico; Clar\u00edn, na Argentina; e Cisneros, na Venezuela (embora neste caso contenha atividades desenvolvidas nos EUA).<\/p>\n<p>O fato \u00e9 que em toda a regi\u00e3o latino-americana a comunica\u00e7\u00e3o massiva est\u00e1 controlada por elites n\u00e3o interessadas na pluralidade de vozes, mas na forma\u00e7\u00e3o de consensos que as mantenham no controle pol\u00edtico, econ\u00f4mico e cultural dessas sociedades. As tentativas de golpe perpetradas na Venezuela s\u00e3o um exemplo. A participa\u00e7\u00e3o da m\u00eddia massiva foi crucial nesse processo de subleva\u00e7\u00e3o \u2013 que felizmente n\u00e3o chegou a derrotar completamente os governos (de Hugo Ch\u00e1vez e de Nicol\u00e1s Maduro) eleitos democraticamente, mas tem abalado de modo significativo o processo democr\u00e1tico naquele pa\u00eds.<\/p>\n<p>Na Argentina, a atua\u00e7\u00e3o do grupo Clar\u00edn, assim como de outros grupos de m\u00eddia, como Am\u00e9rica, por exemplo, foi decisiva para a elei\u00e7\u00e3o de Maur\u00edcio Macri em 2015, que, n\u00e3o por acaso, logo que assumiu a Presid\u00eancia do pa\u00eds anulou, por Decreto, a Lei 26.522\/2009, mais conhecida como \u201cLei de Meios (em espanhol Ley de Medios), estabelecida no governo de Cristina Fern\u00e1ndez de Kirchner, que concebia a comunica\u00e7\u00e3o sob o crit\u00e9rio da diversidade.<\/p>\n<p>E no Brasil, n\u00e3o podemos nos esquecer do papel preponderante exercido pelas Organiza\u00e7\u00f5es Globo, pelo Grupo Abril, entre outros, no <em>impeachment<\/em> da presidenta Dilma Rousseff, em 2016. Os jornais, os telejornais, as emissoras de r\u00e1dio, os portais de not\u00edcias desses grupos hegem\u00f4nicos de comunica\u00e7\u00e3o \u201cprepararam o terreno\u201d para a direita \u201csemear\u201d e \u201ccolher\u201d o golpe disfar\u00e7ado de impedimento, o qual abriu caminho para a subida da extrema direita ao poder.<\/p>\n<p>As mobiliza\u00e7\u00f5es populares realizadas no Chile, na Col\u00f4mbia, no Equadror, na Bol\u00edvia \u2013 decisivas neste pa\u00eds para a vit\u00f3ria do \u201cMovimento al Socialismo\u201d (o partido MAS) nas elei\u00e7\u00f5es celebradas neste otubro de 2020, em resposta ao golpe que exilou o presidente eleito democraticamente Evo Moralres \u2013 t\u00eam sido cobertas por todas essas m\u00eddias hegem\u00f4nicas latino-americanas a partir de uma perspectiva depreciativa, que busca enfatizar certas movimenta\u00e7\u00f5es dist\u00farbicas isoladas, provocadas por grupos radicais (ou grupos infiltrados), buscando desqualificar esse processo de lavantamento de povos que se rebelam contra as mais variadas opress\u00f5es perpetradas por governos antidemocr\u00e1ticos.<\/p>\n<p>Esses fatos demonstram que urgem medidas democratizantes no que tange ao acesso \u00e0 comunica\u00e7\u00e3o e \u00e0 informa\u00e7\u00e3o, as quais sejam capazes de auxiliar a constru\u00e7\u00e3o de uma opini\u00e3o p\u00fablica consistente em nossos pa\u00edses. Por agora, a esperan\u00e7a fica posta na Argentina e na Bol\u00edvia.<\/p>\n<p>No pa\u00eds rioplatense, o presidente eleito em 2019, Alberto Fern\u00e1ndez, ainda n\u00e3o deu mostras de que est\u00e1 disposto a enfrentar os \u201ccoron\u00e9is\u201d da m\u00eddia, ainda que seu governo esteja sofrendo ataques sistem\u00e1ticos desde que assumiu, desferidos principalente pelo Grupo Clar\u00edn, inconformado com a derrota de Maur\u00edcio Macri. J\u00e1 s\u00e3o 10 meses na Casa Rosada, sem que qualquer iniciativa neste sentido tenha sido sinalzada por Fern\u00e1ndez, o que, inclsive, p\u00f5e em perigo a continuidade de sua administra\u00e7\u00e3o. Mas ainda h\u00e1 tempo.<\/p>\n<p>Quanto \u00e0 Bol\u00edvia, cujo presidente eleito Luis Arce dever\u00e1 assumir ainda este ano, fica a esperan\u00e7a de que, ao contr\u00e1rio de seu colega argentino, n\u00e3o tarde em adotar medidas que visem democratizar a comunica\u00e7\u00e3o, porque, caso contr\u00e1rio, as possibilidades de sufocamento da democracia crescem, o que, consequentemente, dificulta a luta pela promo\u00e7\u00e3o da paz e dos direitos humanos.<\/p>\n","protected":false},"excerpt":{"rendered":"<p>A comunica\u00e7\u00e3o \u00e9 condi\u00e7\u00e3o essencial em qualquer processo pol\u00edtico. E a promo\u00e7\u00e3o e fortalecimento da democracia necessitam que essa comunica\u00e7\u00e3o seja plural, que respeite a diversidade e, sobretudo, n\u00e3o seja porta-voz dos grupos hegem\u00f4nicos. Neste momento em que a democracia&hellip;<\/p>\n","protected":false},"author":1925,"featured_media":1232118,"comment_status":"closed","ping_status":"closed","sticky":false,"template":"","format":"standard","meta":{"footnotes":""},"categories":[104,11390,112,165,111],"tags":[5984,5917,9492,18768],"class_list":["post-1232117","post","type-post","status-publish","format-standard","has-post-thumbnail","hentry","category-america-do-sul","category-conteudo-original","category-cultura-pt-pt","category-opiniao","category-politica-pt-pt","tag-america-latina-pt-pt","tag-democracia-pt-pt","tag-midia","tag-politica"],"yoast_head":"<!-- This site is optimized with the Yoast SEO plugin v27.1.1 - https:\/\/yoast.com\/product\/yoast-seo-wordpress\/ -->\n<title>Antes que seja tarde: comunica\u00e7\u00e3o plural e democracia na Am\u00e9rica Latina<\/title>\n<meta name=\"description\" content=\"A comunica\u00e7\u00e3o \u00e9 condi\u00e7\u00e3o essencial em qualquer processo pol\u00edtico. E a promo\u00e7\u00e3o e fortalecimento da democracia necessitam que essa comunica\u00e7\u00e3o seja plural,\" \/>\n<meta name=\"robots\" content=\"index, follow, max-snippet:-1, max-image-preview:large, max-video-preview:-1\" \/>\n<link rel=\"canonical\" href=\"https:\/\/www.pressenza.com\/pt-pt\/2020\/11\/antes-que-seja-tarde-comunicacao-plural-e-democracia-na-america-latina\/\" \/>\n<meta property=\"og:locale\" content=\"pt_PT\" \/>\n<meta property=\"og:type\" content=\"article\" \/>\n<meta property=\"og:title\" content=\"Antes que seja tarde: comunica\u00e7\u00e3o plural e democracia na Am\u00e9rica Latina\" \/>\n<meta property=\"og:description\" content=\"A comunica\u00e7\u00e3o \u00e9 condi\u00e7\u00e3o essencial em qualquer processo pol\u00edtico. E a promo\u00e7\u00e3o e fortalecimento da democracia necessitam que essa comunica\u00e7\u00e3o seja plural,\" \/>\n<meta property=\"og:url\" content=\"https:\/\/www.pressenza.com\/pt-pt\/2020\/11\/antes-que-seja-tarde-comunicacao-plural-e-democracia-na-america-latina\/\" \/>\n<meta property=\"og:site_name\" content=\"Pressenza\" \/>\n<meta property=\"article:publisher\" content=\"https:\/\/www.facebook.com\/PressenzaItalia\" \/>\n<meta property=\"article:published_time\" content=\"2020-11-03T23:08:45+00:00\" \/>\n<meta property=\"og:image\" content=\"https:\/\/www.pressenza.com\/wp-content\/uploads\/2020\/11\/Mahesh-Patel-en-Pixabay.jpg\" \/>\n\t<meta property=\"og:image:width\" content=\"1280\" \/>\n\t<meta property=\"og:image:height\" content=\"884\" \/>\n\t<meta property=\"og:image:type\" content=\"image\/jpeg\" \/>\n<meta name=\"author\" content=\"Verbena C\u00f3rdula\" \/>\n<meta name=\"twitter:card\" content=\"summary_large_image\" \/>\n<meta name=\"twitter:creator\" content=\"@PressenzaIPA\" \/>\n<meta name=\"twitter:site\" content=\"@PressenzaIPA\" \/>\n<meta name=\"twitter:label1\" content=\"Escrito por\" \/>\n\t<meta name=\"twitter:data1\" content=\"Verbena C\u00f3rdula\" \/>\n\t<meta name=\"twitter:label2\" content=\"Tempo estimado de leitura\" \/>\n\t<meta name=\"twitter:data2\" content=\"4 minutos\" \/>\n<script type=\"application\/ld+json\" class=\"yoast-schema-graph\">{\"@context\":\"https:\/\/schema.org\",\"@graph\":[{\"@type\":\"Article\",\"@id\":\"https:\/\/www.pressenza.com\/pt-pt\/2020\/11\/antes-que-seja-tarde-comunicacao-plural-e-democracia-na-america-latina\/#article\",\"isPartOf\":{\"@id\":\"https:\/\/www.pressenza.com\/pt-pt\/2020\/11\/antes-que-seja-tarde-comunicacao-plural-e-democracia-na-america-latina\/\"},\"author\":{\"name\":\"Verbena C\u00f3rdula\",\"@id\":\"https:\/\/www.pressenza.com\/pt-pt\/#\/schema\/person\/68c8edc34c1a97f71f905cdd5b164319\"},\"headline\":\"Antes que seja tarde: comunica\u00e7\u00e3o plural e democracia na Am\u00e9rica Latina\",\"datePublished\":\"2020-11-03T23:08:45+00:00\",\"mainEntityOfPage\":{\"@id\":\"https:\/\/www.pressenza.com\/pt-pt\/2020\/11\/antes-que-seja-tarde-comunicacao-plural-e-democracia-na-america-latina\/\"},\"wordCount\":820,\"publisher\":{\"@id\":\"https:\/\/www.pressenza.com\/pt-pt\/#organization\"},\"image\":{\"@id\":\"https:\/\/www.pressenza.com\/pt-pt\/2020\/11\/antes-que-seja-tarde-comunicacao-plural-e-democracia-na-america-latina\/#primaryimage\"},\"thumbnailUrl\":\"https:\/\/www.pressenza.com\/wp-content\/uploads\/2020\/11\/Mahesh-Patel-en-Pixabay.jpg\",\"keywords\":[\"america latina\",\"Democracia\",\"midia\",\"politica\"],\"articleSection\":[\"\u00c1m\u00e9rica do Sul\",\"Conte\u00fado Original\",\"Cultura e M\u00eddia\",\"Opini\u00e3o\",\"Pol\u00edtica\"],\"inLanguage\":\"pt-PT\"},{\"@type\":\"WebPage\",\"@id\":\"https:\/\/www.pressenza.com\/pt-pt\/2020\/11\/antes-que-seja-tarde-comunicacao-plural-e-democracia-na-america-latina\/\",\"url\":\"https:\/\/www.pressenza.com\/pt-pt\/2020\/11\/antes-que-seja-tarde-comunicacao-plural-e-democracia-na-america-latina\/\",\"name\":\"Antes que seja tarde: comunica\u00e7\u00e3o plural e democracia na Am\u00e9rica Latina\",\"isPartOf\":{\"@id\":\"https:\/\/www.pressenza.com\/pt-pt\/#website\"},\"primaryImageOfPage\":{\"@id\":\"https:\/\/www.pressenza.com\/pt-pt\/2020\/11\/antes-que-seja-tarde-comunicacao-plural-e-democracia-na-america-latina\/#primaryimage\"},\"image\":{\"@id\":\"https:\/\/www.pressenza.com\/pt-pt\/2020\/11\/antes-que-seja-tarde-comunicacao-plural-e-democracia-na-america-latina\/#primaryimage\"},\"thumbnailUrl\":\"https:\/\/www.pressenza.com\/wp-content\/uploads\/2020\/11\/Mahesh-Patel-en-Pixabay.jpg\",\"datePublished\":\"2020-11-03T23:08:45+00:00\",\"description\":\"A comunica\u00e7\u00e3o \u00e9 condi\u00e7\u00e3o essencial em qualquer processo pol\u00edtico. E a promo\u00e7\u00e3o e fortalecimento da democracia necessitam que essa comunica\u00e7\u00e3o seja plural,\",\"breadcrumb\":{\"@id\":\"https:\/\/www.pressenza.com\/pt-pt\/2020\/11\/antes-que-seja-tarde-comunicacao-plural-e-democracia-na-america-latina\/#breadcrumb\"},\"inLanguage\":\"pt-PT\",\"potentialAction\":[{\"@type\":\"ReadAction\",\"target\":[\"https:\/\/www.pressenza.com\/pt-pt\/2020\/11\/antes-que-seja-tarde-comunicacao-plural-e-democracia-na-america-latina\/\"]}]},{\"@type\":\"ImageObject\",\"inLanguage\":\"pt-PT\",\"@id\":\"https:\/\/www.pressenza.com\/pt-pt\/2020\/11\/antes-que-seja-tarde-comunicacao-plural-e-democracia-na-america-latina\/#primaryimage\",\"url\":\"https:\/\/www.pressenza.com\/wp-content\/uploads\/2020\/11\/Mahesh-Patel-en-Pixabay.jpg\",\"contentUrl\":\"https:\/\/www.pressenza.com\/wp-content\/uploads\/2020\/11\/Mahesh-Patel-en-Pixabay.jpg\",\"width\":1280,\"height\":884},{\"@type\":\"BreadcrumbList\",\"@id\":\"https:\/\/www.pressenza.com\/pt-pt\/2020\/11\/antes-que-seja-tarde-comunicacao-plural-e-democracia-na-america-latina\/#breadcrumb\",\"itemListElement\":[{\"@type\":\"ListItem\",\"position\":1,\"name\":\"Accueil\",\"item\":\"https:\/\/www.pressenza.com\/pt-pt\/\"},{\"@type\":\"ListItem\",\"position\":2,\"name\":\"Antes que seja tarde: comunica\u00e7\u00e3o plural e democracia na Am\u00e9rica Latina\"}]},{\"@type\":\"WebSite\",\"@id\":\"https:\/\/www.pressenza.com\/pt-pt\/#website\",\"url\":\"https:\/\/www.pressenza.com\/pt-pt\/\",\"name\":\"Pressenza\",\"description\":\"International Press Agency\",\"publisher\":{\"@id\":\"https:\/\/www.pressenza.com\/pt-pt\/#organization\"},\"potentialAction\":[{\"@type\":\"SearchAction\",\"target\":{\"@type\":\"EntryPoint\",\"urlTemplate\":\"https:\/\/www.pressenza.com\/pt-pt\/?s={search_term_string}\"},\"query-input\":{\"@type\":\"PropertyValueSpecification\",\"valueRequired\":true,\"valueName\":\"search_term_string\"}}],\"inLanguage\":\"pt-PT\"},{\"@type\":\"Organization\",\"@id\":\"https:\/\/www.pressenza.com\/pt-pt\/#organization\",\"name\":\"Pressenza\",\"url\":\"https:\/\/www.pressenza.com\/pt-pt\/\",\"logo\":{\"@type\":\"ImageObject\",\"inLanguage\":\"pt-PT\",\"@id\":\"https:\/\/www.pressenza.com\/pt-pt\/#\/schema\/logo\/image\/\",\"url\":\"https:\/\/www.pressenza.com\/wp-content\/uploads\/2022\/10\/pressenza_logo_200x200.jpg\",\"contentUrl\":\"https:\/\/www.pressenza.com\/wp-content\/uploads\/2022\/10\/pressenza_logo_200x200.jpg\",\"width\":200,\"height\":200,\"caption\":\"Pressenza\"},\"image\":{\"@id\":\"https:\/\/www.pressenza.com\/pt-pt\/#\/schema\/logo\/image\/\"},\"sameAs\":[\"https:\/\/www.facebook.com\/PressenzaItalia\",\"https:\/\/x.com\/PressenzaIPA\"]},{\"@type\":\"Person\",\"@id\":\"https:\/\/www.pressenza.com\/pt-pt\/#\/schema\/person\/68c8edc34c1a97f71f905cdd5b164319\",\"name\":\"Verbena C\u00f3rdula\",\"description\":\"Graduada em Hist\u00f3ria, doutora em Hist\u00f3ria e Comunica\u00e7\u00e3o no Mundo Contempor\u00e2neo. Professora Titular da Universidade Estadual de Santa Cruz (UESC), Ilh\u00e9us BA. Pesquisa G\u00eanero e ra\u00e7a.\",\"url\":\"https:\/\/www.pressenza.com\/pt-pt\/author\/verbena-cordula\/\"}]}<\/script>\n<!-- \/ Yoast SEO plugin. -->","yoast_head_json":{"title":"Antes que seja tarde: comunica\u00e7\u00e3o plural e democracia na Am\u00e9rica Latina","description":"A comunica\u00e7\u00e3o \u00e9 condi\u00e7\u00e3o essencial em qualquer processo pol\u00edtico. E a promo\u00e7\u00e3o e fortalecimento da democracia necessitam que essa comunica\u00e7\u00e3o seja plural,","robots":{"index":"index","follow":"follow","max-snippet":"max-snippet:-1","max-image-preview":"max-image-preview:large","max-video-preview":"max-video-preview:-1"},"canonical":"https:\/\/www.pressenza.com\/pt-pt\/2020\/11\/antes-que-seja-tarde-comunicacao-plural-e-democracia-na-america-latina\/","og_locale":"pt_PT","og_type":"article","og_title":"Antes que seja tarde: comunica\u00e7\u00e3o plural e democracia na Am\u00e9rica Latina","og_description":"A comunica\u00e7\u00e3o \u00e9 condi\u00e7\u00e3o essencial em qualquer processo pol\u00edtico. E a promo\u00e7\u00e3o e fortalecimento da democracia necessitam que essa comunica\u00e7\u00e3o seja plural,","og_url":"https:\/\/www.pressenza.com\/pt-pt\/2020\/11\/antes-que-seja-tarde-comunicacao-plural-e-democracia-na-america-latina\/","og_site_name":"Pressenza","article_publisher":"https:\/\/www.facebook.com\/PressenzaItalia","article_published_time":"2020-11-03T23:08:45+00:00","og_image":[{"width":1280,"height":884,"url":"https:\/\/www.pressenza.com\/wp-content\/uploads\/2020\/11\/Mahesh-Patel-en-Pixabay.jpg","type":"image\/jpeg"}],"author":"Verbena C\u00f3rdula","twitter_card":"summary_large_image","twitter_creator":"@PressenzaIPA","twitter_site":"@PressenzaIPA","twitter_misc":{"Escrito por":"Verbena C\u00f3rdula","Tempo estimado de leitura":"4 minutos"},"schema":{"@context":"https:\/\/schema.org","@graph":[{"@type":"Article","@id":"https:\/\/www.pressenza.com\/pt-pt\/2020\/11\/antes-que-seja-tarde-comunicacao-plural-e-democracia-na-america-latina\/#article","isPartOf":{"@id":"https:\/\/www.pressenza.com\/pt-pt\/2020\/11\/antes-que-seja-tarde-comunicacao-plural-e-democracia-na-america-latina\/"},"author":{"name":"Verbena C\u00f3rdula","@id":"https:\/\/www.pressenza.com\/pt-pt\/#\/schema\/person\/68c8edc34c1a97f71f905cdd5b164319"},"headline":"Antes que seja tarde: comunica\u00e7\u00e3o plural e democracia na Am\u00e9rica Latina","datePublished":"2020-11-03T23:08:45+00:00","mainEntityOfPage":{"@id":"https:\/\/www.pressenza.com\/pt-pt\/2020\/11\/antes-que-seja-tarde-comunicacao-plural-e-democracia-na-america-latina\/"},"wordCount":820,"publisher":{"@id":"https:\/\/www.pressenza.com\/pt-pt\/#organization"},"image":{"@id":"https:\/\/www.pressenza.com\/pt-pt\/2020\/11\/antes-que-seja-tarde-comunicacao-plural-e-democracia-na-america-latina\/#primaryimage"},"thumbnailUrl":"https:\/\/www.pressenza.com\/wp-content\/uploads\/2020\/11\/Mahesh-Patel-en-Pixabay.jpg","keywords":["america latina","Democracia","midia","politica"],"articleSection":["\u00c1m\u00e9rica do Sul","Conte\u00fado Original","Cultura e M\u00eddia","Opini\u00e3o","Pol\u00edtica"],"inLanguage":"pt-PT"},{"@type":"WebPage","@id":"https:\/\/www.pressenza.com\/pt-pt\/2020\/11\/antes-que-seja-tarde-comunicacao-plural-e-democracia-na-america-latina\/","url":"https:\/\/www.pressenza.com\/pt-pt\/2020\/11\/antes-que-seja-tarde-comunicacao-plural-e-democracia-na-america-latina\/","name":"Antes que seja tarde: comunica\u00e7\u00e3o plural e democracia na Am\u00e9rica Latina","isPartOf":{"@id":"https:\/\/www.pressenza.com\/pt-pt\/#website"},"primaryImageOfPage":{"@id":"https:\/\/www.pressenza.com\/pt-pt\/2020\/11\/antes-que-seja-tarde-comunicacao-plural-e-democracia-na-america-latina\/#primaryimage"},"image":{"@id":"https:\/\/www.pressenza.com\/pt-pt\/2020\/11\/antes-que-seja-tarde-comunicacao-plural-e-democracia-na-america-latina\/#primaryimage"},"thumbnailUrl":"https:\/\/www.pressenza.com\/wp-content\/uploads\/2020\/11\/Mahesh-Patel-en-Pixabay.jpg","datePublished":"2020-11-03T23:08:45+00:00","description":"A comunica\u00e7\u00e3o \u00e9 condi\u00e7\u00e3o essencial em qualquer processo pol\u00edtico. E a promo\u00e7\u00e3o e fortalecimento da democracia necessitam que essa comunica\u00e7\u00e3o seja plural,","breadcrumb":{"@id":"https:\/\/www.pressenza.com\/pt-pt\/2020\/11\/antes-que-seja-tarde-comunicacao-plural-e-democracia-na-america-latina\/#breadcrumb"},"inLanguage":"pt-PT","potentialAction":[{"@type":"ReadAction","target":["https:\/\/www.pressenza.com\/pt-pt\/2020\/11\/antes-que-seja-tarde-comunicacao-plural-e-democracia-na-america-latina\/"]}]},{"@type":"ImageObject","inLanguage":"pt-PT","@id":"https:\/\/www.pressenza.com\/pt-pt\/2020\/11\/antes-que-seja-tarde-comunicacao-plural-e-democracia-na-america-latina\/#primaryimage","url":"https:\/\/www.pressenza.com\/wp-content\/uploads\/2020\/11\/Mahesh-Patel-en-Pixabay.jpg","contentUrl":"https:\/\/www.pressenza.com\/wp-content\/uploads\/2020\/11\/Mahesh-Patel-en-Pixabay.jpg","width":1280,"height":884},{"@type":"BreadcrumbList","@id":"https:\/\/www.pressenza.com\/pt-pt\/2020\/11\/antes-que-seja-tarde-comunicacao-plural-e-democracia-na-america-latina\/#breadcrumb","itemListElement":[{"@type":"ListItem","position":1,"name":"Accueil","item":"https:\/\/www.pressenza.com\/pt-pt\/"},{"@type":"ListItem","position":2,"name":"Antes que seja tarde: comunica\u00e7\u00e3o plural e democracia na Am\u00e9rica Latina"}]},{"@type":"WebSite","@id":"https:\/\/www.pressenza.com\/pt-pt\/#website","url":"https:\/\/www.pressenza.com\/pt-pt\/","name":"Pressenza","description":"International Press Agency","publisher":{"@id":"https:\/\/www.pressenza.com\/pt-pt\/#organization"},"potentialAction":[{"@type":"SearchAction","target":{"@type":"EntryPoint","urlTemplate":"https:\/\/www.pressenza.com\/pt-pt\/?s={search_term_string}"},"query-input":{"@type":"PropertyValueSpecification","valueRequired":true,"valueName":"search_term_string"}}],"inLanguage":"pt-PT"},{"@type":"Organization","@id":"https:\/\/www.pressenza.com\/pt-pt\/#organization","name":"Pressenza","url":"https:\/\/www.pressenza.com\/pt-pt\/","logo":{"@type":"ImageObject","inLanguage":"pt-PT","@id":"https:\/\/www.pressenza.com\/pt-pt\/#\/schema\/logo\/image\/","url":"https:\/\/www.pressenza.com\/wp-content\/uploads\/2022\/10\/pressenza_logo_200x200.jpg","contentUrl":"https:\/\/www.pressenza.com\/wp-content\/uploads\/2022\/10\/pressenza_logo_200x200.jpg","width":200,"height":200,"caption":"Pressenza"},"image":{"@id":"https:\/\/www.pressenza.com\/pt-pt\/#\/schema\/logo\/image\/"},"sameAs":["https:\/\/www.facebook.com\/PressenzaItalia","https:\/\/x.com\/PressenzaIPA"]},{"@type":"Person","@id":"https:\/\/www.pressenza.com\/pt-pt\/#\/schema\/person\/68c8edc34c1a97f71f905cdd5b164319","name":"Verbena C\u00f3rdula","description":"Graduada em Hist\u00f3ria, doutora em Hist\u00f3ria e Comunica\u00e7\u00e3o no Mundo Contempor\u00e2neo. Professora Titular da Universidade Estadual de Santa Cruz (UESC), Ilh\u00e9us BA. Pesquisa G\u00eanero e ra\u00e7a.","url":"https:\/\/www.pressenza.com\/pt-pt\/author\/verbena-cordula\/"}]}},"place":"Bahia, Brasil","original_article_url":"","_links":{"self":[{"href":"https:\/\/www.pressenza.com\/pt-pt\/wp-json\/wp\/v2\/posts\/1232117","targetHints":{"allow":["GET"]}}],"collection":[{"href":"https:\/\/www.pressenza.com\/pt-pt\/wp-json\/wp\/v2\/posts"}],"about":[{"href":"https:\/\/www.pressenza.com\/pt-pt\/wp-json\/wp\/v2\/types\/post"}],"author":[{"embeddable":true,"href":"https:\/\/www.pressenza.com\/pt-pt\/wp-json\/wp\/v2\/users\/1925"}],"replies":[{"embeddable":true,"href":"https:\/\/www.pressenza.com\/pt-pt\/wp-json\/wp\/v2\/comments?post=1232117"}],"version-history":[{"count":0,"href":"https:\/\/www.pressenza.com\/pt-pt\/wp-json\/wp\/v2\/posts\/1232117\/revisions"}],"wp:featuredmedia":[{"embeddable":true,"href":"https:\/\/www.pressenza.com\/pt-pt\/wp-json\/wp\/v2\/media\/1232118"}],"wp:attachment":[{"href":"https:\/\/www.pressenza.com\/pt-pt\/wp-json\/wp\/v2\/media?parent=1232117"}],"wp:term":[{"taxonomy":"category","embeddable":true,"href":"https:\/\/www.pressenza.com\/pt-pt\/wp-json\/wp\/v2\/categories?post=1232117"},{"taxonomy":"post_tag","embeddable":true,"href":"https:\/\/www.pressenza.com\/pt-pt\/wp-json\/wp\/v2\/tags?post=1232117"}],"curies":[{"name":"wp","href":"https:\/\/api.w.org\/{rel}","templated":true}]}}