{"id":1221983,"date":"2020-10-21T02:20:36","date_gmt":"2020-10-21T01:20:36","guid":{"rendered":"https:\/\/www.pressenza.com\/?p=1221983"},"modified":"2020-10-21T02:20:36","modified_gmt":"2020-10-21T01:20:36","slug":"organizacoes-sociais-exigem-respeito-a-independencia-judicial-na-colombia","status":"publish","type":"post","link":"https:\/\/www.pressenza.com\/pt-pt\/2020\/10\/organizacoes-sociais-exigem-respeito-a-independencia-judicial-na-colombia\/","title":{"rendered":"Organiza\u00e7\u00f5es sociais exigem respeito \u00e0 independ\u00eancia judicial na Col\u00f4mbia"},"content":{"rendered":"<h4>787 organiza\u00e7\u00f5es e indiv\u00edduos assinam comunicado pela independ\u00eancia da Justi\u00e7a na Col\u00f4mbia<\/h4>\n<p>&nbsp;<\/p>\n<p>Personalidades, organiza\u00e7\u00f5es nacionais e internacionais de direitos humanos, dirigentes pol\u00edticos e sociais expressam preocupa\u00e7\u00e3o com a situa\u00e7\u00e3o da independ\u00eancia judicial em nosso pa\u00eds, ap\u00f3s ataques recentes do governo nacional contra decis\u00f5es judiciais e, inclusive, descumprimento das mesmas.<\/p>\n<p>O comunicado, lan\u00e7ado pela Campanha pela Independ\u00eancia Judicial, traz assinaturas de tr\u00eas plataformas de direitos humanos, dois ex-ju\u00edzes, 212 organiza\u00e7\u00f5es, 572 indiv\u00edduos (incluindo nove parlamentares) e tr\u00eas vereadores de Bogot\u00e1 unidos por uma preocupa\u00e7\u00e3o: o rumo autorit\u00e1rio o atual governo vem tomando.<\/p>\n<p>\u201cO pr\u00f3prio presidente da Rep\u00fablica e o partido do governo conduzem uma campanha feroz contra os direitos, o equil\u00edbrio dos Poderes, as Cortes e a independ\u00eancia da Justi\u00e7a, avan\u00e7ando de forma perigosa em dire\u00e7\u00e3o ao caminho do autoritarismo e ao fim dos pilares essenciais do Estado de Direito\u201d, alertam os signat\u00e1rios.<\/p>\n<p>O documento cita como exemplos o descumprimento recente das determina\u00e7\u00f5es de decis\u00f5es judiciais favor\u00e1veis ao direito \u00e0 manifesta\u00e7\u00e3o, \u00e0 interrup\u00e7\u00e3o do processo de consulta pr\u00e9via virtual para retorno das pulveriza\u00e7\u00f5es com glifosato, e, ainda, da medida de garantia tomada contra o ex-senador \u00c1lvaro Uribe pela Suprema Corte de Justi\u00e7a, revogada recentemente pela ju\u00edza de controle de garantias a pedido da defesa e com apoio do Minist\u00e9rio P\u00fablico.<\/p>\n<p>Destaca, ainda, entre os ataques \u00e0 independ\u00eancia judicial, o fato de a justi\u00e7a penal militar ter assumido a compet\u00eancia para investigar casos de abuso policial, logo ap\u00f3s o pa\u00eds presenciar recentes abusos de autoridade durante os protestos que resultaram nos assassinatos de 14 pessoas nos \u00faltimos dias 9 e 10 de setembro.<\/p>\n<p>\u201cPedimos ao ministro da Defesa e ao governo do presidente Iv\u00e1n Duque que n\u00e3o se utilize da Justi\u00e7a, nem de suas decis\u00f5es, como cavalo de batalha eleitoral, e que cessem todos os ataques contra a administra\u00e7\u00e3o de justi\u00e7a e todas as decis\u00f5es judiciais sejam cumpridas integralmente\u201d, conclui.<\/p>\n<p>O comunicado \u00e9 a primeira a\u00e7\u00e3o p\u00fablica dessa iniciativa, liderada por tr\u00eas plataformas de direitos humanos que re\u00fanem 500 organiza\u00e7\u00f5es de direitos humanos sob o tema \u201cNingu\u00e9m acima da Justi\u00e7a\u201d. O documento tamb\u00e9m pede mais assinaturas por meio da Plataforma Change.org (http:\/\/chng.it\/npVwbk8vzj), buscando enviar uma mensagem muito clara ao governo: \u201cLembramos que, em uma democracia, ningu\u00e9m deve estar acima da Justi\u00e7a, muito menos o presidente da Rep\u00fablica\u201d.<\/p>\n<hr \/>\n<p><em>Traduzido do espanhol por Mariana Branco<\/em><\/p>\n","protected":false},"excerpt":{"rendered":"<p>787 organiza\u00e7\u00f5es e indiv\u00edduos assinam comunicado pela independ\u00eancia da Justi\u00e7a na Col\u00f4mbia &nbsp; Personalidades, organiza\u00e7\u00f5es nacionais e internacionais de direitos humanos, dirigentes pol\u00edticos e sociais expressam preocupa\u00e7\u00e3o com a situa\u00e7\u00e3o da independ\u00eancia judicial em nosso pa\u00eds, ap\u00f3s ataques recentes do&hellip;<\/p>\n","protected":false},"author":1053,"featured_media":1218411,"comment_status":"closed","ping_status":"closed","sticky":false,"template":"","format":"standard","meta":{"footnotes":""},"categories":[104,11390,116,153],"tags":[82987,5861,82748,67700,7877,82986],"class_list":["post-1221983","post","type-post","status-publish","format-standard","has-post-thumbnail","hentry","category-america-do-sul","category-conteudo-original","category-direitos-humanos","category-nota-de-imprensa","tag-autoritarismo-pt-pt","tag-colombia-pt-pt","tag-ddhh-pt-pt","tag-ivan-duque-pt-pt","tag-justica","tag-organizacoes-sociais"],"yoast_head":"<!-- This site is optimized with the Yoast SEO plugin v27.1.1 - https:\/\/yoast.com\/product\/yoast-seo-wordpress\/ -->\n<title>Organiza\u00e7\u00f5es sociais exigem respeito \u00e0 independ\u00eancia judicial na Col\u00f4mbia<\/title>\n<meta name=\"description\" content=\"787 organiza\u00e7\u00f5es e indiv\u00edduos assinam comunicado pela independ\u00eancia da Justi\u00e7a na Col\u00f4mbia &nbsp; Personalidades, organiza\u00e7\u00f5es nacionais e internacionais\" \/>\n<meta name=\"robots\" content=\"index, follow, max-snippet:-1, max-image-preview:large, max-video-preview:-1\" \/>\n<link rel=\"canonical\" href=\"https:\/\/www.pressenza.com\/pt-pt\/2020\/10\/organizacoes-sociais-exigem-respeito-a-independencia-judicial-na-colombia\/\" \/>\n<meta property=\"og:locale\" content=\"pt_PT\" \/>\n<meta property=\"og:type\" content=\"article\" \/>\n<meta property=\"og:title\" content=\"Organiza\u00e7\u00f5es sociais exigem respeito \u00e0 independ\u00eancia judicial na Col\u00f4mbia\" \/>\n<meta property=\"og:description\" content=\"787 organiza\u00e7\u00f5es e indiv\u00edduos assinam comunicado pela independ\u00eancia da Justi\u00e7a na Col\u00f4mbia &nbsp; Personalidades, organiza\u00e7\u00f5es nacionais e internacionais\" \/>\n<meta property=\"og:url\" content=\"https:\/\/www.pressenza.com\/pt-pt\/2020\/10\/organizacoes-sociais-exigem-respeito-a-independencia-judicial-na-colombia\/\" \/>\n<meta property=\"og:site_name\" content=\"Pressenza\" \/>\n<meta property=\"article:publisher\" content=\"https:\/\/www.facebook.com\/PressenzaItalia\" \/>\n<meta property=\"article:published_time\" content=\"2020-10-21T01:20:36+00:00\" \/>\n<meta property=\"og:image\" content=\"https:\/\/www.pressenza.com\/wp-content\/uploads\/2020\/10\/Justicia_01.png\" \/>\n\t<meta property=\"og:image:width\" content=\"800\" \/>\n\t<meta property=\"og:image:height\" content=\"450\" \/>\n\t<meta property=\"og:image:type\" content=\"image\/png\" \/>\n<meta name=\"author\" content=\"Redacci\u00f3n Colombia\" \/>\n<meta name=\"twitter:card\" content=\"summary_large_image\" \/>\n<meta name=\"twitter:creator\" content=\"@PressenzaIPA\" \/>\n<meta name=\"twitter:site\" content=\"@PressenzaIPA\" \/>\n<meta name=\"twitter:label1\" content=\"Escrito por\" \/>\n\t<meta name=\"twitter:data1\" content=\"Redacci\u00f3n Colombia\" \/>\n\t<meta name=\"twitter:label2\" content=\"Tempo estimado de leitura\" \/>\n\t<meta name=\"twitter:data2\" content=\"2 minutos\" \/>\n<script type=\"application\/ld+json\" class=\"yoast-schema-graph\">{\"@context\":\"https:\/\/schema.org\",\"@graph\":[{\"@type\":\"Article\",\"@id\":\"https:\/\/www.pressenza.com\/pt-pt\/2020\/10\/organizacoes-sociais-exigem-respeito-a-independencia-judicial-na-colombia\/#article\",\"isPartOf\":{\"@id\":\"https:\/\/www.pressenza.com\/pt-pt\/2020\/10\/organizacoes-sociais-exigem-respeito-a-independencia-judicial-na-colombia\/\"},\"author\":{\"name\":\"Redacci\u00f3n Colombia\",\"@id\":\"https:\/\/www.pressenza.com\/pt-pt\/#\/schema\/person\/7c8ee170a4502d638436c91e385315f2\"},\"headline\":\"Organiza\u00e7\u00f5es sociais exigem respeito \u00e0 independ\u00eancia judicial na Col\u00f4mbia\",\"datePublished\":\"2020-10-21T01:20:36+00:00\",\"mainEntityOfPage\":{\"@id\":\"https:\/\/www.pressenza.com\/pt-pt\/2020\/10\/organizacoes-sociais-exigem-respeito-a-independencia-judicial-na-colombia\/\"},\"wordCount\":451,\"publisher\":{\"@id\":\"https:\/\/www.pressenza.com\/pt-pt\/#organization\"},\"image\":{\"@id\":\"https:\/\/www.pressenza.com\/pt-pt\/2020\/10\/organizacoes-sociais-exigem-respeito-a-independencia-judicial-na-colombia\/#primaryimage\"},\"thumbnailUrl\":\"https:\/\/www.pressenza.com\/wp-content\/uploads\/2020\/10\/Justicia_01.png\",\"keywords\":[\"autoritarismo\",\"Colombia\",\"DDHH\",\"Iv\u00e1n Duque\",\"justi\u00e7a\",\"organiza\u00e7\u00f5es sociais\"],\"articleSection\":[\"\u00c1m\u00e9rica do Sul\",\"Conte\u00fado Original\",\"Direitos Humanos\",\"Nota de imprensa\"],\"inLanguage\":\"pt-PT\"},{\"@type\":\"WebPage\",\"@id\":\"https:\/\/www.pressenza.com\/pt-pt\/2020\/10\/organizacoes-sociais-exigem-respeito-a-independencia-judicial-na-colombia\/\",\"url\":\"https:\/\/www.pressenza.com\/pt-pt\/2020\/10\/organizacoes-sociais-exigem-respeito-a-independencia-judicial-na-colombia\/\",\"name\":\"Organiza\u00e7\u00f5es sociais exigem respeito \u00e0 independ\u00eancia judicial na Col\u00f4mbia\",\"isPartOf\":{\"@id\":\"https:\/\/www.pressenza.com\/pt-pt\/#website\"},\"primaryImageOfPage\":{\"@id\":\"https:\/\/www.pressenza.com\/pt-pt\/2020\/10\/organizacoes-sociais-exigem-respeito-a-independencia-judicial-na-colombia\/#primaryimage\"},\"image\":{\"@id\":\"https:\/\/www.pressenza.com\/pt-pt\/2020\/10\/organizacoes-sociais-exigem-respeito-a-independencia-judicial-na-colombia\/#primaryimage\"},\"thumbnailUrl\":\"https:\/\/www.pressenza.com\/wp-content\/uploads\/2020\/10\/Justicia_01.png\",\"datePublished\":\"2020-10-21T01:20:36+00:00\",\"description\":\"787 organiza\u00e7\u00f5es e indiv\u00edduos assinam comunicado pela independ\u00eancia da Justi\u00e7a na Col\u00f4mbia &nbsp; Personalidades, organiza\u00e7\u00f5es nacionais e internacionais\",\"breadcrumb\":{\"@id\":\"https:\/\/www.pressenza.com\/pt-pt\/2020\/10\/organizacoes-sociais-exigem-respeito-a-independencia-judicial-na-colombia\/#breadcrumb\"},\"inLanguage\":\"pt-PT\",\"potentialAction\":[{\"@type\":\"ReadAction\",\"target\":[\"https:\/\/www.pressenza.com\/pt-pt\/2020\/10\/organizacoes-sociais-exigem-respeito-a-independencia-judicial-na-colombia\/\"]}]},{\"@type\":\"ImageObject\",\"inLanguage\":\"pt-PT\",\"@id\":\"https:\/\/www.pressenza.com\/pt-pt\/2020\/10\/organizacoes-sociais-exigem-respeito-a-independencia-judicial-na-colombia\/#primaryimage\",\"url\":\"https:\/\/www.pressenza.com\/wp-content\/uploads\/2020\/10\/Justicia_01.png\",\"contentUrl\":\"https:\/\/www.pressenza.com\/wp-content\/uploads\/2020\/10\/Justicia_01.png\",\"width\":800,\"height\":450,\"caption\":\"Organizaciones exigen independencia en Colombia\"},{\"@type\":\"BreadcrumbList\",\"@id\":\"https:\/\/www.pressenza.com\/pt-pt\/2020\/10\/organizacoes-sociais-exigem-respeito-a-independencia-judicial-na-colombia\/#breadcrumb\",\"itemListElement\":[{\"@type\":\"ListItem\",\"position\":1,\"name\":\"Accueil\",\"item\":\"https:\/\/www.pressenza.com\/pt-pt\/\"},{\"@type\":\"ListItem\",\"position\":2,\"name\":\"Organiza\u00e7\u00f5es sociais exigem respeito \u00e0 independ\u00eancia judicial na Col\u00f4mbia\"}]},{\"@type\":\"WebSite\",\"@id\":\"https:\/\/www.pressenza.com\/pt-pt\/#website\",\"url\":\"https:\/\/www.pressenza.com\/pt-pt\/\",\"name\":\"Pressenza\",\"description\":\"International Press Agency\",\"publisher\":{\"@id\":\"https:\/\/www.pressenza.com\/pt-pt\/#organization\"},\"potentialAction\":[{\"@type\":\"SearchAction\",\"target\":{\"@type\":\"EntryPoint\",\"urlTemplate\":\"https:\/\/www.pressenza.com\/pt-pt\/?s={search_term_string}\"},\"query-input\":{\"@type\":\"PropertyValueSpecification\",\"valueRequired\":true,\"valueName\":\"search_term_string\"}}],\"inLanguage\":\"pt-PT\"},{\"@type\":\"Organization\",\"@id\":\"https:\/\/www.pressenza.com\/pt-pt\/#organization\",\"name\":\"Pressenza\",\"url\":\"https:\/\/www.pressenza.com\/pt-pt\/\",\"logo\":{\"@type\":\"ImageObject\",\"inLanguage\":\"pt-PT\",\"@id\":\"https:\/\/www.pressenza.com\/pt-pt\/#\/schema\/logo\/image\/\",\"url\":\"https:\/\/www.pressenza.com\/wp-content\/uploads\/2022\/10\/pressenza_logo_200x200.jpg\",\"contentUrl\":\"https:\/\/www.pressenza.com\/wp-content\/uploads\/2022\/10\/pressenza_logo_200x200.jpg\",\"width\":200,\"height\":200,\"caption\":\"Pressenza\"},\"image\":{\"@id\":\"https:\/\/www.pressenza.com\/pt-pt\/#\/schema\/logo\/image\/\"},\"sameAs\":[\"https:\/\/www.facebook.com\/PressenzaItalia\",\"https:\/\/x.com\/PressenzaIPA\"]},{\"@type\":\"Person\",\"@id\":\"https:\/\/www.pressenza.com\/pt-pt\/#\/schema\/person\/7c8ee170a4502d638436c91e385315f2\",\"name\":\"Redacci\u00f3n Colombia\",\"description\":\"News published by the Pressenza bureau in Colombia\",\"url\":\"https:\/\/www.pressenza.com\/pt-pt\/author\/redaccion-colombia\/\"}]}<\/script>\n<!-- \/ Yoast SEO plugin. -->","yoast_head_json":{"title":"Organiza\u00e7\u00f5es sociais exigem respeito \u00e0 independ\u00eancia judicial na Col\u00f4mbia","description":"787 organiza\u00e7\u00f5es e indiv\u00edduos assinam comunicado pela independ\u00eancia da Justi\u00e7a na Col\u00f4mbia &nbsp; Personalidades, organiza\u00e7\u00f5es nacionais e internacionais","robots":{"index":"index","follow":"follow","max-snippet":"max-snippet:-1","max-image-preview":"max-image-preview:large","max-video-preview":"max-video-preview:-1"},"canonical":"https:\/\/www.pressenza.com\/pt-pt\/2020\/10\/organizacoes-sociais-exigem-respeito-a-independencia-judicial-na-colombia\/","og_locale":"pt_PT","og_type":"article","og_title":"Organiza\u00e7\u00f5es sociais exigem respeito \u00e0 independ\u00eancia judicial na Col\u00f4mbia","og_description":"787 organiza\u00e7\u00f5es e indiv\u00edduos assinam comunicado pela independ\u00eancia da Justi\u00e7a na Col\u00f4mbia &nbsp; Personalidades, organiza\u00e7\u00f5es nacionais e internacionais","og_url":"https:\/\/www.pressenza.com\/pt-pt\/2020\/10\/organizacoes-sociais-exigem-respeito-a-independencia-judicial-na-colombia\/","og_site_name":"Pressenza","article_publisher":"https:\/\/www.facebook.com\/PressenzaItalia","article_published_time":"2020-10-21T01:20:36+00:00","og_image":[{"width":800,"height":450,"url":"https:\/\/www.pressenza.com\/wp-content\/uploads\/2020\/10\/Justicia_01.png","type":"image\/png"}],"author":"Redacci\u00f3n Colombia","twitter_card":"summary_large_image","twitter_creator":"@PressenzaIPA","twitter_site":"@PressenzaIPA","twitter_misc":{"Escrito por":"Redacci\u00f3n Colombia","Tempo estimado de leitura":"2 minutos"},"schema":{"@context":"https:\/\/schema.org","@graph":[{"@type":"Article","@id":"https:\/\/www.pressenza.com\/pt-pt\/2020\/10\/organizacoes-sociais-exigem-respeito-a-independencia-judicial-na-colombia\/#article","isPartOf":{"@id":"https:\/\/www.pressenza.com\/pt-pt\/2020\/10\/organizacoes-sociais-exigem-respeito-a-independencia-judicial-na-colombia\/"},"author":{"name":"Redacci\u00f3n Colombia","@id":"https:\/\/www.pressenza.com\/pt-pt\/#\/schema\/person\/7c8ee170a4502d638436c91e385315f2"},"headline":"Organiza\u00e7\u00f5es sociais exigem respeito \u00e0 independ\u00eancia judicial na Col\u00f4mbia","datePublished":"2020-10-21T01:20:36+00:00","mainEntityOfPage":{"@id":"https:\/\/www.pressenza.com\/pt-pt\/2020\/10\/organizacoes-sociais-exigem-respeito-a-independencia-judicial-na-colombia\/"},"wordCount":451,"publisher":{"@id":"https:\/\/www.pressenza.com\/pt-pt\/#organization"},"image":{"@id":"https:\/\/www.pressenza.com\/pt-pt\/2020\/10\/organizacoes-sociais-exigem-respeito-a-independencia-judicial-na-colombia\/#primaryimage"},"thumbnailUrl":"https:\/\/www.pressenza.com\/wp-content\/uploads\/2020\/10\/Justicia_01.png","keywords":["autoritarismo","Colombia","DDHH","Iv\u00e1n Duque","justi\u00e7a","organiza\u00e7\u00f5es sociais"],"articleSection":["\u00c1m\u00e9rica do Sul","Conte\u00fado Original","Direitos Humanos","Nota de imprensa"],"inLanguage":"pt-PT"},{"@type":"WebPage","@id":"https:\/\/www.pressenza.com\/pt-pt\/2020\/10\/organizacoes-sociais-exigem-respeito-a-independencia-judicial-na-colombia\/","url":"https:\/\/www.pressenza.com\/pt-pt\/2020\/10\/organizacoes-sociais-exigem-respeito-a-independencia-judicial-na-colombia\/","name":"Organiza\u00e7\u00f5es sociais exigem respeito \u00e0 independ\u00eancia judicial na Col\u00f4mbia","isPartOf":{"@id":"https:\/\/www.pressenza.com\/pt-pt\/#website"},"primaryImageOfPage":{"@id":"https:\/\/www.pressenza.com\/pt-pt\/2020\/10\/organizacoes-sociais-exigem-respeito-a-independencia-judicial-na-colombia\/#primaryimage"},"image":{"@id":"https:\/\/www.pressenza.com\/pt-pt\/2020\/10\/organizacoes-sociais-exigem-respeito-a-independencia-judicial-na-colombia\/#primaryimage"},"thumbnailUrl":"https:\/\/www.pressenza.com\/wp-content\/uploads\/2020\/10\/Justicia_01.png","datePublished":"2020-10-21T01:20:36+00:00","description":"787 organiza\u00e7\u00f5es e indiv\u00edduos assinam comunicado pela independ\u00eancia da Justi\u00e7a na Col\u00f4mbia &nbsp; Personalidades, organiza\u00e7\u00f5es nacionais e internacionais","breadcrumb":{"@id":"https:\/\/www.pressenza.com\/pt-pt\/2020\/10\/organizacoes-sociais-exigem-respeito-a-independencia-judicial-na-colombia\/#breadcrumb"},"inLanguage":"pt-PT","potentialAction":[{"@type":"ReadAction","target":["https:\/\/www.pressenza.com\/pt-pt\/2020\/10\/organizacoes-sociais-exigem-respeito-a-independencia-judicial-na-colombia\/"]}]},{"@type":"ImageObject","inLanguage":"pt-PT","@id":"https:\/\/www.pressenza.com\/pt-pt\/2020\/10\/organizacoes-sociais-exigem-respeito-a-independencia-judicial-na-colombia\/#primaryimage","url":"https:\/\/www.pressenza.com\/wp-content\/uploads\/2020\/10\/Justicia_01.png","contentUrl":"https:\/\/www.pressenza.com\/wp-content\/uploads\/2020\/10\/Justicia_01.png","width":800,"height":450,"caption":"Organizaciones exigen independencia en Colombia"},{"@type":"BreadcrumbList","@id":"https:\/\/www.pressenza.com\/pt-pt\/2020\/10\/organizacoes-sociais-exigem-respeito-a-independencia-judicial-na-colombia\/#breadcrumb","itemListElement":[{"@type":"ListItem","position":1,"name":"Accueil","item":"https:\/\/www.pressenza.com\/pt-pt\/"},{"@type":"ListItem","position":2,"name":"Organiza\u00e7\u00f5es sociais exigem respeito \u00e0 independ\u00eancia judicial na Col\u00f4mbia"}]},{"@type":"WebSite","@id":"https:\/\/www.pressenza.com\/pt-pt\/#website","url":"https:\/\/www.pressenza.com\/pt-pt\/","name":"Pressenza","description":"International Press Agency","publisher":{"@id":"https:\/\/www.pressenza.com\/pt-pt\/#organization"},"potentialAction":[{"@type":"SearchAction","target":{"@type":"EntryPoint","urlTemplate":"https:\/\/www.pressenza.com\/pt-pt\/?s={search_term_string}"},"query-input":{"@type":"PropertyValueSpecification","valueRequired":true,"valueName":"search_term_string"}}],"inLanguage":"pt-PT"},{"@type":"Organization","@id":"https:\/\/www.pressenza.com\/pt-pt\/#organization","name":"Pressenza","url":"https:\/\/www.pressenza.com\/pt-pt\/","logo":{"@type":"ImageObject","inLanguage":"pt-PT","@id":"https:\/\/www.pressenza.com\/pt-pt\/#\/schema\/logo\/image\/","url":"https:\/\/www.pressenza.com\/wp-content\/uploads\/2022\/10\/pressenza_logo_200x200.jpg","contentUrl":"https:\/\/www.pressenza.com\/wp-content\/uploads\/2022\/10\/pressenza_logo_200x200.jpg","width":200,"height":200,"caption":"Pressenza"},"image":{"@id":"https:\/\/www.pressenza.com\/pt-pt\/#\/schema\/logo\/image\/"},"sameAs":["https:\/\/www.facebook.com\/PressenzaItalia","https:\/\/x.com\/PressenzaIPA"]},{"@type":"Person","@id":"https:\/\/www.pressenza.com\/pt-pt\/#\/schema\/person\/7c8ee170a4502d638436c91e385315f2","name":"Redacci\u00f3n Colombia","description":"News published by the Pressenza bureau in Colombia","url":"https:\/\/www.pressenza.com\/pt-pt\/author\/redaccion-colombia\/"}]}},"place":"Bogot\u00e1","original_article_url":"","_links":{"self":[{"href":"https:\/\/www.pressenza.com\/pt-pt\/wp-json\/wp\/v2\/posts\/1221983","targetHints":{"allow":["GET"]}}],"collection":[{"href":"https:\/\/www.pressenza.com\/pt-pt\/wp-json\/wp\/v2\/posts"}],"about":[{"href":"https:\/\/www.pressenza.com\/pt-pt\/wp-json\/wp\/v2\/types\/post"}],"author":[{"embeddable":true,"href":"https:\/\/www.pressenza.com\/pt-pt\/wp-json\/wp\/v2\/users\/1053"}],"replies":[{"embeddable":true,"href":"https:\/\/www.pressenza.com\/pt-pt\/wp-json\/wp\/v2\/comments?post=1221983"}],"version-history":[{"count":0,"href":"https:\/\/www.pressenza.com\/pt-pt\/wp-json\/wp\/v2\/posts\/1221983\/revisions"}],"wp:featuredmedia":[{"embeddable":true,"href":"https:\/\/www.pressenza.com\/pt-pt\/wp-json\/wp\/v2\/media\/1218411"}],"wp:attachment":[{"href":"https:\/\/www.pressenza.com\/pt-pt\/wp-json\/wp\/v2\/media?parent=1221983"}],"wp:term":[{"taxonomy":"category","embeddable":true,"href":"https:\/\/www.pressenza.com\/pt-pt\/wp-json\/wp\/v2\/categories?post=1221983"},{"taxonomy":"post_tag","embeddable":true,"href":"https:\/\/www.pressenza.com\/pt-pt\/wp-json\/wp\/v2\/tags?post=1221983"}],"curies":[{"name":"wp","href":"https:\/\/api.w.org\/{rel}","templated":true}]}}