{"id":1218624,"date":"2020-10-16T22:27:09","date_gmt":"2020-10-16T21:27:09","guid":{"rendered":"https:\/\/www.pressenza.com\/?p=1218624"},"modified":"2020-10-16T22:27:09","modified_gmt":"2020-10-16T21:27:09","slug":"desagravo-a-tentativa-de-intimidac%cc%a7a%cc%83o-de-salles","status":"publish","type":"post","link":"https:\/\/www.pressenza.com\/pt-pt\/2020\/10\/desagravo-a-tentativa-de-intimidac%cc%a7a%cc%83o-de-salles\/","title":{"rendered":"Desagravo a\u0300 tentativa de intimidac\u0327a\u0303o de Salles"},"content":{"rendered":"<p><strong>88 organiza\u00e7\u00f5es ambientais, cient\u00edficas, jornal\u00edsticas, sociais e de direitos humanos divulgam nota de desagravo a Marcio Astrini, secret\u00e1rio-executivo do Observat\u00f3rio do Clima (OC), v\u00edtima de tentativa de intimida\u00e7\u00e3o pelo ministro do Meio Ambiente, Ricardo Salles, atrav\u00e9s da Advocacia Geral da Uni\u00e3o.<\/strong><\/p>\n<p>Recentemente, Salles recorreu \u00e0 Justi\u00e7a Federal para intimar Astrini, mobilizando dois advogados servidores p\u00fablicos da \u201cDivis\u00e3o de Atua\u00e7\u00e3o Estrat\u00e9gica\u201d da Advocacia Geral da Uni\u00e3o para uma interpela\u00e7\u00e3o judicial com pedido de explica\u00e7\u00f5es em ju\u00edzo contra o secret\u00e1rio-executivo do OC por declara\u00e7\u00f5es onde critica a fala do ministro de que o governo deveria aproveitar que a imprensa estava ocupada na cobertura da pandemia para ir \u201cpassando a boiada\u201d de mudan\u00e7as na legisla\u00e7\u00e3o ambiental.<\/p>\n<p>O Observat\u00f3rio do Clima \u00e9 uma das mais importantes organiza\u00e7\u00f5es n\u00e3o governamentais do meio ambiente no pa\u00eds, coaliz\u00e3o que re\u00fane 50 entidades como ISA (Instituto Socioambiental), Greenpeace, WWF, Amigos da Terra, Grupo de Trabalho Amaz\u00f4nico, Funda\u00e7\u00e3o Botic\u00e1rio, Imaflora, Imazon, Ipam, SOS Mata Atl\u00e2ntica, SOS Amaz\u00f4nia, Ip\u00ea, The Nature Conservacy, entre outras.<\/p>\n<p>Leia a nota na \u00edntegra:<\/p>\n<p style=\"padding-left: 40px;\"><strong>Nota de desagravo \u00e0 tentativa de intimida\u00e7\u00e3o pelo ministro Ricardo Salles ao secret\u00e1rio-executivo do Observat\u00f3rio do Clima, Marcio Astrini<\/strong><\/p>\n<p style=\"padding-left: 40px;\"><em>Os valores democr\u00e1ticos preveem liberdade de opini\u00e3o, imprensa livre e espa\u00e7os leg\u00edtimos para atua\u00e7\u00e3o de uma sociedade civil cr\u00edtica. A democracia \u00e9 condi\u00e7\u00e3o indispens\u00e1vel para que possamos defender o meio ambiente e toda forma de vida. Mas, ao que parece, para o ministro de Meio Ambiente Ricardo Salles a democracia \u00e9 um empecilho e aqueles que s\u00e3o cr\u00edticos \u00e0 sua atua\u00e7\u00e3o s\u00e3o vistos como inimigos.<\/em><\/p>\n<p style=\"padding-left: 40px;\"><em>Ricardo Salles recorreu \u00e0 Justi\u00e7a Federal, amparado por advogados da AGU, a fim de intimar o ambientalista Marcio Astrini, Secret\u00e1rio Executivo do Observat\u00f3rio do Clima, para dar explica\u00e7\u00f5es a respeito de uma entrevista concedida ao jornal \u201cO Globo\u201d em 25 de maio, na qual analisa a express\u00e3o usada por Salles na reuni\u00e3o ministerial de 22 de abril no Pal\u00e1cio do Planalto de \u201cpassar a boiada\u201d em meio a pandemia do coronav\u00edrus. A atitude de Salles amea\u00e7a a liberdade de atua\u00e7\u00e3o de toda a sociedade, que quer e deve ter voz ativa.<\/em><\/p>\n<p style=\"padding-left: 40px;\"><em>S\u00e3o as organiza\u00e7\u00f5es e seus representantes, como Astrini, que ajudam a proteger o patrim\u00f4nio ambiental brasileiro, seja denunciando atividades criminosas como desmatamentos ilegais e invas\u00f5es de terras p\u00fablicas, seja expondo o desmantelamento doloso de pol\u00edticas p\u00fablicas ambientais operado pelo Governo<\/em><br \/>\n<em>Bolsonaro. Um ministro de Estado de um pa\u00eds democr\u00e1tico deveria trabalhar todos os dias para garantir direitos a toda a popula\u00e7\u00e3o, de forma que as diferen\u00e7as entre n\u00f3s sejam pontes para tornar o Pa\u00eds mais justo.<\/em><\/p>\n<p style=\"padding-left: 40px;\"><em>Enquanto Salles busca utilizar o aparato do Estado para esconder sua pol\u00edtica antiambiental, a floresta queima, a transpar\u00eancia diminui, o espa\u00e7o democr\u00e1tico se encurta e a imagem do Brasil se desintegra internacionalmente. Sua atua\u00e7\u00e3o s\u00f3 demonstra que, como ministro, n\u00e3o est\u00e1 disposto a tomar qualquer tipo de a\u00e7\u00e3o efetiva para a prote\u00e7\u00e3o da Amaz\u00f4nia e dos demais biomas, e que n\u00e3o est\u00e1 \u00e0 altura do cargo que ocupa.<\/em><\/p>\n<p style=\"padding-left: 40px;\"><em>N\u00f3s queremos viver numa sociedade onde todas as pessoas sejam livres e respeitadas. Queremos um meio ambiente saud\u00e1vel, vida digna para as pessoas que vivem na floresta, no campo e na cidade. As organiza\u00e7\u00f5es que assinam repudiam a tentativa de intimida\u00e7\u00e3o ao ambientalista Marcio Astrini pelo ministro.<\/em><\/p>\n<p style=\"padding-left: 40px;\"><em>Salles pode tentar, mas n\u00e3o conseguir\u00e1 calar a voz dos brasileiros que defendem um Brasil melhor.<\/em><\/p>\n<p>&nbsp;<\/p>\n<p><strong>Assinam<\/strong> <strong>Organiza\u00e7\u00f5es da Sociedade Civil:<\/strong><\/p>\n<p>350.org | 7OurWorld | ABECO \u2013 Associa\u00e7\u00e3o Brasileira de Ci\u00eancia Ecol\u00f3gica e Conserva\u00e7\u00e3o | ABI \u2013 Associa\u00e7\u00e3o Brasileira de Imprensa | ABRA \u2013 Associa\u00e7\u00e3o C\u00f3rrego Barriguda e Cabeceiras do Rio das Almas | ABRAJI \u2013 Associa\u00e7\u00e3o Brasileira de Jornalismo Investigativo | A\u00e7\u00e3o Educativa | Agapan \u2013 Associa\u00e7\u00e3o Ga\u00facha de Prote\u00e7\u00e3o ao Ambiente Natural | Amazon Watch | Amigos da Terra \u2013 Amaz\u00f4nia Brasileira | Associa\u00e7\u00e3o Alternativa Terrazul | Associa\u00e7\u00e3o Amigos de Iracambi | Associa\u00e7\u00e3o Civil Projeto Hospitais Saud\u00e1veis | Associa\u00e7\u00e3o Cunhambebe da Ilha Anchieta | APREMAVI \u2013 Associa\u00e7\u00e3o de Preserva\u00e7\u00e3o do Meio Ambiente e da Vida | Associa\u00e7\u00e3o Ecol\u00f3gica For\u00e7a Verde | Associa\u00e7\u00e3o Eunice Weaver do Paran\u00e1 | C\u00e1tedra UNESCO para Sustentabilidade do Oceano | CBJP \u2013 Comiss\u00e3o Brasileira Justi\u00e7a e Paz da CNBB | CEMADEN | Cientistas Engajados | Coaliz\u00e3o Ci\u00eancia e Sociedade | Cocar C\u00edrculo de Conversa | Comiss\u00e3o Socioambiental da Diocese de S\u00e3o Jos\u00e9 dos Campos | Conectas Direitos Humanos | Crescente F\u00e9rtil | Elo RJ Rede de Mulheres Ambientalistas da Am\u00e9rica Latina | Engajamundo | FASE \u2013 Solidariedade e Educa\u00e7\u00e3o | Fridays For Future Brasil | Funda\u00e7\u00e3o Avina | Funda\u00e7\u00e3o Grupo Esquel Brasil | Funda\u00e7\u00e3o SOS Mata Atl\u00e2ntica | Associa\u00e7\u00e3o Civil Projeto Hospitais Saud\u00e1veis | Greenpeace Brasil | Grupo A\u00e7\u00e3o Ecol\u00f3gica (GAE) \u2013 Rio de Janeiro | Grupo Gaia | Idesam | IEB \u2013 Instituto Internacional de Educa\u00e7\u00e3o do Brasil | Iep\u00e9 \u2013 Instituto de Pesquisa e Forma\u00e7\u00e3o Indigena | IMAFLORA \u2013 Instituto de Manejo e Certifica\u00e7\u00e3o Florestal e Agr\u00edcola | Indigenistas Associados (INA) | INESC | ING \u2013 Instituto os Guardi\u00f5es da Natureza | ICV \u2013 Instituto Centro de Vida | Instituto Cidades Sustent\u00e1veis | Instituto Climainfo | IDS \u2013 Instituto Democracia e Sustentabilidade | Imazon \u2013 Instituto do Homem e Meio Ambiente da Amaz\u00f4nia | Instituto Envolverde | Instituto Escolhas | Instituto Ethos de Empresas e Responsabilidade Social | Instituto H\u00f3rus de Desenvolvimento e Conserva\u00e7\u00e3o Ambiental | Instituto Igarap\u00e9 | Instituto MIRA-SERRA | Instituto Nossa Ilh\u00e9us | Instituto Orbis de Prote\u00e7\u00e3o e Conserva\u00e7\u00e3o da Natureza | Instituto Pro Bono | Instituto Socioambiental | Instituto Talanoa | IPAM \u2013 Instituto de Pesquisa Ambiental da Amaz\u00f4nia | IP\u00ca \u2013 Instituto de Pesquisas Ecol\u00f3gicas | Mater Natura \u2013 Instituto de Estudos Ambientais | MDPS Movimento Defesa Porto Seguro | MOVE Social | Movimento Ba\u00eda Viva (Rio de Janeiro) | Movimento dos Trabalhadores sem Terra \u2013 MST | DV \u2013 Movimento em Defesa da Vida | Nextt49+ | N\u00facleo de Estudos em Manguezais \u2013 UERJ | N\u00facleo S\u00f3cio Ambiental Ara\u00e7\u00e1-piranga | Observat\u00f3rio de Justi\u00e7a Ecol\u00f3gica \u2013 UFSC | Ocupa Pol\u00edtica | OPA Organiza\u00e7\u00e3o Popular | Opera\u00e7\u00e3o Amaz\u00f4nia Nativa | Oxfam Brasil | Plataforma Brasileira de Biodiversidade e Servi\u00e7os Ecossist\u00eamicos\/BPBES | Projeto Sa\u00fade e Alegria | RCA \u2013 Rede de Coopera\u00e7\u00e3o Amaz\u00f4nica | RAN \u2013 Rainforest Action Network | REDE GTA | SAPI Sociedade Amigos por Ita\u00fanas | SCM \u2013 IDSM | SPVS \u2013 Sociedade de Pesquisa em Vida Selvagem e Educa\u00e7\u00e3o Ambiental | Swiss Indigenous Network | Toxisphera Associa\u00e7\u00e3o de Sa\u00fade Ambiental | Uma Gota No Oceano | WWF-Brasil | Pessoas F\u00edsicas\/Academia: | Aluisio de Oliveira | Andr\u00e9 de Camargo Guaraldo | Andrea Santarosa Freire \u2013 UFSC | Angelo Jos\u00e9 Rodrigues Lima | Benedicto de Campos Vidal | Bruno Machado Carneiro | Carlos Alfredo Joly | Carlos Eduardo L Ferreira \u2013 Coaliz\u00e3o Ci\u00eancia e Sociedade | Carlos Frederico D. Rocha \u2013 Coaliz\u00e3o Ci\u00eancia e Sociedade | Carlos Frederico Martins Menck \u2013 ICB\/USP | Carlos R. S. Milani \u2013 Professor\/UERJ e Pesquisador 1-B\/CNPq | Cledir Mendes Soares | Clovis Cavalcanti | Cristiana Sim\u00e3o Seixas \u2013 LEME\/NEPAM\/UNICAMP | Cristina Adams \u2013 Coaliz\u00e3o Ci\u00eancia e Sociedade | Daniel Yoshida | Daniela Gomes Pinto | Denise Helena Silva Duarte \u2013 Universidade de S\u00e3o Paulo | Eleonore Zulnara Freire Setz | Elizabeth Bilsland \u2013 Unicamp | Eneida de Paula \u2013 Unicamp | Erika Berenguer \u2013 University of Oxford | Fernando Fernandez \u2013 UFRJ \/ Coaliz\u00e3o Ci\u00eancia e Sociedade | Filipe Chaves \u2013 NEMA\/UERJ | Fl\u00e1vio Montiel | Francisca Soares de Araujo \u2013 Coaliz\u00e3o Ci\u00eancia e Sociedade | Gabriela Marques Di Giulio \u2013 USP e Coaliz\u00e3o Ci\u00eancia e Sociedade | Gustavo Quevedo Romero \u2013 Unicamp | Helena Bergallo \u2013 Programa de Pesquisa em Biodiversidade da Mata Atl\u00e2ntica | -PPBioMA | Helena Godoy \u2013 UERJ | \u00cdtalo Braga de Castro \u2013 Universidade Federal de S\u00e3o Paulo | Jacqueline Guerreiro \u2013 GEEMA \u2013 Grupo de Estudos em Educa\u00e7\u00e3o e Meio Ambiente | Jos\u00e9 Alexandre Felizola Diniz Filho \u2013 Coaliz\u00e3o Ci\u00eancia &amp; Sociedade | Jo\u00e3o Alfredo \u2013 Presidente da Comiss\u00e3o de Direito Ambiental da OAB\/CE | Jos\u00e9 Sabino \u2013 Coaliz\u00e3o Ci\u00eancia e Sociedade | Lilian Ricco Medeiros \u2013 Unicamp | Luciana Matos | Ludmilla Aguiar \u2013 Coaliz\u00e3o Ci\u00eancia e Sociedade | Magali de F\u00e1tima Monteiro \u2013 Universidade Estadual do Norte do Paran\u00e1 | Manoela Imamura Hernandez | Marcia C M Marques \u2013 Laborat\u00f3rio de Ecologia Vegetal \u2013 UFPR | Marcos Sorrentino \u2013 Oca\/Esalq\/USP | Margareth Copertino \u2013 Coaliz\u00e3o Ci\u00eancia &amp; Sociedade | Maria Teresa Fernandez Piedade \u2013 Coaliz\u00e3o Ci\u00eancia e Sociedade | M\u00e1rio Soares \u2013 N\u00facleo de Estudos em Manguezais \u2013 UERJ | Mercedes Bustamante \u2013 Coaliz\u00e3o Ci\u00eancia e Sociedade, Universidade de Bras\u00edlia | Michel Vincentz | Michele Dechoum \u2013 Coaliz\u00e3o Ci\u00eancia &amp; Sociedade\/ Universidade Federal de Santa | Catarina | Neidis Matos \u2013 GEEMA- Grupo de Estudos em Educa\u00e7\u00e3o e Meio Ambiente | Paula Costa Montenegro Guimaraes | Pedro Bernardes J\u00fanior | Pedro Eduardo Gra\u00e7a Aranha | Rafael Schiavo | Regina Scarcello | Ricardo Abramovay | Ricardo Ribeiro Rodrigues \u2013 LERF\/LCB\/ESALQ\/USP | Robson da Silva Moreno \u2013 UFABC | Ronaldo Bastos Francini Filho \u2013 CEBIMAR USP | Silvio Lancellotti | Simone Aparecida Vieira \u2013 UNICAMP | Sonia Bitencourt | Suzana Padua | Tatiana Maria Cecy Gadda \u2013 Coaliz\u00e3o Ci\u00eancia e Sociedade | Thomas Lewinsohn \u2013 Unicamp \/ Coaliz\u00e3o Ci\u00eancia &amp; Sociedade | Wellington Nogueira<\/p>\n<p>&nbsp;<\/p>\n","protected":false},"excerpt":{"rendered":"<p>88 organiza\u00e7\u00f5es ambientais, cient\u00edficas, jornal\u00edsticas, sociais e de direitos humanos divulgam nota de desagravo a Marcio Astrini, secret\u00e1rio-executivo do Observat\u00f3rio do Clima (OC), v\u00edtima de tentativa de intimida\u00e7\u00e3o pelo ministro do Meio Ambiente, Ricardo Salles, atrav\u00e9s da Advocacia Geral da&hellip;<\/p>\n","protected":false},"author":1225,"featured_media":1218645,"comment_status":"closed","ping_status":"closed","sticky":false,"template":"","format":"standard","meta":{"footnotes":""},"categories":[104,115],"tags":[82030,62923,82825,68917],"class_list":["post-1218624","post","type-post","status-publish","format-standard","has-post-thumbnail","hentry","category-america-do-sul","category-ecologia-e-meio-ambiente","tag-boiada","tag-observatorio-do-clima","tag-oc","tag-salles"],"yoast_head":"<!-- This site is optimized with the Yoast SEO plugin v27.1.1 - https:\/\/yoast.com\/product\/yoast-seo-wordpress\/ -->\n<title>Desagravo a\u0300 tentativa de intimidac\u0327a\u0303o de Salles<\/title>\n<meta name=\"description\" content=\"88 organiza\u00e7\u00f5es ambientais, cient\u00edficas, jornal\u00edsticas, sociais e de direitos humanos divulgam nota de desagravo a Marcio Astrini, secret\u00e1rio-executivo do\" \/>\n<meta name=\"robots\" content=\"index, follow, max-snippet:-1, max-image-preview:large, max-video-preview:-1\" \/>\n<link rel=\"canonical\" href=\"https:\/\/www.pressenza.com\/pt-pt\/2020\/10\/desagravo-a-tentativa-de-intimidac%cc%a7a%cc%83o-de-salles\/\" \/>\n<meta property=\"og:locale\" content=\"pt_PT\" \/>\n<meta property=\"og:type\" content=\"article\" \/>\n<meta property=\"og:title\" content=\"Desagravo a\u0300 tentativa de intimidac\u0327a\u0303o de Salles\" \/>\n<meta property=\"og:description\" content=\"88 organiza\u00e7\u00f5es ambientais, cient\u00edficas, jornal\u00edsticas, sociais e de direitos humanos divulgam nota de desagravo a Marcio Astrini, secret\u00e1rio-executivo do\" \/>\n<meta property=\"og:url\" content=\"https:\/\/www.pressenza.com\/pt-pt\/2020\/10\/desagravo-a-tentativa-de-intimidac%cc%a7a%cc%83o-de-salles\/\" \/>\n<meta property=\"og:site_name\" content=\"Pressenza\" \/>\n<meta property=\"article:publisher\" content=\"https:\/\/www.facebook.com\/PressenzaItalia\" \/>\n<meta property=\"article:author\" content=\"https:\/\/www.facebook.com\/MidiaNINJA\/\" \/>\n<meta property=\"article:published_time\" content=\"2020-10-16T21:27:09+00:00\" \/>\n<meta property=\"og:image\" content=\"https:\/\/www.pressenza.com\/wp-content\/uploads\/2020\/10\/Marcio-Astrini-Ovservato\u0301rio-do-Clima-Reproduc\u0327a\u0303o.jpeg\" \/>\n\t<meta property=\"og:image:width\" content=\"1024\" \/>\n\t<meta property=\"og:image:height\" content=\"576\" \/>\n\t<meta property=\"og:image:type\" content=\"image\/jpeg\" \/>\n<meta name=\"author\" content=\"M\u00eddia NINJA\" \/>\n<meta name=\"twitter:card\" content=\"summary_large_image\" \/>\n<meta name=\"twitter:creator\" content=\"@PressenzaIPA\" \/>\n<meta name=\"twitter:site\" content=\"@PressenzaIPA\" \/>\n<meta name=\"twitter:label1\" content=\"Escrito por\" \/>\n\t<meta name=\"twitter:data1\" content=\"M\u00eddia NINJA\" \/>\n\t<meta name=\"twitter:label2\" content=\"Tempo estimado de leitura\" \/>\n\t<meta name=\"twitter:data2\" content=\"8 minutos\" \/>\n<script type=\"application\/ld+json\" class=\"yoast-schema-graph\">{\"@context\":\"https:\/\/schema.org\",\"@graph\":[{\"@type\":\"Article\",\"@id\":\"https:\/\/www.pressenza.com\/pt-pt\/2020\/10\/desagravo-a-tentativa-de-intimidac%cc%a7a%cc%83o-de-salles\/#article\",\"isPartOf\":{\"@id\":\"https:\/\/www.pressenza.com\/pt-pt\/2020\/10\/desagravo-a-tentativa-de-intimidac%cc%a7a%cc%83o-de-salles\/\"},\"author\":{\"name\":\"M\u00eddia NINJA\",\"@id\":\"https:\/\/www.pressenza.com\/pt-pt\/#\/schema\/person\/61b235dea98d4f5f651cc1bd138a88bf\"},\"headline\":\"Desagravo a\u0300 tentativa de intimidac\u0327a\u0303o de Salles\",\"datePublished\":\"2020-10-16T21:27:09+00:00\",\"mainEntityOfPage\":{\"@id\":\"https:\/\/www.pressenza.com\/pt-pt\/2020\/10\/desagravo-a-tentativa-de-intimidac%cc%a7a%cc%83o-de-salles\/\"},\"wordCount\":1511,\"publisher\":{\"@id\":\"https:\/\/www.pressenza.com\/pt-pt\/#organization\"},\"image\":{\"@id\":\"https:\/\/www.pressenza.com\/pt-pt\/2020\/10\/desagravo-a-tentativa-de-intimidac%cc%a7a%cc%83o-de-salles\/#primaryimage\"},\"thumbnailUrl\":\"https:\/\/www.pressenza.com\/wp-content\/uploads\/2020\/10\/Marcio-Astrini-Ovservato\u0301rio-do-Clima-Reproduc\u0327a\u0303o.jpeg\",\"keywords\":[\"boiada\",\"Observat\u00f3rio do Clima\",\"OC\",\"Salles\"],\"articleSection\":[\"\u00c1m\u00e9rica do Sul\",\"Ecologia e Meio Ambiente\"],\"inLanguage\":\"pt-PT\"},{\"@type\":\"WebPage\",\"@id\":\"https:\/\/www.pressenza.com\/pt-pt\/2020\/10\/desagravo-a-tentativa-de-intimidac%cc%a7a%cc%83o-de-salles\/\",\"url\":\"https:\/\/www.pressenza.com\/pt-pt\/2020\/10\/desagravo-a-tentativa-de-intimidac%cc%a7a%cc%83o-de-salles\/\",\"name\":\"Desagravo a\u0300 tentativa de intimidac\u0327a\u0303o de Salles\",\"isPartOf\":{\"@id\":\"https:\/\/www.pressenza.com\/pt-pt\/#website\"},\"primaryImageOfPage\":{\"@id\":\"https:\/\/www.pressenza.com\/pt-pt\/2020\/10\/desagravo-a-tentativa-de-intimidac%cc%a7a%cc%83o-de-salles\/#primaryimage\"},\"image\":{\"@id\":\"https:\/\/www.pressenza.com\/pt-pt\/2020\/10\/desagravo-a-tentativa-de-intimidac%cc%a7a%cc%83o-de-salles\/#primaryimage\"},\"thumbnailUrl\":\"https:\/\/www.pressenza.com\/wp-content\/uploads\/2020\/10\/Marcio-Astrini-Ovservato\u0301rio-do-Clima-Reproduc\u0327a\u0303o.jpeg\",\"datePublished\":\"2020-10-16T21:27:09+00:00\",\"description\":\"88 organiza\u00e7\u00f5es ambientais, cient\u00edficas, jornal\u00edsticas, sociais e de direitos humanos divulgam nota de desagravo a Marcio Astrini, secret\u00e1rio-executivo do\",\"breadcrumb\":{\"@id\":\"https:\/\/www.pressenza.com\/pt-pt\/2020\/10\/desagravo-a-tentativa-de-intimidac%cc%a7a%cc%83o-de-salles\/#breadcrumb\"},\"inLanguage\":\"pt-PT\",\"potentialAction\":[{\"@type\":\"ReadAction\",\"target\":[\"https:\/\/www.pressenza.com\/pt-pt\/2020\/10\/desagravo-a-tentativa-de-intimidac%cc%a7a%cc%83o-de-salles\/\"]}]},{\"@type\":\"ImageObject\",\"inLanguage\":\"pt-PT\",\"@id\":\"https:\/\/www.pressenza.com\/pt-pt\/2020\/10\/desagravo-a-tentativa-de-intimidac%cc%a7a%cc%83o-de-salles\/#primaryimage\",\"url\":\"https:\/\/www.pressenza.com\/wp-content\/uploads\/2020\/10\/Marcio-Astrini-Ovservato\u0301rio-do-Clima-Reproduc\u0327a\u0303o.jpeg\",\"contentUrl\":\"https:\/\/www.pressenza.com\/wp-content\/uploads\/2020\/10\/Marcio-Astrini-Ovservato\u0301rio-do-Clima-Reproduc\u0327a\u0303o.jpeg\",\"width\":1024,\"height\":576},{\"@type\":\"BreadcrumbList\",\"@id\":\"https:\/\/www.pressenza.com\/pt-pt\/2020\/10\/desagravo-a-tentativa-de-intimidac%cc%a7a%cc%83o-de-salles\/#breadcrumb\",\"itemListElement\":[{\"@type\":\"ListItem\",\"position\":1,\"name\":\"Accueil\",\"item\":\"https:\/\/www.pressenza.com\/pt-pt\/\"},{\"@type\":\"ListItem\",\"position\":2,\"name\":\"Desagravo a\u0300 tentativa de intimidac\u0327a\u0303o de Salles\"}]},{\"@type\":\"WebSite\",\"@id\":\"https:\/\/www.pressenza.com\/pt-pt\/#website\",\"url\":\"https:\/\/www.pressenza.com\/pt-pt\/\",\"name\":\"Pressenza\",\"description\":\"International Press Agency\",\"publisher\":{\"@id\":\"https:\/\/www.pressenza.com\/pt-pt\/#organization\"},\"potentialAction\":[{\"@type\":\"SearchAction\",\"target\":{\"@type\":\"EntryPoint\",\"urlTemplate\":\"https:\/\/www.pressenza.com\/pt-pt\/?s={search_term_string}\"},\"query-input\":{\"@type\":\"PropertyValueSpecification\",\"valueRequired\":true,\"valueName\":\"search_term_string\"}}],\"inLanguage\":\"pt-PT\"},{\"@type\":\"Organization\",\"@id\":\"https:\/\/www.pressenza.com\/pt-pt\/#organization\",\"name\":\"Pressenza\",\"url\":\"https:\/\/www.pressenza.com\/pt-pt\/\",\"logo\":{\"@type\":\"ImageObject\",\"inLanguage\":\"pt-PT\",\"@id\":\"https:\/\/www.pressenza.com\/pt-pt\/#\/schema\/logo\/image\/\",\"url\":\"https:\/\/www.pressenza.com\/wp-content\/uploads\/2022\/10\/pressenza_logo_200x200.jpg\",\"contentUrl\":\"https:\/\/www.pressenza.com\/wp-content\/uploads\/2022\/10\/pressenza_logo_200x200.jpg\",\"width\":200,\"height\":200,\"caption\":\"Pressenza\"},\"image\":{\"@id\":\"https:\/\/www.pressenza.com\/pt-pt\/#\/schema\/logo\/image\/\"},\"sameAs\":[\"https:\/\/www.facebook.com\/PressenzaItalia\",\"https:\/\/x.com\/PressenzaIPA\"]},{\"@type\":\"Person\",\"@id\":\"https:\/\/www.pressenza.com\/pt-pt\/#\/schema\/person\/61b235dea98d4f5f651cc1bd138a88bf\",\"name\":\"M\u00eddia NINJA\",\"description\":\"Narrativas independentes, jornalismo e a\u00e7\u00e3o. Uma rede de comunicadores que produzem e distribuem informa\u00e7\u00f5es sobre o movimento, atuando e comunicando. https:\/\/midianinja.org\/\",\"sameAs\":[\"https:\/\/midianinja.org\/\",\"https:\/\/www.facebook.com\/MidiaNINJA\/\"],\"url\":\"https:\/\/www.pressenza.com\/pt-pt\/author\/media-ninja\/\"}]}<\/script>\n<!-- \/ Yoast SEO plugin. -->","yoast_head_json":{"title":"Desagravo a\u0300 tentativa de intimidac\u0327a\u0303o de Salles","description":"88 organiza\u00e7\u00f5es ambientais, cient\u00edficas, jornal\u00edsticas, sociais e de direitos humanos divulgam nota de desagravo a Marcio Astrini, secret\u00e1rio-executivo do","robots":{"index":"index","follow":"follow","max-snippet":"max-snippet:-1","max-image-preview":"max-image-preview:large","max-video-preview":"max-video-preview:-1"},"canonical":"https:\/\/www.pressenza.com\/pt-pt\/2020\/10\/desagravo-a-tentativa-de-intimidac%cc%a7a%cc%83o-de-salles\/","og_locale":"pt_PT","og_type":"article","og_title":"Desagravo a\u0300 tentativa de intimidac\u0327a\u0303o de Salles","og_description":"88 organiza\u00e7\u00f5es ambientais, cient\u00edficas, jornal\u00edsticas, sociais e de direitos humanos divulgam nota de desagravo a Marcio Astrini, secret\u00e1rio-executivo do","og_url":"https:\/\/www.pressenza.com\/pt-pt\/2020\/10\/desagravo-a-tentativa-de-intimidac%cc%a7a%cc%83o-de-salles\/","og_site_name":"Pressenza","article_publisher":"https:\/\/www.facebook.com\/PressenzaItalia","article_author":"https:\/\/www.facebook.com\/MidiaNINJA\/","article_published_time":"2020-10-16T21:27:09+00:00","og_image":[{"width":1024,"height":576,"url":"https:\/\/www.pressenza.com\/wp-content\/uploads\/2020\/10\/Marcio-Astrini-Ovservato\u0301rio-do-Clima-Reproduc\u0327a\u0303o.jpeg","type":"image\/jpeg"}],"author":"M\u00eddia NINJA","twitter_card":"summary_large_image","twitter_creator":"@PressenzaIPA","twitter_site":"@PressenzaIPA","twitter_misc":{"Escrito por":"M\u00eddia NINJA","Tempo estimado de leitura":"8 minutos"},"schema":{"@context":"https:\/\/schema.org","@graph":[{"@type":"Article","@id":"https:\/\/www.pressenza.com\/pt-pt\/2020\/10\/desagravo-a-tentativa-de-intimidac%cc%a7a%cc%83o-de-salles\/#article","isPartOf":{"@id":"https:\/\/www.pressenza.com\/pt-pt\/2020\/10\/desagravo-a-tentativa-de-intimidac%cc%a7a%cc%83o-de-salles\/"},"author":{"name":"M\u00eddia NINJA","@id":"https:\/\/www.pressenza.com\/pt-pt\/#\/schema\/person\/61b235dea98d4f5f651cc1bd138a88bf"},"headline":"Desagravo a\u0300 tentativa de intimidac\u0327a\u0303o de Salles","datePublished":"2020-10-16T21:27:09+00:00","mainEntityOfPage":{"@id":"https:\/\/www.pressenza.com\/pt-pt\/2020\/10\/desagravo-a-tentativa-de-intimidac%cc%a7a%cc%83o-de-salles\/"},"wordCount":1511,"publisher":{"@id":"https:\/\/www.pressenza.com\/pt-pt\/#organization"},"image":{"@id":"https:\/\/www.pressenza.com\/pt-pt\/2020\/10\/desagravo-a-tentativa-de-intimidac%cc%a7a%cc%83o-de-salles\/#primaryimage"},"thumbnailUrl":"https:\/\/www.pressenza.com\/wp-content\/uploads\/2020\/10\/Marcio-Astrini-Ovservato\u0301rio-do-Clima-Reproduc\u0327a\u0303o.jpeg","keywords":["boiada","Observat\u00f3rio do Clima","OC","Salles"],"articleSection":["\u00c1m\u00e9rica do Sul","Ecologia e Meio Ambiente"],"inLanguage":"pt-PT"},{"@type":"WebPage","@id":"https:\/\/www.pressenza.com\/pt-pt\/2020\/10\/desagravo-a-tentativa-de-intimidac%cc%a7a%cc%83o-de-salles\/","url":"https:\/\/www.pressenza.com\/pt-pt\/2020\/10\/desagravo-a-tentativa-de-intimidac%cc%a7a%cc%83o-de-salles\/","name":"Desagravo a\u0300 tentativa de intimidac\u0327a\u0303o de Salles","isPartOf":{"@id":"https:\/\/www.pressenza.com\/pt-pt\/#website"},"primaryImageOfPage":{"@id":"https:\/\/www.pressenza.com\/pt-pt\/2020\/10\/desagravo-a-tentativa-de-intimidac%cc%a7a%cc%83o-de-salles\/#primaryimage"},"image":{"@id":"https:\/\/www.pressenza.com\/pt-pt\/2020\/10\/desagravo-a-tentativa-de-intimidac%cc%a7a%cc%83o-de-salles\/#primaryimage"},"thumbnailUrl":"https:\/\/www.pressenza.com\/wp-content\/uploads\/2020\/10\/Marcio-Astrini-Ovservato\u0301rio-do-Clima-Reproduc\u0327a\u0303o.jpeg","datePublished":"2020-10-16T21:27:09+00:00","description":"88 organiza\u00e7\u00f5es ambientais, cient\u00edficas, jornal\u00edsticas, sociais e de direitos humanos divulgam nota de desagravo a Marcio Astrini, secret\u00e1rio-executivo do","breadcrumb":{"@id":"https:\/\/www.pressenza.com\/pt-pt\/2020\/10\/desagravo-a-tentativa-de-intimidac%cc%a7a%cc%83o-de-salles\/#breadcrumb"},"inLanguage":"pt-PT","potentialAction":[{"@type":"ReadAction","target":["https:\/\/www.pressenza.com\/pt-pt\/2020\/10\/desagravo-a-tentativa-de-intimidac%cc%a7a%cc%83o-de-salles\/"]}]},{"@type":"ImageObject","inLanguage":"pt-PT","@id":"https:\/\/www.pressenza.com\/pt-pt\/2020\/10\/desagravo-a-tentativa-de-intimidac%cc%a7a%cc%83o-de-salles\/#primaryimage","url":"https:\/\/www.pressenza.com\/wp-content\/uploads\/2020\/10\/Marcio-Astrini-Ovservato\u0301rio-do-Clima-Reproduc\u0327a\u0303o.jpeg","contentUrl":"https:\/\/www.pressenza.com\/wp-content\/uploads\/2020\/10\/Marcio-Astrini-Ovservato\u0301rio-do-Clima-Reproduc\u0327a\u0303o.jpeg","width":1024,"height":576},{"@type":"BreadcrumbList","@id":"https:\/\/www.pressenza.com\/pt-pt\/2020\/10\/desagravo-a-tentativa-de-intimidac%cc%a7a%cc%83o-de-salles\/#breadcrumb","itemListElement":[{"@type":"ListItem","position":1,"name":"Accueil","item":"https:\/\/www.pressenza.com\/pt-pt\/"},{"@type":"ListItem","position":2,"name":"Desagravo a\u0300 tentativa de intimidac\u0327a\u0303o de Salles"}]},{"@type":"WebSite","@id":"https:\/\/www.pressenza.com\/pt-pt\/#website","url":"https:\/\/www.pressenza.com\/pt-pt\/","name":"Pressenza","description":"International Press Agency","publisher":{"@id":"https:\/\/www.pressenza.com\/pt-pt\/#organization"},"potentialAction":[{"@type":"SearchAction","target":{"@type":"EntryPoint","urlTemplate":"https:\/\/www.pressenza.com\/pt-pt\/?s={search_term_string}"},"query-input":{"@type":"PropertyValueSpecification","valueRequired":true,"valueName":"search_term_string"}}],"inLanguage":"pt-PT"},{"@type":"Organization","@id":"https:\/\/www.pressenza.com\/pt-pt\/#organization","name":"Pressenza","url":"https:\/\/www.pressenza.com\/pt-pt\/","logo":{"@type":"ImageObject","inLanguage":"pt-PT","@id":"https:\/\/www.pressenza.com\/pt-pt\/#\/schema\/logo\/image\/","url":"https:\/\/www.pressenza.com\/wp-content\/uploads\/2022\/10\/pressenza_logo_200x200.jpg","contentUrl":"https:\/\/www.pressenza.com\/wp-content\/uploads\/2022\/10\/pressenza_logo_200x200.jpg","width":200,"height":200,"caption":"Pressenza"},"image":{"@id":"https:\/\/www.pressenza.com\/pt-pt\/#\/schema\/logo\/image\/"},"sameAs":["https:\/\/www.facebook.com\/PressenzaItalia","https:\/\/x.com\/PressenzaIPA"]},{"@type":"Person","@id":"https:\/\/www.pressenza.com\/pt-pt\/#\/schema\/person\/61b235dea98d4f5f651cc1bd138a88bf","name":"M\u00eddia NINJA","description":"Narrativas independentes, jornalismo e a\u00e7\u00e3o. Uma rede de comunicadores que produzem e distribuem informa\u00e7\u00f5es sobre o movimento, atuando e comunicando. https:\/\/midianinja.org\/","sameAs":["https:\/\/midianinja.org\/","https:\/\/www.facebook.com\/MidiaNINJA\/"],"url":"https:\/\/www.pressenza.com\/pt-pt\/author\/media-ninja\/"}]}},"place":"S\u00e3o Paulo, Brasil","original_article_url":"https:\/\/midianinja.org\/news\/88-organizacoes-divulgam-nota-de-desagravo-a-tentativa-de-intimidac%cc%a7a%cc%83o-de-salles-ao-secretario-executivo-do-observatorio-do-clima\/","_links":{"self":[{"href":"https:\/\/www.pressenza.com\/pt-pt\/wp-json\/wp\/v2\/posts\/1218624","targetHints":{"allow":["GET"]}}],"collection":[{"href":"https:\/\/www.pressenza.com\/pt-pt\/wp-json\/wp\/v2\/posts"}],"about":[{"href":"https:\/\/www.pressenza.com\/pt-pt\/wp-json\/wp\/v2\/types\/post"}],"author":[{"embeddable":true,"href":"https:\/\/www.pressenza.com\/pt-pt\/wp-json\/wp\/v2\/users\/1225"}],"replies":[{"embeddable":true,"href":"https:\/\/www.pressenza.com\/pt-pt\/wp-json\/wp\/v2\/comments?post=1218624"}],"version-history":[{"count":0,"href":"https:\/\/www.pressenza.com\/pt-pt\/wp-json\/wp\/v2\/posts\/1218624\/revisions"}],"wp:featuredmedia":[{"embeddable":true,"href":"https:\/\/www.pressenza.com\/pt-pt\/wp-json\/wp\/v2\/media\/1218645"}],"wp:attachment":[{"href":"https:\/\/www.pressenza.com\/pt-pt\/wp-json\/wp\/v2\/media?parent=1218624"}],"wp:term":[{"taxonomy":"category","embeddable":true,"href":"https:\/\/www.pressenza.com\/pt-pt\/wp-json\/wp\/v2\/categories?post=1218624"},{"taxonomy":"post_tag","embeddable":true,"href":"https:\/\/www.pressenza.com\/pt-pt\/wp-json\/wp\/v2\/tags?post=1218624"}],"curies":[{"name":"wp","href":"https:\/\/api.w.org\/{rel}","templated":true}]}}