{"id":1214562,"date":"2020-10-11T03:50:23","date_gmt":"2020-10-11T02:50:23","guid":{"rendered":"https:\/\/www.pressenza.com\/?p=1214562"},"modified":"2020-10-10T22:59:37","modified_gmt":"2020-10-10T21:59:37","slug":"a-sala-do-parque-hudson-valley","status":"publish","type":"post","link":"https:\/\/www.pressenza.com\/pt-pt\/2020\/10\/a-sala-do-parque-hudson-valley\/","title":{"rendered":"A Sala do Parque Hudson Valley"},"content":{"rendered":"<h5><span style=\"color: #999999;\">POEMA<\/span><\/h5>\n<p>&nbsp;<\/p>\n<p>&nbsp;<\/p>\n<p><em>Por<\/em><strong><em> Mois\u00e9sValdebenito \/ <\/em><em>A Mensagem de Silo<\/em><\/strong><\/p>\n<p>&nbsp;<\/p>\n<p>Desde o come\u00e7o<\/p>\n<p>A semiesfera cuidou da vida<\/p>\n<p>A caverna, seu manto de pedra e o fogo protetor<\/p>\n<p>A V\u00eanus materna e seu canto de amor.<\/p>\n<p>&nbsp;<\/p>\n<p>Uma inten\u00e7\u00e3o viaja no tempo<\/p>\n<p>E agora, voamos num Intento Maior<\/p>\n<p>Pedimos e votamos<\/p>\n<p>Votamos e pedimos<\/p>\n<p>Com isso, uma alegre f\u00e9<\/p>\n<p>Cresce dentro de n\u00f3s<\/p>\n<p>&nbsp;<\/p>\n<p>A Sala de Medita\u00e7\u00e3o do Vale do Hudson<\/p>\n<p>Vazia como o sil\u00eancio&#8230;C\u00e1lida como a vida&#8230;<\/p>\n<p>&nbsp;<\/p>\n<p>Aberta a todas as Ra\u00e7as, Culturas e Cren\u00e7as<\/p>\n<p>que se encontrar\u00e3o em seu centro,<\/p>\n<p>Aquele Centro que est\u00e1 em n\u00f3s<\/p>\n<p>E na profundidade da Consci\u00eancia.<\/p>\n<p>&nbsp;<\/p>\n<p>Do nosso Cora\u00e7\u00e3o se expande<\/p>\n<p>A Vida transparente e cristalina<\/p>\n<p>Em dire\u00e7\u00e3o ao Melhor dos outros<\/p>\n<p>\u00c0 Mudan\u00e7a que precisamos<\/p>\n<p>E a Humanidade que queremos.<\/p>\n<p>&nbsp;<\/p>\n<p>A Sala do Parque do Vale Hudson<\/p>\n<p>Um farol de luz em tempos de crise.<\/p>\n","protected":false},"excerpt":{"rendered":"<p>POEMA &nbsp; &nbsp; Por Mois\u00e9sValdebenito \/ A Mensagem de Silo &nbsp; Desde o come\u00e7o A semiesfera cuidou da vida A caverna, seu manto de pedra e o fogo protetor A V\u00eanus materna e seu canto de amor. &nbsp; Uma inten\u00e7\u00e3o&hellip;<\/p>\n","protected":false},"author":1685,"featured_media":1214563,"comment_status":"closed","ping_status":"closed","sticky":false,"template":"","format":"standard","meta":{"footnotes":""},"categories":[104,11390,112,1254],"tags":[75238,23760,10001,75336],"class_list":["post-1214562","post","type-post","status-publish","format-standard","has-post-thumbnail","hentry","category-america-do-sul","category-conteudo-original","category-cultura-pt-pt","category-humanismo-espiritualidade","tag-caderno-de-cultura","tag-espiritualidade","tag-parques-de-estudo-e-reflexao","tag-poema-pt-pt"],"yoast_head":"<!-- This site is optimized with the Yoast SEO plugin v27.1.1 - https:\/\/yoast.com\/product\/yoast-seo-wordpress\/ -->\n<title>A Sala do Parque Hudson Valley<\/title>\n<meta name=\"description\" content=\"POEMA &nbsp; &nbsp; Por Mois\u00e9sValdebenito \/ A Mensagem de Silo &nbsp; Desde o come\u00e7o A semiesfera cuidou da vida A caverna, seu manto de pedra e o fogo\" \/>\n<meta name=\"robots\" content=\"index, follow, max-snippet:-1, max-image-preview:large, max-video-preview:-1\" \/>\n<link rel=\"canonical\" href=\"https:\/\/www.pressenza.com\/pt-pt\/2020\/10\/a-sala-do-parque-hudson-valley\/\" \/>\n<meta property=\"og:locale\" content=\"pt_PT\" \/>\n<meta property=\"og:type\" content=\"article\" \/>\n<meta property=\"og:title\" content=\"A Sala do Parque Hudson Valley\" \/>\n<meta property=\"og:description\" content=\"POEMA &nbsp; &nbsp; Por Mois\u00e9sValdebenito \/ A Mensagem de Silo &nbsp; Desde o come\u00e7o A semiesfera cuidou da vida A caverna, seu manto de pedra e o fogo\" \/>\n<meta property=\"og:url\" content=\"https:\/\/www.pressenza.com\/pt-pt\/2020\/10\/a-sala-do-parque-hudson-valley\/\" \/>\n<meta property=\"og:site_name\" content=\"Pressenza\" \/>\n<meta property=\"article:publisher\" content=\"https:\/\/www.facebook.com\/PressenzaItalia\" \/>\n<meta property=\"article:published_time\" content=\"2020-10-11T02:50:23+00:00\" \/>\n<meta property=\"og:image\" content=\"https:\/\/www.pressenza.com\/wp-content\/uploads\/2020\/10\/Hudson-Valley.jpg\" \/>\n\t<meta property=\"og:image:width\" content=\"809\" \/>\n\t<meta property=\"og:image:height\" content=\"450\" \/>\n\t<meta property=\"og:image:type\" content=\"image\/jpeg\" \/>\n<meta name=\"author\" content=\"Reda\u00e7\u00e3o Rio de Janeiro\" \/>\n<meta name=\"twitter:card\" content=\"summary_large_image\" \/>\n<meta name=\"twitter:creator\" content=\"@PressenzaIPA\" \/>\n<meta name=\"twitter:site\" content=\"@PressenzaIPA\" \/>\n<meta name=\"twitter:label1\" content=\"Escrito por\" \/>\n\t<meta name=\"twitter:data1\" content=\"Reda\u00e7\u00e3o Rio de Janeiro\" \/>\n\t<meta name=\"twitter:label2\" content=\"Tempo estimado de leitura\" \/>\n\t<meta name=\"twitter:data2\" content=\"1 minuto\" \/>\n<script type=\"application\/ld+json\" class=\"yoast-schema-graph\">{\"@context\":\"https:\/\/schema.org\",\"@graph\":[{\"@type\":\"Article\",\"@id\":\"https:\/\/www.pressenza.com\/pt-pt\/2020\/10\/a-sala-do-parque-hudson-valley\/#article\",\"isPartOf\":{\"@id\":\"https:\/\/www.pressenza.com\/pt-pt\/2020\/10\/a-sala-do-parque-hudson-valley\/\"},\"author\":{\"name\":\"Reda\u00e7\u00e3o Rio de Janeiro\",\"@id\":\"https:\/\/www.pressenza.com\/pt-pt\/#\/schema\/person\/6925e927f8ff3a0cdb838320c5d12259\"},\"headline\":\"A Sala do Parque Hudson Valley\",\"datePublished\":\"2020-10-11T02:50:23+00:00\",\"mainEntityOfPage\":{\"@id\":\"https:\/\/www.pressenza.com\/pt-pt\/2020\/10\/a-sala-do-parque-hudson-valley\/\"},\"wordCount\":169,\"publisher\":{\"@id\":\"https:\/\/www.pressenza.com\/pt-pt\/#organization\"},\"image\":{\"@id\":\"https:\/\/www.pressenza.com\/pt-pt\/2020\/10\/a-sala-do-parque-hudson-valley\/#primaryimage\"},\"thumbnailUrl\":\"https:\/\/www.pressenza.com\/wp-content\/uploads\/2020\/10\/Hudson-Valley.jpg\",\"keywords\":[\"caderno de cultura\",\"espiritualidade\",\"parques de estudo e reflexao\",\"poema\"],\"articleSection\":[\"\u00c1m\u00e9rica do Sul\",\"Conte\u00fado Original\",\"Cultura e M\u00eddia\",\"Humanismo e Espiritualidade\"],\"inLanguage\":\"pt-PT\"},{\"@type\":\"WebPage\",\"@id\":\"https:\/\/www.pressenza.com\/pt-pt\/2020\/10\/a-sala-do-parque-hudson-valley\/\",\"url\":\"https:\/\/www.pressenza.com\/pt-pt\/2020\/10\/a-sala-do-parque-hudson-valley\/\",\"name\":\"A Sala do Parque Hudson Valley\",\"isPartOf\":{\"@id\":\"https:\/\/www.pressenza.com\/pt-pt\/#website\"},\"primaryImageOfPage\":{\"@id\":\"https:\/\/www.pressenza.com\/pt-pt\/2020\/10\/a-sala-do-parque-hudson-valley\/#primaryimage\"},\"image\":{\"@id\":\"https:\/\/www.pressenza.com\/pt-pt\/2020\/10\/a-sala-do-parque-hudson-valley\/#primaryimage\"},\"thumbnailUrl\":\"https:\/\/www.pressenza.com\/wp-content\/uploads\/2020\/10\/Hudson-Valley.jpg\",\"datePublished\":\"2020-10-11T02:50:23+00:00\",\"description\":\"POEMA &nbsp; &nbsp; Por Mois\u00e9sValdebenito \/ A Mensagem de Silo &nbsp; Desde o come\u00e7o A semiesfera cuidou da vida A caverna, seu manto de pedra e o fogo\",\"breadcrumb\":{\"@id\":\"https:\/\/www.pressenza.com\/pt-pt\/2020\/10\/a-sala-do-parque-hudson-valley\/#breadcrumb\"},\"inLanguage\":\"pt-PT\",\"potentialAction\":[{\"@type\":\"ReadAction\",\"target\":[\"https:\/\/www.pressenza.com\/pt-pt\/2020\/10\/a-sala-do-parque-hudson-valley\/\"]}]},{\"@type\":\"ImageObject\",\"inLanguage\":\"pt-PT\",\"@id\":\"https:\/\/www.pressenza.com\/pt-pt\/2020\/10\/a-sala-do-parque-hudson-valley\/#primaryimage\",\"url\":\"https:\/\/www.pressenza.com\/wp-content\/uploads\/2020\/10\/Hudson-Valley.jpg\",\"contentUrl\":\"https:\/\/www.pressenza.com\/wp-content\/uploads\/2020\/10\/Hudson-Valley.jpg\",\"width\":809,\"height\":450},{\"@type\":\"BreadcrumbList\",\"@id\":\"https:\/\/www.pressenza.com\/pt-pt\/2020\/10\/a-sala-do-parque-hudson-valley\/#breadcrumb\",\"itemListElement\":[{\"@type\":\"ListItem\",\"position\":1,\"name\":\"Accueil\",\"item\":\"https:\/\/www.pressenza.com\/pt-pt\/\"},{\"@type\":\"ListItem\",\"position\":2,\"name\":\"A Sala do Parque Hudson Valley\"}]},{\"@type\":\"WebSite\",\"@id\":\"https:\/\/www.pressenza.com\/pt-pt\/#website\",\"url\":\"https:\/\/www.pressenza.com\/pt-pt\/\",\"name\":\"Pressenza\",\"description\":\"International Press Agency\",\"publisher\":{\"@id\":\"https:\/\/www.pressenza.com\/pt-pt\/#organization\"},\"potentialAction\":[{\"@type\":\"SearchAction\",\"target\":{\"@type\":\"EntryPoint\",\"urlTemplate\":\"https:\/\/www.pressenza.com\/pt-pt\/?s={search_term_string}\"},\"query-input\":{\"@type\":\"PropertyValueSpecification\",\"valueRequired\":true,\"valueName\":\"search_term_string\"}}],\"inLanguage\":\"pt-PT\"},{\"@type\":\"Organization\",\"@id\":\"https:\/\/www.pressenza.com\/pt-pt\/#organization\",\"name\":\"Pressenza\",\"url\":\"https:\/\/www.pressenza.com\/pt-pt\/\",\"logo\":{\"@type\":\"ImageObject\",\"inLanguage\":\"pt-PT\",\"@id\":\"https:\/\/www.pressenza.com\/pt-pt\/#\/schema\/logo\/image\/\",\"url\":\"https:\/\/www.pressenza.com\/wp-content\/uploads\/2022\/10\/pressenza_logo_200x200.jpg\",\"contentUrl\":\"https:\/\/www.pressenza.com\/wp-content\/uploads\/2022\/10\/pressenza_logo_200x200.jpg\",\"width\":200,\"height\":200,\"caption\":\"Pressenza\"},\"image\":{\"@id\":\"https:\/\/www.pressenza.com\/pt-pt\/#\/schema\/logo\/image\/\"},\"sameAs\":[\"https:\/\/www.facebook.com\/PressenzaItalia\",\"https:\/\/x.com\/PressenzaIPA\"]},{\"@type\":\"Person\",\"@id\":\"https:\/\/www.pressenza.com\/pt-pt\/#\/schema\/person\/6925e927f8ff3a0cdb838320c5d12259\",\"name\":\"Reda\u00e7\u00e3o Rio de Janeiro\",\"description\":\"News published by the Pressenza bureau in Rio de Janeiro, Brazil\",\"url\":\"https:\/\/www.pressenza.com\/pt-pt\/author\/redacao-rio-de-janeiro\/\"}]}<\/script>\n<!-- \/ Yoast SEO plugin. -->","yoast_head_json":{"title":"A Sala do Parque Hudson Valley","description":"POEMA &nbsp; &nbsp; Por Mois\u00e9sValdebenito \/ A Mensagem de Silo &nbsp; Desde o come\u00e7o A semiesfera cuidou da vida A caverna, seu manto de pedra e o fogo","robots":{"index":"index","follow":"follow","max-snippet":"max-snippet:-1","max-image-preview":"max-image-preview:large","max-video-preview":"max-video-preview:-1"},"canonical":"https:\/\/www.pressenza.com\/pt-pt\/2020\/10\/a-sala-do-parque-hudson-valley\/","og_locale":"pt_PT","og_type":"article","og_title":"A Sala do Parque Hudson Valley","og_description":"POEMA &nbsp; &nbsp; Por Mois\u00e9sValdebenito \/ A Mensagem de Silo &nbsp; Desde o come\u00e7o A semiesfera cuidou da vida A caverna, seu manto de pedra e o fogo","og_url":"https:\/\/www.pressenza.com\/pt-pt\/2020\/10\/a-sala-do-parque-hudson-valley\/","og_site_name":"Pressenza","article_publisher":"https:\/\/www.facebook.com\/PressenzaItalia","article_published_time":"2020-10-11T02:50:23+00:00","og_image":[{"width":809,"height":450,"url":"https:\/\/www.pressenza.com\/wp-content\/uploads\/2020\/10\/Hudson-Valley.jpg","type":"image\/jpeg"}],"author":"Reda\u00e7\u00e3o Rio de Janeiro","twitter_card":"summary_large_image","twitter_creator":"@PressenzaIPA","twitter_site":"@PressenzaIPA","twitter_misc":{"Escrito por":"Reda\u00e7\u00e3o Rio de Janeiro","Tempo estimado de leitura":"1 minuto"},"schema":{"@context":"https:\/\/schema.org","@graph":[{"@type":"Article","@id":"https:\/\/www.pressenza.com\/pt-pt\/2020\/10\/a-sala-do-parque-hudson-valley\/#article","isPartOf":{"@id":"https:\/\/www.pressenza.com\/pt-pt\/2020\/10\/a-sala-do-parque-hudson-valley\/"},"author":{"name":"Reda\u00e7\u00e3o Rio de Janeiro","@id":"https:\/\/www.pressenza.com\/pt-pt\/#\/schema\/person\/6925e927f8ff3a0cdb838320c5d12259"},"headline":"A Sala do Parque Hudson Valley","datePublished":"2020-10-11T02:50:23+00:00","mainEntityOfPage":{"@id":"https:\/\/www.pressenza.com\/pt-pt\/2020\/10\/a-sala-do-parque-hudson-valley\/"},"wordCount":169,"publisher":{"@id":"https:\/\/www.pressenza.com\/pt-pt\/#organization"},"image":{"@id":"https:\/\/www.pressenza.com\/pt-pt\/2020\/10\/a-sala-do-parque-hudson-valley\/#primaryimage"},"thumbnailUrl":"https:\/\/www.pressenza.com\/wp-content\/uploads\/2020\/10\/Hudson-Valley.jpg","keywords":["caderno de cultura","espiritualidade","parques de estudo e reflexao","poema"],"articleSection":["\u00c1m\u00e9rica do Sul","Conte\u00fado Original","Cultura e M\u00eddia","Humanismo e Espiritualidade"],"inLanguage":"pt-PT"},{"@type":"WebPage","@id":"https:\/\/www.pressenza.com\/pt-pt\/2020\/10\/a-sala-do-parque-hudson-valley\/","url":"https:\/\/www.pressenza.com\/pt-pt\/2020\/10\/a-sala-do-parque-hudson-valley\/","name":"A Sala do Parque Hudson Valley","isPartOf":{"@id":"https:\/\/www.pressenza.com\/pt-pt\/#website"},"primaryImageOfPage":{"@id":"https:\/\/www.pressenza.com\/pt-pt\/2020\/10\/a-sala-do-parque-hudson-valley\/#primaryimage"},"image":{"@id":"https:\/\/www.pressenza.com\/pt-pt\/2020\/10\/a-sala-do-parque-hudson-valley\/#primaryimage"},"thumbnailUrl":"https:\/\/www.pressenza.com\/wp-content\/uploads\/2020\/10\/Hudson-Valley.jpg","datePublished":"2020-10-11T02:50:23+00:00","description":"POEMA &nbsp; &nbsp; Por Mois\u00e9sValdebenito \/ A Mensagem de Silo &nbsp; Desde o come\u00e7o A semiesfera cuidou da vida A caverna, seu manto de pedra e o fogo","breadcrumb":{"@id":"https:\/\/www.pressenza.com\/pt-pt\/2020\/10\/a-sala-do-parque-hudson-valley\/#breadcrumb"},"inLanguage":"pt-PT","potentialAction":[{"@type":"ReadAction","target":["https:\/\/www.pressenza.com\/pt-pt\/2020\/10\/a-sala-do-parque-hudson-valley\/"]}]},{"@type":"ImageObject","inLanguage":"pt-PT","@id":"https:\/\/www.pressenza.com\/pt-pt\/2020\/10\/a-sala-do-parque-hudson-valley\/#primaryimage","url":"https:\/\/www.pressenza.com\/wp-content\/uploads\/2020\/10\/Hudson-Valley.jpg","contentUrl":"https:\/\/www.pressenza.com\/wp-content\/uploads\/2020\/10\/Hudson-Valley.jpg","width":809,"height":450},{"@type":"BreadcrumbList","@id":"https:\/\/www.pressenza.com\/pt-pt\/2020\/10\/a-sala-do-parque-hudson-valley\/#breadcrumb","itemListElement":[{"@type":"ListItem","position":1,"name":"Accueil","item":"https:\/\/www.pressenza.com\/pt-pt\/"},{"@type":"ListItem","position":2,"name":"A Sala do Parque Hudson Valley"}]},{"@type":"WebSite","@id":"https:\/\/www.pressenza.com\/pt-pt\/#website","url":"https:\/\/www.pressenza.com\/pt-pt\/","name":"Pressenza","description":"International Press Agency","publisher":{"@id":"https:\/\/www.pressenza.com\/pt-pt\/#organization"},"potentialAction":[{"@type":"SearchAction","target":{"@type":"EntryPoint","urlTemplate":"https:\/\/www.pressenza.com\/pt-pt\/?s={search_term_string}"},"query-input":{"@type":"PropertyValueSpecification","valueRequired":true,"valueName":"search_term_string"}}],"inLanguage":"pt-PT"},{"@type":"Organization","@id":"https:\/\/www.pressenza.com\/pt-pt\/#organization","name":"Pressenza","url":"https:\/\/www.pressenza.com\/pt-pt\/","logo":{"@type":"ImageObject","inLanguage":"pt-PT","@id":"https:\/\/www.pressenza.com\/pt-pt\/#\/schema\/logo\/image\/","url":"https:\/\/www.pressenza.com\/wp-content\/uploads\/2022\/10\/pressenza_logo_200x200.jpg","contentUrl":"https:\/\/www.pressenza.com\/wp-content\/uploads\/2022\/10\/pressenza_logo_200x200.jpg","width":200,"height":200,"caption":"Pressenza"},"image":{"@id":"https:\/\/www.pressenza.com\/pt-pt\/#\/schema\/logo\/image\/"},"sameAs":["https:\/\/www.facebook.com\/PressenzaItalia","https:\/\/x.com\/PressenzaIPA"]},{"@type":"Person","@id":"https:\/\/www.pressenza.com\/pt-pt\/#\/schema\/person\/6925e927f8ff3a0cdb838320c5d12259","name":"Reda\u00e7\u00e3o Rio de Janeiro","description":"News published by the Pressenza bureau in Rio de Janeiro, Brazil","url":"https:\/\/www.pressenza.com\/pt-pt\/author\/redacao-rio-de-janeiro\/"}]}},"place":"Rio de Janeiro, Brasil","original_article_url":"","_links":{"self":[{"href":"https:\/\/www.pressenza.com\/pt-pt\/wp-json\/wp\/v2\/posts\/1214562","targetHints":{"allow":["GET"]}}],"collection":[{"href":"https:\/\/www.pressenza.com\/pt-pt\/wp-json\/wp\/v2\/posts"}],"about":[{"href":"https:\/\/www.pressenza.com\/pt-pt\/wp-json\/wp\/v2\/types\/post"}],"author":[{"embeddable":true,"href":"https:\/\/www.pressenza.com\/pt-pt\/wp-json\/wp\/v2\/users\/1685"}],"replies":[{"embeddable":true,"href":"https:\/\/www.pressenza.com\/pt-pt\/wp-json\/wp\/v2\/comments?post=1214562"}],"version-history":[{"count":0,"href":"https:\/\/www.pressenza.com\/pt-pt\/wp-json\/wp\/v2\/posts\/1214562\/revisions"}],"wp:featuredmedia":[{"embeddable":true,"href":"https:\/\/www.pressenza.com\/pt-pt\/wp-json\/wp\/v2\/media\/1214563"}],"wp:attachment":[{"href":"https:\/\/www.pressenza.com\/pt-pt\/wp-json\/wp\/v2\/media?parent=1214562"}],"wp:term":[{"taxonomy":"category","embeddable":true,"href":"https:\/\/www.pressenza.com\/pt-pt\/wp-json\/wp\/v2\/categories?post=1214562"},{"taxonomy":"post_tag","embeddable":true,"href":"https:\/\/www.pressenza.com\/pt-pt\/wp-json\/wp\/v2\/tags?post=1214562"}],"curies":[{"name":"wp","href":"https:\/\/api.w.org\/{rel}","templated":true}]}}