{"id":1209584,"date":"2020-10-04T22:35:11","date_gmt":"2020-10-04T21:35:11","guid":{"rendered":"https:\/\/www.pressenza.com\/?p=1209584"},"modified":"2020-10-04T22:35:11","modified_gmt":"2020-10-04T21:35:11","slug":"28-anos-do-massacre-do-carandiru-e-urgente-uma-atuacao-antirracista-e-em-prol-do-desencarceramento-no-pais","status":"publish","type":"post","link":"https:\/\/www.pressenza.com\/pt-pt\/2020\/10\/28-anos-do-massacre-do-carandiru-e-urgente-uma-atuacao-antirracista-e-em-prol-do-desencarceramento-no-pais\/","title":{"rendered":"28 anos do Massacre do Carandiru: \u00e9 urgente uma atua\u00e7\u00e3o antirracista e em prol do desencarceramento no pa\u00eds"},"content":{"rendered":"<p style=\"padding-left: 40px;\"><em>O ser humano \u00e9 descart\u00e1vel no Brasil.<\/em><br \/>\n<em> Como modess usado ou bombril.<\/em><br \/>\n<em> Cadeia? Guarda o que o sistema n\u00e3o quis.<\/em><br \/>\n<em> Esconde o que a novela n\u00e3o diz.<\/em><br \/>\n<em> (Racionais MC\u2019s)<\/em><\/p>\n<p>Foram precisos apenas 20 minutos para a pol\u00edcia militar paulista inscrever na hist\u00f3ria do Brasil um dos epis\u00f3dios mais violentos e repugnante: o Massacre do Carandiru. Cerca de trezentos e vinte policiais armados com metralhadoras, fuzis e pistolas \u2013 sem ins\u00edgnias e crach\u00e1s de identifica\u00e7\u00e3o \u2013 invadiram o pavilh\u00e3o 9 da Casa de Deten\u00e7\u00e3o de S\u00e3o Paulo e executaram sumariamente 111 pessoas. A per\u00edcia concluiu que 70% dos tiros foram dirigidos \u00e0 cabe\u00e7a e ao t\u00f3rax. Os exames de bal\u00edstica indicaram a inten\u00e7\u00e3o premeditada de matar. Os laudos periciais conclu\u00edram que v\u00e1rios detentos estavam ajoelhados, ou mesmo deitados, quando foram mortos. As fotos do Carandiru de 02 de Outubro de 1992 remontam aos maiores crimes e mais cru\u00e9is contra a humanidade. As condi\u00e7\u00f5es desumanas que os presos eram submetidos culminaram no Massacre. Na \u00e9poca, o pres\u00eddio abrigava 7257 homens, sendo que sua capacidade era de 3300.<\/p>\n<p>O presidente da Comiss\u00e3o Internacional de Inqu\u00e9rito sobre a S\u00edria das Na\u00e7\u00f5es Unidas e ex-Secret\u00e1rio de Estado de Direitos Humanos Paulo S\u00e9rgio Pinheiro esteve no Carandiru ap\u00f3s o Massacre, na \u00e9poca ele integrava a Comiss\u00e3o Teot\u00f4nio Vilela de Direitos Humanos:<\/p>\n<p><i>\u201cA Comiss\u00e3o Teot\u00f4nio Vilela foi a primeira a entrar no Carandiru depois do massacre de 111 presos. Os funcion\u00e1rios lavavam o ch\u00e3o mas o sangue ainda escorria das paredes das celas que visitamos. Depois a verdade inscrita nos corpos das v\u00edtimas confirmou o que vimos como resultado de execu\u00e7\u00f5es. Logo os poderes vendiam a vers\u00e3o de que o massacre foi resultado de uma rebeli\u00e3o que s\u00f3 existia nas mentes das autoridades na sina de esconder os fatos. A a\u00e7\u00e3o da Comiss\u00e3o e defensores de direitos humanos foi essencial para que essa fantasia se dissolvesse. O massacre para as fam\u00edlias dos detentos assassinados assume ares de um crime continuado porque at\u00e9 hoje, sob a prote\u00e7\u00e3o da justi\u00e7a, pois perdura depois 28 anos a total impunidade para os PMs que cometeram aqueles crimes e para as autoridades mandat\u00e1rias dos massacres, assim como a aus\u00eancia de repara\u00e7\u00f5es para as fam\u00edlias das v\u00edtimas. No Brasil depois de 30 anos de democracia constitucional e muito mais no presente, as v\u00edtimas, desde que miser\u00e1veis, pobres e negros como os massacrados do Carandiru as v\u00edtimas s\u00e3o sempre culpadas.\u201d<\/i><\/p>\n<p>Paulo S\u00e9rgio aponta para a falta de responsabiliza\u00e7\u00e3o dos envolvidos no Massacre. \u00c9 f\u00e1cil identificar no caso do Carandiru ind\u00edcios da pol\u00edtica estatal de exterm\u00ednio da juventude negra. O Pavilh\u00e3o 9, onde ocorreu a matan\u00e7a, ficavam os r\u00e9us prim\u00e1rios. Dos 111 detentos assassinados, 86 tinham idade entre 18 e 30 anos. Um levantamento das v\u00edtimas mostrou que 80% ainda esperavam por uma senten\u00e7a definitiva da Justi\u00e7a, ou seja, eram presos provis\u00f3rios, n\u00e3o haviam sido condenados.<\/p>\n<div id=\"attachment_1209586\" class=\"wp-caption alignnone\"><img loading=\"lazy\" decoding=\"async\" aria-describedby=\"caption-attachment-1209586\" class=\"wp-image-1209586 size-full\" src=\"https:\/\/www.pressenza.com\/wp-content\/uploads\/2020\/10\/Outubro-2016-Rovena-Rosa-Agencia-Brasil.jpg\" alt=\"\" width=\"1024\" height=\"768\" srcset=\"https:\/\/www.pressenza.com\/wp-content\/uploads\/2020\/10\/Outubro-2016-Rovena-Rosa-Agencia-Brasil.jpg 1024w, https:\/\/www.pressenza.com\/wp-content\/uploads\/2020\/10\/Outubro-2016-Rovena-Rosa-Agencia-Brasil-300x225.jpg 300w, https:\/\/www.pressenza.com\/wp-content\/uploads\/2020\/10\/Outubro-2016-Rovena-Rosa-Agencia-Brasil-720x540.jpg 720w, https:\/\/www.pressenza.com\/wp-content\/uploads\/2020\/10\/Outubro-2016-Rovena-Rosa-Agencia-Brasil-768x576.jpg 768w\" sizes=\"auto, (max-width: 1024px) 100vw, 1024px\" \/><p id=\"caption-attachment-1209586\" class=\"wp-caption-text\">S\u00e3o Paulo, outubro 2016. Ato organizado por movimentos sociais e v\u00edtimas da viol\u00eancia do estado lembra os 24 anos do massacre de 111 presos no Carandiru. Foto Rovena Rosa\/Ag\u00eancia Brasil<\/p><\/div>\n<p>Sandra Carvalho, fundadora e coordenadora da Justi\u00e7a Global, tamb\u00e9m esteve no Carandiru ap\u00f3s o Massacre e descreve como a pronta atua\u00e7\u00e3o da sociedade civil foi fundamental para que os crimes cometidos pelo estado n\u00e3o fossem encobertos:<\/p>\n<p><i>\u201cNa \u00e9poca do Massacre do Carandiru, eu era aluna do Prof. Paulo S\u00e9rgio Pinheiro, meu querido mestre, na faculdade de Ci\u00eancias Sociais da USP e integrava a equipe da Comiss\u00e3o Teot\u00f4nio Vilela (CTV), nos anos iniciais de minha milit\u00e2ncia em direitos humanos. A pronta atua\u00e7\u00e3o da Comiss\u00e3o Teot\u00f4nio Vilela, e da Pastoral Carcer\u00e1ria, na figura de Francisco Reardon, inesquec\u00edvel Padre Chico, foi fundamental para descortinar para o mundo que o que estava em curso na Casa de Deten\u00e7\u00e3o, conhecida como Carandiru, era um grande massacre de pessoas privadas de liberdade. Era v\u00e9spera de elei\u00e7\u00e3o, e o foco da imprensa era o pleito eleitoral. A entrada da CTV e da Pastoral amplificou as vozes dos familiares em desespero e deu visibilidade \u00e0 carnificina promovida pela Pol\u00edcia Militar de S\u00e3o Paulo\u201d.<\/i><\/p>\n<p>Hoje, passados 28 anos do Massacre, o Brasil possui mais de 700 mil pessoas presas. Epis\u00f3dios como o ocorrido no Carandiru tornaram-se constantes. A sistem\u00e1tica de mortes violentas em unidades de priva\u00e7\u00e3o no Brasil j\u00e1 produziu entre 2 de outubro de 1992 e 02 de outubro de 2020 muitos \u201cCarandirus\u201d.<\/p>\n<p>O mote da pol\u00edtica de justi\u00e7a criminal brasileira tem sido a constru\u00e7\u00e3o de mais pres\u00eddios, a privatiza\u00e7\u00e3o das unidades, a forma\u00e7\u00e3o de novos efetivos policiais e o endurecimento penal, associado aos interesses do grande capital e tendo o racismo como estruturador da pol\u00edtica. O resultado \u00e9 o \u00edndice de aprisionamento no pa\u00eds, que j\u00e1 alcan\u00e7a o posto de 3\u00ba lugar entre as maiores popula\u00e7\u00f5es prisionais do mundo. \u00c9 urgente que todos os setores comprometidos com a supera\u00e7\u00e3o do racismo e da criminaliza\u00e7\u00e3o de pobreza se mobilizem em torno de uma agenda positiva de promo\u00e7\u00e3o dos direitos humanos e do desencarceramento.<\/p>\n<p>Das mais de 700 mil pessoas presas no Brasil, majoritariamente negras, cerca de 40% n\u00e3o foram sequer condenadas em primeira inst\u00e2ncia. O direito constitucional \u00e0 presun\u00e7\u00e3o de inoc\u00eancia, para a popula\u00e7\u00e3o negra, \u00e9 sistematicamente violado pelas pr\u00f3prias institui\u00e7\u00f5es que deveriam garanti-lo. A exposi\u00e7\u00e3o a condi\u00e7\u00f5es insalubres e indignas no c\u00e1rcere, a pr\u00e1tica sistem\u00e1tica de tortura, a nega\u00e7\u00e3o de direitos fundamentais, como \u00e1gua, alimenta\u00e7\u00e3o adequada, educa\u00e7\u00e3o e sa\u00fade, p\u00f5e em xeque a democracia brasileira, devendo ser combatidos por todos os setores comprometidos coma supera\u00e7\u00e3o de racismo e das desigualdades sociais.<\/p>\n<p>Aqueles\/as que creem no encarceramento em massa como f\u00f3rmula para a redu\u00e7\u00e3o da viol\u00eancia no pa\u00eds est\u00e3o enganados. O Brasil dobrou a popula\u00e7\u00e3o prisional em apenas 11 anos (de 361,4 mil presos em 2005 para 726,7 mil em 2016 \u2013 Infopen), no mesmo per\u00edodo os \u00edndices de homic\u00eddios aumentaram.<\/p>\n<p>Diante de tudo isso, a Justi\u00e7a Global defende que iniciativas como a<a href=\"http:\/\/www.global.org.br\/wp-content\/uploads\/2017\/11\/Agenda-Nacional-pelo-Desencarceramento-2016-2017.pdf\"> Agenda Nacional pelo Desencarceramento<\/a> precisam ser ampliadas e difundidas no conjunto da sociedade brasileira, de modo a reverter as taxas de encarceramento e diminuir, de forma efetiva e ampla, o n\u00famero de pessoas presas no pa\u00eds e, consequentemente, as viol\u00eancias e viola\u00e7\u00f5es decorrentes do c\u00e1rcere.<\/p>\n<p><iframe loading=\"lazy\" src=\"https:\/\/www.youtube.com\/embed\/UZVcdLESlaE\" width=\"720\" height=\"405\" frameborder=\"0\" allowfullscreen=\"allowfullscreen\"><span style=\"display: inline-block; width: 0px; overflow: hidden; line-height: 0;\" data-mce-type=\"bookmark\" class=\"mce_SELRES_start\">\ufeff<\/span><\/iframe><\/p>\n","protected":false},"excerpt":{"rendered":"<p>O ser humano \u00e9 descart\u00e1vel no Brasil. Como modess usado ou bombril. Cadeia? Guarda o que o sistema n\u00e3o quis. Esconde o que a novela n\u00e3o diz. (Racionais MC\u2019s) Foram precisos apenas 20 minutos para a pol\u00edcia militar paulista inscrever&hellip;<\/p>\n","protected":false},"author":1857,"featured_media":1209596,"comment_status":"closed","ping_status":"closed","sticky":false,"template":"","format":"standard","meta":{"footnotes":""},"categories":[104,116,1256],"tags":[2744,34491,82301,82302],"class_list":["post-1209584","post","type-post","status-publish","format-standard","has-post-thumbnail","hentry","category-america-do-sul","category-direitos-humanos","category-nao-violencia","tag-brasil","tag-carceres","tag-crandiru","tag-desencarceramento"],"yoast_head":"<!-- This site is optimized with the Yoast SEO plugin v27.1.1 - https:\/\/yoast.com\/product\/yoast-seo-wordpress\/ -->\n<title>28 anos do Massacre do Carandiru: \u00e9 urgente uma atua\u00e7\u00e3o antirracista e em prol do desencarceramento no pa\u00eds<\/title>\n<meta name=\"description\" content=\"O ser humano \u00e9 descart\u00e1vel no Brasil. Como modess usado ou bombril. Cadeia? Guarda o que o sistema n\u00e3o quis. Esconde o que a novela n\u00e3o diz. (Racionais\" \/>\n<meta name=\"robots\" content=\"index, follow, max-snippet:-1, max-image-preview:large, max-video-preview:-1\" \/>\n<link rel=\"canonical\" href=\"https:\/\/www.pressenza.com\/pt-pt\/2020\/10\/28-anos-do-massacre-do-carandiru-e-urgente-uma-atuacao-antirracista-e-em-prol-do-desencarceramento-no-pais\/\" \/>\n<meta property=\"og:locale\" content=\"pt_PT\" \/>\n<meta property=\"og:type\" content=\"article\" \/>\n<meta property=\"og:title\" content=\"28 anos do Massacre do Carandiru: \u00e9 urgente uma atua\u00e7\u00e3o antirracista e em prol do desencarceramento no pa\u00eds\" \/>\n<meta property=\"og:description\" content=\"O ser humano \u00e9 descart\u00e1vel no Brasil. Como modess usado ou bombril. Cadeia? Guarda o que o sistema n\u00e3o quis. Esconde o que a novela n\u00e3o diz. (Racionais\" \/>\n<meta property=\"og:url\" content=\"https:\/\/www.pressenza.com\/pt-pt\/2020\/10\/28-anos-do-massacre-do-carandiru-e-urgente-uma-atuacao-antirracista-e-em-prol-do-desencarceramento-no-pais\/\" \/>\n<meta property=\"og:site_name\" content=\"Pressenza\" \/>\n<meta property=\"article:publisher\" content=\"https:\/\/www.facebook.com\/PressenzaItalia\" \/>\n<meta property=\"article:published_time\" content=\"2020-10-04T21:35:11+00:00\" \/>\n<meta property=\"og:image\" content=\"https:\/\/www.pressenza.com\/wp-content\/uploads\/2020\/10\/Coletiva-imprensa-10-2016-Rovena-Rosa-Age\u0302ncia-Brasil.jpg\" \/>\n\t<meta property=\"og:image:width\" content=\"1024\" \/>\n\t<meta property=\"og:image:height\" content=\"768\" \/>\n\t<meta property=\"og:image:type\" content=\"image\/jpeg\" \/>\n<meta name=\"author\" content=\"Justi\u00e7a Global\" \/>\n<meta name=\"twitter:card\" content=\"summary_large_image\" \/>\n<meta name=\"twitter:creator\" content=\"@PressenzaIPA\" \/>\n<meta name=\"twitter:site\" content=\"@PressenzaIPA\" \/>\n<meta name=\"twitter:label1\" content=\"Escrito por\" \/>\n\t<meta name=\"twitter:data1\" content=\"Justi\u00e7a Global\" \/>\n\t<meta name=\"twitter:label2\" content=\"Tempo estimado de leitura\" \/>\n\t<meta name=\"twitter:data2\" content=\"6 minutos\" \/>\n<script type=\"application\/ld+json\" class=\"yoast-schema-graph\">{\"@context\":\"https:\/\/schema.org\",\"@graph\":[{\"@type\":\"Article\",\"@id\":\"https:\/\/www.pressenza.com\/pt-pt\/2020\/10\/28-anos-do-massacre-do-carandiru-e-urgente-uma-atuacao-antirracista-e-em-prol-do-desencarceramento-no-pais\/#article\",\"isPartOf\":{\"@id\":\"https:\/\/www.pressenza.com\/pt-pt\/2020\/10\/28-anos-do-massacre-do-carandiru-e-urgente-uma-atuacao-antirracista-e-em-prol-do-desencarceramento-no-pais\/\"},\"author\":{\"name\":\"Justi\u00e7a Global\",\"@id\":\"https:\/\/www.pressenza.com\/pt-pt\/#\/schema\/person\/6c103dc6ff4a92cbb66ac7d94c51bab6\"},\"headline\":\"28 anos do Massacre do Carandiru: \u00e9 urgente uma atua\u00e7\u00e3o antirracista e em prol do desencarceramento no pa\u00eds\",\"datePublished\":\"2020-10-04T21:35:11+00:00\",\"mainEntityOfPage\":{\"@id\":\"https:\/\/www.pressenza.com\/pt-pt\/2020\/10\/28-anos-do-massacre-do-carandiru-e-urgente-uma-atuacao-antirracista-e-em-prol-do-desencarceramento-no-pais\/\"},\"wordCount\":1134,\"publisher\":{\"@id\":\"https:\/\/www.pressenza.com\/pt-pt\/#organization\"},\"image\":{\"@id\":\"https:\/\/www.pressenza.com\/pt-pt\/2020\/10\/28-anos-do-massacre-do-carandiru-e-urgente-uma-atuacao-antirracista-e-em-prol-do-desencarceramento-no-pais\/#primaryimage\"},\"thumbnailUrl\":\"https:\/\/www.pressenza.com\/wp-content\/uploads\/2020\/10\/Coletiva-imprensa-10-2016-Rovena-Rosa-Age\u0302ncia-Brasil.jpg\",\"keywords\":[\"Brasil\",\"c\u00e1rceres\",\"Crandiru\",\"desencarceramento\"],\"articleSection\":[\"\u00c1m\u00e9rica do Sul\",\"Direitos Humanos\",\"N\u00e3o viol\u00eancia\"],\"inLanguage\":\"pt-PT\"},{\"@type\":\"WebPage\",\"@id\":\"https:\/\/www.pressenza.com\/pt-pt\/2020\/10\/28-anos-do-massacre-do-carandiru-e-urgente-uma-atuacao-antirracista-e-em-prol-do-desencarceramento-no-pais\/\",\"url\":\"https:\/\/www.pressenza.com\/pt-pt\/2020\/10\/28-anos-do-massacre-do-carandiru-e-urgente-uma-atuacao-antirracista-e-em-prol-do-desencarceramento-no-pais\/\",\"name\":\"28 anos do Massacre do Carandiru: \u00e9 urgente uma atua\u00e7\u00e3o antirracista e em prol do desencarceramento no pa\u00eds\",\"isPartOf\":{\"@id\":\"https:\/\/www.pressenza.com\/pt-pt\/#website\"},\"primaryImageOfPage\":{\"@id\":\"https:\/\/www.pressenza.com\/pt-pt\/2020\/10\/28-anos-do-massacre-do-carandiru-e-urgente-uma-atuacao-antirracista-e-em-prol-do-desencarceramento-no-pais\/#primaryimage\"},\"image\":{\"@id\":\"https:\/\/www.pressenza.com\/pt-pt\/2020\/10\/28-anos-do-massacre-do-carandiru-e-urgente-uma-atuacao-antirracista-e-em-prol-do-desencarceramento-no-pais\/#primaryimage\"},\"thumbnailUrl\":\"https:\/\/www.pressenza.com\/wp-content\/uploads\/2020\/10\/Coletiva-imprensa-10-2016-Rovena-Rosa-Age\u0302ncia-Brasil.jpg\",\"datePublished\":\"2020-10-04T21:35:11+00:00\",\"description\":\"O ser humano \u00e9 descart\u00e1vel no Brasil. Como modess usado ou bombril. Cadeia? Guarda o que o sistema n\u00e3o quis. Esconde o que a novela n\u00e3o diz. (Racionais\",\"breadcrumb\":{\"@id\":\"https:\/\/www.pressenza.com\/pt-pt\/2020\/10\/28-anos-do-massacre-do-carandiru-e-urgente-uma-atuacao-antirracista-e-em-prol-do-desencarceramento-no-pais\/#breadcrumb\"},\"inLanguage\":\"pt-PT\",\"potentialAction\":[{\"@type\":\"ReadAction\",\"target\":[\"https:\/\/www.pressenza.com\/pt-pt\/2020\/10\/28-anos-do-massacre-do-carandiru-e-urgente-uma-atuacao-antirracista-e-em-prol-do-desencarceramento-no-pais\/\"]}]},{\"@type\":\"ImageObject\",\"inLanguage\":\"pt-PT\",\"@id\":\"https:\/\/www.pressenza.com\/pt-pt\/2020\/10\/28-anos-do-massacre-do-carandiru-e-urgente-uma-atuacao-antirracista-e-em-prol-do-desencarceramento-no-pais\/#primaryimage\",\"url\":\"https:\/\/www.pressenza.com\/wp-content\/uploads\/2020\/10\/Coletiva-imprensa-10-2016-Rovena-Rosa-Age\u0302ncia-Brasil.jpg\",\"contentUrl\":\"https:\/\/www.pressenza.com\/wp-content\/uploads\/2020\/10\/Coletiva-imprensa-10-2016-Rovena-Rosa-Age\u0302ncia-Brasil.jpg\",\"width\":1024,\"height\":768,\"caption\":\"S\u00e3o Paulo - Coletiva de imprensa organizada pelas M\u00e3es de Maio, para comentar o massacre do Carandiru (Rovena Rosa\/Ag\u00eancia Brasil)\"},{\"@type\":\"BreadcrumbList\",\"@id\":\"https:\/\/www.pressenza.com\/pt-pt\/2020\/10\/28-anos-do-massacre-do-carandiru-e-urgente-uma-atuacao-antirracista-e-em-prol-do-desencarceramento-no-pais\/#breadcrumb\",\"itemListElement\":[{\"@type\":\"ListItem\",\"position\":1,\"name\":\"Accueil\",\"item\":\"https:\/\/www.pressenza.com\/pt-pt\/\"},{\"@type\":\"ListItem\",\"position\":2,\"name\":\"28 anos do Massacre do Carandiru: \u00e9 urgente uma atua\u00e7\u00e3o antirracista e em prol do desencarceramento no pa\u00eds\"}]},{\"@type\":\"WebSite\",\"@id\":\"https:\/\/www.pressenza.com\/pt-pt\/#website\",\"url\":\"https:\/\/www.pressenza.com\/pt-pt\/\",\"name\":\"Pressenza\",\"description\":\"International Press Agency\",\"publisher\":{\"@id\":\"https:\/\/www.pressenza.com\/pt-pt\/#organization\"},\"potentialAction\":[{\"@type\":\"SearchAction\",\"target\":{\"@type\":\"EntryPoint\",\"urlTemplate\":\"https:\/\/www.pressenza.com\/pt-pt\/?s={search_term_string}\"},\"query-input\":{\"@type\":\"PropertyValueSpecification\",\"valueRequired\":true,\"valueName\":\"search_term_string\"}}],\"inLanguage\":\"pt-PT\"},{\"@type\":\"Organization\",\"@id\":\"https:\/\/www.pressenza.com\/pt-pt\/#organization\",\"name\":\"Pressenza\",\"url\":\"https:\/\/www.pressenza.com\/pt-pt\/\",\"logo\":{\"@type\":\"ImageObject\",\"inLanguage\":\"pt-PT\",\"@id\":\"https:\/\/www.pressenza.com\/pt-pt\/#\/schema\/logo\/image\/\",\"url\":\"https:\/\/www.pressenza.com\/wp-content\/uploads\/2022\/10\/pressenza_logo_200x200.jpg\",\"contentUrl\":\"https:\/\/www.pressenza.com\/wp-content\/uploads\/2022\/10\/pressenza_logo_200x200.jpg\",\"width\":200,\"height\":200,\"caption\":\"Pressenza\"},\"image\":{\"@id\":\"https:\/\/www.pressenza.com\/pt-pt\/#\/schema\/logo\/image\/\"},\"sameAs\":[\"https:\/\/www.facebook.com\/PressenzaItalia\",\"https:\/\/x.com\/PressenzaIPA\"]},{\"@type\":\"Person\",\"@id\":\"https:\/\/www.pressenza.com\/pt-pt\/#\/schema\/person\/6c103dc6ff4a92cbb66ac7d94c51bab6\",\"name\":\"Justi\u00e7a Global\",\"description\":\"A Justi\u00e7a Global \u00e9 uma organiza\u00e7\u00e3o n\u00e3o governamental de direitos humanos que trabalha com a prote\u00e7\u00e3o e promo\u00e7\u00e3o dos direitos humanos e o fortalecimento da sociedade civil e da democracia. Rio de Janeiro, Brasil.\",\"sameAs\":[\"http:\/\/www.global.org.br\/\"],\"url\":\"https:\/\/www.pressenza.com\/pt-pt\/author\/justica-global\/\"}]}<\/script>\n<!-- \/ Yoast SEO plugin. -->","yoast_head_json":{"title":"28 anos do Massacre do Carandiru: \u00e9 urgente uma atua\u00e7\u00e3o antirracista e em prol do desencarceramento no pa\u00eds","description":"O ser humano \u00e9 descart\u00e1vel no Brasil. Como modess usado ou bombril. Cadeia? Guarda o que o sistema n\u00e3o quis. Esconde o que a novela n\u00e3o diz. (Racionais","robots":{"index":"index","follow":"follow","max-snippet":"max-snippet:-1","max-image-preview":"max-image-preview:large","max-video-preview":"max-video-preview:-1"},"canonical":"https:\/\/www.pressenza.com\/pt-pt\/2020\/10\/28-anos-do-massacre-do-carandiru-e-urgente-uma-atuacao-antirracista-e-em-prol-do-desencarceramento-no-pais\/","og_locale":"pt_PT","og_type":"article","og_title":"28 anos do Massacre do Carandiru: \u00e9 urgente uma atua\u00e7\u00e3o antirracista e em prol do desencarceramento no pa\u00eds","og_description":"O ser humano \u00e9 descart\u00e1vel no Brasil. Como modess usado ou bombril. Cadeia? Guarda o que o sistema n\u00e3o quis. Esconde o que a novela n\u00e3o diz. (Racionais","og_url":"https:\/\/www.pressenza.com\/pt-pt\/2020\/10\/28-anos-do-massacre-do-carandiru-e-urgente-uma-atuacao-antirracista-e-em-prol-do-desencarceramento-no-pais\/","og_site_name":"Pressenza","article_publisher":"https:\/\/www.facebook.com\/PressenzaItalia","article_published_time":"2020-10-04T21:35:11+00:00","og_image":[{"width":1024,"height":768,"url":"https:\/\/www.pressenza.com\/wp-content\/uploads\/2020\/10\/Coletiva-imprensa-10-2016-Rovena-Rosa-Age\u0302ncia-Brasil.jpg","type":"image\/jpeg"}],"author":"Justi\u00e7a Global","twitter_card":"summary_large_image","twitter_creator":"@PressenzaIPA","twitter_site":"@PressenzaIPA","twitter_misc":{"Escrito por":"Justi\u00e7a Global","Tempo estimado de leitura":"6 minutos"},"schema":{"@context":"https:\/\/schema.org","@graph":[{"@type":"Article","@id":"https:\/\/www.pressenza.com\/pt-pt\/2020\/10\/28-anos-do-massacre-do-carandiru-e-urgente-uma-atuacao-antirracista-e-em-prol-do-desencarceramento-no-pais\/#article","isPartOf":{"@id":"https:\/\/www.pressenza.com\/pt-pt\/2020\/10\/28-anos-do-massacre-do-carandiru-e-urgente-uma-atuacao-antirracista-e-em-prol-do-desencarceramento-no-pais\/"},"author":{"name":"Justi\u00e7a Global","@id":"https:\/\/www.pressenza.com\/pt-pt\/#\/schema\/person\/6c103dc6ff4a92cbb66ac7d94c51bab6"},"headline":"28 anos do Massacre do Carandiru: \u00e9 urgente uma atua\u00e7\u00e3o antirracista e em prol do desencarceramento no pa\u00eds","datePublished":"2020-10-04T21:35:11+00:00","mainEntityOfPage":{"@id":"https:\/\/www.pressenza.com\/pt-pt\/2020\/10\/28-anos-do-massacre-do-carandiru-e-urgente-uma-atuacao-antirracista-e-em-prol-do-desencarceramento-no-pais\/"},"wordCount":1134,"publisher":{"@id":"https:\/\/www.pressenza.com\/pt-pt\/#organization"},"image":{"@id":"https:\/\/www.pressenza.com\/pt-pt\/2020\/10\/28-anos-do-massacre-do-carandiru-e-urgente-uma-atuacao-antirracista-e-em-prol-do-desencarceramento-no-pais\/#primaryimage"},"thumbnailUrl":"https:\/\/www.pressenza.com\/wp-content\/uploads\/2020\/10\/Coletiva-imprensa-10-2016-Rovena-Rosa-Age\u0302ncia-Brasil.jpg","keywords":["Brasil","c\u00e1rceres","Crandiru","desencarceramento"],"articleSection":["\u00c1m\u00e9rica do Sul","Direitos Humanos","N\u00e3o viol\u00eancia"],"inLanguage":"pt-PT"},{"@type":"WebPage","@id":"https:\/\/www.pressenza.com\/pt-pt\/2020\/10\/28-anos-do-massacre-do-carandiru-e-urgente-uma-atuacao-antirracista-e-em-prol-do-desencarceramento-no-pais\/","url":"https:\/\/www.pressenza.com\/pt-pt\/2020\/10\/28-anos-do-massacre-do-carandiru-e-urgente-uma-atuacao-antirracista-e-em-prol-do-desencarceramento-no-pais\/","name":"28 anos do Massacre do Carandiru: \u00e9 urgente uma atua\u00e7\u00e3o antirracista e em prol do desencarceramento no pa\u00eds","isPartOf":{"@id":"https:\/\/www.pressenza.com\/pt-pt\/#website"},"primaryImageOfPage":{"@id":"https:\/\/www.pressenza.com\/pt-pt\/2020\/10\/28-anos-do-massacre-do-carandiru-e-urgente-uma-atuacao-antirracista-e-em-prol-do-desencarceramento-no-pais\/#primaryimage"},"image":{"@id":"https:\/\/www.pressenza.com\/pt-pt\/2020\/10\/28-anos-do-massacre-do-carandiru-e-urgente-uma-atuacao-antirracista-e-em-prol-do-desencarceramento-no-pais\/#primaryimage"},"thumbnailUrl":"https:\/\/www.pressenza.com\/wp-content\/uploads\/2020\/10\/Coletiva-imprensa-10-2016-Rovena-Rosa-Age\u0302ncia-Brasil.jpg","datePublished":"2020-10-04T21:35:11+00:00","description":"O ser humano \u00e9 descart\u00e1vel no Brasil. Como modess usado ou bombril. Cadeia? Guarda o que o sistema n\u00e3o quis. Esconde o que a novela n\u00e3o diz. (Racionais","breadcrumb":{"@id":"https:\/\/www.pressenza.com\/pt-pt\/2020\/10\/28-anos-do-massacre-do-carandiru-e-urgente-uma-atuacao-antirracista-e-em-prol-do-desencarceramento-no-pais\/#breadcrumb"},"inLanguage":"pt-PT","potentialAction":[{"@type":"ReadAction","target":["https:\/\/www.pressenza.com\/pt-pt\/2020\/10\/28-anos-do-massacre-do-carandiru-e-urgente-uma-atuacao-antirracista-e-em-prol-do-desencarceramento-no-pais\/"]}]},{"@type":"ImageObject","inLanguage":"pt-PT","@id":"https:\/\/www.pressenza.com\/pt-pt\/2020\/10\/28-anos-do-massacre-do-carandiru-e-urgente-uma-atuacao-antirracista-e-em-prol-do-desencarceramento-no-pais\/#primaryimage","url":"https:\/\/www.pressenza.com\/wp-content\/uploads\/2020\/10\/Coletiva-imprensa-10-2016-Rovena-Rosa-Age\u0302ncia-Brasil.jpg","contentUrl":"https:\/\/www.pressenza.com\/wp-content\/uploads\/2020\/10\/Coletiva-imprensa-10-2016-Rovena-Rosa-Age\u0302ncia-Brasil.jpg","width":1024,"height":768,"caption":"S\u00e3o Paulo - Coletiva de imprensa organizada pelas M\u00e3es de Maio, para comentar o massacre do Carandiru (Rovena Rosa\/Ag\u00eancia Brasil)"},{"@type":"BreadcrumbList","@id":"https:\/\/www.pressenza.com\/pt-pt\/2020\/10\/28-anos-do-massacre-do-carandiru-e-urgente-uma-atuacao-antirracista-e-em-prol-do-desencarceramento-no-pais\/#breadcrumb","itemListElement":[{"@type":"ListItem","position":1,"name":"Accueil","item":"https:\/\/www.pressenza.com\/pt-pt\/"},{"@type":"ListItem","position":2,"name":"28 anos do Massacre do Carandiru: \u00e9 urgente uma atua\u00e7\u00e3o antirracista e em prol do desencarceramento no pa\u00eds"}]},{"@type":"WebSite","@id":"https:\/\/www.pressenza.com\/pt-pt\/#website","url":"https:\/\/www.pressenza.com\/pt-pt\/","name":"Pressenza","description":"International Press Agency","publisher":{"@id":"https:\/\/www.pressenza.com\/pt-pt\/#organization"},"potentialAction":[{"@type":"SearchAction","target":{"@type":"EntryPoint","urlTemplate":"https:\/\/www.pressenza.com\/pt-pt\/?s={search_term_string}"},"query-input":{"@type":"PropertyValueSpecification","valueRequired":true,"valueName":"search_term_string"}}],"inLanguage":"pt-PT"},{"@type":"Organization","@id":"https:\/\/www.pressenza.com\/pt-pt\/#organization","name":"Pressenza","url":"https:\/\/www.pressenza.com\/pt-pt\/","logo":{"@type":"ImageObject","inLanguage":"pt-PT","@id":"https:\/\/www.pressenza.com\/pt-pt\/#\/schema\/logo\/image\/","url":"https:\/\/www.pressenza.com\/wp-content\/uploads\/2022\/10\/pressenza_logo_200x200.jpg","contentUrl":"https:\/\/www.pressenza.com\/wp-content\/uploads\/2022\/10\/pressenza_logo_200x200.jpg","width":200,"height":200,"caption":"Pressenza"},"image":{"@id":"https:\/\/www.pressenza.com\/pt-pt\/#\/schema\/logo\/image\/"},"sameAs":["https:\/\/www.facebook.com\/PressenzaItalia","https:\/\/x.com\/PressenzaIPA"]},{"@type":"Person","@id":"https:\/\/www.pressenza.com\/pt-pt\/#\/schema\/person\/6c103dc6ff4a92cbb66ac7d94c51bab6","name":"Justi\u00e7a Global","description":"A Justi\u00e7a Global \u00e9 uma organiza\u00e7\u00e3o n\u00e3o governamental de direitos humanos que trabalha com a prote\u00e7\u00e3o e promo\u00e7\u00e3o dos direitos humanos e o fortalecimento da sociedade civil e da democracia. Rio de Janeiro, Brasil.","sameAs":["http:\/\/www.global.org.br\/"],"url":"https:\/\/www.pressenza.com\/pt-pt\/author\/justica-global\/"}]}},"place":"Rio de Janeiro, Brasil","original_article_url":"http:\/\/www.global.org.br\/blog\/desencarceramento\/","_links":{"self":[{"href":"https:\/\/www.pressenza.com\/pt-pt\/wp-json\/wp\/v2\/posts\/1209584","targetHints":{"allow":["GET"]}}],"collection":[{"href":"https:\/\/www.pressenza.com\/pt-pt\/wp-json\/wp\/v2\/posts"}],"about":[{"href":"https:\/\/www.pressenza.com\/pt-pt\/wp-json\/wp\/v2\/types\/post"}],"author":[{"embeddable":true,"href":"https:\/\/www.pressenza.com\/pt-pt\/wp-json\/wp\/v2\/users\/1857"}],"replies":[{"embeddable":true,"href":"https:\/\/www.pressenza.com\/pt-pt\/wp-json\/wp\/v2\/comments?post=1209584"}],"version-history":[{"count":0,"href":"https:\/\/www.pressenza.com\/pt-pt\/wp-json\/wp\/v2\/posts\/1209584\/revisions"}],"wp:featuredmedia":[{"embeddable":true,"href":"https:\/\/www.pressenza.com\/pt-pt\/wp-json\/wp\/v2\/media\/1209596"}],"wp:attachment":[{"href":"https:\/\/www.pressenza.com\/pt-pt\/wp-json\/wp\/v2\/media?parent=1209584"}],"wp:term":[{"taxonomy":"category","embeddable":true,"href":"https:\/\/www.pressenza.com\/pt-pt\/wp-json\/wp\/v2\/categories?post=1209584"},{"taxonomy":"post_tag","embeddable":true,"href":"https:\/\/www.pressenza.com\/pt-pt\/wp-json\/wp\/v2\/tags?post=1209584"}],"curies":[{"name":"wp","href":"https:\/\/api.w.org\/{rel}","templated":true}]}}