{"id":120788,"date":"2014-07-21T23:23:44","date_gmt":"2014-07-21T22:23:44","guid":{"rendered":"http:\/\/www.pressenza.com\/?p=120788"},"modified":"2014-07-21T23:26:57","modified_gmt":"2014-07-21T22:26:57","slug":"delfos-o-juiz-oraculo-por-contente","status":"publish","type":"post","link":"https:\/\/www.pressenza.com\/pt-pt\/2014\/07\/delfos-o-juiz-oraculo-por-contente\/","title":{"rendered":"Delfos, o juiz or\u00e1culo (por Contente)"},"content":{"rendered":"<p>[media-credit id=823 align=&#8221;alignnone&#8221; width=&#8221;600&#8243;]<a href=\"http:\/\/www.pressenza.com\/wp-content\/uploads\/2014\/07\/Delfos-pg2-c-contente-4-1024x863.jpeg\"><img loading=\"lazy\" decoding=\"async\" src=\"http:\/\/www.pressenza.com\/wp-content\/uploads\/2014\/07\/Delfos-pg2-c-contente-4-1024x863-600x505.jpeg\" alt=\"Delfos-pg2-c-contente-4-1024x863\" width=\"600\" height=\"505\" class=\"size-large wp-image-120800\" srcset=\"https:\/\/www.pressenza.com\/wp-content\/uploads\/2014\/07\/Delfos-pg2-c-contente-4-1024x863-600x505.jpeg 600w, https:\/\/www.pressenza.com\/wp-content\/uploads\/2014\/07\/Delfos-pg2-c-contente-4-1024x863-300x252.jpeg 300w, https:\/\/www.pressenza.com\/wp-content\/uploads\/2014\/07\/Delfos-pg2-c-contente-4-1024x863.jpeg 1024w\" sizes=\"auto, (max-width: 600px) 100vw, 600px\" \/><\/a>[\/media-credit]<\/p>\n<p>Por <a href=\"http:\/\/www.carloscontente.com.br\/\" target=\"_blank\">Carlos Contente<\/a><\/p>\n","protected":false},"excerpt":{"rendered":"<p>[media-credit id=823 align=&#8221;alignnone&#8221; width=&#8221;600&#8243;][\/media-credit] Por Carlos Contente<\/p>\n","protected":false},"author":823,"featured_media":120808,"comment_status":"closed","ping_status":"open","sticky":false,"template":"","format":"standard","meta":{"footnotes":""},"categories":[11390,112,42],"tags":[11455,7877],"class_list":["post-120788","post","type-post","status-publish","format-standard","has-post-thumbnail","hentry","category-conteudo-original","category-cultura-pt-pt","category-internacional-2","tag-criminalizacao-movimentos-sociais","tag-justica"],"yoast_head":"<!-- This site is optimized with the Yoast SEO plugin v27.1.1 - https:\/\/yoast.com\/product\/yoast-seo-wordpress\/ -->\n<title>Delfos, o juiz or\u00e1culo (por Contente)<\/title>\n<meta name=\"description\" content=\"Por Carlos Contente\" \/>\n<meta name=\"robots\" content=\"index, follow, max-snippet:-1, max-image-preview:large, max-video-preview:-1\" \/>\n<link rel=\"canonical\" href=\"https:\/\/www.pressenza.com\/pt-pt\/2014\/07\/delfos-o-juiz-oraculo-por-contente\/\" \/>\n<meta property=\"og:locale\" content=\"pt_PT\" \/>\n<meta property=\"og:type\" content=\"article\" \/>\n<meta property=\"og:title\" content=\"Delfos, o juiz or\u00e1culo (por Contente)\" \/>\n<meta property=\"og:description\" content=\"Por Carlos Contente\" \/>\n<meta property=\"og:url\" content=\"https:\/\/www.pressenza.com\/pt-pt\/2014\/07\/delfos-o-juiz-oraculo-por-contente\/\" \/>\n<meta property=\"og:site_name\" content=\"Pressenza\" \/>\n<meta property=\"article:publisher\" content=\"https:\/\/www.facebook.com\/PressenzaItalia\" \/>\n<meta property=\"article:author\" content=\"http:\/\/facebook.com\/paulogenovese\" \/>\n<meta property=\"article:published_time\" content=\"2014-07-21T22:23:44+00:00\" \/>\n<meta property=\"article:modified_time\" content=\"2014-07-21T22:26:57+00:00\" \/>\n<meta property=\"og:image\" content=\"https:\/\/www.pressenza.com\/wp-content\/uploads\/2014\/07\/juiz-oraculo.jpg\" \/>\n\t<meta property=\"og:image:width\" content=\"600\" \/>\n\t<meta property=\"og:image:height\" content=\"394\" \/>\n\t<meta property=\"og:image:type\" content=\"image\/jpeg\" \/>\n<meta name=\"author\" content=\"Paulo Genovese\" \/>\n<meta name=\"twitter:card\" content=\"summary_large_image\" \/>\n<meta name=\"twitter:creator\" content=\"@PauloGenovese\" \/>\n<meta name=\"twitter:site\" content=\"@PressenzaIPA\" \/>\n<meta name=\"twitter:label1\" content=\"Escrito por\" \/>\n\t<meta name=\"twitter:data1\" content=\"Paulo Genovese\" \/>\n<script type=\"application\/ld+json\" class=\"yoast-schema-graph\">{\"@context\":\"https:\/\/schema.org\",\"@graph\":[{\"@type\":\"Article\",\"@id\":\"https:\/\/www.pressenza.com\/pt-pt\/2014\/07\/delfos-o-juiz-oraculo-por-contente\/#article\",\"isPartOf\":{\"@id\":\"https:\/\/www.pressenza.com\/pt-pt\/2014\/07\/delfos-o-juiz-oraculo-por-contente\/\"},\"author\":{\"name\":\"Paulo Genovese\",\"@id\":\"https:\/\/www.pressenza.com\/pt-pt\/#\/schema\/person\/9b1b30d75e1ac5659f00987d946356b3\"},\"headline\":\"Delfos, o juiz or\u00e1culo (por Contente)\",\"datePublished\":\"2014-07-21T22:23:44+00:00\",\"dateModified\":\"2014-07-21T22:26:57+00:00\",\"mainEntityOfPage\":{\"@id\":\"https:\/\/www.pressenza.com\/pt-pt\/2014\/07\/delfos-o-juiz-oraculo-por-contente\/\"},\"wordCount\":16,\"publisher\":{\"@id\":\"https:\/\/www.pressenza.com\/pt-pt\/#organization\"},\"image\":{\"@id\":\"https:\/\/www.pressenza.com\/pt-pt\/2014\/07\/delfos-o-juiz-oraculo-por-contente\/#primaryimage\"},\"thumbnailUrl\":\"https:\/\/www.pressenza.com\/wp-content\/uploads\/2014\/07\/juiz-oraculo.jpg\",\"keywords\":[\"criminalizacao movimentos sociais\",\"justi\u00e7a\"],\"articleSection\":[\"Conte\u00fado Original\",\"Cultura e M\u00eddia\",\"Internacional\"],\"inLanguage\":\"pt-PT\"},{\"@type\":\"WebPage\",\"@id\":\"https:\/\/www.pressenza.com\/pt-pt\/2014\/07\/delfos-o-juiz-oraculo-por-contente\/\",\"url\":\"https:\/\/www.pressenza.com\/pt-pt\/2014\/07\/delfos-o-juiz-oraculo-por-contente\/\",\"name\":\"Delfos, o juiz or\u00e1culo (por Contente)\",\"isPartOf\":{\"@id\":\"https:\/\/www.pressenza.com\/pt-pt\/#website\"},\"primaryImageOfPage\":{\"@id\":\"https:\/\/www.pressenza.com\/pt-pt\/2014\/07\/delfos-o-juiz-oraculo-por-contente\/#primaryimage\"},\"image\":{\"@id\":\"https:\/\/www.pressenza.com\/pt-pt\/2014\/07\/delfos-o-juiz-oraculo-por-contente\/#primaryimage\"},\"thumbnailUrl\":\"https:\/\/www.pressenza.com\/wp-content\/uploads\/2014\/07\/juiz-oraculo.jpg\",\"datePublished\":\"2014-07-21T22:23:44+00:00\",\"dateModified\":\"2014-07-21T22:26:57+00:00\",\"description\":\"Por Carlos Contente\",\"breadcrumb\":{\"@id\":\"https:\/\/www.pressenza.com\/pt-pt\/2014\/07\/delfos-o-juiz-oraculo-por-contente\/#breadcrumb\"},\"inLanguage\":\"pt-PT\",\"potentialAction\":[{\"@type\":\"ReadAction\",\"target\":[\"https:\/\/www.pressenza.com\/pt-pt\/2014\/07\/delfos-o-juiz-oraculo-por-contente\/\"]}]},{\"@type\":\"ImageObject\",\"inLanguage\":\"pt-PT\",\"@id\":\"https:\/\/www.pressenza.com\/pt-pt\/2014\/07\/delfos-o-juiz-oraculo-por-contente\/#primaryimage\",\"url\":\"https:\/\/www.pressenza.com\/wp-content\/uploads\/2014\/07\/juiz-oraculo.jpg\",\"contentUrl\":\"https:\/\/www.pressenza.com\/wp-content\/uploads\/2014\/07\/juiz-oraculo.jpg\",\"width\":600,\"height\":394},{\"@type\":\"BreadcrumbList\",\"@id\":\"https:\/\/www.pressenza.com\/pt-pt\/2014\/07\/delfos-o-juiz-oraculo-por-contente\/#breadcrumb\",\"itemListElement\":[{\"@type\":\"ListItem\",\"position\":1,\"name\":\"Accueil\",\"item\":\"https:\/\/www.pressenza.com\/pt-pt\/\"},{\"@type\":\"ListItem\",\"position\":2,\"name\":\"Delfos, o juiz or\u00e1culo (por Contente)\"}]},{\"@type\":\"WebSite\",\"@id\":\"https:\/\/www.pressenza.com\/pt-pt\/#website\",\"url\":\"https:\/\/www.pressenza.com\/pt-pt\/\",\"name\":\"Pressenza\",\"description\":\"International Press Agency\",\"publisher\":{\"@id\":\"https:\/\/www.pressenza.com\/pt-pt\/#organization\"},\"potentialAction\":[{\"@type\":\"SearchAction\",\"target\":{\"@type\":\"EntryPoint\",\"urlTemplate\":\"https:\/\/www.pressenza.com\/pt-pt\/?s={search_term_string}\"},\"query-input\":{\"@type\":\"PropertyValueSpecification\",\"valueRequired\":true,\"valueName\":\"search_term_string\"}}],\"inLanguage\":\"pt-PT\"},{\"@type\":\"Organization\",\"@id\":\"https:\/\/www.pressenza.com\/pt-pt\/#organization\",\"name\":\"Pressenza\",\"url\":\"https:\/\/www.pressenza.com\/pt-pt\/\",\"logo\":{\"@type\":\"ImageObject\",\"inLanguage\":\"pt-PT\",\"@id\":\"https:\/\/www.pressenza.com\/pt-pt\/#\/schema\/logo\/image\/\",\"url\":\"https:\/\/www.pressenza.com\/wp-content\/uploads\/2022\/10\/pressenza_logo_200x200.jpg\",\"contentUrl\":\"https:\/\/www.pressenza.com\/wp-content\/uploads\/2022\/10\/pressenza_logo_200x200.jpg\",\"width\":200,\"height\":200,\"caption\":\"Pressenza\"},\"image\":{\"@id\":\"https:\/\/www.pressenza.com\/pt-pt\/#\/schema\/logo\/image\/\"},\"sameAs\":[\"https:\/\/www.facebook.com\/PressenzaItalia\",\"https:\/\/x.com\/PressenzaIPA\"]},{\"@type\":\"Person\",\"@id\":\"https:\/\/www.pressenza.com\/pt-pt\/#\/schema\/person\/9b1b30d75e1ac5659f00987d946356b3\",\"name\":\"Paulo Genovese\",\"description\":\"Pressenza editor in Portuguese. Member of the Humanist Movement and the Centre of Studies of the Park of Study and Reflection, Caucaia, Brazil\",\"sameAs\":[\"http:\/\/facebook.com\/paulogenovese\",\"https:\/\/x.com\/PauloGenovese\"],\"url\":\"https:\/\/www.pressenza.com\/pt-pt\/author\/paulo-genovese\/\"}]}<\/script>\n<!-- \/ Yoast SEO plugin. -->","yoast_head_json":{"title":"Delfos, o juiz or\u00e1culo (por Contente)","description":"Por Carlos Contente","robots":{"index":"index","follow":"follow","max-snippet":"max-snippet:-1","max-image-preview":"max-image-preview:large","max-video-preview":"max-video-preview:-1"},"canonical":"https:\/\/www.pressenza.com\/pt-pt\/2014\/07\/delfos-o-juiz-oraculo-por-contente\/","og_locale":"pt_PT","og_type":"article","og_title":"Delfos, o juiz or\u00e1culo (por Contente)","og_description":"Por Carlos Contente","og_url":"https:\/\/www.pressenza.com\/pt-pt\/2014\/07\/delfos-o-juiz-oraculo-por-contente\/","og_site_name":"Pressenza","article_publisher":"https:\/\/www.facebook.com\/PressenzaItalia","article_author":"http:\/\/facebook.com\/paulogenovese","article_published_time":"2014-07-21T22:23:44+00:00","article_modified_time":"2014-07-21T22:26:57+00:00","og_image":[{"width":600,"height":394,"url":"https:\/\/www.pressenza.com\/wp-content\/uploads\/2014\/07\/juiz-oraculo.jpg","type":"image\/jpeg"}],"author":"Paulo Genovese","twitter_card":"summary_large_image","twitter_creator":"@PauloGenovese","twitter_site":"@PressenzaIPA","twitter_misc":{"Escrito por":"Paulo Genovese"},"schema":{"@context":"https:\/\/schema.org","@graph":[{"@type":"Article","@id":"https:\/\/www.pressenza.com\/pt-pt\/2014\/07\/delfos-o-juiz-oraculo-por-contente\/#article","isPartOf":{"@id":"https:\/\/www.pressenza.com\/pt-pt\/2014\/07\/delfos-o-juiz-oraculo-por-contente\/"},"author":{"name":"Paulo Genovese","@id":"https:\/\/www.pressenza.com\/pt-pt\/#\/schema\/person\/9b1b30d75e1ac5659f00987d946356b3"},"headline":"Delfos, o juiz or\u00e1culo (por Contente)","datePublished":"2014-07-21T22:23:44+00:00","dateModified":"2014-07-21T22:26:57+00:00","mainEntityOfPage":{"@id":"https:\/\/www.pressenza.com\/pt-pt\/2014\/07\/delfos-o-juiz-oraculo-por-contente\/"},"wordCount":16,"publisher":{"@id":"https:\/\/www.pressenza.com\/pt-pt\/#organization"},"image":{"@id":"https:\/\/www.pressenza.com\/pt-pt\/2014\/07\/delfos-o-juiz-oraculo-por-contente\/#primaryimage"},"thumbnailUrl":"https:\/\/www.pressenza.com\/wp-content\/uploads\/2014\/07\/juiz-oraculo.jpg","keywords":["criminalizacao movimentos sociais","justi\u00e7a"],"articleSection":["Conte\u00fado Original","Cultura e M\u00eddia","Internacional"],"inLanguage":"pt-PT"},{"@type":"WebPage","@id":"https:\/\/www.pressenza.com\/pt-pt\/2014\/07\/delfos-o-juiz-oraculo-por-contente\/","url":"https:\/\/www.pressenza.com\/pt-pt\/2014\/07\/delfos-o-juiz-oraculo-por-contente\/","name":"Delfos, o juiz or\u00e1culo (por Contente)","isPartOf":{"@id":"https:\/\/www.pressenza.com\/pt-pt\/#website"},"primaryImageOfPage":{"@id":"https:\/\/www.pressenza.com\/pt-pt\/2014\/07\/delfos-o-juiz-oraculo-por-contente\/#primaryimage"},"image":{"@id":"https:\/\/www.pressenza.com\/pt-pt\/2014\/07\/delfos-o-juiz-oraculo-por-contente\/#primaryimage"},"thumbnailUrl":"https:\/\/www.pressenza.com\/wp-content\/uploads\/2014\/07\/juiz-oraculo.jpg","datePublished":"2014-07-21T22:23:44+00:00","dateModified":"2014-07-21T22:26:57+00:00","description":"Por Carlos Contente","breadcrumb":{"@id":"https:\/\/www.pressenza.com\/pt-pt\/2014\/07\/delfos-o-juiz-oraculo-por-contente\/#breadcrumb"},"inLanguage":"pt-PT","potentialAction":[{"@type":"ReadAction","target":["https:\/\/www.pressenza.com\/pt-pt\/2014\/07\/delfos-o-juiz-oraculo-por-contente\/"]}]},{"@type":"ImageObject","inLanguage":"pt-PT","@id":"https:\/\/www.pressenza.com\/pt-pt\/2014\/07\/delfos-o-juiz-oraculo-por-contente\/#primaryimage","url":"https:\/\/www.pressenza.com\/wp-content\/uploads\/2014\/07\/juiz-oraculo.jpg","contentUrl":"https:\/\/www.pressenza.com\/wp-content\/uploads\/2014\/07\/juiz-oraculo.jpg","width":600,"height":394},{"@type":"BreadcrumbList","@id":"https:\/\/www.pressenza.com\/pt-pt\/2014\/07\/delfos-o-juiz-oraculo-por-contente\/#breadcrumb","itemListElement":[{"@type":"ListItem","position":1,"name":"Accueil","item":"https:\/\/www.pressenza.com\/pt-pt\/"},{"@type":"ListItem","position":2,"name":"Delfos, o juiz or\u00e1culo (por Contente)"}]},{"@type":"WebSite","@id":"https:\/\/www.pressenza.com\/pt-pt\/#website","url":"https:\/\/www.pressenza.com\/pt-pt\/","name":"Pressenza","description":"International Press Agency","publisher":{"@id":"https:\/\/www.pressenza.com\/pt-pt\/#organization"},"potentialAction":[{"@type":"SearchAction","target":{"@type":"EntryPoint","urlTemplate":"https:\/\/www.pressenza.com\/pt-pt\/?s={search_term_string}"},"query-input":{"@type":"PropertyValueSpecification","valueRequired":true,"valueName":"search_term_string"}}],"inLanguage":"pt-PT"},{"@type":"Organization","@id":"https:\/\/www.pressenza.com\/pt-pt\/#organization","name":"Pressenza","url":"https:\/\/www.pressenza.com\/pt-pt\/","logo":{"@type":"ImageObject","inLanguage":"pt-PT","@id":"https:\/\/www.pressenza.com\/pt-pt\/#\/schema\/logo\/image\/","url":"https:\/\/www.pressenza.com\/wp-content\/uploads\/2022\/10\/pressenza_logo_200x200.jpg","contentUrl":"https:\/\/www.pressenza.com\/wp-content\/uploads\/2022\/10\/pressenza_logo_200x200.jpg","width":200,"height":200,"caption":"Pressenza"},"image":{"@id":"https:\/\/www.pressenza.com\/pt-pt\/#\/schema\/logo\/image\/"},"sameAs":["https:\/\/www.facebook.com\/PressenzaItalia","https:\/\/x.com\/PressenzaIPA"]},{"@type":"Person","@id":"https:\/\/www.pressenza.com\/pt-pt\/#\/schema\/person\/9b1b30d75e1ac5659f00987d946356b3","name":"Paulo Genovese","description":"Pressenza editor in Portuguese. Member of the Humanist Movement and the Centre of Studies of the Park of Study and Reflection, Caucaia, Brazil","sameAs":["http:\/\/facebook.com\/paulogenovese","https:\/\/x.com\/PauloGenovese"],"url":"https:\/\/www.pressenza.com\/pt-pt\/author\/paulo-genovese\/"}]}},"place":"","original_article_url":"","_links":{"self":[{"href":"https:\/\/www.pressenza.com\/pt-pt\/wp-json\/wp\/v2\/posts\/120788","targetHints":{"allow":["GET"]}}],"collection":[{"href":"https:\/\/www.pressenza.com\/pt-pt\/wp-json\/wp\/v2\/posts"}],"about":[{"href":"https:\/\/www.pressenza.com\/pt-pt\/wp-json\/wp\/v2\/types\/post"}],"author":[{"embeddable":true,"href":"https:\/\/www.pressenza.com\/pt-pt\/wp-json\/wp\/v2\/users\/823"}],"replies":[{"embeddable":true,"href":"https:\/\/www.pressenza.com\/pt-pt\/wp-json\/wp\/v2\/comments?post=120788"}],"version-history":[{"count":0,"href":"https:\/\/www.pressenza.com\/pt-pt\/wp-json\/wp\/v2\/posts\/120788\/revisions"}],"wp:featuredmedia":[{"embeddable":true,"href":"https:\/\/www.pressenza.com\/pt-pt\/wp-json\/wp\/v2\/media\/120808"}],"wp:attachment":[{"href":"https:\/\/www.pressenza.com\/pt-pt\/wp-json\/wp\/v2\/media?parent=120788"}],"wp:term":[{"taxonomy":"category","embeddable":true,"href":"https:\/\/www.pressenza.com\/pt-pt\/wp-json\/wp\/v2\/categories?post=120788"},{"taxonomy":"post_tag","embeddable":true,"href":"https:\/\/www.pressenza.com\/pt-pt\/wp-json\/wp\/v2\/tags?post=120788"}],"curies":[{"name":"wp","href":"https:\/\/api.w.org\/{rel}","templated":true}]}}